{"id":204404,"date":"2018-03-23T16:10:47","date_gmt":"2018-03-23T15:10:47","guid":{"rendered":"https:\/\/sandzakpress.net\/arhiva\/?p=204404"},"modified":"2018-03-23T14:59:58","modified_gmt":"2018-03-23T13:59:58","slug":"skupstina-srbije-imenovala-zamjenike-tuzioca-razrijesen-predsjednik-suda-gojgic","status":"publish","type":"post","link":"https:\/\/sandzakpress.net\/arhiva\/skupstina-srbije-imenovala-zamjenike-tuzioca-razrijesen-predsjednik-suda-gojgic\/","title":{"rendered":"Skup\u0161tina Srbije imenovala zamjenike tu\u017eioca, razrije\u0161en predsjednik suda Gojgi\u0107"},"content":{"rendered":"<p><img decoding=\"async\" src=\"http:\/\/www.sandzacke.rs\/wp-content\/uploads\/2018\/03\/bacicanin-bakic-696x469.jpg\" \/><\/p>\n<p><strong>Skup\u0161tina Srbije izabrala je Adnana Ba\u0107i\u0107anina i Samira Baki\u0107a za zamjenike u Osnovnom javnom tu\u017eila\u0161tvu u Novom Pazaru i donijela odluku o prestanku mandata predsjedniku Osnovnog suda u ovom gradu \u0110or\u0111u Gojgi\u0107u.<\/strong><\/p>\n<p>Sekretara Vi\u0161eg javnog tu\u017eila\u0161tva u Novom Pazaru Adnana Ba\u0107i\u0107anina i tu\u017eila\u010dkog pomo\u0107nika u Osnovnom tu\u017eila\u0161tvu Samira Baki\u0107a na nove funkcije predlo\u017eilo je Dr\u017eavno vije\u0107e tu\u017eilaca nakon sprovedenog konkursa, a njihov izbor potvrdila je i Skup\u0161tina Srbije.<\/p>\n<p>Ba\u0107i\u0107anin je zavr\u0161io Pravni fakultet u Novom Sadu, a pravosudni ispit polo\u017eio je 2010. godine. Radio je kao pripravnik u Okru\u017enom tu\u017eila\u0161tvu u Novom Pazaru, a kao tu\u017eila\u010dki pomo\u0107nik u Vi\u0161em tu\u017eila\u0161tvu, u kojem je obavljao i funkciju sekretara.<\/p>\n<p>U dosada\u0161njoj karijeri objavio je desetak stru\u010dnih i nau\u010dnih radova.<\/p>\n<p>Baki\u0107 je zavr\u0161io Pravni fakultet u Beogradu 2002. godine, a pravosudni ispit polo\u017eio je \u010detiri godine kasnije. Radio je u Op\u0161tinskom tu\u017eila\u0161tvu u Tutinu kao pripravnik i pomo\u0107nik, a kasnije kao pomo\u0107nik u Osnovnom tu\u017eila\u0161tvu u Novom Pazaru.<\/p>\n<p>Narodni poslanici usvojili su i Odluku Odbora za pravosu\u0111e, dr\u017eavnu upravu i lokalnu samoupravu o prestanku funkcije predsjednika Osnovnog suda u Novom Pazaru \u0110or\u0111u Gojgi\u0107u.<\/p>\n<p>On je u oktobru pro\u0161le godine izabran za sudiju Apelacionog suda u Ni\u0161u.<\/p>\n<p>Konkurs za izbor predsjednika Osnovnog suda u Novom Pazaru je u toku, a za tu funkciju se prijavilo \u010detvoro kandidata.<\/p>\n<p>Nakon ocenjivanja stru\u010dne komisije Visokog savjeta sud.<\/p>\n<p>(Saznajemo)<\/p>\n","protected":false},"excerpt":{"rendered":"<p>Skup\u0161tina Srbije izabrala je Adnana Ba\u0107i\u0107anina i Samira Baki\u0107a za zamjenike u Osnovnom javnom tu\u017eila\u0161tvu u Novom Pazaru i donijela odluku o prestanku mandata predsjedniku Osnovnog suda u ovom gradu \u0110or\u0111u Gojgi\u0107u. Sekretara Vi\u0161eg javnog tu\u017eila\u0161tva u Novom Pazaru Adnana Ba\u0107i\u0107anina i tu\u017eila\u010dkog pomo\u0107nika u Osnovnom tu\u017eila\u0161tvu Samira Baki\u0107a na nove funkcije predlo\u017eilo je Dr\u017eavno [&hellip;]<\/p>\n","protected":false},"author":509,"featured_media":204426,"comment_status":"open","ping_status":"open","sticky":false,"template":"","format":"standard","meta":{"footnotes":""},"categories":[72,5,10429],"tags":[],"class_list":{"0":"post-204404","1":"post","2":"type-post","3":"status-publish","4":"format-standard","5":"has-post-thumbnail","7":"category-novi-pazar","8":"category-drustvo","9":"category-vazno"},"yoast_head":"<!-- This site is optimized with the Yoast SEO Premium plugin v23.1 (Yoast SEO v24.9) - https:\/\/yoast.com\/wordpress\/plugins\/seo\/ -->\n<title>Skup\u0161tina Srbije imenovala zamjenike tu\u017eioca, razrije\u0161en predsjednik suda Gojgi\u0107<\/title>\n<meta name=\"robots\" content=\"index, follow, max-snippet:-1, max-image-preview:large, max-video-preview:-1\" \/>\n<link rel=\"canonical\" href=\"https:\/\/sandzakpress.net\/arhiva\/skupstina-srbije-imenovala-zamjenike-tuzioca-razrijesen-predsjednik-suda-gojgic\/\" \/>\n<meta property=\"og:locale\" content=\"bs_BA\" \/>\n<meta property=\"og:type\" content=\"article\" \/>\n<meta property=\"og:title\" content=\"Skup\u0161tina Srbije imenovala zamjenike tu\u017eioca, razrije\u0161en predsjednik suda Gojgi\u0107\" \/>\n<meta property=\"og:description\" content=\"Skup\u0161tina Srbije izabrala je Adnana Ba\u0107i\u0107anina i Samira Baki\u0107a za zamjenike u Osnovnom javnom tu\u017eila\u0161tvu u Novom Pazaru i donijela odluku o prestanku mandata predsjedniku Osnovnog suda u ovom gradu \u0110or\u0111u Gojgi\u0107u. Sekretara Vi\u0161eg javnog tu\u017eila\u0161tva u Novom Pazaru Adnana Ba\u0107i\u0107anina i tu\u017eila\u010dkog pomo\u0107nika u Osnovnom tu\u017eila\u0161tvu Samira Baki\u0107a na nove funkcije predlo\u017eilo je Dr\u017eavno [&hellip;]\" \/>\n<meta property=\"og:url\" content=\"https:\/\/sandzakpress.net\/arhiva\/skupstina-srbije-imenovala-zamjenike-tuzioca-razrijesen-predsjednik-suda-gojgic\/\" \/>\n<meta property=\"og:site_name\" content=\"Sand\u017eak PRESS\" \/>\n<meta property=\"article:published_time\" content=\"2018-03-23T15:10:47+00:00\" \/>\n<meta property=\"og:image\" content=\"https:\/\/sandzakpress.net\/arhiva\/wp-content\/uploads\/2018\/03\/bacicanin-bakic-696x469.jpg\" \/>\n\t<meta property=\"og:image:width\" content=\"696\" \/>\n\t<meta property=\"og:image:height\" content=\"469\" \/>\n\t<meta property=\"og:image:type\" content=\"image\/jpeg\" \/>\n<meta name=\"author\" content=\"Agencija\" \/>\n<meta name=\"twitter:card\" content=\"summary_large_image\" \/>\n<meta name=\"twitter:label1\" content=\"Written by\" \/>\n\t<meta name=\"twitter:data1\" content=\"Agencija\" \/>\n\t<meta name=\"twitter:label2\" content=\"Est. reading time\" \/>\n\t<meta name=\"twitter:data2\" content=\"1 minuta\" \/>\n<script type=\"application\/ld+json\" class=\"yoast-schema-graph\">{\"@context\":\"https:\/\/schema.org\",\"@graph\":[{\"@type\":\"Article\",\"@id\":\"https:\/\/sandzakpress.net\/arhiva\/skupstina-srbije-imenovala-zamjenike-tuzioca-razrijesen-predsjednik-suda-gojgic\/#article\",\"isPartOf\":{\"@id\":\"https:\/\/sandzakpress.net\/arhiva\/skupstina-srbije-imenovala-zamjenike-tuzioca-razrijesen-predsjednik-suda-gojgic\/\"},\"author\":{\"name\":\"Agencija\",\"@id\":\"https:\/\/sandzakpress.net\/arhiva\/#\/schema\/person\/cb59d7e3ab91ab90dd680ad0305a6185\"},\"headline\":\"Skup\u0161tina Srbije imenovala zamjenike tu\u017eioca, razrije\u0161en predsjednik suda Gojgi\u0107\",\"datePublished\":\"2018-03-23T15:10:47+00:00\",\"mainEntityOfPage\":{\"@id\":\"https:\/\/sandzakpress.net\/arhiva\/skupstina-srbije-imenovala-zamjenike-tuzioca-razrijesen-predsjednik-suda-gojgic\/\"},\"wordCount\":287,\"commentCount\":0,\"publisher\":{\"@id\":\"https:\/\/sandzakpress.net\/arhiva\/#\/schema\/person\/6e72b67d6e51910a1117b3b483ba20bd\"},\"image\":{\"@id\":\"https:\/\/sandzakpress.net\/arhiva\/skupstina-srbije-imenovala-zamjenike-tuzioca-razrijesen-predsjednik-suda-gojgic\/#primaryimage\"},\"thumbnailUrl\":\"https:\/\/sandzakpress.net\/arhiva\/wp-content\/uploads\/2018\/03\/bacicanin-bakic-696x469.jpg\",\"articleSection\":[\"Novi Pazar\",\"Dru\u0161tvo\",\"VA\u017dNO!\"],\"inLanguage\":\"bs-BA\",\"potentialAction\":[{\"@type\":\"CommentAction\",\"name\":\"Comment\",\"target\":[\"https:\/\/sandzakpress.net\/arhiva\/skupstina-srbije-imenovala-zamjenike-tuzioca-razrijesen-predsjednik-suda-gojgic\/#respond\"]}]},{\"@type\":\"WebPage\",\"@id\":\"https:\/\/sandzakpress.net\/arhiva\/skupstina-srbije-imenovala-zamjenike-tuzioca-razrijesen-predsjednik-suda-gojgic\/\",\"url\":\"https:\/\/sandzakpress.net\/arhiva\/skupstina-srbije-imenovala-zamjenike-tuzioca-razrijesen-predsjednik-suda-gojgic\/\",\"name\":\"Skup\u0161tina Srbije imenovala zamjenike tu\u017eioca, razrije\u0161en predsjednik suda Gojgi\u0107\",\"isPartOf\":{\"@id\":\"https:\/\/sandzakpress.net\/arhiva\/#website\"},\"primaryImageOfPage\":{\"@id\":\"https:\/\/sandzakpress.net\/arhiva\/skupstina-srbije-imenovala-zamjenike-tuzioca-razrijesen-predsjednik-suda-gojgic\/#primaryimage\"},\"image\":{\"@id\":\"https:\/\/sandzakpress.net\/arhiva\/skupstina-srbije-imenovala-zamjenike-tuzioca-razrijesen-predsjednik-suda-gojgic\/#primaryimage\"},\"thumbnailUrl\":\"https:\/\/sandzakpress.net\/arhiva\/wp-content\/uploads\/2018\/03\/bacicanin-bakic-696x469.jpg\",\"datePublished\":\"2018-03-23T15:10:47+00:00\",\"breadcrumb\":{\"@id\":\"https:\/\/sandzakpress.net\/arhiva\/skupstina-srbije-imenovala-zamjenike-tuzioca-razrijesen-predsjednik-suda-gojgic\/#breadcrumb\"},\"inLanguage\":\"bs-BA\",\"potentialAction\":[{\"@type\":\"ReadAction\",\"target\":[\"https:\/\/sandzakpress.net\/arhiva\/skupstina-srbije-imenovala-zamjenike-tuzioca-razrijesen-predsjednik-suda-gojgic\/\"]}]},{\"@type\":\"ImageObject\",\"inLanguage\":\"bs-BA\",\"@id\":\"https:\/\/sandzakpress.net\/arhiva\/skupstina-srbije-imenovala-zamjenike-tuzioca-razrijesen-predsjednik-suda-gojgic\/#primaryimage\",\"url\":\"https:\/\/sandzakpress.net\/arhiva\/wp-content\/uploads\/2018\/03\/bacicanin-bakic-696x469.jpg\",\"contentUrl\":\"https:\/\/sandzakpress.net\/arhiva\/wp-content\/uploads\/2018\/03\/bacicanin-bakic-696x469.jpg\",\"width\":696,\"height\":469},{\"@type\":\"BreadcrumbList\",\"@id\":\"https:\/\/sandzakpress.net\/arhiva\/skupstina-srbije-imenovala-zamjenike-tuzioca-razrijesen-predsjednik-suda-gojgic\/#breadcrumb\",\"itemListElement\":[{\"@type\":\"ListItem\",\"position\":1,\"name\":\"Home\",\"item\":\"https:\/\/sandzakpress.net\/arhiva\/\"},{\"@type\":\"ListItem\",\"position\":2,\"name\":\"Skup\u0161tina Srbije imenovala zamjenike tu\u017eioca, razrije\u0161en predsjednik suda Gojgi\u0107\"}]},{\"@type\":\"WebSite\",\"@id\":\"https:\/\/sandzakpress.net\/arhiva\/#website\",\"url\":\"https:\/\/sandzakpress.net\/arhiva\/\",\"name\":\"Sand\u017eak PRESS\",\"description\":\"Prve elektronske novine u Sand\u017eaku\",\"publisher\":{\"@id\":\"https:\/\/sandzakpress.net\/arhiva\/#\/schema\/person\/6e72b67d6e51910a1117b3b483ba20bd\"},\"potentialAction\":[{\"@type\":\"SearchAction\",\"target\":{\"@type\":\"EntryPoint\",\"urlTemplate\":\"https:\/\/sandzakpress.net\/arhiva\/?s={search_term_string}\"},\"query-input\":{\"@type\":\"PropertyValueSpecification\",\"valueRequired\":true,\"valueName\":\"search_term_string\"}}],\"inLanguage\":\"bs-BA\"},{\"@type\":[\"Person\",\"Organization\"],\"@id\":\"https:\/\/sandzakpress.net\/arhiva\/#\/schema\/person\/6e72b67d6e51910a1117b3b483ba20bd\",\"name\":\"Kul\",\"image\":{\"@type\":\"ImageObject\",\"inLanguage\":\"bs-BA\",\"@id\":\"https:\/\/sandzakpress.net\/arhiva\/#\/schema\/person\/image\/\",\"url\":\"https:\/\/secure.gravatar.com\/avatar\/42263f39aa27ac04c43cab85c280eb2e?s=96&d=mm&r=pg\",\"contentUrl\":\"https:\/\/secure.gravatar.com\/avatar\/42263f39aa27ac04c43cab85c280eb2e?s=96&d=mm&r=pg\",\"caption\":\"Kul\"},\"logo\":{\"@id\":\"https:\/\/sandzakpress.net\/arhiva\/#\/schema\/person\/image\/\"}},{\"@type\":\"Person\",\"@id\":\"https:\/\/sandzakpress.net\/arhiva\/#\/schema\/person\/cb59d7e3ab91ab90dd680ad0305a6185\",\"name\":\"Agencija\",\"image\":{\"@type\":\"ImageObject\",\"inLanguage\":\"bs-BA\",\"@id\":\"https:\/\/sandzakpress.net\/arhiva\/#\/schema\/person\/image\/\",\"url\":\"https:\/\/secure.gravatar.com\/avatar\/4b7fafa80a22f0c2afe23966b3961fe0?s=96&d=mm&r=pg\",\"contentUrl\":\"https:\/\/secure.gravatar.com\/avatar\/4b7fafa80a22f0c2afe23966b3961fe0?s=96&d=mm&r=pg\",\"caption\":\"Agencija\"},\"url\":\"https:\/\/sandzakpress.net\/arhiva\/author\/agencija\/\"}]}<\/script>\n<!-- \/ Yoast SEO Premium plugin. -->","yoast_head_json":{"title":"Skup\u0161tina Srbije imenovala zamjenike tu\u017eioca, razrije\u0161en predsjednik suda Gojgi\u0107","robots":{"index":"index","follow":"follow","max-snippet":"max-snippet:-1","max-image-preview":"max-image-preview:large","max-video-preview":"max-video-preview:-1"},"canonical":"https:\/\/sandzakpress.net\/arhiva\/skupstina-srbije-imenovala-zamjenike-tuzioca-razrijesen-predsjednik-suda-gojgic\/","og_locale":"bs_BA","og_type":"article","og_title":"Skup\u0161tina Srbije imenovala zamjenike tu\u017eioca, razrije\u0161en predsjednik suda Gojgi\u0107","og_description":"Skup\u0161tina Srbije izabrala je Adnana Ba\u0107i\u0107anina i Samira Baki\u0107a za zamjenike u Osnovnom javnom tu\u017eila\u0161tvu u Novom Pazaru i donijela odluku o prestanku mandata predsjedniku Osnovnog suda u ovom gradu \u0110or\u0111u Gojgi\u0107u. Sekretara Vi\u0161eg javnog tu\u017eila\u0161tva u Novom Pazaru Adnana Ba\u0107i\u0107anina i tu\u017eila\u010dkog pomo\u0107nika u Osnovnom tu\u017eila\u0161tvu Samira Baki\u0107a na nove funkcije predlo\u017eilo je Dr\u017eavno [&hellip;]","og_url":"https:\/\/sandzakpress.net\/arhiva\/skupstina-srbije-imenovala-zamjenike-tuzioca-razrijesen-predsjednik-suda-gojgic\/","og_site_name":"Sand\u017eak PRESS","article_published_time":"2018-03-23T15:10:47+00:00","og_image":[{"width":696,"height":469,"url":"https:\/\/sandzakpress.net\/arhiva\/wp-content\/uploads\/2018\/03\/bacicanin-bakic-696x469.jpg","type":"image\/jpeg"}],"author":"Agencija","twitter_card":"summary_large_image","twitter_misc":{"Written by":"Agencija","Est. reading time":"1 minuta"},"schema":{"@context":"https:\/\/schema.org","@graph":[{"@type":"Article","@id":"https:\/\/sandzakpress.net\/arhiva\/skupstina-srbije-imenovala-zamjenike-tuzioca-razrijesen-predsjednik-suda-gojgic\/#article","isPartOf":{"@id":"https:\/\/sandzakpress.net\/arhiva\/skupstina-srbije-imenovala-zamjenike-tuzioca-razrijesen-predsjednik-suda-gojgic\/"},"author":{"name":"Agencija","@id":"https:\/\/sandzakpress.net\/arhiva\/#\/schema\/person\/cb59d7e3ab91ab90dd680ad0305a6185"},"headline":"Skup\u0161tina Srbije imenovala zamjenike tu\u017eioca, razrije\u0161en predsjednik suda Gojgi\u0107","datePublished":"2018-03-23T15:10:47+00:00","mainEntityOfPage":{"@id":"https:\/\/sandzakpress.net\/arhiva\/skupstina-srbije-imenovala-zamjenike-tuzioca-razrijesen-predsjednik-suda-gojgic\/"},"wordCount":287,"commentCount":0,"publisher":{"@id":"https:\/\/sandzakpress.net\/arhiva\/#\/schema\/person\/6e72b67d6e51910a1117b3b483ba20bd"},"image":{"@id":"https:\/\/sandzakpress.net\/arhiva\/skupstina-srbije-imenovala-zamjenike-tuzioca-razrijesen-predsjednik-suda-gojgic\/#primaryimage"},"thumbnailUrl":"https:\/\/sandzakpress.net\/arhiva\/wp-content\/uploads\/2018\/03\/bacicanin-bakic-696x469.jpg","articleSection":["Novi Pazar","Dru\u0161tvo","VA\u017dNO!"],"inLanguage":"bs-BA","potentialAction":[{"@type":"CommentAction","name":"Comment","target":["https:\/\/sandzakpress.net\/arhiva\/skupstina-srbije-imenovala-zamjenike-tuzioca-razrijesen-predsjednik-suda-gojgic\/#respond"]}]},{"@type":"WebPage","@id":"https:\/\/sandzakpress.net\/arhiva\/skupstina-srbije-imenovala-zamjenike-tuzioca-razrijesen-predsjednik-suda-gojgic\/","url":"https:\/\/sandzakpress.net\/arhiva\/skupstina-srbije-imenovala-zamjenike-tuzioca-razrijesen-predsjednik-suda-gojgic\/","name":"Skup\u0161tina Srbije imenovala zamjenike tu\u017eioca, razrije\u0161en predsjednik suda Gojgi\u0107","isPartOf":{"@id":"https:\/\/sandzakpress.net\/arhiva\/#website"},"primaryImageOfPage":{"@id":"https:\/\/sandzakpress.net\/arhiva\/skupstina-srbije-imenovala-zamjenike-tuzioca-razrijesen-predsjednik-suda-gojgic\/#primaryimage"},"image":{"@id":"https:\/\/sandzakpress.net\/arhiva\/skupstina-srbije-imenovala-zamjenike-tuzioca-razrijesen-predsjednik-suda-gojgic\/#primaryimage"},"thumbnailUrl":"https:\/\/sandzakpress.net\/arhiva\/wp-content\/uploads\/2018\/03\/bacicanin-bakic-696x469.jpg","datePublished":"2018-03-23T15:10:47+00:00","breadcrumb":{"@id":"https:\/\/sandzakpress.net\/arhiva\/skupstina-srbije-imenovala-zamjenike-tuzioca-razrijesen-predsjednik-suda-gojgic\/#breadcrumb"},"inLanguage":"bs-BA","potentialAction":[{"@type":"ReadAction","target":["https:\/\/sandzakpress.net\/arhiva\/skupstina-srbije-imenovala-zamjenike-tuzioca-razrijesen-predsjednik-suda-gojgic\/"]}]},{"@type":"ImageObject","inLanguage":"bs-BA","@id":"https:\/\/sandzakpress.net\/arhiva\/skupstina-srbije-imenovala-zamjenike-tuzioca-razrijesen-predsjednik-suda-gojgic\/#primaryimage","url":"https:\/\/sandzakpress.net\/arhiva\/wp-content\/uploads\/2018\/03\/bacicanin-bakic-696x469.jpg","contentUrl":"https:\/\/sandzakpress.net\/arhiva\/wp-content\/uploads\/2018\/03\/bacicanin-bakic-696x469.jpg","width":696,"height":469},{"@type":"BreadcrumbList","@id":"https:\/\/sandzakpress.net\/arhiva\/skupstina-srbije-imenovala-zamjenike-tuzioca-razrijesen-predsjednik-suda-gojgic\/#breadcrumb","itemListElement":[{"@type":"ListItem","position":1,"name":"Home","item":"https:\/\/sandzakpress.net\/arhiva\/"},{"@type":"ListItem","position":2,"name":"Skup\u0161tina Srbije imenovala zamjenike tu\u017eioca, razrije\u0161en predsjednik suda Gojgi\u0107"}]},{"@type":"WebSite","@id":"https:\/\/sandzakpress.net\/arhiva\/#website","url":"https:\/\/sandzakpress.net\/arhiva\/","name":"Sand\u017eak PRESS","description":"Prve elektronske novine u Sand\u017eaku","publisher":{"@id":"https:\/\/sandzakpress.net\/arhiva\/#\/schema\/person\/6e72b67d6e51910a1117b3b483ba20bd"},"potentialAction":[{"@type":"SearchAction","target":{"@type":"EntryPoint","urlTemplate":"https:\/\/sandzakpress.net\/arhiva\/?s={search_term_string}"},"query-input":{"@type":"PropertyValueSpecification","valueRequired":true,"valueName":"search_term_string"}}],"inLanguage":"bs-BA"},{"@type":["Person","Organization"],"@id":"https:\/\/sandzakpress.net\/arhiva\/#\/schema\/person\/6e72b67d6e51910a1117b3b483ba20bd","name":"Kul","image":{"@type":"ImageObject","inLanguage":"bs-BA","@id":"https:\/\/sandzakpress.net\/arhiva\/#\/schema\/person\/image\/","url":"https:\/\/secure.gravatar.com\/avatar\/42263f39aa27ac04c43cab85c280eb2e?s=96&d=mm&r=pg","contentUrl":"https:\/\/secure.gravatar.com\/avatar\/42263f39aa27ac04c43cab85c280eb2e?s=96&d=mm&r=pg","caption":"Kul"},"logo":{"@id":"https:\/\/sandzakpress.net\/arhiva\/#\/schema\/person\/image\/"}},{"@type":"Person","@id":"https:\/\/sandzakpress.net\/arhiva\/#\/schema\/person\/cb59d7e3ab91ab90dd680ad0305a6185","name":"Agencija","image":{"@type":"ImageObject","inLanguage":"bs-BA","@id":"https:\/\/sandzakpress.net\/arhiva\/#\/schema\/person\/image\/","url":"https:\/\/secure.gravatar.com\/avatar\/4b7fafa80a22f0c2afe23966b3961fe0?s=96&d=mm&r=pg","contentUrl":"https:\/\/secure.gravatar.com\/avatar\/4b7fafa80a22f0c2afe23966b3961fe0?s=96&d=mm&r=pg","caption":"Agencija"},"url":"https:\/\/sandzakpress.net\/arhiva\/author\/agencija\/"}]}},"_links":{"self":[{"href":"https:\/\/sandzakpress.net\/arhiva\/wp-json\/wp\/v2\/posts\/204404"}],"collection":[{"href":"https:\/\/sandzakpress.net\/arhiva\/wp-json\/wp\/v2\/posts"}],"about":[{"href":"https:\/\/sandzakpress.net\/arhiva\/wp-json\/wp\/v2\/types\/post"}],"author":[{"embeddable":true,"href":"https:\/\/sandzakpress.net\/arhiva\/wp-json\/wp\/v2\/users\/509"}],"replies":[{"embeddable":true,"href":"https:\/\/sandzakpress.net\/arhiva\/wp-json\/wp\/v2\/comments?post=204404"}],"version-history":[{"count":0,"href":"https:\/\/sandzakpress.net\/arhiva\/wp-json\/wp\/v2\/posts\/204404\/revisions"}],"wp:featuredmedia":[{"embeddable":true,"href":"https:\/\/sandzakpress.net\/arhiva\/wp-json\/wp\/v2\/media\/204426"}],"wp:attachment":[{"href":"https:\/\/sandzakpress.net\/arhiva\/wp-json\/wp\/v2\/media?parent=204404"}],"wp:term":[{"taxonomy":"category","embeddable":true,"href":"https:\/\/sandzakpress.net\/arhiva\/wp-json\/wp\/v2\/categories?post=204404"},{"taxonomy":"post_tag","embeddable":true,"href":"https:\/\/sandzakpress.net\/arhiva\/wp-json\/wp\/v2\/tags?post=204404"}],"curies":[{"name":"wp","href":"https:\/\/api.w.org\/{rel}","templated":true}]}}