{"id":204285,"date":"2018-03-21T13:20:01","date_gmt":"2018-03-21T12:20:01","guid":{"rendered":"https:\/\/sandzakpress.net\/arhiva\/?p=204285"},"modified":"2018-03-21T21:36:29","modified_gmt":"2018-03-21T20:36:29","slug":"kalac-povezati-sandzak-sa-obije-strane","status":"publish","type":"post","link":"https:\/\/sandzakpress.net\/arhiva\/kalac-povezati-sandzak-sa-obije-strane\/","title":{"rendered":"Kala\u010d: Povezati Sand\u017eak sa obje strane"},"content":{"rendered":"<p><img loading=\"lazy\" decoding=\"async\" class=\"alignnone size-full wp-image-204299\" src=\"https:\/\/sandzakpress.net\/arhiva\/wp-content\/uploads\/2018\/03\/viber-image-6.jpg\" alt=\"\" width=\"1280\" height=\"720\" srcset=\"https:\/\/sandzakpress.net\/arhiva\/wp-content\/uploads\/2018\/03\/viber-image-6.jpg 1280w, https:\/\/sandzakpress.net\/arhiva\/wp-content\/uploads\/2018\/03\/viber-image-6-768x432.jpg 768w, https:\/\/sandzakpress.net\/arhiva\/wp-content\/uploads\/2018\/03\/viber-image-6-616x347.jpg 616w\" sizes=\"(max-width: 1280px) 100vw, 1280px\" \/><\/p>\n<p><strong>Kandidat za predsjednik Crne Gore ispred stranke pravde i pomirenja Hazbija Kala\u010d bio je gost <\/strong><strong>emisije \u201ePretres\u201c gdje je govorio o u\u010de\u0161\u0107u, izborima, Sand\u017eaku i jednakosti svih naroda. Prenosimo dio intervjua.<\/strong><\/p>\n<p>Hazbija Kala\u010d, predsjednik Stranke pravde i pomirenja u Crnoj Gori je kazao:<em>\u201c<strong>Privr\u017eenosti Crnoj Gori, \u010dinjenicom da ako mislite da ste privr\u017eeni i podr\u017eavate jedino Crnogorce, to je na\u0161 jad i bijeda, nerazumijevanje, nedostojanstvo. Za\u0161to neko mora dokazivati lojalnost Crnoj Gori na na\u010din da \u0107e podr\u017eati kandidata iz najja\u010de politi\u010dke strukture ili je iz najbrojnijeg naroda. Mislim da je tu veliki problem, na\u0161i ljudi moraju ve\u0107 jednom shvatiti da Crna Gora nije Srpska, Bo\u0161nja\u010dka, Albanska, Crnogorska, ve\u0107 je to dr\u017eava svih naroda.<\/strong>\u201c<\/em><\/p>\n<div class=\"youtube-embed\" data-video_id=\"2fxQhYdjwms\"><iframe loading=\"lazy\" title=\"PRETRES - gost: Hazbija Kala\u010d, kandidat za predsjednika Crne Gore\" width=\"696\" height=\"522\" src=\"https:\/\/www.youtube.com\/embed\/2fxQhYdjwms?feature=oembed&#038;enablejsapi=1\" frameborder=\"0\" allow=\"accelerometer; autoplay; encrypted-media; gyroscope; picture-in-picture\" allowfullscreen><\/iframe><\/div>\n<p>Kala\u010d naglasio da nema ni\u0161ta sporno u tome \u0161to \u017eeli povezati Sand\u017eak sa obje strane.<\/p>\n<p><em><strong>\u201eTo \u0161to ja \u017eelim da se Sand\u017eak pove\u017ee sa obje strane to nije antidr\u017eavni atak na Crnu Goru. Gra\u0111ane u inostranstvu ubje\u0111uju da je to problemati\u010dno i da se ne smije \u010diniti. Mi moramo te strahove osloboditi od na\u0161e dr\u017eave, jer se tu radi o neznanju. \u017dao mi je \u0161to tako ne razumiju procese.\u201c<\/strong><\/em><\/p>\n<p>Hazbija Kala\u010d prvi je predao listu za kandidaturu za koju je predvi\u0111eno oko 8000 potpisa podr\u0161ke. Predsjedni\u010dki izbori odr\u017eat \u0107e se 15. aprila i tre\u0107i su od sticanja nezavisnosti Crne Gore.<\/p>\n","protected":false},"excerpt":{"rendered":"<p>Kandidat za predsjednik Crne Gore ispred stranke pravde i pomirenja Hazbija Kala\u010d bio je gost emisije \u201ePretres\u201c gdje je govorio o u\u010de\u0161\u0107u, izborima, Sand\u017eaku i jednakosti svih naroda. Prenosimo dio intervjua. Hazbija Kala\u010d, predsjednik Stranke pravde i pomirenja u Crnoj Gori je kazao:\u201cPrivr\u017eenosti Crnoj Gori, \u010dinjenicom da ako mislite da ste privr\u017eeni i podr\u017eavate jedino [&hellip;]<\/p>\n","protected":false},"author":509,"featured_media":204299,"comment_status":"open","ping_status":"open","sticky":false,"template":"","format":"standard","meta":{"footnotes":""},"categories":[72,398,1,397,10174,396,395,399,10173,8957],"tags":[],"class_list":{"0":"post-204285","1":"post","2":"type-post","3":"status-publish","4":"format-standard","5":"has-post-thumbnail","7":"category-novi-pazar","8":"category-rozaje","9":"category-politika","10":"category-berane","11":"category-petnjica-vase-vijesti","12":"category-bijelo_polje","13":"category-pljevlja_","14":"category-plav_","15":"category-gusinje-vase-vijesti","16":"category-vijesti-dana"},"yoast_head":"<!-- This site is optimized with the Yoast SEO Premium plugin v23.1 (Yoast SEO v24.9) - https:\/\/yoast.com\/wordpress\/plugins\/seo\/ -->\n<title>Kala\u010d: Povezati Sand\u017eak sa obje strane<\/title>\n<meta name=\"robots\" content=\"index, follow, max-snippet:-1, max-image-preview:large, max-video-preview:-1\" \/>\n<link rel=\"canonical\" href=\"https:\/\/sandzakpress.net\/arhiva\/kalac-povezati-sandzak-sa-obije-strane\/\" \/>\n<meta property=\"og:locale\" content=\"bs_BA\" \/>\n<meta property=\"og:type\" content=\"article\" \/>\n<meta property=\"og:title\" content=\"Kala\u010d: Povezati Sand\u017eak sa obje strane\" \/>\n<meta property=\"og:description\" content=\"Kandidat za predsjednik Crne Gore ispred stranke pravde i pomirenja Hazbija Kala\u010d bio je gost emisije \u201ePretres\u201c gdje je govorio o u\u010de\u0161\u0107u, izborima, Sand\u017eaku i jednakosti svih naroda. Prenosimo dio intervjua. Hazbija Kala\u010d, predsjednik Stranke pravde i pomirenja u Crnoj Gori je kazao:\u201cPrivr\u017eenosti Crnoj Gori, \u010dinjenicom da ako mislite da ste privr\u017eeni i podr\u017eavate jedino [&hellip;]\" \/>\n<meta property=\"og:url\" content=\"https:\/\/sandzakpress.net\/arhiva\/kalac-povezati-sandzak-sa-obije-strane\/\" \/>\n<meta property=\"og:site_name\" content=\"Sand\u017eak PRESS\" \/>\n<meta property=\"article:published_time\" content=\"2018-03-21T12:20:01+00:00\" \/>\n<meta property=\"article:modified_time\" content=\"2018-03-21T20:36:29+00:00\" \/>\n<meta property=\"og:image\" content=\"https:\/\/sandzakpress.net\/arhiva\/wp-content\/uploads\/2018\/03\/viber-image-6.jpg\" \/>\n\t<meta property=\"og:image:width\" content=\"1280\" \/>\n\t<meta property=\"og:image:height\" content=\"720\" \/>\n\t<meta property=\"og:image:type\" content=\"image\/jpeg\" \/>\n<meta name=\"author\" content=\"Agencija\" \/>\n<meta name=\"twitter:card\" content=\"summary_large_image\" \/>\n<meta name=\"twitter:label1\" content=\"Written by\" \/>\n\t<meta name=\"twitter:data1\" content=\"Agencija\" \/>\n\t<meta name=\"twitter:label2\" content=\"Est. reading time\" \/>\n\t<meta name=\"twitter:data2\" content=\"1 minuta\" \/>\n<script type=\"application\/ld+json\" class=\"yoast-schema-graph\">{\"@context\":\"https:\/\/schema.org\",\"@graph\":[{\"@type\":\"Article\",\"@id\":\"https:\/\/sandzakpress.net\/arhiva\/kalac-povezati-sandzak-sa-obije-strane\/#article\",\"isPartOf\":{\"@id\":\"https:\/\/sandzakpress.net\/arhiva\/kalac-povezati-sandzak-sa-obije-strane\/\"},\"author\":{\"name\":\"Agencija\",\"@id\":\"https:\/\/sandzakpress.net\/arhiva\/#\/schema\/person\/cb59d7e3ab91ab90dd680ad0305a6185\"},\"headline\":\"Kala\u010d: Povezati Sand\u017eak sa obje strane\",\"datePublished\":\"2018-03-21T12:20:01+00:00\",\"dateModified\":\"2018-03-21T20:36:29+00:00\",\"mainEntityOfPage\":{\"@id\":\"https:\/\/sandzakpress.net\/arhiva\/kalac-povezati-sandzak-sa-obije-strane\/\"},\"wordCount\":255,\"commentCount\":2,\"publisher\":{\"@id\":\"https:\/\/sandzakpress.net\/arhiva\/#\/schema\/person\/6e72b67d6e51910a1117b3b483ba20bd\"},\"image\":{\"@id\":\"https:\/\/sandzakpress.net\/arhiva\/kalac-povezati-sandzak-sa-obije-strane\/#primaryimage\"},\"thumbnailUrl\":\"https:\/\/sandzakpress.net\/arhiva\/wp-content\/uploads\/2018\/03\/viber-image-6.jpg\",\"articleSection\":[\"Novi Pazar\",\"Ro\u017eaje\",\"Politika\",\"Berane\",\"Petnjica\",\"Bijelo Polje\",\"Pljevlja\",\"Plav\",\"Gusinje\",\"VIJESTI DANA\"],\"inLanguage\":\"bs-BA\",\"potentialAction\":[{\"@type\":\"CommentAction\",\"name\":\"Comment\",\"target\":[\"https:\/\/sandzakpress.net\/arhiva\/kalac-povezati-sandzak-sa-obije-strane\/#respond\"]}]},{\"@type\":\"WebPage\",\"@id\":\"https:\/\/sandzakpress.net\/arhiva\/kalac-povezati-sandzak-sa-obije-strane\/\",\"url\":\"https:\/\/sandzakpress.net\/arhiva\/kalac-povezati-sandzak-sa-obije-strane\/\",\"name\":\"Kala\u010d: Povezati Sand\u017eak sa obje strane\",\"isPartOf\":{\"@id\":\"https:\/\/sandzakpress.net\/arhiva\/#website\"},\"primaryImageOfPage\":{\"@id\":\"https:\/\/sandzakpress.net\/arhiva\/kalac-povezati-sandzak-sa-obije-strane\/#primaryimage\"},\"image\":{\"@id\":\"https:\/\/sandzakpress.net\/arhiva\/kalac-povezati-sandzak-sa-obije-strane\/#primaryimage\"},\"thumbnailUrl\":\"https:\/\/sandzakpress.net\/arhiva\/wp-content\/uploads\/2018\/03\/viber-image-6.jpg\",\"datePublished\":\"2018-03-21T12:20:01+00:00\",\"dateModified\":\"2018-03-21T20:36:29+00:00\",\"breadcrumb\":{\"@id\":\"https:\/\/sandzakpress.net\/arhiva\/kalac-povezati-sandzak-sa-obije-strane\/#breadcrumb\"},\"inLanguage\":\"bs-BA\",\"potentialAction\":[{\"@type\":\"ReadAction\",\"target\":[\"https:\/\/sandzakpress.net\/arhiva\/kalac-povezati-sandzak-sa-obije-strane\/\"]}]},{\"@type\":\"ImageObject\",\"inLanguage\":\"bs-BA\",\"@id\":\"https:\/\/sandzakpress.net\/arhiva\/kalac-povezati-sandzak-sa-obije-strane\/#primaryimage\",\"url\":\"https:\/\/sandzakpress.net\/arhiva\/wp-content\/uploads\/2018\/03\/viber-image-6.jpg\",\"contentUrl\":\"https:\/\/sandzakpress.net\/arhiva\/wp-content\/uploads\/2018\/03\/viber-image-6.jpg\",\"width\":1280,\"height\":720},{\"@type\":\"BreadcrumbList\",\"@id\":\"https:\/\/sandzakpress.net\/arhiva\/kalac-povezati-sandzak-sa-obije-strane\/#breadcrumb\",\"itemListElement\":[{\"@type\":\"ListItem\",\"position\":1,\"name\":\"Home\",\"item\":\"https:\/\/sandzakpress.net\/arhiva\/\"},{\"@type\":\"ListItem\",\"position\":2,\"name\":\"Kala\u010d: Povezati Sand\u017eak sa obje strane\"}]},{\"@type\":\"WebSite\",\"@id\":\"https:\/\/sandzakpress.net\/arhiva\/#website\",\"url\":\"https:\/\/sandzakpress.net\/arhiva\/\",\"name\":\"Sand\u017eak PRESS\",\"description\":\"Prve elektronske novine u Sand\u017eaku\",\"publisher\":{\"@id\":\"https:\/\/sandzakpress.net\/arhiva\/#\/schema\/person\/6e72b67d6e51910a1117b3b483ba20bd\"},\"potentialAction\":[{\"@type\":\"SearchAction\",\"target\":{\"@type\":\"EntryPoint\",\"urlTemplate\":\"https:\/\/sandzakpress.net\/arhiva\/?s={search_term_string}\"},\"query-input\":{\"@type\":\"PropertyValueSpecification\",\"valueRequired\":true,\"valueName\":\"search_term_string\"}}],\"inLanguage\":\"bs-BA\"},{\"@type\":[\"Person\",\"Organization\"],\"@id\":\"https:\/\/sandzakpress.net\/arhiva\/#\/schema\/person\/6e72b67d6e51910a1117b3b483ba20bd\",\"name\":\"Kul\",\"image\":{\"@type\":\"ImageObject\",\"inLanguage\":\"bs-BA\",\"@id\":\"https:\/\/sandzakpress.net\/arhiva\/#\/schema\/person\/image\/\",\"url\":\"https:\/\/secure.gravatar.com\/avatar\/42263f39aa27ac04c43cab85c280eb2e?s=96&d=mm&r=pg\",\"contentUrl\":\"https:\/\/secure.gravatar.com\/avatar\/42263f39aa27ac04c43cab85c280eb2e?s=96&d=mm&r=pg\",\"caption\":\"Kul\"},\"logo\":{\"@id\":\"https:\/\/sandzakpress.net\/arhiva\/#\/schema\/person\/image\/\"}},{\"@type\":\"Person\",\"@id\":\"https:\/\/sandzakpress.net\/arhiva\/#\/schema\/person\/cb59d7e3ab91ab90dd680ad0305a6185\",\"name\":\"Agencija\",\"image\":{\"@type\":\"ImageObject\",\"inLanguage\":\"bs-BA\",\"@id\":\"https:\/\/sandzakpress.net\/arhiva\/#\/schema\/person\/image\/\",\"url\":\"https:\/\/secure.gravatar.com\/avatar\/4b7fafa80a22f0c2afe23966b3961fe0?s=96&d=mm&r=pg\",\"contentUrl\":\"https:\/\/secure.gravatar.com\/avatar\/4b7fafa80a22f0c2afe23966b3961fe0?s=96&d=mm&r=pg\",\"caption\":\"Agencija\"},\"url\":\"https:\/\/sandzakpress.net\/arhiva\/author\/agencija\/\"}]}<\/script>\n<!-- \/ Yoast SEO Premium plugin. -->","yoast_head_json":{"title":"Kala\u010d: Povezati Sand\u017eak sa obje strane","robots":{"index":"index","follow":"follow","max-snippet":"max-snippet:-1","max-image-preview":"max-image-preview:large","max-video-preview":"max-video-preview:-1"},"canonical":"https:\/\/sandzakpress.net\/arhiva\/kalac-povezati-sandzak-sa-obije-strane\/","og_locale":"bs_BA","og_type":"article","og_title":"Kala\u010d: Povezati Sand\u017eak sa obje strane","og_description":"Kandidat za predsjednik Crne Gore ispred stranke pravde i pomirenja Hazbija Kala\u010d bio je gost emisije \u201ePretres\u201c gdje je govorio o u\u010de\u0161\u0107u, izborima, Sand\u017eaku i jednakosti svih naroda. Prenosimo dio intervjua. Hazbija Kala\u010d, predsjednik Stranke pravde i pomirenja u Crnoj Gori je kazao:\u201cPrivr\u017eenosti Crnoj Gori, \u010dinjenicom da ako mislite da ste privr\u017eeni i podr\u017eavate jedino [&hellip;]","og_url":"https:\/\/sandzakpress.net\/arhiva\/kalac-povezati-sandzak-sa-obije-strane\/","og_site_name":"Sand\u017eak PRESS","article_published_time":"2018-03-21T12:20:01+00:00","article_modified_time":"2018-03-21T20:36:29+00:00","og_image":[{"width":1280,"height":720,"url":"https:\/\/sandzakpress.net\/arhiva\/wp-content\/uploads\/2018\/03\/viber-image-6.jpg","type":"image\/jpeg"}],"author":"Agencija","twitter_card":"summary_large_image","twitter_misc":{"Written by":"Agencija","Est. reading time":"1 minuta"},"schema":{"@context":"https:\/\/schema.org","@graph":[{"@type":"Article","@id":"https:\/\/sandzakpress.net\/arhiva\/kalac-povezati-sandzak-sa-obije-strane\/#article","isPartOf":{"@id":"https:\/\/sandzakpress.net\/arhiva\/kalac-povezati-sandzak-sa-obije-strane\/"},"author":{"name":"Agencija","@id":"https:\/\/sandzakpress.net\/arhiva\/#\/schema\/person\/cb59d7e3ab91ab90dd680ad0305a6185"},"headline":"Kala\u010d: Povezati Sand\u017eak sa obje strane","datePublished":"2018-03-21T12:20:01+00:00","dateModified":"2018-03-21T20:36:29+00:00","mainEntityOfPage":{"@id":"https:\/\/sandzakpress.net\/arhiva\/kalac-povezati-sandzak-sa-obije-strane\/"},"wordCount":255,"commentCount":2,"publisher":{"@id":"https:\/\/sandzakpress.net\/arhiva\/#\/schema\/person\/6e72b67d6e51910a1117b3b483ba20bd"},"image":{"@id":"https:\/\/sandzakpress.net\/arhiva\/kalac-povezati-sandzak-sa-obije-strane\/#primaryimage"},"thumbnailUrl":"https:\/\/sandzakpress.net\/arhiva\/wp-content\/uploads\/2018\/03\/viber-image-6.jpg","articleSection":["Novi Pazar","Ro\u017eaje","Politika","Berane","Petnjica","Bijelo Polje","Pljevlja","Plav","Gusinje","VIJESTI DANA"],"inLanguage":"bs-BA","potentialAction":[{"@type":"CommentAction","name":"Comment","target":["https:\/\/sandzakpress.net\/arhiva\/kalac-povezati-sandzak-sa-obije-strane\/#respond"]}]},{"@type":"WebPage","@id":"https:\/\/sandzakpress.net\/arhiva\/kalac-povezati-sandzak-sa-obije-strane\/","url":"https:\/\/sandzakpress.net\/arhiva\/kalac-povezati-sandzak-sa-obije-strane\/","name":"Kala\u010d: Povezati Sand\u017eak sa obje strane","isPartOf":{"@id":"https:\/\/sandzakpress.net\/arhiva\/#website"},"primaryImageOfPage":{"@id":"https:\/\/sandzakpress.net\/arhiva\/kalac-povezati-sandzak-sa-obije-strane\/#primaryimage"},"image":{"@id":"https:\/\/sandzakpress.net\/arhiva\/kalac-povezati-sandzak-sa-obije-strane\/#primaryimage"},"thumbnailUrl":"https:\/\/sandzakpress.net\/arhiva\/wp-content\/uploads\/2018\/03\/viber-image-6.jpg","datePublished":"2018-03-21T12:20:01+00:00","dateModified":"2018-03-21T20:36:29+00:00","breadcrumb":{"@id":"https:\/\/sandzakpress.net\/arhiva\/kalac-povezati-sandzak-sa-obije-strane\/#breadcrumb"},"inLanguage":"bs-BA","potentialAction":[{"@type":"ReadAction","target":["https:\/\/sandzakpress.net\/arhiva\/kalac-povezati-sandzak-sa-obije-strane\/"]}]},{"@type":"ImageObject","inLanguage":"bs-BA","@id":"https:\/\/sandzakpress.net\/arhiva\/kalac-povezati-sandzak-sa-obije-strane\/#primaryimage","url":"https:\/\/sandzakpress.net\/arhiva\/wp-content\/uploads\/2018\/03\/viber-image-6.jpg","contentUrl":"https:\/\/sandzakpress.net\/arhiva\/wp-content\/uploads\/2018\/03\/viber-image-6.jpg","width":1280,"height":720},{"@type":"BreadcrumbList","@id":"https:\/\/sandzakpress.net\/arhiva\/kalac-povezati-sandzak-sa-obije-strane\/#breadcrumb","itemListElement":[{"@type":"ListItem","position":1,"name":"Home","item":"https:\/\/sandzakpress.net\/arhiva\/"},{"@type":"ListItem","position":2,"name":"Kala\u010d: Povezati Sand\u017eak sa obje strane"}]},{"@type":"WebSite","@id":"https:\/\/sandzakpress.net\/arhiva\/#website","url":"https:\/\/sandzakpress.net\/arhiva\/","name":"Sand\u017eak PRESS","description":"Prve elektronske novine u Sand\u017eaku","publisher":{"@id":"https:\/\/sandzakpress.net\/arhiva\/#\/schema\/person\/6e72b67d6e51910a1117b3b483ba20bd"},"potentialAction":[{"@type":"SearchAction","target":{"@type":"EntryPoint","urlTemplate":"https:\/\/sandzakpress.net\/arhiva\/?s={search_term_string}"},"query-input":{"@type":"PropertyValueSpecification","valueRequired":true,"valueName":"search_term_string"}}],"inLanguage":"bs-BA"},{"@type":["Person","Organization"],"@id":"https:\/\/sandzakpress.net\/arhiva\/#\/schema\/person\/6e72b67d6e51910a1117b3b483ba20bd","name":"Kul","image":{"@type":"ImageObject","inLanguage":"bs-BA","@id":"https:\/\/sandzakpress.net\/arhiva\/#\/schema\/person\/image\/","url":"https:\/\/secure.gravatar.com\/avatar\/42263f39aa27ac04c43cab85c280eb2e?s=96&d=mm&r=pg","contentUrl":"https:\/\/secure.gravatar.com\/avatar\/42263f39aa27ac04c43cab85c280eb2e?s=96&d=mm&r=pg","caption":"Kul"},"logo":{"@id":"https:\/\/sandzakpress.net\/arhiva\/#\/schema\/person\/image\/"}},{"@type":"Person","@id":"https:\/\/sandzakpress.net\/arhiva\/#\/schema\/person\/cb59d7e3ab91ab90dd680ad0305a6185","name":"Agencija","image":{"@type":"ImageObject","inLanguage":"bs-BA","@id":"https:\/\/sandzakpress.net\/arhiva\/#\/schema\/person\/image\/","url":"https:\/\/secure.gravatar.com\/avatar\/4b7fafa80a22f0c2afe23966b3961fe0?s=96&d=mm&r=pg","contentUrl":"https:\/\/secure.gravatar.com\/avatar\/4b7fafa80a22f0c2afe23966b3961fe0?s=96&d=mm&r=pg","caption":"Agencija"},"url":"https:\/\/sandzakpress.net\/arhiva\/author\/agencija\/"}]}},"_links":{"self":[{"href":"https:\/\/sandzakpress.net\/arhiva\/wp-json\/wp\/v2\/posts\/204285"}],"collection":[{"href":"https:\/\/sandzakpress.net\/arhiva\/wp-json\/wp\/v2\/posts"}],"about":[{"href":"https:\/\/sandzakpress.net\/arhiva\/wp-json\/wp\/v2\/types\/post"}],"author":[{"embeddable":true,"href":"https:\/\/sandzakpress.net\/arhiva\/wp-json\/wp\/v2\/users\/509"}],"replies":[{"embeddable":true,"href":"https:\/\/sandzakpress.net\/arhiva\/wp-json\/wp\/v2\/comments?post=204285"}],"version-history":[{"count":0,"href":"https:\/\/sandzakpress.net\/arhiva\/wp-json\/wp\/v2\/posts\/204285\/revisions"}],"wp:featuredmedia":[{"embeddable":true,"href":"https:\/\/sandzakpress.net\/arhiva\/wp-json\/wp\/v2\/media\/204299"}],"wp:attachment":[{"href":"https:\/\/sandzakpress.net\/arhiva\/wp-json\/wp\/v2\/media?parent=204285"}],"wp:term":[{"taxonomy":"category","embeddable":true,"href":"https:\/\/sandzakpress.net\/arhiva\/wp-json\/wp\/v2\/categories?post=204285"},{"taxonomy":"post_tag","embeddable":true,"href":"https:\/\/sandzakpress.net\/arhiva\/wp-json\/wp\/v2\/tags?post=204285"}],"curies":[{"name":"wp","href":"https:\/\/api.w.org\/{rel}","templated":true}]}}