{"id":204126,"date":"2018-03-19T11:58:50","date_gmt":"2018-03-19T10:58:50","guid":{"rendered":"https:\/\/sandzakpress.net\/arhiva\/?p=204126"},"modified":"2018-03-19T11:58:50","modified_gmt":"2018-03-19T10:58:50","slug":"aerodrom-u-centru-grada-iz-sandzackog-gradica-letjelo-se-za-beograd-i-ljubljanu","status":"publish","type":"post","link":"https:\/\/sandzakpress.net\/arhiva\/aerodrom-u-centru-grada-iz-sandzackog-gradica-letjelo-se-za-beograd-i-ljubljanu\/","title":{"rendered":"Aerodrom u centru grada: Iz sand\u017ea\u010dkog gradi\u0107a letjelo se za Beograd i Ljubljanu"},"content":{"rendered":"<p><img decoding=\"async\" class=\"aligncenter\" src=\"http:\/\/www.sandzacke.rs\/wp-content\/uploads\/2018\/03\/aerodrom-berane-696x469.jpg\" \/><\/p>\n<p><strong>Prije ne\u0161to vi\u0161e od mjesec dana objavljena je tu\u017ena vijest da je 36-godi\u0161nji Davor Baki\u0107 poginuo kao pje\u0161ak kada je na njega, na pisti aerodroma Berane, naletio automobil Golf \u201cdvojka\u201d.<\/strong><\/p>\n<p>Uz ovaj tragi\u010dni doga\u0111aj objavljena je i slika mjesta incidenta koja je javnost upoznala s malo poznatim podatkom \u2013 da u Beranama, malom gradu u crnogorskom dijelu Sand\u017eaka, postoji aerodrom s asfaltnom pistom.<\/p>\n<p>Danas je aerodrom napu\u0161ten, ali je zanimljiva historija ovog objekta, pokazatelj da je u gradi\u0107u koji nikad nije imao vi\u0161e od 12 hiljada stanovnika bilo mogu\u0107e organizirati zahtjevni avionski saobra\u0107aj.<\/p>\n<p>Za one koji ne znaju: U periodu od 1949. do 1992. godine, Berane su nosile naziv Ivangrad, i upravo u tom periodu aerodrom je pro\u017eivio zlatno doba.<\/p>\n<p>Aerodrom Berane otvoren je jo\u0161 1935. godine da bi u narednih \u010detvrt stolje\u0107a uglavnom kori\u0161ten kao vojni objekt.<\/p>\n<p><img loading=\"lazy\" decoding=\"async\" class=\"alignnone size-full wp-image-9013 td-animation-stack-type0-2\" src=\"http:\/\/www.sandzacke.rs\/wp-content\/uploads\/2018\/03\/aerodrom-ivangrad.jpg\" sizes=\"(max-width: 800px) 100vw, 800px\" srcset=\"http:\/\/www.sandzacke.rs\/wp-content\/uploads\/2018\/03\/aerodrom-ivangrad.jpg 800w, http:\/\/www.sandzacke.rs\/wp-content\/uploads\/2018\/03\/aerodrom-ivangrad-300x202.jpg 300w, http:\/\/www.sandzacke.rs\/wp-content\/uploads\/2018\/03\/aerodrom-ivangrad-768x517.jpg 768w, http:\/\/www.sandzacke.rs\/wp-content\/uploads\/2018\/03\/aerodrom-ivangrad-696x469.jpg 696w, http:\/\/www.sandzacke.rs\/wp-content\/uploads\/2018\/03\/aerodrom-ivangrad-623x420.jpg 623w\" alt=\"\" width=\"800\" height=\"539\" \/><\/p>\n<p>Historija civilne avijacije po\u010dinje 21. jula 1961. otvaranjem JAT-ove linije Beograd-Ivangrad koju su koristili turisti pri dolasku na planinu Bjelasicu. S manjim prekidima, do 1971. godine u Ivangrad su slijetali avioni Douglas DC-3 kojima je bila dovoljna i zemljana pista.<\/p>\n<p>Nakon rekonstrukcije i asfaltiranja piste u du\u017eini od 1900 metara, aerodrom je ponovo otvoren 5. maja 1975. godine, kada je zagreba\u010dka kompanija Pan Adria obnovila liniju Beograd-Ivangrad, ovaj put modernijim avionom Fokker F227B. Pan Adria je ubrzo propala, a ivangardski aerodrom ostaje bez redovne linije.<\/p>\n<p>Posljednji poku\u0161aj o\u017eivljavanja civilnog avionskog saobra\u0107aja iz Ivangrada desio se po\u010detkom \u201880-ih godina pro\u0161log stolje\u0107a. Slovenska kompanija Inex-Adria Aviopromet (dana\u0161nja Adria Airways) obavila je vi\u0161e promotivnih letova iz Ivangrada za Beograd i Ljubljanu u tada najmodernijem turboelisnom avionu Dash 7, ali do otvaranja redovne linije nije do\u0161lo.<\/p>\n<p>Vlasti u Podgorici godinama najavljuju stavljanje u funkciju beranskog aerodroma, \u0161pekulira se da bi nakon ulaska Crne Gore u NATO pakt aerodrom trebao ponovo dobiti vojnu namjenu, ali jo\u0161 nema konkretnih poteza. A asfaltirana pista i ru\u0161evna aerodromska zgrada slu\u017ee kao podsje\u0107anje na neka pro\u0161la vremena\u2026<\/p>\n<p>(Radio Sarajevo)<\/p>\n","protected":false},"excerpt":{"rendered":"<p>Prije ne\u0161to vi\u0161e od mjesec dana objavljena je tu\u017ena vijest da je 36-godi\u0161nji Davor Baki\u0107 poginuo kao pje\u0161ak kada je na njega, na pisti aerodroma Berane, naletio automobil Golf \u201cdvojka\u201d. Uz ovaj tragi\u010dni doga\u0111aj objavljena je i slika mjesta incidenta koja je javnost upoznala s malo poznatim podatkom \u2013 da u Beranama, malom gradu u [&hellip;]<\/p>\n","protected":false},"author":509,"featured_media":204152,"comment_status":"open","ping_status":"open","sticky":false,"template":"","format":"standard","meta":{"footnotes":""},"categories":[397,3,8957],"tags":[],"class_list":{"0":"post-204126","1":"post","2":"type-post","3":"status-publish","4":"format-standard","5":"has-post-thumbnail","7":"category-berane","8":"category-privreda","9":"category-vijesti-dana"},"yoast_head":"<!-- This site is optimized with the Yoast SEO Premium plugin v23.1 (Yoast SEO v24.9) - https:\/\/yoast.com\/wordpress\/plugins\/seo\/ -->\n<title>Aerodrom u centru grada: Iz sand\u017ea\u010dkog gradi\u0107a letjelo se za Beograd i Ljubljanu<\/title>\n<meta name=\"robots\" content=\"index, follow, max-snippet:-1, max-image-preview:large, max-video-preview:-1\" \/>\n<link rel=\"canonical\" href=\"https:\/\/sandzakpress.net\/arhiva\/aerodrom-u-centru-grada-iz-sandzackog-gradica-letjelo-se-za-beograd-i-ljubljanu\/\" \/>\n<meta property=\"og:locale\" content=\"bs_BA\" \/>\n<meta property=\"og:type\" content=\"article\" \/>\n<meta property=\"og:title\" content=\"Aerodrom u centru grada: Iz sand\u017ea\u010dkog gradi\u0107a letjelo se za Beograd i Ljubljanu\" \/>\n<meta property=\"og:description\" content=\"Prije ne\u0161to vi\u0161e od mjesec dana objavljena je tu\u017ena vijest da je 36-godi\u0161nji Davor Baki\u0107 poginuo kao pje\u0161ak kada je na njega, na pisti aerodroma Berane, naletio automobil Golf \u201cdvojka\u201d. Uz ovaj tragi\u010dni doga\u0111aj objavljena je i slika mjesta incidenta koja je javnost upoznala s malo poznatim podatkom \u2013 da u Beranama, malom gradu u [&hellip;]\" \/>\n<meta property=\"og:url\" content=\"https:\/\/sandzakpress.net\/arhiva\/aerodrom-u-centru-grada-iz-sandzackog-gradica-letjelo-se-za-beograd-i-ljubljanu\/\" \/>\n<meta property=\"og:site_name\" content=\"Sand\u017eak PRESS\" \/>\n<meta property=\"article:published_time\" content=\"2018-03-19T10:58:50+00:00\" \/>\n<meta property=\"og:image\" content=\"https:\/\/sandzakpress.net\/arhiva\/wp-content\/uploads\/2018\/03\/aerodrom-berane-696x469.jpg\" \/>\n\t<meta property=\"og:image:width\" content=\"696\" \/>\n\t<meta property=\"og:image:height\" content=\"469\" \/>\n\t<meta property=\"og:image:type\" content=\"image\/jpeg\" \/>\n<meta name=\"author\" content=\"Agencija\" \/>\n<meta name=\"twitter:card\" content=\"summary_large_image\" \/>\n<meta name=\"twitter:label1\" content=\"Written by\" \/>\n\t<meta name=\"twitter:data1\" content=\"Agencija\" \/>\n\t<meta name=\"twitter:label2\" content=\"Est. reading time\" \/>\n\t<meta name=\"twitter:data2\" content=\"2 minute\" \/>\n<script type=\"application\/ld+json\" class=\"yoast-schema-graph\">{\"@context\":\"https:\/\/schema.org\",\"@graph\":[{\"@type\":\"Article\",\"@id\":\"https:\/\/sandzakpress.net\/arhiva\/aerodrom-u-centru-grada-iz-sandzackog-gradica-letjelo-se-za-beograd-i-ljubljanu\/#article\",\"isPartOf\":{\"@id\":\"https:\/\/sandzakpress.net\/arhiva\/aerodrom-u-centru-grada-iz-sandzackog-gradica-letjelo-se-za-beograd-i-ljubljanu\/\"},\"author\":{\"name\":\"Agencija\",\"@id\":\"https:\/\/sandzakpress.net\/arhiva\/#\/schema\/person\/cb59d7e3ab91ab90dd680ad0305a6185\"},\"headline\":\"Aerodrom u centru grada: Iz sand\u017ea\u010dkog gradi\u0107a letjelo se za Beograd i Ljubljanu\",\"datePublished\":\"2018-03-19T10:58:50+00:00\",\"mainEntityOfPage\":{\"@id\":\"https:\/\/sandzakpress.net\/arhiva\/aerodrom-u-centru-grada-iz-sandzackog-gradica-letjelo-se-za-beograd-i-ljubljanu\/\"},\"wordCount\":355,\"commentCount\":2,\"publisher\":{\"@id\":\"https:\/\/sandzakpress.net\/arhiva\/#\/schema\/person\/6e72b67d6e51910a1117b3b483ba20bd\"},\"image\":{\"@id\":\"https:\/\/sandzakpress.net\/arhiva\/aerodrom-u-centru-grada-iz-sandzackog-gradica-letjelo-se-za-beograd-i-ljubljanu\/#primaryimage\"},\"thumbnailUrl\":\"https:\/\/sandzakpress.net\/arhiva\/wp-content\/uploads\/2018\/03\/aerodrom-berane-696x469.jpg\",\"articleSection\":[\"Berane\",\"Privreda\",\"VIJESTI DANA\"],\"inLanguage\":\"bs-BA\",\"potentialAction\":[{\"@type\":\"CommentAction\",\"name\":\"Comment\",\"target\":[\"https:\/\/sandzakpress.net\/arhiva\/aerodrom-u-centru-grada-iz-sandzackog-gradica-letjelo-se-za-beograd-i-ljubljanu\/#respond\"]}]},{\"@type\":\"WebPage\",\"@id\":\"https:\/\/sandzakpress.net\/arhiva\/aerodrom-u-centru-grada-iz-sandzackog-gradica-letjelo-se-za-beograd-i-ljubljanu\/\",\"url\":\"https:\/\/sandzakpress.net\/arhiva\/aerodrom-u-centru-grada-iz-sandzackog-gradica-letjelo-se-za-beograd-i-ljubljanu\/\",\"name\":\"Aerodrom u centru grada: Iz sand\u017ea\u010dkog gradi\u0107a letjelo se za Beograd i Ljubljanu\",\"isPartOf\":{\"@id\":\"https:\/\/sandzakpress.net\/arhiva\/#website\"},\"primaryImageOfPage\":{\"@id\":\"https:\/\/sandzakpress.net\/arhiva\/aerodrom-u-centru-grada-iz-sandzackog-gradica-letjelo-se-za-beograd-i-ljubljanu\/#primaryimage\"},\"image\":{\"@id\":\"https:\/\/sandzakpress.net\/arhiva\/aerodrom-u-centru-grada-iz-sandzackog-gradica-letjelo-se-za-beograd-i-ljubljanu\/#primaryimage\"},\"thumbnailUrl\":\"https:\/\/sandzakpress.net\/arhiva\/wp-content\/uploads\/2018\/03\/aerodrom-berane-696x469.jpg\",\"datePublished\":\"2018-03-19T10:58:50+00:00\",\"breadcrumb\":{\"@id\":\"https:\/\/sandzakpress.net\/arhiva\/aerodrom-u-centru-grada-iz-sandzackog-gradica-letjelo-se-za-beograd-i-ljubljanu\/#breadcrumb\"},\"inLanguage\":\"bs-BA\",\"potentialAction\":[{\"@type\":\"ReadAction\",\"target\":[\"https:\/\/sandzakpress.net\/arhiva\/aerodrom-u-centru-grada-iz-sandzackog-gradica-letjelo-se-za-beograd-i-ljubljanu\/\"]}]},{\"@type\":\"ImageObject\",\"inLanguage\":\"bs-BA\",\"@id\":\"https:\/\/sandzakpress.net\/arhiva\/aerodrom-u-centru-grada-iz-sandzackog-gradica-letjelo-se-za-beograd-i-ljubljanu\/#primaryimage\",\"url\":\"https:\/\/sandzakpress.net\/arhiva\/wp-content\/uploads\/2018\/03\/aerodrom-berane-696x469.jpg\",\"contentUrl\":\"https:\/\/sandzakpress.net\/arhiva\/wp-content\/uploads\/2018\/03\/aerodrom-berane-696x469.jpg\",\"width\":696,\"height\":469},{\"@type\":\"BreadcrumbList\",\"@id\":\"https:\/\/sandzakpress.net\/arhiva\/aerodrom-u-centru-grada-iz-sandzackog-gradica-letjelo-se-za-beograd-i-ljubljanu\/#breadcrumb\",\"itemListElement\":[{\"@type\":\"ListItem\",\"position\":1,\"name\":\"Home\",\"item\":\"https:\/\/sandzakpress.net\/arhiva\/\"},{\"@type\":\"ListItem\",\"position\":2,\"name\":\"Aerodrom u centru grada: Iz sand\u017ea\u010dkog gradi\u0107a letjelo se za Beograd i Ljubljanu\"}]},{\"@type\":\"WebSite\",\"@id\":\"https:\/\/sandzakpress.net\/arhiva\/#website\",\"url\":\"https:\/\/sandzakpress.net\/arhiva\/\",\"name\":\"Sand\u017eak PRESS\",\"description\":\"Prve elektronske novine u Sand\u017eaku\",\"publisher\":{\"@id\":\"https:\/\/sandzakpress.net\/arhiva\/#\/schema\/person\/6e72b67d6e51910a1117b3b483ba20bd\"},\"potentialAction\":[{\"@type\":\"SearchAction\",\"target\":{\"@type\":\"EntryPoint\",\"urlTemplate\":\"https:\/\/sandzakpress.net\/arhiva\/?s={search_term_string}\"},\"query-input\":{\"@type\":\"PropertyValueSpecification\",\"valueRequired\":true,\"valueName\":\"search_term_string\"}}],\"inLanguage\":\"bs-BA\"},{\"@type\":[\"Person\",\"Organization\"],\"@id\":\"https:\/\/sandzakpress.net\/arhiva\/#\/schema\/person\/6e72b67d6e51910a1117b3b483ba20bd\",\"name\":\"Kul\",\"image\":{\"@type\":\"ImageObject\",\"inLanguage\":\"bs-BA\",\"@id\":\"https:\/\/sandzakpress.net\/arhiva\/#\/schema\/person\/image\/\",\"url\":\"https:\/\/secure.gravatar.com\/avatar\/42263f39aa27ac04c43cab85c280eb2e?s=96&d=mm&r=pg\",\"contentUrl\":\"https:\/\/secure.gravatar.com\/avatar\/42263f39aa27ac04c43cab85c280eb2e?s=96&d=mm&r=pg\",\"caption\":\"Kul\"},\"logo\":{\"@id\":\"https:\/\/sandzakpress.net\/arhiva\/#\/schema\/person\/image\/\"}},{\"@type\":\"Person\",\"@id\":\"https:\/\/sandzakpress.net\/arhiva\/#\/schema\/person\/cb59d7e3ab91ab90dd680ad0305a6185\",\"name\":\"Agencija\",\"image\":{\"@type\":\"ImageObject\",\"inLanguage\":\"bs-BA\",\"@id\":\"https:\/\/sandzakpress.net\/arhiva\/#\/schema\/person\/image\/\",\"url\":\"https:\/\/secure.gravatar.com\/avatar\/4b7fafa80a22f0c2afe23966b3961fe0?s=96&d=mm&r=pg\",\"contentUrl\":\"https:\/\/secure.gravatar.com\/avatar\/4b7fafa80a22f0c2afe23966b3961fe0?s=96&d=mm&r=pg\",\"caption\":\"Agencija\"},\"url\":\"https:\/\/sandzakpress.net\/arhiva\/author\/agencija\/\"}]}<\/script>\n<!-- \/ Yoast SEO Premium plugin. -->","yoast_head_json":{"title":"Aerodrom u centru grada: Iz sand\u017ea\u010dkog gradi\u0107a letjelo se za Beograd i Ljubljanu","robots":{"index":"index","follow":"follow","max-snippet":"max-snippet:-1","max-image-preview":"max-image-preview:large","max-video-preview":"max-video-preview:-1"},"canonical":"https:\/\/sandzakpress.net\/arhiva\/aerodrom-u-centru-grada-iz-sandzackog-gradica-letjelo-se-za-beograd-i-ljubljanu\/","og_locale":"bs_BA","og_type":"article","og_title":"Aerodrom u centru grada: Iz sand\u017ea\u010dkog gradi\u0107a letjelo se za Beograd i Ljubljanu","og_description":"Prije ne\u0161to vi\u0161e od mjesec dana objavljena je tu\u017ena vijest da je 36-godi\u0161nji Davor Baki\u0107 poginuo kao pje\u0161ak kada je na njega, na pisti aerodroma Berane, naletio automobil Golf \u201cdvojka\u201d. Uz ovaj tragi\u010dni doga\u0111aj objavljena je i slika mjesta incidenta koja je javnost upoznala s malo poznatim podatkom \u2013 da u Beranama, malom gradu u [&hellip;]","og_url":"https:\/\/sandzakpress.net\/arhiva\/aerodrom-u-centru-grada-iz-sandzackog-gradica-letjelo-se-za-beograd-i-ljubljanu\/","og_site_name":"Sand\u017eak PRESS","article_published_time":"2018-03-19T10:58:50+00:00","og_image":[{"width":696,"height":469,"url":"https:\/\/sandzakpress.net\/arhiva\/wp-content\/uploads\/2018\/03\/aerodrom-berane-696x469.jpg","type":"image\/jpeg"}],"author":"Agencija","twitter_card":"summary_large_image","twitter_misc":{"Written by":"Agencija","Est. reading time":"2 minute"},"schema":{"@context":"https:\/\/schema.org","@graph":[{"@type":"Article","@id":"https:\/\/sandzakpress.net\/arhiva\/aerodrom-u-centru-grada-iz-sandzackog-gradica-letjelo-se-za-beograd-i-ljubljanu\/#article","isPartOf":{"@id":"https:\/\/sandzakpress.net\/arhiva\/aerodrom-u-centru-grada-iz-sandzackog-gradica-letjelo-se-za-beograd-i-ljubljanu\/"},"author":{"name":"Agencija","@id":"https:\/\/sandzakpress.net\/arhiva\/#\/schema\/person\/cb59d7e3ab91ab90dd680ad0305a6185"},"headline":"Aerodrom u centru grada: Iz sand\u017ea\u010dkog gradi\u0107a letjelo se za Beograd i Ljubljanu","datePublished":"2018-03-19T10:58:50+00:00","mainEntityOfPage":{"@id":"https:\/\/sandzakpress.net\/arhiva\/aerodrom-u-centru-grada-iz-sandzackog-gradica-letjelo-se-za-beograd-i-ljubljanu\/"},"wordCount":355,"commentCount":2,"publisher":{"@id":"https:\/\/sandzakpress.net\/arhiva\/#\/schema\/person\/6e72b67d6e51910a1117b3b483ba20bd"},"image":{"@id":"https:\/\/sandzakpress.net\/arhiva\/aerodrom-u-centru-grada-iz-sandzackog-gradica-letjelo-se-za-beograd-i-ljubljanu\/#primaryimage"},"thumbnailUrl":"https:\/\/sandzakpress.net\/arhiva\/wp-content\/uploads\/2018\/03\/aerodrom-berane-696x469.jpg","articleSection":["Berane","Privreda","VIJESTI DANA"],"inLanguage":"bs-BA","potentialAction":[{"@type":"CommentAction","name":"Comment","target":["https:\/\/sandzakpress.net\/arhiva\/aerodrom-u-centru-grada-iz-sandzackog-gradica-letjelo-se-za-beograd-i-ljubljanu\/#respond"]}]},{"@type":"WebPage","@id":"https:\/\/sandzakpress.net\/arhiva\/aerodrom-u-centru-grada-iz-sandzackog-gradica-letjelo-se-za-beograd-i-ljubljanu\/","url":"https:\/\/sandzakpress.net\/arhiva\/aerodrom-u-centru-grada-iz-sandzackog-gradica-letjelo-se-za-beograd-i-ljubljanu\/","name":"Aerodrom u centru grada: Iz sand\u017ea\u010dkog gradi\u0107a letjelo se za Beograd i Ljubljanu","isPartOf":{"@id":"https:\/\/sandzakpress.net\/arhiva\/#website"},"primaryImageOfPage":{"@id":"https:\/\/sandzakpress.net\/arhiva\/aerodrom-u-centru-grada-iz-sandzackog-gradica-letjelo-se-za-beograd-i-ljubljanu\/#primaryimage"},"image":{"@id":"https:\/\/sandzakpress.net\/arhiva\/aerodrom-u-centru-grada-iz-sandzackog-gradica-letjelo-se-za-beograd-i-ljubljanu\/#primaryimage"},"thumbnailUrl":"https:\/\/sandzakpress.net\/arhiva\/wp-content\/uploads\/2018\/03\/aerodrom-berane-696x469.jpg","datePublished":"2018-03-19T10:58:50+00:00","breadcrumb":{"@id":"https:\/\/sandzakpress.net\/arhiva\/aerodrom-u-centru-grada-iz-sandzackog-gradica-letjelo-se-za-beograd-i-ljubljanu\/#breadcrumb"},"inLanguage":"bs-BA","potentialAction":[{"@type":"ReadAction","target":["https:\/\/sandzakpress.net\/arhiva\/aerodrom-u-centru-grada-iz-sandzackog-gradica-letjelo-se-za-beograd-i-ljubljanu\/"]}]},{"@type":"ImageObject","inLanguage":"bs-BA","@id":"https:\/\/sandzakpress.net\/arhiva\/aerodrom-u-centru-grada-iz-sandzackog-gradica-letjelo-se-za-beograd-i-ljubljanu\/#primaryimage","url":"https:\/\/sandzakpress.net\/arhiva\/wp-content\/uploads\/2018\/03\/aerodrom-berane-696x469.jpg","contentUrl":"https:\/\/sandzakpress.net\/arhiva\/wp-content\/uploads\/2018\/03\/aerodrom-berane-696x469.jpg","width":696,"height":469},{"@type":"BreadcrumbList","@id":"https:\/\/sandzakpress.net\/arhiva\/aerodrom-u-centru-grada-iz-sandzackog-gradica-letjelo-se-za-beograd-i-ljubljanu\/#breadcrumb","itemListElement":[{"@type":"ListItem","position":1,"name":"Home","item":"https:\/\/sandzakpress.net\/arhiva\/"},{"@type":"ListItem","position":2,"name":"Aerodrom u centru grada: Iz sand\u017ea\u010dkog gradi\u0107a letjelo se za Beograd i Ljubljanu"}]},{"@type":"WebSite","@id":"https:\/\/sandzakpress.net\/arhiva\/#website","url":"https:\/\/sandzakpress.net\/arhiva\/","name":"Sand\u017eak PRESS","description":"Prve elektronske novine u Sand\u017eaku","publisher":{"@id":"https:\/\/sandzakpress.net\/arhiva\/#\/schema\/person\/6e72b67d6e51910a1117b3b483ba20bd"},"potentialAction":[{"@type":"SearchAction","target":{"@type":"EntryPoint","urlTemplate":"https:\/\/sandzakpress.net\/arhiva\/?s={search_term_string}"},"query-input":{"@type":"PropertyValueSpecification","valueRequired":true,"valueName":"search_term_string"}}],"inLanguage":"bs-BA"},{"@type":["Person","Organization"],"@id":"https:\/\/sandzakpress.net\/arhiva\/#\/schema\/person\/6e72b67d6e51910a1117b3b483ba20bd","name":"Kul","image":{"@type":"ImageObject","inLanguage":"bs-BA","@id":"https:\/\/sandzakpress.net\/arhiva\/#\/schema\/person\/image\/","url":"https:\/\/secure.gravatar.com\/avatar\/42263f39aa27ac04c43cab85c280eb2e?s=96&d=mm&r=pg","contentUrl":"https:\/\/secure.gravatar.com\/avatar\/42263f39aa27ac04c43cab85c280eb2e?s=96&d=mm&r=pg","caption":"Kul"},"logo":{"@id":"https:\/\/sandzakpress.net\/arhiva\/#\/schema\/person\/image\/"}},{"@type":"Person","@id":"https:\/\/sandzakpress.net\/arhiva\/#\/schema\/person\/cb59d7e3ab91ab90dd680ad0305a6185","name":"Agencija","image":{"@type":"ImageObject","inLanguage":"bs-BA","@id":"https:\/\/sandzakpress.net\/arhiva\/#\/schema\/person\/image\/","url":"https:\/\/secure.gravatar.com\/avatar\/4b7fafa80a22f0c2afe23966b3961fe0?s=96&d=mm&r=pg","contentUrl":"https:\/\/secure.gravatar.com\/avatar\/4b7fafa80a22f0c2afe23966b3961fe0?s=96&d=mm&r=pg","caption":"Agencija"},"url":"https:\/\/sandzakpress.net\/arhiva\/author\/agencija\/"}]}},"_links":{"self":[{"href":"https:\/\/sandzakpress.net\/arhiva\/wp-json\/wp\/v2\/posts\/204126"}],"collection":[{"href":"https:\/\/sandzakpress.net\/arhiva\/wp-json\/wp\/v2\/posts"}],"about":[{"href":"https:\/\/sandzakpress.net\/arhiva\/wp-json\/wp\/v2\/types\/post"}],"author":[{"embeddable":true,"href":"https:\/\/sandzakpress.net\/arhiva\/wp-json\/wp\/v2\/users\/509"}],"replies":[{"embeddable":true,"href":"https:\/\/sandzakpress.net\/arhiva\/wp-json\/wp\/v2\/comments?post=204126"}],"version-history":[{"count":0,"href":"https:\/\/sandzakpress.net\/arhiva\/wp-json\/wp\/v2\/posts\/204126\/revisions"}],"wp:featuredmedia":[{"embeddable":true,"href":"https:\/\/sandzakpress.net\/arhiva\/wp-json\/wp\/v2\/media\/204152"}],"wp:attachment":[{"href":"https:\/\/sandzakpress.net\/arhiva\/wp-json\/wp\/v2\/media?parent=204126"}],"wp:term":[{"taxonomy":"category","embeddable":true,"href":"https:\/\/sandzakpress.net\/arhiva\/wp-json\/wp\/v2\/categories?post=204126"},{"taxonomy":"post_tag","embeddable":true,"href":"https:\/\/sandzakpress.net\/arhiva\/wp-json\/wp\/v2\/tags?post=204126"}],"curies":[{"name":"wp","href":"https:\/\/api.w.org\/{rel}","templated":true}]}}