{"id":204022,"date":"2018-03-16T13:30:23","date_gmt":"2018-03-16T12:30:23","guid":{"rendered":"https:\/\/sandzakpress.net\/arhiva\/?p=204022"},"modified":"2018-03-16T19:44:37","modified_gmt":"2018-03-16T18:44:37","slug":"rehabilitacija-puta-novi-pazar-raska-na-prolece-2019-u-planu-i-izgradnja-biciklisticke-staze","status":"publish","type":"post","link":"https:\/\/sandzakpress.net\/arhiva\/rehabilitacija-puta-novi-pazar-raska-na-prolece-2019-u-planu-i-izgradnja-biciklisticke-staze\/","title":{"rendered":"Rehabilitacija puta Novi Pazar-Ra\u0161ka na prolje\u0107e 2019. &#8211; U planu i izgradnja biciklisti\u010dke staze"},"content":{"rendered":"<p><img decoding=\"async\" class=\"aligncenter\" src=\"http:\/\/www.sandzacke.rs\/wp-content\/uploads\/2018\/03\/biciklisticka-staza-696x469.jpg\" \/><\/p>\n<p><strong>Projekat rehabilitacije dr\u017eavnog puta Novi Pazar-Ra\u0161ka realizova\u0107e se na inicijativu Grada Novog Pazara, sredstvima Svjetske banke, Evropske banke i Evropske banke za obnovu i razvoj, prenosi sajt tog grada.<\/strong><\/p>\n<p>Cilj projekta je, prema rije\u010dima gradskog urbaniste Elvira Hamidovi\u0107a, pove\u0107anje op\u0161te bezbjednosti na putnom pravcu, sa akcentom na bezbjednost pje\u0161aka, pi\u0161e\u00a0<a href=\"https:\/\/www.ekapija.com\/news\/2062767\/rehabilitacija-puta-novi-pazar-raska-na-prolece-2019-u-planu-i-izgradnja\">Ekapija<\/a>.<\/p>\n<p>\u201cU sklopu projekta grad je predvidio da u 2019. godini obezbijedi i sprovo\u0111enje radova na dionici od Banjske petlje do izlaza iz grada prema Ribari\u0107u. \u017delimo da pove\u0107amo saobra\u0107ajnu bezbjednost na cjelokupnoj teritoriji Novog Pazara i stvorimo bolje uslove za dolazak potencijalnih investitora i pobolj\u0161amo uslove \u017eivota i rada mje\u0161tana na ovim trasama\u201d, kazao je Hamidovi\u0107.<\/p>\n<p>On je rekao da je jedna od tema sastanka odr\u017eanog u Novom Pazaru i ure\u0111enje autobuskih stajali\u0161ta, postavljanje vertikalne i horizontalne signalizacije, ali i definisanje pje\u0161a\u010dkih povr\u0161ina u okviru samih stajali\u0161ta. Ulaganja na saobra\u0107ajnim dionicama prema Ra\u0161ki i Ribari\u0107u treba da osiguraju i bezbjedan promet teretnih vozila.<\/p>\n<p>\u201cU okviru puta Novi Pazar-Ra\u0161ka \u0107e tokom druge faze projekta biti izgra\u0111ena biciklisti\u010dka staza, jer smo svjedoci da mnogo ljudi svakodnevno na toj trasi koristi bicikl kao prijevozno sredstvo\u201d, rekao je Hamidovi\u0107.<\/p>\n<figure class=\"wp-caption aligncenter\"><img loading=\"lazy\" decoding=\"async\" class=\"td-animation-stack-type0-1\" src=\"https:\/\/www.ekapija.com\/thumbs\/niskogradnja_031117_tw630.jpg\" alt=\"\" width=\"706\" height=\"529\" \/><figcaption class=\"wp-caption-text\"><strong>Foto: Ilustracija\/shutterstock.com<\/strong><\/figcaption><\/figure>\n<p>Ure\u0111enjem putne trase prema Ra\u0161ki, eventualnim video nadzorom i adekvantnim instalacijama, rije\u0161i\u0107e se veliki problem no\u0107nih auto trka, koje ugro\u017eavaju bezbjednost ne samo u\u010desnika ve\u0107 i slu\u010dajnih prolaznika.<\/p>\n<p>Rok za okon\u010danje izrade projektne dokumentacije je septembar ove, a radovi na terenu po\u010de\u0107e u prolje\u0107e sljede\u0107e godine.<\/p>\n<p>Taj zadatak \u0107e najvjerovatnije biti povjeren preduze\u0107u Novi Pazar put, jer kako je obja\u0161njeno na sastanku, \u201crije\u010d je o firmi koja je dokazala kvalitet, ali i koja ve\u0107 radi na odr\u017eavanju pomenute trase\u201d.<\/p>\n<p>Milan Tanovi\u0107, ispred projektantske firme MHM-projekt iz Novog Sada isti\u010de da je sve predvi\u0111eno projektom bazirano na implementaciji potreba lokalne zajednice, navodi se.<\/p>\n<p>(Ekapija)<\/p>\n","protected":false},"excerpt":{"rendered":"<p>Projekat rehabilitacije dr\u017eavnog puta Novi Pazar-Ra\u0161ka realizova\u0107e se na inicijativu Grada Novog Pazara, sredstvima Svjetske banke, Evropske banke i Evropske banke za obnovu i razvoj, prenosi sajt tog grada. Cilj projekta je, prema rije\u010dima gradskog urbaniste Elvira Hamidovi\u0107a, pove\u0107anje op\u0161te bezbjednosti na putnom pravcu, sa akcentom na bezbjednost pje\u0161aka, pi\u0161e\u00a0Ekapija. \u201cU sklopu projekta grad je [&hellip;]<\/p>\n","protected":false},"author":509,"featured_media":204027,"comment_status":"open","ping_status":"open","sticky":false,"template":"","format":"standard","meta":{"footnotes":""},"categories":[72,3,8957],"tags":[10426],"class_list":{"0":"post-204022","1":"post","2":"type-post","3":"status-publish","4":"format-standard","5":"has-post-thumbnail","7":"category-novi-pazar","8":"category-privreda","9":"category-vijesti-dana","10":"tag-obecanja-politicara"},"yoast_head":"<!-- This site is optimized with the Yoast SEO Premium plugin v23.1 (Yoast SEO v24.9) - https:\/\/yoast.com\/wordpress\/plugins\/seo\/ -->\n<title>Rehabilitacija puta Novi Pazar-Ra\u0161ka na prolje\u0107e 2019. - U planu i izgradnja biciklisti\u010dke staze<\/title>\n<meta name=\"robots\" content=\"index, follow, max-snippet:-1, max-image-preview:large, max-video-preview:-1\" \/>\n<link rel=\"canonical\" href=\"https:\/\/sandzakpress.net\/arhiva\/rehabilitacija-puta-novi-pazar-raska-na-prolece-2019-u-planu-i-izgradnja-biciklisticke-staze\/\" \/>\n<meta property=\"og:locale\" content=\"bs_BA\" \/>\n<meta property=\"og:type\" content=\"article\" \/>\n<meta property=\"og:title\" content=\"Rehabilitacija puta Novi Pazar-Ra\u0161ka na prolje\u0107e 2019. - U planu i izgradnja biciklisti\u010dke staze\" \/>\n<meta property=\"og:description\" content=\"Projekat rehabilitacije dr\u017eavnog puta Novi Pazar-Ra\u0161ka realizova\u0107e se na inicijativu Grada Novog Pazara, sredstvima Svjetske banke, Evropske banke i Evropske banke za obnovu i razvoj, prenosi sajt tog grada. Cilj projekta je, prema rije\u010dima gradskog urbaniste Elvira Hamidovi\u0107a, pove\u0107anje op\u0161te bezbjednosti na putnom pravcu, sa akcentom na bezbjednost pje\u0161aka, pi\u0161e\u00a0Ekapija. \u201cU sklopu projekta grad je [&hellip;]\" \/>\n<meta property=\"og:url\" content=\"https:\/\/sandzakpress.net\/arhiva\/rehabilitacija-puta-novi-pazar-raska-na-prolece-2019-u-planu-i-izgradnja-biciklisticke-staze\/\" \/>\n<meta property=\"og:site_name\" content=\"Sand\u017eak PRESS\" \/>\n<meta property=\"article:published_time\" content=\"2018-03-16T12:30:23+00:00\" \/>\n<meta property=\"article:modified_time\" content=\"2018-03-16T18:44:37+00:00\" \/>\n<meta property=\"og:image\" content=\"https:\/\/sandzakpress.net\/arhiva\/wp-content\/uploads\/2018\/03\/biciklisticka-staza-696x469.jpg\" \/>\n\t<meta property=\"og:image:width\" content=\"696\" \/>\n\t<meta property=\"og:image:height\" content=\"469\" \/>\n\t<meta property=\"og:image:type\" content=\"image\/jpeg\" \/>\n<meta name=\"author\" content=\"Agencija\" \/>\n<meta name=\"twitter:card\" content=\"summary_large_image\" \/>\n<meta name=\"twitter:label1\" content=\"Written by\" \/>\n\t<meta name=\"twitter:data1\" content=\"Agencija\" \/>\n\t<meta name=\"twitter:label2\" content=\"Est. reading time\" \/>\n\t<meta name=\"twitter:data2\" content=\"2 minute\" \/>\n<script type=\"application\/ld+json\" class=\"yoast-schema-graph\">{\"@context\":\"https:\/\/schema.org\",\"@graph\":[{\"@type\":\"Article\",\"@id\":\"https:\/\/sandzakpress.net\/arhiva\/rehabilitacija-puta-novi-pazar-raska-na-prolece-2019-u-planu-i-izgradnja-biciklisticke-staze\/#article\",\"isPartOf\":{\"@id\":\"https:\/\/sandzakpress.net\/arhiva\/rehabilitacija-puta-novi-pazar-raska-na-prolece-2019-u-planu-i-izgradnja-biciklisticke-staze\/\"},\"author\":{\"name\":\"Agencija\",\"@id\":\"https:\/\/sandzakpress.net\/arhiva\/#\/schema\/person\/cb59d7e3ab91ab90dd680ad0305a6185\"},\"headline\":\"Rehabilitacija puta Novi Pazar-Ra\u0161ka na prolje\u0107e 2019. &#8211; U planu i izgradnja biciklisti\u010dke staze\",\"datePublished\":\"2018-03-16T12:30:23+00:00\",\"dateModified\":\"2018-03-16T18:44:37+00:00\",\"mainEntityOfPage\":{\"@id\":\"https:\/\/sandzakpress.net\/arhiva\/rehabilitacija-puta-novi-pazar-raska-na-prolece-2019-u-planu-i-izgradnja-biciklisticke-staze\/\"},\"wordCount\":354,\"commentCount\":2,\"publisher\":{\"@id\":\"https:\/\/sandzakpress.net\/arhiva\/#\/schema\/person\/6e72b67d6e51910a1117b3b483ba20bd\"},\"image\":{\"@id\":\"https:\/\/sandzakpress.net\/arhiva\/rehabilitacija-puta-novi-pazar-raska-na-prolece-2019-u-planu-i-izgradnja-biciklisticke-staze\/#primaryimage\"},\"thumbnailUrl\":\"https:\/\/sandzakpress.net\/arhiva\/wp-content\/uploads\/2018\/03\/biciklisticka-staza-696x469.jpg\",\"keywords\":[\"obe\u0107anja politi\u010dara\"],\"articleSection\":[\"Novi Pazar\",\"Privreda\",\"VIJESTI DANA\"],\"inLanguage\":\"bs-BA\",\"potentialAction\":[{\"@type\":\"CommentAction\",\"name\":\"Comment\",\"target\":[\"https:\/\/sandzakpress.net\/arhiva\/rehabilitacija-puta-novi-pazar-raska-na-prolece-2019-u-planu-i-izgradnja-biciklisticke-staze\/#respond\"]}]},{\"@type\":\"WebPage\",\"@id\":\"https:\/\/sandzakpress.net\/arhiva\/rehabilitacija-puta-novi-pazar-raska-na-prolece-2019-u-planu-i-izgradnja-biciklisticke-staze\/\",\"url\":\"https:\/\/sandzakpress.net\/arhiva\/rehabilitacija-puta-novi-pazar-raska-na-prolece-2019-u-planu-i-izgradnja-biciklisticke-staze\/\",\"name\":\"Rehabilitacija puta Novi Pazar-Ra\u0161ka na prolje\u0107e 2019. - U planu i izgradnja biciklisti\u010dke staze\",\"isPartOf\":{\"@id\":\"https:\/\/sandzakpress.net\/arhiva\/#website\"},\"primaryImageOfPage\":{\"@id\":\"https:\/\/sandzakpress.net\/arhiva\/rehabilitacija-puta-novi-pazar-raska-na-prolece-2019-u-planu-i-izgradnja-biciklisticke-staze\/#primaryimage\"},\"image\":{\"@id\":\"https:\/\/sandzakpress.net\/arhiva\/rehabilitacija-puta-novi-pazar-raska-na-prolece-2019-u-planu-i-izgradnja-biciklisticke-staze\/#primaryimage\"},\"thumbnailUrl\":\"https:\/\/sandzakpress.net\/arhiva\/wp-content\/uploads\/2018\/03\/biciklisticka-staza-696x469.jpg\",\"datePublished\":\"2018-03-16T12:30:23+00:00\",\"dateModified\":\"2018-03-16T18:44:37+00:00\",\"breadcrumb\":{\"@id\":\"https:\/\/sandzakpress.net\/arhiva\/rehabilitacija-puta-novi-pazar-raska-na-prolece-2019-u-planu-i-izgradnja-biciklisticke-staze\/#breadcrumb\"},\"inLanguage\":\"bs-BA\",\"potentialAction\":[{\"@type\":\"ReadAction\",\"target\":[\"https:\/\/sandzakpress.net\/arhiva\/rehabilitacija-puta-novi-pazar-raska-na-prolece-2019-u-planu-i-izgradnja-biciklisticke-staze\/\"]}]},{\"@type\":\"ImageObject\",\"inLanguage\":\"bs-BA\",\"@id\":\"https:\/\/sandzakpress.net\/arhiva\/rehabilitacija-puta-novi-pazar-raska-na-prolece-2019-u-planu-i-izgradnja-biciklisticke-staze\/#primaryimage\",\"url\":\"https:\/\/sandzakpress.net\/arhiva\/wp-content\/uploads\/2018\/03\/biciklisticka-staza-696x469.jpg\",\"contentUrl\":\"https:\/\/sandzakpress.net\/arhiva\/wp-content\/uploads\/2018\/03\/biciklisticka-staza-696x469.jpg\",\"width\":696,\"height\":469},{\"@type\":\"BreadcrumbList\",\"@id\":\"https:\/\/sandzakpress.net\/arhiva\/rehabilitacija-puta-novi-pazar-raska-na-prolece-2019-u-planu-i-izgradnja-biciklisticke-staze\/#breadcrumb\",\"itemListElement\":[{\"@type\":\"ListItem\",\"position\":1,\"name\":\"Home\",\"item\":\"https:\/\/sandzakpress.net\/arhiva\/\"},{\"@type\":\"ListItem\",\"position\":2,\"name\":\"Rehabilitacija puta Novi Pazar-Ra\u0161ka na prolje\u0107e 2019. &#8211; U planu i izgradnja biciklisti\u010dke staze\"}]},{\"@type\":\"WebSite\",\"@id\":\"https:\/\/sandzakpress.net\/arhiva\/#website\",\"url\":\"https:\/\/sandzakpress.net\/arhiva\/\",\"name\":\"Sand\u017eak PRESS\",\"description\":\"Prve elektronske novine u Sand\u017eaku\",\"publisher\":{\"@id\":\"https:\/\/sandzakpress.net\/arhiva\/#\/schema\/person\/6e72b67d6e51910a1117b3b483ba20bd\"},\"potentialAction\":[{\"@type\":\"SearchAction\",\"target\":{\"@type\":\"EntryPoint\",\"urlTemplate\":\"https:\/\/sandzakpress.net\/arhiva\/?s={search_term_string}\"},\"query-input\":{\"@type\":\"PropertyValueSpecification\",\"valueRequired\":true,\"valueName\":\"search_term_string\"}}],\"inLanguage\":\"bs-BA\"},{\"@type\":[\"Person\",\"Organization\"],\"@id\":\"https:\/\/sandzakpress.net\/arhiva\/#\/schema\/person\/6e72b67d6e51910a1117b3b483ba20bd\",\"name\":\"Kul\",\"image\":{\"@type\":\"ImageObject\",\"inLanguage\":\"bs-BA\",\"@id\":\"https:\/\/sandzakpress.net\/arhiva\/#\/schema\/person\/image\/\",\"url\":\"https:\/\/secure.gravatar.com\/avatar\/42263f39aa27ac04c43cab85c280eb2e?s=96&d=mm&r=pg\",\"contentUrl\":\"https:\/\/secure.gravatar.com\/avatar\/42263f39aa27ac04c43cab85c280eb2e?s=96&d=mm&r=pg\",\"caption\":\"Kul\"},\"logo\":{\"@id\":\"https:\/\/sandzakpress.net\/arhiva\/#\/schema\/person\/image\/\"}},{\"@type\":\"Person\",\"@id\":\"https:\/\/sandzakpress.net\/arhiva\/#\/schema\/person\/cb59d7e3ab91ab90dd680ad0305a6185\",\"name\":\"Agencija\",\"image\":{\"@type\":\"ImageObject\",\"inLanguage\":\"bs-BA\",\"@id\":\"https:\/\/sandzakpress.net\/arhiva\/#\/schema\/person\/image\/\",\"url\":\"https:\/\/secure.gravatar.com\/avatar\/4b7fafa80a22f0c2afe23966b3961fe0?s=96&d=mm&r=pg\",\"contentUrl\":\"https:\/\/secure.gravatar.com\/avatar\/4b7fafa80a22f0c2afe23966b3961fe0?s=96&d=mm&r=pg\",\"caption\":\"Agencija\"},\"url\":\"https:\/\/sandzakpress.net\/arhiva\/author\/agencija\/\"}]}<\/script>\n<!-- \/ Yoast SEO Premium plugin. -->","yoast_head_json":{"title":"Rehabilitacija puta Novi Pazar-Ra\u0161ka na prolje\u0107e 2019. - U planu i izgradnja biciklisti\u010dke staze","robots":{"index":"index","follow":"follow","max-snippet":"max-snippet:-1","max-image-preview":"max-image-preview:large","max-video-preview":"max-video-preview:-1"},"canonical":"https:\/\/sandzakpress.net\/arhiva\/rehabilitacija-puta-novi-pazar-raska-na-prolece-2019-u-planu-i-izgradnja-biciklisticke-staze\/","og_locale":"bs_BA","og_type":"article","og_title":"Rehabilitacija puta Novi Pazar-Ra\u0161ka na prolje\u0107e 2019. - U planu i izgradnja biciklisti\u010dke staze","og_description":"Projekat rehabilitacije dr\u017eavnog puta Novi Pazar-Ra\u0161ka realizova\u0107e se na inicijativu Grada Novog Pazara, sredstvima Svjetske banke, Evropske banke i Evropske banke za obnovu i razvoj, prenosi sajt tog grada. Cilj projekta je, prema rije\u010dima gradskog urbaniste Elvira Hamidovi\u0107a, pove\u0107anje op\u0161te bezbjednosti na putnom pravcu, sa akcentom na bezbjednost pje\u0161aka, pi\u0161e\u00a0Ekapija. \u201cU sklopu projekta grad je [&hellip;]","og_url":"https:\/\/sandzakpress.net\/arhiva\/rehabilitacija-puta-novi-pazar-raska-na-prolece-2019-u-planu-i-izgradnja-biciklisticke-staze\/","og_site_name":"Sand\u017eak PRESS","article_published_time":"2018-03-16T12:30:23+00:00","article_modified_time":"2018-03-16T18:44:37+00:00","og_image":[{"width":696,"height":469,"url":"https:\/\/sandzakpress.net\/arhiva\/wp-content\/uploads\/2018\/03\/biciklisticka-staza-696x469.jpg","type":"image\/jpeg"}],"author":"Agencija","twitter_card":"summary_large_image","twitter_misc":{"Written by":"Agencija","Est. reading time":"2 minute"},"schema":{"@context":"https:\/\/schema.org","@graph":[{"@type":"Article","@id":"https:\/\/sandzakpress.net\/arhiva\/rehabilitacija-puta-novi-pazar-raska-na-prolece-2019-u-planu-i-izgradnja-biciklisticke-staze\/#article","isPartOf":{"@id":"https:\/\/sandzakpress.net\/arhiva\/rehabilitacija-puta-novi-pazar-raska-na-prolece-2019-u-planu-i-izgradnja-biciklisticke-staze\/"},"author":{"name":"Agencija","@id":"https:\/\/sandzakpress.net\/arhiva\/#\/schema\/person\/cb59d7e3ab91ab90dd680ad0305a6185"},"headline":"Rehabilitacija puta Novi Pazar-Ra\u0161ka na prolje\u0107e 2019. &#8211; U planu i izgradnja biciklisti\u010dke staze","datePublished":"2018-03-16T12:30:23+00:00","dateModified":"2018-03-16T18:44:37+00:00","mainEntityOfPage":{"@id":"https:\/\/sandzakpress.net\/arhiva\/rehabilitacija-puta-novi-pazar-raska-na-prolece-2019-u-planu-i-izgradnja-biciklisticke-staze\/"},"wordCount":354,"commentCount":2,"publisher":{"@id":"https:\/\/sandzakpress.net\/arhiva\/#\/schema\/person\/6e72b67d6e51910a1117b3b483ba20bd"},"image":{"@id":"https:\/\/sandzakpress.net\/arhiva\/rehabilitacija-puta-novi-pazar-raska-na-prolece-2019-u-planu-i-izgradnja-biciklisticke-staze\/#primaryimage"},"thumbnailUrl":"https:\/\/sandzakpress.net\/arhiva\/wp-content\/uploads\/2018\/03\/biciklisticka-staza-696x469.jpg","keywords":["obe\u0107anja politi\u010dara"],"articleSection":["Novi Pazar","Privreda","VIJESTI DANA"],"inLanguage":"bs-BA","potentialAction":[{"@type":"CommentAction","name":"Comment","target":["https:\/\/sandzakpress.net\/arhiva\/rehabilitacija-puta-novi-pazar-raska-na-prolece-2019-u-planu-i-izgradnja-biciklisticke-staze\/#respond"]}]},{"@type":"WebPage","@id":"https:\/\/sandzakpress.net\/arhiva\/rehabilitacija-puta-novi-pazar-raska-na-prolece-2019-u-planu-i-izgradnja-biciklisticke-staze\/","url":"https:\/\/sandzakpress.net\/arhiva\/rehabilitacija-puta-novi-pazar-raska-na-prolece-2019-u-planu-i-izgradnja-biciklisticke-staze\/","name":"Rehabilitacija puta Novi Pazar-Ra\u0161ka na prolje\u0107e 2019. - U planu i izgradnja biciklisti\u010dke staze","isPartOf":{"@id":"https:\/\/sandzakpress.net\/arhiva\/#website"},"primaryImageOfPage":{"@id":"https:\/\/sandzakpress.net\/arhiva\/rehabilitacija-puta-novi-pazar-raska-na-prolece-2019-u-planu-i-izgradnja-biciklisticke-staze\/#primaryimage"},"image":{"@id":"https:\/\/sandzakpress.net\/arhiva\/rehabilitacija-puta-novi-pazar-raska-na-prolece-2019-u-planu-i-izgradnja-biciklisticke-staze\/#primaryimage"},"thumbnailUrl":"https:\/\/sandzakpress.net\/arhiva\/wp-content\/uploads\/2018\/03\/biciklisticka-staza-696x469.jpg","datePublished":"2018-03-16T12:30:23+00:00","dateModified":"2018-03-16T18:44:37+00:00","breadcrumb":{"@id":"https:\/\/sandzakpress.net\/arhiva\/rehabilitacija-puta-novi-pazar-raska-na-prolece-2019-u-planu-i-izgradnja-biciklisticke-staze\/#breadcrumb"},"inLanguage":"bs-BA","potentialAction":[{"@type":"ReadAction","target":["https:\/\/sandzakpress.net\/arhiva\/rehabilitacija-puta-novi-pazar-raska-na-prolece-2019-u-planu-i-izgradnja-biciklisticke-staze\/"]}]},{"@type":"ImageObject","inLanguage":"bs-BA","@id":"https:\/\/sandzakpress.net\/arhiva\/rehabilitacija-puta-novi-pazar-raska-na-prolece-2019-u-planu-i-izgradnja-biciklisticke-staze\/#primaryimage","url":"https:\/\/sandzakpress.net\/arhiva\/wp-content\/uploads\/2018\/03\/biciklisticka-staza-696x469.jpg","contentUrl":"https:\/\/sandzakpress.net\/arhiva\/wp-content\/uploads\/2018\/03\/biciklisticka-staza-696x469.jpg","width":696,"height":469},{"@type":"BreadcrumbList","@id":"https:\/\/sandzakpress.net\/arhiva\/rehabilitacija-puta-novi-pazar-raska-na-prolece-2019-u-planu-i-izgradnja-biciklisticke-staze\/#breadcrumb","itemListElement":[{"@type":"ListItem","position":1,"name":"Home","item":"https:\/\/sandzakpress.net\/arhiva\/"},{"@type":"ListItem","position":2,"name":"Rehabilitacija puta Novi Pazar-Ra\u0161ka na prolje\u0107e 2019. &#8211; U planu i izgradnja biciklisti\u010dke staze"}]},{"@type":"WebSite","@id":"https:\/\/sandzakpress.net\/arhiva\/#website","url":"https:\/\/sandzakpress.net\/arhiva\/","name":"Sand\u017eak PRESS","description":"Prve elektronske novine u Sand\u017eaku","publisher":{"@id":"https:\/\/sandzakpress.net\/arhiva\/#\/schema\/person\/6e72b67d6e51910a1117b3b483ba20bd"},"potentialAction":[{"@type":"SearchAction","target":{"@type":"EntryPoint","urlTemplate":"https:\/\/sandzakpress.net\/arhiva\/?s={search_term_string}"},"query-input":{"@type":"PropertyValueSpecification","valueRequired":true,"valueName":"search_term_string"}}],"inLanguage":"bs-BA"},{"@type":["Person","Organization"],"@id":"https:\/\/sandzakpress.net\/arhiva\/#\/schema\/person\/6e72b67d6e51910a1117b3b483ba20bd","name":"Kul","image":{"@type":"ImageObject","inLanguage":"bs-BA","@id":"https:\/\/sandzakpress.net\/arhiva\/#\/schema\/person\/image\/","url":"https:\/\/secure.gravatar.com\/avatar\/42263f39aa27ac04c43cab85c280eb2e?s=96&d=mm&r=pg","contentUrl":"https:\/\/secure.gravatar.com\/avatar\/42263f39aa27ac04c43cab85c280eb2e?s=96&d=mm&r=pg","caption":"Kul"},"logo":{"@id":"https:\/\/sandzakpress.net\/arhiva\/#\/schema\/person\/image\/"}},{"@type":"Person","@id":"https:\/\/sandzakpress.net\/arhiva\/#\/schema\/person\/cb59d7e3ab91ab90dd680ad0305a6185","name":"Agencija","image":{"@type":"ImageObject","inLanguage":"bs-BA","@id":"https:\/\/sandzakpress.net\/arhiva\/#\/schema\/person\/image\/","url":"https:\/\/secure.gravatar.com\/avatar\/4b7fafa80a22f0c2afe23966b3961fe0?s=96&d=mm&r=pg","contentUrl":"https:\/\/secure.gravatar.com\/avatar\/4b7fafa80a22f0c2afe23966b3961fe0?s=96&d=mm&r=pg","caption":"Agencija"},"url":"https:\/\/sandzakpress.net\/arhiva\/author\/agencija\/"}]}},"_links":{"self":[{"href":"https:\/\/sandzakpress.net\/arhiva\/wp-json\/wp\/v2\/posts\/204022"}],"collection":[{"href":"https:\/\/sandzakpress.net\/arhiva\/wp-json\/wp\/v2\/posts"}],"about":[{"href":"https:\/\/sandzakpress.net\/arhiva\/wp-json\/wp\/v2\/types\/post"}],"author":[{"embeddable":true,"href":"https:\/\/sandzakpress.net\/arhiva\/wp-json\/wp\/v2\/users\/509"}],"replies":[{"embeddable":true,"href":"https:\/\/sandzakpress.net\/arhiva\/wp-json\/wp\/v2\/comments?post=204022"}],"version-history":[{"count":0,"href":"https:\/\/sandzakpress.net\/arhiva\/wp-json\/wp\/v2\/posts\/204022\/revisions"}],"wp:featuredmedia":[{"embeddable":true,"href":"https:\/\/sandzakpress.net\/arhiva\/wp-json\/wp\/v2\/media\/204027"}],"wp:attachment":[{"href":"https:\/\/sandzakpress.net\/arhiva\/wp-json\/wp\/v2\/media?parent=204022"}],"wp:term":[{"taxonomy":"category","embeddable":true,"href":"https:\/\/sandzakpress.net\/arhiva\/wp-json\/wp\/v2\/categories?post=204022"},{"taxonomy":"post_tag","embeddable":true,"href":"https:\/\/sandzakpress.net\/arhiva\/wp-json\/wp\/v2\/tags?post=204022"}],"curies":[{"name":"wp","href":"https:\/\/api.w.org\/{rel}","templated":true}]}}