{"id":203913,"date":"2018-03-14T15:45:43","date_gmt":"2018-03-14T14:45:43","guid":{"rendered":"https:\/\/sandzakpress.net\/arhiva\/izetbegovic-bih-se-ponovo-nalazi-na-politickom-historijskom-raskrscu-i-morat-ce-se-odbraniti-od-onih-koji-je-vuku-na-stranputicu"},"modified":"2018-03-14T15:45:43","modified_gmt":"2018-03-14T14:45:43","slug":"izetbegovic-bih-se-ponovo-nalazi-na-politickom-historijskom-raskrscu-i-morat-ce-se-odbraniti-od-onih-koji-je-vuku-na-stranputicu","status":"publish","type":"post","link":"https:\/\/sandzakpress.net\/arhiva\/izetbegovic-bih-se-ponovo-nalazi-na-politickom-historijskom-raskrscu-i-morat-ce-se-odbraniti-od-onih-koji-je-vuku-na-stranputicu\/","title":{"rendered":"Izetbegovi\u0107: BiH se ponovo nalazi na politi\u010dkom historijskom raskr\u0161\u0107u i morat \u0107e se odbraniti od onih koji je vuku na stranputicu"},"content":{"rendered":"<p><span class=\"cb-itemprop\"><\/p>\n<p><img decoding=\"async\" src=\"http:\/\/saff.ba\/wp-content\/uploads\/2018\/03\/Screen-Shot-2018-03-14-at-11.31.19-e1521024833736.jpg\" \/><\/p>\n<p>\u010clan Predsjedni\u0161tva BiH Bakir Izetbegovi\u0107 prisustvovao je okruglom stolu pod nazivom \u201cAgresija na istinu o odbrani RBiH\u201d koji je organizirala Bo\u0161nja\u010dka zajednica kulture \u201cPreporod\u201d i Udru\u017eenje za za\u0161titu tekovina borbe za BiH. Skup se odr\u017eava danas u prostorijama Gazi Husrev-begove biblioteke u Sarajevu.<\/p>\n<div id=\"player-wrapper-56019022150646824\" class=\"jw-ad-visible\"><\/div>\n<div class=\"td-a-rec td-a-rec-id-content_inlineright  td-rec-hide-on-p td_uid_2_5aa922c5da63f_rand td_block_template_1\">\n<div id=\"gpt_unit_\/6485410\/adxp_Saff_300x250_3_ad_container\">\n<div><img loading=\"lazy\" decoding=\"async\" src=\"http:\/\/beacon-eu-ams3.rubiconproject.com\/beacon\/d\/23581d9b-338a-42f8-91db-2a97800651fc?oo=0&amp;accountId=12398&amp;siteId=51234&amp;zoneId=230802&amp;e=6A1E40E384DA563B7B3A57811838E394745DC070CDD7397E579C11F0413CEFF8EF999F43A8156D55567AFFD49CC7E7D9FE5D718BBE08EF1C668F87E6D5A774DD45EA448E624FF4AD115F50452686569C172CD28438FCBB6A0A85F1B2498A61AEA9ABE49630DE728375789CC4A5F3AF3535252A01A94AF3A821BFF755D7B6B7BB01B161855D5543C4ADD84CD4C36B4A0ECDA10306204D320B\" alt=\"\" width=\"1\" height=\"1\" border=\"0\" \/><\/div>\n<div id=\"beacon_889e883861\"><img loading=\"lazy\" decoding=\"async\" src=\"http:\/\/cat.fr.eu.criteo.com\/delivery\/lg.php?cppv=1&amp;cpp=1MygjnwrK3AwdlJNVFZ5UkRKRmowT1Rpd2NiVEc2UUlRUjBrcEZrOXplYkVGcngxODRibjJOdkZOYnNTRndseFlIVHhTalpNM0dGTjNQemdrQlQ2SjdZRTJVZTQ5akxxWDRSS1RSK3E4UE0xOEVQaVFVQTJqdUVCTGhpNGdncmJFbGFhR2lVaEJCZnJPQTZHQzV1NlJjSlg1OGRJeHVsTEFtWGxIdkgzYmhXTkVUaW96Q3NPcUI2cnRET3RPdG9LZm5sWTEwN2kzamZKZ2tjcUFPZnIzbnZxc0JaMWNXOXByWTRMVk9aS2kzTmhPWFdzdmg0Q05XQTk2YU1LQVFudW9Edjh6fA%3D%3D\" width=\"0\" height=\"0\" \/><\/div>\n<div><\/div>\n<\/div>\n<\/div>\n<p>Izetbegovi\u0107 je zahvalio BZK \u201cPreporod\u201d i njenom predsjedniku profesoru Senadinu Lavi\u0107u \u0161to \u201cnas je okupio na veoma va\u017enoj temi, prepoznav\u0161i zabrinjavaju\u0107i trend i opasne namjere relativiziranja istine, izjedna\u010davanja sukobljenih strana, stigmatizacije branioca, odnosno, kako sam naziv ovog okupljanja i okruglog stola ka\u017ee \u2013 nove agresije, ovaj put usmjerene na istinu o odbrani Republike Bosne i Hercegovine\u201d.<\/p>\n<p>Dodao je da se radi o veoma va\u017enoj temi, o opasnom fenomenu \u2013 \u201cmoramo ga prepoznati, ocrtati njegovu fizionomiju, definisati urotu koja prijeti da nagrize najvredniji kapital kojim raspola\u017eemo: istinu o agresiji i stradanju bosanskih patriota, o nevjerovatnom otporu koji su pru\u017eili brutalnom i nesrazmjerno ja\u010dem napada\u010du. I o \u010distoti te borbe. Branioci BiH su sa\u010duvali jedinstvo zemlje, ali ne samo to \u2013 sa\u010duvali su i obraz, \u010dast i dostojanstvo bosanskog \u010dovjeka\u201d.<\/p>\n<p>Izetbegovi\u0107evo daljnje obra\u0107anje na ovom skupu prenosimo u cijelosti:<\/p>\n<p>Ka\u017eu da u ratu prvo strada istina. Propaganda uvijek prvo ukloni taj \u0161tit, satanizira i oblati drugu stranu, opravda razloge za napad. Dakle, odbraniti istinu o na\u0161oj borbi, ne dopustiti da se ta brana ukloni, u na\u0161em slu\u010daju zna\u010di odbraniti Bosnu i Hercegovinu od novih sukoba, sa\u010duvati postignuti napredak i omogu\u0107iti joj dalju stabilizaciju i nove reformske i integracijske iskorake.<\/p>\n<p>Napadnuta je istina o agresiji na BiH koja se desila prije \u010detvrt vijeka, ali i istina o dana\u0161njem stanju i odnosima u zemlji i naciji. To je i logi\u010dno, jer radi se o istom napadu, koji dolazi iz istih centara, ima iste ciljeve i inspiri\u0161e se istim nacionalisti\u010dkim ideologijama. Ono \u0161to se mijenja i prilago\u0111ava su metodi, taktike, akteri, intenzitet.<\/p>\n<p>BiH ima mnogo problema, nedovoljno unutra\u0161nje kohezije, suprotstavljena su gledanja na pro\u0161lost, suprotstavljene emocije u etni\u010dkim korpusima, dr\u017eavni ustroj je odve\u0107 komplikovan \u2013 vlast redovito \u010dine koalicije od pet partnera, imamo dva entiteta, deset kantona, Distrikt Br\u010dko, 13 ustava, 14 zakonodavnih tijela, toliko i vlada, vi\u0161e od 150 ministara, skoro 600 parlamentaraca itd. Te\u0161ko se kre\u0107emo i ostvarujemo napredak, poput invalida koji jo\u0161 nosi fiksatore. Ali se kre\u0107emo. Napredujemo usporeno u odnosu na jednonacionalne susjede, ali idemo naprijed. Planirani iskoraci koji nas vode ka \u010dlanstvu u NATO-u i EU su na\u010dinjeni: MAP \u0107e biti aktiviran ove godine, Upitnik EU-a je ispunjen tako da i kandidatski status i po\u010detak pregovora sa EU-om o\u010dekujemo do kraja 2018. Ekonomski pokazatelji ne zaostaju za regionom, a bolji smo od susjeda u porastu izvoza, porastu turisti\u010dkih posjeta i padu broja nezaposlenih. Ono \u0161to je najva\u017enija \u010dinjenica jeste ta da su Bosna i Hercegovina, Bosanci i Hercegovci, Bo\u0161njaci, postali politi\u010dki, ekonomski i svaki drugi faktor bez kojeg se ne prave vi\u0161e nikakve kalkulacije u regionu. Ove godine ulazimo u predvorje EU-a i NATO saveza, u roku od 5 do 10 godina \u0107emo biti \u010dlanica ovih mo\u0107nih asocijacija. To je blizu. I sam proces pristupanja je jako va\u017ean za BiH, treba samo pro\u010ditati novu Strategiju EU-a za pro\u0161irenje na Balkan: ona sadr\u017ei odgovor na skoro sva pitanja koja trenuta\u010dno more BiH. Bilateralni sporovi sa Srbijom i Hrvatskom \u0107e se morati ubrzano rije\u0161iti pod nadzorom EU-a; zapaljiva retorika, a naro\u010dito, kako to isti\u010de Strategija, glorifikovanje ratnih zlo\u010dinaca \u0107e morati prestati; zahtjevne reforme koje se odnose na ekonomiju i na vladavinu prava, efikasnu borbu protiv korupcije i organizovanog kriminala \u0107e morati biti provedene.<\/p>\n<p>Destruktivnim snagama \u0107e se rapidno su\u017eavati prostor za djelovanje. One to osje\u0107aju i pokazuju sve ve\u0107u nervozu. BiH se ponovo nalazi na politi\u010dkom historijskom raskr\u0161\u0107u i morat \u0107e se odbraniti od onih koji poku\u0161avaju da je povuku na stranputicu. La\u017e, izjedna\u010davanje strana, stigmatizacija politi\u010dkih i vojnih branioca BiH je putokaz za stranputicu, slijepu ulicu.<\/p>\n<p>Paternalisti\u010dki odnos susjednih zemalja spram BiH, nespremnost da nam vrate na\u0161u imovinu, da plate resurse BiH koje decenijama uzurpiraju ili besplatno koriste, oslanjanje na hrvatske i srpske politi\u010dare u BiH koji im dr\u017ee stranu, neistine o \u201cdeset hiljada radikaliziranih ekstremista\u201d u susjedstvu Hrvatske, zasjedanja Nacionalnog savjeta Srbije radi par mojih rije\u010di o Kosovu i spremnosti da na svaki na\u010din branim teritorijalni integritet BiH, izmi\u0161ljanje paravojnih obuka kod Bo\u0161njaka sa argumentom da djeca koja tr\u010de i guraju stare gume prolaze kroz \u201cvojnu obuku\u201d, tvrdnje visokopozicioniranih politi\u010dara u samoj BiH da Bo\u0161njaci \u017eele stvoriti islamsku dr\u017eavu na teritoriju BiH, neprihvatanje presuda Ha\u0161kog tribunala, vrije\u0111anje ovog suda uz glorifikovanje zlo\u010dinaca i izostanak empatije spram \u017ertava, dodjela odlikovanja presu\u0111enim ratnim zlo\u010dincima, vrije\u0111anje povratnika-Bo\u0161njaka koji \u201cponovo okupiraju Podrinje\u201d, naoru\u017eavanje policijskih snaga RS-a vojnim naoru\u017eanjem, paradiranje paravojnih formacija po Banjoj Luci, podizanje krstova po brdima koja nisu ni katoli\u010dka ni pravoslavna ve\u0107 su zajedni\u010dka, bosanskohercegova\u010dka, negiranje prava na bosanski jezik, napadi na imame i povratnike Bo\u0161njake, prijetnje referendumima o podjeli BiH, planovi za stvaranje tre\u0107eg, hrvatskog entiteta na teritoriju biv\u0161e HZHB, intervjui predsjednika susjednih zemalja koji prizivaju srpko-hrvatsku saradnju u svemu, pa i u ratu, itd, itd\u2026 sve je to na\u0161a stvarnost pred kojom ne smijemo zatvarati o\u010di. Cilj je stavljanje stigme i guranje u defanzivu bh. patriota, naro\u010dito Bo\u0161njaka, nametanje sukrivice za konflikte u pro\u0161losti i eventualne sli\u010dne scenarije koji i dalje \u017eive u glavama nekih lidera na Balkanu.<\/p>\n<p>Na\u017ealost, i neki od Bo\u0161nja\u010dkih politi\u010dara, koji su rat proveli u opkoljenom Sarajevu, gube se u politi\u010dkoj borbi sa strankom koju je osnovao Alija Izetbegovi\u0107, i po\u010dinju da se pona\u0161aju autodestruktivno, ru\u0161e poziciju vlastitog naroda iznose\u0107i besmislene optu\u017ebe da je \u201cbo\u0161nja\u010dka mafija zapo\u010dela rat\u201d, da je \u201cAlija Izetbegovi\u0107 na Prvom Bo\u0161nja\u010dkom saboru odr\u017eanom 1993. godine planirao podjelu Bosne\u201d i sl.<\/p>\n<p>Poseban udarac nacionalistima koji prizivaju podjelu BiH su nanijele dvije presude Ha\u0161kog tribunala iz novembra 2017. godine. Jedna je izre\u010dena Ratku Mladi\u0107u i ona se odnosi na vi\u0161e vezanih UZP-ova srpske strane koji su izmijenili etni\u010dku sliku BiH, po\u010dinili najstra\u0161nije ratne zlo\u010dine nakon II svjetskog rata koji su kulminirali Srebreni\u010dkim genocidom; ovi UZP-ovi su u direktnoj vezi sa Beogradom i Milo\u0161evi\u0107evim re\u017eimom; druga presuda je izre\u010dena Jadranku Prli\u0107u i grupi Hrvata za UZP koji je sezao do Zagreba i Franje Tu\u0111mana. UZP HVO-a nije dosegnuo obuhvatnost srpskog koji su predvodili Milo\u0161evi\u0107 i Karad\u017ei\u0107, ali je i on imao katastrofi\u010dne u\u010dinke \u2013 poru\u0161io je Hercegovinu i srednju Bosnu, poru\u0161iv\u0161i i me\u0111uetni\u010dke i me\u0111uljudske odnose; krenuo je ru\u0161enjem pravoslavne crkve u Mostaru, a zatim i svih d\u017eamija pod kontrolom HVO-a, da bi zavr\u0161io ru\u0161enjem Starog mosta; UZP HZHB-a je protjerao sve Srbe i Bo\u0161njake sa teritorije ove paradr\u017eavice, a najve\u0107u populacijsku i moralnu \u0161tetu nanio samim Hrvatima u Bosni i Hercegovini koji su kraj rata do\u010dekali broj\u010dano prepolovljeni.<\/p>\n<p>Ve\u0107ina srpskih i hrvatskih lidera, u Srbiji, Hrvatskoj i BiH nisu prihvatili ove presude, lo\u0161e su govorili o Sudu i sudijama, dobro o zlo\u010dincima, ni\u0161ta o \u017ertvama.<\/p>\n<p>Umjesto toga krenule su pri\u010de o namje\u0161tenim procesima koji se spremaju komandantima Armije RBiH. Ne znam koliko ima istine u pri\u010dama da se sprema niz procesa uglednim generalima i braniocima koji su simbol odbrane BiH, sa ciljem stvaranja virtuelnog UZP-a Armije RBiH, kako bi se relativizirala dva realna UZP-a po\u010dinjena od nacionalisti\u010dkih strana u BiH. Ono \u0161to znam jeste da se za takav poku\u0161aj, uslijedio on ili ne, trebamo pripremiti. Trebamo organizovati odbranu generala i uglednih branioca ove zemlje onako kako su oni organizovali odbranu Bosne i Hercegovine. Oni su branili nas, vrijeme je da mi branimo njih. Ovo podrazumijeva politi\u010dku, moralnu, ekspertnu i finansijsku potporu.<\/p>\n<p>Jedan od bitnih preduvjeta te odbrane jeste uklanjanje nacionalnog disbalansa u vrhu pravosu\u0111a BiH, koje je skoro o\u010di\u0161\u0107eno od sudija i tu\u017eilaca Bo\u0161njaka. Poku\u0161aje daljnjeg uklanjanja takvih kadrova smo ve\u0107 zaustavili, kao \u0161to smo zaustavili i dono\u0161enje strategija koje su podrazumijevale neke kvote, nacionalne balanse u presudama za ratne zlo\u010dine i sli\u010dne drske besmislice.<\/p>\n<p>Ne mo\u017ee se izjedna\u010diti napada\u010d i branilac, naro\u010dito u slu\u010daju Bosne i Hercegovine \u010dije je multietni\u010dno ratno Predsjedni\u0161tvo zaista smoglo snage da zaustavi poku\u0161aje odmazde u redovima branilaca. Usred rata, u opkoljenom i izgladnjelom Sarajevu, kenulo se u rizi\u010dan obra\u010dun sa pobunjenim komandantima brigada u kojim su se de\u0161avali zlo\u010dini nad Srbima. Akcija pod kodnim nazivom Trebevi\u0107 je uspjela uz te\u0161ke \u017ertve mladih policajaca, i nastavila se diljem BiH uvode\u0107i red i zakon u postrojbe Armije RBiH. Branioci su istinski branili ovu zemlju \u2013 prije svega njeno bi\u0107e, multietni\u010dnu \u0161arolikost, njena sela i gradove, civilno stanovni\u0161tvo, bogomolje. Nacionalisti\u010dke vojske su napadale sve \u0161to ne pripada njihovom etnosu, potirale trag postojanja drugih i druga\u010dijih.<\/p>\n<p>Strana koju je predvodilo i simboliziralo Predsjedni\u0161tvo RBiH na \u010delu sa rahmetli Alijom Izetbegovi\u0107em se hrabro i sistematski suprotstavljala ratnim zlo\u010dinima, procesuirala ih i obeshrabrivala. Druge, paradr\u017eavne i paravojne snage su zlo\u010dine sistematski planirale, ohrabrivale, zata\u0161kavale. \u0160okantni i zastra\u0161uju\u0107i zlo\u010dini su planirani i \u010dinjeni u svrhu pomjeranja stanovni\u0161tva i ostvarenja etni\u010dkih \u010di\u0161\u0107enja, i bili su dio vojne strategije i politi\u010dkog plana.<\/p>\n<p>Naravno da je bilo zlo\u010dina na svim stranama. Nema rata bez zlo\u010dina. Ali na strani legalne vlade RBiH on je bio incident. Na suprotnim stranama \u2013 pravilo. Upravo prihvatanje cjelovite istine o na\u0161oj borbi, sa svim svijetlim i tamnim tonovima koje slika te borbe sadr\u017ei, daje uvjerljivost i autenti\u010dnost toj slici. Mi se ne bojimo istine. Do kraja \u0107emo insistirati na njoj. Ali neistinu, la\u017e i manipulaciju ne\u0107emo dopustiti. Do kraja \u0107emo joj se suprotstavljati.<\/p>\n<p>Izvor: Faktor<\/p>\n<p><\/span><br \/>\nPogledajte vijest na izvornom sajtu:<\/p>\n<p><a href=\"http:\/\/bosnapress.net\/izetbegovic-bih-se-ponovo-nalazi-na-politickom-historijskom-raskrscu-i-morat-ce-se-odbraniti-od-onih-koji-je-vuku-na-stranputicu\/\" target=\"_blank\">Izetbegovi\u0107: BiH se ponovo nalazi na politi\u010dkom historijskom raskr\u0161\u0107u i morat \u0107e se odbraniti od onih koji je vuku na stranputicu<\/a><\/p>\n","protected":false},"excerpt":{"rendered":"<p>\u010clan Predsjedni\u0161tva BiH Bakir Izetbegovi\u0107 prisustvovao je okruglom stolu pod nazivom \u201cAgresija na istinu o odbrani RBiH\u201d koji je organizirala Bo\u0161nja\u010dka zajednica kulture \u201cPreporod\u201d i Udru\u017eenje za za\u0161titu tekovina borbe za BiH. Skup se odr\u017eava danas u prostorijama Gazi Husrev-begove biblioteke u Sarajevu. Izetbegovi\u0107 je zahvalio BZK \u201cPreporod\u201d i njenom predsjedniku profesoru Senadinu Lavi\u0107u \u0161to [&hellip;]<\/p>\n","protected":false},"author":83,"featured_media":203915,"comment_status":"open","ping_status":"open","sticky":false,"template":"","format":"standard","meta":{"footnotes":""},"categories":[10513],"tags":[10466],"class_list":{"0":"post-203913","1":"post","2":"type-post","3":"status-publish","4":"format-standard","5":"has-post-thumbnail","7":"category-bosna-press","8":"tag-bosna-i-hercegovina"},"yoast_head":"<!-- This site is optimized with the Yoast SEO Premium plugin v23.1 (Yoast SEO v24.9) - https:\/\/yoast.com\/wordpress\/plugins\/seo\/ -->\n<title>Izetbegovi\u0107: BiH se ponovo nalazi na politi\u010dkom historijskom raskr\u0161\u0107u i morat \u0107e se odbraniti od onih koji je vuku na stranputicu<\/title>\n<meta name=\"robots\" content=\"index, follow, max-snippet:-1, max-image-preview:large, max-video-preview:-1\" \/>\n<link rel=\"canonical\" href=\"https:\/\/sandzakpress.net\/arhiva\/izetbegovic-bih-se-ponovo-nalazi-na-politickom-historijskom-raskrscu-i-morat-ce-se-odbraniti-od-onih-koji-je-vuku-na-stranputicu\/\" \/>\n<meta property=\"og:locale\" content=\"bs_BA\" \/>\n<meta property=\"og:type\" content=\"article\" \/>\n<meta property=\"og:title\" content=\"Izetbegovi\u0107: BiH se ponovo nalazi na politi\u010dkom historijskom raskr\u0161\u0107u i morat \u0107e se odbraniti od onih koji je vuku na stranputicu\" \/>\n<meta property=\"og:description\" content=\"\u010clan Predsjedni\u0161tva BiH Bakir Izetbegovi\u0107 prisustvovao je okruglom stolu pod nazivom \u201cAgresija na istinu o odbrani RBiH\u201d koji je organizirala Bo\u0161nja\u010dka zajednica kulture \u201cPreporod\u201d i Udru\u017eenje za za\u0161titu tekovina borbe za BiH. Skup se odr\u017eava danas u prostorijama Gazi Husrev-begove biblioteke u Sarajevu. Izetbegovi\u0107 je zahvalio BZK \u201cPreporod\u201d i njenom predsjedniku profesoru Senadinu Lavi\u0107u \u0161to [&hellip;]\" \/>\n<meta property=\"og:url\" content=\"https:\/\/sandzakpress.net\/arhiva\/izetbegovic-bih-se-ponovo-nalazi-na-politickom-historijskom-raskrscu-i-morat-ce-se-odbraniti-od-onih-koji-je-vuku-na-stranputicu\/\" \/>\n<meta property=\"og:site_name\" content=\"Sand\u017eak PRESS\" \/>\n<meta property=\"article:published_time\" content=\"2018-03-14T14:45:43+00:00\" \/>\n<meta property=\"og:image\" content=\"https:\/\/sandzakpress.net\/arhiva\/wp-content\/uploads\/2018\/03\/Screen-Shot-2018-03-14-at-11.31.19-e1521024833736-1.jpg\" \/>\n\t<meta property=\"og:image:width\" content=\"600\" \/>\n\t<meta property=\"og:image:height\" content=\"359\" \/>\n\t<meta property=\"og:image:type\" content=\"image\/jpeg\" \/>\n<meta name=\"author\" content=\"bosniak\" \/>\n<meta name=\"twitter:card\" content=\"summary_large_image\" \/>\n<meta name=\"twitter:label1\" content=\"Written by\" \/>\n\t<meta name=\"twitter:data1\" content=\"bosniak\" \/>\n\t<meta name=\"twitter:label2\" content=\"Est. reading time\" \/>\n\t<meta name=\"twitter:data2\" content=\"9 minuta\" \/>\n<script type=\"application\/ld+json\" class=\"yoast-schema-graph\">{\"@context\":\"https:\/\/schema.org\",\"@graph\":[{\"@type\":\"Article\",\"@id\":\"https:\/\/sandzakpress.net\/arhiva\/izetbegovic-bih-se-ponovo-nalazi-na-politickom-historijskom-raskrscu-i-morat-ce-se-odbraniti-od-onih-koji-je-vuku-na-stranputicu\/#article\",\"isPartOf\":{\"@id\":\"https:\/\/sandzakpress.net\/arhiva\/izetbegovic-bih-se-ponovo-nalazi-na-politickom-historijskom-raskrscu-i-morat-ce-se-odbraniti-od-onih-koji-je-vuku-na-stranputicu\/\"},\"author\":{\"name\":\"bosniak\",\"@id\":\"https:\/\/sandzakpress.net\/arhiva\/#\/schema\/person\/c8baee722073534b583ea7bdb2e36c02\"},\"headline\":\"Izetbegovi\u0107: BiH se ponovo nalazi na politi\u010dkom historijskom raskr\u0161\u0107u i morat \u0107e se odbraniti od onih koji je vuku na stranputicu\",\"datePublished\":\"2018-03-14T14:45:43+00:00\",\"mainEntityOfPage\":{\"@id\":\"https:\/\/sandzakpress.net\/arhiva\/izetbegovic-bih-se-ponovo-nalazi-na-politickom-historijskom-raskrscu-i-morat-ce-se-odbraniti-od-onih-koji-je-vuku-na-stranputicu\/\"},\"wordCount\":1769,\"commentCount\":0,\"publisher\":{\"@id\":\"https:\/\/sandzakpress.net\/arhiva\/#\/schema\/person\/6e72b67d6e51910a1117b3b483ba20bd\"},\"image\":{\"@id\":\"https:\/\/sandzakpress.net\/arhiva\/izetbegovic-bih-se-ponovo-nalazi-na-politickom-historijskom-raskrscu-i-morat-ce-se-odbraniti-od-onih-koji-je-vuku-na-stranputicu\/#primaryimage\"},\"thumbnailUrl\":\"https:\/\/sandzakpress.net\/arhiva\/wp-content\/uploads\/2018\/03\/Screen-Shot-2018-03-14-at-11.31.19-e1521024833736-1.jpg\",\"keywords\":[\"Bosna i Hercegovina\"],\"articleSection\":[\"Bosna PRESS\"],\"inLanguage\":\"bs-BA\",\"potentialAction\":[{\"@type\":\"CommentAction\",\"name\":\"Comment\",\"target\":[\"https:\/\/sandzakpress.net\/arhiva\/izetbegovic-bih-se-ponovo-nalazi-na-politickom-historijskom-raskrscu-i-morat-ce-se-odbraniti-od-onih-koji-je-vuku-na-stranputicu\/#respond\"]}]},{\"@type\":\"WebPage\",\"@id\":\"https:\/\/sandzakpress.net\/arhiva\/izetbegovic-bih-se-ponovo-nalazi-na-politickom-historijskom-raskrscu-i-morat-ce-se-odbraniti-od-onih-koji-je-vuku-na-stranputicu\/\",\"url\":\"https:\/\/sandzakpress.net\/arhiva\/izetbegovic-bih-se-ponovo-nalazi-na-politickom-historijskom-raskrscu-i-morat-ce-se-odbraniti-od-onih-koji-je-vuku-na-stranputicu\/\",\"name\":\"Izetbegovi\u0107: BiH se ponovo nalazi na politi\u010dkom historijskom raskr\u0161\u0107u i morat \u0107e se odbraniti od onih koji je vuku na stranputicu\",\"isPartOf\":{\"@id\":\"https:\/\/sandzakpress.net\/arhiva\/#website\"},\"primaryImageOfPage\":{\"@id\":\"https:\/\/sandzakpress.net\/arhiva\/izetbegovic-bih-se-ponovo-nalazi-na-politickom-historijskom-raskrscu-i-morat-ce-se-odbraniti-od-onih-koji-je-vuku-na-stranputicu\/#primaryimage\"},\"image\":{\"@id\":\"https:\/\/sandzakpress.net\/arhiva\/izetbegovic-bih-se-ponovo-nalazi-na-politickom-historijskom-raskrscu-i-morat-ce-se-odbraniti-od-onih-koji-je-vuku-na-stranputicu\/#primaryimage\"},\"thumbnailUrl\":\"https:\/\/sandzakpress.net\/arhiva\/wp-content\/uploads\/2018\/03\/Screen-Shot-2018-03-14-at-11.31.19-e1521024833736-1.jpg\",\"datePublished\":\"2018-03-14T14:45:43+00:00\",\"breadcrumb\":{\"@id\":\"https:\/\/sandzakpress.net\/arhiva\/izetbegovic-bih-se-ponovo-nalazi-na-politickom-historijskom-raskrscu-i-morat-ce-se-odbraniti-od-onih-koji-je-vuku-na-stranputicu\/#breadcrumb\"},\"inLanguage\":\"bs-BA\",\"potentialAction\":[{\"@type\":\"ReadAction\",\"target\":[\"https:\/\/sandzakpress.net\/arhiva\/izetbegovic-bih-se-ponovo-nalazi-na-politickom-historijskom-raskrscu-i-morat-ce-se-odbraniti-od-onih-koji-je-vuku-na-stranputicu\/\"]}]},{\"@type\":\"ImageObject\",\"inLanguage\":\"bs-BA\",\"@id\":\"https:\/\/sandzakpress.net\/arhiva\/izetbegovic-bih-se-ponovo-nalazi-na-politickom-historijskom-raskrscu-i-morat-ce-se-odbraniti-od-onih-koji-je-vuku-na-stranputicu\/#primaryimage\",\"url\":\"https:\/\/sandzakpress.net\/arhiva\/wp-content\/uploads\/2018\/03\/Screen-Shot-2018-03-14-at-11.31.19-e1521024833736-1.jpg\",\"contentUrl\":\"https:\/\/sandzakpress.net\/arhiva\/wp-content\/uploads\/2018\/03\/Screen-Shot-2018-03-14-at-11.31.19-e1521024833736-1.jpg\",\"width\":600,\"height\":359},{\"@type\":\"BreadcrumbList\",\"@id\":\"https:\/\/sandzakpress.net\/arhiva\/izetbegovic-bih-se-ponovo-nalazi-na-politickom-historijskom-raskrscu-i-morat-ce-se-odbraniti-od-onih-koji-je-vuku-na-stranputicu\/#breadcrumb\",\"itemListElement\":[{\"@type\":\"ListItem\",\"position\":1,\"name\":\"Home\",\"item\":\"https:\/\/sandzakpress.net\/arhiva\/\"},{\"@type\":\"ListItem\",\"position\":2,\"name\":\"Izetbegovi\u0107: BiH se ponovo nalazi na politi\u010dkom historijskom raskr\u0161\u0107u i morat \u0107e se odbraniti od onih koji je vuku na stranputicu\"}]},{\"@type\":\"WebSite\",\"@id\":\"https:\/\/sandzakpress.net\/arhiva\/#website\",\"url\":\"https:\/\/sandzakpress.net\/arhiva\/\",\"name\":\"Sand\u017eak PRESS\",\"description\":\"Prve elektronske novine u Sand\u017eaku\",\"publisher\":{\"@id\":\"https:\/\/sandzakpress.net\/arhiva\/#\/schema\/person\/6e72b67d6e51910a1117b3b483ba20bd\"},\"potentialAction\":[{\"@type\":\"SearchAction\",\"target\":{\"@type\":\"EntryPoint\",\"urlTemplate\":\"https:\/\/sandzakpress.net\/arhiva\/?s={search_term_string}\"},\"query-input\":{\"@type\":\"PropertyValueSpecification\",\"valueRequired\":true,\"valueName\":\"search_term_string\"}}],\"inLanguage\":\"bs-BA\"},{\"@type\":[\"Person\",\"Organization\"],\"@id\":\"https:\/\/sandzakpress.net\/arhiva\/#\/schema\/person\/6e72b67d6e51910a1117b3b483ba20bd\",\"name\":\"Kul\",\"image\":{\"@type\":\"ImageObject\",\"inLanguage\":\"bs-BA\",\"@id\":\"https:\/\/sandzakpress.net\/arhiva\/#\/schema\/person\/image\/\",\"url\":\"https:\/\/secure.gravatar.com\/avatar\/42263f39aa27ac04c43cab85c280eb2e?s=96&d=mm&r=pg\",\"contentUrl\":\"https:\/\/secure.gravatar.com\/avatar\/42263f39aa27ac04c43cab85c280eb2e?s=96&d=mm&r=pg\",\"caption\":\"Kul\"},\"logo\":{\"@id\":\"https:\/\/sandzakpress.net\/arhiva\/#\/schema\/person\/image\/\"}},{\"@type\":\"Person\",\"@id\":\"https:\/\/sandzakpress.net\/arhiva\/#\/schema\/person\/c8baee722073534b583ea7bdb2e36c02\",\"name\":\"bosniak\",\"image\":{\"@type\":\"ImageObject\",\"inLanguage\":\"bs-BA\",\"@id\":\"https:\/\/sandzakpress.net\/arhiva\/#\/schema\/person\/image\/\",\"url\":\"https:\/\/secure.gravatar.com\/avatar\/a04fd330bfe3a36a72a0ad4a6d89fca7?s=96&d=mm&r=pg\",\"contentUrl\":\"https:\/\/secure.gravatar.com\/avatar\/a04fd330bfe3a36a72a0ad4a6d89fca7?s=96&d=mm&r=pg\",\"caption\":\"bosniak\"},\"url\":\"https:\/\/sandzakpress.net\/arhiva\/author\/bosniak\/\"}]}<\/script>\n<!-- \/ Yoast SEO Premium plugin. -->","yoast_head_json":{"title":"Izetbegovi\u0107: BiH se ponovo nalazi na politi\u010dkom historijskom raskr\u0161\u0107u i morat \u0107e se odbraniti od onih koji je vuku na stranputicu","robots":{"index":"index","follow":"follow","max-snippet":"max-snippet:-1","max-image-preview":"max-image-preview:large","max-video-preview":"max-video-preview:-1"},"canonical":"https:\/\/sandzakpress.net\/arhiva\/izetbegovic-bih-se-ponovo-nalazi-na-politickom-historijskom-raskrscu-i-morat-ce-se-odbraniti-od-onih-koji-je-vuku-na-stranputicu\/","og_locale":"bs_BA","og_type":"article","og_title":"Izetbegovi\u0107: BiH se ponovo nalazi na politi\u010dkom historijskom raskr\u0161\u0107u i morat \u0107e se odbraniti od onih koji je vuku na stranputicu","og_description":"\u010clan Predsjedni\u0161tva BiH Bakir Izetbegovi\u0107 prisustvovao je okruglom stolu pod nazivom \u201cAgresija na istinu o odbrani RBiH\u201d koji je organizirala Bo\u0161nja\u010dka zajednica kulture \u201cPreporod\u201d i Udru\u017eenje za za\u0161titu tekovina borbe za BiH. Skup se odr\u017eava danas u prostorijama Gazi Husrev-begove biblioteke u Sarajevu. Izetbegovi\u0107 je zahvalio BZK \u201cPreporod\u201d i njenom predsjedniku profesoru Senadinu Lavi\u0107u \u0161to [&hellip;]","og_url":"https:\/\/sandzakpress.net\/arhiva\/izetbegovic-bih-se-ponovo-nalazi-na-politickom-historijskom-raskrscu-i-morat-ce-se-odbraniti-od-onih-koji-je-vuku-na-stranputicu\/","og_site_name":"Sand\u017eak PRESS","article_published_time":"2018-03-14T14:45:43+00:00","og_image":[{"width":600,"height":359,"url":"https:\/\/sandzakpress.net\/arhiva\/wp-content\/uploads\/2018\/03\/Screen-Shot-2018-03-14-at-11.31.19-e1521024833736-1.jpg","type":"image\/jpeg"}],"author":"bosniak","twitter_card":"summary_large_image","twitter_misc":{"Written by":"bosniak","Est. reading time":"9 minuta"},"schema":{"@context":"https:\/\/schema.org","@graph":[{"@type":"Article","@id":"https:\/\/sandzakpress.net\/arhiva\/izetbegovic-bih-se-ponovo-nalazi-na-politickom-historijskom-raskrscu-i-morat-ce-se-odbraniti-od-onih-koji-je-vuku-na-stranputicu\/#article","isPartOf":{"@id":"https:\/\/sandzakpress.net\/arhiva\/izetbegovic-bih-se-ponovo-nalazi-na-politickom-historijskom-raskrscu-i-morat-ce-se-odbraniti-od-onih-koji-je-vuku-na-stranputicu\/"},"author":{"name":"bosniak","@id":"https:\/\/sandzakpress.net\/arhiva\/#\/schema\/person\/c8baee722073534b583ea7bdb2e36c02"},"headline":"Izetbegovi\u0107: BiH se ponovo nalazi na politi\u010dkom historijskom raskr\u0161\u0107u i morat \u0107e se odbraniti od onih koji je vuku na stranputicu","datePublished":"2018-03-14T14:45:43+00:00","mainEntityOfPage":{"@id":"https:\/\/sandzakpress.net\/arhiva\/izetbegovic-bih-se-ponovo-nalazi-na-politickom-historijskom-raskrscu-i-morat-ce-se-odbraniti-od-onih-koji-je-vuku-na-stranputicu\/"},"wordCount":1769,"commentCount":0,"publisher":{"@id":"https:\/\/sandzakpress.net\/arhiva\/#\/schema\/person\/6e72b67d6e51910a1117b3b483ba20bd"},"image":{"@id":"https:\/\/sandzakpress.net\/arhiva\/izetbegovic-bih-se-ponovo-nalazi-na-politickom-historijskom-raskrscu-i-morat-ce-se-odbraniti-od-onih-koji-je-vuku-na-stranputicu\/#primaryimage"},"thumbnailUrl":"https:\/\/sandzakpress.net\/arhiva\/wp-content\/uploads\/2018\/03\/Screen-Shot-2018-03-14-at-11.31.19-e1521024833736-1.jpg","keywords":["Bosna i Hercegovina"],"articleSection":["Bosna PRESS"],"inLanguage":"bs-BA","potentialAction":[{"@type":"CommentAction","name":"Comment","target":["https:\/\/sandzakpress.net\/arhiva\/izetbegovic-bih-se-ponovo-nalazi-na-politickom-historijskom-raskrscu-i-morat-ce-se-odbraniti-od-onih-koji-je-vuku-na-stranputicu\/#respond"]}]},{"@type":"WebPage","@id":"https:\/\/sandzakpress.net\/arhiva\/izetbegovic-bih-se-ponovo-nalazi-na-politickom-historijskom-raskrscu-i-morat-ce-se-odbraniti-od-onih-koji-je-vuku-na-stranputicu\/","url":"https:\/\/sandzakpress.net\/arhiva\/izetbegovic-bih-se-ponovo-nalazi-na-politickom-historijskom-raskrscu-i-morat-ce-se-odbraniti-od-onih-koji-je-vuku-na-stranputicu\/","name":"Izetbegovi\u0107: BiH se ponovo nalazi na politi\u010dkom historijskom raskr\u0161\u0107u i morat \u0107e se odbraniti od onih koji je vuku na stranputicu","isPartOf":{"@id":"https:\/\/sandzakpress.net\/arhiva\/#website"},"primaryImageOfPage":{"@id":"https:\/\/sandzakpress.net\/arhiva\/izetbegovic-bih-se-ponovo-nalazi-na-politickom-historijskom-raskrscu-i-morat-ce-se-odbraniti-od-onih-koji-je-vuku-na-stranputicu\/#primaryimage"},"image":{"@id":"https:\/\/sandzakpress.net\/arhiva\/izetbegovic-bih-se-ponovo-nalazi-na-politickom-historijskom-raskrscu-i-morat-ce-se-odbraniti-od-onih-koji-je-vuku-na-stranputicu\/#primaryimage"},"thumbnailUrl":"https:\/\/sandzakpress.net\/arhiva\/wp-content\/uploads\/2018\/03\/Screen-Shot-2018-03-14-at-11.31.19-e1521024833736-1.jpg","datePublished":"2018-03-14T14:45:43+00:00","breadcrumb":{"@id":"https:\/\/sandzakpress.net\/arhiva\/izetbegovic-bih-se-ponovo-nalazi-na-politickom-historijskom-raskrscu-i-morat-ce-se-odbraniti-od-onih-koji-je-vuku-na-stranputicu\/#breadcrumb"},"inLanguage":"bs-BA","potentialAction":[{"@type":"ReadAction","target":["https:\/\/sandzakpress.net\/arhiva\/izetbegovic-bih-se-ponovo-nalazi-na-politickom-historijskom-raskrscu-i-morat-ce-se-odbraniti-od-onih-koji-je-vuku-na-stranputicu\/"]}]},{"@type":"ImageObject","inLanguage":"bs-BA","@id":"https:\/\/sandzakpress.net\/arhiva\/izetbegovic-bih-se-ponovo-nalazi-na-politickom-historijskom-raskrscu-i-morat-ce-se-odbraniti-od-onih-koji-je-vuku-na-stranputicu\/#primaryimage","url":"https:\/\/sandzakpress.net\/arhiva\/wp-content\/uploads\/2018\/03\/Screen-Shot-2018-03-14-at-11.31.19-e1521024833736-1.jpg","contentUrl":"https:\/\/sandzakpress.net\/arhiva\/wp-content\/uploads\/2018\/03\/Screen-Shot-2018-03-14-at-11.31.19-e1521024833736-1.jpg","width":600,"height":359},{"@type":"BreadcrumbList","@id":"https:\/\/sandzakpress.net\/arhiva\/izetbegovic-bih-se-ponovo-nalazi-na-politickom-historijskom-raskrscu-i-morat-ce-se-odbraniti-od-onih-koji-je-vuku-na-stranputicu\/#breadcrumb","itemListElement":[{"@type":"ListItem","position":1,"name":"Home","item":"https:\/\/sandzakpress.net\/arhiva\/"},{"@type":"ListItem","position":2,"name":"Izetbegovi\u0107: BiH se ponovo nalazi na politi\u010dkom historijskom raskr\u0161\u0107u i morat \u0107e se odbraniti od onih koji je vuku na stranputicu"}]},{"@type":"WebSite","@id":"https:\/\/sandzakpress.net\/arhiva\/#website","url":"https:\/\/sandzakpress.net\/arhiva\/","name":"Sand\u017eak PRESS","description":"Prve elektronske novine u Sand\u017eaku","publisher":{"@id":"https:\/\/sandzakpress.net\/arhiva\/#\/schema\/person\/6e72b67d6e51910a1117b3b483ba20bd"},"potentialAction":[{"@type":"SearchAction","target":{"@type":"EntryPoint","urlTemplate":"https:\/\/sandzakpress.net\/arhiva\/?s={search_term_string}"},"query-input":{"@type":"PropertyValueSpecification","valueRequired":true,"valueName":"search_term_string"}}],"inLanguage":"bs-BA"},{"@type":["Person","Organization"],"@id":"https:\/\/sandzakpress.net\/arhiva\/#\/schema\/person\/6e72b67d6e51910a1117b3b483ba20bd","name":"Kul","image":{"@type":"ImageObject","inLanguage":"bs-BA","@id":"https:\/\/sandzakpress.net\/arhiva\/#\/schema\/person\/image\/","url":"https:\/\/secure.gravatar.com\/avatar\/42263f39aa27ac04c43cab85c280eb2e?s=96&d=mm&r=pg","contentUrl":"https:\/\/secure.gravatar.com\/avatar\/42263f39aa27ac04c43cab85c280eb2e?s=96&d=mm&r=pg","caption":"Kul"},"logo":{"@id":"https:\/\/sandzakpress.net\/arhiva\/#\/schema\/person\/image\/"}},{"@type":"Person","@id":"https:\/\/sandzakpress.net\/arhiva\/#\/schema\/person\/c8baee722073534b583ea7bdb2e36c02","name":"bosniak","image":{"@type":"ImageObject","inLanguage":"bs-BA","@id":"https:\/\/sandzakpress.net\/arhiva\/#\/schema\/person\/image\/","url":"https:\/\/secure.gravatar.com\/avatar\/a04fd330bfe3a36a72a0ad4a6d89fca7?s=96&d=mm&r=pg","contentUrl":"https:\/\/secure.gravatar.com\/avatar\/a04fd330bfe3a36a72a0ad4a6d89fca7?s=96&d=mm&r=pg","caption":"bosniak"},"url":"https:\/\/sandzakpress.net\/arhiva\/author\/bosniak\/"}]}},"_links":{"self":[{"href":"https:\/\/sandzakpress.net\/arhiva\/wp-json\/wp\/v2\/posts\/203913"}],"collection":[{"href":"https:\/\/sandzakpress.net\/arhiva\/wp-json\/wp\/v2\/posts"}],"about":[{"href":"https:\/\/sandzakpress.net\/arhiva\/wp-json\/wp\/v2\/types\/post"}],"author":[{"embeddable":true,"href":"https:\/\/sandzakpress.net\/arhiva\/wp-json\/wp\/v2\/users\/83"}],"replies":[{"embeddable":true,"href":"https:\/\/sandzakpress.net\/arhiva\/wp-json\/wp\/v2\/comments?post=203913"}],"version-history":[{"count":0,"href":"https:\/\/sandzakpress.net\/arhiva\/wp-json\/wp\/v2\/posts\/203913\/revisions"}],"wp:featuredmedia":[{"embeddable":true,"href":"https:\/\/sandzakpress.net\/arhiva\/wp-json\/wp\/v2\/media\/203915"}],"wp:attachment":[{"href":"https:\/\/sandzakpress.net\/arhiva\/wp-json\/wp\/v2\/media?parent=203913"}],"wp:term":[{"taxonomy":"category","embeddable":true,"href":"https:\/\/sandzakpress.net\/arhiva\/wp-json\/wp\/v2\/categories?post=203913"},{"taxonomy":"post_tag","embeddable":true,"href":"https:\/\/sandzakpress.net\/arhiva\/wp-json\/wp\/v2\/tags?post=203913"}],"curies":[{"name":"wp","href":"https:\/\/api.w.org\/{rel}","templated":true}]}}