{"id":203785,"date":"2018-03-12T11:22:53","date_gmt":"2018-03-12T10:22:53","guid":{"rendered":"https:\/\/sandzakpress.net\/arhiva\/?p=203785"},"modified":"2018-03-12T14:27:51","modified_gmt":"2018-03-12T13:27:51","slug":"sabina-dolovac-na-celu-okruznog-zatvora","status":"publish","type":"post","link":"https:\/\/sandzakpress.net\/arhiva\/sabina-dolovac-na-celu-okruznog-zatvora\/","title":{"rendered":"Sabina Dolovac na \u010delu Okru\u017enog zatvora"},"content":{"rendered":"<p><img decoding=\"async\" src=\"http:\/\/www.sandzacke.rs\/wp-content\/uploads\/2018\/03\/zatvor-np-2-696x469.jpg\" \/><\/p>\n<p><strong>Ministarka pravde Nela Kuburovi\u0107 imenovala je Sabinu Dolovac za novu upravnicu Okru\u017enog zatvora u Novom Pazaru, re\u010deno je u Upravi za izvr\u0161enje krivi\u010dnih sankcija.<\/strong><\/p>\n<p>Ona je na tom mjestu naslijedila Muamera Suljovi\u0107a koji je, na sopstveni zahtjev, 5. marta penzionisan.<\/p>\n<p>Dolovac, diplomirana ekonomistkinja, je do sada vr\u0161ila funkciju \u0161efice Odjseka za materijalno finansijske poslove u Okru\u017enom zatvoru.<\/p>\n<p>U period od 2012. do 2016. godine bila je odbornica u Skup\u0161tini Novog Pazara, kao \u010dlanica Sand\u017ea\u010dke demokratske partije.<\/p>\n<p>(<a href=\"http:\/\/saznajemo.net\/sabina-dolovac-na-celu-okruznog-zatvora\/\">Saznajemo<\/a>)<\/p>\n","protected":false},"excerpt":{"rendered":"<p>Ministarka pravde Nela Kuburovi\u0107 imenovala je Sabinu Dolovac za novu upravnicu Okru\u017enog zatvora u Novom Pazaru, re\u010deno je u Upravi za izvr\u0161enje krivi\u010dnih sankcija. Ona je na tom mjestu naslijedila Muamera Suljovi\u0107a koji je, na sopstveni zahtjev, 5. marta penzionisan. Dolovac, diplomirana ekonomistkinja, je do sada vr\u0161ila funkciju \u0161efice Odjseka za materijalno finansijske poslove u [&hellip;]<\/p>\n","protected":false},"author":509,"featured_media":203789,"comment_status":"open","ping_status":"open","sticky":false,"template":"","format":"standard","meta":{"footnotes":""},"categories":[72,5,8957],"tags":[],"class_list":{"0":"post-203785","1":"post","2":"type-post","3":"status-publish","4":"format-standard","5":"has-post-thumbnail","7":"category-novi-pazar","8":"category-drustvo","9":"category-vijesti-dana"},"yoast_head":"<!-- This site is optimized with the Yoast SEO Premium plugin v23.1 (Yoast SEO v24.9) - https:\/\/yoast.com\/wordpress\/plugins\/seo\/ -->\n<title>Sabina Dolovac na \u010delu Okru\u017enog zatvora<\/title>\n<meta name=\"robots\" content=\"index, follow, max-snippet:-1, max-image-preview:large, max-video-preview:-1\" \/>\n<link rel=\"canonical\" href=\"https:\/\/sandzakpress.net\/arhiva\/sabina-dolovac-na-celu-okruznog-zatvora\/\" \/>\n<meta property=\"og:locale\" content=\"bs_BA\" \/>\n<meta property=\"og:type\" content=\"article\" \/>\n<meta property=\"og:title\" content=\"Sabina Dolovac na \u010delu Okru\u017enog zatvora\" \/>\n<meta property=\"og:description\" content=\"Ministarka pravde Nela Kuburovi\u0107 imenovala je Sabinu Dolovac za novu upravnicu Okru\u017enog zatvora u Novom Pazaru, re\u010deno je u Upravi za izvr\u0161enje krivi\u010dnih sankcija. Ona je na tom mjestu naslijedila Muamera Suljovi\u0107a koji je, na sopstveni zahtjev, 5. marta penzionisan. Dolovac, diplomirana ekonomistkinja, je do sada vr\u0161ila funkciju \u0161efice Odjseka za materijalno finansijske poslove u [&hellip;]\" \/>\n<meta property=\"og:url\" content=\"https:\/\/sandzakpress.net\/arhiva\/sabina-dolovac-na-celu-okruznog-zatvora\/\" \/>\n<meta property=\"og:site_name\" content=\"Sand\u017eak PRESS\" \/>\n<meta property=\"article:published_time\" content=\"2018-03-12T10:22:53+00:00\" \/>\n<meta property=\"article:modified_time\" content=\"2018-03-12T13:27:51+00:00\" \/>\n<meta property=\"og:image\" content=\"https:\/\/sandzakpress.net\/arhiva\/wp-content\/uploads\/2018\/03\/zatvor-np-2-696x469.jpg\" \/>\n\t<meta property=\"og:image:width\" content=\"696\" \/>\n\t<meta property=\"og:image:height\" content=\"469\" \/>\n\t<meta property=\"og:image:type\" content=\"image\/jpeg\" \/>\n<meta name=\"author\" content=\"Agencija\" \/>\n<meta name=\"twitter:card\" content=\"summary_large_image\" \/>\n<meta name=\"twitter:label1\" content=\"Written by\" \/>\n\t<meta name=\"twitter:data1\" content=\"Agencija\" \/>\n<script type=\"application\/ld+json\" class=\"yoast-schema-graph\">{\"@context\":\"https:\/\/schema.org\",\"@graph\":[{\"@type\":\"Article\",\"@id\":\"https:\/\/sandzakpress.net\/arhiva\/sabina-dolovac-na-celu-okruznog-zatvora\/#article\",\"isPartOf\":{\"@id\":\"https:\/\/sandzakpress.net\/arhiva\/sabina-dolovac-na-celu-okruznog-zatvora\/\"},\"author\":{\"name\":\"Agencija\",\"@id\":\"https:\/\/sandzakpress.net\/arhiva\/#\/schema\/person\/cb59d7e3ab91ab90dd680ad0305a6185\"},\"headline\":\"Sabina Dolovac na \u010delu Okru\u017enog zatvora\",\"datePublished\":\"2018-03-12T10:22:53+00:00\",\"dateModified\":\"2018-03-12T13:27:51+00:00\",\"mainEntityOfPage\":{\"@id\":\"https:\/\/sandzakpress.net\/arhiva\/sabina-dolovac-na-celu-okruznog-zatvora\/\"},\"wordCount\":91,\"commentCount\":1,\"publisher\":{\"@id\":\"https:\/\/sandzakpress.net\/arhiva\/#\/schema\/person\/6e72b67d6e51910a1117b3b483ba20bd\"},\"image\":{\"@id\":\"https:\/\/sandzakpress.net\/arhiva\/sabina-dolovac-na-celu-okruznog-zatvora\/#primaryimage\"},\"thumbnailUrl\":\"https:\/\/sandzakpress.net\/arhiva\/wp-content\/uploads\/2018\/03\/zatvor-np-2-696x469.jpg\",\"articleSection\":[\"Novi Pazar\",\"Dru\u0161tvo\",\"VIJESTI DANA\"],\"inLanguage\":\"bs-BA\",\"potentialAction\":[{\"@type\":\"CommentAction\",\"name\":\"Comment\",\"target\":[\"https:\/\/sandzakpress.net\/arhiva\/sabina-dolovac-na-celu-okruznog-zatvora\/#respond\"]}]},{\"@type\":\"WebPage\",\"@id\":\"https:\/\/sandzakpress.net\/arhiva\/sabina-dolovac-na-celu-okruznog-zatvora\/\",\"url\":\"https:\/\/sandzakpress.net\/arhiva\/sabina-dolovac-na-celu-okruznog-zatvora\/\",\"name\":\"Sabina Dolovac na \u010delu Okru\u017enog zatvora\",\"isPartOf\":{\"@id\":\"https:\/\/sandzakpress.net\/arhiva\/#website\"},\"primaryImageOfPage\":{\"@id\":\"https:\/\/sandzakpress.net\/arhiva\/sabina-dolovac-na-celu-okruznog-zatvora\/#primaryimage\"},\"image\":{\"@id\":\"https:\/\/sandzakpress.net\/arhiva\/sabina-dolovac-na-celu-okruznog-zatvora\/#primaryimage\"},\"thumbnailUrl\":\"https:\/\/sandzakpress.net\/arhiva\/wp-content\/uploads\/2018\/03\/zatvor-np-2-696x469.jpg\",\"datePublished\":\"2018-03-12T10:22:53+00:00\",\"dateModified\":\"2018-03-12T13:27:51+00:00\",\"breadcrumb\":{\"@id\":\"https:\/\/sandzakpress.net\/arhiva\/sabina-dolovac-na-celu-okruznog-zatvora\/#breadcrumb\"},\"inLanguage\":\"bs-BA\",\"potentialAction\":[{\"@type\":\"ReadAction\",\"target\":[\"https:\/\/sandzakpress.net\/arhiva\/sabina-dolovac-na-celu-okruznog-zatvora\/\"]}]},{\"@type\":\"ImageObject\",\"inLanguage\":\"bs-BA\",\"@id\":\"https:\/\/sandzakpress.net\/arhiva\/sabina-dolovac-na-celu-okruznog-zatvora\/#primaryimage\",\"url\":\"https:\/\/sandzakpress.net\/arhiva\/wp-content\/uploads\/2018\/03\/zatvor-np-2-696x469.jpg\",\"contentUrl\":\"https:\/\/sandzakpress.net\/arhiva\/wp-content\/uploads\/2018\/03\/zatvor-np-2-696x469.jpg\",\"width\":696,\"height\":469},{\"@type\":\"BreadcrumbList\",\"@id\":\"https:\/\/sandzakpress.net\/arhiva\/sabina-dolovac-na-celu-okruznog-zatvora\/#breadcrumb\",\"itemListElement\":[{\"@type\":\"ListItem\",\"position\":1,\"name\":\"Home\",\"item\":\"https:\/\/sandzakpress.net\/arhiva\/\"},{\"@type\":\"ListItem\",\"position\":2,\"name\":\"Sabina Dolovac na \u010delu Okru\u017enog zatvora\"}]},{\"@type\":\"WebSite\",\"@id\":\"https:\/\/sandzakpress.net\/arhiva\/#website\",\"url\":\"https:\/\/sandzakpress.net\/arhiva\/\",\"name\":\"Sand\u017eak PRESS\",\"description\":\"Prve elektronske novine u Sand\u017eaku\",\"publisher\":{\"@id\":\"https:\/\/sandzakpress.net\/arhiva\/#\/schema\/person\/6e72b67d6e51910a1117b3b483ba20bd\"},\"potentialAction\":[{\"@type\":\"SearchAction\",\"target\":{\"@type\":\"EntryPoint\",\"urlTemplate\":\"https:\/\/sandzakpress.net\/arhiva\/?s={search_term_string}\"},\"query-input\":{\"@type\":\"PropertyValueSpecification\",\"valueRequired\":true,\"valueName\":\"search_term_string\"}}],\"inLanguage\":\"bs-BA\"},{\"@type\":[\"Person\",\"Organization\"],\"@id\":\"https:\/\/sandzakpress.net\/arhiva\/#\/schema\/person\/6e72b67d6e51910a1117b3b483ba20bd\",\"name\":\"Kul\",\"image\":{\"@type\":\"ImageObject\",\"inLanguage\":\"bs-BA\",\"@id\":\"https:\/\/sandzakpress.net\/arhiva\/#\/schema\/person\/image\/\",\"url\":\"https:\/\/secure.gravatar.com\/avatar\/42263f39aa27ac04c43cab85c280eb2e?s=96&d=mm&r=pg\",\"contentUrl\":\"https:\/\/secure.gravatar.com\/avatar\/42263f39aa27ac04c43cab85c280eb2e?s=96&d=mm&r=pg\",\"caption\":\"Kul\"},\"logo\":{\"@id\":\"https:\/\/sandzakpress.net\/arhiva\/#\/schema\/person\/image\/\"}},{\"@type\":\"Person\",\"@id\":\"https:\/\/sandzakpress.net\/arhiva\/#\/schema\/person\/cb59d7e3ab91ab90dd680ad0305a6185\",\"name\":\"Agencija\",\"image\":{\"@type\":\"ImageObject\",\"inLanguage\":\"bs-BA\",\"@id\":\"https:\/\/sandzakpress.net\/arhiva\/#\/schema\/person\/image\/\",\"url\":\"https:\/\/secure.gravatar.com\/avatar\/4b7fafa80a22f0c2afe23966b3961fe0?s=96&d=mm&r=pg\",\"contentUrl\":\"https:\/\/secure.gravatar.com\/avatar\/4b7fafa80a22f0c2afe23966b3961fe0?s=96&d=mm&r=pg\",\"caption\":\"Agencija\"},\"url\":\"https:\/\/sandzakpress.net\/arhiva\/author\/agencija\/\"}]}<\/script>\n<!-- \/ Yoast SEO Premium plugin. -->","yoast_head_json":{"title":"Sabina Dolovac na \u010delu Okru\u017enog zatvora","robots":{"index":"index","follow":"follow","max-snippet":"max-snippet:-1","max-image-preview":"max-image-preview:large","max-video-preview":"max-video-preview:-1"},"canonical":"https:\/\/sandzakpress.net\/arhiva\/sabina-dolovac-na-celu-okruznog-zatvora\/","og_locale":"bs_BA","og_type":"article","og_title":"Sabina Dolovac na \u010delu Okru\u017enog zatvora","og_description":"Ministarka pravde Nela Kuburovi\u0107 imenovala je Sabinu Dolovac za novu upravnicu Okru\u017enog zatvora u Novom Pazaru, re\u010deno je u Upravi za izvr\u0161enje krivi\u010dnih sankcija. Ona je na tom mjestu naslijedila Muamera Suljovi\u0107a koji je, na sopstveni zahtjev, 5. marta penzionisan. Dolovac, diplomirana ekonomistkinja, je do sada vr\u0161ila funkciju \u0161efice Odjseka za materijalno finansijske poslove u [&hellip;]","og_url":"https:\/\/sandzakpress.net\/arhiva\/sabina-dolovac-na-celu-okruznog-zatvora\/","og_site_name":"Sand\u017eak PRESS","article_published_time":"2018-03-12T10:22:53+00:00","article_modified_time":"2018-03-12T13:27:51+00:00","og_image":[{"width":696,"height":469,"url":"https:\/\/sandzakpress.net\/arhiva\/wp-content\/uploads\/2018\/03\/zatvor-np-2-696x469.jpg","type":"image\/jpeg"}],"author":"Agencija","twitter_card":"summary_large_image","twitter_misc":{"Written by":"Agencija"},"schema":{"@context":"https:\/\/schema.org","@graph":[{"@type":"Article","@id":"https:\/\/sandzakpress.net\/arhiva\/sabina-dolovac-na-celu-okruznog-zatvora\/#article","isPartOf":{"@id":"https:\/\/sandzakpress.net\/arhiva\/sabina-dolovac-na-celu-okruznog-zatvora\/"},"author":{"name":"Agencija","@id":"https:\/\/sandzakpress.net\/arhiva\/#\/schema\/person\/cb59d7e3ab91ab90dd680ad0305a6185"},"headline":"Sabina Dolovac na \u010delu Okru\u017enog zatvora","datePublished":"2018-03-12T10:22:53+00:00","dateModified":"2018-03-12T13:27:51+00:00","mainEntityOfPage":{"@id":"https:\/\/sandzakpress.net\/arhiva\/sabina-dolovac-na-celu-okruznog-zatvora\/"},"wordCount":91,"commentCount":1,"publisher":{"@id":"https:\/\/sandzakpress.net\/arhiva\/#\/schema\/person\/6e72b67d6e51910a1117b3b483ba20bd"},"image":{"@id":"https:\/\/sandzakpress.net\/arhiva\/sabina-dolovac-na-celu-okruznog-zatvora\/#primaryimage"},"thumbnailUrl":"https:\/\/sandzakpress.net\/arhiva\/wp-content\/uploads\/2018\/03\/zatvor-np-2-696x469.jpg","articleSection":["Novi Pazar","Dru\u0161tvo","VIJESTI DANA"],"inLanguage":"bs-BA","potentialAction":[{"@type":"CommentAction","name":"Comment","target":["https:\/\/sandzakpress.net\/arhiva\/sabina-dolovac-na-celu-okruznog-zatvora\/#respond"]}]},{"@type":"WebPage","@id":"https:\/\/sandzakpress.net\/arhiva\/sabina-dolovac-na-celu-okruznog-zatvora\/","url":"https:\/\/sandzakpress.net\/arhiva\/sabina-dolovac-na-celu-okruznog-zatvora\/","name":"Sabina Dolovac na \u010delu Okru\u017enog zatvora","isPartOf":{"@id":"https:\/\/sandzakpress.net\/arhiva\/#website"},"primaryImageOfPage":{"@id":"https:\/\/sandzakpress.net\/arhiva\/sabina-dolovac-na-celu-okruznog-zatvora\/#primaryimage"},"image":{"@id":"https:\/\/sandzakpress.net\/arhiva\/sabina-dolovac-na-celu-okruznog-zatvora\/#primaryimage"},"thumbnailUrl":"https:\/\/sandzakpress.net\/arhiva\/wp-content\/uploads\/2018\/03\/zatvor-np-2-696x469.jpg","datePublished":"2018-03-12T10:22:53+00:00","dateModified":"2018-03-12T13:27:51+00:00","breadcrumb":{"@id":"https:\/\/sandzakpress.net\/arhiva\/sabina-dolovac-na-celu-okruznog-zatvora\/#breadcrumb"},"inLanguage":"bs-BA","potentialAction":[{"@type":"ReadAction","target":["https:\/\/sandzakpress.net\/arhiva\/sabina-dolovac-na-celu-okruznog-zatvora\/"]}]},{"@type":"ImageObject","inLanguage":"bs-BA","@id":"https:\/\/sandzakpress.net\/arhiva\/sabina-dolovac-na-celu-okruznog-zatvora\/#primaryimage","url":"https:\/\/sandzakpress.net\/arhiva\/wp-content\/uploads\/2018\/03\/zatvor-np-2-696x469.jpg","contentUrl":"https:\/\/sandzakpress.net\/arhiva\/wp-content\/uploads\/2018\/03\/zatvor-np-2-696x469.jpg","width":696,"height":469},{"@type":"BreadcrumbList","@id":"https:\/\/sandzakpress.net\/arhiva\/sabina-dolovac-na-celu-okruznog-zatvora\/#breadcrumb","itemListElement":[{"@type":"ListItem","position":1,"name":"Home","item":"https:\/\/sandzakpress.net\/arhiva\/"},{"@type":"ListItem","position":2,"name":"Sabina Dolovac na \u010delu Okru\u017enog zatvora"}]},{"@type":"WebSite","@id":"https:\/\/sandzakpress.net\/arhiva\/#website","url":"https:\/\/sandzakpress.net\/arhiva\/","name":"Sand\u017eak PRESS","description":"Prve elektronske novine u Sand\u017eaku","publisher":{"@id":"https:\/\/sandzakpress.net\/arhiva\/#\/schema\/person\/6e72b67d6e51910a1117b3b483ba20bd"},"potentialAction":[{"@type":"SearchAction","target":{"@type":"EntryPoint","urlTemplate":"https:\/\/sandzakpress.net\/arhiva\/?s={search_term_string}"},"query-input":{"@type":"PropertyValueSpecification","valueRequired":true,"valueName":"search_term_string"}}],"inLanguage":"bs-BA"},{"@type":["Person","Organization"],"@id":"https:\/\/sandzakpress.net\/arhiva\/#\/schema\/person\/6e72b67d6e51910a1117b3b483ba20bd","name":"Kul","image":{"@type":"ImageObject","inLanguage":"bs-BA","@id":"https:\/\/sandzakpress.net\/arhiva\/#\/schema\/person\/image\/","url":"https:\/\/secure.gravatar.com\/avatar\/42263f39aa27ac04c43cab85c280eb2e?s=96&d=mm&r=pg","contentUrl":"https:\/\/secure.gravatar.com\/avatar\/42263f39aa27ac04c43cab85c280eb2e?s=96&d=mm&r=pg","caption":"Kul"},"logo":{"@id":"https:\/\/sandzakpress.net\/arhiva\/#\/schema\/person\/image\/"}},{"@type":"Person","@id":"https:\/\/sandzakpress.net\/arhiva\/#\/schema\/person\/cb59d7e3ab91ab90dd680ad0305a6185","name":"Agencija","image":{"@type":"ImageObject","inLanguage":"bs-BA","@id":"https:\/\/sandzakpress.net\/arhiva\/#\/schema\/person\/image\/","url":"https:\/\/secure.gravatar.com\/avatar\/4b7fafa80a22f0c2afe23966b3961fe0?s=96&d=mm&r=pg","contentUrl":"https:\/\/secure.gravatar.com\/avatar\/4b7fafa80a22f0c2afe23966b3961fe0?s=96&d=mm&r=pg","caption":"Agencija"},"url":"https:\/\/sandzakpress.net\/arhiva\/author\/agencija\/"}]}},"_links":{"self":[{"href":"https:\/\/sandzakpress.net\/arhiva\/wp-json\/wp\/v2\/posts\/203785"}],"collection":[{"href":"https:\/\/sandzakpress.net\/arhiva\/wp-json\/wp\/v2\/posts"}],"about":[{"href":"https:\/\/sandzakpress.net\/arhiva\/wp-json\/wp\/v2\/types\/post"}],"author":[{"embeddable":true,"href":"https:\/\/sandzakpress.net\/arhiva\/wp-json\/wp\/v2\/users\/509"}],"replies":[{"embeddable":true,"href":"https:\/\/sandzakpress.net\/arhiva\/wp-json\/wp\/v2\/comments?post=203785"}],"version-history":[{"count":0,"href":"https:\/\/sandzakpress.net\/arhiva\/wp-json\/wp\/v2\/posts\/203785\/revisions"}],"wp:featuredmedia":[{"embeddable":true,"href":"https:\/\/sandzakpress.net\/arhiva\/wp-json\/wp\/v2\/media\/203789"}],"wp:attachment":[{"href":"https:\/\/sandzakpress.net\/arhiva\/wp-json\/wp\/v2\/media?parent=203785"}],"wp:term":[{"taxonomy":"category","embeddable":true,"href":"https:\/\/sandzakpress.net\/arhiva\/wp-json\/wp\/v2\/categories?post=203785"},{"taxonomy":"post_tag","embeddable":true,"href":"https:\/\/sandzakpress.net\/arhiva\/wp-json\/wp\/v2\/tags?post=203785"}],"curies":[{"name":"wp","href":"https:\/\/api.w.org\/{rel}","templated":true}]}}