{"id":20369,"date":"2011-09-17T22:16:08","date_gmt":"2011-09-17T20:16:08","guid":{"rendered":"https:\/\/sandzakpress.net\/arhiva\/?p=20369"},"modified":"2011-09-17T22:16:08","modified_gmt":"2011-09-17T20:16:08","slug":"nema-kraja-nevoljama-novi-pazar-i-dalje-bez-trenera","status":"publish","type":"post","link":"https:\/\/sandzakpress.net\/arhiva\/nema-kraja-nevoljama-novi-pazar-i-dalje-bez-trenera\/","title":{"rendered":"Nema kraja nevoljama: Novi Pazar i dalje bez trenera"},"content":{"rendered":"<p><strong><a href=\"https:\/\/sandzakpress.net\/arhiva\/wp-content\/uploads\/2011\/09\/news_52176.jpg\"><img loading=\"lazy\" decoding=\"async\" class=\"alignleft size-medium wp-image-20370\" title=\"Metalac Vs. Partizan\" src=\"https:\/\/sandzakpress.net\/arhiva\/wp-content\/uploads\/2011\/09\/news_52176-300x225.jpg\" alt=\"\" width=\"300\" height=\"225\" \/><\/a>Novi Pazar &#8211; Posle otkaza <\/strong><strong>Mihajlu Ivanovi\u0107u, na njegovo mjesto do\u0161ao je <\/strong><strong>Nenad Milovanovi\u0107, ali on nije dobio licencu, jer klub jo\u0161 uvijek nije namirio detalje iz ugovora sa prethodnim trenerom.<br \/>\nZatra\u017eena je dozvola od Zajednice Superliga\u0161a da Milovanovi\u0107 vodi ekipu na utakmicama, ali je sve preusmereno na Trenersku organizaciju. <\/strong><\/p>\n<p>Me\u0111utim, predsjednik ove organizacije, <strong>Ljupko Petrovi\u0107<\/strong>, ka\u017ee da nikakav zahtjev iz Novog Pazara nije stigao te da zbog toga nema \u0161anse da Milovanovi\u0107 ve\u0107 od ovog vikenda dobije licencu.<\/p>\n<p>Vrijeme prolazi, a navija\u010di <strong>Novog Pazara<\/strong> \u010dekaju ne samo prvi bod, ve\u0107 i prvi postignuti gol svojih ljubimaca u elitnom dru\u0161tvu.<\/p>\n<p>Izvor:<strong> Smedia.rs<\/strong><\/p>\n","protected":false},"excerpt":{"rendered":"<p>Novi Pazar &#8211; Posle otkaza Mihajlu Ivanovi\u0107u, na njegovo mjesto do\u0161ao je Nenad Milovanovi\u0107, ali on nije dobio licencu, jer klub jo\u0161 uvijek nije namirio detalje iz ugovora sa prethodnim trenerom. Zatra\u017eena je dozvola od Zajednice Superliga\u0161a da Milovanovi\u0107 vodi ekipu na utakmicama, ali je sve preusmereno na Trenersku organizaciju. Me\u0111utim, predsjednik ove organizacije, Ljupko [&hellip;]<\/p>\n","protected":false},"author":13,"featured_media":20370,"comment_status":"open","ping_status":"open","sticky":false,"template":"","format":"standard","meta":{"footnotes":""},"categories":[72,13],"tags":[],"class_list":{"0":"post-20369","1":"post","2":"type-post","3":"status-publish","4":"format-standard","5":"has-post-thumbnail","7":"category-novi-pazar","8":"category-sport"},"yoast_head":"<!-- This site is optimized with the Yoast SEO Premium plugin v23.1 (Yoast SEO v24.9) - https:\/\/yoast.com\/wordpress\/plugins\/seo\/ -->\n<title>Nema kraja nevoljama: Novi Pazar i dalje bez trenera<\/title>\n<meta name=\"robots\" content=\"index, follow, max-snippet:-1, max-image-preview:large, max-video-preview:-1\" \/>\n<link rel=\"canonical\" href=\"https:\/\/sandzakpress.net\/arhiva\/nema-kraja-nevoljama-novi-pazar-i-dalje-bez-trenera\/\" \/>\n<meta property=\"og:locale\" content=\"bs_BA\" \/>\n<meta property=\"og:type\" content=\"article\" \/>\n<meta property=\"og:title\" content=\"Nema kraja nevoljama: Novi Pazar i dalje bez trenera\" \/>\n<meta property=\"og:description\" content=\"Novi Pazar &#8211; Posle otkaza Mihajlu Ivanovi\u0107u, na njegovo mjesto do\u0161ao je Nenad Milovanovi\u0107, ali on nije dobio licencu, jer klub jo\u0161 uvijek nije namirio detalje iz ugovora sa prethodnim trenerom. Zatra\u017eena je dozvola od Zajednice Superliga\u0161a da Milovanovi\u0107 vodi ekipu na utakmicama, ali je sve preusmereno na Trenersku organizaciju. Me\u0111utim, predsjednik ove organizacije, Ljupko [&hellip;]\" \/>\n<meta property=\"og:url\" content=\"https:\/\/sandzakpress.net\/arhiva\/nema-kraja-nevoljama-novi-pazar-i-dalje-bez-trenera\/\" \/>\n<meta property=\"og:site_name\" content=\"Sand\u017eak PRESS\" \/>\n<meta property=\"article:published_time\" content=\"2011-09-17T20:16:08+00:00\" \/>\n<meta property=\"og:image\" content=\"https:\/\/sandzakpress.net\/arhiva\/wp-content\/uploads\/2011\/09\/news_52176.jpg\" \/>\n\t<meta property=\"og:image:width\" content=\"400\" \/>\n\t<meta property=\"og:image:height\" content=\"300\" \/>\n\t<meta property=\"og:image:type\" content=\"image\/jpeg\" \/>\n<meta name=\"twitter:card\" content=\"summary_large_image\" \/>\n<meta name=\"twitter:label1\" content=\"Written by\" \/>\n\t<meta name=\"twitter:data1\" content=\"\" \/>\n\t<meta name=\"twitter:label2\" content=\"Est. reading time\" \/>\n\t<meta name=\"twitter:data2\" content=\"1 minuta\" \/>\n<script type=\"application\/ld+json\" class=\"yoast-schema-graph\">{\"@context\":\"https:\/\/schema.org\",\"@graph\":[{\"@type\":\"Article\",\"@id\":\"https:\/\/sandzakpress.net\/arhiva\/nema-kraja-nevoljama-novi-pazar-i-dalje-bez-trenera\/#article\",\"isPartOf\":{\"@id\":\"https:\/\/sandzakpress.net\/arhiva\/nema-kraja-nevoljama-novi-pazar-i-dalje-bez-trenera\/\"},\"author\":{\"name\":\"\",\"@id\":\"\"},\"headline\":\"Nema kraja nevoljama: Novi Pazar i dalje bez trenera\",\"datePublished\":\"2011-09-17T20:16:08+00:00\",\"mainEntityOfPage\":{\"@id\":\"https:\/\/sandzakpress.net\/arhiva\/nema-kraja-nevoljama-novi-pazar-i-dalje-bez-trenera\/\"},\"wordCount\":120,\"commentCount\":0,\"publisher\":{\"@id\":\"https:\/\/sandzakpress.net\/arhiva\/#\/schema\/person\/6e72b67d6e51910a1117b3b483ba20bd\"},\"image\":{\"@id\":\"https:\/\/sandzakpress.net\/arhiva\/nema-kraja-nevoljama-novi-pazar-i-dalje-bez-trenera\/#primaryimage\"},\"thumbnailUrl\":\"https:\/\/sandzakpress.net\/arhiva\/wp-content\/uploads\/2011\/09\/news_52176.jpg\",\"articleSection\":[\"Novi Pazar\",\"Sport\"],\"inLanguage\":\"bs-BA\",\"potentialAction\":[{\"@type\":\"CommentAction\",\"name\":\"Comment\",\"target\":[\"https:\/\/sandzakpress.net\/arhiva\/nema-kraja-nevoljama-novi-pazar-i-dalje-bez-trenera\/#respond\"]}]},{\"@type\":\"WebPage\",\"@id\":\"https:\/\/sandzakpress.net\/arhiva\/nema-kraja-nevoljama-novi-pazar-i-dalje-bez-trenera\/\",\"url\":\"https:\/\/sandzakpress.net\/arhiva\/nema-kraja-nevoljama-novi-pazar-i-dalje-bez-trenera\/\",\"name\":\"Nema kraja nevoljama: Novi Pazar i dalje bez trenera\",\"isPartOf\":{\"@id\":\"https:\/\/sandzakpress.net\/arhiva\/#website\"},\"primaryImageOfPage\":{\"@id\":\"https:\/\/sandzakpress.net\/arhiva\/nema-kraja-nevoljama-novi-pazar-i-dalje-bez-trenera\/#primaryimage\"},\"image\":{\"@id\":\"https:\/\/sandzakpress.net\/arhiva\/nema-kraja-nevoljama-novi-pazar-i-dalje-bez-trenera\/#primaryimage\"},\"thumbnailUrl\":\"https:\/\/sandzakpress.net\/arhiva\/wp-content\/uploads\/2011\/09\/news_52176.jpg\",\"datePublished\":\"2011-09-17T20:16:08+00:00\",\"breadcrumb\":{\"@id\":\"https:\/\/sandzakpress.net\/arhiva\/nema-kraja-nevoljama-novi-pazar-i-dalje-bez-trenera\/#breadcrumb\"},\"inLanguage\":\"bs-BA\",\"potentialAction\":[{\"@type\":\"ReadAction\",\"target\":[\"https:\/\/sandzakpress.net\/arhiva\/nema-kraja-nevoljama-novi-pazar-i-dalje-bez-trenera\/\"]}]},{\"@type\":\"ImageObject\",\"inLanguage\":\"bs-BA\",\"@id\":\"https:\/\/sandzakpress.net\/arhiva\/nema-kraja-nevoljama-novi-pazar-i-dalje-bez-trenera\/#primaryimage\",\"url\":\"https:\/\/sandzakpress.net\/arhiva\/wp-content\/uploads\/2011\/09\/news_52176.jpg\",\"contentUrl\":\"https:\/\/sandzakpress.net\/arhiva\/wp-content\/uploads\/2011\/09\/news_52176.jpg\",\"width\":400,\"height\":300},{\"@type\":\"BreadcrumbList\",\"@id\":\"https:\/\/sandzakpress.net\/arhiva\/nema-kraja-nevoljama-novi-pazar-i-dalje-bez-trenera\/#breadcrumb\",\"itemListElement\":[{\"@type\":\"ListItem\",\"position\":1,\"name\":\"Home\",\"item\":\"https:\/\/sandzakpress.net\/arhiva\/\"},{\"@type\":\"ListItem\",\"position\":2,\"name\":\"Nema kraja nevoljama: Novi Pazar i dalje bez trenera\"}]},{\"@type\":\"WebSite\",\"@id\":\"https:\/\/sandzakpress.net\/arhiva\/#website\",\"url\":\"https:\/\/sandzakpress.net\/arhiva\/\",\"name\":\"Sand\u017eak PRESS\",\"description\":\"Prve elektronske novine u Sand\u017eaku\",\"publisher\":{\"@id\":\"https:\/\/sandzakpress.net\/arhiva\/#\/schema\/person\/6e72b67d6e51910a1117b3b483ba20bd\"},\"potentialAction\":[{\"@type\":\"SearchAction\",\"target\":{\"@type\":\"EntryPoint\",\"urlTemplate\":\"https:\/\/sandzakpress.net\/arhiva\/?s={search_term_string}\"},\"query-input\":{\"@type\":\"PropertyValueSpecification\",\"valueRequired\":true,\"valueName\":\"search_term_string\"}}],\"inLanguage\":\"bs-BA\"},{\"@type\":[\"Person\",\"Organization\"],\"@id\":\"https:\/\/sandzakpress.net\/arhiva\/#\/schema\/person\/6e72b67d6e51910a1117b3b483ba20bd\",\"name\":\"Kul\",\"image\":{\"@type\":\"ImageObject\",\"inLanguage\":\"bs-BA\",\"@id\":\"https:\/\/sandzakpress.net\/arhiva\/#\/schema\/person\/image\/\",\"url\":\"https:\/\/secure.gravatar.com\/avatar\/42263f39aa27ac04c43cab85c280eb2e?s=96&d=mm&r=pg\",\"contentUrl\":\"https:\/\/secure.gravatar.com\/avatar\/42263f39aa27ac04c43cab85c280eb2e?s=96&d=mm&r=pg\",\"caption\":\"Kul\"},\"logo\":{\"@id\":\"https:\/\/sandzakpress.net\/arhiva\/#\/schema\/person\/image\/\"}},{\"@type\":\"Person\",\"@id\":\"\",\"url\":\"https:\/\/sandzakpress.net\/arhiva\/author\/\"}]}<\/script>\n<!-- \/ Yoast SEO Premium plugin. -->","yoast_head_json":{"title":"Nema kraja nevoljama: Novi Pazar i dalje bez trenera","robots":{"index":"index","follow":"follow","max-snippet":"max-snippet:-1","max-image-preview":"max-image-preview:large","max-video-preview":"max-video-preview:-1"},"canonical":"https:\/\/sandzakpress.net\/arhiva\/nema-kraja-nevoljama-novi-pazar-i-dalje-bez-trenera\/","og_locale":"bs_BA","og_type":"article","og_title":"Nema kraja nevoljama: Novi Pazar i dalje bez trenera","og_description":"Novi Pazar &#8211; Posle otkaza Mihajlu Ivanovi\u0107u, na njegovo mjesto do\u0161ao je Nenad Milovanovi\u0107, ali on nije dobio licencu, jer klub jo\u0161 uvijek nije namirio detalje iz ugovora sa prethodnim trenerom. Zatra\u017eena je dozvola od Zajednice Superliga\u0161a da Milovanovi\u0107 vodi ekipu na utakmicama, ali je sve preusmereno na Trenersku organizaciju. Me\u0111utim, predsjednik ove organizacije, Ljupko [&hellip;]","og_url":"https:\/\/sandzakpress.net\/arhiva\/nema-kraja-nevoljama-novi-pazar-i-dalje-bez-trenera\/","og_site_name":"Sand\u017eak PRESS","article_published_time":"2011-09-17T20:16:08+00:00","og_image":[{"width":400,"height":300,"url":"https:\/\/sandzakpress.net\/arhiva\/wp-content\/uploads\/2011\/09\/news_52176.jpg","type":"image\/jpeg"}],"twitter_card":"summary_large_image","twitter_misc":{"Written by":"","Est. reading time":"1 minuta"},"schema":{"@context":"https:\/\/schema.org","@graph":[{"@type":"Article","@id":"https:\/\/sandzakpress.net\/arhiva\/nema-kraja-nevoljama-novi-pazar-i-dalje-bez-trenera\/#article","isPartOf":{"@id":"https:\/\/sandzakpress.net\/arhiva\/nema-kraja-nevoljama-novi-pazar-i-dalje-bez-trenera\/"},"author":{"name":"","@id":""},"headline":"Nema kraja nevoljama: Novi Pazar i dalje bez trenera","datePublished":"2011-09-17T20:16:08+00:00","mainEntityOfPage":{"@id":"https:\/\/sandzakpress.net\/arhiva\/nema-kraja-nevoljama-novi-pazar-i-dalje-bez-trenera\/"},"wordCount":120,"commentCount":0,"publisher":{"@id":"https:\/\/sandzakpress.net\/arhiva\/#\/schema\/person\/6e72b67d6e51910a1117b3b483ba20bd"},"image":{"@id":"https:\/\/sandzakpress.net\/arhiva\/nema-kraja-nevoljama-novi-pazar-i-dalje-bez-trenera\/#primaryimage"},"thumbnailUrl":"https:\/\/sandzakpress.net\/arhiva\/wp-content\/uploads\/2011\/09\/news_52176.jpg","articleSection":["Novi Pazar","Sport"],"inLanguage":"bs-BA","potentialAction":[{"@type":"CommentAction","name":"Comment","target":["https:\/\/sandzakpress.net\/arhiva\/nema-kraja-nevoljama-novi-pazar-i-dalje-bez-trenera\/#respond"]}]},{"@type":"WebPage","@id":"https:\/\/sandzakpress.net\/arhiva\/nema-kraja-nevoljama-novi-pazar-i-dalje-bez-trenera\/","url":"https:\/\/sandzakpress.net\/arhiva\/nema-kraja-nevoljama-novi-pazar-i-dalje-bez-trenera\/","name":"Nema kraja nevoljama: Novi Pazar i dalje bez trenera","isPartOf":{"@id":"https:\/\/sandzakpress.net\/arhiva\/#website"},"primaryImageOfPage":{"@id":"https:\/\/sandzakpress.net\/arhiva\/nema-kraja-nevoljama-novi-pazar-i-dalje-bez-trenera\/#primaryimage"},"image":{"@id":"https:\/\/sandzakpress.net\/arhiva\/nema-kraja-nevoljama-novi-pazar-i-dalje-bez-trenera\/#primaryimage"},"thumbnailUrl":"https:\/\/sandzakpress.net\/arhiva\/wp-content\/uploads\/2011\/09\/news_52176.jpg","datePublished":"2011-09-17T20:16:08+00:00","breadcrumb":{"@id":"https:\/\/sandzakpress.net\/arhiva\/nema-kraja-nevoljama-novi-pazar-i-dalje-bez-trenera\/#breadcrumb"},"inLanguage":"bs-BA","potentialAction":[{"@type":"ReadAction","target":["https:\/\/sandzakpress.net\/arhiva\/nema-kraja-nevoljama-novi-pazar-i-dalje-bez-trenera\/"]}]},{"@type":"ImageObject","inLanguage":"bs-BA","@id":"https:\/\/sandzakpress.net\/arhiva\/nema-kraja-nevoljama-novi-pazar-i-dalje-bez-trenera\/#primaryimage","url":"https:\/\/sandzakpress.net\/arhiva\/wp-content\/uploads\/2011\/09\/news_52176.jpg","contentUrl":"https:\/\/sandzakpress.net\/arhiva\/wp-content\/uploads\/2011\/09\/news_52176.jpg","width":400,"height":300},{"@type":"BreadcrumbList","@id":"https:\/\/sandzakpress.net\/arhiva\/nema-kraja-nevoljama-novi-pazar-i-dalje-bez-trenera\/#breadcrumb","itemListElement":[{"@type":"ListItem","position":1,"name":"Home","item":"https:\/\/sandzakpress.net\/arhiva\/"},{"@type":"ListItem","position":2,"name":"Nema kraja nevoljama: Novi Pazar i dalje bez trenera"}]},{"@type":"WebSite","@id":"https:\/\/sandzakpress.net\/arhiva\/#website","url":"https:\/\/sandzakpress.net\/arhiva\/","name":"Sand\u017eak PRESS","description":"Prve elektronske novine u Sand\u017eaku","publisher":{"@id":"https:\/\/sandzakpress.net\/arhiva\/#\/schema\/person\/6e72b67d6e51910a1117b3b483ba20bd"},"potentialAction":[{"@type":"SearchAction","target":{"@type":"EntryPoint","urlTemplate":"https:\/\/sandzakpress.net\/arhiva\/?s={search_term_string}"},"query-input":{"@type":"PropertyValueSpecification","valueRequired":true,"valueName":"search_term_string"}}],"inLanguage":"bs-BA"},{"@type":["Person","Organization"],"@id":"https:\/\/sandzakpress.net\/arhiva\/#\/schema\/person\/6e72b67d6e51910a1117b3b483ba20bd","name":"Kul","image":{"@type":"ImageObject","inLanguage":"bs-BA","@id":"https:\/\/sandzakpress.net\/arhiva\/#\/schema\/person\/image\/","url":"https:\/\/secure.gravatar.com\/avatar\/42263f39aa27ac04c43cab85c280eb2e?s=96&d=mm&r=pg","contentUrl":"https:\/\/secure.gravatar.com\/avatar\/42263f39aa27ac04c43cab85c280eb2e?s=96&d=mm&r=pg","caption":"Kul"},"logo":{"@id":"https:\/\/sandzakpress.net\/arhiva\/#\/schema\/person\/image\/"}},{"@type":"Person","@id":"","url":"https:\/\/sandzakpress.net\/arhiva\/author\/"}]}},"_links":{"self":[{"href":"https:\/\/sandzakpress.net\/arhiva\/wp-json\/wp\/v2\/posts\/20369"}],"collection":[{"href":"https:\/\/sandzakpress.net\/arhiva\/wp-json\/wp\/v2\/posts"}],"about":[{"href":"https:\/\/sandzakpress.net\/arhiva\/wp-json\/wp\/v2\/types\/post"}],"author":[{"embeddable":true,"href":"https:\/\/sandzakpress.net\/arhiva\/wp-json\/wp\/v2\/users\/13"}],"replies":[{"embeddable":true,"href":"https:\/\/sandzakpress.net\/arhiva\/wp-json\/wp\/v2\/comments?post=20369"}],"version-history":[{"count":0,"href":"https:\/\/sandzakpress.net\/arhiva\/wp-json\/wp\/v2\/posts\/20369\/revisions"}],"wp:featuredmedia":[{"embeddable":true,"href":"https:\/\/sandzakpress.net\/arhiva\/wp-json\/wp\/v2\/media\/20370"}],"wp:attachment":[{"href":"https:\/\/sandzakpress.net\/arhiva\/wp-json\/wp\/v2\/media?parent=20369"}],"wp:term":[{"taxonomy":"category","embeddable":true,"href":"https:\/\/sandzakpress.net\/arhiva\/wp-json\/wp\/v2\/categories?post=20369"},{"taxonomy":"post_tag","embeddable":true,"href":"https:\/\/sandzakpress.net\/arhiva\/wp-json\/wp\/v2\/tags?post=20369"}],"curies":[{"name":"wp","href":"https:\/\/api.w.org\/{rel}","templated":true}]}}