{"id":203395,"date":"2018-03-05T15:02:38","date_gmt":"2018-03-05T14:02:38","guid":{"rendered":"https:\/\/sandzakpress.net\/arhiva\/?p=203395"},"modified":"2018-03-05T15:02:38","modified_gmt":"2018-03-05T14:02:38","slug":"uprilicena-hafiska-dova-u-ofenbahu","status":"publish","type":"post","link":"https:\/\/sandzakpress.net\/arhiva\/uprilicena-hafiska-dova-u-ofenbahu\/","title":{"rendered":"Uprili\u010dena hafiska dova u Ofenbahu"},"content":{"rendered":"<p><img decoding=\"async\" src=\"http:\/\/mesihat.org\/wp-content\/uploads\/2018\/03\/0-02-04-8c053c0e89c588191022567fd8be9938801ed85f15ee3a2385a4a9e6e0d259a6_full.jpg\" \/><\/p>\n<p class=\"x_MsoNormal\"><strong>U nedjelju 04.03.2018. godine uprili\u010dena je hafiska dova hfz. Ned\u017eatu ef. Ljaji\u0107u u sand\u017eakom d\u017eematu Ofenbah u Njema\u010dkoj, \u010diji je on imam.<\/strong><\/p>\n<p class=\"x_MsoNormal\">Hafiskoj dovi je prisustvovao predsjednik Me\u0161ihata IZ-e u Srbiji muftija dr. Mevlud ef. Dudi\u0107, direktor \u0160kole Kur'ana \u010casnog hfz. Irfan ef. Mali\u0107, muftija mostarski Salem ef. Dedovi\u0107, muftija IZBNJ Pa\u0161o ef. Feti\u0107, veliki broj d\u017eematlija, kao i imama iz Njema\u010dke.<\/p>\n<p class=\"x_MsoNormal\">Sve\u010danost je po\u010dela ajetima Kur'ani Kerima koje je prou\u010dio Haris ef. Kala\u010d nakon \u010dega su se obratili predsjednik d\u017eematskog odbora Smajo Iljazovi\u0107, glavni imam regije Hesen Amir ef. Mehelji\u0107, te glavni imam regije Bajren Izet ef. Bibi\u0107, koji su izrazili zadovoljstvo \u0161to je hafiz Ned\u017eat po\u010dastio d\u017eemat ovom prigodom. Svoje obra\u0107anje imali su i muftija Dedovi\u0107, kao i muftija Feti\u0107.<\/p>\n<p class=\"x_MsoNormal\">Muftija Dudi\u0107 je uru\u010dio hafiznamu hfz. Ljaji\u0107u, kao i plaketu zahvalnosti za doprinos hifzu i afirmaciji kur'anskih mudrosti i vrijednosti. Nakon toga se obratio prisutnima i naglasio zna\u010daj o\u010duvanja Allahove rije\u010di, izme\u0111u ostalog, kazav\u0161i: \u201eOnaj ko \u010duva Kur\u2019an, Allah njega \u010duva.\u201c Tako\u0111er je dodao da je ovo veliki zna\u010daj kako za Islamsku zajednicu Bo\u0161njaka u Njema\u010dkoj tako i za muslimane Sand\u017eaka.<\/p>\n<p class=\"x_MsoNormal\">Hfz. Irfan ef. Mali\u0107, u svojstvu \u010dlana Komisije Me\u0161ihata za hifz, govorio o hfz. Ned\u017eatu i istakao da je on primjer marljivog i ozbiljnog rada i upornosti, uzor mnogim imamima i ostalim vjernicima.<\/p>\n<p class=\"x_MsoNormal\">Ovo je druga hafiska dova me\u0111u Bo\u0161njacima koja je organizirana u Njema\u010dkoj.<\/p>\n<p class=\"x_MsoNormal\">Hfz. Ljaji\u0107 je pred Komisijom uspje\u0161no polo\u017eio svoj hifz u periodu od 27.12.2017. do 09.01.2018. godine. Ned\u017eat-efendija je svr\u0161enik Medrese Gazi Isa-beg u Novom Pazaru, a nakon toga Univerziteta Al-Azhar u Kairu. O\u017eenjen je i otac petoro djece.<\/p>\n<p class=\"x_MsoNormal\"><img decoding=\"async\" src=\"http:\/\/mesihat.org\/wp-content\/uploads\/2018\/03\/0-02-04-05678fc85d8575861f2ba04db1f8a114f96e563924c6f51b4a4cc049c610b44f_full.jpg\" \/><img decoding=\"async\" src=\"http:\/\/mesihat.org\/wp-content\/uploads\/2018\/03\/0-02-05-1af9dd3682711a4250288ab3a0c1bac55eeb3af7df0a3344712f0e78315dfed9_full.jpg\" \/><img decoding=\"async\" src=\"http:\/\/mesihat.org\/wp-content\/uploads\/2018\/03\/0-02-04-9d68f8b591bf95d647ccf73048e4dac47efebe06bbaab0b88140ed929660b8c5_full.jpg\" \/><img decoding=\"async\" src=\"http:\/\/mesihat.org\/wp-content\/uploads\/2018\/03\/0-02-04-dac850172d9cc5bae9ba4df90ca67749f9348dc48eea7d133f277e41cb64c521_full.jpg\" \/><img decoding=\"async\" src=\"http:\/\/mesihat.org\/wp-content\/uploads\/2018\/03\/0-02-04-fca9bbc318927d99704455f267b7fbaab4db6b3624bb0c1ce0110b284c79e41b_full.jpg\" \/><img decoding=\"async\" src=\"http:\/\/mesihat.org\/wp-content\/uploads\/2018\/03\/0-02-04-fc284e166bff8696ae3d6eb180894e27c66c40868552bd88db91cdea2592ba67_full.jpg\" \/><img decoding=\"async\" src=\"http:\/\/mesihat.org\/wp-content\/uploads\/2018\/03\/0-02-04-3ff7be2efcd9a76a63f5dfd29bda68d8b667c3f5e4a16fa95419b26b5671c70e_full.jpg\" \/><img decoding=\"async\" src=\"http:\/\/mesihat.org\/wp-content\/uploads\/2018\/03\/0-02-04-bc79f07bca702353e802af579900e106dedd4a4d9d59da489cbdf086d6d73119_full.jpg\" \/><\/p>\n<p class=\"x_MsoNormal\"><img decoding=\"async\" src=\"http:\/\/mesihat.org\/wp-content\/uploads\/2018\/03\/0-02-04-c8ab257484d19b8b2c94fe4e60c9ecd186d72a17a563896b4c7a97efd7cc320a_full-Copy.jpg\" \/><\/p>\n<p class=\"x_MsoNormal\"><img decoding=\"async\" src=\"http:\/\/mesihat.org\/wp-content\/uploads\/2018\/03\/0-02-04-e162237701b077866c16216fcb11eaaf943b256af5fffe84c9d2f05895423f49_full.jpg\" \/><\/p>\n<p class=\"x_MsoNormal\"><img decoding=\"async\" src=\"http:\/\/mesihat.org\/wp-content\/uploads\/2018\/03\/0-02-04-629f6e7e2965d3d3882716bd40ccfcc1781904eef0e64338c954beb25513f940_full.jpg\" \/><\/p>\n<p class=\"x_MsoNormal\"><img decoding=\"async\" src=\"http:\/\/mesihat.org\/wp-content\/uploads\/2018\/03\/0-02-04-7a3f24fbcda162a8c54da6f252edce0514cb8bff4132e09954d913728b928f69_full.jpg\" \/><\/p>\n<p class=\"x_MsoNormal\"><img decoding=\"async\" src=\"http:\/\/mesihat.org\/wp-content\/uploads\/2018\/03\/0-02-04-70812691e9db93ead20ce8b92df9b86bebe54d84a243cf4cc9b6727dd03112ed_full.jpg\" \/><\/p>\n<p class=\"x_MsoNormal\">\u00a0<\/p>\n<p class=\"x_MsoNormal\">\u00a0<\/p>\n","protected":false},"excerpt":{"rendered":"<p>U nedjelju 04.03.2018. godine uprili\u010dena je hafiska dova hfz. Ned\u017eatu ef. Ljaji\u0107u u sand\u017eakom d\u017eematu Ofenbah u Njema\u010dkoj, \u010diji je on imam. Hafiskoj dovi je prisustvovao predsjednik Me\u0161ihata IZ-e u Srbiji muftija dr. Mevlud ef. Dudi\u0107, direktor \u0160kole Kur'ana \u010casnog hfz. Irfan ef. Mali\u0107, muftija mostarski Salem ef. Dedovi\u0107, muftija IZBNJ Pa\u0161o ef. Feti\u0107, veliki [&hellip;]<\/p>\n","protected":false},"author":509,"featured_media":203396,"comment_status":"open","ping_status":"open","sticky":false,"template":"","format":"standard","meta":{"footnotes":""},"categories":[9538,802,10429],"tags":[],"class_list":{"0":"post-203395","1":"post","2":"type-post","3":"status-publish","4":"format-standard","5":"has-post-thumbnail","7":"category-njemacka-dijaspora-gradovi-vase-vijesti","8":"category-islamska_zajednica","9":"category-vazno"},"yoast_head":"<!-- This site is optimized with the Yoast SEO Premium plugin v23.1 (Yoast SEO v24.9) - https:\/\/yoast.com\/wordpress\/plugins\/seo\/ -->\n<title>Uprili\u010dena hafiska dova u Ofenbahu<\/title>\n<meta name=\"robots\" content=\"index, follow, max-snippet:-1, max-image-preview:large, max-video-preview:-1\" \/>\n<link rel=\"canonical\" href=\"https:\/\/sandzakpress.net\/arhiva\/uprilicena-hafiska-dova-u-ofenbahu\/\" \/>\n<meta property=\"og:locale\" content=\"bs_BA\" \/>\n<meta property=\"og:type\" content=\"article\" \/>\n<meta property=\"og:title\" content=\"Uprili\u010dena hafiska dova u Ofenbahu\" \/>\n<meta property=\"og:description\" content=\"U nedjelju 04.03.2018. godine uprili\u010dena je hafiska dova hfz. Ned\u017eatu ef. Ljaji\u0107u u sand\u017eakom d\u017eematu Ofenbah u Njema\u010dkoj, \u010diji je on imam. Hafiskoj dovi je prisustvovao predsjednik Me\u0161ihata IZ-e u Srbiji muftija dr. Mevlud ef. Dudi\u0107, direktor \u0160kole Kur&#039;ana \u010casnog hfz. Irfan ef. Mali\u0107, muftija mostarski Salem ef. Dedovi\u0107, muftija IZBNJ Pa\u0161o ef. Feti\u0107, veliki [&hellip;]\" \/>\n<meta property=\"og:url\" content=\"https:\/\/sandzakpress.net\/arhiva\/uprilicena-hafiska-dova-u-ofenbahu\/\" \/>\n<meta property=\"og:site_name\" content=\"Sand\u017eak PRESS\" \/>\n<meta property=\"article:published_time\" content=\"2018-03-05T14:02:38+00:00\" \/>\n<meta property=\"og:image\" content=\"https:\/\/sandzakpress.net\/arhiva\/wp-content\/uploads\/2018\/03\/0-02-04-8c053c0e89c588191022567fd8be9938801ed85f15ee3a2385a4a9e6e0d259a6_full.jpg\" \/>\n\t<meta property=\"og:image:width\" content=\"1280\" \/>\n\t<meta property=\"og:image:height\" content=\"927\" \/>\n\t<meta property=\"og:image:type\" content=\"image\/jpeg\" \/>\n<meta name=\"author\" content=\"Agencija\" \/>\n<meta name=\"twitter:card\" content=\"summary_large_image\" \/>\n<meta name=\"twitter:label1\" content=\"Written by\" \/>\n\t<meta name=\"twitter:data1\" content=\"Agencija\" \/>\n\t<meta name=\"twitter:label2\" content=\"Est. reading time\" \/>\n\t<meta name=\"twitter:data2\" content=\"2 minute\" \/>\n<script type=\"application\/ld+json\" class=\"yoast-schema-graph\">{\"@context\":\"https:\/\/schema.org\",\"@graph\":[{\"@type\":\"Article\",\"@id\":\"https:\/\/sandzakpress.net\/arhiva\/uprilicena-hafiska-dova-u-ofenbahu\/#article\",\"isPartOf\":{\"@id\":\"https:\/\/sandzakpress.net\/arhiva\/uprilicena-hafiska-dova-u-ofenbahu\/\"},\"author\":{\"name\":\"Agencija\",\"@id\":\"https:\/\/sandzakpress.net\/arhiva\/#\/schema\/person\/cb59d7e3ab91ab90dd680ad0305a6185\"},\"headline\":\"Uprili\u010dena hafiska dova u Ofenbahu\",\"datePublished\":\"2018-03-05T14:02:38+00:00\",\"mainEntityOfPage\":{\"@id\":\"https:\/\/sandzakpress.net\/arhiva\/uprilicena-hafiska-dova-u-ofenbahu\/\"},\"wordCount\":313,\"commentCount\":0,\"publisher\":{\"@id\":\"https:\/\/sandzakpress.net\/arhiva\/#\/schema\/person\/6e72b67d6e51910a1117b3b483ba20bd\"},\"image\":{\"@id\":\"https:\/\/sandzakpress.net\/arhiva\/uprilicena-hafiska-dova-u-ofenbahu\/#primaryimage\"},\"thumbnailUrl\":\"https:\/\/sandzakpress.net\/arhiva\/wp-content\/uploads\/2018\/03\/0-02-04-8c053c0e89c588191022567fd8be9938801ed85f15ee3a2385a4a9e6e0d259a6_full.jpg\",\"articleSection\":[\"Njema\u010dka\",\"Islamska zajednica\",\"VA\u017dNO!\"],\"inLanguage\":\"bs-BA\",\"potentialAction\":[{\"@type\":\"CommentAction\",\"name\":\"Comment\",\"target\":[\"https:\/\/sandzakpress.net\/arhiva\/uprilicena-hafiska-dova-u-ofenbahu\/#respond\"]}]},{\"@type\":\"WebPage\",\"@id\":\"https:\/\/sandzakpress.net\/arhiva\/uprilicena-hafiska-dova-u-ofenbahu\/\",\"url\":\"https:\/\/sandzakpress.net\/arhiva\/uprilicena-hafiska-dova-u-ofenbahu\/\",\"name\":\"Uprili\u010dena hafiska dova u Ofenbahu\",\"isPartOf\":{\"@id\":\"https:\/\/sandzakpress.net\/arhiva\/#website\"},\"primaryImageOfPage\":{\"@id\":\"https:\/\/sandzakpress.net\/arhiva\/uprilicena-hafiska-dova-u-ofenbahu\/#primaryimage\"},\"image\":{\"@id\":\"https:\/\/sandzakpress.net\/arhiva\/uprilicena-hafiska-dova-u-ofenbahu\/#primaryimage\"},\"thumbnailUrl\":\"https:\/\/sandzakpress.net\/arhiva\/wp-content\/uploads\/2018\/03\/0-02-04-8c053c0e89c588191022567fd8be9938801ed85f15ee3a2385a4a9e6e0d259a6_full.jpg\",\"datePublished\":\"2018-03-05T14:02:38+00:00\",\"breadcrumb\":{\"@id\":\"https:\/\/sandzakpress.net\/arhiva\/uprilicena-hafiska-dova-u-ofenbahu\/#breadcrumb\"},\"inLanguage\":\"bs-BA\",\"potentialAction\":[{\"@type\":\"ReadAction\",\"target\":[\"https:\/\/sandzakpress.net\/arhiva\/uprilicena-hafiska-dova-u-ofenbahu\/\"]}]},{\"@type\":\"ImageObject\",\"inLanguage\":\"bs-BA\",\"@id\":\"https:\/\/sandzakpress.net\/arhiva\/uprilicena-hafiska-dova-u-ofenbahu\/#primaryimage\",\"url\":\"https:\/\/sandzakpress.net\/arhiva\/wp-content\/uploads\/2018\/03\/0-02-04-8c053c0e89c588191022567fd8be9938801ed85f15ee3a2385a4a9e6e0d259a6_full.jpg\",\"contentUrl\":\"https:\/\/sandzakpress.net\/arhiva\/wp-content\/uploads\/2018\/03\/0-02-04-8c053c0e89c588191022567fd8be9938801ed85f15ee3a2385a4a9e6e0d259a6_full.jpg\",\"width\":1280,\"height\":927},{\"@type\":\"BreadcrumbList\",\"@id\":\"https:\/\/sandzakpress.net\/arhiva\/uprilicena-hafiska-dova-u-ofenbahu\/#breadcrumb\",\"itemListElement\":[{\"@type\":\"ListItem\",\"position\":1,\"name\":\"Home\",\"item\":\"https:\/\/sandzakpress.net\/arhiva\/\"},{\"@type\":\"ListItem\",\"position\":2,\"name\":\"Uprili\u010dena hafiska dova u Ofenbahu\"}]},{\"@type\":\"WebSite\",\"@id\":\"https:\/\/sandzakpress.net\/arhiva\/#website\",\"url\":\"https:\/\/sandzakpress.net\/arhiva\/\",\"name\":\"Sand\u017eak PRESS\",\"description\":\"Prve elektronske novine u Sand\u017eaku\",\"publisher\":{\"@id\":\"https:\/\/sandzakpress.net\/arhiva\/#\/schema\/person\/6e72b67d6e51910a1117b3b483ba20bd\"},\"potentialAction\":[{\"@type\":\"SearchAction\",\"target\":{\"@type\":\"EntryPoint\",\"urlTemplate\":\"https:\/\/sandzakpress.net\/arhiva\/?s={search_term_string}\"},\"query-input\":{\"@type\":\"PropertyValueSpecification\",\"valueRequired\":true,\"valueName\":\"search_term_string\"}}],\"inLanguage\":\"bs-BA\"},{\"@type\":[\"Person\",\"Organization\"],\"@id\":\"https:\/\/sandzakpress.net\/arhiva\/#\/schema\/person\/6e72b67d6e51910a1117b3b483ba20bd\",\"name\":\"Kul\",\"image\":{\"@type\":\"ImageObject\",\"inLanguage\":\"bs-BA\",\"@id\":\"https:\/\/sandzakpress.net\/arhiva\/#\/schema\/person\/image\/\",\"url\":\"https:\/\/secure.gravatar.com\/avatar\/42263f39aa27ac04c43cab85c280eb2e?s=96&d=mm&r=pg\",\"contentUrl\":\"https:\/\/secure.gravatar.com\/avatar\/42263f39aa27ac04c43cab85c280eb2e?s=96&d=mm&r=pg\",\"caption\":\"Kul\"},\"logo\":{\"@id\":\"https:\/\/sandzakpress.net\/arhiva\/#\/schema\/person\/image\/\"}},{\"@type\":\"Person\",\"@id\":\"https:\/\/sandzakpress.net\/arhiva\/#\/schema\/person\/cb59d7e3ab91ab90dd680ad0305a6185\",\"name\":\"Agencija\",\"image\":{\"@type\":\"ImageObject\",\"inLanguage\":\"bs-BA\",\"@id\":\"https:\/\/sandzakpress.net\/arhiva\/#\/schema\/person\/image\/\",\"url\":\"https:\/\/secure.gravatar.com\/avatar\/4b7fafa80a22f0c2afe23966b3961fe0?s=96&d=mm&r=pg\",\"contentUrl\":\"https:\/\/secure.gravatar.com\/avatar\/4b7fafa80a22f0c2afe23966b3961fe0?s=96&d=mm&r=pg\",\"caption\":\"Agencija\"},\"url\":\"https:\/\/sandzakpress.net\/arhiva\/author\/agencija\/\"}]}<\/script>\n<!-- \/ Yoast SEO Premium plugin. -->","yoast_head_json":{"title":"Uprili\u010dena hafiska dova u Ofenbahu","robots":{"index":"index","follow":"follow","max-snippet":"max-snippet:-1","max-image-preview":"max-image-preview:large","max-video-preview":"max-video-preview:-1"},"canonical":"https:\/\/sandzakpress.net\/arhiva\/uprilicena-hafiska-dova-u-ofenbahu\/","og_locale":"bs_BA","og_type":"article","og_title":"Uprili\u010dena hafiska dova u Ofenbahu","og_description":"U nedjelju 04.03.2018. godine uprili\u010dena je hafiska dova hfz. Ned\u017eatu ef. Ljaji\u0107u u sand\u017eakom d\u017eematu Ofenbah u Njema\u010dkoj, \u010diji je on imam. Hafiskoj dovi je prisustvovao predsjednik Me\u0161ihata IZ-e u Srbiji muftija dr. Mevlud ef. Dudi\u0107, direktor \u0160kole Kur'ana \u010casnog hfz. Irfan ef. Mali\u0107, muftija mostarski Salem ef. Dedovi\u0107, muftija IZBNJ Pa\u0161o ef. Feti\u0107, veliki [&hellip;]","og_url":"https:\/\/sandzakpress.net\/arhiva\/uprilicena-hafiska-dova-u-ofenbahu\/","og_site_name":"Sand\u017eak PRESS","article_published_time":"2018-03-05T14:02:38+00:00","og_image":[{"width":1280,"height":927,"url":"https:\/\/sandzakpress.net\/arhiva\/wp-content\/uploads\/2018\/03\/0-02-04-8c053c0e89c588191022567fd8be9938801ed85f15ee3a2385a4a9e6e0d259a6_full.jpg","type":"image\/jpeg"}],"author":"Agencija","twitter_card":"summary_large_image","twitter_misc":{"Written by":"Agencija","Est. reading time":"2 minute"},"schema":{"@context":"https:\/\/schema.org","@graph":[{"@type":"Article","@id":"https:\/\/sandzakpress.net\/arhiva\/uprilicena-hafiska-dova-u-ofenbahu\/#article","isPartOf":{"@id":"https:\/\/sandzakpress.net\/arhiva\/uprilicena-hafiska-dova-u-ofenbahu\/"},"author":{"name":"Agencija","@id":"https:\/\/sandzakpress.net\/arhiva\/#\/schema\/person\/cb59d7e3ab91ab90dd680ad0305a6185"},"headline":"Uprili\u010dena hafiska dova u Ofenbahu","datePublished":"2018-03-05T14:02:38+00:00","mainEntityOfPage":{"@id":"https:\/\/sandzakpress.net\/arhiva\/uprilicena-hafiska-dova-u-ofenbahu\/"},"wordCount":313,"commentCount":0,"publisher":{"@id":"https:\/\/sandzakpress.net\/arhiva\/#\/schema\/person\/6e72b67d6e51910a1117b3b483ba20bd"},"image":{"@id":"https:\/\/sandzakpress.net\/arhiva\/uprilicena-hafiska-dova-u-ofenbahu\/#primaryimage"},"thumbnailUrl":"https:\/\/sandzakpress.net\/arhiva\/wp-content\/uploads\/2018\/03\/0-02-04-8c053c0e89c588191022567fd8be9938801ed85f15ee3a2385a4a9e6e0d259a6_full.jpg","articleSection":["Njema\u010dka","Islamska zajednica","VA\u017dNO!"],"inLanguage":"bs-BA","potentialAction":[{"@type":"CommentAction","name":"Comment","target":["https:\/\/sandzakpress.net\/arhiva\/uprilicena-hafiska-dova-u-ofenbahu\/#respond"]}]},{"@type":"WebPage","@id":"https:\/\/sandzakpress.net\/arhiva\/uprilicena-hafiska-dova-u-ofenbahu\/","url":"https:\/\/sandzakpress.net\/arhiva\/uprilicena-hafiska-dova-u-ofenbahu\/","name":"Uprili\u010dena hafiska dova u Ofenbahu","isPartOf":{"@id":"https:\/\/sandzakpress.net\/arhiva\/#website"},"primaryImageOfPage":{"@id":"https:\/\/sandzakpress.net\/arhiva\/uprilicena-hafiska-dova-u-ofenbahu\/#primaryimage"},"image":{"@id":"https:\/\/sandzakpress.net\/arhiva\/uprilicena-hafiska-dova-u-ofenbahu\/#primaryimage"},"thumbnailUrl":"https:\/\/sandzakpress.net\/arhiva\/wp-content\/uploads\/2018\/03\/0-02-04-8c053c0e89c588191022567fd8be9938801ed85f15ee3a2385a4a9e6e0d259a6_full.jpg","datePublished":"2018-03-05T14:02:38+00:00","breadcrumb":{"@id":"https:\/\/sandzakpress.net\/arhiva\/uprilicena-hafiska-dova-u-ofenbahu\/#breadcrumb"},"inLanguage":"bs-BA","potentialAction":[{"@type":"ReadAction","target":["https:\/\/sandzakpress.net\/arhiva\/uprilicena-hafiska-dova-u-ofenbahu\/"]}]},{"@type":"ImageObject","inLanguage":"bs-BA","@id":"https:\/\/sandzakpress.net\/arhiva\/uprilicena-hafiska-dova-u-ofenbahu\/#primaryimage","url":"https:\/\/sandzakpress.net\/arhiva\/wp-content\/uploads\/2018\/03\/0-02-04-8c053c0e89c588191022567fd8be9938801ed85f15ee3a2385a4a9e6e0d259a6_full.jpg","contentUrl":"https:\/\/sandzakpress.net\/arhiva\/wp-content\/uploads\/2018\/03\/0-02-04-8c053c0e89c588191022567fd8be9938801ed85f15ee3a2385a4a9e6e0d259a6_full.jpg","width":1280,"height":927},{"@type":"BreadcrumbList","@id":"https:\/\/sandzakpress.net\/arhiva\/uprilicena-hafiska-dova-u-ofenbahu\/#breadcrumb","itemListElement":[{"@type":"ListItem","position":1,"name":"Home","item":"https:\/\/sandzakpress.net\/arhiva\/"},{"@type":"ListItem","position":2,"name":"Uprili\u010dena hafiska dova u Ofenbahu"}]},{"@type":"WebSite","@id":"https:\/\/sandzakpress.net\/arhiva\/#website","url":"https:\/\/sandzakpress.net\/arhiva\/","name":"Sand\u017eak PRESS","description":"Prve elektronske novine u Sand\u017eaku","publisher":{"@id":"https:\/\/sandzakpress.net\/arhiva\/#\/schema\/person\/6e72b67d6e51910a1117b3b483ba20bd"},"potentialAction":[{"@type":"SearchAction","target":{"@type":"EntryPoint","urlTemplate":"https:\/\/sandzakpress.net\/arhiva\/?s={search_term_string}"},"query-input":{"@type":"PropertyValueSpecification","valueRequired":true,"valueName":"search_term_string"}}],"inLanguage":"bs-BA"},{"@type":["Person","Organization"],"@id":"https:\/\/sandzakpress.net\/arhiva\/#\/schema\/person\/6e72b67d6e51910a1117b3b483ba20bd","name":"Kul","image":{"@type":"ImageObject","inLanguage":"bs-BA","@id":"https:\/\/sandzakpress.net\/arhiva\/#\/schema\/person\/image\/","url":"https:\/\/secure.gravatar.com\/avatar\/42263f39aa27ac04c43cab85c280eb2e?s=96&d=mm&r=pg","contentUrl":"https:\/\/secure.gravatar.com\/avatar\/42263f39aa27ac04c43cab85c280eb2e?s=96&d=mm&r=pg","caption":"Kul"},"logo":{"@id":"https:\/\/sandzakpress.net\/arhiva\/#\/schema\/person\/image\/"}},{"@type":"Person","@id":"https:\/\/sandzakpress.net\/arhiva\/#\/schema\/person\/cb59d7e3ab91ab90dd680ad0305a6185","name":"Agencija","image":{"@type":"ImageObject","inLanguage":"bs-BA","@id":"https:\/\/sandzakpress.net\/arhiva\/#\/schema\/person\/image\/","url":"https:\/\/secure.gravatar.com\/avatar\/4b7fafa80a22f0c2afe23966b3961fe0?s=96&d=mm&r=pg","contentUrl":"https:\/\/secure.gravatar.com\/avatar\/4b7fafa80a22f0c2afe23966b3961fe0?s=96&d=mm&r=pg","caption":"Agencija"},"url":"https:\/\/sandzakpress.net\/arhiva\/author\/agencija\/"}]}},"_links":{"self":[{"href":"https:\/\/sandzakpress.net\/arhiva\/wp-json\/wp\/v2\/posts\/203395"}],"collection":[{"href":"https:\/\/sandzakpress.net\/arhiva\/wp-json\/wp\/v2\/posts"}],"about":[{"href":"https:\/\/sandzakpress.net\/arhiva\/wp-json\/wp\/v2\/types\/post"}],"author":[{"embeddable":true,"href":"https:\/\/sandzakpress.net\/arhiva\/wp-json\/wp\/v2\/users\/509"}],"replies":[{"embeddable":true,"href":"https:\/\/sandzakpress.net\/arhiva\/wp-json\/wp\/v2\/comments?post=203395"}],"version-history":[{"count":0,"href":"https:\/\/sandzakpress.net\/arhiva\/wp-json\/wp\/v2\/posts\/203395\/revisions"}],"wp:featuredmedia":[{"embeddable":true,"href":"https:\/\/sandzakpress.net\/arhiva\/wp-json\/wp\/v2\/media\/203396"}],"wp:attachment":[{"href":"https:\/\/sandzakpress.net\/arhiva\/wp-json\/wp\/v2\/media?parent=203395"}],"wp:term":[{"taxonomy":"category","embeddable":true,"href":"https:\/\/sandzakpress.net\/arhiva\/wp-json\/wp\/v2\/categories?post=203395"},{"taxonomy":"post_tag","embeddable":true,"href":"https:\/\/sandzakpress.net\/arhiva\/wp-json\/wp\/v2\/tags?post=203395"}],"curies":[{"name":"wp","href":"https:\/\/api.w.org\/{rel}","templated":true}]}}