{"id":203166,"date":"2018-03-01T13:49:08","date_gmt":"2018-03-01T12:49:08","guid":{"rendered":"https:\/\/sandzakpress.net\/arhiva\/?p=203166"},"modified":"2018-03-01T13:49:08","modified_gmt":"2018-03-01T12:49:08","slug":"druzili-se-godinama-i-zajedno-preselili-nejla-je-bila-drzavni-stipendista-a-njen-suprug-irfan-i-prijatelj-sead-lokalni-fudbaleri","status":"publish","type":"post","link":"https:\/\/sandzakpress.net\/arhiva\/druzili-se-godinama-i-zajedno-preselili-nejla-je-bila-drzavni-stipendista-a-njen-suprug-irfan-i-prijatelj-sead-lokalni-fudbaleri\/","title":{"rendered":"DRU\u017dILI SE GODINAMA I ZAJEDNO PRESELILI &#8211; Nejla je bila dr\u017eavni stipendista, a njen suprug Irfan i prijatelj Sead lokalni fudbaleri"},"content":{"rendered":"<div id=\"lead\">\n<p><img loading=\"lazy\" decoding=\"async\" class=\"aligncenter\" src=\"https:\/\/ocdn.eu\/pulscms-transforms\/1\/8AMktkqTURBXy83YjQ1ZDFlMGQ0ODg0NGNmYjdkNzQ4NTczMjgzMDVkMi5qcGVnk5UCzQMUAMLDlQLNAdYAwsOVB9kyL3B1bHNjbXMvTURBXy8xZDc0Y2I0MTcwNTk1MDQzNjYyOWNhYmQ2MDZmNTBmNi5wbmcHwgA\" alt=\"Sead Krli\u0107 i Irfan Vati\u0107\" width=\"626\" height=\"518\" \/><\/p>\n<p><strong>Nekoliko hiljada \u017eitelja Novog Pazara odalo je posljednju po\u010dast Irfanu Vati\u0107u (32), njegovoj supruzi Nejli Halitovi\u0107 (27) i njihovom prijatelju Seadu Krli\u0107u (32) koji su u ponedeljak ujutru izgubili \u017eivote u stravi\u010dnom udesu na magistralnom putu Novi Pazar \u2013 Ra\u0161ka.<\/strong><\/p>\n<p>Bra\u010dni par je sahranjen na groblju Gazilar, a Sead Krli\u0107 na Velikom groblju u ovom gradu.<\/p>\n<p>Iza Nejle i Irfana ostalo je dvoje male djece, trogodi\u0161nji Metin i Muhamed koji je tek napunio \u0161est mjeseci. Njihovi prijatelji i dalje su u nevjerici.<\/p>\n<p><img loading=\"lazy\" decoding=\"async\" class=\"aligncenter\" src=\"https:\/\/ocdn.eu\/pulscms-transforms\/1\/uJRktkqTURBXy8xYzFiN2FkYjM5YzQ3NTNjZTkwNjIwNjZlYWI4OWE2ZC5qcGVnk5UCzQMUAMLDlQLNAdYAwsOVB9kyL3B1bHNjbXMvTURBXy8xZDc0Y2I0MTcwNTk1MDQzNjYyOWNhYmQ2MDZmNTBmNi5wbmcHwgA\" alt=\"Nejla Halitovi\u0107\" width=\"644\" height=\"484\" \/>&#8211; Nejla je bila genijalac, Matemati\u010dki fakultet je zavr\u0161ila sa izuzetno visokom ocjenom, a tokom studija je primala stipendiju Fonda za mlade talente, namijenjene najboljim studentima u Srbiji. Ugovor joj je li\u010dno uru\u010dio ministar omladine i sporta Vanja Udovi\u010di\u0107 prilikom jedne posjete Novom Pazaru. Tragedija, mogla je puno toga da pru\u017ei ovom gradu, djeci, porodici \u2013 pri\u010daju njeni prijatelji.<\/p>\n<p>Nakon poro\u0111aja, Nejla je nedavno po\u010dela i da radi kao profesor matematike u novopazarskoj Gimnaziji.<\/p>\n<p>&#8211; U\u010denici su je lepo prihvatili, zavoljeli za kratko vrijeme. Uvijek smo mogli da joj se obratimo za sve \u0161to nam nije jasno, bila nam je kao drugarica \u2013 dodaje u\u010denica te \u0161kole.<\/p>\n<p><img loading=\"lazy\" decoding=\"async\" class=\"aligncenter\" src=\"https:\/\/ocdn.eu\/pulscms-transforms\/1\/5vCktkqTURBXy80ODlmM2NlODJiMzdjZTdkMWJmYjk1ZDNjMTdhMGNiMi5qcGVnk5UCzQMUAMLDlQLNAdYAwsOVB9kyL3B1bHNjbXMvTURBXy8xZDc0Y2I0MTcwNTk1MDQzNjYyOWNhYmQ2MDZmNTBmNi5wbmcHwgA\" width=\"583\" height=\"486\" \/><\/p>\n<p>I Irfana i Seada su svi znali u Novom Pazaru, dugo su igrali fudbal i branili boje lokalnih timova.<\/p>\n<p>&#8211; Znam ih preko 20 godina, kada smo kao klinci po\u010dinjali da treniramo fudbal. Uvek pozitivni, nasmejani, momci za primer, vernici koji su uvek spremni svakom da pomognu. Eto, Sead je i tog dana hteo da se na\u0111e prijatelju, da ih vozi za Beograd, da se ne mu\u010de u autobusu \u2013 ka\u017ee biv\u0161i fudbaler Novog Pazara.<\/p>\n<p><img decoding=\"async\" class=\"aligncenter\" src=\"https:\/\/ocdn.eu\/pulscms-transforms\/1\/L0rktkqTURBXy8zMTkzNmJkZmM5Y2YzZGNiZTI4YTY1OThkOWJlMzM1My5qcGVnk5UCzQMUAMLDlQLNAdYAwsOVB9kyL3B1bHNjbXMvTURBXy8xZDc0Y2I0MTcwNTk1MDQzNjYyOWNhYmQ2MDZmNTBmNi5wbmcHwgA\" alt=\"&quot;BMW&quot; koji se zakucao u autobus\" \/><\/p>\n<p>I Sead je iza sebe ostavio dvoje dece, sina Amira i \u0107erku Ai\u0161u o kojoj \u0107e sada morati da brine njegova supruga Edina.<\/p>\n<p>&#8211; Pre nego je krenuo za Beograd, kupio je deci mleko, poljubio ih, krenuo, pa se ponovo vratio u ku\u0107u i opet poljubio decu i majku. Kao da je ne\u0161to predose\u0107ao \u2013 prepri\u010davali su Novopazarci detalje ove tragedije.<\/p>\n<p>Irfan, Nejla i Sead nastradali su u automobilu marke \u201cbmw\u201d koji je zbog leda i snega, ali i neprilago\u0111ene brzine takvim uslovima na putu, direktno udario u autobus na izlazu iz Novog Pazara prema Ra\u0161ki.<\/p>\n<\/div>\n<div id=\"onet-ad-flat-boxleft1\" class=\"adSection onet-ad\"><strong>\u00a0<\/strong><\/div>\n<div id=\"detail\" class=\"detail intext\"><strong>\u00a0<\/strong><\/div>\n","protected":false},"excerpt":{"rendered":"<p>Nekoliko hiljada \u017eitelja Novog Pazara odalo je posljednju po\u010dast Irfanu Vati\u0107u (32), njegovoj supruzi Nejli Halitovi\u0107 (27) i njihovom prijatelju Seadu Krli\u0107u (32) koji su u ponedeljak ujutru izgubili \u017eivote u stravi\u010dnom udesu na magistralnom putu Novi Pazar \u2013 Ra\u0161ka. Bra\u010dni par je sahranjen na groblju Gazilar, a Sead Krli\u0107 na Velikom groblju u ovom [&hellip;]<\/p>\n","protected":false},"author":509,"featured_media":203182,"comment_status":"open","ping_status":"open","sticky":false,"template":"","format":"standard","meta":{"footnotes":""},"categories":[72,5,10429,16],"tags":[],"class_list":{"0":"post-203166","1":"post","2":"type-post","3":"status-publish","4":"format-standard","5":"has-post-thumbnail","7":"category-novi-pazar","8":"category-drustvo","9":"category-vazno","10":"category-novine"},"yoast_head":"<!-- This site is optimized with the Yoast SEO Premium plugin v23.1 (Yoast SEO v24.9) - https:\/\/yoast.com\/wordpress\/plugins\/seo\/ -->\n<title>DRU\u017dILI SE GODINAMA I ZAJEDNO PRESELILI - Nejla je bila dr\u017eavni stipendista, a njen suprug Irfan i prijatelj Sead lokalni fudbaleri<\/title>\n<meta name=\"robots\" content=\"index, follow, max-snippet:-1, max-image-preview:large, max-video-preview:-1\" \/>\n<link rel=\"canonical\" href=\"https:\/\/sandzakpress.net\/arhiva\/druzili-se-godinama-i-zajedno-preselili-nejla-je-bila-drzavni-stipendista-a-njen-suprug-irfan-i-prijatelj-sead-lokalni-fudbaleri\/\" \/>\n<meta property=\"og:locale\" content=\"bs_BA\" \/>\n<meta property=\"og:type\" content=\"article\" \/>\n<meta property=\"og:title\" content=\"DRU\u017dILI SE GODINAMA I ZAJEDNO PRESELILI - Nejla je bila dr\u017eavni stipendista, a njen suprug Irfan i prijatelj Sead lokalni fudbaleri\" \/>\n<meta property=\"og:description\" content=\"Nekoliko hiljada \u017eitelja Novog Pazara odalo je posljednju po\u010dast Irfanu Vati\u0107u (32), njegovoj supruzi Nejli Halitovi\u0107 (27) i njihovom prijatelju Seadu Krli\u0107u (32) koji su u ponedeljak ujutru izgubili \u017eivote u stravi\u010dnom udesu na magistralnom putu Novi Pazar \u2013 Ra\u0161ka. Bra\u010dni par je sahranjen na groblju Gazilar, a Sead Krli\u0107 na Velikom groblju u ovom [&hellip;]\" \/>\n<meta property=\"og:url\" content=\"https:\/\/sandzakpress.net\/arhiva\/druzili-se-godinama-i-zajedno-preselili-nejla-je-bila-drzavni-stipendista-a-njen-suprug-irfan-i-prijatelj-sead-lokalni-fudbaleri\/\" \/>\n<meta property=\"og:site_name\" content=\"Sand\u017eak PRESS\" \/>\n<meta property=\"article:published_time\" content=\"2018-03-01T12:49:08+00:00\" \/>\n<meta property=\"og:image\" content=\"https:\/\/sandzakpress.net\/arhiva\/wp-content\/uploads\/2018\/03\/8AMktkqTURBXy83YjQ1ZDFlMGQ0ODg0NGNmYjdkNzQ4NTczMjgzMDVkMi5qcGVnk5UCzQMUAMLDlQLNAdYAwsOVB9kyL3B1bHNjbXMvTURBXy8xZDc0Y2I0MTcwNTk1MDQzNjYyOWNhYmQ2MDZmNTBmNi5wbmcHwgA.jpg\" \/>\n\t<meta property=\"og:image:width\" content=\"470\" \/>\n\t<meta property=\"og:image:height\" content=\"349\" \/>\n\t<meta property=\"og:image:type\" content=\"image\/jpeg\" \/>\n<meta name=\"author\" content=\"Agencija\" \/>\n<meta name=\"twitter:card\" content=\"summary_large_image\" \/>\n<meta name=\"twitter:label1\" content=\"Written by\" \/>\n\t<meta name=\"twitter:data1\" content=\"Agencija\" \/>\n\t<meta name=\"twitter:label2\" content=\"Est. reading time\" \/>\n\t<meta name=\"twitter:data2\" content=\"2 minute\" \/>\n<script type=\"application\/ld+json\" class=\"yoast-schema-graph\">{\"@context\":\"https:\/\/schema.org\",\"@graph\":[{\"@type\":\"Article\",\"@id\":\"https:\/\/sandzakpress.net\/arhiva\/druzili-se-godinama-i-zajedno-preselili-nejla-je-bila-drzavni-stipendista-a-njen-suprug-irfan-i-prijatelj-sead-lokalni-fudbaleri\/#article\",\"isPartOf\":{\"@id\":\"https:\/\/sandzakpress.net\/arhiva\/druzili-se-godinama-i-zajedno-preselili-nejla-je-bila-drzavni-stipendista-a-njen-suprug-irfan-i-prijatelj-sead-lokalni-fudbaleri\/\"},\"author\":{\"name\":\"Agencija\",\"@id\":\"https:\/\/sandzakpress.net\/arhiva\/#\/schema\/person\/cb59d7e3ab91ab90dd680ad0305a6185\"},\"headline\":\"DRU\u017dILI SE GODINAMA I ZAJEDNO PRESELILI &#8211; Nejla je bila dr\u017eavni stipendista, a njen suprug Irfan i prijatelj Sead lokalni fudbaleri\",\"datePublished\":\"2018-03-01T12:49:08+00:00\",\"mainEntityOfPage\":{\"@id\":\"https:\/\/sandzakpress.net\/arhiva\/druzili-se-godinama-i-zajedno-preselili-nejla-je-bila-drzavni-stipendista-a-njen-suprug-irfan-i-prijatelj-sead-lokalni-fudbaleri\/\"},\"wordCount\":404,\"commentCount\":1,\"publisher\":{\"@id\":\"https:\/\/sandzakpress.net\/arhiva\/#\/schema\/person\/6e72b67d6e51910a1117b3b483ba20bd\"},\"image\":{\"@id\":\"https:\/\/sandzakpress.net\/arhiva\/druzili-se-godinama-i-zajedno-preselili-nejla-je-bila-drzavni-stipendista-a-njen-suprug-irfan-i-prijatelj-sead-lokalni-fudbaleri\/#primaryimage\"},\"thumbnailUrl\":\"https:\/\/sandzakpress.net\/arhiva\/wp-content\/uploads\/2018\/03\/8AMktkqTURBXy83YjQ1ZDFlMGQ0ODg0NGNmYjdkNzQ4NTczMjgzMDVkMi5qcGVnk5UCzQMUAMLDlQLNAdYAwsOVB9kyL3B1bHNjbXMvTURBXy8xZDc0Y2I0MTcwNTk1MDQzNjYyOWNhYmQ2MDZmNTBmNi5wbmcHwgA.jpg\",\"articleSection\":[\"Novi Pazar\",\"Dru\u0161tvo\",\"VA\u017dNO!\",\"Novine\"],\"inLanguage\":\"bs-BA\",\"potentialAction\":[{\"@type\":\"CommentAction\",\"name\":\"Comment\",\"target\":[\"https:\/\/sandzakpress.net\/arhiva\/druzili-se-godinama-i-zajedno-preselili-nejla-je-bila-drzavni-stipendista-a-njen-suprug-irfan-i-prijatelj-sead-lokalni-fudbaleri\/#respond\"]}]},{\"@type\":\"WebPage\",\"@id\":\"https:\/\/sandzakpress.net\/arhiva\/druzili-se-godinama-i-zajedno-preselili-nejla-je-bila-drzavni-stipendista-a-njen-suprug-irfan-i-prijatelj-sead-lokalni-fudbaleri\/\",\"url\":\"https:\/\/sandzakpress.net\/arhiva\/druzili-se-godinama-i-zajedno-preselili-nejla-je-bila-drzavni-stipendista-a-njen-suprug-irfan-i-prijatelj-sead-lokalni-fudbaleri\/\",\"name\":\"DRU\u017dILI SE GODINAMA I ZAJEDNO PRESELILI - Nejla je bila dr\u017eavni stipendista, a njen suprug Irfan i prijatelj Sead lokalni fudbaleri\",\"isPartOf\":{\"@id\":\"https:\/\/sandzakpress.net\/arhiva\/#website\"},\"primaryImageOfPage\":{\"@id\":\"https:\/\/sandzakpress.net\/arhiva\/druzili-se-godinama-i-zajedno-preselili-nejla-je-bila-drzavni-stipendista-a-njen-suprug-irfan-i-prijatelj-sead-lokalni-fudbaleri\/#primaryimage\"},\"image\":{\"@id\":\"https:\/\/sandzakpress.net\/arhiva\/druzili-se-godinama-i-zajedno-preselili-nejla-je-bila-drzavni-stipendista-a-njen-suprug-irfan-i-prijatelj-sead-lokalni-fudbaleri\/#primaryimage\"},\"thumbnailUrl\":\"https:\/\/sandzakpress.net\/arhiva\/wp-content\/uploads\/2018\/03\/8AMktkqTURBXy83YjQ1ZDFlMGQ0ODg0NGNmYjdkNzQ4NTczMjgzMDVkMi5qcGVnk5UCzQMUAMLDlQLNAdYAwsOVB9kyL3B1bHNjbXMvTURBXy8xZDc0Y2I0MTcwNTk1MDQzNjYyOWNhYmQ2MDZmNTBmNi5wbmcHwgA.jpg\",\"datePublished\":\"2018-03-01T12:49:08+00:00\",\"breadcrumb\":{\"@id\":\"https:\/\/sandzakpress.net\/arhiva\/druzili-se-godinama-i-zajedno-preselili-nejla-je-bila-drzavni-stipendista-a-njen-suprug-irfan-i-prijatelj-sead-lokalni-fudbaleri\/#breadcrumb\"},\"inLanguage\":\"bs-BA\",\"potentialAction\":[{\"@type\":\"ReadAction\",\"target\":[\"https:\/\/sandzakpress.net\/arhiva\/druzili-se-godinama-i-zajedno-preselili-nejla-je-bila-drzavni-stipendista-a-njen-suprug-irfan-i-prijatelj-sead-lokalni-fudbaleri\/\"]}]},{\"@type\":\"ImageObject\",\"inLanguage\":\"bs-BA\",\"@id\":\"https:\/\/sandzakpress.net\/arhiva\/druzili-se-godinama-i-zajedno-preselili-nejla-je-bila-drzavni-stipendista-a-njen-suprug-irfan-i-prijatelj-sead-lokalni-fudbaleri\/#primaryimage\",\"url\":\"https:\/\/sandzakpress.net\/arhiva\/wp-content\/uploads\/2018\/03\/8AMktkqTURBXy83YjQ1ZDFlMGQ0ODg0NGNmYjdkNzQ4NTczMjgzMDVkMi5qcGVnk5UCzQMUAMLDlQLNAdYAwsOVB9kyL3B1bHNjbXMvTURBXy8xZDc0Y2I0MTcwNTk1MDQzNjYyOWNhYmQ2MDZmNTBmNi5wbmcHwgA.jpg\",\"contentUrl\":\"https:\/\/sandzakpress.net\/arhiva\/wp-content\/uploads\/2018\/03\/8AMktkqTURBXy83YjQ1ZDFlMGQ0ODg0NGNmYjdkNzQ4NTczMjgzMDVkMi5qcGVnk5UCzQMUAMLDlQLNAdYAwsOVB9kyL3B1bHNjbXMvTURBXy8xZDc0Y2I0MTcwNTk1MDQzNjYyOWNhYmQ2MDZmNTBmNi5wbmcHwgA.jpg\",\"width\":470,\"height\":349},{\"@type\":\"BreadcrumbList\",\"@id\":\"https:\/\/sandzakpress.net\/arhiva\/druzili-se-godinama-i-zajedno-preselili-nejla-je-bila-drzavni-stipendista-a-njen-suprug-irfan-i-prijatelj-sead-lokalni-fudbaleri\/#breadcrumb\",\"itemListElement\":[{\"@type\":\"ListItem\",\"position\":1,\"name\":\"Home\",\"item\":\"https:\/\/sandzakpress.net\/arhiva\/\"},{\"@type\":\"ListItem\",\"position\":2,\"name\":\"DRU\u017dILI SE GODINAMA I ZAJEDNO PRESELILI &#8211; Nejla je bila dr\u017eavni stipendista, a njen suprug Irfan i prijatelj Sead lokalni fudbaleri\"}]},{\"@type\":\"WebSite\",\"@id\":\"https:\/\/sandzakpress.net\/arhiva\/#website\",\"url\":\"https:\/\/sandzakpress.net\/arhiva\/\",\"name\":\"Sand\u017eak PRESS\",\"description\":\"Prve elektronske novine u Sand\u017eaku\",\"publisher\":{\"@id\":\"https:\/\/sandzakpress.net\/arhiva\/#\/schema\/person\/6e72b67d6e51910a1117b3b483ba20bd\"},\"potentialAction\":[{\"@type\":\"SearchAction\",\"target\":{\"@type\":\"EntryPoint\",\"urlTemplate\":\"https:\/\/sandzakpress.net\/arhiva\/?s={search_term_string}\"},\"query-input\":{\"@type\":\"PropertyValueSpecification\",\"valueRequired\":true,\"valueName\":\"search_term_string\"}}],\"inLanguage\":\"bs-BA\"},{\"@type\":[\"Person\",\"Organization\"],\"@id\":\"https:\/\/sandzakpress.net\/arhiva\/#\/schema\/person\/6e72b67d6e51910a1117b3b483ba20bd\",\"name\":\"Kul\",\"image\":{\"@type\":\"ImageObject\",\"inLanguage\":\"bs-BA\",\"@id\":\"https:\/\/sandzakpress.net\/arhiva\/#\/schema\/person\/image\/\",\"url\":\"https:\/\/secure.gravatar.com\/avatar\/42263f39aa27ac04c43cab85c280eb2e?s=96&d=mm&r=pg\",\"contentUrl\":\"https:\/\/secure.gravatar.com\/avatar\/42263f39aa27ac04c43cab85c280eb2e?s=96&d=mm&r=pg\",\"caption\":\"Kul\"},\"logo\":{\"@id\":\"https:\/\/sandzakpress.net\/arhiva\/#\/schema\/person\/image\/\"}},{\"@type\":\"Person\",\"@id\":\"https:\/\/sandzakpress.net\/arhiva\/#\/schema\/person\/cb59d7e3ab91ab90dd680ad0305a6185\",\"name\":\"Agencija\",\"image\":{\"@type\":\"ImageObject\",\"inLanguage\":\"bs-BA\",\"@id\":\"https:\/\/sandzakpress.net\/arhiva\/#\/schema\/person\/image\/\",\"url\":\"https:\/\/secure.gravatar.com\/avatar\/4b7fafa80a22f0c2afe23966b3961fe0?s=96&d=mm&r=pg\",\"contentUrl\":\"https:\/\/secure.gravatar.com\/avatar\/4b7fafa80a22f0c2afe23966b3961fe0?s=96&d=mm&r=pg\",\"caption\":\"Agencija\"},\"url\":\"https:\/\/sandzakpress.net\/arhiva\/author\/agencija\/\"}]}<\/script>\n<!-- \/ Yoast SEO Premium plugin. -->","yoast_head_json":{"title":"DRU\u017dILI SE GODINAMA I ZAJEDNO PRESELILI - Nejla je bila dr\u017eavni stipendista, a njen suprug Irfan i prijatelj Sead lokalni fudbaleri","robots":{"index":"index","follow":"follow","max-snippet":"max-snippet:-1","max-image-preview":"max-image-preview:large","max-video-preview":"max-video-preview:-1"},"canonical":"https:\/\/sandzakpress.net\/arhiva\/druzili-se-godinama-i-zajedno-preselili-nejla-je-bila-drzavni-stipendista-a-njen-suprug-irfan-i-prijatelj-sead-lokalni-fudbaleri\/","og_locale":"bs_BA","og_type":"article","og_title":"DRU\u017dILI SE GODINAMA I ZAJEDNO PRESELILI - Nejla je bila dr\u017eavni stipendista, a njen suprug Irfan i prijatelj Sead lokalni fudbaleri","og_description":"Nekoliko hiljada \u017eitelja Novog Pazara odalo je posljednju po\u010dast Irfanu Vati\u0107u (32), njegovoj supruzi Nejli Halitovi\u0107 (27) i njihovom prijatelju Seadu Krli\u0107u (32) koji su u ponedeljak ujutru izgubili \u017eivote u stravi\u010dnom udesu na magistralnom putu Novi Pazar \u2013 Ra\u0161ka. Bra\u010dni par je sahranjen na groblju Gazilar, a Sead Krli\u0107 na Velikom groblju u ovom [&hellip;]","og_url":"https:\/\/sandzakpress.net\/arhiva\/druzili-se-godinama-i-zajedno-preselili-nejla-je-bila-drzavni-stipendista-a-njen-suprug-irfan-i-prijatelj-sead-lokalni-fudbaleri\/","og_site_name":"Sand\u017eak PRESS","article_published_time":"2018-03-01T12:49:08+00:00","og_image":[{"width":470,"height":349,"url":"https:\/\/sandzakpress.net\/arhiva\/wp-content\/uploads\/2018\/03\/8AMktkqTURBXy83YjQ1ZDFlMGQ0ODg0NGNmYjdkNzQ4NTczMjgzMDVkMi5qcGVnk5UCzQMUAMLDlQLNAdYAwsOVB9kyL3B1bHNjbXMvTURBXy8xZDc0Y2I0MTcwNTk1MDQzNjYyOWNhYmQ2MDZmNTBmNi5wbmcHwgA.jpg","type":"image\/jpeg"}],"author":"Agencija","twitter_card":"summary_large_image","twitter_misc":{"Written by":"Agencija","Est. reading time":"2 minute"},"schema":{"@context":"https:\/\/schema.org","@graph":[{"@type":"Article","@id":"https:\/\/sandzakpress.net\/arhiva\/druzili-se-godinama-i-zajedno-preselili-nejla-je-bila-drzavni-stipendista-a-njen-suprug-irfan-i-prijatelj-sead-lokalni-fudbaleri\/#article","isPartOf":{"@id":"https:\/\/sandzakpress.net\/arhiva\/druzili-se-godinama-i-zajedno-preselili-nejla-je-bila-drzavni-stipendista-a-njen-suprug-irfan-i-prijatelj-sead-lokalni-fudbaleri\/"},"author":{"name":"Agencija","@id":"https:\/\/sandzakpress.net\/arhiva\/#\/schema\/person\/cb59d7e3ab91ab90dd680ad0305a6185"},"headline":"DRU\u017dILI SE GODINAMA I ZAJEDNO PRESELILI &#8211; Nejla je bila dr\u017eavni stipendista, a njen suprug Irfan i prijatelj Sead lokalni fudbaleri","datePublished":"2018-03-01T12:49:08+00:00","mainEntityOfPage":{"@id":"https:\/\/sandzakpress.net\/arhiva\/druzili-se-godinama-i-zajedno-preselili-nejla-je-bila-drzavni-stipendista-a-njen-suprug-irfan-i-prijatelj-sead-lokalni-fudbaleri\/"},"wordCount":404,"commentCount":1,"publisher":{"@id":"https:\/\/sandzakpress.net\/arhiva\/#\/schema\/person\/6e72b67d6e51910a1117b3b483ba20bd"},"image":{"@id":"https:\/\/sandzakpress.net\/arhiva\/druzili-se-godinama-i-zajedno-preselili-nejla-je-bila-drzavni-stipendista-a-njen-suprug-irfan-i-prijatelj-sead-lokalni-fudbaleri\/#primaryimage"},"thumbnailUrl":"https:\/\/sandzakpress.net\/arhiva\/wp-content\/uploads\/2018\/03\/8AMktkqTURBXy83YjQ1ZDFlMGQ0ODg0NGNmYjdkNzQ4NTczMjgzMDVkMi5qcGVnk5UCzQMUAMLDlQLNAdYAwsOVB9kyL3B1bHNjbXMvTURBXy8xZDc0Y2I0MTcwNTk1MDQzNjYyOWNhYmQ2MDZmNTBmNi5wbmcHwgA.jpg","articleSection":["Novi Pazar","Dru\u0161tvo","VA\u017dNO!","Novine"],"inLanguage":"bs-BA","potentialAction":[{"@type":"CommentAction","name":"Comment","target":["https:\/\/sandzakpress.net\/arhiva\/druzili-se-godinama-i-zajedno-preselili-nejla-je-bila-drzavni-stipendista-a-njen-suprug-irfan-i-prijatelj-sead-lokalni-fudbaleri\/#respond"]}]},{"@type":"WebPage","@id":"https:\/\/sandzakpress.net\/arhiva\/druzili-se-godinama-i-zajedno-preselili-nejla-je-bila-drzavni-stipendista-a-njen-suprug-irfan-i-prijatelj-sead-lokalni-fudbaleri\/","url":"https:\/\/sandzakpress.net\/arhiva\/druzili-se-godinama-i-zajedno-preselili-nejla-je-bila-drzavni-stipendista-a-njen-suprug-irfan-i-prijatelj-sead-lokalni-fudbaleri\/","name":"DRU\u017dILI SE GODINAMA I ZAJEDNO PRESELILI - Nejla je bila dr\u017eavni stipendista, a njen suprug Irfan i prijatelj Sead lokalni fudbaleri","isPartOf":{"@id":"https:\/\/sandzakpress.net\/arhiva\/#website"},"primaryImageOfPage":{"@id":"https:\/\/sandzakpress.net\/arhiva\/druzili-se-godinama-i-zajedno-preselili-nejla-je-bila-drzavni-stipendista-a-njen-suprug-irfan-i-prijatelj-sead-lokalni-fudbaleri\/#primaryimage"},"image":{"@id":"https:\/\/sandzakpress.net\/arhiva\/druzili-se-godinama-i-zajedno-preselili-nejla-je-bila-drzavni-stipendista-a-njen-suprug-irfan-i-prijatelj-sead-lokalni-fudbaleri\/#primaryimage"},"thumbnailUrl":"https:\/\/sandzakpress.net\/arhiva\/wp-content\/uploads\/2018\/03\/8AMktkqTURBXy83YjQ1ZDFlMGQ0ODg0NGNmYjdkNzQ4NTczMjgzMDVkMi5qcGVnk5UCzQMUAMLDlQLNAdYAwsOVB9kyL3B1bHNjbXMvTURBXy8xZDc0Y2I0MTcwNTk1MDQzNjYyOWNhYmQ2MDZmNTBmNi5wbmcHwgA.jpg","datePublished":"2018-03-01T12:49:08+00:00","breadcrumb":{"@id":"https:\/\/sandzakpress.net\/arhiva\/druzili-se-godinama-i-zajedno-preselili-nejla-je-bila-drzavni-stipendista-a-njen-suprug-irfan-i-prijatelj-sead-lokalni-fudbaleri\/#breadcrumb"},"inLanguage":"bs-BA","potentialAction":[{"@type":"ReadAction","target":["https:\/\/sandzakpress.net\/arhiva\/druzili-se-godinama-i-zajedno-preselili-nejla-je-bila-drzavni-stipendista-a-njen-suprug-irfan-i-prijatelj-sead-lokalni-fudbaleri\/"]}]},{"@type":"ImageObject","inLanguage":"bs-BA","@id":"https:\/\/sandzakpress.net\/arhiva\/druzili-se-godinama-i-zajedno-preselili-nejla-je-bila-drzavni-stipendista-a-njen-suprug-irfan-i-prijatelj-sead-lokalni-fudbaleri\/#primaryimage","url":"https:\/\/sandzakpress.net\/arhiva\/wp-content\/uploads\/2018\/03\/8AMktkqTURBXy83YjQ1ZDFlMGQ0ODg0NGNmYjdkNzQ4NTczMjgzMDVkMi5qcGVnk5UCzQMUAMLDlQLNAdYAwsOVB9kyL3B1bHNjbXMvTURBXy8xZDc0Y2I0MTcwNTk1MDQzNjYyOWNhYmQ2MDZmNTBmNi5wbmcHwgA.jpg","contentUrl":"https:\/\/sandzakpress.net\/arhiva\/wp-content\/uploads\/2018\/03\/8AMktkqTURBXy83YjQ1ZDFlMGQ0ODg0NGNmYjdkNzQ4NTczMjgzMDVkMi5qcGVnk5UCzQMUAMLDlQLNAdYAwsOVB9kyL3B1bHNjbXMvTURBXy8xZDc0Y2I0MTcwNTk1MDQzNjYyOWNhYmQ2MDZmNTBmNi5wbmcHwgA.jpg","width":470,"height":349},{"@type":"BreadcrumbList","@id":"https:\/\/sandzakpress.net\/arhiva\/druzili-se-godinama-i-zajedno-preselili-nejla-je-bila-drzavni-stipendista-a-njen-suprug-irfan-i-prijatelj-sead-lokalni-fudbaleri\/#breadcrumb","itemListElement":[{"@type":"ListItem","position":1,"name":"Home","item":"https:\/\/sandzakpress.net\/arhiva\/"},{"@type":"ListItem","position":2,"name":"DRU\u017dILI SE GODINAMA I ZAJEDNO PRESELILI &#8211; Nejla je bila dr\u017eavni stipendista, a njen suprug Irfan i prijatelj Sead lokalni fudbaleri"}]},{"@type":"WebSite","@id":"https:\/\/sandzakpress.net\/arhiva\/#website","url":"https:\/\/sandzakpress.net\/arhiva\/","name":"Sand\u017eak PRESS","description":"Prve elektronske novine u Sand\u017eaku","publisher":{"@id":"https:\/\/sandzakpress.net\/arhiva\/#\/schema\/person\/6e72b67d6e51910a1117b3b483ba20bd"},"potentialAction":[{"@type":"SearchAction","target":{"@type":"EntryPoint","urlTemplate":"https:\/\/sandzakpress.net\/arhiva\/?s={search_term_string}"},"query-input":{"@type":"PropertyValueSpecification","valueRequired":true,"valueName":"search_term_string"}}],"inLanguage":"bs-BA"},{"@type":["Person","Organization"],"@id":"https:\/\/sandzakpress.net\/arhiva\/#\/schema\/person\/6e72b67d6e51910a1117b3b483ba20bd","name":"Kul","image":{"@type":"ImageObject","inLanguage":"bs-BA","@id":"https:\/\/sandzakpress.net\/arhiva\/#\/schema\/person\/image\/","url":"https:\/\/secure.gravatar.com\/avatar\/42263f39aa27ac04c43cab85c280eb2e?s=96&d=mm&r=pg","contentUrl":"https:\/\/secure.gravatar.com\/avatar\/42263f39aa27ac04c43cab85c280eb2e?s=96&d=mm&r=pg","caption":"Kul"},"logo":{"@id":"https:\/\/sandzakpress.net\/arhiva\/#\/schema\/person\/image\/"}},{"@type":"Person","@id":"https:\/\/sandzakpress.net\/arhiva\/#\/schema\/person\/cb59d7e3ab91ab90dd680ad0305a6185","name":"Agencija","image":{"@type":"ImageObject","inLanguage":"bs-BA","@id":"https:\/\/sandzakpress.net\/arhiva\/#\/schema\/person\/image\/","url":"https:\/\/secure.gravatar.com\/avatar\/4b7fafa80a22f0c2afe23966b3961fe0?s=96&d=mm&r=pg","contentUrl":"https:\/\/secure.gravatar.com\/avatar\/4b7fafa80a22f0c2afe23966b3961fe0?s=96&d=mm&r=pg","caption":"Agencija"},"url":"https:\/\/sandzakpress.net\/arhiva\/author\/agencija\/"}]}},"_links":{"self":[{"href":"https:\/\/sandzakpress.net\/arhiva\/wp-json\/wp\/v2\/posts\/203166"}],"collection":[{"href":"https:\/\/sandzakpress.net\/arhiva\/wp-json\/wp\/v2\/posts"}],"about":[{"href":"https:\/\/sandzakpress.net\/arhiva\/wp-json\/wp\/v2\/types\/post"}],"author":[{"embeddable":true,"href":"https:\/\/sandzakpress.net\/arhiva\/wp-json\/wp\/v2\/users\/509"}],"replies":[{"embeddable":true,"href":"https:\/\/sandzakpress.net\/arhiva\/wp-json\/wp\/v2\/comments?post=203166"}],"version-history":[{"count":0,"href":"https:\/\/sandzakpress.net\/arhiva\/wp-json\/wp\/v2\/posts\/203166\/revisions"}],"wp:featuredmedia":[{"embeddable":true,"href":"https:\/\/sandzakpress.net\/arhiva\/wp-json\/wp\/v2\/media\/203182"}],"wp:attachment":[{"href":"https:\/\/sandzakpress.net\/arhiva\/wp-json\/wp\/v2\/media?parent=203166"}],"wp:term":[{"taxonomy":"category","embeddable":true,"href":"https:\/\/sandzakpress.net\/arhiva\/wp-json\/wp\/v2\/categories?post=203166"},{"taxonomy":"post_tag","embeddable":true,"href":"https:\/\/sandzakpress.net\/arhiva\/wp-json\/wp\/v2\/tags?post=203166"}],"curies":[{"name":"wp","href":"https:\/\/api.w.org\/{rel}","templated":true}]}}