{"id":203066,"date":"2018-02-26T13:35:39","date_gmt":"2018-02-26T12:35:39","guid":{"rendered":"https:\/\/sandzakpress.net\/arhiva\/?p=203066"},"modified":"2018-02-26T12:47:01","modified_gmt":"2018-02-26T11:47:01","slug":"jos-jedna-saobracajna-nesreca-sandzakliju-pregazio-sopstveni-kamion","status":"publish","type":"post","link":"https:\/\/sandzakpress.net\/arhiva\/jos-jedna-saobracajna-nesreca-sandzakliju-pregazio-sopstveni-kamion\/","title":{"rendered":"Jo\u0161 jedna saobra\u0107ajna nesre\u0107a &#8211; Sand\u017eakliju pregazio sopstveni kamion"},"content":{"rendered":"<p><img decoding=\"async\" src=\"http:\/\/www.sandzaklive.rs\/images\/00\/nesreca-6.jpg\" alt=\"nesreca 6\" \/><\/p>\n<p><strong>U saobra\u0107ajnoj nesre\u0107i koja se dogodila danas ne\u0161to poslije 13 \u010dasova, poginuo je voza\u010d kamiona Amet Jahdadi\u0107 ro\u0111en 1956 godine iz Plava,nastanjen na Cetinju koji je upravljao kamionom budvanskih registarskih oznaka.<\/strong><\/p>\n<p>Nesre\u0107a se dogodila u Hercegnovskoj ulici\u00a0na Seljanovu.<\/p>\n<p>Kako nezvani\u010dno saznajemo,voza\u010d je iza\u0161ao\u00a0 iz kamiona, vozilo se pokrenulo niz nizbrdicu a nesretni voza\u010d je poku\u0161ao usko\u010diti u kamion i zaustaviti ga, \u0161to na \u017ealost nije uspio pa ga je sopstveno vozilo pregazilo. Kamion je nastavi niz nizbrdicu, udario nekoliko vozila, a na kraju ulice se zaustavio te\u0161ko o\u0161tetiv\u0161i\u00a0parkirani automobil i oboriv\u0161i betonski zid i ogradu jedne od ku\u0107a.<\/p>\n<p>Iako se na licu mjesta odmah pojavila ekipa Hitne pomo\u0107i Tivat, te\u0161ko povrije\u0111enom voza\u010du nije bilo spasa. Istraga je u toku, a na mjestu nesre\u0107e su i tivatski vatrogasci, kao i gradona\u010delnica Tivta dr Sne\u017eana Matijevi\u0107.<\/p>\n<p>(Radio Tivat)<\/p>\n","protected":false},"excerpt":{"rendered":"<p>U saobra\u0107ajnoj nesre\u0107i koja se dogodila danas ne\u0161to poslije 13 \u010dasova, poginuo je voza\u010d kamiona Amet Jahdadi\u0107 ro\u0111en 1956 godine iz Plava,nastanjen na Cetinju koji je upravljao kamionom budvanskih registarskih oznaka. Nesre\u0107a se dogodila u Hercegnovskoj ulici\u00a0na Seljanovu. Kako nezvani\u010dno saznajemo,voza\u010d je iza\u0161ao\u00a0 iz kamiona, vozilo se pokrenulo niz nizbrdicu a nesretni voza\u010d je poku\u0161ao [&hellip;]<\/p>\n","protected":false},"author":509,"featured_media":203076,"comment_status":"open","ping_status":"open","sticky":false,"template":"","format":"standard","meta":{"footnotes":""},"categories":[399,801,10429],"tags":[],"class_list":{"0":"post-203066","1":"post","2":"type-post","3":"status-publish","4":"format-standard","5":"has-post-thumbnail","7":"category-plav_","8":"category-crna_hronika","9":"category-vazno"},"yoast_head":"<!-- This site is optimized with the Yoast SEO Premium plugin v23.1 (Yoast SEO v24.9) - https:\/\/yoast.com\/wordpress\/plugins\/seo\/ -->\n<title>Jo\u0161 jedna saobra\u0107ajna nesre\u0107a - Sand\u017eakliju pregazio sopstveni kamion<\/title>\n<meta name=\"robots\" content=\"index, follow, max-snippet:-1, max-image-preview:large, max-video-preview:-1\" \/>\n<link rel=\"canonical\" href=\"https:\/\/sandzakpress.net\/arhiva\/jos-jedna-saobracajna-nesreca-sandzakliju-pregazio-sopstveni-kamion\/\" \/>\n<meta property=\"og:locale\" content=\"bs_BA\" \/>\n<meta property=\"og:type\" content=\"article\" \/>\n<meta property=\"og:title\" content=\"Jo\u0161 jedna saobra\u0107ajna nesre\u0107a - Sand\u017eakliju pregazio sopstveni kamion\" \/>\n<meta property=\"og:description\" content=\"U saobra\u0107ajnoj nesre\u0107i koja se dogodila danas ne\u0161to poslije 13 \u010dasova, poginuo je voza\u010d kamiona Amet Jahdadi\u0107 ro\u0111en 1956 godine iz Plava,nastanjen na Cetinju koji je upravljao kamionom budvanskih registarskih oznaka. Nesre\u0107a se dogodila u Hercegnovskoj ulici\u00a0na Seljanovu. Kako nezvani\u010dno saznajemo,voza\u010d je iza\u0161ao\u00a0 iz kamiona, vozilo se pokrenulo niz nizbrdicu a nesretni voza\u010d je poku\u0161ao [&hellip;]\" \/>\n<meta property=\"og:url\" content=\"https:\/\/sandzakpress.net\/arhiva\/jos-jedna-saobracajna-nesreca-sandzakliju-pregazio-sopstveni-kamion\/\" \/>\n<meta property=\"og:site_name\" content=\"Sand\u017eak PRESS\" \/>\n<meta property=\"article:published_time\" content=\"2018-02-26T12:35:39+00:00\" \/>\n<meta property=\"og:image\" content=\"https:\/\/sandzakpress.net\/arhiva\/wp-content\/uploads\/2018\/02\/nesreca-6.jpg\" \/>\n\t<meta property=\"og:image:width\" content=\"1280\" \/>\n\t<meta property=\"og:image:height\" content=\"720\" \/>\n\t<meta property=\"og:image:type\" content=\"image\/jpeg\" \/>\n<meta name=\"author\" content=\"Agencija\" \/>\n<meta name=\"twitter:card\" content=\"summary_large_image\" \/>\n<meta name=\"twitter:label1\" content=\"Written by\" \/>\n\t<meta name=\"twitter:data1\" content=\"Agencija\" \/>\n\t<meta name=\"twitter:label2\" content=\"Est. reading time\" \/>\n\t<meta name=\"twitter:data2\" content=\"1 minuta\" \/>\n<script type=\"application\/ld+json\" class=\"yoast-schema-graph\">{\"@context\":\"https:\/\/schema.org\",\"@graph\":[{\"@type\":\"Article\",\"@id\":\"https:\/\/sandzakpress.net\/arhiva\/jos-jedna-saobracajna-nesreca-sandzakliju-pregazio-sopstveni-kamion\/#article\",\"isPartOf\":{\"@id\":\"https:\/\/sandzakpress.net\/arhiva\/jos-jedna-saobracajna-nesreca-sandzakliju-pregazio-sopstveni-kamion\/\"},\"author\":{\"name\":\"Agencija\",\"@id\":\"https:\/\/sandzakpress.net\/arhiva\/#\/schema\/person\/cb59d7e3ab91ab90dd680ad0305a6185\"},\"headline\":\"Jo\u0161 jedna saobra\u0107ajna nesre\u0107a &#8211; Sand\u017eakliju pregazio sopstveni kamion\",\"datePublished\":\"2018-02-26T12:35:39+00:00\",\"mainEntityOfPage\":{\"@id\":\"https:\/\/sandzakpress.net\/arhiva\/jos-jedna-saobracajna-nesreca-sandzakliju-pregazio-sopstveni-kamion\/\"},\"wordCount\":171,\"commentCount\":0,\"publisher\":{\"@id\":\"https:\/\/sandzakpress.net\/arhiva\/#\/schema\/person\/6e72b67d6e51910a1117b3b483ba20bd\"},\"image\":{\"@id\":\"https:\/\/sandzakpress.net\/arhiva\/jos-jedna-saobracajna-nesreca-sandzakliju-pregazio-sopstveni-kamion\/#primaryimage\"},\"thumbnailUrl\":\"https:\/\/sandzakpress.net\/arhiva\/wp-content\/uploads\/2018\/02\/nesreca-6.jpg\",\"articleSection\":[\"Plav\",\"Hronika\",\"VA\u017dNO!\"],\"inLanguage\":\"bs-BA\",\"potentialAction\":[{\"@type\":\"CommentAction\",\"name\":\"Comment\",\"target\":[\"https:\/\/sandzakpress.net\/arhiva\/jos-jedna-saobracajna-nesreca-sandzakliju-pregazio-sopstveni-kamion\/#respond\"]}]},{\"@type\":\"WebPage\",\"@id\":\"https:\/\/sandzakpress.net\/arhiva\/jos-jedna-saobracajna-nesreca-sandzakliju-pregazio-sopstveni-kamion\/\",\"url\":\"https:\/\/sandzakpress.net\/arhiva\/jos-jedna-saobracajna-nesreca-sandzakliju-pregazio-sopstveni-kamion\/\",\"name\":\"Jo\u0161 jedna saobra\u0107ajna nesre\u0107a - Sand\u017eakliju pregazio sopstveni kamion\",\"isPartOf\":{\"@id\":\"https:\/\/sandzakpress.net\/arhiva\/#website\"},\"primaryImageOfPage\":{\"@id\":\"https:\/\/sandzakpress.net\/arhiva\/jos-jedna-saobracajna-nesreca-sandzakliju-pregazio-sopstveni-kamion\/#primaryimage\"},\"image\":{\"@id\":\"https:\/\/sandzakpress.net\/arhiva\/jos-jedna-saobracajna-nesreca-sandzakliju-pregazio-sopstveni-kamion\/#primaryimage\"},\"thumbnailUrl\":\"https:\/\/sandzakpress.net\/arhiva\/wp-content\/uploads\/2018\/02\/nesreca-6.jpg\",\"datePublished\":\"2018-02-26T12:35:39+00:00\",\"breadcrumb\":{\"@id\":\"https:\/\/sandzakpress.net\/arhiva\/jos-jedna-saobracajna-nesreca-sandzakliju-pregazio-sopstveni-kamion\/#breadcrumb\"},\"inLanguage\":\"bs-BA\",\"potentialAction\":[{\"@type\":\"ReadAction\",\"target\":[\"https:\/\/sandzakpress.net\/arhiva\/jos-jedna-saobracajna-nesreca-sandzakliju-pregazio-sopstveni-kamion\/\"]}]},{\"@type\":\"ImageObject\",\"inLanguage\":\"bs-BA\",\"@id\":\"https:\/\/sandzakpress.net\/arhiva\/jos-jedna-saobracajna-nesreca-sandzakliju-pregazio-sopstveni-kamion\/#primaryimage\",\"url\":\"https:\/\/sandzakpress.net\/arhiva\/wp-content\/uploads\/2018\/02\/nesreca-6.jpg\",\"contentUrl\":\"https:\/\/sandzakpress.net\/arhiva\/wp-content\/uploads\/2018\/02\/nesreca-6.jpg\",\"width\":1280,\"height\":720},{\"@type\":\"BreadcrumbList\",\"@id\":\"https:\/\/sandzakpress.net\/arhiva\/jos-jedna-saobracajna-nesreca-sandzakliju-pregazio-sopstveni-kamion\/#breadcrumb\",\"itemListElement\":[{\"@type\":\"ListItem\",\"position\":1,\"name\":\"Home\",\"item\":\"https:\/\/sandzakpress.net\/arhiva\/\"},{\"@type\":\"ListItem\",\"position\":2,\"name\":\"Jo\u0161 jedna saobra\u0107ajna nesre\u0107a &#8211; Sand\u017eakliju pregazio sopstveni kamion\"}]},{\"@type\":\"WebSite\",\"@id\":\"https:\/\/sandzakpress.net\/arhiva\/#website\",\"url\":\"https:\/\/sandzakpress.net\/arhiva\/\",\"name\":\"Sand\u017eak PRESS\",\"description\":\"Prve elektronske novine u Sand\u017eaku\",\"publisher\":{\"@id\":\"https:\/\/sandzakpress.net\/arhiva\/#\/schema\/person\/6e72b67d6e51910a1117b3b483ba20bd\"},\"potentialAction\":[{\"@type\":\"SearchAction\",\"target\":{\"@type\":\"EntryPoint\",\"urlTemplate\":\"https:\/\/sandzakpress.net\/arhiva\/?s={search_term_string}\"},\"query-input\":{\"@type\":\"PropertyValueSpecification\",\"valueRequired\":true,\"valueName\":\"search_term_string\"}}],\"inLanguage\":\"bs-BA\"},{\"@type\":[\"Person\",\"Organization\"],\"@id\":\"https:\/\/sandzakpress.net\/arhiva\/#\/schema\/person\/6e72b67d6e51910a1117b3b483ba20bd\",\"name\":\"Kul\",\"image\":{\"@type\":\"ImageObject\",\"inLanguage\":\"bs-BA\",\"@id\":\"https:\/\/sandzakpress.net\/arhiva\/#\/schema\/person\/image\/\",\"url\":\"https:\/\/secure.gravatar.com\/avatar\/42263f39aa27ac04c43cab85c280eb2e?s=96&d=mm&r=pg\",\"contentUrl\":\"https:\/\/secure.gravatar.com\/avatar\/42263f39aa27ac04c43cab85c280eb2e?s=96&d=mm&r=pg\",\"caption\":\"Kul\"},\"logo\":{\"@id\":\"https:\/\/sandzakpress.net\/arhiva\/#\/schema\/person\/image\/\"}},{\"@type\":\"Person\",\"@id\":\"https:\/\/sandzakpress.net\/arhiva\/#\/schema\/person\/cb59d7e3ab91ab90dd680ad0305a6185\",\"name\":\"Agencija\",\"image\":{\"@type\":\"ImageObject\",\"inLanguage\":\"bs-BA\",\"@id\":\"https:\/\/sandzakpress.net\/arhiva\/#\/schema\/person\/image\/\",\"url\":\"https:\/\/secure.gravatar.com\/avatar\/4b7fafa80a22f0c2afe23966b3961fe0?s=96&d=mm&r=pg\",\"contentUrl\":\"https:\/\/secure.gravatar.com\/avatar\/4b7fafa80a22f0c2afe23966b3961fe0?s=96&d=mm&r=pg\",\"caption\":\"Agencija\"},\"url\":\"https:\/\/sandzakpress.net\/arhiva\/author\/agencija\/\"}]}<\/script>\n<!-- \/ Yoast SEO Premium plugin. -->","yoast_head_json":{"title":"Jo\u0161 jedna saobra\u0107ajna nesre\u0107a - Sand\u017eakliju pregazio sopstveni kamion","robots":{"index":"index","follow":"follow","max-snippet":"max-snippet:-1","max-image-preview":"max-image-preview:large","max-video-preview":"max-video-preview:-1"},"canonical":"https:\/\/sandzakpress.net\/arhiva\/jos-jedna-saobracajna-nesreca-sandzakliju-pregazio-sopstveni-kamion\/","og_locale":"bs_BA","og_type":"article","og_title":"Jo\u0161 jedna saobra\u0107ajna nesre\u0107a - Sand\u017eakliju pregazio sopstveni kamion","og_description":"U saobra\u0107ajnoj nesre\u0107i koja se dogodila danas ne\u0161to poslije 13 \u010dasova, poginuo je voza\u010d kamiona Amet Jahdadi\u0107 ro\u0111en 1956 godine iz Plava,nastanjen na Cetinju koji je upravljao kamionom budvanskih registarskih oznaka. Nesre\u0107a se dogodila u Hercegnovskoj ulici\u00a0na Seljanovu. Kako nezvani\u010dno saznajemo,voza\u010d je iza\u0161ao\u00a0 iz kamiona, vozilo se pokrenulo niz nizbrdicu a nesretni voza\u010d je poku\u0161ao [&hellip;]","og_url":"https:\/\/sandzakpress.net\/arhiva\/jos-jedna-saobracajna-nesreca-sandzakliju-pregazio-sopstveni-kamion\/","og_site_name":"Sand\u017eak PRESS","article_published_time":"2018-02-26T12:35:39+00:00","og_image":[{"width":1280,"height":720,"url":"https:\/\/sandzakpress.net\/arhiva\/wp-content\/uploads\/2018\/02\/nesreca-6.jpg","type":"image\/jpeg"}],"author":"Agencija","twitter_card":"summary_large_image","twitter_misc":{"Written by":"Agencija","Est. reading time":"1 minuta"},"schema":{"@context":"https:\/\/schema.org","@graph":[{"@type":"Article","@id":"https:\/\/sandzakpress.net\/arhiva\/jos-jedna-saobracajna-nesreca-sandzakliju-pregazio-sopstveni-kamion\/#article","isPartOf":{"@id":"https:\/\/sandzakpress.net\/arhiva\/jos-jedna-saobracajna-nesreca-sandzakliju-pregazio-sopstveni-kamion\/"},"author":{"name":"Agencija","@id":"https:\/\/sandzakpress.net\/arhiva\/#\/schema\/person\/cb59d7e3ab91ab90dd680ad0305a6185"},"headline":"Jo\u0161 jedna saobra\u0107ajna nesre\u0107a &#8211; Sand\u017eakliju pregazio sopstveni kamion","datePublished":"2018-02-26T12:35:39+00:00","mainEntityOfPage":{"@id":"https:\/\/sandzakpress.net\/arhiva\/jos-jedna-saobracajna-nesreca-sandzakliju-pregazio-sopstveni-kamion\/"},"wordCount":171,"commentCount":0,"publisher":{"@id":"https:\/\/sandzakpress.net\/arhiva\/#\/schema\/person\/6e72b67d6e51910a1117b3b483ba20bd"},"image":{"@id":"https:\/\/sandzakpress.net\/arhiva\/jos-jedna-saobracajna-nesreca-sandzakliju-pregazio-sopstveni-kamion\/#primaryimage"},"thumbnailUrl":"https:\/\/sandzakpress.net\/arhiva\/wp-content\/uploads\/2018\/02\/nesreca-6.jpg","articleSection":["Plav","Hronika","VA\u017dNO!"],"inLanguage":"bs-BA","potentialAction":[{"@type":"CommentAction","name":"Comment","target":["https:\/\/sandzakpress.net\/arhiva\/jos-jedna-saobracajna-nesreca-sandzakliju-pregazio-sopstveni-kamion\/#respond"]}]},{"@type":"WebPage","@id":"https:\/\/sandzakpress.net\/arhiva\/jos-jedna-saobracajna-nesreca-sandzakliju-pregazio-sopstveni-kamion\/","url":"https:\/\/sandzakpress.net\/arhiva\/jos-jedna-saobracajna-nesreca-sandzakliju-pregazio-sopstveni-kamion\/","name":"Jo\u0161 jedna saobra\u0107ajna nesre\u0107a - Sand\u017eakliju pregazio sopstveni kamion","isPartOf":{"@id":"https:\/\/sandzakpress.net\/arhiva\/#website"},"primaryImageOfPage":{"@id":"https:\/\/sandzakpress.net\/arhiva\/jos-jedna-saobracajna-nesreca-sandzakliju-pregazio-sopstveni-kamion\/#primaryimage"},"image":{"@id":"https:\/\/sandzakpress.net\/arhiva\/jos-jedna-saobracajna-nesreca-sandzakliju-pregazio-sopstveni-kamion\/#primaryimage"},"thumbnailUrl":"https:\/\/sandzakpress.net\/arhiva\/wp-content\/uploads\/2018\/02\/nesreca-6.jpg","datePublished":"2018-02-26T12:35:39+00:00","breadcrumb":{"@id":"https:\/\/sandzakpress.net\/arhiva\/jos-jedna-saobracajna-nesreca-sandzakliju-pregazio-sopstveni-kamion\/#breadcrumb"},"inLanguage":"bs-BA","potentialAction":[{"@type":"ReadAction","target":["https:\/\/sandzakpress.net\/arhiva\/jos-jedna-saobracajna-nesreca-sandzakliju-pregazio-sopstveni-kamion\/"]}]},{"@type":"ImageObject","inLanguage":"bs-BA","@id":"https:\/\/sandzakpress.net\/arhiva\/jos-jedna-saobracajna-nesreca-sandzakliju-pregazio-sopstveni-kamion\/#primaryimage","url":"https:\/\/sandzakpress.net\/arhiva\/wp-content\/uploads\/2018\/02\/nesreca-6.jpg","contentUrl":"https:\/\/sandzakpress.net\/arhiva\/wp-content\/uploads\/2018\/02\/nesreca-6.jpg","width":1280,"height":720},{"@type":"BreadcrumbList","@id":"https:\/\/sandzakpress.net\/arhiva\/jos-jedna-saobracajna-nesreca-sandzakliju-pregazio-sopstveni-kamion\/#breadcrumb","itemListElement":[{"@type":"ListItem","position":1,"name":"Home","item":"https:\/\/sandzakpress.net\/arhiva\/"},{"@type":"ListItem","position":2,"name":"Jo\u0161 jedna saobra\u0107ajna nesre\u0107a &#8211; Sand\u017eakliju pregazio sopstveni kamion"}]},{"@type":"WebSite","@id":"https:\/\/sandzakpress.net\/arhiva\/#website","url":"https:\/\/sandzakpress.net\/arhiva\/","name":"Sand\u017eak PRESS","description":"Prve elektronske novine u Sand\u017eaku","publisher":{"@id":"https:\/\/sandzakpress.net\/arhiva\/#\/schema\/person\/6e72b67d6e51910a1117b3b483ba20bd"},"potentialAction":[{"@type":"SearchAction","target":{"@type":"EntryPoint","urlTemplate":"https:\/\/sandzakpress.net\/arhiva\/?s={search_term_string}"},"query-input":{"@type":"PropertyValueSpecification","valueRequired":true,"valueName":"search_term_string"}}],"inLanguage":"bs-BA"},{"@type":["Person","Organization"],"@id":"https:\/\/sandzakpress.net\/arhiva\/#\/schema\/person\/6e72b67d6e51910a1117b3b483ba20bd","name":"Kul","image":{"@type":"ImageObject","inLanguage":"bs-BA","@id":"https:\/\/sandzakpress.net\/arhiva\/#\/schema\/person\/image\/","url":"https:\/\/secure.gravatar.com\/avatar\/42263f39aa27ac04c43cab85c280eb2e?s=96&d=mm&r=pg","contentUrl":"https:\/\/secure.gravatar.com\/avatar\/42263f39aa27ac04c43cab85c280eb2e?s=96&d=mm&r=pg","caption":"Kul"},"logo":{"@id":"https:\/\/sandzakpress.net\/arhiva\/#\/schema\/person\/image\/"}},{"@type":"Person","@id":"https:\/\/sandzakpress.net\/arhiva\/#\/schema\/person\/cb59d7e3ab91ab90dd680ad0305a6185","name":"Agencija","image":{"@type":"ImageObject","inLanguage":"bs-BA","@id":"https:\/\/sandzakpress.net\/arhiva\/#\/schema\/person\/image\/","url":"https:\/\/secure.gravatar.com\/avatar\/4b7fafa80a22f0c2afe23966b3961fe0?s=96&d=mm&r=pg","contentUrl":"https:\/\/secure.gravatar.com\/avatar\/4b7fafa80a22f0c2afe23966b3961fe0?s=96&d=mm&r=pg","caption":"Agencija"},"url":"https:\/\/sandzakpress.net\/arhiva\/author\/agencija\/"}]}},"_links":{"self":[{"href":"https:\/\/sandzakpress.net\/arhiva\/wp-json\/wp\/v2\/posts\/203066"}],"collection":[{"href":"https:\/\/sandzakpress.net\/arhiva\/wp-json\/wp\/v2\/posts"}],"about":[{"href":"https:\/\/sandzakpress.net\/arhiva\/wp-json\/wp\/v2\/types\/post"}],"author":[{"embeddable":true,"href":"https:\/\/sandzakpress.net\/arhiva\/wp-json\/wp\/v2\/users\/509"}],"replies":[{"embeddable":true,"href":"https:\/\/sandzakpress.net\/arhiva\/wp-json\/wp\/v2\/comments?post=203066"}],"version-history":[{"count":0,"href":"https:\/\/sandzakpress.net\/arhiva\/wp-json\/wp\/v2\/posts\/203066\/revisions"}],"wp:featuredmedia":[{"embeddable":true,"href":"https:\/\/sandzakpress.net\/arhiva\/wp-json\/wp\/v2\/media\/203076"}],"wp:attachment":[{"href":"https:\/\/sandzakpress.net\/arhiva\/wp-json\/wp\/v2\/media?parent=203066"}],"wp:term":[{"taxonomy":"category","embeddable":true,"href":"https:\/\/sandzakpress.net\/arhiva\/wp-json\/wp\/v2\/categories?post=203066"},{"taxonomy":"post_tag","embeddable":true,"href":"https:\/\/sandzakpress.net\/arhiva\/wp-json\/wp\/v2\/tags?post=203066"}],"curies":[{"name":"wp","href":"https:\/\/api.w.org\/{rel}","templated":true}]}}