{"id":203025,"date":"2018-02-24T17:10:03","date_gmt":"2018-02-24T16:10:03","guid":{"rendered":"https:\/\/sandzakpress.net\/arhiva\/?p=203025"},"modified":"2018-02-24T17:10:03","modified_gmt":"2018-02-24T16:10:03","slug":"turska-meso-iz-vojvodine-se-prodaje-kao-sandzacko","status":"publish","type":"post","link":"https:\/\/sandzakpress.net\/arhiva\/turska-meso-iz-vojvodine-se-prodaje-kao-sandzacko\/","title":{"rendered":"Turska: Meso iz Vojvodine se prodaje kao &#8220;sand\u017ea\u010dko&#8221;"},"content":{"rendered":"<p><img decoding=\"async\" class=\"aligncenter\" src=\"https:\/\/static.klix.ba\/media\/images\/vijesti\/b_161111071.jpg\" alt=\"Slikovni rezultat za turska uvoz mesa\" \/><\/p>\n<p><strong>Pet mjeseci nakon \u0161to su Aleksandar Vu\u010di\u0107 i Red\u017eep Tajip Erdogan u Novom Pazaru potpisali sporazum o godi\u0161njem izvozu 5.000 tona june\u0107eg mesa iz Srbije u Tursku, sa Pe\u0161tera, najpoznatijeg sto\u010darskog kraja u Srbiji, put Istanbula i Ankare jo\u0161 nije krenula nijedna hladnja\u010da sa mesom iz ovog kraja.<\/strong><\/p>\n<p>Ali se zato u Turskoj uveliko prodaje &#8220;sand\u017ea\u010dko meso&#8221; porijeklom iz Vojvodine.<\/p>\n<p>Na ovaj problem ranije je ukazao\u00a0Fehim Kurtovi\u0107, predsjednik Udru\u017eenja farmera u Karajuki\u0107a Bunarima, gdje po njegovim rije\u010dima jaki klanovi u srpskoj poljoprivredi i proizvodnji hrane, posebno vojvo\u0111anski, nastoje da\u00a0 sve unosnije izvozne poslove vuku na svoju stranu.<\/p>\n<p>Da se meso iz Vojvodine prodaje u Turskoj kao &#8220;sand\u017ea\u010dko&#8221; svjedo\u010de i studenti koji se \u0161koluju u Turskoj. Nezvani\u010dno saznajemo i da se u Turskoj prodaju &#8220;pazarske mantije&#8221; koje se proizvode u Leskovcu!<\/p>\n<p><img loading=\"lazy\" decoding=\"async\" class=\"alignnone size-full wp-image-203028\" src=\"https:\/\/sandzakpress.net\/arhiva\/wp-content\/uploads\/2018\/02\/039bc191-d82b-4de9-a3a3-b796f7b454f3.jpg\" alt=\"\" width=\"720\" height=\"598\" srcset=\"https:\/\/sandzakpress.net\/arhiva\/wp-content\/uploads\/2018\/02\/039bc191-d82b-4de9-a3a3-b796f7b454f3.jpg 720w, https:\/\/sandzakpress.net\/arhiva\/wp-content\/uploads\/2018\/02\/039bc191-d82b-4de9-a3a3-b796f7b454f3-616x512.jpg 616w\" sizes=\"(max-width: 720px) 100vw, 720px\" \/><\/p>\n<p style=\"text-align: center;\"><strong><em>Foto: Status Sand\u017eaklije koji studira u Turskoj<\/em><\/strong><\/p>\n<p>&nbsp;<\/p>\n<p>Izvor: Sand\u017eak PRESS<\/p>\n<p style=\"text-align: center;\">\u00a0<\/p>\n<p style=\"text-align: left;\">\u00a0<\/p>\n<p>&nbsp;<\/p>\n","protected":false},"excerpt":{"rendered":"<p>Pet mjeseci nakon \u0161to su Aleksandar Vu\u010di\u0107 i Red\u017eep Tajip Erdogan u Novom Pazaru potpisali sporazum o godi\u0161njem izvozu 5.000 tona june\u0107eg mesa iz Srbije u Tursku, sa Pe\u0161tera, najpoznatijeg sto\u010darskog kraja u Srbiji, put Istanbula i Ankare jo\u0161 nije krenula nijedna hladnja\u010da sa mesom iz ovog kraja. Ali se zato u Turskoj uveliko prodaje [&hellip;]<\/p>\n","protected":false},"author":509,"featured_media":203029,"comment_status":"open","ping_status":"open","sticky":false,"template":"","format":"standard","meta":{"footnotes":""},"categories":[72,52,327,10307,3,392,393,394,8957,2692,16],"tags":[],"class_list":{"0":"post-203025","1":"post","2":"type-post","3":"status-publish","4":"format-standard","5":"has-post-thumbnail","7":"category-novi-pazar","8":"category-sjenica","9":"category-tutin","10":"category-srbija","11":"category-privreda","12":"category-prijepolje_","13":"category-priboj","14":"category-nova-varos","15":"category-vijesti-dana","16":"category-turska-gradovi","17":"category-novine"},"yoast_head":"<!-- This site is optimized with the Yoast SEO Premium plugin v23.1 (Yoast SEO v24.9) - https:\/\/yoast.com\/wordpress\/plugins\/seo\/ -->\n<title>Turska: Meso iz Vojvodine se prodaje kao &quot;sand\u017ea\u010dko&quot;<\/title>\n<meta name=\"robots\" content=\"index, follow, max-snippet:-1, max-image-preview:large, max-video-preview:-1\" \/>\n<link rel=\"canonical\" href=\"https:\/\/sandzakpress.net\/arhiva\/turska-meso-iz-vojvodine-se-prodaje-kao-sandzacko\/\" \/>\n<meta property=\"og:locale\" content=\"bs_BA\" \/>\n<meta property=\"og:type\" content=\"article\" \/>\n<meta property=\"og:title\" content=\"Turska: Meso iz Vojvodine se prodaje kao &quot;sand\u017ea\u010dko&quot;\" \/>\n<meta property=\"og:description\" content=\"Pet mjeseci nakon \u0161to su Aleksandar Vu\u010di\u0107 i Red\u017eep Tajip Erdogan u Novom Pazaru potpisali sporazum o godi\u0161njem izvozu 5.000 tona june\u0107eg mesa iz Srbije u Tursku, sa Pe\u0161tera, najpoznatijeg sto\u010darskog kraja u Srbiji, put Istanbula i Ankare jo\u0161 nije krenula nijedna hladnja\u010da sa mesom iz ovog kraja. Ali se zato u Turskoj uveliko prodaje [&hellip;]\" \/>\n<meta property=\"og:url\" content=\"https:\/\/sandzakpress.net\/arhiva\/turska-meso-iz-vojvodine-se-prodaje-kao-sandzacko\/\" \/>\n<meta property=\"og:site_name\" content=\"Sand\u017eak PRESS\" \/>\n<meta property=\"article:published_time\" content=\"2018-02-24T16:10:03+00:00\" \/>\n<meta property=\"og:image\" content=\"https:\/\/sandzakpress.net\/arhiva\/wp-content\/uploads\/2018\/02\/b_161111071.jpg\" \/>\n\t<meta property=\"og:image:width\" content=\"850\" \/>\n\t<meta property=\"og:image:height\" content=\"567\" \/>\n\t<meta property=\"og:image:type\" content=\"image\/jpeg\" \/>\n<meta name=\"author\" content=\"Agencija\" \/>\n<meta name=\"twitter:card\" content=\"summary_large_image\" \/>\n<meta name=\"twitter:label1\" content=\"Written by\" \/>\n\t<meta name=\"twitter:data1\" content=\"Agencija\" \/>\n\t<meta name=\"twitter:label2\" content=\"Est. reading time\" \/>\n\t<meta name=\"twitter:data2\" content=\"1 minuta\" \/>\n<script type=\"application\/ld+json\" class=\"yoast-schema-graph\">{\"@context\":\"https:\/\/schema.org\",\"@graph\":[{\"@type\":\"Article\",\"@id\":\"https:\/\/sandzakpress.net\/arhiva\/turska-meso-iz-vojvodine-se-prodaje-kao-sandzacko\/#article\",\"isPartOf\":{\"@id\":\"https:\/\/sandzakpress.net\/arhiva\/turska-meso-iz-vojvodine-se-prodaje-kao-sandzacko\/\"},\"author\":{\"name\":\"Agencija\",\"@id\":\"https:\/\/sandzakpress.net\/arhiva\/#\/schema\/person\/cb59d7e3ab91ab90dd680ad0305a6185\"},\"headline\":\"Turska: Meso iz Vojvodine se prodaje kao &#8220;sand\u017ea\u010dko&#8221;\",\"datePublished\":\"2018-02-24T16:10:03+00:00\",\"mainEntityOfPage\":{\"@id\":\"https:\/\/sandzakpress.net\/arhiva\/turska-meso-iz-vojvodine-se-prodaje-kao-sandzacko\/\"},\"wordCount\":171,\"commentCount\":21,\"publisher\":{\"@id\":\"https:\/\/sandzakpress.net\/arhiva\/#\/schema\/person\/6e72b67d6e51910a1117b3b483ba20bd\"},\"image\":{\"@id\":\"https:\/\/sandzakpress.net\/arhiva\/turska-meso-iz-vojvodine-se-prodaje-kao-sandzacko\/#primaryimage\"},\"thumbnailUrl\":\"https:\/\/sandzakpress.net\/arhiva\/wp-content\/uploads\/2018\/02\/b_161111071.jpg\",\"articleSection\":[\"Novi Pazar\",\"Sjenica\",\"Tutin\",\"Srbija\",\"Privreda\",\"Prijepolje\",\"Priboj\",\"Nova Varo\u0161\",\"VIJESTI DANA\",\"Turska\",\"Novine\"],\"inLanguage\":\"bs-BA\",\"potentialAction\":[{\"@type\":\"CommentAction\",\"name\":\"Comment\",\"target\":[\"https:\/\/sandzakpress.net\/arhiva\/turska-meso-iz-vojvodine-se-prodaje-kao-sandzacko\/#respond\"]}]},{\"@type\":\"WebPage\",\"@id\":\"https:\/\/sandzakpress.net\/arhiva\/turska-meso-iz-vojvodine-se-prodaje-kao-sandzacko\/\",\"url\":\"https:\/\/sandzakpress.net\/arhiva\/turska-meso-iz-vojvodine-se-prodaje-kao-sandzacko\/\",\"name\":\"Turska: Meso iz Vojvodine se prodaje kao \\\"sand\u017ea\u010dko\\\"\",\"isPartOf\":{\"@id\":\"https:\/\/sandzakpress.net\/arhiva\/#website\"},\"primaryImageOfPage\":{\"@id\":\"https:\/\/sandzakpress.net\/arhiva\/turska-meso-iz-vojvodine-se-prodaje-kao-sandzacko\/#primaryimage\"},\"image\":{\"@id\":\"https:\/\/sandzakpress.net\/arhiva\/turska-meso-iz-vojvodine-se-prodaje-kao-sandzacko\/#primaryimage\"},\"thumbnailUrl\":\"https:\/\/sandzakpress.net\/arhiva\/wp-content\/uploads\/2018\/02\/b_161111071.jpg\",\"datePublished\":\"2018-02-24T16:10:03+00:00\",\"breadcrumb\":{\"@id\":\"https:\/\/sandzakpress.net\/arhiva\/turska-meso-iz-vojvodine-se-prodaje-kao-sandzacko\/#breadcrumb\"},\"inLanguage\":\"bs-BA\",\"potentialAction\":[{\"@type\":\"ReadAction\",\"target\":[\"https:\/\/sandzakpress.net\/arhiva\/turska-meso-iz-vojvodine-se-prodaje-kao-sandzacko\/\"]}]},{\"@type\":\"ImageObject\",\"inLanguage\":\"bs-BA\",\"@id\":\"https:\/\/sandzakpress.net\/arhiva\/turska-meso-iz-vojvodine-se-prodaje-kao-sandzacko\/#primaryimage\",\"url\":\"https:\/\/sandzakpress.net\/arhiva\/wp-content\/uploads\/2018\/02\/b_161111071.jpg\",\"contentUrl\":\"https:\/\/sandzakpress.net\/arhiva\/wp-content\/uploads\/2018\/02\/b_161111071.jpg\",\"width\":850,\"height\":567},{\"@type\":\"BreadcrumbList\",\"@id\":\"https:\/\/sandzakpress.net\/arhiva\/turska-meso-iz-vojvodine-se-prodaje-kao-sandzacko\/#breadcrumb\",\"itemListElement\":[{\"@type\":\"ListItem\",\"position\":1,\"name\":\"Home\",\"item\":\"https:\/\/sandzakpress.net\/arhiva\/\"},{\"@type\":\"ListItem\",\"position\":2,\"name\":\"Turska: Meso iz Vojvodine se prodaje kao &#8220;sand\u017ea\u010dko&#8221;\"}]},{\"@type\":\"WebSite\",\"@id\":\"https:\/\/sandzakpress.net\/arhiva\/#website\",\"url\":\"https:\/\/sandzakpress.net\/arhiva\/\",\"name\":\"Sand\u017eak PRESS\",\"description\":\"Prve elektronske novine u Sand\u017eaku\",\"publisher\":{\"@id\":\"https:\/\/sandzakpress.net\/arhiva\/#\/schema\/person\/6e72b67d6e51910a1117b3b483ba20bd\"},\"potentialAction\":[{\"@type\":\"SearchAction\",\"target\":{\"@type\":\"EntryPoint\",\"urlTemplate\":\"https:\/\/sandzakpress.net\/arhiva\/?s={search_term_string}\"},\"query-input\":{\"@type\":\"PropertyValueSpecification\",\"valueRequired\":true,\"valueName\":\"search_term_string\"}}],\"inLanguage\":\"bs-BA\"},{\"@type\":[\"Person\",\"Organization\"],\"@id\":\"https:\/\/sandzakpress.net\/arhiva\/#\/schema\/person\/6e72b67d6e51910a1117b3b483ba20bd\",\"name\":\"Kul\",\"image\":{\"@type\":\"ImageObject\",\"inLanguage\":\"bs-BA\",\"@id\":\"https:\/\/sandzakpress.net\/arhiva\/#\/schema\/person\/image\/\",\"url\":\"https:\/\/secure.gravatar.com\/avatar\/42263f39aa27ac04c43cab85c280eb2e?s=96&d=mm&r=pg\",\"contentUrl\":\"https:\/\/secure.gravatar.com\/avatar\/42263f39aa27ac04c43cab85c280eb2e?s=96&d=mm&r=pg\",\"caption\":\"Kul\"},\"logo\":{\"@id\":\"https:\/\/sandzakpress.net\/arhiva\/#\/schema\/person\/image\/\"}},{\"@type\":\"Person\",\"@id\":\"https:\/\/sandzakpress.net\/arhiva\/#\/schema\/person\/cb59d7e3ab91ab90dd680ad0305a6185\",\"name\":\"Agencija\",\"image\":{\"@type\":\"ImageObject\",\"inLanguage\":\"bs-BA\",\"@id\":\"https:\/\/sandzakpress.net\/arhiva\/#\/schema\/person\/image\/\",\"url\":\"https:\/\/secure.gravatar.com\/avatar\/4b7fafa80a22f0c2afe23966b3961fe0?s=96&d=mm&r=pg\",\"contentUrl\":\"https:\/\/secure.gravatar.com\/avatar\/4b7fafa80a22f0c2afe23966b3961fe0?s=96&d=mm&r=pg\",\"caption\":\"Agencija\"},\"url\":\"https:\/\/sandzakpress.net\/arhiva\/author\/agencija\/\"}]}<\/script>\n<!-- \/ Yoast SEO Premium plugin. -->","yoast_head_json":{"title":"Turska: Meso iz Vojvodine se prodaje kao \"sand\u017ea\u010dko\"","robots":{"index":"index","follow":"follow","max-snippet":"max-snippet:-1","max-image-preview":"max-image-preview:large","max-video-preview":"max-video-preview:-1"},"canonical":"https:\/\/sandzakpress.net\/arhiva\/turska-meso-iz-vojvodine-se-prodaje-kao-sandzacko\/","og_locale":"bs_BA","og_type":"article","og_title":"Turska: Meso iz Vojvodine se prodaje kao \"sand\u017ea\u010dko\"","og_description":"Pet mjeseci nakon \u0161to su Aleksandar Vu\u010di\u0107 i Red\u017eep Tajip Erdogan u Novom Pazaru potpisali sporazum o godi\u0161njem izvozu 5.000 tona june\u0107eg mesa iz Srbije u Tursku, sa Pe\u0161tera, najpoznatijeg sto\u010darskog kraja u Srbiji, put Istanbula i Ankare jo\u0161 nije krenula nijedna hladnja\u010da sa mesom iz ovog kraja. Ali se zato u Turskoj uveliko prodaje [&hellip;]","og_url":"https:\/\/sandzakpress.net\/arhiva\/turska-meso-iz-vojvodine-se-prodaje-kao-sandzacko\/","og_site_name":"Sand\u017eak PRESS","article_published_time":"2018-02-24T16:10:03+00:00","og_image":[{"width":850,"height":567,"url":"https:\/\/sandzakpress.net\/arhiva\/wp-content\/uploads\/2018\/02\/b_161111071.jpg","type":"image\/jpeg"}],"author":"Agencija","twitter_card":"summary_large_image","twitter_misc":{"Written by":"Agencija","Est. reading time":"1 minuta"},"schema":{"@context":"https:\/\/schema.org","@graph":[{"@type":"Article","@id":"https:\/\/sandzakpress.net\/arhiva\/turska-meso-iz-vojvodine-se-prodaje-kao-sandzacko\/#article","isPartOf":{"@id":"https:\/\/sandzakpress.net\/arhiva\/turska-meso-iz-vojvodine-se-prodaje-kao-sandzacko\/"},"author":{"name":"Agencija","@id":"https:\/\/sandzakpress.net\/arhiva\/#\/schema\/person\/cb59d7e3ab91ab90dd680ad0305a6185"},"headline":"Turska: Meso iz Vojvodine se prodaje kao &#8220;sand\u017ea\u010dko&#8221;","datePublished":"2018-02-24T16:10:03+00:00","mainEntityOfPage":{"@id":"https:\/\/sandzakpress.net\/arhiva\/turska-meso-iz-vojvodine-se-prodaje-kao-sandzacko\/"},"wordCount":171,"commentCount":21,"publisher":{"@id":"https:\/\/sandzakpress.net\/arhiva\/#\/schema\/person\/6e72b67d6e51910a1117b3b483ba20bd"},"image":{"@id":"https:\/\/sandzakpress.net\/arhiva\/turska-meso-iz-vojvodine-se-prodaje-kao-sandzacko\/#primaryimage"},"thumbnailUrl":"https:\/\/sandzakpress.net\/arhiva\/wp-content\/uploads\/2018\/02\/b_161111071.jpg","articleSection":["Novi Pazar","Sjenica","Tutin","Srbija","Privreda","Prijepolje","Priboj","Nova Varo\u0161","VIJESTI DANA","Turska","Novine"],"inLanguage":"bs-BA","potentialAction":[{"@type":"CommentAction","name":"Comment","target":["https:\/\/sandzakpress.net\/arhiva\/turska-meso-iz-vojvodine-se-prodaje-kao-sandzacko\/#respond"]}]},{"@type":"WebPage","@id":"https:\/\/sandzakpress.net\/arhiva\/turska-meso-iz-vojvodine-se-prodaje-kao-sandzacko\/","url":"https:\/\/sandzakpress.net\/arhiva\/turska-meso-iz-vojvodine-se-prodaje-kao-sandzacko\/","name":"Turska: Meso iz Vojvodine se prodaje kao \"sand\u017ea\u010dko\"","isPartOf":{"@id":"https:\/\/sandzakpress.net\/arhiva\/#website"},"primaryImageOfPage":{"@id":"https:\/\/sandzakpress.net\/arhiva\/turska-meso-iz-vojvodine-se-prodaje-kao-sandzacko\/#primaryimage"},"image":{"@id":"https:\/\/sandzakpress.net\/arhiva\/turska-meso-iz-vojvodine-se-prodaje-kao-sandzacko\/#primaryimage"},"thumbnailUrl":"https:\/\/sandzakpress.net\/arhiva\/wp-content\/uploads\/2018\/02\/b_161111071.jpg","datePublished":"2018-02-24T16:10:03+00:00","breadcrumb":{"@id":"https:\/\/sandzakpress.net\/arhiva\/turska-meso-iz-vojvodine-se-prodaje-kao-sandzacko\/#breadcrumb"},"inLanguage":"bs-BA","potentialAction":[{"@type":"ReadAction","target":["https:\/\/sandzakpress.net\/arhiva\/turska-meso-iz-vojvodine-se-prodaje-kao-sandzacko\/"]}]},{"@type":"ImageObject","inLanguage":"bs-BA","@id":"https:\/\/sandzakpress.net\/arhiva\/turska-meso-iz-vojvodine-se-prodaje-kao-sandzacko\/#primaryimage","url":"https:\/\/sandzakpress.net\/arhiva\/wp-content\/uploads\/2018\/02\/b_161111071.jpg","contentUrl":"https:\/\/sandzakpress.net\/arhiva\/wp-content\/uploads\/2018\/02\/b_161111071.jpg","width":850,"height":567},{"@type":"BreadcrumbList","@id":"https:\/\/sandzakpress.net\/arhiva\/turska-meso-iz-vojvodine-se-prodaje-kao-sandzacko\/#breadcrumb","itemListElement":[{"@type":"ListItem","position":1,"name":"Home","item":"https:\/\/sandzakpress.net\/arhiva\/"},{"@type":"ListItem","position":2,"name":"Turska: Meso iz Vojvodine se prodaje kao &#8220;sand\u017ea\u010dko&#8221;"}]},{"@type":"WebSite","@id":"https:\/\/sandzakpress.net\/arhiva\/#website","url":"https:\/\/sandzakpress.net\/arhiva\/","name":"Sand\u017eak PRESS","description":"Prve elektronske novine u Sand\u017eaku","publisher":{"@id":"https:\/\/sandzakpress.net\/arhiva\/#\/schema\/person\/6e72b67d6e51910a1117b3b483ba20bd"},"potentialAction":[{"@type":"SearchAction","target":{"@type":"EntryPoint","urlTemplate":"https:\/\/sandzakpress.net\/arhiva\/?s={search_term_string}"},"query-input":{"@type":"PropertyValueSpecification","valueRequired":true,"valueName":"search_term_string"}}],"inLanguage":"bs-BA"},{"@type":["Person","Organization"],"@id":"https:\/\/sandzakpress.net\/arhiva\/#\/schema\/person\/6e72b67d6e51910a1117b3b483ba20bd","name":"Kul","image":{"@type":"ImageObject","inLanguage":"bs-BA","@id":"https:\/\/sandzakpress.net\/arhiva\/#\/schema\/person\/image\/","url":"https:\/\/secure.gravatar.com\/avatar\/42263f39aa27ac04c43cab85c280eb2e?s=96&d=mm&r=pg","contentUrl":"https:\/\/secure.gravatar.com\/avatar\/42263f39aa27ac04c43cab85c280eb2e?s=96&d=mm&r=pg","caption":"Kul"},"logo":{"@id":"https:\/\/sandzakpress.net\/arhiva\/#\/schema\/person\/image\/"}},{"@type":"Person","@id":"https:\/\/sandzakpress.net\/arhiva\/#\/schema\/person\/cb59d7e3ab91ab90dd680ad0305a6185","name":"Agencija","image":{"@type":"ImageObject","inLanguage":"bs-BA","@id":"https:\/\/sandzakpress.net\/arhiva\/#\/schema\/person\/image\/","url":"https:\/\/secure.gravatar.com\/avatar\/4b7fafa80a22f0c2afe23966b3961fe0?s=96&d=mm&r=pg","contentUrl":"https:\/\/secure.gravatar.com\/avatar\/4b7fafa80a22f0c2afe23966b3961fe0?s=96&d=mm&r=pg","caption":"Agencija"},"url":"https:\/\/sandzakpress.net\/arhiva\/author\/agencija\/"}]}},"_links":{"self":[{"href":"https:\/\/sandzakpress.net\/arhiva\/wp-json\/wp\/v2\/posts\/203025"}],"collection":[{"href":"https:\/\/sandzakpress.net\/arhiva\/wp-json\/wp\/v2\/posts"}],"about":[{"href":"https:\/\/sandzakpress.net\/arhiva\/wp-json\/wp\/v2\/types\/post"}],"author":[{"embeddable":true,"href":"https:\/\/sandzakpress.net\/arhiva\/wp-json\/wp\/v2\/users\/509"}],"replies":[{"embeddable":true,"href":"https:\/\/sandzakpress.net\/arhiva\/wp-json\/wp\/v2\/comments?post=203025"}],"version-history":[{"count":0,"href":"https:\/\/sandzakpress.net\/arhiva\/wp-json\/wp\/v2\/posts\/203025\/revisions"}],"wp:featuredmedia":[{"embeddable":true,"href":"https:\/\/sandzakpress.net\/arhiva\/wp-json\/wp\/v2\/media\/203029"}],"wp:attachment":[{"href":"https:\/\/sandzakpress.net\/arhiva\/wp-json\/wp\/v2\/media?parent=203025"}],"wp:term":[{"taxonomy":"category","embeddable":true,"href":"https:\/\/sandzakpress.net\/arhiva\/wp-json\/wp\/v2\/categories?post=203025"},{"taxonomy":"post_tag","embeddable":true,"href":"https:\/\/sandzakpress.net\/arhiva\/wp-json\/wp\/v2\/tags?post=203025"}],"curies":[{"name":"wp","href":"https:\/\/api.w.org\/{rel}","templated":true}]}}