{"id":202806,"date":"2018-02-20T12:31:45","date_gmt":"2018-02-20T11:31:45","guid":{"rendered":"https:\/\/sandzakpress.net\/arhiva\/?p=202806"},"modified":"2018-02-20T12:31:45","modified_gmt":"2018-02-20T11:31:45","slug":"turisticki-radnici-spremni-za-beogradski-sajam-turizma","status":"publish","type":"post","link":"https:\/\/sandzakpress.net\/arhiva\/turisticki-radnici-spremni-za-beogradski-sajam-turizma\/","title":{"rendered":"Turisti\u010dki radnici spremni za Beogradski sajam turizma"},"content":{"rendered":"<p><img decoding=\"async\" src=\"http:\/\/media.ppmedia.rs\/2018\/02\/TSC-Naslov.jpg\" \/><\/p>\n<p><strong>Od 22. do 25. februara na Beogradskom sajmu bi\u0107e odr\u017ean jubilarni 40. Me\u0111unarodni sajam turizma. Svoje turisti\u010dke adute i prirodne lepote, uz raznovrsne sadr\u017eaje za odmor, zabavu, zdravstveni oporavak, sport i rekreaciju predstavi\u0107e i Turisti\u010dke organizacije iz Prijepolja i Nove Varo\u0161i.<\/strong><\/p>\n<p>Turisti\u010dki poslenici iz Prijepolja i Nove Varo\u0161i privode kraju poslednje pripreme za predstoje\u0107i Beogradski sajam turizma gde \u0107e svoju turisti\u010dku ponudu predstaviti u okviru turisti\u010dke regije Zapadna Srbija a akcenat \u0107e biti stavljen na aktivan oodmor. Splavarenje jezerom, obilazak carstva beloglavih supova samo su neki od sadr\u017eaja sa kojima \u0107e se posetiocima sajma predstaviti Turisti\u010dko sportski centar \u201cZlatar\u201d. Ovaj kraj poznat je i po zdravoj hrani i dobrom zalogaju pa \u0107e sa turisti\u010dkim radnicima put Beograda krenuti i proizvo\u0111a\u010di spelte, heljde, meda i rakije a svoju ponudu predstavi\u0107e i seoska doma\u0107instva, privatne vile i zlatarski hoteli.<\/p>\n<p>\u2013 Sve turisti\u010dke organizacije iz zapadne Srbije prestavi\u0107e se na temu \u201cAktivan odmor\u201d. S obzirom da se bli\u017ei letnja sezona na sajmu \u0107emo predstaviti letnju turisti\u010dku ponudu. Ono \u0161to izme\u0111u ostalog posetioce Nove Varo\u0161i u letnjim mesecima o\u010dekuje su Zlatarfest i Sirijada dve najve\u0107e i najzna\u010dajnije manifestacije u na\u0161oj op\u0161tini. Promovisa\u0107emo i kulturnoistorijsko nasle\u0111e, Specijalni rezervat prirode \u201cUvac\u201d. Akcenat \u0107emo staviti i na promociji gastronomije i zdrave hrane \u2013 ka\u017ee direktorka TSC \u201cZlatar\u201d Rosa Jakovljevi\u0107.<img decoding=\"async\" src=\"http:\/\/media.ppmedia.rs\/2018\/02\/Zlatnik-1024x576.jpg\" \/><\/p>\n<p>I ako Prijepolje oskudeva sa sme\u0161tajnim kapacitetima aduti ove sredine za privla\u010denje turista na Beogradskom sajmu bi\u0107e prirodne lepote ovog kraja i \u010detiri za\u0161ti\u0107ene zone prirode sa kojima op\u0161tina raspola\u017ee.<\/p>\n<p>\u2013 Na\u017ealost na\u0161 grad ima vrlo malo sme\u0161tajnih kapaciteta, ali vodi\u0107emo se idejom da Prijepolje ima \u0161ta da poka\u017ee i da ponudi turistima koji pre svega prolaze kroz na\u0161 grad na putu ka Crnogorskom primorju. Deli\u0107emo promotivne biltene u kojima \u0107e biti predstavljene sve znamenitosti i lepote na\u0161e sredine \u2013 isti\u010de direktor TO Prijepolje Neboj\u0161a Svi\u010devi\u0107.<\/p>\n<p>Bro\u0161ure i prospekti na kojima su upisane lepote i znamenitosti ova dva kraja deli\u0107e se posetiocima \u0161tandova . Svoju centralnu prezentaciju Prijepolje \u0107e na sajmu imati 23. februara od 17 \u010dasova dok \u0107e Nova Varo\u0161 to isto u\u010diniti dan kasnije od 16 \u010dasova.<\/p>\n<p>PP Media<\/p>\n","protected":false},"excerpt":{"rendered":"<p>Od 22. do 25. februara na Beogradskom sajmu bi\u0107e odr\u017ean jubilarni 40. Me\u0111unarodni sajam turizma. Svoje turisti\u010dke adute i prirodne lepote, uz raznovrsne sadr\u017eaje za odmor, zabavu, zdravstveni oporavak, sport i rekreaciju predstavi\u0107e i Turisti\u010dke organizacije iz Prijepolja i Nove Varo\u0161i. Turisti\u010dki poslenici iz Prijepolja i Nove Varo\u0161i privode kraju poslednje pripreme za predstoje\u0107i Beogradski [&hellip;]<\/p>\n","protected":false},"author":509,"featured_media":202815,"comment_status":"open","ping_status":"open","sticky":false,"template":"","format":"standard","meta":{"footnotes":""},"categories":[3,392,394],"tags":[],"class_list":{"0":"post-202806","1":"post","2":"type-post","3":"status-publish","4":"format-standard","5":"has-post-thumbnail","7":"category-privreda","8":"category-prijepolje_","9":"category-nova-varos"},"yoast_head":"<!-- This site is optimized with the Yoast SEO Premium plugin v23.1 (Yoast SEO v24.9) - https:\/\/yoast.com\/wordpress\/plugins\/seo\/ -->\n<title>Turisti\u010dki radnici spremni za Beogradski sajam turizma<\/title>\n<meta name=\"robots\" content=\"index, follow, max-snippet:-1, max-image-preview:large, max-video-preview:-1\" \/>\n<link rel=\"canonical\" href=\"https:\/\/sandzakpress.net\/arhiva\/turisticki-radnici-spremni-za-beogradski-sajam-turizma\/\" \/>\n<meta property=\"og:locale\" content=\"bs_BA\" \/>\n<meta property=\"og:type\" content=\"article\" \/>\n<meta property=\"og:title\" content=\"Turisti\u010dki radnici spremni za Beogradski sajam turizma\" \/>\n<meta property=\"og:description\" content=\"Od 22. do 25. februara na Beogradskom sajmu bi\u0107e odr\u017ean jubilarni 40. Me\u0111unarodni sajam turizma. Svoje turisti\u010dke adute i prirodne lepote, uz raznovrsne sadr\u017eaje za odmor, zabavu, zdravstveni oporavak, sport i rekreaciju predstavi\u0107e i Turisti\u010dke organizacije iz Prijepolja i Nove Varo\u0161i. Turisti\u010dki poslenici iz Prijepolja i Nove Varo\u0161i privode kraju poslednje pripreme za predstoje\u0107i Beogradski [&hellip;]\" \/>\n<meta property=\"og:url\" content=\"https:\/\/sandzakpress.net\/arhiva\/turisticki-radnici-spremni-za-beogradski-sajam-turizma\/\" \/>\n<meta property=\"og:site_name\" content=\"Sand\u017eak PRESS\" \/>\n<meta property=\"article:published_time\" content=\"2018-02-20T11:31:45+00:00\" \/>\n<meta property=\"og:image\" content=\"https:\/\/sandzakpress.net\/arhiva\/wp-content\/uploads\/2018\/02\/TSC-Naslov.jpg\" \/>\n\t<meta property=\"og:image:width\" content=\"4032\" \/>\n\t<meta property=\"og:image:height\" content=\"2268\" \/>\n\t<meta property=\"og:image:type\" content=\"image\/jpeg\" \/>\n<meta name=\"author\" content=\"Agencija\" \/>\n<meta name=\"twitter:card\" content=\"summary_large_image\" \/>\n<meta name=\"twitter:label1\" content=\"Written by\" \/>\n\t<meta name=\"twitter:data1\" content=\"Agencija\" \/>\n\t<meta name=\"twitter:label2\" content=\"Est. reading time\" \/>\n\t<meta name=\"twitter:data2\" content=\"2 minute\" \/>\n<script type=\"application\/ld+json\" class=\"yoast-schema-graph\">{\"@context\":\"https:\/\/schema.org\",\"@graph\":[{\"@type\":\"Article\",\"@id\":\"https:\/\/sandzakpress.net\/arhiva\/turisticki-radnici-spremni-za-beogradski-sajam-turizma\/#article\",\"isPartOf\":{\"@id\":\"https:\/\/sandzakpress.net\/arhiva\/turisticki-radnici-spremni-za-beogradski-sajam-turizma\/\"},\"author\":{\"name\":\"Agencija\",\"@id\":\"https:\/\/sandzakpress.net\/arhiva\/#\/schema\/person\/cb59d7e3ab91ab90dd680ad0305a6185\"},\"headline\":\"Turisti\u010dki radnici spremni za Beogradski sajam turizma\",\"datePublished\":\"2018-02-20T11:31:45+00:00\",\"mainEntityOfPage\":{\"@id\":\"https:\/\/sandzakpress.net\/arhiva\/turisticki-radnici-spremni-za-beogradski-sajam-turizma\/\"},\"wordCount\":393,\"commentCount\":0,\"publisher\":{\"@id\":\"https:\/\/sandzakpress.net\/arhiva\/#\/schema\/person\/6e72b67d6e51910a1117b3b483ba20bd\"},\"image\":{\"@id\":\"https:\/\/sandzakpress.net\/arhiva\/turisticki-radnici-spremni-za-beogradski-sajam-turizma\/#primaryimage\"},\"thumbnailUrl\":\"https:\/\/sandzakpress.net\/arhiva\/wp-content\/uploads\/2018\/02\/TSC-Naslov.jpg\",\"articleSection\":[\"Privreda\",\"Prijepolje\",\"Nova Varo\u0161\"],\"inLanguage\":\"bs-BA\",\"potentialAction\":[{\"@type\":\"CommentAction\",\"name\":\"Comment\",\"target\":[\"https:\/\/sandzakpress.net\/arhiva\/turisticki-radnici-spremni-za-beogradski-sajam-turizma\/#respond\"]}]},{\"@type\":\"WebPage\",\"@id\":\"https:\/\/sandzakpress.net\/arhiva\/turisticki-radnici-spremni-za-beogradski-sajam-turizma\/\",\"url\":\"https:\/\/sandzakpress.net\/arhiva\/turisticki-radnici-spremni-za-beogradski-sajam-turizma\/\",\"name\":\"Turisti\u010dki radnici spremni za Beogradski sajam turizma\",\"isPartOf\":{\"@id\":\"https:\/\/sandzakpress.net\/arhiva\/#website\"},\"primaryImageOfPage\":{\"@id\":\"https:\/\/sandzakpress.net\/arhiva\/turisticki-radnici-spremni-za-beogradski-sajam-turizma\/#primaryimage\"},\"image\":{\"@id\":\"https:\/\/sandzakpress.net\/arhiva\/turisticki-radnici-spremni-za-beogradski-sajam-turizma\/#primaryimage\"},\"thumbnailUrl\":\"https:\/\/sandzakpress.net\/arhiva\/wp-content\/uploads\/2018\/02\/TSC-Naslov.jpg\",\"datePublished\":\"2018-02-20T11:31:45+00:00\",\"breadcrumb\":{\"@id\":\"https:\/\/sandzakpress.net\/arhiva\/turisticki-radnici-spremni-za-beogradski-sajam-turizma\/#breadcrumb\"},\"inLanguage\":\"bs-BA\",\"potentialAction\":[{\"@type\":\"ReadAction\",\"target\":[\"https:\/\/sandzakpress.net\/arhiva\/turisticki-radnici-spremni-za-beogradski-sajam-turizma\/\"]}]},{\"@type\":\"ImageObject\",\"inLanguage\":\"bs-BA\",\"@id\":\"https:\/\/sandzakpress.net\/arhiva\/turisticki-radnici-spremni-za-beogradski-sajam-turizma\/#primaryimage\",\"url\":\"https:\/\/sandzakpress.net\/arhiva\/wp-content\/uploads\/2018\/02\/TSC-Naslov.jpg\",\"contentUrl\":\"https:\/\/sandzakpress.net\/arhiva\/wp-content\/uploads\/2018\/02\/TSC-Naslov.jpg\",\"width\":4032,\"height\":2268},{\"@type\":\"BreadcrumbList\",\"@id\":\"https:\/\/sandzakpress.net\/arhiva\/turisticki-radnici-spremni-za-beogradski-sajam-turizma\/#breadcrumb\",\"itemListElement\":[{\"@type\":\"ListItem\",\"position\":1,\"name\":\"Home\",\"item\":\"https:\/\/sandzakpress.net\/arhiva\/\"},{\"@type\":\"ListItem\",\"position\":2,\"name\":\"Turisti\u010dki radnici spremni za Beogradski sajam turizma\"}]},{\"@type\":\"WebSite\",\"@id\":\"https:\/\/sandzakpress.net\/arhiva\/#website\",\"url\":\"https:\/\/sandzakpress.net\/arhiva\/\",\"name\":\"Sand\u017eak PRESS\",\"description\":\"Prve elektronske novine u Sand\u017eaku\",\"publisher\":{\"@id\":\"https:\/\/sandzakpress.net\/arhiva\/#\/schema\/person\/6e72b67d6e51910a1117b3b483ba20bd\"},\"potentialAction\":[{\"@type\":\"SearchAction\",\"target\":{\"@type\":\"EntryPoint\",\"urlTemplate\":\"https:\/\/sandzakpress.net\/arhiva\/?s={search_term_string}\"},\"query-input\":{\"@type\":\"PropertyValueSpecification\",\"valueRequired\":true,\"valueName\":\"search_term_string\"}}],\"inLanguage\":\"bs-BA\"},{\"@type\":[\"Person\",\"Organization\"],\"@id\":\"https:\/\/sandzakpress.net\/arhiva\/#\/schema\/person\/6e72b67d6e51910a1117b3b483ba20bd\",\"name\":\"Kul\",\"image\":{\"@type\":\"ImageObject\",\"inLanguage\":\"bs-BA\",\"@id\":\"https:\/\/sandzakpress.net\/arhiva\/#\/schema\/person\/image\/\",\"url\":\"https:\/\/secure.gravatar.com\/avatar\/42263f39aa27ac04c43cab85c280eb2e?s=96&d=mm&r=pg\",\"contentUrl\":\"https:\/\/secure.gravatar.com\/avatar\/42263f39aa27ac04c43cab85c280eb2e?s=96&d=mm&r=pg\",\"caption\":\"Kul\"},\"logo\":{\"@id\":\"https:\/\/sandzakpress.net\/arhiva\/#\/schema\/person\/image\/\"}},{\"@type\":\"Person\",\"@id\":\"https:\/\/sandzakpress.net\/arhiva\/#\/schema\/person\/cb59d7e3ab91ab90dd680ad0305a6185\",\"name\":\"Agencija\",\"image\":{\"@type\":\"ImageObject\",\"inLanguage\":\"bs-BA\",\"@id\":\"https:\/\/sandzakpress.net\/arhiva\/#\/schema\/person\/image\/\",\"url\":\"https:\/\/secure.gravatar.com\/avatar\/4b7fafa80a22f0c2afe23966b3961fe0?s=96&d=mm&r=pg\",\"contentUrl\":\"https:\/\/secure.gravatar.com\/avatar\/4b7fafa80a22f0c2afe23966b3961fe0?s=96&d=mm&r=pg\",\"caption\":\"Agencija\"},\"url\":\"https:\/\/sandzakpress.net\/arhiva\/author\/agencija\/\"}]}<\/script>\n<!-- \/ Yoast SEO Premium plugin. -->","yoast_head_json":{"title":"Turisti\u010dki radnici spremni za Beogradski sajam turizma","robots":{"index":"index","follow":"follow","max-snippet":"max-snippet:-1","max-image-preview":"max-image-preview:large","max-video-preview":"max-video-preview:-1"},"canonical":"https:\/\/sandzakpress.net\/arhiva\/turisticki-radnici-spremni-za-beogradski-sajam-turizma\/","og_locale":"bs_BA","og_type":"article","og_title":"Turisti\u010dki radnici spremni za Beogradski sajam turizma","og_description":"Od 22. do 25. februara na Beogradskom sajmu bi\u0107e odr\u017ean jubilarni 40. Me\u0111unarodni sajam turizma. Svoje turisti\u010dke adute i prirodne lepote, uz raznovrsne sadr\u017eaje za odmor, zabavu, zdravstveni oporavak, sport i rekreaciju predstavi\u0107e i Turisti\u010dke organizacije iz Prijepolja i Nove Varo\u0161i. Turisti\u010dki poslenici iz Prijepolja i Nove Varo\u0161i privode kraju poslednje pripreme za predstoje\u0107i Beogradski [&hellip;]","og_url":"https:\/\/sandzakpress.net\/arhiva\/turisticki-radnici-spremni-za-beogradski-sajam-turizma\/","og_site_name":"Sand\u017eak PRESS","article_published_time":"2018-02-20T11:31:45+00:00","og_image":[{"width":4032,"height":2268,"url":"https:\/\/sandzakpress.net\/arhiva\/wp-content\/uploads\/2018\/02\/TSC-Naslov.jpg","type":"image\/jpeg"}],"author":"Agencija","twitter_card":"summary_large_image","twitter_misc":{"Written by":"Agencija","Est. reading time":"2 minute"},"schema":{"@context":"https:\/\/schema.org","@graph":[{"@type":"Article","@id":"https:\/\/sandzakpress.net\/arhiva\/turisticki-radnici-spremni-za-beogradski-sajam-turizma\/#article","isPartOf":{"@id":"https:\/\/sandzakpress.net\/arhiva\/turisticki-radnici-spremni-za-beogradski-sajam-turizma\/"},"author":{"name":"Agencija","@id":"https:\/\/sandzakpress.net\/arhiva\/#\/schema\/person\/cb59d7e3ab91ab90dd680ad0305a6185"},"headline":"Turisti\u010dki radnici spremni za Beogradski sajam turizma","datePublished":"2018-02-20T11:31:45+00:00","mainEntityOfPage":{"@id":"https:\/\/sandzakpress.net\/arhiva\/turisticki-radnici-spremni-za-beogradski-sajam-turizma\/"},"wordCount":393,"commentCount":0,"publisher":{"@id":"https:\/\/sandzakpress.net\/arhiva\/#\/schema\/person\/6e72b67d6e51910a1117b3b483ba20bd"},"image":{"@id":"https:\/\/sandzakpress.net\/arhiva\/turisticki-radnici-spremni-za-beogradski-sajam-turizma\/#primaryimage"},"thumbnailUrl":"https:\/\/sandzakpress.net\/arhiva\/wp-content\/uploads\/2018\/02\/TSC-Naslov.jpg","articleSection":["Privreda","Prijepolje","Nova Varo\u0161"],"inLanguage":"bs-BA","potentialAction":[{"@type":"CommentAction","name":"Comment","target":["https:\/\/sandzakpress.net\/arhiva\/turisticki-radnici-spremni-za-beogradski-sajam-turizma\/#respond"]}]},{"@type":"WebPage","@id":"https:\/\/sandzakpress.net\/arhiva\/turisticki-radnici-spremni-za-beogradski-sajam-turizma\/","url":"https:\/\/sandzakpress.net\/arhiva\/turisticki-radnici-spremni-za-beogradski-sajam-turizma\/","name":"Turisti\u010dki radnici spremni za Beogradski sajam turizma","isPartOf":{"@id":"https:\/\/sandzakpress.net\/arhiva\/#website"},"primaryImageOfPage":{"@id":"https:\/\/sandzakpress.net\/arhiva\/turisticki-radnici-spremni-za-beogradski-sajam-turizma\/#primaryimage"},"image":{"@id":"https:\/\/sandzakpress.net\/arhiva\/turisticki-radnici-spremni-za-beogradski-sajam-turizma\/#primaryimage"},"thumbnailUrl":"https:\/\/sandzakpress.net\/arhiva\/wp-content\/uploads\/2018\/02\/TSC-Naslov.jpg","datePublished":"2018-02-20T11:31:45+00:00","breadcrumb":{"@id":"https:\/\/sandzakpress.net\/arhiva\/turisticki-radnici-spremni-za-beogradski-sajam-turizma\/#breadcrumb"},"inLanguage":"bs-BA","potentialAction":[{"@type":"ReadAction","target":["https:\/\/sandzakpress.net\/arhiva\/turisticki-radnici-spremni-za-beogradski-sajam-turizma\/"]}]},{"@type":"ImageObject","inLanguage":"bs-BA","@id":"https:\/\/sandzakpress.net\/arhiva\/turisticki-radnici-spremni-za-beogradski-sajam-turizma\/#primaryimage","url":"https:\/\/sandzakpress.net\/arhiva\/wp-content\/uploads\/2018\/02\/TSC-Naslov.jpg","contentUrl":"https:\/\/sandzakpress.net\/arhiva\/wp-content\/uploads\/2018\/02\/TSC-Naslov.jpg","width":4032,"height":2268},{"@type":"BreadcrumbList","@id":"https:\/\/sandzakpress.net\/arhiva\/turisticki-radnici-spremni-za-beogradski-sajam-turizma\/#breadcrumb","itemListElement":[{"@type":"ListItem","position":1,"name":"Home","item":"https:\/\/sandzakpress.net\/arhiva\/"},{"@type":"ListItem","position":2,"name":"Turisti\u010dki radnici spremni za Beogradski sajam turizma"}]},{"@type":"WebSite","@id":"https:\/\/sandzakpress.net\/arhiva\/#website","url":"https:\/\/sandzakpress.net\/arhiva\/","name":"Sand\u017eak PRESS","description":"Prve elektronske novine u Sand\u017eaku","publisher":{"@id":"https:\/\/sandzakpress.net\/arhiva\/#\/schema\/person\/6e72b67d6e51910a1117b3b483ba20bd"},"potentialAction":[{"@type":"SearchAction","target":{"@type":"EntryPoint","urlTemplate":"https:\/\/sandzakpress.net\/arhiva\/?s={search_term_string}"},"query-input":{"@type":"PropertyValueSpecification","valueRequired":true,"valueName":"search_term_string"}}],"inLanguage":"bs-BA"},{"@type":["Person","Organization"],"@id":"https:\/\/sandzakpress.net\/arhiva\/#\/schema\/person\/6e72b67d6e51910a1117b3b483ba20bd","name":"Kul","image":{"@type":"ImageObject","inLanguage":"bs-BA","@id":"https:\/\/sandzakpress.net\/arhiva\/#\/schema\/person\/image\/","url":"https:\/\/secure.gravatar.com\/avatar\/42263f39aa27ac04c43cab85c280eb2e?s=96&d=mm&r=pg","contentUrl":"https:\/\/secure.gravatar.com\/avatar\/42263f39aa27ac04c43cab85c280eb2e?s=96&d=mm&r=pg","caption":"Kul"},"logo":{"@id":"https:\/\/sandzakpress.net\/arhiva\/#\/schema\/person\/image\/"}},{"@type":"Person","@id":"https:\/\/sandzakpress.net\/arhiva\/#\/schema\/person\/cb59d7e3ab91ab90dd680ad0305a6185","name":"Agencija","image":{"@type":"ImageObject","inLanguage":"bs-BA","@id":"https:\/\/sandzakpress.net\/arhiva\/#\/schema\/person\/image\/","url":"https:\/\/secure.gravatar.com\/avatar\/4b7fafa80a22f0c2afe23966b3961fe0?s=96&d=mm&r=pg","contentUrl":"https:\/\/secure.gravatar.com\/avatar\/4b7fafa80a22f0c2afe23966b3961fe0?s=96&d=mm&r=pg","caption":"Agencija"},"url":"https:\/\/sandzakpress.net\/arhiva\/author\/agencija\/"}]}},"_links":{"self":[{"href":"https:\/\/sandzakpress.net\/arhiva\/wp-json\/wp\/v2\/posts\/202806"}],"collection":[{"href":"https:\/\/sandzakpress.net\/arhiva\/wp-json\/wp\/v2\/posts"}],"about":[{"href":"https:\/\/sandzakpress.net\/arhiva\/wp-json\/wp\/v2\/types\/post"}],"author":[{"embeddable":true,"href":"https:\/\/sandzakpress.net\/arhiva\/wp-json\/wp\/v2\/users\/509"}],"replies":[{"embeddable":true,"href":"https:\/\/sandzakpress.net\/arhiva\/wp-json\/wp\/v2\/comments?post=202806"}],"version-history":[{"count":0,"href":"https:\/\/sandzakpress.net\/arhiva\/wp-json\/wp\/v2\/posts\/202806\/revisions"}],"wp:featuredmedia":[{"embeddable":true,"href":"https:\/\/sandzakpress.net\/arhiva\/wp-json\/wp\/v2\/media\/202815"}],"wp:attachment":[{"href":"https:\/\/sandzakpress.net\/arhiva\/wp-json\/wp\/v2\/media?parent=202806"}],"wp:term":[{"taxonomy":"category","embeddable":true,"href":"https:\/\/sandzakpress.net\/arhiva\/wp-json\/wp\/v2\/categories?post=202806"},{"taxonomy":"post_tag","embeddable":true,"href":"https:\/\/sandzakpress.net\/arhiva\/wp-json\/wp\/v2\/tags?post=202806"}],"curies":[{"name":"wp","href":"https:\/\/api.w.org\/{rel}","templated":true}]}}