{"id":202762,"date":"2018-02-19T14:02:39","date_gmt":"2018-02-19T13:02:39","guid":{"rendered":"https:\/\/sandzakpress.net\/arhiva\/?p=202762"},"modified":"2018-02-19T14:02:39","modified_gmt":"2018-02-19T13:02:39","slug":"zlocin-u-kukurovicima-bez-odgovornih-ni-25-godina-poslije","status":"publish","type":"post","link":"https:\/\/sandzakpress.net\/arhiva\/zlocin-u-kukurovicima-bez-odgovornih-ni-25-godina-poslije\/","title":{"rendered":"Zlo\u010din u Kukurovi\u0107ima bez odgovornih ni 25 godina poslije"},"content":{"rendered":"<p><img decoding=\"async\" class=\"aligncenter\" src=\"http:\/\/www.sandzacke.rs\/wp-content\/uploads\/2018\/02\/zlocin-kukurovici-696x469.jpg\" \/><\/p>\n<p><strong>Ju\u010de je\u00a0navr\u0161aveno 25 godina od zlo\u010dina u Kukurovi\u0107ima, op\u0107ina Priboj, kada su u minobaca\u010dkom napadu Vojske Jugoslavije (VJ) ubijeni starci Uzeir Bulutovi\u0107, Mu\u0161an Husovi\u0107 i Fatima Sara\u010d, a selo spaljeno, javlja Anadolija.<\/strong><\/p>\n<p>Za ovaj zlo\u010din u Kukurovi\u0107ima do danas niko nije odgovarao, a tokom 1992. i 1993. godine iz svih sela op\u0107ina Priboj i Pljevlja, uz granicu sa Bosnom i Hercegovinom, bo\u0161nja\u010dko stanovni\u0161tvo je iseljeno.<\/p>\n<p>Odbor za za\u0161titu ljudskih prava i humanitarnu djelatnost Priboj u povodu \u010detvrt vijeka od tog zlo\u010dina podsje\u0107a da je to bio \u201cteroristi\u010dki napad U\u017ei\u010dkog korpusa na bo\u0161nja\u010dko selo Kukurovi\u0107i u Sand\u017eaku\u201d.<\/p>\n<figure class=\"wp-caption alignnone\"><img loading=\"lazy\" decoding=\"async\" class=\"td-animation-stack-type0-2\" src=\"https:\/\/cdn.oslobodjenje.ba\/images\/slike\/2018\/02\/18\/2563232.jpg\" alt=\"\" width=\"1920\" height=\"1217\" \/><figcaption class=\"wp-caption-text\">Foto: Anadolija<\/figcaption><\/figure>\n<p>Predsjednik NVO za za\u0161titu ljudskih prava i novinar D\u017eemail Halilagi\u0107 ka\u017ee da je tada u selima op\u0107ine Priboj, prema granici s Bosnom i Hercegovinom, vladao strah i postojao dr\u017eavni teror.<\/p>\n<p>\u201cTog 18. februara 1993. godine u 17.30 sati na ovo selo je izvr\u0161en minobaca\u010dki napad s polo\u017eaja iz okru\u017eenja sela i tom prilikom je selo spaljeno, a Uzeir Bulutovi\u0107 i Mu\u0161an Husovi\u0107, koji nisu uspjeli da pobjegnu, izgorjeli su u \u017eivoj loma\u010di u svojim ku\u0107ama. Fatima Sara\u010d je silovana, pri \u010demu su joj polomljene ruke, a potom ubijena rafalima iz strelja\u010dkog naoru\u017eanja\u201d, rekao je Halilagi\u0107 koji je u februarau 1993. godine kao novinar nakon ovog zlo\u010dina boravio u Kukurovi\u0107ima, prisustvovao d\u017eenazi ubijenih i izvje\u0161tavao.<\/p>\n<p><strong>Niko nije priveden pravdi<\/strong><\/p>\n<p>Pre\u017eivjeli mje\u0161tani su se, kako dodaje, razbje\u017eali po okolnim \u0161umama i tokom no\u0107i pje\u0161a\u010dili do, po 40 kilometara udaljenih, Pljevalja i Priboja.<\/p>\n<p>Halilagi\u0107 ukazuje i podsje\u0107a da su prognani Bo\u0161njaci, od kojih veliki broj danas \u017eivi u Priboju, izbjeglice u okviru svoje lokalne zajednice, bez bilo kakvog izbjegli\u010dkog statusa i nemaju uslove da se vrate u svoja sela i obra\u0111uju imanja.<\/p>\n<figure class=\"wp-caption alignnone\"><img loading=\"lazy\" decoding=\"async\" class=\"td-animation-stack-type0-2\" src=\"https:\/\/cdn.oslobodjenje.ba\/images\/slike\/2018\/02\/18\/2563230.jpg\" alt=\"\" width=\"1920\" height=\"1353\" \/><figcaption class=\"wp-caption-text\">Foto: Anadolija<\/figcaption><\/figure>\n<p>Kako isti\u010de, Vi\u0161i sud u Beogradu je u aprilu 2013. godine jasno utvrdio odgovornost dr\u017eave Srbije za ratni zlo\u010din koji su pripadnici srpskih snaga po\u010dinili na teritoriji Sand\u017eaka i za zlo\u010din u selu Kukurovi\u0107i, me\u0111utim po\u010dinioci ovh zlo\u010dina ni nakon 25 godina nisu privedeni pravdi.<\/p>\n<p>\u201cZa zlo\u010dine u Priboju i Sand\u017eaku nije bio zainteresovan ni Ha\u0161ki tribunal, niti je za polo\u017eaj ovog najobespravljenijeg dijela gra\u0111ana Srbije, zainteresirana Vlada Srbije, Delegacija Evropske unije, Misija OSCE-a niti me\u0111unarodne organizacije za ljudska prava. Prognani Bo\u0161njaci su prepu\u0161teni samom sebi, a zbog straha za goli \u017eivot, zbog bezperspektivnosti \u017eivota i diskriminacije od 1992. godine Priboj je napustilo vi\u0161e od polovine bo\u0161nja\u010dkog stanovni\u0161tva\u201d, ukazao je predsjednik Odbora za za\u0161titu ljudskih prava i humanitarnu djelatnost Priboj D\u017eemail Halilagi\u0107.<\/p>\n<p><strong>O\u010devici doga\u0111aja i danas strahuju da javno govore<\/strong><\/p>\n<p>Jedan od svjedoka de\u0161avanja u blizini trome\u0111e Srbije, Crne Gore i Bosne i Hercegovine je A.B. kojeg su u mjestu Sastavci, sa jo\u0161 tri mu\u0161karca, \u017eenom i djetetom uhapsili pripadnici srpskih bezbjednosnih snaga.<\/p>\n<p>\u017dele\u0107i da ostane anoniman, zbog kako je rekao mogu\u0107ih posljedica, on je u izjavi za Anadoliju precizirao da je u selu Sastavci, na granici sa Bosnom i Hercegovinom, prema Kukurovi\u0107ima, po\u0161la \u201cmje\u0161ovita vojska i mje\u0161ovita policija\u201d.<\/p>\n<figure class=\"wp-caption alignnone\"><img loading=\"lazy\" decoding=\"async\" class=\"td-animation-stack-type0-2\" src=\"https:\/\/cdn.oslobodjenje.ba\/images\/slike\/2018\/02\/18\/2563229.jpg\" alt=\"\" width=\"1920\" height=\"1493\" \/><figcaption class=\"wp-caption-text\">Foto: Anadolija<\/figcaption><\/figure>\n<p>\u201cTu je bila mje\u0161ovita vojska i policija, oti\u0161li su zajedno s borbenim vozilima. Ovaj datum \u0107u vje\u010dno pamtiti jer sam bio zarobljen tog nesretnog dana. Zajedno sa svojim bratom, rahmetli Sulejmanom Slatinom, rahmetli Delijom Kaltak i njegovom \u017eenom. Meho Skorupan i njegov sin koga je bio poveo na ljekarski pregled za upis u prvi razred osnovne \u0161kole. Doveli su nas pred stanicu policije u Priboju koja je bila prepuna policije iz Ruda\u2026 Do\u0161ao je neki Bo\u017eovi\u0107, \u010dini mi se neki na\u010delnik u MUP-u, tra\u017eio je mog burazera i rekao je da su Kukurovi\u0107i spaljeni do temelja i da posmrtni ostaci poginulih moraju da se sahrane\u201d, rekao je on naglasiv\u0161i da i danas u Proboju i Rudom vi\u0111a ljude koji su bili akteri ovog doga\u0111aja.<\/p>\n<p><strong>Bez sudskog epiloga<\/strong><\/p>\n<p>Vi\u0161i sud u Beogradu je u aprilu 2013. godine donio presudu kojom je utvrdio odgovornost dr\u017eave Srbije za ratni zlo\u010din u selu Kukurovi\u0107i kod Priboja 18. februara 1993. godine. Apelacioni sud u Beogradu je krajem marta 2014. ukinuo ovu presudu i predmet vratio na ponovno su\u0111enje. Predmet je ranije proslje\u0111en srbijanskom Tu\u017eila\u0161tvu za ratne zlo\u010dine.<\/p>\n<figure class=\"wp-caption alignnone\"><img loading=\"lazy\" decoding=\"async\" class=\"td-animation-stack-type0-2\" src=\"https:\/\/cdn.oslobodjenje.ba\/images\/slike\/2018\/02\/18\/2563227.jpg\" alt=\"\" width=\"1920\" height=\"2713\" \/><figcaption class=\"wp-caption-text\">Foto: Anadolija<\/figcaption><\/figure>\n<p>Prvostepenom presudom nakon postupka protiv Republike Srbije, u ime 20 mje\u0161tana Kukurovi\u0107a, pokrenutim 9. jula 2007. godine, utvr\u0111eno je da su se prije napada jedinice U\u017ei\u010dkog korpusa VJ nalazile u neposrednoj blizini sela i da je u minobaca\u010dkom i pje\u0161adijskom napadu na Kukurovi\u0107e tog dana uni\u0161tena imovina mnogih mje\u0161tana.<\/p>\n<p>Prema izvje\u0161tajima organizacija za ljudska prava dva dana kasnije, nekoliko mje\u0161tana se vratilo u Kukurovi\u0107e, kako bi provjerili \u0161ta je sa njihovim ku\u0107ama. Zatekli su zgari\u0161ta i pobijenu stoku. U spaljenim ku\u0107ama prona\u0161li su le\u0161eve Uzeira Bulutovi\u0107a, Mu\u0161ana Husovi\u0107a i Fatime Sara\u010d, koji za vrijeme napada nisu uspjeli da napuste selo. Kako je navedeno, 11. aprila 1993. godine kada u selu vi\u0161e nije \u017eivio niko zapaljeno je jo\u0161 osam ku\u0107a s pomo\u0107nim objektima.<\/p>\n","protected":false},"excerpt":{"rendered":"<p>Ju\u010de je\u00a0navr\u0161aveno 25 godina od zlo\u010dina u Kukurovi\u0107ima, op\u0107ina Priboj, kada su u minobaca\u010dkom napadu Vojske Jugoslavije (VJ) ubijeni starci Uzeir Bulutovi\u0107, Mu\u0161an Husovi\u0107 i Fatima Sara\u010d, a selo spaljeno, javlja Anadolija. Za ovaj zlo\u010din u Kukurovi\u0107ima do danas niko nije odgovarao, a tokom 1992. i 1993. godine iz svih sela op\u0107ina Priboj i Pljevlja, [&hellip;]<\/p>\n","protected":false},"author":509,"featured_media":202766,"comment_status":"open","ping_status":"open","sticky":false,"template":"","format":"standard","meta":{"footnotes":""},"categories":[800,393,8957],"tags":[],"class_list":{"0":"post-202762","1":"post","2":"type-post","3":"status-publish","4":"format-standard","5":"has-post-thumbnail","7":"category-nacija","8":"category-priboj","9":"category-vijesti-dana"},"yoast_head":"<!-- This site is optimized with the Yoast SEO Premium plugin v23.1 (Yoast SEO v24.9) - https:\/\/yoast.com\/wordpress\/plugins\/seo\/ -->\n<title>Zlo\u010din u Kukurovi\u0107ima bez odgovornih ni 25 godina poslije<\/title>\n<meta name=\"robots\" content=\"index, follow, max-snippet:-1, max-image-preview:large, max-video-preview:-1\" \/>\n<link rel=\"canonical\" href=\"https:\/\/sandzakpress.net\/arhiva\/zlocin-u-kukurovicima-bez-odgovornih-ni-25-godina-poslije\/\" \/>\n<meta property=\"og:locale\" content=\"bs_BA\" \/>\n<meta property=\"og:type\" content=\"article\" \/>\n<meta property=\"og:title\" content=\"Zlo\u010din u Kukurovi\u0107ima bez odgovornih ni 25 godina poslije\" \/>\n<meta property=\"og:description\" content=\"Ju\u010de je\u00a0navr\u0161aveno 25 godina od zlo\u010dina u Kukurovi\u0107ima, op\u0107ina Priboj, kada su u minobaca\u010dkom napadu Vojske Jugoslavije (VJ) ubijeni starci Uzeir Bulutovi\u0107, Mu\u0161an Husovi\u0107 i Fatima Sara\u010d, a selo spaljeno, javlja Anadolija. Za ovaj zlo\u010din u Kukurovi\u0107ima do danas niko nije odgovarao, a tokom 1992. i 1993. godine iz svih sela op\u0107ina Priboj i Pljevlja, [&hellip;]\" \/>\n<meta property=\"og:url\" content=\"https:\/\/sandzakpress.net\/arhiva\/zlocin-u-kukurovicima-bez-odgovornih-ni-25-godina-poslije\/\" \/>\n<meta property=\"og:site_name\" content=\"Sand\u017eak PRESS\" \/>\n<meta property=\"article:published_time\" content=\"2018-02-19T13:02:39+00:00\" \/>\n<meta property=\"og:image\" content=\"https:\/\/sandzakpress.net\/arhiva\/wp-content\/uploads\/2018\/02\/zlocin-kukurovici-696x469.jpg\" \/>\n\t<meta property=\"og:image:width\" content=\"696\" \/>\n\t<meta property=\"og:image:height\" content=\"469\" \/>\n\t<meta property=\"og:image:type\" content=\"image\/jpeg\" \/>\n<meta name=\"author\" content=\"Agencija\" \/>\n<meta name=\"twitter:card\" content=\"summary_large_image\" \/>\n<meta name=\"twitter:label1\" content=\"Written by\" \/>\n\t<meta name=\"twitter:data1\" content=\"Agencija\" \/>\n\t<meta name=\"twitter:label2\" content=\"Est. reading time\" \/>\n\t<meta name=\"twitter:data2\" content=\"4 minute\" \/>\n<script type=\"application\/ld+json\" class=\"yoast-schema-graph\">{\"@context\":\"https:\/\/schema.org\",\"@graph\":[{\"@type\":\"Article\",\"@id\":\"https:\/\/sandzakpress.net\/arhiva\/zlocin-u-kukurovicima-bez-odgovornih-ni-25-godina-poslije\/#article\",\"isPartOf\":{\"@id\":\"https:\/\/sandzakpress.net\/arhiva\/zlocin-u-kukurovicima-bez-odgovornih-ni-25-godina-poslije\/\"},\"author\":{\"name\":\"Agencija\",\"@id\":\"https:\/\/sandzakpress.net\/arhiva\/#\/schema\/person\/cb59d7e3ab91ab90dd680ad0305a6185\"},\"headline\":\"Zlo\u010din u Kukurovi\u0107ima bez odgovornih ni 25 godina poslije\",\"datePublished\":\"2018-02-19T13:02:39+00:00\",\"mainEntityOfPage\":{\"@id\":\"https:\/\/sandzakpress.net\/arhiva\/zlocin-u-kukurovicima-bez-odgovornih-ni-25-godina-poslije\/\"},\"wordCount\":909,\"commentCount\":0,\"publisher\":{\"@id\":\"https:\/\/sandzakpress.net\/arhiva\/#\/schema\/person\/6e72b67d6e51910a1117b3b483ba20bd\"},\"image\":{\"@id\":\"https:\/\/sandzakpress.net\/arhiva\/zlocin-u-kukurovicima-bez-odgovornih-ni-25-godina-poslije\/#primaryimage\"},\"thumbnailUrl\":\"https:\/\/sandzakpress.net\/arhiva\/wp-content\/uploads\/2018\/02\/zlocin-kukurovici-696x469.jpg\",\"articleSection\":[\"Nacija\",\"Priboj\",\"VIJESTI DANA\"],\"inLanguage\":\"bs-BA\",\"potentialAction\":[{\"@type\":\"CommentAction\",\"name\":\"Comment\",\"target\":[\"https:\/\/sandzakpress.net\/arhiva\/zlocin-u-kukurovicima-bez-odgovornih-ni-25-godina-poslije\/#respond\"]}]},{\"@type\":\"WebPage\",\"@id\":\"https:\/\/sandzakpress.net\/arhiva\/zlocin-u-kukurovicima-bez-odgovornih-ni-25-godina-poslije\/\",\"url\":\"https:\/\/sandzakpress.net\/arhiva\/zlocin-u-kukurovicima-bez-odgovornih-ni-25-godina-poslije\/\",\"name\":\"Zlo\u010din u Kukurovi\u0107ima bez odgovornih ni 25 godina poslije\",\"isPartOf\":{\"@id\":\"https:\/\/sandzakpress.net\/arhiva\/#website\"},\"primaryImageOfPage\":{\"@id\":\"https:\/\/sandzakpress.net\/arhiva\/zlocin-u-kukurovicima-bez-odgovornih-ni-25-godina-poslije\/#primaryimage\"},\"image\":{\"@id\":\"https:\/\/sandzakpress.net\/arhiva\/zlocin-u-kukurovicima-bez-odgovornih-ni-25-godina-poslije\/#primaryimage\"},\"thumbnailUrl\":\"https:\/\/sandzakpress.net\/arhiva\/wp-content\/uploads\/2018\/02\/zlocin-kukurovici-696x469.jpg\",\"datePublished\":\"2018-02-19T13:02:39+00:00\",\"breadcrumb\":{\"@id\":\"https:\/\/sandzakpress.net\/arhiva\/zlocin-u-kukurovicima-bez-odgovornih-ni-25-godina-poslije\/#breadcrumb\"},\"inLanguage\":\"bs-BA\",\"potentialAction\":[{\"@type\":\"ReadAction\",\"target\":[\"https:\/\/sandzakpress.net\/arhiva\/zlocin-u-kukurovicima-bez-odgovornih-ni-25-godina-poslije\/\"]}]},{\"@type\":\"ImageObject\",\"inLanguage\":\"bs-BA\",\"@id\":\"https:\/\/sandzakpress.net\/arhiva\/zlocin-u-kukurovicima-bez-odgovornih-ni-25-godina-poslije\/#primaryimage\",\"url\":\"https:\/\/sandzakpress.net\/arhiva\/wp-content\/uploads\/2018\/02\/zlocin-kukurovici-696x469.jpg\",\"contentUrl\":\"https:\/\/sandzakpress.net\/arhiva\/wp-content\/uploads\/2018\/02\/zlocin-kukurovici-696x469.jpg\",\"width\":696,\"height\":469},{\"@type\":\"BreadcrumbList\",\"@id\":\"https:\/\/sandzakpress.net\/arhiva\/zlocin-u-kukurovicima-bez-odgovornih-ni-25-godina-poslije\/#breadcrumb\",\"itemListElement\":[{\"@type\":\"ListItem\",\"position\":1,\"name\":\"Home\",\"item\":\"https:\/\/sandzakpress.net\/arhiva\/\"},{\"@type\":\"ListItem\",\"position\":2,\"name\":\"Zlo\u010din u Kukurovi\u0107ima bez odgovornih ni 25 godina poslije\"}]},{\"@type\":\"WebSite\",\"@id\":\"https:\/\/sandzakpress.net\/arhiva\/#website\",\"url\":\"https:\/\/sandzakpress.net\/arhiva\/\",\"name\":\"Sand\u017eak PRESS\",\"description\":\"Prve elektronske novine u Sand\u017eaku\",\"publisher\":{\"@id\":\"https:\/\/sandzakpress.net\/arhiva\/#\/schema\/person\/6e72b67d6e51910a1117b3b483ba20bd\"},\"potentialAction\":[{\"@type\":\"SearchAction\",\"target\":{\"@type\":\"EntryPoint\",\"urlTemplate\":\"https:\/\/sandzakpress.net\/arhiva\/?s={search_term_string}\"},\"query-input\":{\"@type\":\"PropertyValueSpecification\",\"valueRequired\":true,\"valueName\":\"search_term_string\"}}],\"inLanguage\":\"bs-BA\"},{\"@type\":[\"Person\",\"Organization\"],\"@id\":\"https:\/\/sandzakpress.net\/arhiva\/#\/schema\/person\/6e72b67d6e51910a1117b3b483ba20bd\",\"name\":\"Kul\",\"image\":{\"@type\":\"ImageObject\",\"inLanguage\":\"bs-BA\",\"@id\":\"https:\/\/sandzakpress.net\/arhiva\/#\/schema\/person\/image\/\",\"url\":\"https:\/\/secure.gravatar.com\/avatar\/42263f39aa27ac04c43cab85c280eb2e?s=96&d=mm&r=pg\",\"contentUrl\":\"https:\/\/secure.gravatar.com\/avatar\/42263f39aa27ac04c43cab85c280eb2e?s=96&d=mm&r=pg\",\"caption\":\"Kul\"},\"logo\":{\"@id\":\"https:\/\/sandzakpress.net\/arhiva\/#\/schema\/person\/image\/\"}},{\"@type\":\"Person\",\"@id\":\"https:\/\/sandzakpress.net\/arhiva\/#\/schema\/person\/cb59d7e3ab91ab90dd680ad0305a6185\",\"name\":\"Agencija\",\"image\":{\"@type\":\"ImageObject\",\"inLanguage\":\"bs-BA\",\"@id\":\"https:\/\/sandzakpress.net\/arhiva\/#\/schema\/person\/image\/\",\"url\":\"https:\/\/secure.gravatar.com\/avatar\/4b7fafa80a22f0c2afe23966b3961fe0?s=96&d=mm&r=pg\",\"contentUrl\":\"https:\/\/secure.gravatar.com\/avatar\/4b7fafa80a22f0c2afe23966b3961fe0?s=96&d=mm&r=pg\",\"caption\":\"Agencija\"},\"url\":\"https:\/\/sandzakpress.net\/arhiva\/author\/agencija\/\"}]}<\/script>\n<!-- \/ Yoast SEO Premium plugin. -->","yoast_head_json":{"title":"Zlo\u010din u Kukurovi\u0107ima bez odgovornih ni 25 godina poslije","robots":{"index":"index","follow":"follow","max-snippet":"max-snippet:-1","max-image-preview":"max-image-preview:large","max-video-preview":"max-video-preview:-1"},"canonical":"https:\/\/sandzakpress.net\/arhiva\/zlocin-u-kukurovicima-bez-odgovornih-ni-25-godina-poslije\/","og_locale":"bs_BA","og_type":"article","og_title":"Zlo\u010din u Kukurovi\u0107ima bez odgovornih ni 25 godina poslije","og_description":"Ju\u010de je\u00a0navr\u0161aveno 25 godina od zlo\u010dina u Kukurovi\u0107ima, op\u0107ina Priboj, kada su u minobaca\u010dkom napadu Vojske Jugoslavije (VJ) ubijeni starci Uzeir Bulutovi\u0107, Mu\u0161an Husovi\u0107 i Fatima Sara\u010d, a selo spaljeno, javlja Anadolija. Za ovaj zlo\u010din u Kukurovi\u0107ima do danas niko nije odgovarao, a tokom 1992. i 1993. godine iz svih sela op\u0107ina Priboj i Pljevlja, [&hellip;]","og_url":"https:\/\/sandzakpress.net\/arhiva\/zlocin-u-kukurovicima-bez-odgovornih-ni-25-godina-poslije\/","og_site_name":"Sand\u017eak PRESS","article_published_time":"2018-02-19T13:02:39+00:00","og_image":[{"width":696,"height":469,"url":"https:\/\/sandzakpress.net\/arhiva\/wp-content\/uploads\/2018\/02\/zlocin-kukurovici-696x469.jpg","type":"image\/jpeg"}],"author":"Agencija","twitter_card":"summary_large_image","twitter_misc":{"Written by":"Agencija","Est. reading time":"4 minute"},"schema":{"@context":"https:\/\/schema.org","@graph":[{"@type":"Article","@id":"https:\/\/sandzakpress.net\/arhiva\/zlocin-u-kukurovicima-bez-odgovornih-ni-25-godina-poslije\/#article","isPartOf":{"@id":"https:\/\/sandzakpress.net\/arhiva\/zlocin-u-kukurovicima-bez-odgovornih-ni-25-godina-poslije\/"},"author":{"name":"Agencija","@id":"https:\/\/sandzakpress.net\/arhiva\/#\/schema\/person\/cb59d7e3ab91ab90dd680ad0305a6185"},"headline":"Zlo\u010din u Kukurovi\u0107ima bez odgovornih ni 25 godina poslije","datePublished":"2018-02-19T13:02:39+00:00","mainEntityOfPage":{"@id":"https:\/\/sandzakpress.net\/arhiva\/zlocin-u-kukurovicima-bez-odgovornih-ni-25-godina-poslije\/"},"wordCount":909,"commentCount":0,"publisher":{"@id":"https:\/\/sandzakpress.net\/arhiva\/#\/schema\/person\/6e72b67d6e51910a1117b3b483ba20bd"},"image":{"@id":"https:\/\/sandzakpress.net\/arhiva\/zlocin-u-kukurovicima-bez-odgovornih-ni-25-godina-poslije\/#primaryimage"},"thumbnailUrl":"https:\/\/sandzakpress.net\/arhiva\/wp-content\/uploads\/2018\/02\/zlocin-kukurovici-696x469.jpg","articleSection":["Nacija","Priboj","VIJESTI DANA"],"inLanguage":"bs-BA","potentialAction":[{"@type":"CommentAction","name":"Comment","target":["https:\/\/sandzakpress.net\/arhiva\/zlocin-u-kukurovicima-bez-odgovornih-ni-25-godina-poslije\/#respond"]}]},{"@type":"WebPage","@id":"https:\/\/sandzakpress.net\/arhiva\/zlocin-u-kukurovicima-bez-odgovornih-ni-25-godina-poslije\/","url":"https:\/\/sandzakpress.net\/arhiva\/zlocin-u-kukurovicima-bez-odgovornih-ni-25-godina-poslije\/","name":"Zlo\u010din u Kukurovi\u0107ima bez odgovornih ni 25 godina poslije","isPartOf":{"@id":"https:\/\/sandzakpress.net\/arhiva\/#website"},"primaryImageOfPage":{"@id":"https:\/\/sandzakpress.net\/arhiva\/zlocin-u-kukurovicima-bez-odgovornih-ni-25-godina-poslije\/#primaryimage"},"image":{"@id":"https:\/\/sandzakpress.net\/arhiva\/zlocin-u-kukurovicima-bez-odgovornih-ni-25-godina-poslije\/#primaryimage"},"thumbnailUrl":"https:\/\/sandzakpress.net\/arhiva\/wp-content\/uploads\/2018\/02\/zlocin-kukurovici-696x469.jpg","datePublished":"2018-02-19T13:02:39+00:00","breadcrumb":{"@id":"https:\/\/sandzakpress.net\/arhiva\/zlocin-u-kukurovicima-bez-odgovornih-ni-25-godina-poslije\/#breadcrumb"},"inLanguage":"bs-BA","potentialAction":[{"@type":"ReadAction","target":["https:\/\/sandzakpress.net\/arhiva\/zlocin-u-kukurovicima-bez-odgovornih-ni-25-godina-poslije\/"]}]},{"@type":"ImageObject","inLanguage":"bs-BA","@id":"https:\/\/sandzakpress.net\/arhiva\/zlocin-u-kukurovicima-bez-odgovornih-ni-25-godina-poslije\/#primaryimage","url":"https:\/\/sandzakpress.net\/arhiva\/wp-content\/uploads\/2018\/02\/zlocin-kukurovici-696x469.jpg","contentUrl":"https:\/\/sandzakpress.net\/arhiva\/wp-content\/uploads\/2018\/02\/zlocin-kukurovici-696x469.jpg","width":696,"height":469},{"@type":"BreadcrumbList","@id":"https:\/\/sandzakpress.net\/arhiva\/zlocin-u-kukurovicima-bez-odgovornih-ni-25-godina-poslije\/#breadcrumb","itemListElement":[{"@type":"ListItem","position":1,"name":"Home","item":"https:\/\/sandzakpress.net\/arhiva\/"},{"@type":"ListItem","position":2,"name":"Zlo\u010din u Kukurovi\u0107ima bez odgovornih ni 25 godina poslije"}]},{"@type":"WebSite","@id":"https:\/\/sandzakpress.net\/arhiva\/#website","url":"https:\/\/sandzakpress.net\/arhiva\/","name":"Sand\u017eak PRESS","description":"Prve elektronske novine u Sand\u017eaku","publisher":{"@id":"https:\/\/sandzakpress.net\/arhiva\/#\/schema\/person\/6e72b67d6e51910a1117b3b483ba20bd"},"potentialAction":[{"@type":"SearchAction","target":{"@type":"EntryPoint","urlTemplate":"https:\/\/sandzakpress.net\/arhiva\/?s={search_term_string}"},"query-input":{"@type":"PropertyValueSpecification","valueRequired":true,"valueName":"search_term_string"}}],"inLanguage":"bs-BA"},{"@type":["Person","Organization"],"@id":"https:\/\/sandzakpress.net\/arhiva\/#\/schema\/person\/6e72b67d6e51910a1117b3b483ba20bd","name":"Kul","image":{"@type":"ImageObject","inLanguage":"bs-BA","@id":"https:\/\/sandzakpress.net\/arhiva\/#\/schema\/person\/image\/","url":"https:\/\/secure.gravatar.com\/avatar\/42263f39aa27ac04c43cab85c280eb2e?s=96&d=mm&r=pg","contentUrl":"https:\/\/secure.gravatar.com\/avatar\/42263f39aa27ac04c43cab85c280eb2e?s=96&d=mm&r=pg","caption":"Kul"},"logo":{"@id":"https:\/\/sandzakpress.net\/arhiva\/#\/schema\/person\/image\/"}},{"@type":"Person","@id":"https:\/\/sandzakpress.net\/arhiva\/#\/schema\/person\/cb59d7e3ab91ab90dd680ad0305a6185","name":"Agencija","image":{"@type":"ImageObject","inLanguage":"bs-BA","@id":"https:\/\/sandzakpress.net\/arhiva\/#\/schema\/person\/image\/","url":"https:\/\/secure.gravatar.com\/avatar\/4b7fafa80a22f0c2afe23966b3961fe0?s=96&d=mm&r=pg","contentUrl":"https:\/\/secure.gravatar.com\/avatar\/4b7fafa80a22f0c2afe23966b3961fe0?s=96&d=mm&r=pg","caption":"Agencija"},"url":"https:\/\/sandzakpress.net\/arhiva\/author\/agencija\/"}]}},"_links":{"self":[{"href":"https:\/\/sandzakpress.net\/arhiva\/wp-json\/wp\/v2\/posts\/202762"}],"collection":[{"href":"https:\/\/sandzakpress.net\/arhiva\/wp-json\/wp\/v2\/posts"}],"about":[{"href":"https:\/\/sandzakpress.net\/arhiva\/wp-json\/wp\/v2\/types\/post"}],"author":[{"embeddable":true,"href":"https:\/\/sandzakpress.net\/arhiva\/wp-json\/wp\/v2\/users\/509"}],"replies":[{"embeddable":true,"href":"https:\/\/sandzakpress.net\/arhiva\/wp-json\/wp\/v2\/comments?post=202762"}],"version-history":[{"count":0,"href":"https:\/\/sandzakpress.net\/arhiva\/wp-json\/wp\/v2\/posts\/202762\/revisions"}],"wp:featuredmedia":[{"embeddable":true,"href":"https:\/\/sandzakpress.net\/arhiva\/wp-json\/wp\/v2\/media\/202766"}],"wp:attachment":[{"href":"https:\/\/sandzakpress.net\/arhiva\/wp-json\/wp\/v2\/media?parent=202762"}],"wp:term":[{"taxonomy":"category","embeddable":true,"href":"https:\/\/sandzakpress.net\/arhiva\/wp-json\/wp\/v2\/categories?post=202762"},{"taxonomy":"post_tag","embeddable":true,"href":"https:\/\/sandzakpress.net\/arhiva\/wp-json\/wp\/v2\/tags?post=202762"}],"curies":[{"name":"wp","href":"https:\/\/api.w.org\/{rel}","templated":true}]}}