{"id":202543,"date":"2018-02-13T15:50:50","date_gmt":"2018-02-13T14:50:50","guid":{"rendered":"https:\/\/sandzakpress.net\/arhiva\/?p=202543"},"modified":"2018-02-13T15:59:32","modified_gmt":"2018-02-13T14:59:32","slug":"kalac-ponosan-sam-sto-cu-kao-pripadnik-bosnjackog-naroda-biti-predsjednicki-kandidat","status":"publish","type":"post","link":"https:\/\/sandzakpress.net\/arhiva\/kalac-ponosan-sam-sto-cu-kao-pripadnik-bosnjackog-naroda-biti-predsjednicki-kandidat\/","title":{"rendered":"Kala\u010d: Ponosan sam \u0161to \u0107u kao pripadnik bo\u0161nja\u010dkog naroda biti predsjedni\u010dki kandidat"},"content":{"rendered":"<p><img decoding=\"async\" src=\"http:\/\/sanapress.info\/wp-content\/uploads\/2018\/02\/Kalac-H-1024x783.png\" \/><\/p>\n<p><strong>Kampanja, kao i prikupljanje potpisa podr\u0161ke za predstoje\u0107e predsjedni\u010dke izbore u Crnoj Gori je uveliko u toku. Jedan od kandidata je i predsjednik Stranke pravde i pomirenja u Crnoj Gori gospodin Hazbija Kala\u010d.<\/strong><\/p>\n<p>Iako je njegova kandidatura iznenadna, on isti\u010de svoju zahvalnost kao i povjerenje koje je dobio od stru\u010dnih lica jer smatraju da jedini mo\u017ee opravdati funkciju predsjednika.<\/p>\n<p>\u201dOvo je prva najava kandidature od bo\u0161nja\u010dkog naroda u Crnoj Gori. Obi\u010dno se u na\u0161em narodu smatra da nama to ne pripada, da je to krupan zalogaj kao i da to pripada ve\u0107inskom narodu. To nije ispravno i ne smijemo se tako pona\u0161ati. Moramo imati ambiciju, da prostor u kojem \u017eivimo, dr\u017eavu koju dijelimo sa ostalima, moramo graditi i doprinijeti svima nama. Vrijedi se boriti za to. \u201d izjavio je Hazbija Kala\u010d.<\/p>\n<p><strong>POGLEDAJTE EMISIJU<\/strong><\/p>\n<p><iframe loading=\"lazy\" title=\"JUTRO NAD SAND\u017dAKOM (Jutarnji program Sand\u017eak TV) 13.02.2018\" width=\"696\" height=\"522\" src=\"https:\/\/www.youtube.com\/embed\/F0JK8wWBLUg?start=2032&#038;feature=oembed\" frameborder=\"0\" allow=\"accelerometer; autoplay; encrypted-media; gyroscope; picture-in-picture\" allowfullscreen><\/iframe><\/p>\n<p>Kako navodi, u stranci o\u010dekuju dobar izborni rezultat.<\/p>\n<p>\u201dSada \u017eelimo da imamo aktivno u\u010de\u0161\u0107e, tako \u0161to \u0107emo prezentirati osim kulture i na\u0161u politi\u010dku misiju. Sve je to usko povezano. Ta poruka koju mi \u0161aljemo je autenti\u010dna, narod \u0107e je sigurno prepoznati. Mi, kao narod sa bogatom tradicijom, kulturom, svijetlom vjerskom tradicijom imamo \u0161ta da ponudimo ne samo Srbiji kao i Crnoj Gori ve\u0107 i \u010ditavom regionu.\u201d isti\u010de gospodin Kala\u010d.<\/p>\n<p>Lista sa prikupljenim potpisima se najkasnije mo\u017ee predati do 20.tog marta. On vjeruje, da \u0107e uz rad na terenu uspjeti ne samo u prikupljanju potpisa ve\u0107 i na samim izborima.<\/p>\n<p>izvor: <a href=\"http:\/\/sanapress.info\/hazbija-kalac-o-svojoj-kanditaturi-na-predstojecim-predsjednickim-izborima\/\">SANA\u00a0<\/a><\/p>\n","protected":false},"excerpt":{"rendered":"<p>Kampanja, kao i prikupljanje potpisa podr\u0161ke za predstoje\u0107e predsjedni\u010dke izbore u Crnoj Gori je uveliko u toku. Jedan od kandidata je i predsjednik Stranke pravde i pomirenja u Crnoj Gori gospodin Hazbija Kala\u010d. Iako je njegova kandidatura iznenadna, on isti\u010de svoju zahvalnost kao i povjerenje koje je dobio od stru\u010dnih lica jer smatraju da jedini [&hellip;]<\/p>\n","protected":false},"author":509,"featured_media":202545,"comment_status":"open","ping_status":"open","sticky":false,"template":"","format":"standard","meta":{"footnotes":""},"categories":[398,1,397,10174,396,10308,395,399,10173,8957],"tags":[10223],"class_list":{"0":"post-202543","1":"post","2":"type-post","3":"status-publish","4":"format-standard","5":"has-post-thumbnail","7":"category-rozaje","8":"category-politika","9":"category-berane","10":"category-petnjica-vase-vijesti","11":"category-bijelo_polje","12":"category-crna-gora","13":"category-pljevlja_","14":"category-plav_","15":"category-gusinje-vase-vijesti","16":"category-vijesti-dana","17":"tag-bdz"},"yoast_head":"<!-- This site is optimized with the Yoast SEO Premium plugin v23.1 (Yoast SEO v24.9) - https:\/\/yoast.com\/wordpress\/plugins\/seo\/ -->\n<title>Kala\u010d: Ponosan sam \u0161to \u0107u kao pripadnik bo\u0161nja\u010dkog naroda biti predsjedni\u010dki kandidat<\/title>\n<meta name=\"robots\" content=\"index, follow, max-snippet:-1, max-image-preview:large, max-video-preview:-1\" \/>\n<link rel=\"canonical\" href=\"https:\/\/sandzakpress.net\/arhiva\/kalac-ponosan-sam-sto-cu-kao-pripadnik-bosnjackog-naroda-biti-predsjednicki-kandidat\/\" \/>\n<meta property=\"og:locale\" content=\"bs_BA\" \/>\n<meta property=\"og:type\" content=\"article\" \/>\n<meta property=\"og:title\" content=\"Kala\u010d: Ponosan sam \u0161to \u0107u kao pripadnik bo\u0161nja\u010dkog naroda biti predsjedni\u010dki kandidat\" \/>\n<meta property=\"og:description\" content=\"Kampanja, kao i prikupljanje potpisa podr\u0161ke za predstoje\u0107e predsjedni\u010dke izbore u Crnoj Gori je uveliko u toku. Jedan od kandidata je i predsjednik Stranke pravde i pomirenja u Crnoj Gori gospodin Hazbija Kala\u010d. Iako je njegova kandidatura iznenadna, on isti\u010de svoju zahvalnost kao i povjerenje koje je dobio od stru\u010dnih lica jer smatraju da jedini [&hellip;]\" \/>\n<meta property=\"og:url\" content=\"https:\/\/sandzakpress.net\/arhiva\/kalac-ponosan-sam-sto-cu-kao-pripadnik-bosnjackog-naroda-biti-predsjednicki-kandidat\/\" \/>\n<meta property=\"og:site_name\" content=\"Sand\u017eak PRESS\" \/>\n<meta property=\"article:published_time\" content=\"2018-02-13T14:50:50+00:00\" \/>\n<meta property=\"article:modified_time\" content=\"2018-02-13T14:59:32+00:00\" \/>\n<meta property=\"og:image\" content=\"https:\/\/sandzakpress.net\/arhiva\/wp-content\/uploads\/2018\/02\/Kalac-H-1024x783.png\" \/>\n\t<meta property=\"og:image:width\" content=\"1024\" \/>\n\t<meta property=\"og:image:height\" content=\"783\" \/>\n\t<meta property=\"og:image:type\" content=\"image\/png\" \/>\n<meta name=\"author\" content=\"Agencija\" \/>\n<meta name=\"twitter:card\" content=\"summary_large_image\" \/>\n<meta name=\"twitter:label1\" content=\"Written by\" \/>\n\t<meta name=\"twitter:data1\" content=\"Agencija\" \/>\n\t<meta name=\"twitter:label2\" content=\"Est. reading time\" \/>\n\t<meta name=\"twitter:data2\" content=\"1 minuta\" \/>\n<script type=\"application\/ld+json\" class=\"yoast-schema-graph\">{\"@context\":\"https:\/\/schema.org\",\"@graph\":[{\"@type\":\"Article\",\"@id\":\"https:\/\/sandzakpress.net\/arhiva\/kalac-ponosan-sam-sto-cu-kao-pripadnik-bosnjackog-naroda-biti-predsjednicki-kandidat\/#article\",\"isPartOf\":{\"@id\":\"https:\/\/sandzakpress.net\/arhiva\/kalac-ponosan-sam-sto-cu-kao-pripadnik-bosnjackog-naroda-biti-predsjednicki-kandidat\/\"},\"author\":{\"name\":\"Agencija\",\"@id\":\"https:\/\/sandzakpress.net\/arhiva\/#\/schema\/person\/cb59d7e3ab91ab90dd680ad0305a6185\"},\"headline\":\"Kala\u010d: Ponosan sam \u0161to \u0107u kao pripadnik bo\u0161nja\u010dkog naroda biti predsjedni\u010dki kandidat\",\"datePublished\":\"2018-02-13T14:50:50+00:00\",\"dateModified\":\"2018-02-13T14:59:32+00:00\",\"mainEntityOfPage\":{\"@id\":\"https:\/\/sandzakpress.net\/arhiva\/kalac-ponosan-sam-sto-cu-kao-pripadnik-bosnjackog-naroda-biti-predsjednicki-kandidat\/\"},\"wordCount\":276,\"commentCount\":0,\"publisher\":{\"@id\":\"https:\/\/sandzakpress.net\/arhiva\/#\/schema\/person\/6e72b67d6e51910a1117b3b483ba20bd\"},\"image\":{\"@id\":\"https:\/\/sandzakpress.net\/arhiva\/kalac-ponosan-sam-sto-cu-kao-pripadnik-bosnjackog-naroda-biti-predsjednicki-kandidat\/#primaryimage\"},\"thumbnailUrl\":\"https:\/\/sandzakpress.net\/arhiva\/wp-content\/uploads\/2018\/02\/Kalac-H-1024x783.png\",\"keywords\":[\"BDZ\"],\"articleSection\":[\"Ro\u017eaje\",\"Politika\",\"Berane\",\"Petnjica\",\"Bijelo Polje\",\"Crna Gora\",\"Pljevlja\",\"Plav\",\"Gusinje\",\"VIJESTI DANA\"],\"inLanguage\":\"bs-BA\",\"potentialAction\":[{\"@type\":\"CommentAction\",\"name\":\"Comment\",\"target\":[\"https:\/\/sandzakpress.net\/arhiva\/kalac-ponosan-sam-sto-cu-kao-pripadnik-bosnjackog-naroda-biti-predsjednicki-kandidat\/#respond\"]}]},{\"@type\":\"WebPage\",\"@id\":\"https:\/\/sandzakpress.net\/arhiva\/kalac-ponosan-sam-sto-cu-kao-pripadnik-bosnjackog-naroda-biti-predsjednicki-kandidat\/\",\"url\":\"https:\/\/sandzakpress.net\/arhiva\/kalac-ponosan-sam-sto-cu-kao-pripadnik-bosnjackog-naroda-biti-predsjednicki-kandidat\/\",\"name\":\"Kala\u010d: Ponosan sam \u0161to \u0107u kao pripadnik bo\u0161nja\u010dkog naroda biti predsjedni\u010dki kandidat\",\"isPartOf\":{\"@id\":\"https:\/\/sandzakpress.net\/arhiva\/#website\"},\"primaryImageOfPage\":{\"@id\":\"https:\/\/sandzakpress.net\/arhiva\/kalac-ponosan-sam-sto-cu-kao-pripadnik-bosnjackog-naroda-biti-predsjednicki-kandidat\/#primaryimage\"},\"image\":{\"@id\":\"https:\/\/sandzakpress.net\/arhiva\/kalac-ponosan-sam-sto-cu-kao-pripadnik-bosnjackog-naroda-biti-predsjednicki-kandidat\/#primaryimage\"},\"thumbnailUrl\":\"https:\/\/sandzakpress.net\/arhiva\/wp-content\/uploads\/2018\/02\/Kalac-H-1024x783.png\",\"datePublished\":\"2018-02-13T14:50:50+00:00\",\"dateModified\":\"2018-02-13T14:59:32+00:00\",\"breadcrumb\":{\"@id\":\"https:\/\/sandzakpress.net\/arhiva\/kalac-ponosan-sam-sto-cu-kao-pripadnik-bosnjackog-naroda-biti-predsjednicki-kandidat\/#breadcrumb\"},\"inLanguage\":\"bs-BA\",\"potentialAction\":[{\"@type\":\"ReadAction\",\"target\":[\"https:\/\/sandzakpress.net\/arhiva\/kalac-ponosan-sam-sto-cu-kao-pripadnik-bosnjackog-naroda-biti-predsjednicki-kandidat\/\"]}]},{\"@type\":\"ImageObject\",\"inLanguage\":\"bs-BA\",\"@id\":\"https:\/\/sandzakpress.net\/arhiva\/kalac-ponosan-sam-sto-cu-kao-pripadnik-bosnjackog-naroda-biti-predsjednicki-kandidat\/#primaryimage\",\"url\":\"https:\/\/sandzakpress.net\/arhiva\/wp-content\/uploads\/2018\/02\/Kalac-H-1024x783.png\",\"contentUrl\":\"https:\/\/sandzakpress.net\/arhiva\/wp-content\/uploads\/2018\/02\/Kalac-H-1024x783.png\",\"width\":1024,\"height\":783},{\"@type\":\"BreadcrumbList\",\"@id\":\"https:\/\/sandzakpress.net\/arhiva\/kalac-ponosan-sam-sto-cu-kao-pripadnik-bosnjackog-naroda-biti-predsjednicki-kandidat\/#breadcrumb\",\"itemListElement\":[{\"@type\":\"ListItem\",\"position\":1,\"name\":\"Home\",\"item\":\"https:\/\/sandzakpress.net\/arhiva\/\"},{\"@type\":\"ListItem\",\"position\":2,\"name\":\"Kala\u010d: Ponosan sam \u0161to \u0107u kao pripadnik bo\u0161nja\u010dkog naroda biti predsjedni\u010dki kandidat\"}]},{\"@type\":\"WebSite\",\"@id\":\"https:\/\/sandzakpress.net\/arhiva\/#website\",\"url\":\"https:\/\/sandzakpress.net\/arhiva\/\",\"name\":\"Sand\u017eak PRESS\",\"description\":\"Prve elektronske novine u Sand\u017eaku\",\"publisher\":{\"@id\":\"https:\/\/sandzakpress.net\/arhiva\/#\/schema\/person\/6e72b67d6e51910a1117b3b483ba20bd\"},\"potentialAction\":[{\"@type\":\"SearchAction\",\"target\":{\"@type\":\"EntryPoint\",\"urlTemplate\":\"https:\/\/sandzakpress.net\/arhiva\/?s={search_term_string}\"},\"query-input\":{\"@type\":\"PropertyValueSpecification\",\"valueRequired\":true,\"valueName\":\"search_term_string\"}}],\"inLanguage\":\"bs-BA\"},{\"@type\":[\"Person\",\"Organization\"],\"@id\":\"https:\/\/sandzakpress.net\/arhiva\/#\/schema\/person\/6e72b67d6e51910a1117b3b483ba20bd\",\"name\":\"Kul\",\"image\":{\"@type\":\"ImageObject\",\"inLanguage\":\"bs-BA\",\"@id\":\"https:\/\/sandzakpress.net\/arhiva\/#\/schema\/person\/image\/\",\"url\":\"https:\/\/secure.gravatar.com\/avatar\/42263f39aa27ac04c43cab85c280eb2e?s=96&d=mm&r=pg\",\"contentUrl\":\"https:\/\/secure.gravatar.com\/avatar\/42263f39aa27ac04c43cab85c280eb2e?s=96&d=mm&r=pg\",\"caption\":\"Kul\"},\"logo\":{\"@id\":\"https:\/\/sandzakpress.net\/arhiva\/#\/schema\/person\/image\/\"}},{\"@type\":\"Person\",\"@id\":\"https:\/\/sandzakpress.net\/arhiva\/#\/schema\/person\/cb59d7e3ab91ab90dd680ad0305a6185\",\"name\":\"Agencija\",\"image\":{\"@type\":\"ImageObject\",\"inLanguage\":\"bs-BA\",\"@id\":\"https:\/\/sandzakpress.net\/arhiva\/#\/schema\/person\/image\/\",\"url\":\"https:\/\/secure.gravatar.com\/avatar\/4b7fafa80a22f0c2afe23966b3961fe0?s=96&d=mm&r=pg\",\"contentUrl\":\"https:\/\/secure.gravatar.com\/avatar\/4b7fafa80a22f0c2afe23966b3961fe0?s=96&d=mm&r=pg\",\"caption\":\"Agencija\"},\"url\":\"https:\/\/sandzakpress.net\/arhiva\/author\/agencija\/\"}]}<\/script>\n<!-- \/ Yoast SEO Premium plugin. -->","yoast_head_json":{"title":"Kala\u010d: Ponosan sam \u0161to \u0107u kao pripadnik bo\u0161nja\u010dkog naroda biti predsjedni\u010dki kandidat","robots":{"index":"index","follow":"follow","max-snippet":"max-snippet:-1","max-image-preview":"max-image-preview:large","max-video-preview":"max-video-preview:-1"},"canonical":"https:\/\/sandzakpress.net\/arhiva\/kalac-ponosan-sam-sto-cu-kao-pripadnik-bosnjackog-naroda-biti-predsjednicki-kandidat\/","og_locale":"bs_BA","og_type":"article","og_title":"Kala\u010d: Ponosan sam \u0161to \u0107u kao pripadnik bo\u0161nja\u010dkog naroda biti predsjedni\u010dki kandidat","og_description":"Kampanja, kao i prikupljanje potpisa podr\u0161ke za predstoje\u0107e predsjedni\u010dke izbore u Crnoj Gori je uveliko u toku. Jedan od kandidata je i predsjednik Stranke pravde i pomirenja u Crnoj Gori gospodin Hazbija Kala\u010d. Iako je njegova kandidatura iznenadna, on isti\u010de svoju zahvalnost kao i povjerenje koje je dobio od stru\u010dnih lica jer smatraju da jedini [&hellip;]","og_url":"https:\/\/sandzakpress.net\/arhiva\/kalac-ponosan-sam-sto-cu-kao-pripadnik-bosnjackog-naroda-biti-predsjednicki-kandidat\/","og_site_name":"Sand\u017eak PRESS","article_published_time":"2018-02-13T14:50:50+00:00","article_modified_time":"2018-02-13T14:59:32+00:00","og_image":[{"width":1024,"height":783,"url":"https:\/\/sandzakpress.net\/arhiva\/wp-content\/uploads\/2018\/02\/Kalac-H-1024x783.png","type":"image\/png"}],"author":"Agencija","twitter_card":"summary_large_image","twitter_misc":{"Written by":"Agencija","Est. reading time":"1 minuta"},"schema":{"@context":"https:\/\/schema.org","@graph":[{"@type":"Article","@id":"https:\/\/sandzakpress.net\/arhiva\/kalac-ponosan-sam-sto-cu-kao-pripadnik-bosnjackog-naroda-biti-predsjednicki-kandidat\/#article","isPartOf":{"@id":"https:\/\/sandzakpress.net\/arhiva\/kalac-ponosan-sam-sto-cu-kao-pripadnik-bosnjackog-naroda-biti-predsjednicki-kandidat\/"},"author":{"name":"Agencija","@id":"https:\/\/sandzakpress.net\/arhiva\/#\/schema\/person\/cb59d7e3ab91ab90dd680ad0305a6185"},"headline":"Kala\u010d: Ponosan sam \u0161to \u0107u kao pripadnik bo\u0161nja\u010dkog naroda biti predsjedni\u010dki kandidat","datePublished":"2018-02-13T14:50:50+00:00","dateModified":"2018-02-13T14:59:32+00:00","mainEntityOfPage":{"@id":"https:\/\/sandzakpress.net\/arhiva\/kalac-ponosan-sam-sto-cu-kao-pripadnik-bosnjackog-naroda-biti-predsjednicki-kandidat\/"},"wordCount":276,"commentCount":0,"publisher":{"@id":"https:\/\/sandzakpress.net\/arhiva\/#\/schema\/person\/6e72b67d6e51910a1117b3b483ba20bd"},"image":{"@id":"https:\/\/sandzakpress.net\/arhiva\/kalac-ponosan-sam-sto-cu-kao-pripadnik-bosnjackog-naroda-biti-predsjednicki-kandidat\/#primaryimage"},"thumbnailUrl":"https:\/\/sandzakpress.net\/arhiva\/wp-content\/uploads\/2018\/02\/Kalac-H-1024x783.png","keywords":["BDZ"],"articleSection":["Ro\u017eaje","Politika","Berane","Petnjica","Bijelo Polje","Crna Gora","Pljevlja","Plav","Gusinje","VIJESTI DANA"],"inLanguage":"bs-BA","potentialAction":[{"@type":"CommentAction","name":"Comment","target":["https:\/\/sandzakpress.net\/arhiva\/kalac-ponosan-sam-sto-cu-kao-pripadnik-bosnjackog-naroda-biti-predsjednicki-kandidat\/#respond"]}]},{"@type":"WebPage","@id":"https:\/\/sandzakpress.net\/arhiva\/kalac-ponosan-sam-sto-cu-kao-pripadnik-bosnjackog-naroda-biti-predsjednicki-kandidat\/","url":"https:\/\/sandzakpress.net\/arhiva\/kalac-ponosan-sam-sto-cu-kao-pripadnik-bosnjackog-naroda-biti-predsjednicki-kandidat\/","name":"Kala\u010d: Ponosan sam \u0161to \u0107u kao pripadnik bo\u0161nja\u010dkog naroda biti predsjedni\u010dki kandidat","isPartOf":{"@id":"https:\/\/sandzakpress.net\/arhiva\/#website"},"primaryImageOfPage":{"@id":"https:\/\/sandzakpress.net\/arhiva\/kalac-ponosan-sam-sto-cu-kao-pripadnik-bosnjackog-naroda-biti-predsjednicki-kandidat\/#primaryimage"},"image":{"@id":"https:\/\/sandzakpress.net\/arhiva\/kalac-ponosan-sam-sto-cu-kao-pripadnik-bosnjackog-naroda-biti-predsjednicki-kandidat\/#primaryimage"},"thumbnailUrl":"https:\/\/sandzakpress.net\/arhiva\/wp-content\/uploads\/2018\/02\/Kalac-H-1024x783.png","datePublished":"2018-02-13T14:50:50+00:00","dateModified":"2018-02-13T14:59:32+00:00","breadcrumb":{"@id":"https:\/\/sandzakpress.net\/arhiva\/kalac-ponosan-sam-sto-cu-kao-pripadnik-bosnjackog-naroda-biti-predsjednicki-kandidat\/#breadcrumb"},"inLanguage":"bs-BA","potentialAction":[{"@type":"ReadAction","target":["https:\/\/sandzakpress.net\/arhiva\/kalac-ponosan-sam-sto-cu-kao-pripadnik-bosnjackog-naroda-biti-predsjednicki-kandidat\/"]}]},{"@type":"ImageObject","inLanguage":"bs-BA","@id":"https:\/\/sandzakpress.net\/arhiva\/kalac-ponosan-sam-sto-cu-kao-pripadnik-bosnjackog-naroda-biti-predsjednicki-kandidat\/#primaryimage","url":"https:\/\/sandzakpress.net\/arhiva\/wp-content\/uploads\/2018\/02\/Kalac-H-1024x783.png","contentUrl":"https:\/\/sandzakpress.net\/arhiva\/wp-content\/uploads\/2018\/02\/Kalac-H-1024x783.png","width":1024,"height":783},{"@type":"BreadcrumbList","@id":"https:\/\/sandzakpress.net\/arhiva\/kalac-ponosan-sam-sto-cu-kao-pripadnik-bosnjackog-naroda-biti-predsjednicki-kandidat\/#breadcrumb","itemListElement":[{"@type":"ListItem","position":1,"name":"Home","item":"https:\/\/sandzakpress.net\/arhiva\/"},{"@type":"ListItem","position":2,"name":"Kala\u010d: Ponosan sam \u0161to \u0107u kao pripadnik bo\u0161nja\u010dkog naroda biti predsjedni\u010dki kandidat"}]},{"@type":"WebSite","@id":"https:\/\/sandzakpress.net\/arhiva\/#website","url":"https:\/\/sandzakpress.net\/arhiva\/","name":"Sand\u017eak PRESS","description":"Prve elektronske novine u Sand\u017eaku","publisher":{"@id":"https:\/\/sandzakpress.net\/arhiva\/#\/schema\/person\/6e72b67d6e51910a1117b3b483ba20bd"},"potentialAction":[{"@type":"SearchAction","target":{"@type":"EntryPoint","urlTemplate":"https:\/\/sandzakpress.net\/arhiva\/?s={search_term_string}"},"query-input":{"@type":"PropertyValueSpecification","valueRequired":true,"valueName":"search_term_string"}}],"inLanguage":"bs-BA"},{"@type":["Person","Organization"],"@id":"https:\/\/sandzakpress.net\/arhiva\/#\/schema\/person\/6e72b67d6e51910a1117b3b483ba20bd","name":"Kul","image":{"@type":"ImageObject","inLanguage":"bs-BA","@id":"https:\/\/sandzakpress.net\/arhiva\/#\/schema\/person\/image\/","url":"https:\/\/secure.gravatar.com\/avatar\/42263f39aa27ac04c43cab85c280eb2e?s=96&d=mm&r=pg","contentUrl":"https:\/\/secure.gravatar.com\/avatar\/42263f39aa27ac04c43cab85c280eb2e?s=96&d=mm&r=pg","caption":"Kul"},"logo":{"@id":"https:\/\/sandzakpress.net\/arhiva\/#\/schema\/person\/image\/"}},{"@type":"Person","@id":"https:\/\/sandzakpress.net\/arhiva\/#\/schema\/person\/cb59d7e3ab91ab90dd680ad0305a6185","name":"Agencija","image":{"@type":"ImageObject","inLanguage":"bs-BA","@id":"https:\/\/sandzakpress.net\/arhiva\/#\/schema\/person\/image\/","url":"https:\/\/secure.gravatar.com\/avatar\/4b7fafa80a22f0c2afe23966b3961fe0?s=96&d=mm&r=pg","contentUrl":"https:\/\/secure.gravatar.com\/avatar\/4b7fafa80a22f0c2afe23966b3961fe0?s=96&d=mm&r=pg","caption":"Agencija"},"url":"https:\/\/sandzakpress.net\/arhiva\/author\/agencija\/"}]}},"_links":{"self":[{"href":"https:\/\/sandzakpress.net\/arhiva\/wp-json\/wp\/v2\/posts\/202543"}],"collection":[{"href":"https:\/\/sandzakpress.net\/arhiva\/wp-json\/wp\/v2\/posts"}],"about":[{"href":"https:\/\/sandzakpress.net\/arhiva\/wp-json\/wp\/v2\/types\/post"}],"author":[{"embeddable":true,"href":"https:\/\/sandzakpress.net\/arhiva\/wp-json\/wp\/v2\/users\/509"}],"replies":[{"embeddable":true,"href":"https:\/\/sandzakpress.net\/arhiva\/wp-json\/wp\/v2\/comments?post=202543"}],"version-history":[{"count":0,"href":"https:\/\/sandzakpress.net\/arhiva\/wp-json\/wp\/v2\/posts\/202543\/revisions"}],"wp:featuredmedia":[{"embeddable":true,"href":"https:\/\/sandzakpress.net\/arhiva\/wp-json\/wp\/v2\/media\/202545"}],"wp:attachment":[{"href":"https:\/\/sandzakpress.net\/arhiva\/wp-json\/wp\/v2\/media?parent=202543"}],"wp:term":[{"taxonomy":"category","embeddable":true,"href":"https:\/\/sandzakpress.net\/arhiva\/wp-json\/wp\/v2\/categories?post=202543"},{"taxonomy":"post_tag","embeddable":true,"href":"https:\/\/sandzakpress.net\/arhiva\/wp-json\/wp\/v2\/tags?post=202543"}],"curies":[{"name":"wp","href":"https:\/\/api.w.org\/{rel}","templated":true}]}}