{"id":202406,"date":"2018-02-10T10:07:24","date_gmt":"2018-02-10T09:07:24","guid":{"rendered":"https:\/\/sandzakpress.net\/arhiva\/?p=202406"},"modified":"2018-02-10T10:07:24","modified_gmt":"2018-02-10T09:07:24","slug":"spp-poziva-opoziciju-da-podrzi-kalaca-na-predsjednickim-izborima-u-cg","status":"publish","type":"post","link":"https:\/\/sandzakpress.net\/arhiva\/spp-poziva-opoziciju-da-podrzi-kalaca-na-predsjednickim-izborima-u-cg\/","title":{"rendered":"SPP poziva opoziciju da podr\u017ei Kala\u010da na predsjedni\u010dkim izborima u CG"},"content":{"rendered":"<p><img loading=\"lazy\" decoding=\"async\" class=\"alignnone size-full wp-image-202407\" src=\"https:\/\/sandzakpress.net\/arhiva\/wp-content\/uploads\/2018\/02\/27907458_1298076416960023_8893666961430869069_o.jpg\" alt=\"\" width=\"997\" height=\"665\" srcset=\"https:\/\/sandzakpress.net\/arhiva\/wp-content\/uploads\/2018\/02\/27907458_1298076416960023_8893666961430869069_o.jpg 997w, https:\/\/sandzakpress.net\/arhiva\/wp-content\/uploads\/2018\/02\/27907458_1298076416960023_8893666961430869069_o-768x512.jpg 768w, https:\/\/sandzakpress.net\/arhiva\/wp-content\/uploads\/2018\/02\/27907458_1298076416960023_8893666961430869069_o-616x411.jpg 616w, https:\/\/sandzakpress.net\/arhiva\/wp-content\/uploads\/2018\/02\/27907458_1298076416960023_8893666961430869069_o-360x240.jpg 360w\" sizes=\"(max-width: 997px) 100vw, 997px\" \/><\/p>\n<p>Obzirom na \u010dinjenicu da pri\u010da o predsjedni\u010dkim izborima u Crnoj Gori ulazi u fazu potpunog formuliranja i identificiranja kandidata za predsjednika, mi jo\u0161 nemamo jasnu situaciju kada su u pitanju kandidati vladaju\u0107e garniture i dijela opozicije. Jo\u0161 uvijek se vlast i dobar dio opozicije ne izja\u0161njava ko \u0107e biti njihovi kandidati.<\/p>\n<p> Imaju\u0107i u vidu \u010dinjenicu da opozicioni blok te\u0161ko mo\u017ee do\u0107i do adekvatnog i svima prihvatljivog rje\u0161enja, o\u010dekivano je da jo\u0161 uvijek nema odgovora na pitanje kona\u010dnosti liste kandidata za predsjedni\u010dke izbore u Crnoj Gori. Ako se malo prisjetimo vremena od kada su zapo\u010dele<br \/> kalkulacije oko kandidata jednih i drugih, vidje\u0107emo da se sa jedne i druge strane, naizgled takti\u010dki, ne\u0161to \u010deka. \u010ceka se adekvatno ime kandidata dijela opozicije, koje \u0107e otko\u010diti nastalu zako\u010denu situaciju.<\/p>\n<p>Znaju\u0107i da ovakva neprirodna situacija mo\u017ee jo\u0161 potrajati, smatramo da ba\u0161 mi iz Stranke pravde i pomirenja &#8211; SPP trebamo pokrenuti inicijativu i ponuditi dostojno i kvalitetno rje\u0161enje, kako bi dali doprinos u rje\u0161avanju novonastale situacije, prihvatljivo svakom opozicionom politi\u010dkom akteru.<\/p>\n<p> Kao \u0161to je javnosti dobro poznato Stranka pravde i pomirenja &#8211; SPP, kao prepoznatljiv i autenti\u010dan akter na politi\u010dkoj sceni u Crnoj Gori i njen predsjednik, gospodin Hazbija Kala\u010d, kao dostojan nosilac svje\u017ee i do sada nevi\u0111ene ideje pravde i pomirenja, imaju priliku da Crnoj Gori pru\u017ee pobjedonosnu ruku\u00a0 pravde i pomirenja.<\/p>\n<p> Aktualna opozicija u Crnoj Gori je imala priliku upoznati Hazbiju Kala\u010da i mi iz SPP-a ih podsje\u0107amo da se ni\u0161ta u Crnoj Gori ne mo\u017ee temeljito i kvalitetno rje\u0161avati bez konsenzusa svih naroda, prisutnih u razli\u010ditim politi\u010dkim opcijama. Znaju\u0107i da su potro\u0161ena gotovo sva politi\u010dka rje\u0161enja koja su bila ponu\u0111ena kao dobra za demokratsku (ili nedemokratsku) smjenu vlasti, smatramo da je vrijeme da aktualni dio opozicije prihvati \u010dinjenicu da je multietni\u010dki prihvatljivo rje\u0161enje i jedino rje\u0161enje za Crnu Goru koja je zastala na putu ekonomskog oporavka i napretka. Smatramo da je ba\u0161 to rje\u0161enje gospodin Kala\u010d, profesor i uspje\u0161ni ekonomista, dobar poznavalac prilika Crnoj Gori u regionu, poznavalac evropskih procesa i informisan \u010dovjek.<\/p>\n<p> Javnosti je poznato da je od prije par dana gospodin Kala\u010d kandidat za predsjednika Crne Gore. Mi iz SPP-a, znaju\u0107i gospodina Kala\u010da, nismo oklijevali i nismo imali dilemu da je ovo najbolje i najprihvatljivije rje\u0161enje za Crnu Goru i njene gra\u0111ane. O\u010dekujemo od cjelokupne opozicije da razmisli o podr\u0161ci gospodinu Kala\u010d kao zajedni\u010dkom kandidatu cjelokupne opozicije, kako bi se kvalitetno razrije\u0161ile krize koje su se po\u010dele javljati u razli\u010ditim dru\u0161tveno-politi\u010dkim procesima u Crnoj Gori<br \/> pa i unutar samog opozicionog bloka.&#8221;<\/p>\n","protected":false},"excerpt":{"rendered":"<p>Obzirom na \u010dinjenicu da pri\u010da o predsjedni\u010dkim izborima u Crnoj Gori ulazi u fazu potpunog formuliranja i identificiranja kandidata za predsjednika, mi jo\u0161 nemamo jasnu situaciju kada su u pitanju kandidati vladaju\u0107e garniture i dijela opozicije. Jo\u0161 uvijek se vlast i dobar dio opozicije ne izja\u0161njava ko \u0107e biti njihovi kandidati. Imaju\u0107i u vidu \u010dinjenicu [&hellip;]<\/p>\n","protected":false},"author":509,"featured_media":202407,"comment_status":"open","ping_status":"open","sticky":false,"template":"","format":"standard","meta":{"footnotes":""},"categories":[72,1,52,327,392,10308,393,394,8957],"tags":[10223],"class_list":{"0":"post-202406","1":"post","2":"type-post","3":"status-publish","4":"format-standard","5":"has-post-thumbnail","7":"category-novi-pazar","8":"category-politika","9":"category-sjenica","10":"category-tutin","11":"category-prijepolje_","12":"category-crna-gora","13":"category-priboj","14":"category-nova-varos","15":"category-vijesti-dana","16":"tag-bdz"},"yoast_head":"<!-- This site is optimized with the Yoast SEO Premium plugin v23.1 (Yoast SEO v24.9) - https:\/\/yoast.com\/wordpress\/plugins\/seo\/ -->\n<title>SPP poziva opoziciju da podr\u017ei Kala\u010da na predsjedni\u010dkim izborima u CG<\/title>\n<meta name=\"robots\" content=\"index, follow, max-snippet:-1, max-image-preview:large, max-video-preview:-1\" \/>\n<link rel=\"canonical\" href=\"https:\/\/sandzakpress.net\/arhiva\/spp-poziva-opoziciju-da-podrzi-kalaca-na-predsjednickim-izborima-u-cg\/\" \/>\n<meta property=\"og:locale\" content=\"bs_BA\" \/>\n<meta property=\"og:type\" content=\"article\" \/>\n<meta property=\"og:title\" content=\"SPP poziva opoziciju da podr\u017ei Kala\u010da na predsjedni\u010dkim izborima u CG\" \/>\n<meta property=\"og:description\" content=\"Obzirom na \u010dinjenicu da pri\u010da o predsjedni\u010dkim izborima u Crnoj Gori ulazi u fazu potpunog formuliranja i identificiranja kandidata za predsjednika, mi jo\u0161 nemamo jasnu situaciju kada su u pitanju kandidati vladaju\u0107e garniture i dijela opozicije. Jo\u0161 uvijek se vlast i dobar dio opozicije ne izja\u0161njava ko \u0107e biti njihovi kandidati. Imaju\u0107i u vidu \u010dinjenicu [&hellip;]\" \/>\n<meta property=\"og:url\" content=\"https:\/\/sandzakpress.net\/arhiva\/spp-poziva-opoziciju-da-podrzi-kalaca-na-predsjednickim-izborima-u-cg\/\" \/>\n<meta property=\"og:site_name\" content=\"Sand\u017eak PRESS\" \/>\n<meta property=\"article:published_time\" content=\"2018-02-10T09:07:24+00:00\" \/>\n<meta property=\"og:image\" content=\"https:\/\/sandzakpress.net\/arhiva\/wp-content\/uploads\/2018\/02\/27907458_1298076416960023_8893666961430869069_o.jpg\" \/>\n\t<meta property=\"og:image:width\" content=\"997\" \/>\n\t<meta property=\"og:image:height\" content=\"665\" \/>\n\t<meta property=\"og:image:type\" content=\"image\/jpeg\" \/>\n<meta name=\"author\" content=\"Agencija\" \/>\n<meta name=\"twitter:card\" content=\"summary_large_image\" \/>\n<meta name=\"twitter:label1\" content=\"Written by\" \/>\n\t<meta name=\"twitter:data1\" content=\"Agencija\" \/>\n\t<meta name=\"twitter:label2\" content=\"Est. reading time\" \/>\n\t<meta name=\"twitter:data2\" content=\"2 minute\" \/>\n<script type=\"application\/ld+json\" class=\"yoast-schema-graph\">{\"@context\":\"https:\/\/schema.org\",\"@graph\":[{\"@type\":\"Article\",\"@id\":\"https:\/\/sandzakpress.net\/arhiva\/spp-poziva-opoziciju-da-podrzi-kalaca-na-predsjednickim-izborima-u-cg\/#article\",\"isPartOf\":{\"@id\":\"https:\/\/sandzakpress.net\/arhiva\/spp-poziva-opoziciju-da-podrzi-kalaca-na-predsjednickim-izborima-u-cg\/\"},\"author\":{\"name\":\"Agencija\",\"@id\":\"https:\/\/sandzakpress.net\/arhiva\/#\/schema\/person\/cb59d7e3ab91ab90dd680ad0305a6185\"},\"headline\":\"SPP poziva opoziciju da podr\u017ei Kala\u010da na predsjedni\u010dkim izborima u CG\",\"datePublished\":\"2018-02-10T09:07:24+00:00\",\"mainEntityOfPage\":{\"@id\":\"https:\/\/sandzakpress.net\/arhiva\/spp-poziva-opoziciju-da-podrzi-kalaca-na-predsjednickim-izborima-u-cg\/\"},\"wordCount\":482,\"commentCount\":0,\"publisher\":{\"@id\":\"https:\/\/sandzakpress.net\/arhiva\/#\/schema\/person\/6e72b67d6e51910a1117b3b483ba20bd\"},\"image\":{\"@id\":\"https:\/\/sandzakpress.net\/arhiva\/spp-poziva-opoziciju-da-podrzi-kalaca-na-predsjednickim-izborima-u-cg\/#primaryimage\"},\"thumbnailUrl\":\"https:\/\/sandzakpress.net\/arhiva\/wp-content\/uploads\/2018\/02\/27907458_1298076416960023_8893666961430869069_o.jpg\",\"keywords\":[\"BDZ\"],\"articleSection\":[\"Novi Pazar\",\"Politika\",\"Sjenica\",\"Tutin\",\"Prijepolje\",\"Crna Gora\",\"Priboj\",\"Nova Varo\u0161\",\"VIJESTI DANA\"],\"inLanguage\":\"bs-BA\",\"potentialAction\":[{\"@type\":\"CommentAction\",\"name\":\"Comment\",\"target\":[\"https:\/\/sandzakpress.net\/arhiva\/spp-poziva-opoziciju-da-podrzi-kalaca-na-predsjednickim-izborima-u-cg\/#respond\"]}]},{\"@type\":\"WebPage\",\"@id\":\"https:\/\/sandzakpress.net\/arhiva\/spp-poziva-opoziciju-da-podrzi-kalaca-na-predsjednickim-izborima-u-cg\/\",\"url\":\"https:\/\/sandzakpress.net\/arhiva\/spp-poziva-opoziciju-da-podrzi-kalaca-na-predsjednickim-izborima-u-cg\/\",\"name\":\"SPP poziva opoziciju da podr\u017ei Kala\u010da na predsjedni\u010dkim izborima u CG\",\"isPartOf\":{\"@id\":\"https:\/\/sandzakpress.net\/arhiva\/#website\"},\"primaryImageOfPage\":{\"@id\":\"https:\/\/sandzakpress.net\/arhiva\/spp-poziva-opoziciju-da-podrzi-kalaca-na-predsjednickim-izborima-u-cg\/#primaryimage\"},\"image\":{\"@id\":\"https:\/\/sandzakpress.net\/arhiva\/spp-poziva-opoziciju-da-podrzi-kalaca-na-predsjednickim-izborima-u-cg\/#primaryimage\"},\"thumbnailUrl\":\"https:\/\/sandzakpress.net\/arhiva\/wp-content\/uploads\/2018\/02\/27907458_1298076416960023_8893666961430869069_o.jpg\",\"datePublished\":\"2018-02-10T09:07:24+00:00\",\"breadcrumb\":{\"@id\":\"https:\/\/sandzakpress.net\/arhiva\/spp-poziva-opoziciju-da-podrzi-kalaca-na-predsjednickim-izborima-u-cg\/#breadcrumb\"},\"inLanguage\":\"bs-BA\",\"potentialAction\":[{\"@type\":\"ReadAction\",\"target\":[\"https:\/\/sandzakpress.net\/arhiva\/spp-poziva-opoziciju-da-podrzi-kalaca-na-predsjednickim-izborima-u-cg\/\"]}]},{\"@type\":\"ImageObject\",\"inLanguage\":\"bs-BA\",\"@id\":\"https:\/\/sandzakpress.net\/arhiva\/spp-poziva-opoziciju-da-podrzi-kalaca-na-predsjednickim-izborima-u-cg\/#primaryimage\",\"url\":\"https:\/\/sandzakpress.net\/arhiva\/wp-content\/uploads\/2018\/02\/27907458_1298076416960023_8893666961430869069_o.jpg\",\"contentUrl\":\"https:\/\/sandzakpress.net\/arhiva\/wp-content\/uploads\/2018\/02\/27907458_1298076416960023_8893666961430869069_o.jpg\",\"width\":997,\"height\":665},{\"@type\":\"BreadcrumbList\",\"@id\":\"https:\/\/sandzakpress.net\/arhiva\/spp-poziva-opoziciju-da-podrzi-kalaca-na-predsjednickim-izborima-u-cg\/#breadcrumb\",\"itemListElement\":[{\"@type\":\"ListItem\",\"position\":1,\"name\":\"Home\",\"item\":\"https:\/\/sandzakpress.net\/arhiva\/\"},{\"@type\":\"ListItem\",\"position\":2,\"name\":\"SPP poziva opoziciju da podr\u017ei Kala\u010da na predsjedni\u010dkim izborima u CG\"}]},{\"@type\":\"WebSite\",\"@id\":\"https:\/\/sandzakpress.net\/arhiva\/#website\",\"url\":\"https:\/\/sandzakpress.net\/arhiva\/\",\"name\":\"Sand\u017eak PRESS\",\"description\":\"Prve elektronske novine u Sand\u017eaku\",\"publisher\":{\"@id\":\"https:\/\/sandzakpress.net\/arhiva\/#\/schema\/person\/6e72b67d6e51910a1117b3b483ba20bd\"},\"potentialAction\":[{\"@type\":\"SearchAction\",\"target\":{\"@type\":\"EntryPoint\",\"urlTemplate\":\"https:\/\/sandzakpress.net\/arhiva\/?s={search_term_string}\"},\"query-input\":{\"@type\":\"PropertyValueSpecification\",\"valueRequired\":true,\"valueName\":\"search_term_string\"}}],\"inLanguage\":\"bs-BA\"},{\"@type\":[\"Person\",\"Organization\"],\"@id\":\"https:\/\/sandzakpress.net\/arhiva\/#\/schema\/person\/6e72b67d6e51910a1117b3b483ba20bd\",\"name\":\"Kul\",\"image\":{\"@type\":\"ImageObject\",\"inLanguage\":\"bs-BA\",\"@id\":\"https:\/\/sandzakpress.net\/arhiva\/#\/schema\/person\/image\/\",\"url\":\"https:\/\/secure.gravatar.com\/avatar\/42263f39aa27ac04c43cab85c280eb2e?s=96&d=mm&r=pg\",\"contentUrl\":\"https:\/\/secure.gravatar.com\/avatar\/42263f39aa27ac04c43cab85c280eb2e?s=96&d=mm&r=pg\",\"caption\":\"Kul\"},\"logo\":{\"@id\":\"https:\/\/sandzakpress.net\/arhiva\/#\/schema\/person\/image\/\"}},{\"@type\":\"Person\",\"@id\":\"https:\/\/sandzakpress.net\/arhiva\/#\/schema\/person\/cb59d7e3ab91ab90dd680ad0305a6185\",\"name\":\"Agencija\",\"image\":{\"@type\":\"ImageObject\",\"inLanguage\":\"bs-BA\",\"@id\":\"https:\/\/sandzakpress.net\/arhiva\/#\/schema\/person\/image\/\",\"url\":\"https:\/\/secure.gravatar.com\/avatar\/4b7fafa80a22f0c2afe23966b3961fe0?s=96&d=mm&r=pg\",\"contentUrl\":\"https:\/\/secure.gravatar.com\/avatar\/4b7fafa80a22f0c2afe23966b3961fe0?s=96&d=mm&r=pg\",\"caption\":\"Agencija\"},\"url\":\"https:\/\/sandzakpress.net\/arhiva\/author\/agencija\/\"}]}<\/script>\n<!-- \/ Yoast SEO Premium plugin. -->","yoast_head_json":{"title":"SPP poziva opoziciju da podr\u017ei Kala\u010da na predsjedni\u010dkim izborima u CG","robots":{"index":"index","follow":"follow","max-snippet":"max-snippet:-1","max-image-preview":"max-image-preview:large","max-video-preview":"max-video-preview:-1"},"canonical":"https:\/\/sandzakpress.net\/arhiva\/spp-poziva-opoziciju-da-podrzi-kalaca-na-predsjednickim-izborima-u-cg\/","og_locale":"bs_BA","og_type":"article","og_title":"SPP poziva opoziciju da podr\u017ei Kala\u010da na predsjedni\u010dkim izborima u CG","og_description":"Obzirom na \u010dinjenicu da pri\u010da o predsjedni\u010dkim izborima u Crnoj Gori ulazi u fazu potpunog formuliranja i identificiranja kandidata za predsjednika, mi jo\u0161 nemamo jasnu situaciju kada su u pitanju kandidati vladaju\u0107e garniture i dijela opozicije. Jo\u0161 uvijek se vlast i dobar dio opozicije ne izja\u0161njava ko \u0107e biti njihovi kandidati. Imaju\u0107i u vidu \u010dinjenicu [&hellip;]","og_url":"https:\/\/sandzakpress.net\/arhiva\/spp-poziva-opoziciju-da-podrzi-kalaca-na-predsjednickim-izborima-u-cg\/","og_site_name":"Sand\u017eak PRESS","article_published_time":"2018-02-10T09:07:24+00:00","og_image":[{"width":997,"height":665,"url":"https:\/\/sandzakpress.net\/arhiva\/wp-content\/uploads\/2018\/02\/27907458_1298076416960023_8893666961430869069_o.jpg","type":"image\/jpeg"}],"author":"Agencija","twitter_card":"summary_large_image","twitter_misc":{"Written by":"Agencija","Est. reading time":"2 minute"},"schema":{"@context":"https:\/\/schema.org","@graph":[{"@type":"Article","@id":"https:\/\/sandzakpress.net\/arhiva\/spp-poziva-opoziciju-da-podrzi-kalaca-na-predsjednickim-izborima-u-cg\/#article","isPartOf":{"@id":"https:\/\/sandzakpress.net\/arhiva\/spp-poziva-opoziciju-da-podrzi-kalaca-na-predsjednickim-izborima-u-cg\/"},"author":{"name":"Agencija","@id":"https:\/\/sandzakpress.net\/arhiva\/#\/schema\/person\/cb59d7e3ab91ab90dd680ad0305a6185"},"headline":"SPP poziva opoziciju da podr\u017ei Kala\u010da na predsjedni\u010dkim izborima u CG","datePublished":"2018-02-10T09:07:24+00:00","mainEntityOfPage":{"@id":"https:\/\/sandzakpress.net\/arhiva\/spp-poziva-opoziciju-da-podrzi-kalaca-na-predsjednickim-izborima-u-cg\/"},"wordCount":482,"commentCount":0,"publisher":{"@id":"https:\/\/sandzakpress.net\/arhiva\/#\/schema\/person\/6e72b67d6e51910a1117b3b483ba20bd"},"image":{"@id":"https:\/\/sandzakpress.net\/arhiva\/spp-poziva-opoziciju-da-podrzi-kalaca-na-predsjednickim-izborima-u-cg\/#primaryimage"},"thumbnailUrl":"https:\/\/sandzakpress.net\/arhiva\/wp-content\/uploads\/2018\/02\/27907458_1298076416960023_8893666961430869069_o.jpg","keywords":["BDZ"],"articleSection":["Novi Pazar","Politika","Sjenica","Tutin","Prijepolje","Crna Gora","Priboj","Nova Varo\u0161","VIJESTI DANA"],"inLanguage":"bs-BA","potentialAction":[{"@type":"CommentAction","name":"Comment","target":["https:\/\/sandzakpress.net\/arhiva\/spp-poziva-opoziciju-da-podrzi-kalaca-na-predsjednickim-izborima-u-cg\/#respond"]}]},{"@type":"WebPage","@id":"https:\/\/sandzakpress.net\/arhiva\/spp-poziva-opoziciju-da-podrzi-kalaca-na-predsjednickim-izborima-u-cg\/","url":"https:\/\/sandzakpress.net\/arhiva\/spp-poziva-opoziciju-da-podrzi-kalaca-na-predsjednickim-izborima-u-cg\/","name":"SPP poziva opoziciju da podr\u017ei Kala\u010da na predsjedni\u010dkim izborima u CG","isPartOf":{"@id":"https:\/\/sandzakpress.net\/arhiva\/#website"},"primaryImageOfPage":{"@id":"https:\/\/sandzakpress.net\/arhiva\/spp-poziva-opoziciju-da-podrzi-kalaca-na-predsjednickim-izborima-u-cg\/#primaryimage"},"image":{"@id":"https:\/\/sandzakpress.net\/arhiva\/spp-poziva-opoziciju-da-podrzi-kalaca-na-predsjednickim-izborima-u-cg\/#primaryimage"},"thumbnailUrl":"https:\/\/sandzakpress.net\/arhiva\/wp-content\/uploads\/2018\/02\/27907458_1298076416960023_8893666961430869069_o.jpg","datePublished":"2018-02-10T09:07:24+00:00","breadcrumb":{"@id":"https:\/\/sandzakpress.net\/arhiva\/spp-poziva-opoziciju-da-podrzi-kalaca-na-predsjednickim-izborima-u-cg\/#breadcrumb"},"inLanguage":"bs-BA","potentialAction":[{"@type":"ReadAction","target":["https:\/\/sandzakpress.net\/arhiva\/spp-poziva-opoziciju-da-podrzi-kalaca-na-predsjednickim-izborima-u-cg\/"]}]},{"@type":"ImageObject","inLanguage":"bs-BA","@id":"https:\/\/sandzakpress.net\/arhiva\/spp-poziva-opoziciju-da-podrzi-kalaca-na-predsjednickim-izborima-u-cg\/#primaryimage","url":"https:\/\/sandzakpress.net\/arhiva\/wp-content\/uploads\/2018\/02\/27907458_1298076416960023_8893666961430869069_o.jpg","contentUrl":"https:\/\/sandzakpress.net\/arhiva\/wp-content\/uploads\/2018\/02\/27907458_1298076416960023_8893666961430869069_o.jpg","width":997,"height":665},{"@type":"BreadcrumbList","@id":"https:\/\/sandzakpress.net\/arhiva\/spp-poziva-opoziciju-da-podrzi-kalaca-na-predsjednickim-izborima-u-cg\/#breadcrumb","itemListElement":[{"@type":"ListItem","position":1,"name":"Home","item":"https:\/\/sandzakpress.net\/arhiva\/"},{"@type":"ListItem","position":2,"name":"SPP poziva opoziciju da podr\u017ei Kala\u010da na predsjedni\u010dkim izborima u CG"}]},{"@type":"WebSite","@id":"https:\/\/sandzakpress.net\/arhiva\/#website","url":"https:\/\/sandzakpress.net\/arhiva\/","name":"Sand\u017eak PRESS","description":"Prve elektronske novine u Sand\u017eaku","publisher":{"@id":"https:\/\/sandzakpress.net\/arhiva\/#\/schema\/person\/6e72b67d6e51910a1117b3b483ba20bd"},"potentialAction":[{"@type":"SearchAction","target":{"@type":"EntryPoint","urlTemplate":"https:\/\/sandzakpress.net\/arhiva\/?s={search_term_string}"},"query-input":{"@type":"PropertyValueSpecification","valueRequired":true,"valueName":"search_term_string"}}],"inLanguage":"bs-BA"},{"@type":["Person","Organization"],"@id":"https:\/\/sandzakpress.net\/arhiva\/#\/schema\/person\/6e72b67d6e51910a1117b3b483ba20bd","name":"Kul","image":{"@type":"ImageObject","inLanguage":"bs-BA","@id":"https:\/\/sandzakpress.net\/arhiva\/#\/schema\/person\/image\/","url":"https:\/\/secure.gravatar.com\/avatar\/42263f39aa27ac04c43cab85c280eb2e?s=96&d=mm&r=pg","contentUrl":"https:\/\/secure.gravatar.com\/avatar\/42263f39aa27ac04c43cab85c280eb2e?s=96&d=mm&r=pg","caption":"Kul"},"logo":{"@id":"https:\/\/sandzakpress.net\/arhiva\/#\/schema\/person\/image\/"}},{"@type":"Person","@id":"https:\/\/sandzakpress.net\/arhiva\/#\/schema\/person\/cb59d7e3ab91ab90dd680ad0305a6185","name":"Agencija","image":{"@type":"ImageObject","inLanguage":"bs-BA","@id":"https:\/\/sandzakpress.net\/arhiva\/#\/schema\/person\/image\/","url":"https:\/\/secure.gravatar.com\/avatar\/4b7fafa80a22f0c2afe23966b3961fe0?s=96&d=mm&r=pg","contentUrl":"https:\/\/secure.gravatar.com\/avatar\/4b7fafa80a22f0c2afe23966b3961fe0?s=96&d=mm&r=pg","caption":"Agencija"},"url":"https:\/\/sandzakpress.net\/arhiva\/author\/agencija\/"}]}},"_links":{"self":[{"href":"https:\/\/sandzakpress.net\/arhiva\/wp-json\/wp\/v2\/posts\/202406"}],"collection":[{"href":"https:\/\/sandzakpress.net\/arhiva\/wp-json\/wp\/v2\/posts"}],"about":[{"href":"https:\/\/sandzakpress.net\/arhiva\/wp-json\/wp\/v2\/types\/post"}],"author":[{"embeddable":true,"href":"https:\/\/sandzakpress.net\/arhiva\/wp-json\/wp\/v2\/users\/509"}],"replies":[{"embeddable":true,"href":"https:\/\/sandzakpress.net\/arhiva\/wp-json\/wp\/v2\/comments?post=202406"}],"version-history":[{"count":0,"href":"https:\/\/sandzakpress.net\/arhiva\/wp-json\/wp\/v2\/posts\/202406\/revisions"}],"wp:featuredmedia":[{"embeddable":true,"href":"https:\/\/sandzakpress.net\/arhiva\/wp-json\/wp\/v2\/media\/202407"}],"wp:attachment":[{"href":"https:\/\/sandzakpress.net\/arhiva\/wp-json\/wp\/v2\/media?parent=202406"}],"wp:term":[{"taxonomy":"category","embeddable":true,"href":"https:\/\/sandzakpress.net\/arhiva\/wp-json\/wp\/v2\/categories?post=202406"},{"taxonomy":"post_tag","embeddable":true,"href":"https:\/\/sandzakpress.net\/arhiva\/wp-json\/wp\/v2\/tags?post=202406"}],"curies":[{"name":"wp","href":"https:\/\/api.w.org\/{rel}","templated":true}]}}