{"id":202226,"date":"2018-02-06T12:48:17","date_gmt":"2018-02-06T11:48:17","guid":{"rendered":"https:\/\/sandzakpress.net\/arhiva\/?p=202226"},"modified":"2018-02-06T23:33:12","modified_gmt":"2018-02-06T22:33:12","slug":"sin-mirsada-derleka-dolazi-na-mjesto-pomocnika-gradonacelnika-novog-pazara","status":"publish","type":"post","link":"https:\/\/sandzakpress.net\/arhiva\/sin-mirsada-derleka-dolazi-na-mjesto-pomocnika-gradonacelnika-novog-pazara\/","title":{"rendered":"Sin Mirsada \u0110erleka dolazi na mjesto pomo\u0107nika gradona\u010delnika Novog Pazara"},"content":{"rendered":"<p><strong><img decoding=\"async\" src=\"http:\/\/www.sandzacke.rs\/wp-content\/uploads\/2018\/02\/mirsad-i-sin-696x469.jpg\" \/><\/strong><\/p>\n<p><strong>Ermin \u0110erlek sin Mirsada \u0110erleka dolazi na mjesto pomo\u0107nika\u00a0 gradona\u010delnika zadu\u017een za oblasti\u00a0 za\u0161tite \u017eivotne sredine.<\/strong><\/p>\n<p>Predsjednik Sand\u017ea\u010dke narodne partije Mirsad \u0110erlek potvrdio je ovu informaciju.<\/p>\n<p>\u201cTa\u010dno je da \u0107e moj sin biti pomo\u0107nik gradona\u010delnika zadu\u017een za oblasti za\u0161tite \u017eivotne sredine. Njegovo radno mjesto \u0107e biti na 30% norme\u201d, rekao je \u0110erlek.<\/p>\n<p>Ermin \u0110erlek ima 23 godine i student je stomatologije. Do sada je ovu funkciju obavljao ,tako\u0111er kadar SNP-a Edib \u0110erlek koji \u0107e sada obavljati funkciju\u00a0 pomo\u0107nika\u00a0 gradona\u010delnika zadu\u017een za oblasti\u00a0energetike.<\/p>\n<p>Izvor: A1<\/p>\n<p>&nbsp;<\/p>\n","protected":false},"excerpt":{"rendered":"<p>Ermin \u0110erlek sin Mirsada \u0110erleka dolazi na mjesto pomo\u0107nika\u00a0 gradona\u010delnika zadu\u017een za oblasti\u00a0 za\u0161tite \u017eivotne sredine. Predsjednik Sand\u017ea\u010dke narodne partije Mirsad \u0110erlek potvrdio je ovu informaciju. \u201cTa\u010dno je da \u0107e moj sin biti pomo\u0107nik gradona\u010delnika zadu\u017een za oblasti za\u0161tite \u017eivotne sredine. Njegovo radno mjesto \u0107e biti na 30% norme\u201d, rekao je \u0110erlek. Ermin \u0110erlek ima [&hellip;]<\/p>\n","protected":false},"author":509,"featured_media":202250,"comment_status":"open","ping_status":"open","sticky":false,"template":"","format":"standard","meta":{"footnotes":""},"categories":[72,1,8957],"tags":[],"class_list":{"0":"post-202226","1":"post","2":"type-post","3":"status-publish","4":"format-standard","5":"has-post-thumbnail","7":"category-novi-pazar","8":"category-politika","9":"category-vijesti-dana"},"yoast_head":"<!-- This site is optimized with the Yoast SEO Premium plugin v23.1 (Yoast SEO v24.9) - https:\/\/yoast.com\/wordpress\/plugins\/seo\/ -->\n<title>Sin Mirsada \u0110erleka dolazi na mjesto pomo\u0107nika gradona\u010delnika Novog Pazara<\/title>\n<meta name=\"robots\" content=\"index, follow, max-snippet:-1, max-image-preview:large, max-video-preview:-1\" \/>\n<link rel=\"canonical\" href=\"https:\/\/sandzakpress.net\/arhiva\/sin-mirsada-derleka-dolazi-na-mjesto-pomocnika-gradonacelnika-novog-pazara\/\" \/>\n<meta property=\"og:locale\" content=\"bs_BA\" \/>\n<meta property=\"og:type\" content=\"article\" \/>\n<meta property=\"og:title\" content=\"Sin Mirsada \u0110erleka dolazi na mjesto pomo\u0107nika gradona\u010delnika Novog Pazara\" \/>\n<meta property=\"og:description\" content=\"Ermin \u0110erlek sin Mirsada \u0110erleka dolazi na mjesto pomo\u0107nika\u00a0 gradona\u010delnika zadu\u017een za oblasti\u00a0 za\u0161tite \u017eivotne sredine. Predsjednik Sand\u017ea\u010dke narodne partije Mirsad \u0110erlek potvrdio je ovu informaciju. \u201cTa\u010dno je da \u0107e moj sin biti pomo\u0107nik gradona\u010delnika zadu\u017een za oblasti za\u0161tite \u017eivotne sredine. Njegovo radno mjesto \u0107e biti na 30% norme\u201d, rekao je \u0110erlek. Ermin \u0110erlek ima [&hellip;]\" \/>\n<meta property=\"og:url\" content=\"https:\/\/sandzakpress.net\/arhiva\/sin-mirsada-derleka-dolazi-na-mjesto-pomocnika-gradonacelnika-novog-pazara\/\" \/>\n<meta property=\"og:site_name\" content=\"Sand\u017eak PRESS\" \/>\n<meta property=\"article:published_time\" content=\"2018-02-06T11:48:17+00:00\" \/>\n<meta property=\"article:modified_time\" content=\"2018-02-06T22:33:12+00:00\" \/>\n<meta property=\"og:image\" content=\"https:\/\/sandzakpress.net\/arhiva\/wp-content\/uploads\/2018\/02\/mirsad-i-sin-696x469.jpg\" \/>\n\t<meta property=\"og:image:width\" content=\"696\" \/>\n\t<meta property=\"og:image:height\" content=\"469\" \/>\n\t<meta property=\"og:image:type\" content=\"image\/jpeg\" \/>\n<meta name=\"author\" content=\"Agencija\" \/>\n<meta name=\"twitter:card\" content=\"summary_large_image\" \/>\n<meta name=\"twitter:label1\" content=\"Written by\" \/>\n\t<meta name=\"twitter:data1\" content=\"Agencija\" \/>\n<script type=\"application\/ld+json\" class=\"yoast-schema-graph\">{\"@context\":\"https:\/\/schema.org\",\"@graph\":[{\"@type\":\"Article\",\"@id\":\"https:\/\/sandzakpress.net\/arhiva\/sin-mirsada-derleka-dolazi-na-mjesto-pomocnika-gradonacelnika-novog-pazara\/#article\",\"isPartOf\":{\"@id\":\"https:\/\/sandzakpress.net\/arhiva\/sin-mirsada-derleka-dolazi-na-mjesto-pomocnika-gradonacelnika-novog-pazara\/\"},\"author\":{\"name\":\"Agencija\",\"@id\":\"https:\/\/sandzakpress.net\/arhiva\/#\/schema\/person\/cb59d7e3ab91ab90dd680ad0305a6185\"},\"headline\":\"Sin Mirsada \u0110erleka dolazi na mjesto pomo\u0107nika gradona\u010delnika Novog Pazara\",\"datePublished\":\"2018-02-06T11:48:17+00:00\",\"dateModified\":\"2018-02-06T22:33:12+00:00\",\"mainEntityOfPage\":{\"@id\":\"https:\/\/sandzakpress.net\/arhiva\/sin-mirsada-derleka-dolazi-na-mjesto-pomocnika-gradonacelnika-novog-pazara\/\"},\"wordCount\":111,\"commentCount\":22,\"publisher\":{\"@id\":\"https:\/\/sandzakpress.net\/arhiva\/#\/schema\/person\/6e72b67d6e51910a1117b3b483ba20bd\"},\"image\":{\"@id\":\"https:\/\/sandzakpress.net\/arhiva\/sin-mirsada-derleka-dolazi-na-mjesto-pomocnika-gradonacelnika-novog-pazara\/#primaryimage\"},\"thumbnailUrl\":\"https:\/\/sandzakpress.net\/arhiva\/wp-content\/uploads\/2018\/02\/mirsad-i-sin-696x469.jpg\",\"articleSection\":[\"Novi Pazar\",\"Politika\",\"VIJESTI DANA\"],\"inLanguage\":\"bs-BA\",\"potentialAction\":[{\"@type\":\"CommentAction\",\"name\":\"Comment\",\"target\":[\"https:\/\/sandzakpress.net\/arhiva\/sin-mirsada-derleka-dolazi-na-mjesto-pomocnika-gradonacelnika-novog-pazara\/#respond\"]}]},{\"@type\":\"WebPage\",\"@id\":\"https:\/\/sandzakpress.net\/arhiva\/sin-mirsada-derleka-dolazi-na-mjesto-pomocnika-gradonacelnika-novog-pazara\/\",\"url\":\"https:\/\/sandzakpress.net\/arhiva\/sin-mirsada-derleka-dolazi-na-mjesto-pomocnika-gradonacelnika-novog-pazara\/\",\"name\":\"Sin Mirsada \u0110erleka dolazi na mjesto pomo\u0107nika gradona\u010delnika Novog Pazara\",\"isPartOf\":{\"@id\":\"https:\/\/sandzakpress.net\/arhiva\/#website\"},\"primaryImageOfPage\":{\"@id\":\"https:\/\/sandzakpress.net\/arhiva\/sin-mirsada-derleka-dolazi-na-mjesto-pomocnika-gradonacelnika-novog-pazara\/#primaryimage\"},\"image\":{\"@id\":\"https:\/\/sandzakpress.net\/arhiva\/sin-mirsada-derleka-dolazi-na-mjesto-pomocnika-gradonacelnika-novog-pazara\/#primaryimage\"},\"thumbnailUrl\":\"https:\/\/sandzakpress.net\/arhiva\/wp-content\/uploads\/2018\/02\/mirsad-i-sin-696x469.jpg\",\"datePublished\":\"2018-02-06T11:48:17+00:00\",\"dateModified\":\"2018-02-06T22:33:12+00:00\",\"breadcrumb\":{\"@id\":\"https:\/\/sandzakpress.net\/arhiva\/sin-mirsada-derleka-dolazi-na-mjesto-pomocnika-gradonacelnika-novog-pazara\/#breadcrumb\"},\"inLanguage\":\"bs-BA\",\"potentialAction\":[{\"@type\":\"ReadAction\",\"target\":[\"https:\/\/sandzakpress.net\/arhiva\/sin-mirsada-derleka-dolazi-na-mjesto-pomocnika-gradonacelnika-novog-pazara\/\"]}]},{\"@type\":\"ImageObject\",\"inLanguage\":\"bs-BA\",\"@id\":\"https:\/\/sandzakpress.net\/arhiva\/sin-mirsada-derleka-dolazi-na-mjesto-pomocnika-gradonacelnika-novog-pazara\/#primaryimage\",\"url\":\"https:\/\/sandzakpress.net\/arhiva\/wp-content\/uploads\/2018\/02\/mirsad-i-sin-696x469.jpg\",\"contentUrl\":\"https:\/\/sandzakpress.net\/arhiva\/wp-content\/uploads\/2018\/02\/mirsad-i-sin-696x469.jpg\",\"width\":696,\"height\":469},{\"@type\":\"BreadcrumbList\",\"@id\":\"https:\/\/sandzakpress.net\/arhiva\/sin-mirsada-derleka-dolazi-na-mjesto-pomocnika-gradonacelnika-novog-pazara\/#breadcrumb\",\"itemListElement\":[{\"@type\":\"ListItem\",\"position\":1,\"name\":\"Home\",\"item\":\"https:\/\/sandzakpress.net\/arhiva\/\"},{\"@type\":\"ListItem\",\"position\":2,\"name\":\"Sin Mirsada \u0110erleka dolazi na mjesto pomo\u0107nika gradona\u010delnika Novog Pazara\"}]},{\"@type\":\"WebSite\",\"@id\":\"https:\/\/sandzakpress.net\/arhiva\/#website\",\"url\":\"https:\/\/sandzakpress.net\/arhiva\/\",\"name\":\"Sand\u017eak PRESS\",\"description\":\"Prve elektronske novine u Sand\u017eaku\",\"publisher\":{\"@id\":\"https:\/\/sandzakpress.net\/arhiva\/#\/schema\/person\/6e72b67d6e51910a1117b3b483ba20bd\"},\"potentialAction\":[{\"@type\":\"SearchAction\",\"target\":{\"@type\":\"EntryPoint\",\"urlTemplate\":\"https:\/\/sandzakpress.net\/arhiva\/?s={search_term_string}\"},\"query-input\":{\"@type\":\"PropertyValueSpecification\",\"valueRequired\":true,\"valueName\":\"search_term_string\"}}],\"inLanguage\":\"bs-BA\"},{\"@type\":[\"Person\",\"Organization\"],\"@id\":\"https:\/\/sandzakpress.net\/arhiva\/#\/schema\/person\/6e72b67d6e51910a1117b3b483ba20bd\",\"name\":\"Kul\",\"image\":{\"@type\":\"ImageObject\",\"inLanguage\":\"bs-BA\",\"@id\":\"https:\/\/sandzakpress.net\/arhiva\/#\/schema\/person\/image\/\",\"url\":\"https:\/\/secure.gravatar.com\/avatar\/42263f39aa27ac04c43cab85c280eb2e?s=96&d=mm&r=pg\",\"contentUrl\":\"https:\/\/secure.gravatar.com\/avatar\/42263f39aa27ac04c43cab85c280eb2e?s=96&d=mm&r=pg\",\"caption\":\"Kul\"},\"logo\":{\"@id\":\"https:\/\/sandzakpress.net\/arhiva\/#\/schema\/person\/image\/\"}},{\"@type\":\"Person\",\"@id\":\"https:\/\/sandzakpress.net\/arhiva\/#\/schema\/person\/cb59d7e3ab91ab90dd680ad0305a6185\",\"name\":\"Agencija\",\"image\":{\"@type\":\"ImageObject\",\"inLanguage\":\"bs-BA\",\"@id\":\"https:\/\/sandzakpress.net\/arhiva\/#\/schema\/person\/image\/\",\"url\":\"https:\/\/secure.gravatar.com\/avatar\/4b7fafa80a22f0c2afe23966b3961fe0?s=96&d=mm&r=pg\",\"contentUrl\":\"https:\/\/secure.gravatar.com\/avatar\/4b7fafa80a22f0c2afe23966b3961fe0?s=96&d=mm&r=pg\",\"caption\":\"Agencija\"},\"url\":\"https:\/\/sandzakpress.net\/arhiva\/author\/agencija\/\"}]}<\/script>\n<!-- \/ Yoast SEO Premium plugin. -->","yoast_head_json":{"title":"Sin Mirsada \u0110erleka dolazi na mjesto pomo\u0107nika gradona\u010delnika Novog Pazara","robots":{"index":"index","follow":"follow","max-snippet":"max-snippet:-1","max-image-preview":"max-image-preview:large","max-video-preview":"max-video-preview:-1"},"canonical":"https:\/\/sandzakpress.net\/arhiva\/sin-mirsada-derleka-dolazi-na-mjesto-pomocnika-gradonacelnika-novog-pazara\/","og_locale":"bs_BA","og_type":"article","og_title":"Sin Mirsada \u0110erleka dolazi na mjesto pomo\u0107nika gradona\u010delnika Novog Pazara","og_description":"Ermin \u0110erlek sin Mirsada \u0110erleka dolazi na mjesto pomo\u0107nika\u00a0 gradona\u010delnika zadu\u017een za oblasti\u00a0 za\u0161tite \u017eivotne sredine. Predsjednik Sand\u017ea\u010dke narodne partije Mirsad \u0110erlek potvrdio je ovu informaciju. \u201cTa\u010dno je da \u0107e moj sin biti pomo\u0107nik gradona\u010delnika zadu\u017een za oblasti za\u0161tite \u017eivotne sredine. Njegovo radno mjesto \u0107e biti na 30% norme\u201d, rekao je \u0110erlek. Ermin \u0110erlek ima [&hellip;]","og_url":"https:\/\/sandzakpress.net\/arhiva\/sin-mirsada-derleka-dolazi-na-mjesto-pomocnika-gradonacelnika-novog-pazara\/","og_site_name":"Sand\u017eak PRESS","article_published_time":"2018-02-06T11:48:17+00:00","article_modified_time":"2018-02-06T22:33:12+00:00","og_image":[{"width":696,"height":469,"url":"https:\/\/sandzakpress.net\/arhiva\/wp-content\/uploads\/2018\/02\/mirsad-i-sin-696x469.jpg","type":"image\/jpeg"}],"author":"Agencija","twitter_card":"summary_large_image","twitter_misc":{"Written by":"Agencija"},"schema":{"@context":"https:\/\/schema.org","@graph":[{"@type":"Article","@id":"https:\/\/sandzakpress.net\/arhiva\/sin-mirsada-derleka-dolazi-na-mjesto-pomocnika-gradonacelnika-novog-pazara\/#article","isPartOf":{"@id":"https:\/\/sandzakpress.net\/arhiva\/sin-mirsada-derleka-dolazi-na-mjesto-pomocnika-gradonacelnika-novog-pazara\/"},"author":{"name":"Agencija","@id":"https:\/\/sandzakpress.net\/arhiva\/#\/schema\/person\/cb59d7e3ab91ab90dd680ad0305a6185"},"headline":"Sin Mirsada \u0110erleka dolazi na mjesto pomo\u0107nika gradona\u010delnika Novog Pazara","datePublished":"2018-02-06T11:48:17+00:00","dateModified":"2018-02-06T22:33:12+00:00","mainEntityOfPage":{"@id":"https:\/\/sandzakpress.net\/arhiva\/sin-mirsada-derleka-dolazi-na-mjesto-pomocnika-gradonacelnika-novog-pazara\/"},"wordCount":111,"commentCount":22,"publisher":{"@id":"https:\/\/sandzakpress.net\/arhiva\/#\/schema\/person\/6e72b67d6e51910a1117b3b483ba20bd"},"image":{"@id":"https:\/\/sandzakpress.net\/arhiva\/sin-mirsada-derleka-dolazi-na-mjesto-pomocnika-gradonacelnika-novog-pazara\/#primaryimage"},"thumbnailUrl":"https:\/\/sandzakpress.net\/arhiva\/wp-content\/uploads\/2018\/02\/mirsad-i-sin-696x469.jpg","articleSection":["Novi Pazar","Politika","VIJESTI DANA"],"inLanguage":"bs-BA","potentialAction":[{"@type":"CommentAction","name":"Comment","target":["https:\/\/sandzakpress.net\/arhiva\/sin-mirsada-derleka-dolazi-na-mjesto-pomocnika-gradonacelnika-novog-pazara\/#respond"]}]},{"@type":"WebPage","@id":"https:\/\/sandzakpress.net\/arhiva\/sin-mirsada-derleka-dolazi-na-mjesto-pomocnika-gradonacelnika-novog-pazara\/","url":"https:\/\/sandzakpress.net\/arhiva\/sin-mirsada-derleka-dolazi-na-mjesto-pomocnika-gradonacelnika-novog-pazara\/","name":"Sin Mirsada \u0110erleka dolazi na mjesto pomo\u0107nika gradona\u010delnika Novog Pazara","isPartOf":{"@id":"https:\/\/sandzakpress.net\/arhiva\/#website"},"primaryImageOfPage":{"@id":"https:\/\/sandzakpress.net\/arhiva\/sin-mirsada-derleka-dolazi-na-mjesto-pomocnika-gradonacelnika-novog-pazara\/#primaryimage"},"image":{"@id":"https:\/\/sandzakpress.net\/arhiva\/sin-mirsada-derleka-dolazi-na-mjesto-pomocnika-gradonacelnika-novog-pazara\/#primaryimage"},"thumbnailUrl":"https:\/\/sandzakpress.net\/arhiva\/wp-content\/uploads\/2018\/02\/mirsad-i-sin-696x469.jpg","datePublished":"2018-02-06T11:48:17+00:00","dateModified":"2018-02-06T22:33:12+00:00","breadcrumb":{"@id":"https:\/\/sandzakpress.net\/arhiva\/sin-mirsada-derleka-dolazi-na-mjesto-pomocnika-gradonacelnika-novog-pazara\/#breadcrumb"},"inLanguage":"bs-BA","potentialAction":[{"@type":"ReadAction","target":["https:\/\/sandzakpress.net\/arhiva\/sin-mirsada-derleka-dolazi-na-mjesto-pomocnika-gradonacelnika-novog-pazara\/"]}]},{"@type":"ImageObject","inLanguage":"bs-BA","@id":"https:\/\/sandzakpress.net\/arhiva\/sin-mirsada-derleka-dolazi-na-mjesto-pomocnika-gradonacelnika-novog-pazara\/#primaryimage","url":"https:\/\/sandzakpress.net\/arhiva\/wp-content\/uploads\/2018\/02\/mirsad-i-sin-696x469.jpg","contentUrl":"https:\/\/sandzakpress.net\/arhiva\/wp-content\/uploads\/2018\/02\/mirsad-i-sin-696x469.jpg","width":696,"height":469},{"@type":"BreadcrumbList","@id":"https:\/\/sandzakpress.net\/arhiva\/sin-mirsada-derleka-dolazi-na-mjesto-pomocnika-gradonacelnika-novog-pazara\/#breadcrumb","itemListElement":[{"@type":"ListItem","position":1,"name":"Home","item":"https:\/\/sandzakpress.net\/arhiva\/"},{"@type":"ListItem","position":2,"name":"Sin Mirsada \u0110erleka dolazi na mjesto pomo\u0107nika gradona\u010delnika Novog Pazara"}]},{"@type":"WebSite","@id":"https:\/\/sandzakpress.net\/arhiva\/#website","url":"https:\/\/sandzakpress.net\/arhiva\/","name":"Sand\u017eak PRESS","description":"Prve elektronske novine u Sand\u017eaku","publisher":{"@id":"https:\/\/sandzakpress.net\/arhiva\/#\/schema\/person\/6e72b67d6e51910a1117b3b483ba20bd"},"potentialAction":[{"@type":"SearchAction","target":{"@type":"EntryPoint","urlTemplate":"https:\/\/sandzakpress.net\/arhiva\/?s={search_term_string}"},"query-input":{"@type":"PropertyValueSpecification","valueRequired":true,"valueName":"search_term_string"}}],"inLanguage":"bs-BA"},{"@type":["Person","Organization"],"@id":"https:\/\/sandzakpress.net\/arhiva\/#\/schema\/person\/6e72b67d6e51910a1117b3b483ba20bd","name":"Kul","image":{"@type":"ImageObject","inLanguage":"bs-BA","@id":"https:\/\/sandzakpress.net\/arhiva\/#\/schema\/person\/image\/","url":"https:\/\/secure.gravatar.com\/avatar\/42263f39aa27ac04c43cab85c280eb2e?s=96&d=mm&r=pg","contentUrl":"https:\/\/secure.gravatar.com\/avatar\/42263f39aa27ac04c43cab85c280eb2e?s=96&d=mm&r=pg","caption":"Kul"},"logo":{"@id":"https:\/\/sandzakpress.net\/arhiva\/#\/schema\/person\/image\/"}},{"@type":"Person","@id":"https:\/\/sandzakpress.net\/arhiva\/#\/schema\/person\/cb59d7e3ab91ab90dd680ad0305a6185","name":"Agencija","image":{"@type":"ImageObject","inLanguage":"bs-BA","@id":"https:\/\/sandzakpress.net\/arhiva\/#\/schema\/person\/image\/","url":"https:\/\/secure.gravatar.com\/avatar\/4b7fafa80a22f0c2afe23966b3961fe0?s=96&d=mm&r=pg","contentUrl":"https:\/\/secure.gravatar.com\/avatar\/4b7fafa80a22f0c2afe23966b3961fe0?s=96&d=mm&r=pg","caption":"Agencija"},"url":"https:\/\/sandzakpress.net\/arhiva\/author\/agencija\/"}]}},"_links":{"self":[{"href":"https:\/\/sandzakpress.net\/arhiva\/wp-json\/wp\/v2\/posts\/202226"}],"collection":[{"href":"https:\/\/sandzakpress.net\/arhiva\/wp-json\/wp\/v2\/posts"}],"about":[{"href":"https:\/\/sandzakpress.net\/arhiva\/wp-json\/wp\/v2\/types\/post"}],"author":[{"embeddable":true,"href":"https:\/\/sandzakpress.net\/arhiva\/wp-json\/wp\/v2\/users\/509"}],"replies":[{"embeddable":true,"href":"https:\/\/sandzakpress.net\/arhiva\/wp-json\/wp\/v2\/comments?post=202226"}],"version-history":[{"count":0,"href":"https:\/\/sandzakpress.net\/arhiva\/wp-json\/wp\/v2\/posts\/202226\/revisions"}],"wp:featuredmedia":[{"embeddable":true,"href":"https:\/\/sandzakpress.net\/arhiva\/wp-json\/wp\/v2\/media\/202250"}],"wp:attachment":[{"href":"https:\/\/sandzakpress.net\/arhiva\/wp-json\/wp\/v2\/media?parent=202226"}],"wp:term":[{"taxonomy":"category","embeddable":true,"href":"https:\/\/sandzakpress.net\/arhiva\/wp-json\/wp\/v2\/categories?post=202226"},{"taxonomy":"post_tag","embeddable":true,"href":"https:\/\/sandzakpress.net\/arhiva\/wp-json\/wp\/v2\/tags?post=202226"}],"curies":[{"name":"wp","href":"https:\/\/api.w.org\/{rel}","templated":true}]}}