{"id":202132,"date":"2018-02-03T15:02:56","date_gmt":"2018-02-03T14:02:56","guid":{"rendered":"https:\/\/sandzakpress.net\/arhiva\/?p=202132"},"modified":"2018-02-03T22:37:37","modified_gmt":"2018-02-03T21:37:37","slug":"dobijanje-njemacke-radne-vize-sada-pojednostavljeno","status":"publish","type":"post","link":"https:\/\/sandzakpress.net\/arhiva\/dobijanje-njemacke-radne-vize-sada-pojednostavljeno\/","title":{"rendered":"Dobijanje njema\u010dke radne vize sada pojednostavljeno"},"content":{"rendered":"<p><img loading=\"lazy\" decoding=\"async\" class=\"aligncenter\" src=\"http:\/\/sanapress.info\/wp-content\/uploads\/2018\/02\/viza.jpg\" width=\"623\" height=\"495\" \/><\/p>\n<p><strong>Kada je 1. januara 2016. godine regulativ o Zapadnom Balkanu stupio na snagu, uveden je dvostepeni postupak: potencijalni zapo\u0161ljeni su morali da u njema\u010dkom predstavni\u0161tvu u svojoj zemlji podnesu zahtjev za vizu. A potencijalni poslodavci u Njema\u010dkoj su morali da od biroa rada dobiju preliminarnu dozvolu o zapo\u0161ljavanju doti\u010dnog radnika.<\/strong><\/p>\n<p>Taj postupak je trajao mjesecima \u2013 \u0161to, naravno, nije odgovaralo ni poslodavcima ni kandidatima koji su htjeli \u0161to prije da po\u010dnu s radom. Zato je po\u010detkom novembra pro\u0161le godine ta procedura izmijenjena, pi\u0161e \u201cDoj\u010de vele\u201d (DW).<\/p>\n<p>Preliminarna saglasnost biroa za rad vi\u0161e nije potrebna. Sada je dovoljno da kandidat zahtjev za vizu, zajedno sa svim potrebnim dokumentima, pa i potvrdom poslodavca, podnese u njema\u010dkom predstavni\u0161tvu u svojoj zemlji<\/p>\n<p>Kada se dokumenta predaju, njema\u010dka ambasada i njema\u010dke vlasti ih podvrgavaju provjeri. Ako su ispunjeni svi uslovi, izdaje se viza. U provjeri u\u010destvuju Ministarstvo unutra\u0161njih poslova i Ministarstvo za rad i socijalna pitanja.<\/p>\n<p>Lokalne agencije za rad \u0107e donositi odluke u roku od 14 dana. Sve drugo je problem odjeljenja za vize pri njema\u010dkim ambasadama u zemljama porijekla. Tamo \u0107e obrada zahtjeva \u201czavisiti od okolnosti koje prate svaki pojedina\u010dni slu\u010daj\u201d. Uslovi za izdavanje vize ostaju isti.<\/p>\n<p>U okviru regulativa o Zapadnom Balkanu, njema\u010dke ambasade su 2017. godine u zemljama Zapadnog Balkana izdale 25.431 vizu onima koji su dobili posao u Njema\u010dkoj. Najvi\u0161e radnih dozvola je izdato u gra\u0111evinskoj bran\u0161i, na drugom mjestu je ugostiteljstvo. \u010cesto se izdaju i vize onima koji se zapo\u0161ljavaju kao higijeni\u010dari, negovatelji starih osoba i ba\u0161tovani.<\/p>\n<p>U polovini slu\u010dajeva se radilo o nekvalifikovanim radnicima. Ne\u0161to manje od polovine je imalo potvrde o dvogodi\u0161njem stru\u010dnom \u0161kolovanju. A akademski gra\u0111ani i drugi specijalisti 3,4 odsto \u010dine manjinu.<\/p>\n<p>Radna viza traje koliko i samo zapo\u0161ljenje. Dozvola boravka je najprije ograni\u010dena na godinu dana \u2013 koliko najmanje mora da va\u017ei i radni ugovor. Bra\u010dni partner i djeca zapo\u0161ljenog mogu da mu se pridru\u017ee u Njema\u010dkoj bez problema ako njihova egzistencija mo\u017ee da se obezbijedi bez primanja dr\u017eavne pomo\u0107i. Dozvola boravka za bra\u010dnog partnera uvijek va\u017ei koliko i ona za samog zapo\u0161ljenog.<\/p>\n<p>Predvi\u0111eno je da se oni kojima istekne ugovor ili izgube posao vrate ku\u0107i, u svoju domovinu. Ali, oni koji za vrijeme boravka u Njema\u010dkoj pla\u0107aju doprinose za socijalno osiguranje, imaju pravo na novac za slu\u010daj nezapo\u0161ljenosti, zdravstveno osiguranje i penziju.<\/p>\n<p>SANA\u00a0<\/p>\n","protected":false},"excerpt":{"rendered":"<p>Kada je 1. januara 2016. godine regulativ o Zapadnom Balkanu stupio na snagu, uveden je dvostepeni postupak: potencijalni zapo\u0161ljeni su morali da u njema\u010dkom predstavni\u0161tvu u svojoj zemlji podnesu zahtjev za vizu. A potencijalni poslodavci u Njema\u010dkoj su morali da od biroa rada dobiju preliminarnu dozvolu o zapo\u0161ljavanju doti\u010dnog radnika. Taj postupak je trajao mjesecima [&hellip;]<\/p>\n","protected":false},"author":509,"featured_media":202143,"comment_status":"open","ping_status":"open","sticky":false,"template":"","format":"standard","meta":{"footnotes":""},"categories":[72,9538,3,10429],"tags":[],"class_list":{"0":"post-202132","1":"post","2":"type-post","3":"status-publish","4":"format-standard","5":"has-post-thumbnail","7":"category-novi-pazar","8":"category-njemacka-dijaspora-gradovi-vase-vijesti","9":"category-privreda","10":"category-vazno"},"yoast_head":"<!-- This site is optimized with the Yoast SEO Premium plugin v23.1 (Yoast SEO v24.9) - https:\/\/yoast.com\/wordpress\/plugins\/seo\/ -->\n<title>Dobijanje njema\u010dke radne vize sada pojednostavljeno<\/title>\n<meta name=\"robots\" content=\"index, follow, max-snippet:-1, max-image-preview:large, max-video-preview:-1\" \/>\n<link rel=\"canonical\" href=\"https:\/\/sandzakpress.net\/arhiva\/dobijanje-njemacke-radne-vize-sada-pojednostavljeno\/\" \/>\n<meta property=\"og:locale\" content=\"bs_BA\" \/>\n<meta property=\"og:type\" content=\"article\" \/>\n<meta property=\"og:title\" content=\"Dobijanje njema\u010dke radne vize sada pojednostavljeno\" \/>\n<meta property=\"og:description\" content=\"Kada je 1. januara 2016. godine regulativ o Zapadnom Balkanu stupio na snagu, uveden je dvostepeni postupak: potencijalni zapo\u0161ljeni su morali da u njema\u010dkom predstavni\u0161tvu u svojoj zemlji podnesu zahtjev za vizu. A potencijalni poslodavci u Njema\u010dkoj su morali da od biroa rada dobiju preliminarnu dozvolu o zapo\u0161ljavanju doti\u010dnog radnika. Taj postupak je trajao mjesecima [&hellip;]\" \/>\n<meta property=\"og:url\" content=\"https:\/\/sandzakpress.net\/arhiva\/dobijanje-njemacke-radne-vize-sada-pojednostavljeno\/\" \/>\n<meta property=\"og:site_name\" content=\"Sand\u017eak PRESS\" \/>\n<meta property=\"article:published_time\" content=\"2018-02-03T14:02:56+00:00\" \/>\n<meta property=\"article:modified_time\" content=\"2018-02-03T21:37:37+00:00\" \/>\n<meta property=\"og:image\" content=\"https:\/\/sandzakpress.net\/arhiva\/wp-content\/uploads\/2018\/02\/viza.jpg\" \/>\n\t<meta property=\"og:image:width\" content=\"253\" \/>\n\t<meta property=\"og:image:height\" content=\"161\" \/>\n\t<meta property=\"og:image:type\" content=\"image\/jpeg\" \/>\n<meta name=\"author\" content=\"Agencija\" \/>\n<meta name=\"twitter:card\" content=\"summary_large_image\" \/>\n<meta name=\"twitter:label1\" content=\"Written by\" \/>\n\t<meta name=\"twitter:data1\" content=\"Agencija\" \/>\n\t<meta name=\"twitter:label2\" content=\"Est. reading time\" \/>\n\t<meta name=\"twitter:data2\" content=\"2 minute\" \/>\n<script type=\"application\/ld+json\" class=\"yoast-schema-graph\">{\"@context\":\"https:\/\/schema.org\",\"@graph\":[{\"@type\":\"Article\",\"@id\":\"https:\/\/sandzakpress.net\/arhiva\/dobijanje-njemacke-radne-vize-sada-pojednostavljeno\/#article\",\"isPartOf\":{\"@id\":\"https:\/\/sandzakpress.net\/arhiva\/dobijanje-njemacke-radne-vize-sada-pojednostavljeno\/\"},\"author\":{\"name\":\"Agencija\",\"@id\":\"https:\/\/sandzakpress.net\/arhiva\/#\/schema\/person\/cb59d7e3ab91ab90dd680ad0305a6185\"},\"headline\":\"Dobijanje njema\u010dke radne vize sada pojednostavljeno\",\"datePublished\":\"2018-02-03T14:02:56+00:00\",\"dateModified\":\"2018-02-03T21:37:37+00:00\",\"mainEntityOfPage\":{\"@id\":\"https:\/\/sandzakpress.net\/arhiva\/dobijanje-njemacke-radne-vize-sada-pojednostavljeno\/\"},\"wordCount\":432,\"commentCount\":2,\"publisher\":{\"@id\":\"https:\/\/sandzakpress.net\/arhiva\/#\/schema\/person\/6e72b67d6e51910a1117b3b483ba20bd\"},\"image\":{\"@id\":\"https:\/\/sandzakpress.net\/arhiva\/dobijanje-njemacke-radne-vize-sada-pojednostavljeno\/#primaryimage\"},\"thumbnailUrl\":\"https:\/\/sandzakpress.net\/arhiva\/wp-content\/uploads\/2018\/02\/viza.jpg\",\"articleSection\":[\"Novi Pazar\",\"Njema\u010dka\",\"Privreda\",\"VA\u017dNO!\"],\"inLanguage\":\"bs-BA\",\"potentialAction\":[{\"@type\":\"CommentAction\",\"name\":\"Comment\",\"target\":[\"https:\/\/sandzakpress.net\/arhiva\/dobijanje-njemacke-radne-vize-sada-pojednostavljeno\/#respond\"]}]},{\"@type\":\"WebPage\",\"@id\":\"https:\/\/sandzakpress.net\/arhiva\/dobijanje-njemacke-radne-vize-sada-pojednostavljeno\/\",\"url\":\"https:\/\/sandzakpress.net\/arhiva\/dobijanje-njemacke-radne-vize-sada-pojednostavljeno\/\",\"name\":\"Dobijanje njema\u010dke radne vize sada pojednostavljeno\",\"isPartOf\":{\"@id\":\"https:\/\/sandzakpress.net\/arhiva\/#website\"},\"primaryImageOfPage\":{\"@id\":\"https:\/\/sandzakpress.net\/arhiva\/dobijanje-njemacke-radne-vize-sada-pojednostavljeno\/#primaryimage\"},\"image\":{\"@id\":\"https:\/\/sandzakpress.net\/arhiva\/dobijanje-njemacke-radne-vize-sada-pojednostavljeno\/#primaryimage\"},\"thumbnailUrl\":\"https:\/\/sandzakpress.net\/arhiva\/wp-content\/uploads\/2018\/02\/viza.jpg\",\"datePublished\":\"2018-02-03T14:02:56+00:00\",\"dateModified\":\"2018-02-03T21:37:37+00:00\",\"breadcrumb\":{\"@id\":\"https:\/\/sandzakpress.net\/arhiva\/dobijanje-njemacke-radne-vize-sada-pojednostavljeno\/#breadcrumb\"},\"inLanguage\":\"bs-BA\",\"potentialAction\":[{\"@type\":\"ReadAction\",\"target\":[\"https:\/\/sandzakpress.net\/arhiva\/dobijanje-njemacke-radne-vize-sada-pojednostavljeno\/\"]}]},{\"@type\":\"ImageObject\",\"inLanguage\":\"bs-BA\",\"@id\":\"https:\/\/sandzakpress.net\/arhiva\/dobijanje-njemacke-radne-vize-sada-pojednostavljeno\/#primaryimage\",\"url\":\"https:\/\/sandzakpress.net\/arhiva\/wp-content\/uploads\/2018\/02\/viza.jpg\",\"contentUrl\":\"https:\/\/sandzakpress.net\/arhiva\/wp-content\/uploads\/2018\/02\/viza.jpg\",\"width\":253,\"height\":161},{\"@type\":\"BreadcrumbList\",\"@id\":\"https:\/\/sandzakpress.net\/arhiva\/dobijanje-njemacke-radne-vize-sada-pojednostavljeno\/#breadcrumb\",\"itemListElement\":[{\"@type\":\"ListItem\",\"position\":1,\"name\":\"Home\",\"item\":\"https:\/\/sandzakpress.net\/arhiva\/\"},{\"@type\":\"ListItem\",\"position\":2,\"name\":\"Dobijanje njema\u010dke radne vize sada pojednostavljeno\"}]},{\"@type\":\"WebSite\",\"@id\":\"https:\/\/sandzakpress.net\/arhiva\/#website\",\"url\":\"https:\/\/sandzakpress.net\/arhiva\/\",\"name\":\"Sand\u017eak PRESS\",\"description\":\"Prve elektronske novine u Sand\u017eaku\",\"publisher\":{\"@id\":\"https:\/\/sandzakpress.net\/arhiva\/#\/schema\/person\/6e72b67d6e51910a1117b3b483ba20bd\"},\"potentialAction\":[{\"@type\":\"SearchAction\",\"target\":{\"@type\":\"EntryPoint\",\"urlTemplate\":\"https:\/\/sandzakpress.net\/arhiva\/?s={search_term_string}\"},\"query-input\":{\"@type\":\"PropertyValueSpecification\",\"valueRequired\":true,\"valueName\":\"search_term_string\"}}],\"inLanguage\":\"bs-BA\"},{\"@type\":[\"Person\",\"Organization\"],\"@id\":\"https:\/\/sandzakpress.net\/arhiva\/#\/schema\/person\/6e72b67d6e51910a1117b3b483ba20bd\",\"name\":\"Kul\",\"image\":{\"@type\":\"ImageObject\",\"inLanguage\":\"bs-BA\",\"@id\":\"https:\/\/sandzakpress.net\/arhiva\/#\/schema\/person\/image\/\",\"url\":\"https:\/\/secure.gravatar.com\/avatar\/42263f39aa27ac04c43cab85c280eb2e?s=96&d=mm&r=pg\",\"contentUrl\":\"https:\/\/secure.gravatar.com\/avatar\/42263f39aa27ac04c43cab85c280eb2e?s=96&d=mm&r=pg\",\"caption\":\"Kul\"},\"logo\":{\"@id\":\"https:\/\/sandzakpress.net\/arhiva\/#\/schema\/person\/image\/\"}},{\"@type\":\"Person\",\"@id\":\"https:\/\/sandzakpress.net\/arhiva\/#\/schema\/person\/cb59d7e3ab91ab90dd680ad0305a6185\",\"name\":\"Agencija\",\"image\":{\"@type\":\"ImageObject\",\"inLanguage\":\"bs-BA\",\"@id\":\"https:\/\/sandzakpress.net\/arhiva\/#\/schema\/person\/image\/\",\"url\":\"https:\/\/secure.gravatar.com\/avatar\/4b7fafa80a22f0c2afe23966b3961fe0?s=96&d=mm&r=pg\",\"contentUrl\":\"https:\/\/secure.gravatar.com\/avatar\/4b7fafa80a22f0c2afe23966b3961fe0?s=96&d=mm&r=pg\",\"caption\":\"Agencija\"},\"url\":\"https:\/\/sandzakpress.net\/arhiva\/author\/agencija\/\"}]}<\/script>\n<!-- \/ Yoast SEO Premium plugin. -->","yoast_head_json":{"title":"Dobijanje njema\u010dke radne vize sada pojednostavljeno","robots":{"index":"index","follow":"follow","max-snippet":"max-snippet:-1","max-image-preview":"max-image-preview:large","max-video-preview":"max-video-preview:-1"},"canonical":"https:\/\/sandzakpress.net\/arhiva\/dobijanje-njemacke-radne-vize-sada-pojednostavljeno\/","og_locale":"bs_BA","og_type":"article","og_title":"Dobijanje njema\u010dke radne vize sada pojednostavljeno","og_description":"Kada je 1. januara 2016. godine regulativ o Zapadnom Balkanu stupio na snagu, uveden je dvostepeni postupak: potencijalni zapo\u0161ljeni su morali da u njema\u010dkom predstavni\u0161tvu u svojoj zemlji podnesu zahtjev za vizu. A potencijalni poslodavci u Njema\u010dkoj su morali da od biroa rada dobiju preliminarnu dozvolu o zapo\u0161ljavanju doti\u010dnog radnika. Taj postupak je trajao mjesecima [&hellip;]","og_url":"https:\/\/sandzakpress.net\/arhiva\/dobijanje-njemacke-radne-vize-sada-pojednostavljeno\/","og_site_name":"Sand\u017eak PRESS","article_published_time":"2018-02-03T14:02:56+00:00","article_modified_time":"2018-02-03T21:37:37+00:00","og_image":[{"width":253,"height":161,"url":"https:\/\/sandzakpress.net\/arhiva\/wp-content\/uploads\/2018\/02\/viza.jpg","type":"image\/jpeg"}],"author":"Agencija","twitter_card":"summary_large_image","twitter_misc":{"Written by":"Agencija","Est. reading time":"2 minute"},"schema":{"@context":"https:\/\/schema.org","@graph":[{"@type":"Article","@id":"https:\/\/sandzakpress.net\/arhiva\/dobijanje-njemacke-radne-vize-sada-pojednostavljeno\/#article","isPartOf":{"@id":"https:\/\/sandzakpress.net\/arhiva\/dobijanje-njemacke-radne-vize-sada-pojednostavljeno\/"},"author":{"name":"Agencija","@id":"https:\/\/sandzakpress.net\/arhiva\/#\/schema\/person\/cb59d7e3ab91ab90dd680ad0305a6185"},"headline":"Dobijanje njema\u010dke radne vize sada pojednostavljeno","datePublished":"2018-02-03T14:02:56+00:00","dateModified":"2018-02-03T21:37:37+00:00","mainEntityOfPage":{"@id":"https:\/\/sandzakpress.net\/arhiva\/dobijanje-njemacke-radne-vize-sada-pojednostavljeno\/"},"wordCount":432,"commentCount":2,"publisher":{"@id":"https:\/\/sandzakpress.net\/arhiva\/#\/schema\/person\/6e72b67d6e51910a1117b3b483ba20bd"},"image":{"@id":"https:\/\/sandzakpress.net\/arhiva\/dobijanje-njemacke-radne-vize-sada-pojednostavljeno\/#primaryimage"},"thumbnailUrl":"https:\/\/sandzakpress.net\/arhiva\/wp-content\/uploads\/2018\/02\/viza.jpg","articleSection":["Novi Pazar","Njema\u010dka","Privreda","VA\u017dNO!"],"inLanguage":"bs-BA","potentialAction":[{"@type":"CommentAction","name":"Comment","target":["https:\/\/sandzakpress.net\/arhiva\/dobijanje-njemacke-radne-vize-sada-pojednostavljeno\/#respond"]}]},{"@type":"WebPage","@id":"https:\/\/sandzakpress.net\/arhiva\/dobijanje-njemacke-radne-vize-sada-pojednostavljeno\/","url":"https:\/\/sandzakpress.net\/arhiva\/dobijanje-njemacke-radne-vize-sada-pojednostavljeno\/","name":"Dobijanje njema\u010dke radne vize sada pojednostavljeno","isPartOf":{"@id":"https:\/\/sandzakpress.net\/arhiva\/#website"},"primaryImageOfPage":{"@id":"https:\/\/sandzakpress.net\/arhiva\/dobijanje-njemacke-radne-vize-sada-pojednostavljeno\/#primaryimage"},"image":{"@id":"https:\/\/sandzakpress.net\/arhiva\/dobijanje-njemacke-radne-vize-sada-pojednostavljeno\/#primaryimage"},"thumbnailUrl":"https:\/\/sandzakpress.net\/arhiva\/wp-content\/uploads\/2018\/02\/viza.jpg","datePublished":"2018-02-03T14:02:56+00:00","dateModified":"2018-02-03T21:37:37+00:00","breadcrumb":{"@id":"https:\/\/sandzakpress.net\/arhiva\/dobijanje-njemacke-radne-vize-sada-pojednostavljeno\/#breadcrumb"},"inLanguage":"bs-BA","potentialAction":[{"@type":"ReadAction","target":["https:\/\/sandzakpress.net\/arhiva\/dobijanje-njemacke-radne-vize-sada-pojednostavljeno\/"]}]},{"@type":"ImageObject","inLanguage":"bs-BA","@id":"https:\/\/sandzakpress.net\/arhiva\/dobijanje-njemacke-radne-vize-sada-pojednostavljeno\/#primaryimage","url":"https:\/\/sandzakpress.net\/arhiva\/wp-content\/uploads\/2018\/02\/viza.jpg","contentUrl":"https:\/\/sandzakpress.net\/arhiva\/wp-content\/uploads\/2018\/02\/viza.jpg","width":253,"height":161},{"@type":"BreadcrumbList","@id":"https:\/\/sandzakpress.net\/arhiva\/dobijanje-njemacke-radne-vize-sada-pojednostavljeno\/#breadcrumb","itemListElement":[{"@type":"ListItem","position":1,"name":"Home","item":"https:\/\/sandzakpress.net\/arhiva\/"},{"@type":"ListItem","position":2,"name":"Dobijanje njema\u010dke radne vize sada pojednostavljeno"}]},{"@type":"WebSite","@id":"https:\/\/sandzakpress.net\/arhiva\/#website","url":"https:\/\/sandzakpress.net\/arhiva\/","name":"Sand\u017eak PRESS","description":"Prve elektronske novine u Sand\u017eaku","publisher":{"@id":"https:\/\/sandzakpress.net\/arhiva\/#\/schema\/person\/6e72b67d6e51910a1117b3b483ba20bd"},"potentialAction":[{"@type":"SearchAction","target":{"@type":"EntryPoint","urlTemplate":"https:\/\/sandzakpress.net\/arhiva\/?s={search_term_string}"},"query-input":{"@type":"PropertyValueSpecification","valueRequired":true,"valueName":"search_term_string"}}],"inLanguage":"bs-BA"},{"@type":["Person","Organization"],"@id":"https:\/\/sandzakpress.net\/arhiva\/#\/schema\/person\/6e72b67d6e51910a1117b3b483ba20bd","name":"Kul","image":{"@type":"ImageObject","inLanguage":"bs-BA","@id":"https:\/\/sandzakpress.net\/arhiva\/#\/schema\/person\/image\/","url":"https:\/\/secure.gravatar.com\/avatar\/42263f39aa27ac04c43cab85c280eb2e?s=96&d=mm&r=pg","contentUrl":"https:\/\/secure.gravatar.com\/avatar\/42263f39aa27ac04c43cab85c280eb2e?s=96&d=mm&r=pg","caption":"Kul"},"logo":{"@id":"https:\/\/sandzakpress.net\/arhiva\/#\/schema\/person\/image\/"}},{"@type":"Person","@id":"https:\/\/sandzakpress.net\/arhiva\/#\/schema\/person\/cb59d7e3ab91ab90dd680ad0305a6185","name":"Agencija","image":{"@type":"ImageObject","inLanguage":"bs-BA","@id":"https:\/\/sandzakpress.net\/arhiva\/#\/schema\/person\/image\/","url":"https:\/\/secure.gravatar.com\/avatar\/4b7fafa80a22f0c2afe23966b3961fe0?s=96&d=mm&r=pg","contentUrl":"https:\/\/secure.gravatar.com\/avatar\/4b7fafa80a22f0c2afe23966b3961fe0?s=96&d=mm&r=pg","caption":"Agencija"},"url":"https:\/\/sandzakpress.net\/arhiva\/author\/agencija\/"}]}},"_links":{"self":[{"href":"https:\/\/sandzakpress.net\/arhiva\/wp-json\/wp\/v2\/posts\/202132"}],"collection":[{"href":"https:\/\/sandzakpress.net\/arhiva\/wp-json\/wp\/v2\/posts"}],"about":[{"href":"https:\/\/sandzakpress.net\/arhiva\/wp-json\/wp\/v2\/types\/post"}],"author":[{"embeddable":true,"href":"https:\/\/sandzakpress.net\/arhiva\/wp-json\/wp\/v2\/users\/509"}],"replies":[{"embeddable":true,"href":"https:\/\/sandzakpress.net\/arhiva\/wp-json\/wp\/v2\/comments?post=202132"}],"version-history":[{"count":0,"href":"https:\/\/sandzakpress.net\/arhiva\/wp-json\/wp\/v2\/posts\/202132\/revisions"}],"wp:featuredmedia":[{"embeddable":true,"href":"https:\/\/sandzakpress.net\/arhiva\/wp-json\/wp\/v2\/media\/202143"}],"wp:attachment":[{"href":"https:\/\/sandzakpress.net\/arhiva\/wp-json\/wp\/v2\/media?parent=202132"}],"wp:term":[{"taxonomy":"category","embeddable":true,"href":"https:\/\/sandzakpress.net\/arhiva\/wp-json\/wp\/v2\/categories?post=202132"},{"taxonomy":"post_tag","embeddable":true,"href":"https:\/\/sandzakpress.net\/arhiva\/wp-json\/wp\/v2\/tags?post=202132"}],"curies":[{"name":"wp","href":"https:\/\/api.w.org\/{rel}","templated":true}]}}