{"id":202080,"date":"2018-02-03T14:30:30","date_gmt":"2018-02-03T13:30:30","guid":{"rendered":"https:\/\/sandzakpress.net\/arhiva\/?p=202080"},"modified":"2018-02-03T14:33:33","modified_gmt":"2018-02-03T13:33:33","slug":"pogledajte-emisiju-da-se-ne-lazemo-akademik-zukorlic-izdominirao","status":"publish","type":"post","link":"https:\/\/sandzakpress.net\/arhiva\/pogledajte-emisiju-da-se-ne-lazemo-akademik-zukorlic-izdominirao\/","title":{"rendered":"GLEDAJTE EMISIJU &#8211; Zukorli\u0107 pomirenjem izdominirao protiv fa\u0161iste Obradovi\u0107a"},"content":{"rendered":"<p><img loading=\"lazy\" decoding=\"async\" class=\"alignnone size-full wp-image-202081\" src=\"https:\/\/sandzakpress.net\/arhiva\/wp-content\/uploads\/2018\/02\/1395449_screenshot-3_ff.jpg\" alt=\"\" width=\"1000\" height=\"572\" srcset=\"https:\/\/sandzakpress.net\/arhiva\/wp-content\/uploads\/2018\/02\/1395449_screenshot-3_ff.jpg 1000w, https:\/\/sandzakpress.net\/arhiva\/wp-content\/uploads\/2018\/02\/1395449_screenshot-3_ff-768x439.jpg 768w, https:\/\/sandzakpress.net\/arhiva\/wp-content\/uploads\/2018\/02\/1395449_screenshot-3_ff-616x352.jpg 616w\" sizes=\"(max-width: 1000px) 100vw, 1000px\" \/><\/p>\n<p><strong>Gosti emisije \u201eDa se ne la\u017eemo\u201c bili su narodni poslanici, predsjednik Stranke pravde i pomirenja dr. Muamer Zukorli\u0107 i lider Dveri Bo\u0161ko Obradovi\u0107.<\/strong><\/p>\n<p>Oni su govorili\u00a0o tome \u0161ta mogu\u00a0ponuditi na lokalnim izborima u Beogradu.<\/p>\n<p>Muamer Zukorli\u0107 je rekao da privode kraju sa prikupljanjem potpisa za predstoje\u0107e izbore, da paralelno sa kampanjom prave listu za beogradski odbor.\u00a0<\/p>\n<div class=\"youtube-embed\" data-video_id=\"NjZKhlQ7vmc\"><iframe loading=\"lazy\" title=\"DA SE NE LA\u017dEMO O IZBORIMA U GLAVNOM GRADU: \u0160ta nude \u010ca\u010danin i Novopazarac u trci za Beograd\" width=\"696\" height=\"392\" src=\"https:\/\/www.youtube.com\/embed\/NjZKhlQ7vmc?feature=oembed&#038;enablejsapi=1\" frameborder=\"0\" allow=\"accelerometer; autoplay; encrypted-media; gyroscope; picture-in-picture\" allowfullscreen><\/iframe><\/div>\n<p>Prema njegovim rije\u010dima nema nikakve pozadine u tome \u0161to je Stranka pravde i pomirenja formirana pred beogradske izborem dodav\u0161i da ne \u017eeli\u00a0da ima dva izdanja partije &#8211; jedno \u00a0za Sand\u017eak i Novi Pazar,\u00a0 a drugo za Srbiju i Beograd, ve\u0107 nudi politi\u010dki paket za sve.\u00a0<\/p>\n<p>Bo\u0161ko Obradovi\u0107 se nadovezao na pri\u010du o izborima rekav\u0161i da su spremni za lokalne izbore kao zapeta pu\u0161ka.\u00a0<\/p>\n<p>Obradovi\u0107 je rekao da je stranka Dveri posljednjih mjeseci dosta napredovala u javnosti, da nikada nisu bili u vlasti, i da postoje ljudi koji su nezadovoljni i sada\u0161njom i biv\u0161om vla\u0161\u0107u, ne vole ni Vu\u010di\u0107a ni DS, ho\u0107e ne\u0161to novo.<\/p>\n<p>&#8220;Mi smo to ne\u0161to novo!&#8221;, rekao je lider Dveri.<\/p>\n<p>Prema njegovim rije\u010dima, osnovni principi koalicije Dveri i Dosta je bilo borba protiv kriminala, korupcije i partokratije i odgovornost svih ovih koji su oplja\u010dkali ovaj narod i dr\u017eavu.<\/p>\n<p>Obradovi\u0107 je dodao da \u0107e oporezivati neizgra\u0111eno gra\u0111evinsko zemlji\u0161te u Beogradu, kako bi se oja\u010dao bud\u017eet grada, a onda ulaganje u besplatne vrti\u0107e, jeftiniji gradski prevoz.<\/p>\n<p>&nbsp;<\/p>\n<figure class=\"elWrap imgFull\"><img decoding=\"async\" src=\"http:\/\/www.kurir.rs\/data\/images\/2018\/02\/02\/21\/1395473_screenshot-9_ff.jpg?ver=1517602310\" \/><figcaption><span class=\"imgSource\">FOTO: AMG<\/span><\/figcaption><\/figure>\n<p>&nbsp;<\/p>\n<p>On je napomenuo da su SPS, DS, SNS obe\u0107avale ne\u0161to 30 godina i da to nisu \u00a0uradili.\u00a0<\/p>\n<p>Obradovi\u0107 je rekao da bi\u00a0ako do\u0111u na \u010delo Beograda\u00a0ukinuli Busplus jer je to plja\u010dka Beogra\u0111ana iz vremena DS koju je Vu\u010di\u0107 preuzeo i nastavio iako se protiv toga bunio dok je bio opozicija.<\/p>\n<p>Zukorli\u0107 je konstatovao da su u proteklih 30 godina skoro svi probali da bude neka vlast.<\/p>\n<p>On je rekao da \u0107e instistirati na eti\u010dkoj dimenziji prilikom postavljanja kadrova u gradskoj upravi i da je \u010dovjek klju\u010dna figura svake politike.<\/p>\n<p>&#8220;Beograd je najve\u0107i resurs Srbije. Beograd je najve\u0107e ostvarenje Srbije&#8221;, dodao je Zukorli\u0107.<\/p>\n<p>&#8220;Neko \u0107e re\u0107i \u0161ta \u0107e nama politika pomirenja u Beogradu, mi se nismo nikada sva\u0111ali. E\u00a0pa nije ta\u010dno. Vidite li vi koliko je nervoze, svi su pod tenzijom&#8221;, rekao je on i dodao da je potrebna kultura pomirljivosti.\u00a0<\/p>\n<p>Lider stranke pravde i pomirenja je rekao da je njihova poruka za ove izbore je: svje\u017ea politika za \u010dist Beograd!<\/p>\n<p>&nbsp;<\/p>\n<figure class=\"elWrap imgFull\"><img decoding=\"async\" src=\"http:\/\/www.kurir.rs\/data\/images\/2018\/02\/02\/21\/1395459_screenshot-5_ff.jpg?ver=1517602677\" \/><figcaption><span class=\"imgSource\">FOTO: AMG<\/span><\/figcaption><\/figure>\n<p>Na pitanje novinara koga \u0107e podr\u017eati ukoliko ne odnesu pobjedu, Zukorli\u0107 je rekao da \u0107e podr\u017eati\u00a0onog kandidata sa kim se dogovori, dodav\u0161i da \u0107e najpre razgovarati sa SNS, ali \u0107e\u00a0u\u0107i u vlast sa onim ko bude prihvatio njihove\u00a0politi\u010dke principe.<\/p>\n<p>Obradovi\u0107 se nadovezao na izjavu Zukorli\u0107a rekav\u0161i da\u00a0 je stao na stranu koja je izvor politi\u010dke mafije u Srbiji.<\/p>\n<p>Lider Dveri je rekao da je njihov slogan &#8220;da ovi odu, a da nam se oni ne vrate&#8221;.<\/p>\n<p>&#8220;Sporazumom o predizbornoj saradnji izme\u0111u Dveri i Dosta je bilo mi smo se obavezali da poslije izbora nema saradnje sa SNS&#8221;, naglasio je Obradovi\u0107, dodav\u0161i da jedina vlast u koju mogu da u\u0111u\u00a0je vlast koju bi formirale opozicione odborni\u010dke grupe u Skup\u0161tini Beograda.<\/p>\n<p>Prema njegovim rije\u010dima ukidanje Busplusa je za\u00a0nas test pitanje. Ako Busplus ostaje to zna\u010di da oni nastavljaju privatnu i poslovnu\u00a0\u0161emu.<\/p>\n<figure class=\"elWrap imgFull\"><img decoding=\"async\" src=\"http:\/\/www.kurir.rs\/data\/images\/2018\/02\/02\/21\/1395475_screenshot-10_ff.jpg?ver=1517603243\" \/><figcaption><span class=\"imgSource\">FOTO: AMG<\/span><\/figcaption><\/figure>\n<p>Zukorli\u0107 je rekao da od prvog dana ulaska u politiku govorio o sprezi kriminala i politike.<\/p>\n<p>On je rekao da je uloga dr\u017eave da pripremi ambijent u kome \u0107e ljudi mo\u0107i legalno da grade, napomenuv\u0161i da bi se sprije\u010dila divlja gradnja mora se do kraja principijelno i pojednostavljeno dopustiti gra\u0111aninu da gradi na legalan na\u010din.<\/p>\n<p>Prema njegovim rije\u010dima veoma je va\u017eni i potrebno je vratiti i afirmisati duh kosmopolitizma.<\/p>\n<p>On je rekao da nikada ne\u0107e\u00a0podr\u017eati ne\u0161to \u0161to je antiporodi\u010dno i neeti\u010dno, \u0161to zna\u010di da nikada ne\u0107e\u00a0podr\u017eati gej paradu.<\/p>\n<figure class=\"elWrap imgFull\"><img decoding=\"async\" src=\"http:\/\/www.kurir.rs\/data\/images\/2018\/02\/02\/21\/1395479_screenshot-11_ff.jpg?ver=1517603750\" \/><figcaption><span class=\"imgSource\">FOTO: AMG<\/span><\/figcaption><\/figure>\n<p>Bo\u0161ko Obradovi\u0107 je onda dodao da mu je bilo\u00a0simpati\u010dno da slu\u0161a\u00a0kako je kolega Zukorli\u0107 u svakom trenutku kada je mogao branio Aleksandra Vu\u010di\u0107a i aktuelnu vlast.<\/p>\n<p>Lider Dveri je rekao da bi se oni u stranci vi\u0161e bavili prestoni\u010dkim, srpskim nacionalnim duhom Beograda koji je malo negdje zanemario.<\/p>\n<p>Na pitanje novinara da procijene ko je po njima bio bolji gradona\u010delnik, Obradovi\u0107 je rekao da su Sini\u0161a Mali i Goran Vesi\u0107 zreli za zatvor.<\/p>\n<p>&#8220;Kod Dragana \u0110ilasa dok je bio gradona\u010delnik mogli ste da na\u0111ete i odre\u0111enih pozitivnih stvari i mnogo negativnih stvari&#8221;, rekao je lider Dveri.<\/p>\n<p>Zukorli\u0107 je rekao da\u00a0boji\u00a0tog nacionalnog u glavnom gradu po svaku cijenu, sa toliko manjina, razli\u010ditosti. Srpski narod kao ve\u0107inski ne mo\u017ee biti ugro\u017een u Beogradu.\u00a0<\/p>\n<p>Nadovezuju\u0107i se na temu nacionalizma, Obradovi\u0107 je rekao da je Beograd \u00a0prije svage hri\u0161\u0107anski.<\/p>\n<figure class=\"elWrap imgFull\"><img decoding=\"async\" src=\"http:\/\/www.kurir.rs\/data\/images\/2018\/02\/02\/21\/1395449_screenshot-3_ff.jpg?ver=1517604245\" \/><figcaption><span class=\"imgSource\">FOTO: AMG<\/span><\/figcaption><\/figure>\n<p>&nbsp;<\/p>\n<p>Zukorli\u0107 je dodao da\u00a0postoje Srbi islamske vjeroispovesti, dodav\u0161i da u njegovoj stranci ima kolega svih vjeroispovesti, a u kratkoj raspravi sa liderom Dveri, Zukorli\u0107 mu je odgovorio da ne mo\u017eete vrije\u0111ati druge i re\u0107i vi ne postojite &#8211; to je govor mr\u017enje.<\/p>\n<p>Bo\u0161ko Obradovi\u0107 je odgovorio Zukorli\u0107u da on ne po\u0161tuje ono \u0161to je srpsko i \u0161to je stvorilo ovaj narod i ovu dr\u017eavu.<\/p>\n<p>&#8220;Vi ste potencijalna bomba destrukcije u ovoj dr\u017eavi jer \u0161irite mr\u017enju&#8221;, poru\u010dio je Zukorli\u0107 lideru Dveri, dodav\u0161i da sa Bo\u0161kom Obradovi\u0107em mo\u017ee\u00a0koaliciju kada postane doslijedan.<\/p>\n<p>izvor: Kurir<\/p>\n<p>&nbsp;<\/p>\n","protected":false},"excerpt":{"rendered":"<p>Gosti emisije \u201eDa se ne la\u017eemo\u201c bili su narodni poslanici, predsjednik Stranke pravde i pomirenja dr. Muamer Zukorli\u0107 i lider Dveri Bo\u0161ko Obradovi\u0107. Oni su govorili\u00a0o tome \u0161ta mogu\u00a0ponuditi na lokalnim izborima u Beogradu. Muamer Zukorli\u0107 je rekao da privode kraju sa prikupljanjem potpisa za predstoje\u0107e izbore, da paralelno sa kampanjom prave listu za beogradski [&hellip;]<\/p>\n","protected":false},"author":509,"featured_media":202081,"comment_status":"open","ping_status":"open","sticky":false,"template":"","format":"standard","meta":{"footnotes":""},"categories":[72,1,52,327,10307,392,393,394,8957,16],"tags":[10204,10223],"class_list":{"0":"post-202080","1":"post","2":"type-post","3":"status-publish","4":"format-standard","5":"has-post-thumbnail","7":"category-novi-pazar","8":"category-politika","9":"category-sjenica","10":"category-tutin","11":"category-srbija","12":"category-prijepolje_","13":"category-priboj","14":"category-nova-varos","15":"category-vijesti-dana","16":"category-novine","17":"tag-muftija-muamer-zukorlic","18":"tag-bdz"},"yoast_head":"<!-- This site is optimized with the Yoast SEO Premium plugin v23.1 (Yoast SEO v24.9) - https:\/\/yoast.com\/wordpress\/plugins\/seo\/ -->\n<title>GLEDAJTE EMISIJU - Zukorli\u0107 pomirenjem izdominirao protiv fa\u0161iste Obradovi\u0107a<\/title>\n<meta name=\"robots\" content=\"index, follow, max-snippet:-1, max-image-preview:large, max-video-preview:-1\" \/>\n<link rel=\"canonical\" href=\"https:\/\/sandzakpress.net\/arhiva\/pogledajte-emisiju-da-se-ne-lazemo-akademik-zukorlic-izdominirao\/\" \/>\n<meta property=\"og:locale\" content=\"bs_BA\" \/>\n<meta property=\"og:type\" content=\"article\" \/>\n<meta property=\"og:title\" content=\"GLEDAJTE EMISIJU - Zukorli\u0107 pomirenjem izdominirao protiv fa\u0161iste Obradovi\u0107a\" \/>\n<meta property=\"og:description\" content=\"Gosti emisije \u201eDa se ne la\u017eemo\u201c bili su narodni poslanici, predsjednik Stranke pravde i pomirenja dr. Muamer Zukorli\u0107 i lider Dveri Bo\u0161ko Obradovi\u0107. Oni su govorili\u00a0o tome \u0161ta mogu\u00a0ponuditi na lokalnim izborima u Beogradu. Muamer Zukorli\u0107 je rekao da privode kraju sa prikupljanjem potpisa za predstoje\u0107e izbore, da paralelno sa kampanjom prave listu za beogradski [&hellip;]\" \/>\n<meta property=\"og:url\" content=\"https:\/\/sandzakpress.net\/arhiva\/pogledajte-emisiju-da-se-ne-lazemo-akademik-zukorlic-izdominirao\/\" \/>\n<meta property=\"og:site_name\" content=\"Sand\u017eak PRESS\" \/>\n<meta property=\"article:published_time\" content=\"2018-02-03T13:30:30+00:00\" \/>\n<meta property=\"article:modified_time\" content=\"2018-02-03T13:33:33+00:00\" \/>\n<meta property=\"og:image\" content=\"https:\/\/sandzakpress.net\/arhiva\/wp-content\/uploads\/2018\/02\/1395449_screenshot-3_ff.jpg\" \/>\n\t<meta property=\"og:image:width\" content=\"1000\" \/>\n\t<meta property=\"og:image:height\" content=\"572\" \/>\n\t<meta property=\"og:image:type\" content=\"image\/jpeg\" \/>\n<meta name=\"author\" content=\"Agencija\" \/>\n<meta name=\"twitter:card\" content=\"summary_large_image\" \/>\n<meta name=\"twitter:label1\" content=\"Written by\" \/>\n\t<meta name=\"twitter:data1\" content=\"Agencija\" \/>\n\t<meta name=\"twitter:label2\" content=\"Est. reading time\" \/>\n\t<meta name=\"twitter:data2\" content=\"5 minuta\" \/>\n<script type=\"application\/ld+json\" class=\"yoast-schema-graph\">{\"@context\":\"https:\/\/schema.org\",\"@graph\":[{\"@type\":\"Article\",\"@id\":\"https:\/\/sandzakpress.net\/arhiva\/pogledajte-emisiju-da-se-ne-lazemo-akademik-zukorlic-izdominirao\/#article\",\"isPartOf\":{\"@id\":\"https:\/\/sandzakpress.net\/arhiva\/pogledajte-emisiju-da-se-ne-lazemo-akademik-zukorlic-izdominirao\/\"},\"author\":{\"name\":\"Agencija\",\"@id\":\"https:\/\/sandzakpress.net\/arhiva\/#\/schema\/person\/cb59d7e3ab91ab90dd680ad0305a6185\"},\"headline\":\"GLEDAJTE EMISIJU &#8211; Zukorli\u0107 pomirenjem izdominirao protiv fa\u0161iste Obradovi\u0107a\",\"datePublished\":\"2018-02-03T13:30:30+00:00\",\"dateModified\":\"2018-02-03T13:33:33+00:00\",\"mainEntityOfPage\":{\"@id\":\"https:\/\/sandzakpress.net\/arhiva\/pogledajte-emisiju-da-se-ne-lazemo-akademik-zukorlic-izdominirao\/\"},\"wordCount\":994,\"commentCount\":14,\"publisher\":{\"@id\":\"https:\/\/sandzakpress.net\/arhiva\/#\/schema\/person\/6e72b67d6e51910a1117b3b483ba20bd\"},\"image\":{\"@id\":\"https:\/\/sandzakpress.net\/arhiva\/pogledajte-emisiju-da-se-ne-lazemo-akademik-zukorlic-izdominirao\/#primaryimage\"},\"thumbnailUrl\":\"https:\/\/sandzakpress.net\/arhiva\/wp-content\/uploads\/2018\/02\/1395449_screenshot-3_ff.jpg\",\"keywords\":[\"muftija Muamer Zukorli\u0107\",\"BDZ\"],\"articleSection\":[\"Novi Pazar\",\"Politika\",\"Sjenica\",\"Tutin\",\"Srbija\",\"Prijepolje\",\"Priboj\",\"Nova Varo\u0161\",\"VIJESTI DANA\",\"Novine\"],\"inLanguage\":\"bs-BA\",\"potentialAction\":[{\"@type\":\"CommentAction\",\"name\":\"Comment\",\"target\":[\"https:\/\/sandzakpress.net\/arhiva\/pogledajte-emisiju-da-se-ne-lazemo-akademik-zukorlic-izdominirao\/#respond\"]}]},{\"@type\":\"WebPage\",\"@id\":\"https:\/\/sandzakpress.net\/arhiva\/pogledajte-emisiju-da-se-ne-lazemo-akademik-zukorlic-izdominirao\/\",\"url\":\"https:\/\/sandzakpress.net\/arhiva\/pogledajte-emisiju-da-se-ne-lazemo-akademik-zukorlic-izdominirao\/\",\"name\":\"GLEDAJTE EMISIJU - Zukorli\u0107 pomirenjem izdominirao protiv fa\u0161iste Obradovi\u0107a\",\"isPartOf\":{\"@id\":\"https:\/\/sandzakpress.net\/arhiva\/#website\"},\"primaryImageOfPage\":{\"@id\":\"https:\/\/sandzakpress.net\/arhiva\/pogledajte-emisiju-da-se-ne-lazemo-akademik-zukorlic-izdominirao\/#primaryimage\"},\"image\":{\"@id\":\"https:\/\/sandzakpress.net\/arhiva\/pogledajte-emisiju-da-se-ne-lazemo-akademik-zukorlic-izdominirao\/#primaryimage\"},\"thumbnailUrl\":\"https:\/\/sandzakpress.net\/arhiva\/wp-content\/uploads\/2018\/02\/1395449_screenshot-3_ff.jpg\",\"datePublished\":\"2018-02-03T13:30:30+00:00\",\"dateModified\":\"2018-02-03T13:33:33+00:00\",\"breadcrumb\":{\"@id\":\"https:\/\/sandzakpress.net\/arhiva\/pogledajte-emisiju-da-se-ne-lazemo-akademik-zukorlic-izdominirao\/#breadcrumb\"},\"inLanguage\":\"bs-BA\",\"potentialAction\":[{\"@type\":\"ReadAction\",\"target\":[\"https:\/\/sandzakpress.net\/arhiva\/pogledajte-emisiju-da-se-ne-lazemo-akademik-zukorlic-izdominirao\/\"]}]},{\"@type\":\"ImageObject\",\"inLanguage\":\"bs-BA\",\"@id\":\"https:\/\/sandzakpress.net\/arhiva\/pogledajte-emisiju-da-se-ne-lazemo-akademik-zukorlic-izdominirao\/#primaryimage\",\"url\":\"https:\/\/sandzakpress.net\/arhiva\/wp-content\/uploads\/2018\/02\/1395449_screenshot-3_ff.jpg\",\"contentUrl\":\"https:\/\/sandzakpress.net\/arhiva\/wp-content\/uploads\/2018\/02\/1395449_screenshot-3_ff.jpg\",\"width\":1000,\"height\":572},{\"@type\":\"BreadcrumbList\",\"@id\":\"https:\/\/sandzakpress.net\/arhiva\/pogledajte-emisiju-da-se-ne-lazemo-akademik-zukorlic-izdominirao\/#breadcrumb\",\"itemListElement\":[{\"@type\":\"ListItem\",\"position\":1,\"name\":\"Home\",\"item\":\"https:\/\/sandzakpress.net\/arhiva\/\"},{\"@type\":\"ListItem\",\"position\":2,\"name\":\"GLEDAJTE EMISIJU &#8211; Zukorli\u0107 pomirenjem izdominirao protiv fa\u0161iste Obradovi\u0107a\"}]},{\"@type\":\"WebSite\",\"@id\":\"https:\/\/sandzakpress.net\/arhiva\/#website\",\"url\":\"https:\/\/sandzakpress.net\/arhiva\/\",\"name\":\"Sand\u017eak PRESS\",\"description\":\"Prve elektronske novine u Sand\u017eaku\",\"publisher\":{\"@id\":\"https:\/\/sandzakpress.net\/arhiva\/#\/schema\/person\/6e72b67d6e51910a1117b3b483ba20bd\"},\"potentialAction\":[{\"@type\":\"SearchAction\",\"target\":{\"@type\":\"EntryPoint\",\"urlTemplate\":\"https:\/\/sandzakpress.net\/arhiva\/?s={search_term_string}\"},\"query-input\":{\"@type\":\"PropertyValueSpecification\",\"valueRequired\":true,\"valueName\":\"search_term_string\"}}],\"inLanguage\":\"bs-BA\"},{\"@type\":[\"Person\",\"Organization\"],\"@id\":\"https:\/\/sandzakpress.net\/arhiva\/#\/schema\/person\/6e72b67d6e51910a1117b3b483ba20bd\",\"name\":\"Kul\",\"image\":{\"@type\":\"ImageObject\",\"inLanguage\":\"bs-BA\",\"@id\":\"https:\/\/sandzakpress.net\/arhiva\/#\/schema\/person\/image\/\",\"url\":\"https:\/\/secure.gravatar.com\/avatar\/42263f39aa27ac04c43cab85c280eb2e?s=96&d=mm&r=pg\",\"contentUrl\":\"https:\/\/secure.gravatar.com\/avatar\/42263f39aa27ac04c43cab85c280eb2e?s=96&d=mm&r=pg\",\"caption\":\"Kul\"},\"logo\":{\"@id\":\"https:\/\/sandzakpress.net\/arhiva\/#\/schema\/person\/image\/\"}},{\"@type\":\"Person\",\"@id\":\"https:\/\/sandzakpress.net\/arhiva\/#\/schema\/person\/cb59d7e3ab91ab90dd680ad0305a6185\",\"name\":\"Agencija\",\"image\":{\"@type\":\"ImageObject\",\"inLanguage\":\"bs-BA\",\"@id\":\"https:\/\/sandzakpress.net\/arhiva\/#\/schema\/person\/image\/\",\"url\":\"https:\/\/secure.gravatar.com\/avatar\/4b7fafa80a22f0c2afe23966b3961fe0?s=96&d=mm&r=pg\",\"contentUrl\":\"https:\/\/secure.gravatar.com\/avatar\/4b7fafa80a22f0c2afe23966b3961fe0?s=96&d=mm&r=pg\",\"caption\":\"Agencija\"},\"url\":\"https:\/\/sandzakpress.net\/arhiva\/author\/agencija\/\"}]}<\/script>\n<!-- \/ Yoast SEO Premium plugin. -->","yoast_head_json":{"title":"GLEDAJTE EMISIJU - Zukorli\u0107 pomirenjem izdominirao protiv fa\u0161iste Obradovi\u0107a","robots":{"index":"index","follow":"follow","max-snippet":"max-snippet:-1","max-image-preview":"max-image-preview:large","max-video-preview":"max-video-preview:-1"},"canonical":"https:\/\/sandzakpress.net\/arhiva\/pogledajte-emisiju-da-se-ne-lazemo-akademik-zukorlic-izdominirao\/","og_locale":"bs_BA","og_type":"article","og_title":"GLEDAJTE EMISIJU - Zukorli\u0107 pomirenjem izdominirao protiv fa\u0161iste Obradovi\u0107a","og_description":"Gosti emisije \u201eDa se ne la\u017eemo\u201c bili su narodni poslanici, predsjednik Stranke pravde i pomirenja dr. Muamer Zukorli\u0107 i lider Dveri Bo\u0161ko Obradovi\u0107. Oni su govorili\u00a0o tome \u0161ta mogu\u00a0ponuditi na lokalnim izborima u Beogradu. Muamer Zukorli\u0107 je rekao da privode kraju sa prikupljanjem potpisa za predstoje\u0107e izbore, da paralelno sa kampanjom prave listu za beogradski [&hellip;]","og_url":"https:\/\/sandzakpress.net\/arhiva\/pogledajte-emisiju-da-se-ne-lazemo-akademik-zukorlic-izdominirao\/","og_site_name":"Sand\u017eak PRESS","article_published_time":"2018-02-03T13:30:30+00:00","article_modified_time":"2018-02-03T13:33:33+00:00","og_image":[{"width":1000,"height":572,"url":"https:\/\/sandzakpress.net\/arhiva\/wp-content\/uploads\/2018\/02\/1395449_screenshot-3_ff.jpg","type":"image\/jpeg"}],"author":"Agencija","twitter_card":"summary_large_image","twitter_misc":{"Written by":"Agencija","Est. reading time":"5 minuta"},"schema":{"@context":"https:\/\/schema.org","@graph":[{"@type":"Article","@id":"https:\/\/sandzakpress.net\/arhiva\/pogledajte-emisiju-da-se-ne-lazemo-akademik-zukorlic-izdominirao\/#article","isPartOf":{"@id":"https:\/\/sandzakpress.net\/arhiva\/pogledajte-emisiju-da-se-ne-lazemo-akademik-zukorlic-izdominirao\/"},"author":{"name":"Agencija","@id":"https:\/\/sandzakpress.net\/arhiva\/#\/schema\/person\/cb59d7e3ab91ab90dd680ad0305a6185"},"headline":"GLEDAJTE EMISIJU &#8211; Zukorli\u0107 pomirenjem izdominirao protiv fa\u0161iste Obradovi\u0107a","datePublished":"2018-02-03T13:30:30+00:00","dateModified":"2018-02-03T13:33:33+00:00","mainEntityOfPage":{"@id":"https:\/\/sandzakpress.net\/arhiva\/pogledajte-emisiju-da-se-ne-lazemo-akademik-zukorlic-izdominirao\/"},"wordCount":994,"commentCount":14,"publisher":{"@id":"https:\/\/sandzakpress.net\/arhiva\/#\/schema\/person\/6e72b67d6e51910a1117b3b483ba20bd"},"image":{"@id":"https:\/\/sandzakpress.net\/arhiva\/pogledajte-emisiju-da-se-ne-lazemo-akademik-zukorlic-izdominirao\/#primaryimage"},"thumbnailUrl":"https:\/\/sandzakpress.net\/arhiva\/wp-content\/uploads\/2018\/02\/1395449_screenshot-3_ff.jpg","keywords":["muftija Muamer Zukorli\u0107","BDZ"],"articleSection":["Novi Pazar","Politika","Sjenica","Tutin","Srbija","Prijepolje","Priboj","Nova Varo\u0161","VIJESTI DANA","Novine"],"inLanguage":"bs-BA","potentialAction":[{"@type":"CommentAction","name":"Comment","target":["https:\/\/sandzakpress.net\/arhiva\/pogledajte-emisiju-da-se-ne-lazemo-akademik-zukorlic-izdominirao\/#respond"]}]},{"@type":"WebPage","@id":"https:\/\/sandzakpress.net\/arhiva\/pogledajte-emisiju-da-se-ne-lazemo-akademik-zukorlic-izdominirao\/","url":"https:\/\/sandzakpress.net\/arhiva\/pogledajte-emisiju-da-se-ne-lazemo-akademik-zukorlic-izdominirao\/","name":"GLEDAJTE EMISIJU - Zukorli\u0107 pomirenjem izdominirao protiv fa\u0161iste Obradovi\u0107a","isPartOf":{"@id":"https:\/\/sandzakpress.net\/arhiva\/#website"},"primaryImageOfPage":{"@id":"https:\/\/sandzakpress.net\/arhiva\/pogledajte-emisiju-da-se-ne-lazemo-akademik-zukorlic-izdominirao\/#primaryimage"},"image":{"@id":"https:\/\/sandzakpress.net\/arhiva\/pogledajte-emisiju-da-se-ne-lazemo-akademik-zukorlic-izdominirao\/#primaryimage"},"thumbnailUrl":"https:\/\/sandzakpress.net\/arhiva\/wp-content\/uploads\/2018\/02\/1395449_screenshot-3_ff.jpg","datePublished":"2018-02-03T13:30:30+00:00","dateModified":"2018-02-03T13:33:33+00:00","breadcrumb":{"@id":"https:\/\/sandzakpress.net\/arhiva\/pogledajte-emisiju-da-se-ne-lazemo-akademik-zukorlic-izdominirao\/#breadcrumb"},"inLanguage":"bs-BA","potentialAction":[{"@type":"ReadAction","target":["https:\/\/sandzakpress.net\/arhiva\/pogledajte-emisiju-da-se-ne-lazemo-akademik-zukorlic-izdominirao\/"]}]},{"@type":"ImageObject","inLanguage":"bs-BA","@id":"https:\/\/sandzakpress.net\/arhiva\/pogledajte-emisiju-da-se-ne-lazemo-akademik-zukorlic-izdominirao\/#primaryimage","url":"https:\/\/sandzakpress.net\/arhiva\/wp-content\/uploads\/2018\/02\/1395449_screenshot-3_ff.jpg","contentUrl":"https:\/\/sandzakpress.net\/arhiva\/wp-content\/uploads\/2018\/02\/1395449_screenshot-3_ff.jpg","width":1000,"height":572},{"@type":"BreadcrumbList","@id":"https:\/\/sandzakpress.net\/arhiva\/pogledajte-emisiju-da-se-ne-lazemo-akademik-zukorlic-izdominirao\/#breadcrumb","itemListElement":[{"@type":"ListItem","position":1,"name":"Home","item":"https:\/\/sandzakpress.net\/arhiva\/"},{"@type":"ListItem","position":2,"name":"GLEDAJTE EMISIJU &#8211; Zukorli\u0107 pomirenjem izdominirao protiv fa\u0161iste Obradovi\u0107a"}]},{"@type":"WebSite","@id":"https:\/\/sandzakpress.net\/arhiva\/#website","url":"https:\/\/sandzakpress.net\/arhiva\/","name":"Sand\u017eak PRESS","description":"Prve elektronske novine u Sand\u017eaku","publisher":{"@id":"https:\/\/sandzakpress.net\/arhiva\/#\/schema\/person\/6e72b67d6e51910a1117b3b483ba20bd"},"potentialAction":[{"@type":"SearchAction","target":{"@type":"EntryPoint","urlTemplate":"https:\/\/sandzakpress.net\/arhiva\/?s={search_term_string}"},"query-input":{"@type":"PropertyValueSpecification","valueRequired":true,"valueName":"search_term_string"}}],"inLanguage":"bs-BA"},{"@type":["Person","Organization"],"@id":"https:\/\/sandzakpress.net\/arhiva\/#\/schema\/person\/6e72b67d6e51910a1117b3b483ba20bd","name":"Kul","image":{"@type":"ImageObject","inLanguage":"bs-BA","@id":"https:\/\/sandzakpress.net\/arhiva\/#\/schema\/person\/image\/","url":"https:\/\/secure.gravatar.com\/avatar\/42263f39aa27ac04c43cab85c280eb2e?s=96&d=mm&r=pg","contentUrl":"https:\/\/secure.gravatar.com\/avatar\/42263f39aa27ac04c43cab85c280eb2e?s=96&d=mm&r=pg","caption":"Kul"},"logo":{"@id":"https:\/\/sandzakpress.net\/arhiva\/#\/schema\/person\/image\/"}},{"@type":"Person","@id":"https:\/\/sandzakpress.net\/arhiva\/#\/schema\/person\/cb59d7e3ab91ab90dd680ad0305a6185","name":"Agencija","image":{"@type":"ImageObject","inLanguage":"bs-BA","@id":"https:\/\/sandzakpress.net\/arhiva\/#\/schema\/person\/image\/","url":"https:\/\/secure.gravatar.com\/avatar\/4b7fafa80a22f0c2afe23966b3961fe0?s=96&d=mm&r=pg","contentUrl":"https:\/\/secure.gravatar.com\/avatar\/4b7fafa80a22f0c2afe23966b3961fe0?s=96&d=mm&r=pg","caption":"Agencija"},"url":"https:\/\/sandzakpress.net\/arhiva\/author\/agencija\/"}]}},"_links":{"self":[{"href":"https:\/\/sandzakpress.net\/arhiva\/wp-json\/wp\/v2\/posts\/202080"}],"collection":[{"href":"https:\/\/sandzakpress.net\/arhiva\/wp-json\/wp\/v2\/posts"}],"about":[{"href":"https:\/\/sandzakpress.net\/arhiva\/wp-json\/wp\/v2\/types\/post"}],"author":[{"embeddable":true,"href":"https:\/\/sandzakpress.net\/arhiva\/wp-json\/wp\/v2\/users\/509"}],"replies":[{"embeddable":true,"href":"https:\/\/sandzakpress.net\/arhiva\/wp-json\/wp\/v2\/comments?post=202080"}],"version-history":[{"count":0,"href":"https:\/\/sandzakpress.net\/arhiva\/wp-json\/wp\/v2\/posts\/202080\/revisions"}],"wp:featuredmedia":[{"embeddable":true,"href":"https:\/\/sandzakpress.net\/arhiva\/wp-json\/wp\/v2\/media\/202081"}],"wp:attachment":[{"href":"https:\/\/sandzakpress.net\/arhiva\/wp-json\/wp\/v2\/media?parent=202080"}],"wp:term":[{"taxonomy":"category","embeddable":true,"href":"https:\/\/sandzakpress.net\/arhiva\/wp-json\/wp\/v2\/categories?post=202080"},{"taxonomy":"post_tag","embeddable":true,"href":"https:\/\/sandzakpress.net\/arhiva\/wp-json\/wp\/v2\/tags?post=202080"}],"curies":[{"name":"wp","href":"https:\/\/api.w.org\/{rel}","templated":true}]}}