{"id":201948,"date":"2018-01-31T15:10:07","date_gmt":"2018-01-31T14:10:07","guid":{"rendered":"https:\/\/sandzakpress.net\/arhiva\/?p=201948"},"modified":"2018-01-31T18:22:50","modified_gmt":"2018-01-31T17:22:50","slug":"dr-zukorlic-povezivanje-beograda-i-sarajeva-autoputem-preko-dva-kraka-je-megaprojekat","status":"publish","type":"post","link":"https:\/\/sandzakpress.net\/arhiva\/dr-zukorlic-povezivanje-beograda-i-sarajeva-autoputem-preko-dva-kraka-je-megaprojekat\/","title":{"rendered":"Dr. Zukorli\u0107: Povezivanje Beograda i Sarajeva autoputem preko dva kraka je megaprojekat"},"content":{"rendered":"<p class=\"lead\"><img decoding=\"async\" class=\"aligncenter\" src=\"http:\/\/www.rts.rs\/upload\/storyBoxImageData\/2018\/01\/31\/23996421\/%D1%95%D1%83%D0%BA%D0%BE%D1%80%D0%BB%D0%B8%D1%86.jpg\" alt=\"Muamer Zukorli\u0107\" \/><\/p>\n<p class=\"lead\"><strong>Nedavni susret predsjednika Srbije Aleksandra Vu\u010di\u0107a, predsjednika Turske Red\u017eepa Erdogana i \u010dlana Predsjedni\u0161tva BiH Bakira Izetbegovi\u0107a u Istanbulu po\u010detak je realizacije politike pomirenja na Balkanu, uvjeren je predsjednik Stranke pravde i pomirenja (SPP) Muamer Zukorli\u0107.<\/strong><\/p>\n<p>A politika pomirenja predstavlja nu\u017enost ukoliko narodi na Balkanu, posebno srpski i bo\u0161nja\u010dki, \u017eele da im budu\u0107nost bude druga\u010dija od pro\u0161losti, poru\u010duje Zukorli\u0107 u intervjuu\u00a0<em>Tanjugu.<\/em><\/p>\n<p>&#8220;Veoma je va\u017eno da politi\u010dari i svi koji su na pozicijama odlu\u010divanja i uticaja budu opredjeljeni ka takvoj politici. Ponekad je potrebna i podr\u0161ka prijatelja sa strane, a turski predsjednik Erdogan je ovog puta preuzeo tu ulogu&#8221;, ocjenio je Zukorli\u0107.<\/p>\n<p>Zukorli\u0107 ne vidi ni\u0161ta sporno u Izetbegovi\u0107evom u\u010destvovanju u razgovorima u Istanbulu, te podsje\u0107a da se on ni jednog trenutka nije predstavljao kao predsjednik BiH.\u00a0<\/p>\n<p>&#8220;Mislim da nema razloga za nervozu. Naravno da predstavnici srpskog i hrvatskog naroda imaju pravo da znaju \u0161ta se de\u0161avalo u tim razgovorima, a bo\u0161nja\u010dka politika sa Turskom, Srbijom ili bilo kojom drugom zemljom ne treba da bude skrivena od predstavnika ostala dva naroda&#8221;, smatra Zukorli\u0107.<\/p>\n<p>Uvjeren je da \u0107e Izetbegovi\u0107 o razgovorima obavijestiti kolege u Predsedni\u0161tvu, budu\u0107i da je transparentnost klju\u010d odnosa i povjerenja koje treba da prethodi pomirenju.<\/p>\n<p>&#8220;Ono \u0161to je Izetbegovi\u0107 dogovarao sa Erdoganom i Vu\u010di\u0107em ne smije da bude na \u0161tetu srpskog naroda u Srbiji i BiH, a uvjeren sam da zbog prisustva predsjednika Srbije ne\u0107e ni biti. Ozbiljni dr\u017eavnici znaju da ne mogu da vode partikularne politike na Balkanu \u0161to se do sada pokazalo destruktivnim&#8221;, naglasio je sagovornik\u00a0<em>Tanjuga.<\/em><\/p>\n<p>U tom kontekstu istakao je va\u017enost Vu\u010di\u0107evog stalnog insistiranja da Srbija i srpski narod nisu opasnost za BiH, da \u0107e Srbija po\u0161tovati integritet i suvjerenitet BiH i da ne\u0107e podsticati bilo kakve podjele.<\/p>\n<p>&#8220;Bo\u0161njaci imaju izvjesne frustracije i osje\u0107aj inferiornosti, to treba otvoreno re\u0107i, zbog de\u0161avanja u pro\u0161losti i \u010dinjenice da Srbi i Hrvati imaju svoje prili\u010dno jake mati\u010dne zemlje u susjedstvu, a da Bo\u0161njaci &#8216;orta\u010dki&#8217; u\u010destvuju u BiH, koja im je i mati\u010dna zemlja&#8221;, rekao je Zuklorli\u0107.<\/p>\n<p><strong>Odnosi Srbije i BiH &#8220;osovina&#8221; budu\u0107e stabilnosti<\/strong><\/p>\n<p>Prema njegovim rije\u010dima, odnosi Srbije i BiH, ta\u010dnije srpskog i bo\u0161nja\u010dkog naroda, predstavljaju &#8220;osovinu&#8221; budu\u0107e stabilnosti na Balkanu, a u prilog tome navodi da su ostali narodi uspjeli, uz minimalne probleme, da serazgrani\u010de nakon raspada biv\u0161e Jugoslavije.<\/p>\n<p>&#8220;Srbi i Bo\u0161njaci su jo\u0161 uvijek upu\u0107eni, vidje\u0107emo da li osu\u0111eni ili, pak, privilegovani da \u017eive zajedno i dijele isti prostor prije svega u BiH, ali i u Srbiji&#8221;, rekao je Zukorli\u0107.<\/p>\n<p>Smatra da je nu\u017eno otvoriti novu stranicu, te da je u tom kontekstu dobrodo\u0161la podr\u0161ka Turske, Rusije, Va\u0161ingtona i Brisela, ali apostrofira da strani faktori nikada ne\u0107e staviti tu\u0111i interes ispred svog.<\/p>\n<p>Nazna\u010dio je da bi pomirenje izme\u0111u Bo\u0161njaka i Srba, uz asistenciju i podr\u0161ku Turske, dovelo do ozdravljenja srpsko-turskih odnosa optere\u0107enih istorijom i \u010dinjenicom da su ovim prostorima vijekovima vladale Osmanlije zbog \u010dega se, kako ka\u017ee, izgradio &#8220;neprijateljski odnos prema Turcima&#8221;.<\/p>\n<p>Iako trilateralni susret u Ankari smatra korisnim i podsticajnim, ukazuje da je na srpskom i bo\u0161nja\u010dkom narodu da usvoje historijske lekcije i primjene ih u me\u0111usobnim odnosima.<\/p>\n<p><strong>Povezivanje Beograda i Sarajeva\u00a0&#8220;megaprojekat&#8221;<\/strong><\/p>\n<p>Komentari\u0161u\u0107i najavljeni projekat izgradnje auto-puta sa dva kraka Sarajevo\u2013Beograd koji bi trasom preko Zenice, Tuzle, Bijeljine, Po\u017eege i Vi\u0161egrada, Zukorli\u0107 je pohvalio trojicu zvani\u010dnika \u0161to su velikim temama pomirenja, stabilnosti i bezbjednosti Balkana, dodali i pitanja infrastrukture i razvoja.<\/p>\n<p>On je nazvao &#8220;megaprojektom&#8221; povezivanje Beograda i Sarajeva preko dva kraka kojim bi se obnovili historijski i prirodni putevi i o\u017eivjeli predijeli iz kojih se, kako ka\u017ee, masovno iseljavaju upravo zbog nedostatka komunikacije.\u00a0<\/p>\n<p>Prema njegovim ruhe\u010dima sredi\u0161te Zapadnog Balkana je iz nejasnih razloga godinama zapostavljano navode\u0107i da nikada nije realizovan projekat iz Titovog vremena koji trebalo da spoji Beograd i Dubrovnik, kao i da su ukidane pruge iz vremena Austrougarske.\u00a0<\/p>\n<p>Dodao je da je Turska bitan faktor u tom projektu navode\u0107i da ih samo velika ekonomija poput turske mo\u017ee povoljno da kreditira.<\/p>\n<p>Zukorli\u0107 je izrazio nadu da ideja o auto-putu ne\u0107e ostati &#8220;na duga\u010dkom \u0161tapu&#8221; nagla\u0161avaju\u0107i da izgradnju ne treba odlagati, prije svega iz demografskih razloga.<\/p>\n<p>&#8220;To ne smije da \u010deka, jer ode nam narod! \u0160ta \u0107e nam putevi, ako ne bude imao ko njima putovati&#8221;, upozorio je lider SPP-a i ukazao da &#8220;neprijatelja treba da detektujemo u demografskim problemima kao \u0161to su bijela kuga i napu\u0161tanje sela, a ne u etni\u010dkim razlikama&#8221;.\u00a0<\/p>\n<p>Demografska slika je ono \u0161to nas, kako ka\u017ee, direktno poga\u0111a i ugro\u017eava.<\/p>\n<p>Ne isklju\u010duje potrebu da se rije\u0161e i &#8220;historijske anomalije&#8221; jer, kako ka\u017ee, ne treba bje\u017eati od pro\u0161losti, ali postavlja pitanje da li treba da ostanemo njeni taoci i nastavimo da gomilamo mr\u017enju koja bi, upozorava Zukorli\u0107, ponovo eksplodirala.<\/p>\n<p>izvor: Rts<\/p>\n","protected":false},"excerpt":{"rendered":"<p>Nedavni susret predsjednika Srbije Aleksandra Vu\u010di\u0107a, predsjednika Turske Red\u017eepa Erdogana i \u010dlana Predsjedni\u0161tva BiH Bakira Izetbegovi\u0107a u Istanbulu po\u010detak je realizacije politike pomirenja na Balkanu, uvjeren je predsjednik Stranke pravde i pomirenja (SPP) Muamer Zukorli\u0107. A politika pomirenja predstavlja nu\u017enost ukoliko narodi na Balkanu, posebno srpski i bo\u0161nja\u010dki, \u017eele da im budu\u0107nost bude druga\u010dija od [&hellip;]<\/p>\n","protected":false},"author":509,"featured_media":201966,"comment_status":"open","ping_status":"open","sticky":false,"template":"","format":"standard","meta":{"footnotes":""},"categories":[2860,10503,72,52,1,327,10307,392,393,394,8957,16],"tags":[10204,10223],"class_list":{"0":"post-201948","1":"post","2":"type-post","3":"status-publish","4":"format-standard","5":"has-post-thumbnail","7":"category-bosna-i-hercegovina-gradovi","8":"category-sjeverni-sandzak","9":"category-novi-pazar","10":"category-sjenica","11":"category-politika","12":"category-tutin","13":"category-srbija","14":"category-prijepolje_","15":"category-priboj","16":"category-nova-varos","17":"category-vijesti-dana","18":"category-novine","19":"tag-muftija-muamer-zukorlic","20":"tag-bdz"},"yoast_head":"<!-- This site is optimized with the Yoast SEO Premium plugin v23.1 (Yoast SEO v24.9) - https:\/\/yoast.com\/wordpress\/plugins\/seo\/ -->\n<title>Dr. Zukorli\u0107: Povezivanje Beograda i Sarajeva autoputem preko dva kraka je megaprojekat<\/title>\n<meta name=\"robots\" content=\"index, follow, max-snippet:-1, max-image-preview:large, max-video-preview:-1\" \/>\n<link rel=\"canonical\" href=\"https:\/\/sandzakpress.net\/arhiva\/dr-zukorlic-povezivanje-beograda-i-sarajeva-autoputem-preko-dva-kraka-je-megaprojekat\/\" \/>\n<meta property=\"og:locale\" content=\"bs_BA\" \/>\n<meta property=\"og:type\" content=\"article\" \/>\n<meta property=\"og:title\" content=\"Dr. Zukorli\u0107: Povezivanje Beograda i Sarajeva autoputem preko dva kraka je megaprojekat\" \/>\n<meta property=\"og:description\" content=\"Nedavni susret predsjednika Srbije Aleksandra Vu\u010di\u0107a, predsjednika Turske Red\u017eepa Erdogana i \u010dlana Predsjedni\u0161tva BiH Bakira Izetbegovi\u0107a u Istanbulu po\u010detak je realizacije politike pomirenja na Balkanu, uvjeren je predsjednik Stranke pravde i pomirenja (SPP) Muamer Zukorli\u0107. A politika pomirenja predstavlja nu\u017enost ukoliko narodi na Balkanu, posebno srpski i bo\u0161nja\u010dki, \u017eele da im budu\u0107nost bude druga\u010dija od [&hellip;]\" \/>\n<meta property=\"og:url\" content=\"https:\/\/sandzakpress.net\/arhiva\/dr-zukorlic-povezivanje-beograda-i-sarajeva-autoputem-preko-dva-kraka-je-megaprojekat\/\" \/>\n<meta property=\"og:site_name\" content=\"Sand\u017eak PRESS\" \/>\n<meta property=\"article:published_time\" content=\"2018-01-31T14:10:07+00:00\" \/>\n<meta property=\"article:modified_time\" content=\"2018-01-31T17:22:50+00:00\" \/>\n<meta property=\"og:image\" content=\"https:\/\/sandzakpress.net\/arhiva\/wp-content\/uploads\/2018\/01\/\u0455\u0443\u043a\u043e\u0440\u043b\u0438\u0446.jpg\" \/>\n\t<meta property=\"og:image:width\" content=\"620\" \/>\n\t<meta property=\"og:image:height\" content=\"413\" \/>\n\t<meta property=\"og:image:type\" content=\"image\/jpeg\" \/>\n<meta name=\"author\" content=\"Agencija\" \/>\n<meta name=\"twitter:card\" content=\"summary_large_image\" \/>\n<meta name=\"twitter:label1\" content=\"Written by\" \/>\n\t<meta name=\"twitter:data1\" content=\"Agencija\" \/>\n\t<meta name=\"twitter:label2\" content=\"Est. reading time\" \/>\n\t<meta name=\"twitter:data2\" content=\"4 minute\" \/>\n<script type=\"application\/ld+json\" class=\"yoast-schema-graph\">{\"@context\":\"https:\/\/schema.org\",\"@graph\":[{\"@type\":\"Article\",\"@id\":\"https:\/\/sandzakpress.net\/arhiva\/dr-zukorlic-povezivanje-beograda-i-sarajeva-autoputem-preko-dva-kraka-je-megaprojekat\/#article\",\"isPartOf\":{\"@id\":\"https:\/\/sandzakpress.net\/arhiva\/dr-zukorlic-povezivanje-beograda-i-sarajeva-autoputem-preko-dva-kraka-je-megaprojekat\/\"},\"author\":{\"name\":\"Agencija\",\"@id\":\"https:\/\/sandzakpress.net\/arhiva\/#\/schema\/person\/cb59d7e3ab91ab90dd680ad0305a6185\"},\"headline\":\"Dr. Zukorli\u0107: Povezivanje Beograda i Sarajeva autoputem preko dva kraka je megaprojekat\",\"datePublished\":\"2018-01-31T14:10:07+00:00\",\"dateModified\":\"2018-01-31T17:22:50+00:00\",\"mainEntityOfPage\":{\"@id\":\"https:\/\/sandzakpress.net\/arhiva\/dr-zukorlic-povezivanje-beograda-i-sarajeva-autoputem-preko-dva-kraka-je-megaprojekat\/\"},\"wordCount\":875,\"commentCount\":10,\"publisher\":{\"@id\":\"https:\/\/sandzakpress.net\/arhiva\/#\/schema\/person\/6e72b67d6e51910a1117b3b483ba20bd\"},\"image\":{\"@id\":\"https:\/\/sandzakpress.net\/arhiva\/dr-zukorlic-povezivanje-beograda-i-sarajeva-autoputem-preko-dva-kraka-je-megaprojekat\/#primaryimage\"},\"thumbnailUrl\":\"https:\/\/sandzakpress.net\/arhiva\/wp-content\/uploads\/2018\/01\/\u0455\u0443\u043a\u043e\u0440\u043b\u0438\u0446.jpg\",\"keywords\":[\"muftija Muamer Zukorli\u0107\",\"BDZ\"],\"articleSection\":[\"Bosna i Hercegovina\",\"Sjeverni Sand\u017eak\",\"Novi Pazar\",\"Sjenica\",\"Politika\",\"Tutin\",\"Srbija\",\"Prijepolje\",\"Priboj\",\"Nova Varo\u0161\",\"VIJESTI DANA\",\"Novine\"],\"inLanguage\":\"bs-BA\",\"potentialAction\":[{\"@type\":\"CommentAction\",\"name\":\"Comment\",\"target\":[\"https:\/\/sandzakpress.net\/arhiva\/dr-zukorlic-povezivanje-beograda-i-sarajeva-autoputem-preko-dva-kraka-je-megaprojekat\/#respond\"]}]},{\"@type\":\"WebPage\",\"@id\":\"https:\/\/sandzakpress.net\/arhiva\/dr-zukorlic-povezivanje-beograda-i-sarajeva-autoputem-preko-dva-kraka-je-megaprojekat\/\",\"url\":\"https:\/\/sandzakpress.net\/arhiva\/dr-zukorlic-povezivanje-beograda-i-sarajeva-autoputem-preko-dva-kraka-je-megaprojekat\/\",\"name\":\"Dr. Zukorli\u0107: Povezivanje Beograda i Sarajeva autoputem preko dva kraka je megaprojekat\",\"isPartOf\":{\"@id\":\"https:\/\/sandzakpress.net\/arhiva\/#website\"},\"primaryImageOfPage\":{\"@id\":\"https:\/\/sandzakpress.net\/arhiva\/dr-zukorlic-povezivanje-beograda-i-sarajeva-autoputem-preko-dva-kraka-je-megaprojekat\/#primaryimage\"},\"image\":{\"@id\":\"https:\/\/sandzakpress.net\/arhiva\/dr-zukorlic-povezivanje-beograda-i-sarajeva-autoputem-preko-dva-kraka-je-megaprojekat\/#primaryimage\"},\"thumbnailUrl\":\"https:\/\/sandzakpress.net\/arhiva\/wp-content\/uploads\/2018\/01\/\u0455\u0443\u043a\u043e\u0440\u043b\u0438\u0446.jpg\",\"datePublished\":\"2018-01-31T14:10:07+00:00\",\"dateModified\":\"2018-01-31T17:22:50+00:00\",\"breadcrumb\":{\"@id\":\"https:\/\/sandzakpress.net\/arhiva\/dr-zukorlic-povezivanje-beograda-i-sarajeva-autoputem-preko-dva-kraka-je-megaprojekat\/#breadcrumb\"},\"inLanguage\":\"bs-BA\",\"potentialAction\":[{\"@type\":\"ReadAction\",\"target\":[\"https:\/\/sandzakpress.net\/arhiva\/dr-zukorlic-povezivanje-beograda-i-sarajeva-autoputem-preko-dva-kraka-je-megaprojekat\/\"]}]},{\"@type\":\"ImageObject\",\"inLanguage\":\"bs-BA\",\"@id\":\"https:\/\/sandzakpress.net\/arhiva\/dr-zukorlic-povezivanje-beograda-i-sarajeva-autoputem-preko-dva-kraka-je-megaprojekat\/#primaryimage\",\"url\":\"https:\/\/sandzakpress.net\/arhiva\/wp-content\/uploads\/2018\/01\/\u0455\u0443\u043a\u043e\u0440\u043b\u0438\u0446.jpg\",\"contentUrl\":\"https:\/\/sandzakpress.net\/arhiva\/wp-content\/uploads\/2018\/01\/\u0455\u0443\u043a\u043e\u0440\u043b\u0438\u0446.jpg\",\"width\":620,\"height\":413},{\"@type\":\"BreadcrumbList\",\"@id\":\"https:\/\/sandzakpress.net\/arhiva\/dr-zukorlic-povezivanje-beograda-i-sarajeva-autoputem-preko-dva-kraka-je-megaprojekat\/#breadcrumb\",\"itemListElement\":[{\"@type\":\"ListItem\",\"position\":1,\"name\":\"Home\",\"item\":\"https:\/\/sandzakpress.net\/arhiva\/\"},{\"@type\":\"ListItem\",\"position\":2,\"name\":\"Dr. Zukorli\u0107: Povezivanje Beograda i Sarajeva autoputem preko dva kraka je megaprojekat\"}]},{\"@type\":\"WebSite\",\"@id\":\"https:\/\/sandzakpress.net\/arhiva\/#website\",\"url\":\"https:\/\/sandzakpress.net\/arhiva\/\",\"name\":\"Sand\u017eak PRESS\",\"description\":\"Prve elektronske novine u Sand\u017eaku\",\"publisher\":{\"@id\":\"https:\/\/sandzakpress.net\/arhiva\/#\/schema\/person\/6e72b67d6e51910a1117b3b483ba20bd\"},\"potentialAction\":[{\"@type\":\"SearchAction\",\"target\":{\"@type\":\"EntryPoint\",\"urlTemplate\":\"https:\/\/sandzakpress.net\/arhiva\/?s={search_term_string}\"},\"query-input\":{\"@type\":\"PropertyValueSpecification\",\"valueRequired\":true,\"valueName\":\"search_term_string\"}}],\"inLanguage\":\"bs-BA\"},{\"@type\":[\"Person\",\"Organization\"],\"@id\":\"https:\/\/sandzakpress.net\/arhiva\/#\/schema\/person\/6e72b67d6e51910a1117b3b483ba20bd\",\"name\":\"Kul\",\"image\":{\"@type\":\"ImageObject\",\"inLanguage\":\"bs-BA\",\"@id\":\"https:\/\/sandzakpress.net\/arhiva\/#\/schema\/person\/image\/\",\"url\":\"https:\/\/secure.gravatar.com\/avatar\/42263f39aa27ac04c43cab85c280eb2e?s=96&d=mm&r=pg\",\"contentUrl\":\"https:\/\/secure.gravatar.com\/avatar\/42263f39aa27ac04c43cab85c280eb2e?s=96&d=mm&r=pg\",\"caption\":\"Kul\"},\"logo\":{\"@id\":\"https:\/\/sandzakpress.net\/arhiva\/#\/schema\/person\/image\/\"}},{\"@type\":\"Person\",\"@id\":\"https:\/\/sandzakpress.net\/arhiva\/#\/schema\/person\/cb59d7e3ab91ab90dd680ad0305a6185\",\"name\":\"Agencija\",\"image\":{\"@type\":\"ImageObject\",\"inLanguage\":\"bs-BA\",\"@id\":\"https:\/\/sandzakpress.net\/arhiva\/#\/schema\/person\/image\/\",\"url\":\"https:\/\/secure.gravatar.com\/avatar\/4b7fafa80a22f0c2afe23966b3961fe0?s=96&d=mm&r=pg\",\"contentUrl\":\"https:\/\/secure.gravatar.com\/avatar\/4b7fafa80a22f0c2afe23966b3961fe0?s=96&d=mm&r=pg\",\"caption\":\"Agencija\"},\"url\":\"https:\/\/sandzakpress.net\/arhiva\/author\/agencija\/\"}]}<\/script>\n<!-- \/ Yoast SEO Premium plugin. -->","yoast_head_json":{"title":"Dr. Zukorli\u0107: Povezivanje Beograda i Sarajeva autoputem preko dva kraka je megaprojekat","robots":{"index":"index","follow":"follow","max-snippet":"max-snippet:-1","max-image-preview":"max-image-preview:large","max-video-preview":"max-video-preview:-1"},"canonical":"https:\/\/sandzakpress.net\/arhiva\/dr-zukorlic-povezivanje-beograda-i-sarajeva-autoputem-preko-dva-kraka-je-megaprojekat\/","og_locale":"bs_BA","og_type":"article","og_title":"Dr. Zukorli\u0107: Povezivanje Beograda i Sarajeva autoputem preko dva kraka je megaprojekat","og_description":"Nedavni susret predsjednika Srbije Aleksandra Vu\u010di\u0107a, predsjednika Turske Red\u017eepa Erdogana i \u010dlana Predsjedni\u0161tva BiH Bakira Izetbegovi\u0107a u Istanbulu po\u010detak je realizacije politike pomirenja na Balkanu, uvjeren je predsjednik Stranke pravde i pomirenja (SPP) Muamer Zukorli\u0107. A politika pomirenja predstavlja nu\u017enost ukoliko narodi na Balkanu, posebno srpski i bo\u0161nja\u010dki, \u017eele da im budu\u0107nost bude druga\u010dija od [&hellip;]","og_url":"https:\/\/sandzakpress.net\/arhiva\/dr-zukorlic-povezivanje-beograda-i-sarajeva-autoputem-preko-dva-kraka-je-megaprojekat\/","og_site_name":"Sand\u017eak PRESS","article_published_time":"2018-01-31T14:10:07+00:00","article_modified_time":"2018-01-31T17:22:50+00:00","og_image":[{"width":620,"height":413,"url":"https:\/\/sandzakpress.net\/arhiva\/wp-content\/uploads\/2018\/01\/\u0455\u0443\u043a\u043e\u0440\u043b\u0438\u0446.jpg","type":"image\/jpeg"}],"author":"Agencija","twitter_card":"summary_large_image","twitter_misc":{"Written by":"Agencija","Est. reading time":"4 minute"},"schema":{"@context":"https:\/\/schema.org","@graph":[{"@type":"Article","@id":"https:\/\/sandzakpress.net\/arhiva\/dr-zukorlic-povezivanje-beograda-i-sarajeva-autoputem-preko-dva-kraka-je-megaprojekat\/#article","isPartOf":{"@id":"https:\/\/sandzakpress.net\/arhiva\/dr-zukorlic-povezivanje-beograda-i-sarajeva-autoputem-preko-dva-kraka-je-megaprojekat\/"},"author":{"name":"Agencija","@id":"https:\/\/sandzakpress.net\/arhiva\/#\/schema\/person\/cb59d7e3ab91ab90dd680ad0305a6185"},"headline":"Dr. Zukorli\u0107: Povezivanje Beograda i Sarajeva autoputem preko dva kraka je megaprojekat","datePublished":"2018-01-31T14:10:07+00:00","dateModified":"2018-01-31T17:22:50+00:00","mainEntityOfPage":{"@id":"https:\/\/sandzakpress.net\/arhiva\/dr-zukorlic-povezivanje-beograda-i-sarajeva-autoputem-preko-dva-kraka-je-megaprojekat\/"},"wordCount":875,"commentCount":10,"publisher":{"@id":"https:\/\/sandzakpress.net\/arhiva\/#\/schema\/person\/6e72b67d6e51910a1117b3b483ba20bd"},"image":{"@id":"https:\/\/sandzakpress.net\/arhiva\/dr-zukorlic-povezivanje-beograda-i-sarajeva-autoputem-preko-dva-kraka-je-megaprojekat\/#primaryimage"},"thumbnailUrl":"https:\/\/sandzakpress.net\/arhiva\/wp-content\/uploads\/2018\/01\/\u0455\u0443\u043a\u043e\u0440\u043b\u0438\u0446.jpg","keywords":["muftija Muamer Zukorli\u0107","BDZ"],"articleSection":["Bosna i Hercegovina","Sjeverni Sand\u017eak","Novi Pazar","Sjenica","Politika","Tutin","Srbija","Prijepolje","Priboj","Nova Varo\u0161","VIJESTI DANA","Novine"],"inLanguage":"bs-BA","potentialAction":[{"@type":"CommentAction","name":"Comment","target":["https:\/\/sandzakpress.net\/arhiva\/dr-zukorlic-povezivanje-beograda-i-sarajeva-autoputem-preko-dva-kraka-je-megaprojekat\/#respond"]}]},{"@type":"WebPage","@id":"https:\/\/sandzakpress.net\/arhiva\/dr-zukorlic-povezivanje-beograda-i-sarajeva-autoputem-preko-dva-kraka-je-megaprojekat\/","url":"https:\/\/sandzakpress.net\/arhiva\/dr-zukorlic-povezivanje-beograda-i-sarajeva-autoputem-preko-dva-kraka-je-megaprojekat\/","name":"Dr. Zukorli\u0107: Povezivanje Beograda i Sarajeva autoputem preko dva kraka je megaprojekat","isPartOf":{"@id":"https:\/\/sandzakpress.net\/arhiva\/#website"},"primaryImageOfPage":{"@id":"https:\/\/sandzakpress.net\/arhiva\/dr-zukorlic-povezivanje-beograda-i-sarajeva-autoputem-preko-dva-kraka-je-megaprojekat\/#primaryimage"},"image":{"@id":"https:\/\/sandzakpress.net\/arhiva\/dr-zukorlic-povezivanje-beograda-i-sarajeva-autoputem-preko-dva-kraka-je-megaprojekat\/#primaryimage"},"thumbnailUrl":"https:\/\/sandzakpress.net\/arhiva\/wp-content\/uploads\/2018\/01\/\u0455\u0443\u043a\u043e\u0440\u043b\u0438\u0446.jpg","datePublished":"2018-01-31T14:10:07+00:00","dateModified":"2018-01-31T17:22:50+00:00","breadcrumb":{"@id":"https:\/\/sandzakpress.net\/arhiva\/dr-zukorlic-povezivanje-beograda-i-sarajeva-autoputem-preko-dva-kraka-je-megaprojekat\/#breadcrumb"},"inLanguage":"bs-BA","potentialAction":[{"@type":"ReadAction","target":["https:\/\/sandzakpress.net\/arhiva\/dr-zukorlic-povezivanje-beograda-i-sarajeva-autoputem-preko-dva-kraka-je-megaprojekat\/"]}]},{"@type":"ImageObject","inLanguage":"bs-BA","@id":"https:\/\/sandzakpress.net\/arhiva\/dr-zukorlic-povezivanje-beograda-i-sarajeva-autoputem-preko-dva-kraka-je-megaprojekat\/#primaryimage","url":"https:\/\/sandzakpress.net\/arhiva\/wp-content\/uploads\/2018\/01\/\u0455\u0443\u043a\u043e\u0440\u043b\u0438\u0446.jpg","contentUrl":"https:\/\/sandzakpress.net\/arhiva\/wp-content\/uploads\/2018\/01\/\u0455\u0443\u043a\u043e\u0440\u043b\u0438\u0446.jpg","width":620,"height":413},{"@type":"BreadcrumbList","@id":"https:\/\/sandzakpress.net\/arhiva\/dr-zukorlic-povezivanje-beograda-i-sarajeva-autoputem-preko-dva-kraka-je-megaprojekat\/#breadcrumb","itemListElement":[{"@type":"ListItem","position":1,"name":"Home","item":"https:\/\/sandzakpress.net\/arhiva\/"},{"@type":"ListItem","position":2,"name":"Dr. Zukorli\u0107: Povezivanje Beograda i Sarajeva autoputem preko dva kraka je megaprojekat"}]},{"@type":"WebSite","@id":"https:\/\/sandzakpress.net\/arhiva\/#website","url":"https:\/\/sandzakpress.net\/arhiva\/","name":"Sand\u017eak PRESS","description":"Prve elektronske novine u Sand\u017eaku","publisher":{"@id":"https:\/\/sandzakpress.net\/arhiva\/#\/schema\/person\/6e72b67d6e51910a1117b3b483ba20bd"},"potentialAction":[{"@type":"SearchAction","target":{"@type":"EntryPoint","urlTemplate":"https:\/\/sandzakpress.net\/arhiva\/?s={search_term_string}"},"query-input":{"@type":"PropertyValueSpecification","valueRequired":true,"valueName":"search_term_string"}}],"inLanguage":"bs-BA"},{"@type":["Person","Organization"],"@id":"https:\/\/sandzakpress.net\/arhiva\/#\/schema\/person\/6e72b67d6e51910a1117b3b483ba20bd","name":"Kul","image":{"@type":"ImageObject","inLanguage":"bs-BA","@id":"https:\/\/sandzakpress.net\/arhiva\/#\/schema\/person\/image\/","url":"https:\/\/secure.gravatar.com\/avatar\/42263f39aa27ac04c43cab85c280eb2e?s=96&d=mm&r=pg","contentUrl":"https:\/\/secure.gravatar.com\/avatar\/42263f39aa27ac04c43cab85c280eb2e?s=96&d=mm&r=pg","caption":"Kul"},"logo":{"@id":"https:\/\/sandzakpress.net\/arhiva\/#\/schema\/person\/image\/"}},{"@type":"Person","@id":"https:\/\/sandzakpress.net\/arhiva\/#\/schema\/person\/cb59d7e3ab91ab90dd680ad0305a6185","name":"Agencija","image":{"@type":"ImageObject","inLanguage":"bs-BA","@id":"https:\/\/sandzakpress.net\/arhiva\/#\/schema\/person\/image\/","url":"https:\/\/secure.gravatar.com\/avatar\/4b7fafa80a22f0c2afe23966b3961fe0?s=96&d=mm&r=pg","contentUrl":"https:\/\/secure.gravatar.com\/avatar\/4b7fafa80a22f0c2afe23966b3961fe0?s=96&d=mm&r=pg","caption":"Agencija"},"url":"https:\/\/sandzakpress.net\/arhiva\/author\/agencija\/"}]}},"_links":{"self":[{"href":"https:\/\/sandzakpress.net\/arhiva\/wp-json\/wp\/v2\/posts\/201948"}],"collection":[{"href":"https:\/\/sandzakpress.net\/arhiva\/wp-json\/wp\/v2\/posts"}],"about":[{"href":"https:\/\/sandzakpress.net\/arhiva\/wp-json\/wp\/v2\/types\/post"}],"author":[{"embeddable":true,"href":"https:\/\/sandzakpress.net\/arhiva\/wp-json\/wp\/v2\/users\/509"}],"replies":[{"embeddable":true,"href":"https:\/\/sandzakpress.net\/arhiva\/wp-json\/wp\/v2\/comments?post=201948"}],"version-history":[{"count":0,"href":"https:\/\/sandzakpress.net\/arhiva\/wp-json\/wp\/v2\/posts\/201948\/revisions"}],"wp:featuredmedia":[{"embeddable":true,"href":"https:\/\/sandzakpress.net\/arhiva\/wp-json\/wp\/v2\/media\/201966"}],"wp:attachment":[{"href":"https:\/\/sandzakpress.net\/arhiva\/wp-json\/wp\/v2\/media?parent=201948"}],"wp:term":[{"taxonomy":"category","embeddable":true,"href":"https:\/\/sandzakpress.net\/arhiva\/wp-json\/wp\/v2\/categories?post=201948"},{"taxonomy":"post_tag","embeddable":true,"href":"https:\/\/sandzakpress.net\/arhiva\/wp-json\/wp\/v2\/tags?post=201948"}],"curies":[{"name":"wp","href":"https:\/\/api.w.org\/{rel}","templated":true}]}}