{"id":201839,"date":"2018-01-30T11:41:19","date_gmt":"2018-01-30T10:41:19","guid":{"rendered":"https:\/\/sandzakpress.net\/arhiva\/?p=201839"},"modified":"2018-01-30T12:59:02","modified_gmt":"2018-01-30T11:59:02","slug":"zukorlic-turska-je-preuzela-ulogu-pomiritelja-na-balkanu-ali-najveca-odgovornost-ipak-ostaje-na-srbiji-i-i-bih","status":"publish","type":"post","link":"https:\/\/sandzakpress.net\/arhiva\/zukorlic-turska-je-preuzela-ulogu-pomiritelja-na-balkanu-ali-najveca-odgovornost-ipak-ostaje-na-srbiji-i-i-bih\/","title":{"rendered":"Zukorli\u0107: Turska je preuzela ulogu pomiritelja na Balkanu, ali najve\u0107a odgovornost ipak ostaje na Srbiji i i BiH"},"content":{"rendered":"<p><img decoding=\"async\" class=\"aligncenter\" src=\"http:\/\/pink-rs.com\/media\/image\/portal-media-99d9a1ed-3e93-b046-d536-aa09cdcb728d\/720\" alt=\"NOVO JUTRO - Zukorli\u0107: Turska je preuzela ulogu pomiritelja na Balkanu, ali najve\u0107a odgovornost ipak ostaje na Srbiji i Bosni i Hercegovini (VIDEO)\" \/><\/p>\n<p><strong>Predsjednik Srbije Aleksandar Vu\u010di\u0107 sastao se ju\u010der u Istanbulu sa predsjednikom Turske Red\u017eepom Tajipom Erdoganom, nakon \u010dega su dvojica dr\u017eavnika odr\u017eala zajedni\u010dki sastanak sa bo\u0161nja\u010dkim \u010dlanom Predsjedni\u0161tva BiH Bakirom Izetbegovi\u0107em. U fokusu ovog sastanka bila je regionalna saradnja &#8211; da li \u0107e nakon ovog razgovora do\u0107i do pobolj\u0161anja odnosa izme\u0111u Srbije i Bosne i Hercegovine i kakva je uloga Turske?<\/strong><\/p>\n<div class=\"row __element1517302787162\" data-element=\"single-text\" data-id=\"1517302787162\">\n<div class=\"col-xs-60\">\n<div class=\"\">\n<p>Predsjednik Stranke pravde i pomirenja dr.\u00a0<b>Muamer Zukorli\u0107<\/b>\u00a0istakao je, gostuju\u0107i u &#8220;Novom jutru&#8221; televizije Pink da je sastanak Vu\u010di\u0107a, Erdogana i Izetbegovi\u0107a po\u010detak ostvarenja njegovog sna o srpsko-bo\u0161nja\u010dkom pomirenju, a kojem svakako treba da prethodi dijalog na vrhu.<\/p>\n<div class=\"youtube-embed\" data-video_id=\"Brm7ZQ88J-w\"><iframe loading=\"lazy\" title=\"Novo Jutro - Dea I Sarapa - Vladislav Jovanovic, Muamer Zukorlic - 30.01.2018.\" width=\"696\" height=\"522\" src=\"https:\/\/www.youtube.com\/embed\/Brm7ZQ88J-w?feature=oembed&#038;enablejsapi=1\" frameborder=\"0\" allow=\"accelerometer; autoplay; encrypted-media; gyroscope; picture-in-picture\" allowfullscreen><\/iframe><\/div>\n<\/div>\n<\/div>\n<\/div>\n<div class=\"row __element1517302787547\" data-element=\"single-text\" data-id=\"1517302787547\">\n<div class=\"col-xs-60\">\n<div class=\"\">\n<p>&#8211; Susret je veoma va\u017ean korak ka, nadam se, kona\u010dnom i uspje\u0161nom dijalogu i pomirenju izme\u0111u dva naroda koja zauzimaju va\u017enu geostrate\u0161ku poziciju na Balkanu, a koji imaju breme lo\u0161ih odnosa iz pro\u0161losti i negativnih ta\u010daka kroz razne sukobe. Situacija danas napokon sazrijeva i postaje jasno da pro\u0161lost treba da bude iza nas &#8211; ka\u017ee Zukorli\u0107.<\/p>\n<\/div>\n<\/div>\n<\/div>\n<div class=\"row __element1517302787899\" data-element=\"single-text\" data-id=\"1517302787899\">\n<div class=\"col-xs-60\">\n<div class=\"\">\n<p>On dodaje da je sastanak sa Erdoganom bitan i zbog srpsko-turskih odnosa, budu\u0107i da je historija ostavila &#8220;izvjesne anomalije prema Turcima kao trajnim neprijateljima u psiholo\u0161kom i kulturolo\u0161kom smislu&#8221;.<\/p>\n<\/div>\n<\/div>\n<\/div>\n<div class=\"row __element1517302788546\" data-element=\"single-text\" data-id=\"1517302788546\">\n<div class=\"col-xs-60\">\n<div class=\"\">\n<p>&#8211; Sve intenzivnija saradnja sa Turskom i preuzimanje turske uloge pomiritelja na Balkanu vra\u0107a povjerenje. Ne treba i\u0107i u patetiku i smatrati da \u0107e se promjena desiti brzo, ali je ovaj sastanak bio hrabar. Zato \u010destitam i Vu\u010di\u0107u i Erdoganu i Izetbegovi\u0107u, koji su pokazali naznake dr\u017eavni\u010dkog kapaciteta &#8211; ka\u017ee Zukorli\u0107.<\/p>\n<\/div>\n<\/div>\n<\/div>\n<div class=\"row __element1517303315382\" data-id=\"1517303315382\" data-element=\"image-16x9\" data-parent-uuid=\"d7bdb93c-e706-4597-a844-f4165f080fcc\" data-uuid=\"portal-media-9440de84-a3af-b3bb-8ef5-9b80fb78acc0\">\n<div class=\"col-xs-60\">\n<div class=\"croppable __image-holder\"><img decoding=\"async\" src=\"http:\/\/pink-rs.com\/media\/image\/portal-media-9440de84-a3af-b3bb-8ef5-9b80fb78acc0\/720\" alt=\"\" \/><\/div>\n<p class=\"author\" style=\"text-align: center;\"><em>Autor: TV Pink<\/em><\/p>\n<\/div>\n<\/div>\n<div class=\"row __element1517303239865\" data-element=\"single-text\" data-id=\"1517303239865\">\n<div class=\"col-xs-60\">\n<div class=\"\">\n<p>Govore\u0107i o reakciji \u010covi\u0107a na sastanak u Istanbulu, Zukorli\u0107 podsje\u0107a da nijedan \u010dlan Predsjedni\u0161tva BiH ne smije biti zapostavljen, ali da treba smatrati da je Izetbegovi\u0107 oti\u0161ao u Istanbul u ime bo\u0161nja\u010dkog naroda.<\/p>\n<\/div>\n<\/div>\n<\/div>\n<div class=\"row __element1517303252778\" data-element=\"single-text\" data-id=\"1517303252778\">\n<div class=\"col-xs-60\">\n<div class=\"\">\n<p>&#8211; Ne treba smatrati da Bo\u0161njaci rade Srbima iza le\u0111a. Cijela posjeta je protekla transparentno i nema razloga za nervozu. Ne smiju se li\u010dni ili partijski interesi stavljati ispred drugih &#8211; ka\u017ee Zukorli\u0107, dodaju\u0107i da se nigdje, pa ni na Balkanu ne sme praviti politika koja je za jednu stranu dobra, a za drugu lo\u0161a.<\/p>\n<\/div>\n<\/div>\n<\/div>\n<div class=\"row __element1517303257213\" data-element=\"single-text\" data-id=\"1517303257213\">\n<div class=\"col-xs-60\">\n<div class=\"\">\n<p>Turska, kako isti\u010de, ne\u0107e rije\u0161iti sve probleme u regionu, ve\u0107 na Srbiji i BiH ostaje ve\u0107a odgovornost.<\/p>\n<\/div>\n<\/div>\n<\/div>\n<div class=\"row __element1517303262434\" data-element=\"single-text\" data-id=\"1517303262434\">\n<div class=\"col-xs-60\">\n<div class=\"\">\n<p>&#8211; Mi smo ti koji treba da dr\u017eimo bijele figure i povla\u010dimo poteze koji \u0107e ozdraviti rane iz pro\u0161losti. Politi\u010dari su klju\u010dni faktor, ali tu su i intelektualci, vjerske zajednice, crkve i svi zajedno mogu mnogo doprinijeti &#8211; ka\u017ee Zukorli\u0107.<\/p>\n<\/div>\n<\/div>\n<\/div>\n<div class=\"row __element1517303262801\" data-element=\"single-text\" data-id=\"1517303262801\">\n<div class=\"col-xs-60\">\n<div class=\"\">\n<p>Govore\u0107i o auto-putu, on isti\u010de da je on neophodan i da bi podigao ovaj dio Balkana u ekonomskom smislu.<\/p>\n<p>izvor: Pink.rs<\/p>\n<\/div>\n<\/div>\n<\/div>\n","protected":false},"excerpt":{"rendered":"<p>Predsjednik Srbije Aleksandar Vu\u010di\u0107 sastao se ju\u010der u Istanbulu sa predsjednikom Turske Red\u017eepom Tajipom Erdoganom, nakon \u010dega su dvojica dr\u017eavnika odr\u017eala zajedni\u010dki sastanak sa bo\u0161nja\u010dkim \u010dlanom Predsjedni\u0161tva BiH Bakirom Izetbegovi\u0107em. U fokusu ovog sastanka bila je regionalna saradnja &#8211; da li \u0107e nakon ovog razgovora do\u0107i do pobolj\u0161anja odnosa izme\u0111u Srbije i Bosne i Hercegovine [&hellip;]<\/p>\n","protected":false},"author":509,"featured_media":201842,"comment_status":"open","ping_status":"open","sticky":false,"template":"","format":"standard","meta":{"footnotes":""},"categories":[72,2860,1,52,327,10307,392,393,394,8957],"tags":[10204,10223],"class_list":{"0":"post-201839","1":"post","2":"type-post","3":"status-publish","4":"format-standard","5":"has-post-thumbnail","7":"category-novi-pazar","8":"category-bosna-i-hercegovina-gradovi","9":"category-politika","10":"category-sjenica","11":"category-tutin","12":"category-srbija","13":"category-prijepolje_","14":"category-priboj","15":"category-nova-varos","16":"category-vijesti-dana","17":"tag-muftija-muamer-zukorlic","18":"tag-bdz"},"yoast_head":"<!-- This site is optimized with the Yoast SEO Premium plugin v23.1 (Yoast SEO v24.9) - https:\/\/yoast.com\/wordpress\/plugins\/seo\/ -->\n<title>Zukorli\u0107: Turska je preuzela ulogu pomiritelja na Balkanu, ali najve\u0107a odgovornost ipak ostaje na Srbiji i i BiH<\/title>\n<meta name=\"robots\" content=\"index, follow, max-snippet:-1, max-image-preview:large, max-video-preview:-1\" \/>\n<link rel=\"canonical\" href=\"https:\/\/sandzakpress.net\/arhiva\/zukorlic-turska-je-preuzela-ulogu-pomiritelja-na-balkanu-ali-najveca-odgovornost-ipak-ostaje-na-srbiji-i-i-bih\/\" \/>\n<meta property=\"og:locale\" content=\"bs_BA\" \/>\n<meta property=\"og:type\" content=\"article\" \/>\n<meta property=\"og:title\" content=\"Zukorli\u0107: Turska je preuzela ulogu pomiritelja na Balkanu, ali najve\u0107a odgovornost ipak ostaje na Srbiji i i BiH\" \/>\n<meta property=\"og:description\" content=\"Predsjednik Srbije Aleksandar Vu\u010di\u0107 sastao se ju\u010der u Istanbulu sa predsjednikom Turske Red\u017eepom Tajipom Erdoganom, nakon \u010dega su dvojica dr\u017eavnika odr\u017eala zajedni\u010dki sastanak sa bo\u0161nja\u010dkim \u010dlanom Predsjedni\u0161tva BiH Bakirom Izetbegovi\u0107em. U fokusu ovog sastanka bila je regionalna saradnja &#8211; da li \u0107e nakon ovog razgovora do\u0107i do pobolj\u0161anja odnosa izme\u0111u Srbije i Bosne i Hercegovine [&hellip;]\" \/>\n<meta property=\"og:url\" content=\"https:\/\/sandzakpress.net\/arhiva\/zukorlic-turska-je-preuzela-ulogu-pomiritelja-na-balkanu-ali-najveca-odgovornost-ipak-ostaje-na-srbiji-i-i-bih\/\" \/>\n<meta property=\"og:site_name\" content=\"Sand\u017eak PRESS\" \/>\n<meta property=\"article:published_time\" content=\"2018-01-30T10:41:19+00:00\" \/>\n<meta property=\"article:modified_time\" content=\"2018-01-30T11:59:02+00:00\" \/>\n<meta property=\"og:image\" content=\"https:\/\/sandzakpress.net\/arhiva\/wp-content\/uploads\/2018\/01\/720.jpg\" \/>\n\t<meta property=\"og:image:width\" content=\"720\" \/>\n\t<meta property=\"og:image:height\" content=\"405\" \/>\n\t<meta property=\"og:image:type\" content=\"image\/jpeg\" \/>\n<meta name=\"author\" content=\"Agencija\" \/>\n<meta name=\"twitter:card\" content=\"summary_large_image\" \/>\n<meta name=\"twitter:label1\" content=\"Written by\" \/>\n\t<meta name=\"twitter:data1\" content=\"Agencija\" \/>\n\t<meta name=\"twitter:label2\" content=\"Est. reading time\" \/>\n\t<meta name=\"twitter:data2\" content=\"2 minute\" \/>\n<script type=\"application\/ld+json\" class=\"yoast-schema-graph\">{\"@context\":\"https:\/\/schema.org\",\"@graph\":[{\"@type\":\"Article\",\"@id\":\"https:\/\/sandzakpress.net\/arhiva\/zukorlic-turska-je-preuzela-ulogu-pomiritelja-na-balkanu-ali-najveca-odgovornost-ipak-ostaje-na-srbiji-i-i-bih\/#article\",\"isPartOf\":{\"@id\":\"https:\/\/sandzakpress.net\/arhiva\/zukorlic-turska-je-preuzela-ulogu-pomiritelja-na-balkanu-ali-najveca-odgovornost-ipak-ostaje-na-srbiji-i-i-bih\/\"},\"author\":{\"name\":\"Agencija\",\"@id\":\"https:\/\/sandzakpress.net\/arhiva\/#\/schema\/person\/cb59d7e3ab91ab90dd680ad0305a6185\"},\"headline\":\"Zukorli\u0107: Turska je preuzela ulogu pomiritelja na Balkanu, ali najve\u0107a odgovornost ipak ostaje na Srbiji i i BiH\",\"datePublished\":\"2018-01-30T10:41:19+00:00\",\"dateModified\":\"2018-01-30T11:59:02+00:00\",\"mainEntityOfPage\":{\"@id\":\"https:\/\/sandzakpress.net\/arhiva\/zukorlic-turska-je-preuzela-ulogu-pomiritelja-na-balkanu-ali-najveca-odgovornost-ipak-ostaje-na-srbiji-i-i-bih\/\"},\"wordCount\":503,\"commentCount\":4,\"publisher\":{\"@id\":\"https:\/\/sandzakpress.net\/arhiva\/#\/schema\/person\/6e72b67d6e51910a1117b3b483ba20bd\"},\"image\":{\"@id\":\"https:\/\/sandzakpress.net\/arhiva\/zukorlic-turska-je-preuzela-ulogu-pomiritelja-na-balkanu-ali-najveca-odgovornost-ipak-ostaje-na-srbiji-i-i-bih\/#primaryimage\"},\"thumbnailUrl\":\"https:\/\/sandzakpress.net\/arhiva\/wp-content\/uploads\/2018\/01\/720.jpg\",\"keywords\":[\"muftija Muamer Zukorli\u0107\",\"BDZ\"],\"articleSection\":[\"Novi Pazar\",\"Bosna i Hercegovina\",\"Politika\",\"Sjenica\",\"Tutin\",\"Srbija\",\"Prijepolje\",\"Priboj\",\"Nova Varo\u0161\",\"VIJESTI DANA\"],\"inLanguage\":\"bs-BA\",\"potentialAction\":[{\"@type\":\"CommentAction\",\"name\":\"Comment\",\"target\":[\"https:\/\/sandzakpress.net\/arhiva\/zukorlic-turska-je-preuzela-ulogu-pomiritelja-na-balkanu-ali-najveca-odgovornost-ipak-ostaje-na-srbiji-i-i-bih\/#respond\"]}]},{\"@type\":\"WebPage\",\"@id\":\"https:\/\/sandzakpress.net\/arhiva\/zukorlic-turska-je-preuzela-ulogu-pomiritelja-na-balkanu-ali-najveca-odgovornost-ipak-ostaje-na-srbiji-i-i-bih\/\",\"url\":\"https:\/\/sandzakpress.net\/arhiva\/zukorlic-turska-je-preuzela-ulogu-pomiritelja-na-balkanu-ali-najveca-odgovornost-ipak-ostaje-na-srbiji-i-i-bih\/\",\"name\":\"Zukorli\u0107: Turska je preuzela ulogu pomiritelja na Balkanu, ali najve\u0107a odgovornost ipak ostaje na Srbiji i i BiH\",\"isPartOf\":{\"@id\":\"https:\/\/sandzakpress.net\/arhiva\/#website\"},\"primaryImageOfPage\":{\"@id\":\"https:\/\/sandzakpress.net\/arhiva\/zukorlic-turska-je-preuzela-ulogu-pomiritelja-na-balkanu-ali-najveca-odgovornost-ipak-ostaje-na-srbiji-i-i-bih\/#primaryimage\"},\"image\":{\"@id\":\"https:\/\/sandzakpress.net\/arhiva\/zukorlic-turska-je-preuzela-ulogu-pomiritelja-na-balkanu-ali-najveca-odgovornost-ipak-ostaje-na-srbiji-i-i-bih\/#primaryimage\"},\"thumbnailUrl\":\"https:\/\/sandzakpress.net\/arhiva\/wp-content\/uploads\/2018\/01\/720.jpg\",\"datePublished\":\"2018-01-30T10:41:19+00:00\",\"dateModified\":\"2018-01-30T11:59:02+00:00\",\"breadcrumb\":{\"@id\":\"https:\/\/sandzakpress.net\/arhiva\/zukorlic-turska-je-preuzela-ulogu-pomiritelja-na-balkanu-ali-najveca-odgovornost-ipak-ostaje-na-srbiji-i-i-bih\/#breadcrumb\"},\"inLanguage\":\"bs-BA\",\"potentialAction\":[{\"@type\":\"ReadAction\",\"target\":[\"https:\/\/sandzakpress.net\/arhiva\/zukorlic-turska-je-preuzela-ulogu-pomiritelja-na-balkanu-ali-najveca-odgovornost-ipak-ostaje-na-srbiji-i-i-bih\/\"]}]},{\"@type\":\"ImageObject\",\"inLanguage\":\"bs-BA\",\"@id\":\"https:\/\/sandzakpress.net\/arhiva\/zukorlic-turska-je-preuzela-ulogu-pomiritelja-na-balkanu-ali-najveca-odgovornost-ipak-ostaje-na-srbiji-i-i-bih\/#primaryimage\",\"url\":\"https:\/\/sandzakpress.net\/arhiva\/wp-content\/uploads\/2018\/01\/720.jpg\",\"contentUrl\":\"https:\/\/sandzakpress.net\/arhiva\/wp-content\/uploads\/2018\/01\/720.jpg\",\"width\":720,\"height\":405},{\"@type\":\"BreadcrumbList\",\"@id\":\"https:\/\/sandzakpress.net\/arhiva\/zukorlic-turska-je-preuzela-ulogu-pomiritelja-na-balkanu-ali-najveca-odgovornost-ipak-ostaje-na-srbiji-i-i-bih\/#breadcrumb\",\"itemListElement\":[{\"@type\":\"ListItem\",\"position\":1,\"name\":\"Home\",\"item\":\"https:\/\/sandzakpress.net\/arhiva\/\"},{\"@type\":\"ListItem\",\"position\":2,\"name\":\"Zukorli\u0107: Turska je preuzela ulogu pomiritelja na Balkanu, ali najve\u0107a odgovornost ipak ostaje na Srbiji i i BiH\"}]},{\"@type\":\"WebSite\",\"@id\":\"https:\/\/sandzakpress.net\/arhiva\/#website\",\"url\":\"https:\/\/sandzakpress.net\/arhiva\/\",\"name\":\"Sand\u017eak PRESS\",\"description\":\"Prve elektronske novine u Sand\u017eaku\",\"publisher\":{\"@id\":\"https:\/\/sandzakpress.net\/arhiva\/#\/schema\/person\/6e72b67d6e51910a1117b3b483ba20bd\"},\"potentialAction\":[{\"@type\":\"SearchAction\",\"target\":{\"@type\":\"EntryPoint\",\"urlTemplate\":\"https:\/\/sandzakpress.net\/arhiva\/?s={search_term_string}\"},\"query-input\":{\"@type\":\"PropertyValueSpecification\",\"valueRequired\":true,\"valueName\":\"search_term_string\"}}],\"inLanguage\":\"bs-BA\"},{\"@type\":[\"Person\",\"Organization\"],\"@id\":\"https:\/\/sandzakpress.net\/arhiva\/#\/schema\/person\/6e72b67d6e51910a1117b3b483ba20bd\",\"name\":\"Kul\",\"image\":{\"@type\":\"ImageObject\",\"inLanguage\":\"bs-BA\",\"@id\":\"https:\/\/sandzakpress.net\/arhiva\/#\/schema\/person\/image\/\",\"url\":\"https:\/\/secure.gravatar.com\/avatar\/42263f39aa27ac04c43cab85c280eb2e?s=96&d=mm&r=pg\",\"contentUrl\":\"https:\/\/secure.gravatar.com\/avatar\/42263f39aa27ac04c43cab85c280eb2e?s=96&d=mm&r=pg\",\"caption\":\"Kul\"},\"logo\":{\"@id\":\"https:\/\/sandzakpress.net\/arhiva\/#\/schema\/person\/image\/\"}},{\"@type\":\"Person\",\"@id\":\"https:\/\/sandzakpress.net\/arhiva\/#\/schema\/person\/cb59d7e3ab91ab90dd680ad0305a6185\",\"name\":\"Agencija\",\"image\":{\"@type\":\"ImageObject\",\"inLanguage\":\"bs-BA\",\"@id\":\"https:\/\/sandzakpress.net\/arhiva\/#\/schema\/person\/image\/\",\"url\":\"https:\/\/secure.gravatar.com\/avatar\/4b7fafa80a22f0c2afe23966b3961fe0?s=96&d=mm&r=pg\",\"contentUrl\":\"https:\/\/secure.gravatar.com\/avatar\/4b7fafa80a22f0c2afe23966b3961fe0?s=96&d=mm&r=pg\",\"caption\":\"Agencija\"},\"url\":\"https:\/\/sandzakpress.net\/arhiva\/author\/agencija\/\"}]}<\/script>\n<!-- \/ Yoast SEO Premium plugin. -->","yoast_head_json":{"title":"Zukorli\u0107: Turska je preuzela ulogu pomiritelja na Balkanu, ali najve\u0107a odgovornost ipak ostaje na Srbiji i i BiH","robots":{"index":"index","follow":"follow","max-snippet":"max-snippet:-1","max-image-preview":"max-image-preview:large","max-video-preview":"max-video-preview:-1"},"canonical":"https:\/\/sandzakpress.net\/arhiva\/zukorlic-turska-je-preuzela-ulogu-pomiritelja-na-balkanu-ali-najveca-odgovornost-ipak-ostaje-na-srbiji-i-i-bih\/","og_locale":"bs_BA","og_type":"article","og_title":"Zukorli\u0107: Turska je preuzela ulogu pomiritelja na Balkanu, ali najve\u0107a odgovornost ipak ostaje na Srbiji i i BiH","og_description":"Predsjednik Srbije Aleksandar Vu\u010di\u0107 sastao se ju\u010der u Istanbulu sa predsjednikom Turske Red\u017eepom Tajipom Erdoganom, nakon \u010dega su dvojica dr\u017eavnika odr\u017eala zajedni\u010dki sastanak sa bo\u0161nja\u010dkim \u010dlanom Predsjedni\u0161tva BiH Bakirom Izetbegovi\u0107em. U fokusu ovog sastanka bila je regionalna saradnja &#8211; da li \u0107e nakon ovog razgovora do\u0107i do pobolj\u0161anja odnosa izme\u0111u Srbije i Bosne i Hercegovine [&hellip;]","og_url":"https:\/\/sandzakpress.net\/arhiva\/zukorlic-turska-je-preuzela-ulogu-pomiritelja-na-balkanu-ali-najveca-odgovornost-ipak-ostaje-na-srbiji-i-i-bih\/","og_site_name":"Sand\u017eak PRESS","article_published_time":"2018-01-30T10:41:19+00:00","article_modified_time":"2018-01-30T11:59:02+00:00","og_image":[{"width":720,"height":405,"url":"https:\/\/sandzakpress.net\/arhiva\/wp-content\/uploads\/2018\/01\/720.jpg","type":"image\/jpeg"}],"author":"Agencija","twitter_card":"summary_large_image","twitter_misc":{"Written by":"Agencija","Est. reading time":"2 minute"},"schema":{"@context":"https:\/\/schema.org","@graph":[{"@type":"Article","@id":"https:\/\/sandzakpress.net\/arhiva\/zukorlic-turska-je-preuzela-ulogu-pomiritelja-na-balkanu-ali-najveca-odgovornost-ipak-ostaje-na-srbiji-i-i-bih\/#article","isPartOf":{"@id":"https:\/\/sandzakpress.net\/arhiva\/zukorlic-turska-je-preuzela-ulogu-pomiritelja-na-balkanu-ali-najveca-odgovornost-ipak-ostaje-na-srbiji-i-i-bih\/"},"author":{"name":"Agencija","@id":"https:\/\/sandzakpress.net\/arhiva\/#\/schema\/person\/cb59d7e3ab91ab90dd680ad0305a6185"},"headline":"Zukorli\u0107: Turska je preuzela ulogu pomiritelja na Balkanu, ali najve\u0107a odgovornost ipak ostaje na Srbiji i i BiH","datePublished":"2018-01-30T10:41:19+00:00","dateModified":"2018-01-30T11:59:02+00:00","mainEntityOfPage":{"@id":"https:\/\/sandzakpress.net\/arhiva\/zukorlic-turska-je-preuzela-ulogu-pomiritelja-na-balkanu-ali-najveca-odgovornost-ipak-ostaje-na-srbiji-i-i-bih\/"},"wordCount":503,"commentCount":4,"publisher":{"@id":"https:\/\/sandzakpress.net\/arhiva\/#\/schema\/person\/6e72b67d6e51910a1117b3b483ba20bd"},"image":{"@id":"https:\/\/sandzakpress.net\/arhiva\/zukorlic-turska-je-preuzela-ulogu-pomiritelja-na-balkanu-ali-najveca-odgovornost-ipak-ostaje-na-srbiji-i-i-bih\/#primaryimage"},"thumbnailUrl":"https:\/\/sandzakpress.net\/arhiva\/wp-content\/uploads\/2018\/01\/720.jpg","keywords":["muftija Muamer Zukorli\u0107","BDZ"],"articleSection":["Novi Pazar","Bosna i Hercegovina","Politika","Sjenica","Tutin","Srbija","Prijepolje","Priboj","Nova Varo\u0161","VIJESTI DANA"],"inLanguage":"bs-BA","potentialAction":[{"@type":"CommentAction","name":"Comment","target":["https:\/\/sandzakpress.net\/arhiva\/zukorlic-turska-je-preuzela-ulogu-pomiritelja-na-balkanu-ali-najveca-odgovornost-ipak-ostaje-na-srbiji-i-i-bih\/#respond"]}]},{"@type":"WebPage","@id":"https:\/\/sandzakpress.net\/arhiva\/zukorlic-turska-je-preuzela-ulogu-pomiritelja-na-balkanu-ali-najveca-odgovornost-ipak-ostaje-na-srbiji-i-i-bih\/","url":"https:\/\/sandzakpress.net\/arhiva\/zukorlic-turska-je-preuzela-ulogu-pomiritelja-na-balkanu-ali-najveca-odgovornost-ipak-ostaje-na-srbiji-i-i-bih\/","name":"Zukorli\u0107: Turska je preuzela ulogu pomiritelja na Balkanu, ali najve\u0107a odgovornost ipak ostaje na Srbiji i i BiH","isPartOf":{"@id":"https:\/\/sandzakpress.net\/arhiva\/#website"},"primaryImageOfPage":{"@id":"https:\/\/sandzakpress.net\/arhiva\/zukorlic-turska-je-preuzela-ulogu-pomiritelja-na-balkanu-ali-najveca-odgovornost-ipak-ostaje-na-srbiji-i-i-bih\/#primaryimage"},"image":{"@id":"https:\/\/sandzakpress.net\/arhiva\/zukorlic-turska-je-preuzela-ulogu-pomiritelja-na-balkanu-ali-najveca-odgovornost-ipak-ostaje-na-srbiji-i-i-bih\/#primaryimage"},"thumbnailUrl":"https:\/\/sandzakpress.net\/arhiva\/wp-content\/uploads\/2018\/01\/720.jpg","datePublished":"2018-01-30T10:41:19+00:00","dateModified":"2018-01-30T11:59:02+00:00","breadcrumb":{"@id":"https:\/\/sandzakpress.net\/arhiva\/zukorlic-turska-je-preuzela-ulogu-pomiritelja-na-balkanu-ali-najveca-odgovornost-ipak-ostaje-na-srbiji-i-i-bih\/#breadcrumb"},"inLanguage":"bs-BA","potentialAction":[{"@type":"ReadAction","target":["https:\/\/sandzakpress.net\/arhiva\/zukorlic-turska-je-preuzela-ulogu-pomiritelja-na-balkanu-ali-najveca-odgovornost-ipak-ostaje-na-srbiji-i-i-bih\/"]}]},{"@type":"ImageObject","inLanguage":"bs-BA","@id":"https:\/\/sandzakpress.net\/arhiva\/zukorlic-turska-je-preuzela-ulogu-pomiritelja-na-balkanu-ali-najveca-odgovornost-ipak-ostaje-na-srbiji-i-i-bih\/#primaryimage","url":"https:\/\/sandzakpress.net\/arhiva\/wp-content\/uploads\/2018\/01\/720.jpg","contentUrl":"https:\/\/sandzakpress.net\/arhiva\/wp-content\/uploads\/2018\/01\/720.jpg","width":720,"height":405},{"@type":"BreadcrumbList","@id":"https:\/\/sandzakpress.net\/arhiva\/zukorlic-turska-je-preuzela-ulogu-pomiritelja-na-balkanu-ali-najveca-odgovornost-ipak-ostaje-na-srbiji-i-i-bih\/#breadcrumb","itemListElement":[{"@type":"ListItem","position":1,"name":"Home","item":"https:\/\/sandzakpress.net\/arhiva\/"},{"@type":"ListItem","position":2,"name":"Zukorli\u0107: Turska je preuzela ulogu pomiritelja na Balkanu, ali najve\u0107a odgovornost ipak ostaje na Srbiji i i BiH"}]},{"@type":"WebSite","@id":"https:\/\/sandzakpress.net\/arhiva\/#website","url":"https:\/\/sandzakpress.net\/arhiva\/","name":"Sand\u017eak PRESS","description":"Prve elektronske novine u Sand\u017eaku","publisher":{"@id":"https:\/\/sandzakpress.net\/arhiva\/#\/schema\/person\/6e72b67d6e51910a1117b3b483ba20bd"},"potentialAction":[{"@type":"SearchAction","target":{"@type":"EntryPoint","urlTemplate":"https:\/\/sandzakpress.net\/arhiva\/?s={search_term_string}"},"query-input":{"@type":"PropertyValueSpecification","valueRequired":true,"valueName":"search_term_string"}}],"inLanguage":"bs-BA"},{"@type":["Person","Organization"],"@id":"https:\/\/sandzakpress.net\/arhiva\/#\/schema\/person\/6e72b67d6e51910a1117b3b483ba20bd","name":"Kul","image":{"@type":"ImageObject","inLanguage":"bs-BA","@id":"https:\/\/sandzakpress.net\/arhiva\/#\/schema\/person\/image\/","url":"https:\/\/secure.gravatar.com\/avatar\/42263f39aa27ac04c43cab85c280eb2e?s=96&d=mm&r=pg","contentUrl":"https:\/\/secure.gravatar.com\/avatar\/42263f39aa27ac04c43cab85c280eb2e?s=96&d=mm&r=pg","caption":"Kul"},"logo":{"@id":"https:\/\/sandzakpress.net\/arhiva\/#\/schema\/person\/image\/"}},{"@type":"Person","@id":"https:\/\/sandzakpress.net\/arhiva\/#\/schema\/person\/cb59d7e3ab91ab90dd680ad0305a6185","name":"Agencija","image":{"@type":"ImageObject","inLanguage":"bs-BA","@id":"https:\/\/sandzakpress.net\/arhiva\/#\/schema\/person\/image\/","url":"https:\/\/secure.gravatar.com\/avatar\/4b7fafa80a22f0c2afe23966b3961fe0?s=96&d=mm&r=pg","contentUrl":"https:\/\/secure.gravatar.com\/avatar\/4b7fafa80a22f0c2afe23966b3961fe0?s=96&d=mm&r=pg","caption":"Agencija"},"url":"https:\/\/sandzakpress.net\/arhiva\/author\/agencija\/"}]}},"_links":{"self":[{"href":"https:\/\/sandzakpress.net\/arhiva\/wp-json\/wp\/v2\/posts\/201839"}],"collection":[{"href":"https:\/\/sandzakpress.net\/arhiva\/wp-json\/wp\/v2\/posts"}],"about":[{"href":"https:\/\/sandzakpress.net\/arhiva\/wp-json\/wp\/v2\/types\/post"}],"author":[{"embeddable":true,"href":"https:\/\/sandzakpress.net\/arhiva\/wp-json\/wp\/v2\/users\/509"}],"replies":[{"embeddable":true,"href":"https:\/\/sandzakpress.net\/arhiva\/wp-json\/wp\/v2\/comments?post=201839"}],"version-history":[{"count":0,"href":"https:\/\/sandzakpress.net\/arhiva\/wp-json\/wp\/v2\/posts\/201839\/revisions"}],"wp:featuredmedia":[{"embeddable":true,"href":"https:\/\/sandzakpress.net\/arhiva\/wp-json\/wp\/v2\/media\/201842"}],"wp:attachment":[{"href":"https:\/\/sandzakpress.net\/arhiva\/wp-json\/wp\/v2\/media?parent=201839"}],"wp:term":[{"taxonomy":"category","embeddable":true,"href":"https:\/\/sandzakpress.net\/arhiva\/wp-json\/wp\/v2\/categories?post=201839"},{"taxonomy":"post_tag","embeddable":true,"href":"https:\/\/sandzakpress.net\/arhiva\/wp-json\/wp\/v2\/tags?post=201839"}],"curies":[{"name":"wp","href":"https:\/\/api.w.org\/{rel}","templated":true}]}}