{"id":201518,"date":"2018-01-23T13:30:58","date_gmt":"2018-01-23T12:30:58","guid":{"rendered":"https:\/\/sandzakpress.net\/arhiva\/?p=201518"},"modified":"2018-01-23T12:27:38","modified_gmt":"2018-01-23T11:27:38","slug":"plavljani-likuju-zbog-vrha-durmitore-je-l-ti-zao-bjelic-te-je-pretekao","status":"publish","type":"post","link":"https:\/\/sandzakpress.net\/arhiva\/plavljani-likuju-zbog-vrha-durmitore-je-l-ti-zao-bjelic-te-je-pretekao\/","title":{"rendered":"Plavljani likuju zbog vrha: Durmitore, je l\u2019 ti \u017eao, Bjeli\u010d te je pretekao"},"content":{"rendered":"<p><img loading=\"lazy\" decoding=\"async\" class=\"size-full wp-image-8050 td-animation-stack-type0-2 aligncenter\" src=\"https:\/\/i1.wp.com\/sjevercg.me\/wp-content\/uploads\/2018\/01\/zla-kolata-1024x768.jpg?resize=640%2C480&amp;ssl=1\" sizes=\"(max-width: 640px) 100vw, 640px\" srcset=\"https:\/\/i1.wp.com\/sjevercg.me\/wp-content\/uploads\/2018\/01\/zla-kolata-1024x768.jpg?resize=1024%2C768&amp;ssl=1 1024w, https:\/\/i1.wp.com\/sjevercg.me\/wp-content\/uploads\/2018\/01\/zla-kolata-1024x768.jpg?resize=300%2C225&amp;ssl=1 300w, https:\/\/i1.wp.com\/sjevercg.me\/wp-content\/uploads\/2018\/01\/zla-kolata-1024x768.jpg?resize=768%2C576&amp;ssl=1 768w, https:\/\/i1.wp.com\/sjevercg.me\/wp-content\/uploads\/2018\/01\/zla-kolata-1024x768.jpg?resize=80%2C60&amp;ssl=1 80w, https:\/\/i1.wp.com\/sjevercg.me\/wp-content\/uploads\/2018\/01\/zla-kolata-1024x768.jpg?resize=265%2C198&amp;ssl=1 265w, https:\/\/i1.wp.com\/sjevercg.me\/wp-content\/uploads\/2018\/01\/zla-kolata-1024x768.jpg?resize=696%2C522&amp;ssl=1 696w, https:\/\/i1.wp.com\/sjevercg.me\/wp-content\/uploads\/2018\/01\/zla-kolata-1024x768.jpg?resize=560%2C420&amp;ssl=1 560w\" alt=\"\" width=\"640\" height=\"480\" data-attachment-id=\"8050\" data-permalink=\"https:\/\/sjevercg.me\/plavljani-likuju-zbog-vrha-durmitore-je-l-ti-zao-bjelic-te-je-pretekao\/zla-kolata-1024x768\/\" data-orig-file=\"https:\/\/i1.wp.com\/sjevercg.me\/wp-content\/uploads\/2018\/01\/zla-kolata-1024x768.jpg?fit=1024%2C768&amp;ssl=1\" data-orig-size=\"1024,768\" data-comments-opened=\"1\" data-image-meta=\"{&quot;aperture&quot;:&quot;0&quot;,&quot;credit&quot;:&quot;&quot;,&quot;camera&quot;:&quot;&quot;,&quot;caption&quot;:&quot;&quot;,&quot;created_timestamp&quot;:&quot;0&quot;,&quot;copyright&quot;:&quot;&quot;,&quot;focal_length&quot;:&quot;0&quot;,&quot;iso&quot;:&quot;0&quot;,&quot;shutter_speed&quot;:&quot;0&quot;,&quot;title&quot;:&quot;&quot;,&quot;orientation&quot;:&quot;0&quot;}\" data-image-title=\"zla-kolata-1024\u00d7768\" data-image-description=\"\" data-medium-file=\"https:\/\/i1.wp.com\/sjevercg.me\/wp-content\/uploads\/2018\/01\/zla-kolata-1024x768.jpg?fit=300%2C225&amp;ssl=1\" data-large-file=\"https:\/\/i1.wp.com\/sjevercg.me\/wp-content\/uploads\/2018\/01\/zla-kolata-1024x768.jpg?fit=640%2C480&amp;ssl=1\" \/><\/p>\n<p>Plavljani i Gusinjani ne kriju zadovoljstvo \u0161to je Uprava za nekretnine na osnovu laserskog ocjenjivanja odredila da je najvi\u0161i vrh u Crnoj Gori Zla Kolata, koja se uzdi\u017ee na masivu Bjeli\u010d na Prokletijama.<\/p>\n<p>Na drugom mjestu, poslije Zle Kolate su i susjedni vrhovi Dobra Kolata (2 525 metara) i Maja Rosit (2 525 metara), pa mje\u0161tani i brojne organizacije navode da je kona\u010dno ispravljena nepravda na koju su ukazivali vi\u0161e od deceniju.<\/p>\n<p>U Turisti\u010dkoj organizaciji Plav ka\u017eu da ih ne \u010dudi \u0161to su vrhovi na Prokletijama napokon i zvani\u010dno progla\u0161eni za najvi\u0161e u Crnoj Gori, jer je to trebalo da se uradi odavno.<\/p>\n<p>\u201cUostalom, mi smo to odavno znali, kao i brojni planinari iz Crne Gore i okru\u017eenja, Evrope i svijeta koji su dolazili u na\u0161e krajeve\u201d, dodaju oni.<\/p>\n<p>Iz TO Plav podsje\u0107aju da je Prokletije 2007. godine posjetio i\u00a0Englez\u00a0<strong>\u0110in\u0111i Fulen,<\/strong>\u00a0ina\u010de Ginisov rekorder po broju osvojenih najvi\u0161ih planinskih vrhova zemalja u svijetu.<\/p>\n<p>\u201cUz pomo\u0107 \u010dlanova planinarskih klubova Hrid i Prokletije, Fulen je krajem avgusta 2007. godine boravio u Plavu, i osvojio Zlu Kolatu i Dobru Kolatu, a dva dana prije toga oni su osvojili i planinski vrh Maja e Rosit na planini Bjeli\u010d. U ovoj ekspediciji u\u010destvovalo je 13 planinara, a te godine Crna Gora je bila 154. zemlja svijeta u kojoj je osvojio najvi\u0161i vrh\u201d, dodaju oni.<\/p>\n<div class=\"code-block code-block-13\">\u00a0<\/div>\n<p>Sli\u010dnog mi\u0161ljenja je i\u00a0<strong>Enes Dre\u0161kovi\u0107<\/strong>\u00a0iz Planinarsko-sportskog dru\u0161tva Hrid koji ka\u017ee da je kona\u010dno dokazano da su bili u pravu.<\/p>\n<p>\u201cSada se jo\u0161 ja\u010de mo\u017eemo uspraviti i re\u0107i da smo prvi u onome \u0161to nas je Bog najvi\u0161e nagradio, a to je priroda koju \u010duvaju svi okolni vrhovi i bajrak na Kolate. Samo da ne zaboravimo izvorni lokalni naziv Kollata e keqe , kao i za sve ostale vrhove\u201d, isti\u010de Dre\u0161kovi\u0107.<\/p>\n<p><img loading=\"lazy\" decoding=\"async\" class=\"alignnone size-full wp-image-8051 td-animation-stack-type0-2\" src=\"https:\/\/i1.wp.com\/sjevercg.me\/wp-content\/uploads\/2018\/01\/ZlaKolata-1000x555-1.jpg?resize=640%2C355&amp;ssl=1\" sizes=\"(max-width: 640px) 100vw, 640px\" srcset=\"https:\/\/i1.wp.com\/sjevercg.me\/wp-content\/uploads\/2018\/01\/ZlaKolata-1000x555-1.jpg?w=1000&amp;ssl=1 1000w, https:\/\/i1.wp.com\/sjevercg.me\/wp-content\/uploads\/2018\/01\/ZlaKolata-1000x555-1.jpg?resize=300%2C167&amp;ssl=1 300w, https:\/\/i1.wp.com\/sjevercg.me\/wp-content\/uploads\/2018\/01\/ZlaKolata-1000x555-1.jpg?resize=768%2C426&amp;ssl=1 768w, https:\/\/i1.wp.com\/sjevercg.me\/wp-content\/uploads\/2018\/01\/ZlaKolata-1000x555-1.jpg?resize=696%2C385&amp;ssl=1 696w, https:\/\/i1.wp.com\/sjevercg.me\/wp-content\/uploads\/2018\/01\/ZlaKolata-1000x555-1.jpg?resize=757%2C420&amp;ssl=1 757w\" alt=\"\" width=\"640\" height=\"354\" data-attachment-id=\"8051\" data-permalink=\"https:\/\/sjevercg.me\/plavljani-likuju-zbog-vrha-durmitore-je-l-ti-zao-bjelic-te-je-pretekao\/zlakolata-1000x555-1\/\" data-orig-file=\"https:\/\/i1.wp.com\/sjevercg.me\/wp-content\/uploads\/2018\/01\/ZlaKolata-1000x555-1.jpg?fit=1000%2C555&amp;ssl=1\" data-orig-size=\"1000,555\" data-comments-opened=\"1\" data-image-meta=\"{&quot;aperture&quot;:&quot;0&quot;,&quot;credit&quot;:&quot;&quot;,&quot;camera&quot;:&quot;&quot;,&quot;caption&quot;:&quot;&quot;,&quot;created_timestamp&quot;:&quot;0&quot;,&quot;copyright&quot;:&quot;&quot;,&quot;focal_length&quot;:&quot;0&quot;,&quot;iso&quot;:&quot;0&quot;,&quot;shutter_speed&quot;:&quot;0&quot;,&quot;title&quot;:&quot;&quot;,&quot;orientation&quot;:&quot;0&quot;}\" data-image-title=\"ZlaKolata-1000\u00d7555-1\" data-image-description=\"\" data-medium-file=\"https:\/\/i1.wp.com\/sjevercg.me\/wp-content\/uploads\/2018\/01\/ZlaKolata-1000x555-1.jpg?fit=300%2C167&amp;ssl=1\" data-large-file=\"https:\/\/i1.wp.com\/sjevercg.me\/wp-content\/uploads\/2018\/01\/ZlaKolata-1000x555-1.jpg?fit=640%2C355&amp;ssl=1\" \/><\/p>\n<p>Prema njegovom mi\u0161ljenju, neshvatljivo je da se dr\u017eavni organi i institucije me\u0111usobno jo\u0161 nijesu usaglasili i postavili zvani\u010dnu informaciju.<\/p>\n<p>\u201c\u017divimo u vremenima kada se mnogi slu\u017ee izmi\u0161ljenim pri\u0107ama i legendama samo da budu u ne\u010demu prvi i najve\u0107i a mi to imamo, vidimo i posje\u0107ujemo. Sve je bilo dokazivo ali nepriznato. Ovo je trebalo uraditi mnogo prije, pa i prije progla\u0161enja Nacionalnog parka, jer je to jo\u0161 jedna razvojna \u0161ansa parka i promocija istog. Zamislite samo koliki je to magnet za posjetioce-dolaze u novi NP i u njemu na najvi\u0161i Crne Gore? Sada vidite za\u0161to smo s pravom negodovali i za\u0161to smo svjesni koliko smo kroz vrijeme izgubili. Opet da se vratimo unazad-to je bila i dr\u017eavna neodgovornost jer je u pitanju\u00a0 sama granica sa susjednom Albanijom, i toliko godina smo se odrekli svoje teritorije\u201d, konstatuje Dre\u0161kovi\u0107.<\/p>\n<p>Iz TO Plav ne \u017eele da komentari\u0161u za\u0161to vrhovi na Prokletijama odavno nijesu bili progla\u0161eni za najvi\u0161e.<\/p>\n<p>\u201cNas sada to i ne treba da zanima. Treba da razmi\u0161ljamo o realizaciji novih projekata i ideja. U \u010demu je tu bio problem, to neka vide oni koji su za to bili odgovorni. Pa nijesu valjda planine porasle preko no\u0107i. Jedino ako ih ovaj zemljotres na Visitoru nije pomjerio\u201d, \u0161aljivo konstatuju iz TO.<\/p>\n<p>A po dru\u0161tvenim mre\u017eama ve\u0107 se prote\u017eu stihovi \u201cDurmitore, je l\u2019 ti \u017eao Bjeli\u010d te je pretekao\u201d, budu\u0107i da je vrh na Durmitoru Bobotov kuk sa 2 523 metra skinut sa trona i potisnut na \u010detvrto mjesto.<\/p>\n<p><b>Izvor: CDM.me<\/b><\/p>\n","protected":false},"excerpt":{"rendered":"<p>Plavljani i Gusinjani ne kriju zadovoljstvo \u0161to je Uprava za nekretnine na osnovu laserskog ocjenjivanja odredila da je najvi\u0161i vrh u Crnoj Gori Zla Kolata, koja se uzdi\u017ee na masivu Bjeli\u010d na Prokletijama. Na drugom mjestu, poslije Zle Kolate su i susjedni vrhovi Dobra Kolata (2 525 metara) i Maja Rosit (2 525 metara), pa [&hellip;]<\/p>\n","protected":false},"author":509,"featured_media":201538,"comment_status":"open","ping_status":"open","sticky":false,"template":"","format":"standard","meta":{"footnotes":""},"categories":[399,5,10173],"tags":[],"class_list":{"0":"post-201518","1":"post","2":"type-post","3":"status-publish","4":"format-standard","5":"has-post-thumbnail","7":"category-plav_","8":"category-drustvo","9":"category-gusinje-vase-vijesti"},"yoast_head":"<!-- This site is optimized with the Yoast SEO Premium plugin v23.1 (Yoast SEO v24.9) - https:\/\/yoast.com\/wordpress\/plugins\/seo\/ -->\n<title>Plavljani likuju zbog vrha: Durmitore, je l\u2019 ti \u017eao, Bjeli\u010d te je pretekao<\/title>\n<meta name=\"robots\" content=\"index, follow, max-snippet:-1, max-image-preview:large, max-video-preview:-1\" \/>\n<link rel=\"canonical\" href=\"https:\/\/sandzakpress.net\/arhiva\/plavljani-likuju-zbog-vrha-durmitore-je-l-ti-zao-bjelic-te-je-pretekao\/\" \/>\n<meta property=\"og:locale\" content=\"bs_BA\" \/>\n<meta property=\"og:type\" content=\"article\" \/>\n<meta property=\"og:title\" content=\"Plavljani likuju zbog vrha: Durmitore, je l\u2019 ti \u017eao, Bjeli\u010d te je pretekao\" \/>\n<meta property=\"og:description\" content=\"Plavljani i Gusinjani ne kriju zadovoljstvo \u0161to je Uprava za nekretnine na osnovu laserskog ocjenjivanja odredila da je najvi\u0161i vrh u Crnoj Gori Zla Kolata, koja se uzdi\u017ee na masivu Bjeli\u010d na Prokletijama. Na drugom mjestu, poslije Zle Kolate su i susjedni vrhovi Dobra Kolata (2 525 metara) i Maja Rosit (2 525 metara), pa [&hellip;]\" \/>\n<meta property=\"og:url\" content=\"https:\/\/sandzakpress.net\/arhiva\/plavljani-likuju-zbog-vrha-durmitore-je-l-ti-zao-bjelic-te-je-pretekao\/\" \/>\n<meta property=\"og:site_name\" content=\"Sand\u017eak PRESS\" \/>\n<meta property=\"article:published_time\" content=\"2018-01-23T12:30:58+00:00\" \/>\n<meta property=\"og:image\" content=\"https:\/\/sandzakpress.net\/arhiva\/wp-content\/uploads\/2018\/01\/zla-kolata-1024x768.jpg\" \/>\n\t<meta property=\"og:image:width\" content=\"640\" \/>\n\t<meta property=\"og:image:height\" content=\"480\" \/>\n\t<meta property=\"og:image:type\" content=\"image\/jpeg\" \/>\n<meta name=\"author\" content=\"Agencija\" \/>\n<meta name=\"twitter:card\" content=\"summary_large_image\" \/>\n<meta name=\"twitter:label1\" content=\"Written by\" \/>\n\t<meta name=\"twitter:data1\" content=\"Agencija\" \/>\n\t<meta name=\"twitter:label2\" content=\"Est. reading time\" \/>\n\t<meta name=\"twitter:data2\" content=\"3 minute\" \/>\n<script type=\"application\/ld+json\" class=\"yoast-schema-graph\">{\"@context\":\"https:\/\/schema.org\",\"@graph\":[{\"@type\":\"Article\",\"@id\":\"https:\/\/sandzakpress.net\/arhiva\/plavljani-likuju-zbog-vrha-durmitore-je-l-ti-zao-bjelic-te-je-pretekao\/#article\",\"isPartOf\":{\"@id\":\"https:\/\/sandzakpress.net\/arhiva\/plavljani-likuju-zbog-vrha-durmitore-je-l-ti-zao-bjelic-te-je-pretekao\/\"},\"author\":{\"name\":\"Agencija\",\"@id\":\"https:\/\/sandzakpress.net\/arhiva\/#\/schema\/person\/cb59d7e3ab91ab90dd680ad0305a6185\"},\"headline\":\"Plavljani likuju zbog vrha: Durmitore, je l\u2019 ti \u017eao, Bjeli\u010d te je pretekao\",\"datePublished\":\"2018-01-23T12:30:58+00:00\",\"mainEntityOfPage\":{\"@id\":\"https:\/\/sandzakpress.net\/arhiva\/plavljani-likuju-zbog-vrha-durmitore-je-l-ti-zao-bjelic-te-je-pretekao\/\"},\"wordCount\":598,\"commentCount\":1,\"publisher\":{\"@id\":\"https:\/\/sandzakpress.net\/arhiva\/#\/schema\/person\/6e72b67d6e51910a1117b3b483ba20bd\"},\"image\":{\"@id\":\"https:\/\/sandzakpress.net\/arhiva\/plavljani-likuju-zbog-vrha-durmitore-je-l-ti-zao-bjelic-te-je-pretekao\/#primaryimage\"},\"thumbnailUrl\":\"https:\/\/sandzakpress.net\/arhiva\/wp-content\/uploads\/2018\/01\/zla-kolata-1024x768.jpg\",\"articleSection\":[\"Plav\",\"Dru\u0161tvo\",\"Gusinje\"],\"inLanguage\":\"bs-BA\",\"potentialAction\":[{\"@type\":\"CommentAction\",\"name\":\"Comment\",\"target\":[\"https:\/\/sandzakpress.net\/arhiva\/plavljani-likuju-zbog-vrha-durmitore-je-l-ti-zao-bjelic-te-je-pretekao\/#respond\"]}]},{\"@type\":\"WebPage\",\"@id\":\"https:\/\/sandzakpress.net\/arhiva\/plavljani-likuju-zbog-vrha-durmitore-je-l-ti-zao-bjelic-te-je-pretekao\/\",\"url\":\"https:\/\/sandzakpress.net\/arhiva\/plavljani-likuju-zbog-vrha-durmitore-je-l-ti-zao-bjelic-te-je-pretekao\/\",\"name\":\"Plavljani likuju zbog vrha: Durmitore, je l\u2019 ti \u017eao, Bjeli\u010d te je pretekao\",\"isPartOf\":{\"@id\":\"https:\/\/sandzakpress.net\/arhiva\/#website\"},\"primaryImageOfPage\":{\"@id\":\"https:\/\/sandzakpress.net\/arhiva\/plavljani-likuju-zbog-vrha-durmitore-je-l-ti-zao-bjelic-te-je-pretekao\/#primaryimage\"},\"image\":{\"@id\":\"https:\/\/sandzakpress.net\/arhiva\/plavljani-likuju-zbog-vrha-durmitore-je-l-ti-zao-bjelic-te-je-pretekao\/#primaryimage\"},\"thumbnailUrl\":\"https:\/\/sandzakpress.net\/arhiva\/wp-content\/uploads\/2018\/01\/zla-kolata-1024x768.jpg\",\"datePublished\":\"2018-01-23T12:30:58+00:00\",\"breadcrumb\":{\"@id\":\"https:\/\/sandzakpress.net\/arhiva\/plavljani-likuju-zbog-vrha-durmitore-je-l-ti-zao-bjelic-te-je-pretekao\/#breadcrumb\"},\"inLanguage\":\"bs-BA\",\"potentialAction\":[{\"@type\":\"ReadAction\",\"target\":[\"https:\/\/sandzakpress.net\/arhiva\/plavljani-likuju-zbog-vrha-durmitore-je-l-ti-zao-bjelic-te-je-pretekao\/\"]}]},{\"@type\":\"ImageObject\",\"inLanguage\":\"bs-BA\",\"@id\":\"https:\/\/sandzakpress.net\/arhiva\/plavljani-likuju-zbog-vrha-durmitore-je-l-ti-zao-bjelic-te-je-pretekao\/#primaryimage\",\"url\":\"https:\/\/sandzakpress.net\/arhiva\/wp-content\/uploads\/2018\/01\/zla-kolata-1024x768.jpg\",\"contentUrl\":\"https:\/\/sandzakpress.net\/arhiva\/wp-content\/uploads\/2018\/01\/zla-kolata-1024x768.jpg\",\"width\":640,\"height\":480},{\"@type\":\"BreadcrumbList\",\"@id\":\"https:\/\/sandzakpress.net\/arhiva\/plavljani-likuju-zbog-vrha-durmitore-je-l-ti-zao-bjelic-te-je-pretekao\/#breadcrumb\",\"itemListElement\":[{\"@type\":\"ListItem\",\"position\":1,\"name\":\"Home\",\"item\":\"https:\/\/sandzakpress.net\/arhiva\/\"},{\"@type\":\"ListItem\",\"position\":2,\"name\":\"Plavljani likuju zbog vrha: Durmitore, je l\u2019 ti \u017eao, Bjeli\u010d te je pretekao\"}]},{\"@type\":\"WebSite\",\"@id\":\"https:\/\/sandzakpress.net\/arhiva\/#website\",\"url\":\"https:\/\/sandzakpress.net\/arhiva\/\",\"name\":\"Sand\u017eak PRESS\",\"description\":\"Prve elektronske novine u Sand\u017eaku\",\"publisher\":{\"@id\":\"https:\/\/sandzakpress.net\/arhiva\/#\/schema\/person\/6e72b67d6e51910a1117b3b483ba20bd\"},\"potentialAction\":[{\"@type\":\"SearchAction\",\"target\":{\"@type\":\"EntryPoint\",\"urlTemplate\":\"https:\/\/sandzakpress.net\/arhiva\/?s={search_term_string}\"},\"query-input\":{\"@type\":\"PropertyValueSpecification\",\"valueRequired\":true,\"valueName\":\"search_term_string\"}}],\"inLanguage\":\"bs-BA\"},{\"@type\":[\"Person\",\"Organization\"],\"@id\":\"https:\/\/sandzakpress.net\/arhiva\/#\/schema\/person\/6e72b67d6e51910a1117b3b483ba20bd\",\"name\":\"Kul\",\"image\":{\"@type\":\"ImageObject\",\"inLanguage\":\"bs-BA\",\"@id\":\"https:\/\/sandzakpress.net\/arhiva\/#\/schema\/person\/image\/\",\"url\":\"https:\/\/secure.gravatar.com\/avatar\/42263f39aa27ac04c43cab85c280eb2e?s=96&d=mm&r=pg\",\"contentUrl\":\"https:\/\/secure.gravatar.com\/avatar\/42263f39aa27ac04c43cab85c280eb2e?s=96&d=mm&r=pg\",\"caption\":\"Kul\"},\"logo\":{\"@id\":\"https:\/\/sandzakpress.net\/arhiva\/#\/schema\/person\/image\/\"}},{\"@type\":\"Person\",\"@id\":\"https:\/\/sandzakpress.net\/arhiva\/#\/schema\/person\/cb59d7e3ab91ab90dd680ad0305a6185\",\"name\":\"Agencija\",\"image\":{\"@type\":\"ImageObject\",\"inLanguage\":\"bs-BA\",\"@id\":\"https:\/\/sandzakpress.net\/arhiva\/#\/schema\/person\/image\/\",\"url\":\"https:\/\/secure.gravatar.com\/avatar\/4b7fafa80a22f0c2afe23966b3961fe0?s=96&d=mm&r=pg\",\"contentUrl\":\"https:\/\/secure.gravatar.com\/avatar\/4b7fafa80a22f0c2afe23966b3961fe0?s=96&d=mm&r=pg\",\"caption\":\"Agencija\"},\"url\":\"https:\/\/sandzakpress.net\/arhiva\/author\/agencija\/\"}]}<\/script>\n<!-- \/ Yoast SEO Premium plugin. -->","yoast_head_json":{"title":"Plavljani likuju zbog vrha: Durmitore, je l\u2019 ti \u017eao, Bjeli\u010d te je pretekao","robots":{"index":"index","follow":"follow","max-snippet":"max-snippet:-1","max-image-preview":"max-image-preview:large","max-video-preview":"max-video-preview:-1"},"canonical":"https:\/\/sandzakpress.net\/arhiva\/plavljani-likuju-zbog-vrha-durmitore-je-l-ti-zao-bjelic-te-je-pretekao\/","og_locale":"bs_BA","og_type":"article","og_title":"Plavljani likuju zbog vrha: Durmitore, je l\u2019 ti \u017eao, Bjeli\u010d te je pretekao","og_description":"Plavljani i Gusinjani ne kriju zadovoljstvo \u0161to je Uprava za nekretnine na osnovu laserskog ocjenjivanja odredila da je najvi\u0161i vrh u Crnoj Gori Zla Kolata, koja se uzdi\u017ee na masivu Bjeli\u010d na Prokletijama. Na drugom mjestu, poslije Zle Kolate su i susjedni vrhovi Dobra Kolata (2 525 metara) i Maja Rosit (2 525 metara), pa [&hellip;]","og_url":"https:\/\/sandzakpress.net\/arhiva\/plavljani-likuju-zbog-vrha-durmitore-je-l-ti-zao-bjelic-te-je-pretekao\/","og_site_name":"Sand\u017eak PRESS","article_published_time":"2018-01-23T12:30:58+00:00","og_image":[{"width":640,"height":480,"url":"https:\/\/sandzakpress.net\/arhiva\/wp-content\/uploads\/2018\/01\/zla-kolata-1024x768.jpg","type":"image\/jpeg"}],"author":"Agencija","twitter_card":"summary_large_image","twitter_misc":{"Written by":"Agencija","Est. reading time":"3 minute"},"schema":{"@context":"https:\/\/schema.org","@graph":[{"@type":"Article","@id":"https:\/\/sandzakpress.net\/arhiva\/plavljani-likuju-zbog-vrha-durmitore-je-l-ti-zao-bjelic-te-je-pretekao\/#article","isPartOf":{"@id":"https:\/\/sandzakpress.net\/arhiva\/plavljani-likuju-zbog-vrha-durmitore-je-l-ti-zao-bjelic-te-je-pretekao\/"},"author":{"name":"Agencija","@id":"https:\/\/sandzakpress.net\/arhiva\/#\/schema\/person\/cb59d7e3ab91ab90dd680ad0305a6185"},"headline":"Plavljani likuju zbog vrha: Durmitore, je l\u2019 ti \u017eao, Bjeli\u010d te je pretekao","datePublished":"2018-01-23T12:30:58+00:00","mainEntityOfPage":{"@id":"https:\/\/sandzakpress.net\/arhiva\/plavljani-likuju-zbog-vrha-durmitore-je-l-ti-zao-bjelic-te-je-pretekao\/"},"wordCount":598,"commentCount":1,"publisher":{"@id":"https:\/\/sandzakpress.net\/arhiva\/#\/schema\/person\/6e72b67d6e51910a1117b3b483ba20bd"},"image":{"@id":"https:\/\/sandzakpress.net\/arhiva\/plavljani-likuju-zbog-vrha-durmitore-je-l-ti-zao-bjelic-te-je-pretekao\/#primaryimage"},"thumbnailUrl":"https:\/\/sandzakpress.net\/arhiva\/wp-content\/uploads\/2018\/01\/zla-kolata-1024x768.jpg","articleSection":["Plav","Dru\u0161tvo","Gusinje"],"inLanguage":"bs-BA","potentialAction":[{"@type":"CommentAction","name":"Comment","target":["https:\/\/sandzakpress.net\/arhiva\/plavljani-likuju-zbog-vrha-durmitore-je-l-ti-zao-bjelic-te-je-pretekao\/#respond"]}]},{"@type":"WebPage","@id":"https:\/\/sandzakpress.net\/arhiva\/plavljani-likuju-zbog-vrha-durmitore-je-l-ti-zao-bjelic-te-je-pretekao\/","url":"https:\/\/sandzakpress.net\/arhiva\/plavljani-likuju-zbog-vrha-durmitore-je-l-ti-zao-bjelic-te-je-pretekao\/","name":"Plavljani likuju zbog vrha: Durmitore, je l\u2019 ti \u017eao, Bjeli\u010d te je pretekao","isPartOf":{"@id":"https:\/\/sandzakpress.net\/arhiva\/#website"},"primaryImageOfPage":{"@id":"https:\/\/sandzakpress.net\/arhiva\/plavljani-likuju-zbog-vrha-durmitore-je-l-ti-zao-bjelic-te-je-pretekao\/#primaryimage"},"image":{"@id":"https:\/\/sandzakpress.net\/arhiva\/plavljani-likuju-zbog-vrha-durmitore-je-l-ti-zao-bjelic-te-je-pretekao\/#primaryimage"},"thumbnailUrl":"https:\/\/sandzakpress.net\/arhiva\/wp-content\/uploads\/2018\/01\/zla-kolata-1024x768.jpg","datePublished":"2018-01-23T12:30:58+00:00","breadcrumb":{"@id":"https:\/\/sandzakpress.net\/arhiva\/plavljani-likuju-zbog-vrha-durmitore-je-l-ti-zao-bjelic-te-je-pretekao\/#breadcrumb"},"inLanguage":"bs-BA","potentialAction":[{"@type":"ReadAction","target":["https:\/\/sandzakpress.net\/arhiva\/plavljani-likuju-zbog-vrha-durmitore-je-l-ti-zao-bjelic-te-je-pretekao\/"]}]},{"@type":"ImageObject","inLanguage":"bs-BA","@id":"https:\/\/sandzakpress.net\/arhiva\/plavljani-likuju-zbog-vrha-durmitore-je-l-ti-zao-bjelic-te-je-pretekao\/#primaryimage","url":"https:\/\/sandzakpress.net\/arhiva\/wp-content\/uploads\/2018\/01\/zla-kolata-1024x768.jpg","contentUrl":"https:\/\/sandzakpress.net\/arhiva\/wp-content\/uploads\/2018\/01\/zla-kolata-1024x768.jpg","width":640,"height":480},{"@type":"BreadcrumbList","@id":"https:\/\/sandzakpress.net\/arhiva\/plavljani-likuju-zbog-vrha-durmitore-je-l-ti-zao-bjelic-te-je-pretekao\/#breadcrumb","itemListElement":[{"@type":"ListItem","position":1,"name":"Home","item":"https:\/\/sandzakpress.net\/arhiva\/"},{"@type":"ListItem","position":2,"name":"Plavljani likuju zbog vrha: Durmitore, je l\u2019 ti \u017eao, Bjeli\u010d te je pretekao"}]},{"@type":"WebSite","@id":"https:\/\/sandzakpress.net\/arhiva\/#website","url":"https:\/\/sandzakpress.net\/arhiva\/","name":"Sand\u017eak PRESS","description":"Prve elektronske novine u Sand\u017eaku","publisher":{"@id":"https:\/\/sandzakpress.net\/arhiva\/#\/schema\/person\/6e72b67d6e51910a1117b3b483ba20bd"},"potentialAction":[{"@type":"SearchAction","target":{"@type":"EntryPoint","urlTemplate":"https:\/\/sandzakpress.net\/arhiva\/?s={search_term_string}"},"query-input":{"@type":"PropertyValueSpecification","valueRequired":true,"valueName":"search_term_string"}}],"inLanguage":"bs-BA"},{"@type":["Person","Organization"],"@id":"https:\/\/sandzakpress.net\/arhiva\/#\/schema\/person\/6e72b67d6e51910a1117b3b483ba20bd","name":"Kul","image":{"@type":"ImageObject","inLanguage":"bs-BA","@id":"https:\/\/sandzakpress.net\/arhiva\/#\/schema\/person\/image\/","url":"https:\/\/secure.gravatar.com\/avatar\/42263f39aa27ac04c43cab85c280eb2e?s=96&d=mm&r=pg","contentUrl":"https:\/\/secure.gravatar.com\/avatar\/42263f39aa27ac04c43cab85c280eb2e?s=96&d=mm&r=pg","caption":"Kul"},"logo":{"@id":"https:\/\/sandzakpress.net\/arhiva\/#\/schema\/person\/image\/"}},{"@type":"Person","@id":"https:\/\/sandzakpress.net\/arhiva\/#\/schema\/person\/cb59d7e3ab91ab90dd680ad0305a6185","name":"Agencija","image":{"@type":"ImageObject","inLanguage":"bs-BA","@id":"https:\/\/sandzakpress.net\/arhiva\/#\/schema\/person\/image\/","url":"https:\/\/secure.gravatar.com\/avatar\/4b7fafa80a22f0c2afe23966b3961fe0?s=96&d=mm&r=pg","contentUrl":"https:\/\/secure.gravatar.com\/avatar\/4b7fafa80a22f0c2afe23966b3961fe0?s=96&d=mm&r=pg","caption":"Agencija"},"url":"https:\/\/sandzakpress.net\/arhiva\/author\/agencija\/"}]}},"_links":{"self":[{"href":"https:\/\/sandzakpress.net\/arhiva\/wp-json\/wp\/v2\/posts\/201518"}],"collection":[{"href":"https:\/\/sandzakpress.net\/arhiva\/wp-json\/wp\/v2\/posts"}],"about":[{"href":"https:\/\/sandzakpress.net\/arhiva\/wp-json\/wp\/v2\/types\/post"}],"author":[{"embeddable":true,"href":"https:\/\/sandzakpress.net\/arhiva\/wp-json\/wp\/v2\/users\/509"}],"replies":[{"embeddable":true,"href":"https:\/\/sandzakpress.net\/arhiva\/wp-json\/wp\/v2\/comments?post=201518"}],"version-history":[{"count":0,"href":"https:\/\/sandzakpress.net\/arhiva\/wp-json\/wp\/v2\/posts\/201518\/revisions"}],"wp:featuredmedia":[{"embeddable":true,"href":"https:\/\/sandzakpress.net\/arhiva\/wp-json\/wp\/v2\/media\/201538"}],"wp:attachment":[{"href":"https:\/\/sandzakpress.net\/arhiva\/wp-json\/wp\/v2\/media?parent=201518"}],"wp:term":[{"taxonomy":"category","embeddable":true,"href":"https:\/\/sandzakpress.net\/arhiva\/wp-json\/wp\/v2\/categories?post=201518"},{"taxonomy":"post_tag","embeddable":true,"href":"https:\/\/sandzakpress.net\/arhiva\/wp-json\/wp\/v2\/tags?post=201518"}],"curies":[{"name":"wp","href":"https:\/\/api.w.org\/{rel}","templated":true}]}}