{"id":20138,"date":"2011-09-15T11:10:46","date_gmt":"2011-09-15T09:10:46","guid":{"rendered":"https:\/\/sandzakpress.net\/arhiva\/?p=20138"},"modified":"2011-09-15T11:10:46","modified_gmt":"2011-09-15T09:10:46","slug":"djeca-gaze-pozvala-erdogana-da-ih-posjeti","status":"publish","type":"post","link":"https:\/\/sandzakpress.net\/arhiva\/djeca-gaze-pozvala-erdogana-da-ih-posjeti\/","title":{"rendered":"Djeca Gaze pozvala Erdogana da ih posjeti"},"content":{"rendered":"<p><strong><a href=\"https:\/\/sandzakpress.net\/arhiva\/wp-content\/uploads\/2011\/09\/31.jpg\"><img loading=\"lazy\" decoding=\"async\" class=\"alignleft size-medium wp-image-20139\" title=\"3\" src=\"https:\/\/sandzakpress.net\/arhiva\/wp-content\/uploads\/2011\/09\/31-199x300.jpg\" alt=\"\" width=\"199\" height=\"300\" \/><\/a>Palestina &#8211; Stotine djece okupilo se ju\u010de u Gazi ispred spomenika sagra\u0111enog u  spomen na \u017ertve izraelskog krvavog napada na turski brod Mavi Marmara  iskazuju\u0107i svoju ljubav prema premijeru Turske, Red\u017eepu Tajipu Erdoganu. <\/strong><\/p>\n<p>Nose\u0107i turske zastave i plakate premijera Erdogana, djeca su  uzvikivala parole kako &#8220;palestinski narod \u017eeli Erdogana\u201d, da \u017eele da im  do\u0111e u posjetu i probije blokadu.<\/p>\n<p>Govore\u0107i u ime djece, palestinski dje\u010dak Ahmed Fahri je rekao da  izraelski vojnici ubijaju djecu Gaze svojim tenkovima i avionima,  dodaju\u0107i da je samo jedna osoba ustala protiv njih.<\/p>\n<p>Fahri je dodao kako Erdogan brani djecu Gaze, i da ga djeca zbog toga  jako vole, zbog \u010dega su \u0161kole, radnje a i djeca dobila ime po njemu.<\/p>\n<p>Izvor:<strong> IslamBosna.ba<\/strong><\/p>\n","protected":false},"excerpt":{"rendered":"<p>Palestina &#8211; Stotine djece okupilo se ju\u010de u Gazi ispred spomenika sagra\u0111enog u spomen na \u017ertve izraelskog krvavog napada na turski brod Mavi Marmara iskazuju\u0107i svoju ljubav prema premijeru Turske, Red\u017eepu Tajipu Erdoganu. Nose\u0107i turske zastave i plakate premijera Erdogana, djeca su uzvikivala parole kako &#8220;palestinski narod \u017eeli Erdogana\u201d, da \u017eele da im do\u0111e u [&hellip;]<\/p>\n","protected":false},"author":13,"featured_media":20139,"comment_status":"open","ping_status":"open","sticky":false,"template":"","format":"standard","meta":{"footnotes":""},"categories":[9],"tags":[],"class_list":{"0":"post-20138","1":"post","2":"type-post","3":"status-publish","4":"format-standard","5":"has-post-thumbnail","7":"category-svijet"},"yoast_head":"<!-- This site is optimized with the Yoast SEO Premium plugin v23.1 (Yoast SEO v24.9) - https:\/\/yoast.com\/wordpress\/plugins\/seo\/ -->\n<title>Djeca Gaze pozvala Erdogana da ih posjeti<\/title>\n<meta name=\"robots\" content=\"index, follow, max-snippet:-1, max-image-preview:large, max-video-preview:-1\" \/>\n<link rel=\"canonical\" href=\"https:\/\/sandzakpress.net\/arhiva\/djeca-gaze-pozvala-erdogana-da-ih-posjeti\/\" \/>\n<meta property=\"og:locale\" content=\"bs_BA\" \/>\n<meta property=\"og:type\" content=\"article\" \/>\n<meta property=\"og:title\" content=\"Djeca Gaze pozvala Erdogana da ih posjeti\" \/>\n<meta property=\"og:description\" content=\"Palestina &#8211; Stotine djece okupilo se ju\u010de u Gazi ispred spomenika sagra\u0111enog u spomen na \u017ertve izraelskog krvavog napada na turski brod Mavi Marmara iskazuju\u0107i svoju ljubav prema premijeru Turske, Red\u017eepu Tajipu Erdoganu. Nose\u0107i turske zastave i plakate premijera Erdogana, djeca su uzvikivala parole kako &#8220;palestinski narod \u017eeli Erdogana\u201d, da \u017eele da im do\u0111e u [&hellip;]\" \/>\n<meta property=\"og:url\" content=\"https:\/\/sandzakpress.net\/arhiva\/djeca-gaze-pozvala-erdogana-da-ih-posjeti\/\" \/>\n<meta property=\"og:site_name\" content=\"Sand\u017eak PRESS\" \/>\n<meta property=\"article:published_time\" content=\"2011-09-15T09:10:46+00:00\" \/>\n<meta property=\"og:image\" content=\"https:\/\/sandzakpress.net\/arhiva\/wp-content\/uploads\/2011\/09\/31.jpg\" \/>\n\t<meta property=\"og:image:width\" content=\"478\" \/>\n\t<meta property=\"og:image:height\" content=\"720\" \/>\n\t<meta property=\"og:image:type\" content=\"image\/jpeg\" \/>\n<meta name=\"twitter:card\" content=\"summary_large_image\" \/>\n<meta name=\"twitter:label1\" content=\"Written by\" \/>\n\t<meta name=\"twitter:data1\" content=\"\" \/>\n\t<meta name=\"twitter:label2\" content=\"Est. reading time\" \/>\n\t<meta name=\"twitter:data2\" content=\"1 minuta\" \/>\n<script type=\"application\/ld+json\" class=\"yoast-schema-graph\">{\"@context\":\"https:\/\/schema.org\",\"@graph\":[{\"@type\":\"Article\",\"@id\":\"https:\/\/sandzakpress.net\/arhiva\/djeca-gaze-pozvala-erdogana-da-ih-posjeti\/#article\",\"isPartOf\":{\"@id\":\"https:\/\/sandzakpress.net\/arhiva\/djeca-gaze-pozvala-erdogana-da-ih-posjeti\/\"},\"author\":{\"name\":\"\",\"@id\":\"\"},\"headline\":\"Djeca Gaze pozvala Erdogana da ih posjeti\",\"datePublished\":\"2011-09-15T09:10:46+00:00\",\"mainEntityOfPage\":{\"@id\":\"https:\/\/sandzakpress.net\/arhiva\/djeca-gaze-pozvala-erdogana-da-ih-posjeti\/\"},\"wordCount\":135,\"commentCount\":0,\"publisher\":{\"@id\":\"https:\/\/sandzakpress.net\/arhiva\/#\/schema\/person\/6e72b67d6e51910a1117b3b483ba20bd\"},\"image\":{\"@id\":\"https:\/\/sandzakpress.net\/arhiva\/djeca-gaze-pozvala-erdogana-da-ih-posjeti\/#primaryimage\"},\"thumbnailUrl\":\"https:\/\/sandzakpress.net\/arhiva\/wp-content\/uploads\/2011\/09\/31.jpg\",\"articleSection\":[\"Svijet\"],\"inLanguage\":\"bs-BA\",\"potentialAction\":[{\"@type\":\"CommentAction\",\"name\":\"Comment\",\"target\":[\"https:\/\/sandzakpress.net\/arhiva\/djeca-gaze-pozvala-erdogana-da-ih-posjeti\/#respond\"]}]},{\"@type\":\"WebPage\",\"@id\":\"https:\/\/sandzakpress.net\/arhiva\/djeca-gaze-pozvala-erdogana-da-ih-posjeti\/\",\"url\":\"https:\/\/sandzakpress.net\/arhiva\/djeca-gaze-pozvala-erdogana-da-ih-posjeti\/\",\"name\":\"Djeca Gaze pozvala Erdogana da ih posjeti\",\"isPartOf\":{\"@id\":\"https:\/\/sandzakpress.net\/arhiva\/#website\"},\"primaryImageOfPage\":{\"@id\":\"https:\/\/sandzakpress.net\/arhiva\/djeca-gaze-pozvala-erdogana-da-ih-posjeti\/#primaryimage\"},\"image\":{\"@id\":\"https:\/\/sandzakpress.net\/arhiva\/djeca-gaze-pozvala-erdogana-da-ih-posjeti\/#primaryimage\"},\"thumbnailUrl\":\"https:\/\/sandzakpress.net\/arhiva\/wp-content\/uploads\/2011\/09\/31.jpg\",\"datePublished\":\"2011-09-15T09:10:46+00:00\",\"breadcrumb\":{\"@id\":\"https:\/\/sandzakpress.net\/arhiva\/djeca-gaze-pozvala-erdogana-da-ih-posjeti\/#breadcrumb\"},\"inLanguage\":\"bs-BA\",\"potentialAction\":[{\"@type\":\"ReadAction\",\"target\":[\"https:\/\/sandzakpress.net\/arhiva\/djeca-gaze-pozvala-erdogana-da-ih-posjeti\/\"]}]},{\"@type\":\"ImageObject\",\"inLanguage\":\"bs-BA\",\"@id\":\"https:\/\/sandzakpress.net\/arhiva\/djeca-gaze-pozvala-erdogana-da-ih-posjeti\/#primaryimage\",\"url\":\"https:\/\/sandzakpress.net\/arhiva\/wp-content\/uploads\/2011\/09\/31.jpg\",\"contentUrl\":\"https:\/\/sandzakpress.net\/arhiva\/wp-content\/uploads\/2011\/09\/31.jpg\",\"width\":478,\"height\":720},{\"@type\":\"BreadcrumbList\",\"@id\":\"https:\/\/sandzakpress.net\/arhiva\/djeca-gaze-pozvala-erdogana-da-ih-posjeti\/#breadcrumb\",\"itemListElement\":[{\"@type\":\"ListItem\",\"position\":1,\"name\":\"Home\",\"item\":\"https:\/\/sandzakpress.net\/arhiva\/\"},{\"@type\":\"ListItem\",\"position\":2,\"name\":\"Djeca Gaze pozvala Erdogana da ih posjeti\"}]},{\"@type\":\"WebSite\",\"@id\":\"https:\/\/sandzakpress.net\/arhiva\/#website\",\"url\":\"https:\/\/sandzakpress.net\/arhiva\/\",\"name\":\"Sand\u017eak PRESS\",\"description\":\"Prve elektronske novine u Sand\u017eaku\",\"publisher\":{\"@id\":\"https:\/\/sandzakpress.net\/arhiva\/#\/schema\/person\/6e72b67d6e51910a1117b3b483ba20bd\"},\"potentialAction\":[{\"@type\":\"SearchAction\",\"target\":{\"@type\":\"EntryPoint\",\"urlTemplate\":\"https:\/\/sandzakpress.net\/arhiva\/?s={search_term_string}\"},\"query-input\":{\"@type\":\"PropertyValueSpecification\",\"valueRequired\":true,\"valueName\":\"search_term_string\"}}],\"inLanguage\":\"bs-BA\"},{\"@type\":[\"Person\",\"Organization\"],\"@id\":\"https:\/\/sandzakpress.net\/arhiva\/#\/schema\/person\/6e72b67d6e51910a1117b3b483ba20bd\",\"name\":\"Kul\",\"image\":{\"@type\":\"ImageObject\",\"inLanguage\":\"bs-BA\",\"@id\":\"https:\/\/sandzakpress.net\/arhiva\/#\/schema\/person\/image\/\",\"url\":\"https:\/\/secure.gravatar.com\/avatar\/42263f39aa27ac04c43cab85c280eb2e?s=96&d=mm&r=pg\",\"contentUrl\":\"https:\/\/secure.gravatar.com\/avatar\/42263f39aa27ac04c43cab85c280eb2e?s=96&d=mm&r=pg\",\"caption\":\"Kul\"},\"logo\":{\"@id\":\"https:\/\/sandzakpress.net\/arhiva\/#\/schema\/person\/image\/\"}},{\"@type\":\"Person\",\"@id\":\"\",\"url\":\"https:\/\/sandzakpress.net\/arhiva\/author\/\"}]}<\/script>\n<!-- \/ Yoast SEO Premium plugin. -->","yoast_head_json":{"title":"Djeca Gaze pozvala Erdogana da ih posjeti","robots":{"index":"index","follow":"follow","max-snippet":"max-snippet:-1","max-image-preview":"max-image-preview:large","max-video-preview":"max-video-preview:-1"},"canonical":"https:\/\/sandzakpress.net\/arhiva\/djeca-gaze-pozvala-erdogana-da-ih-posjeti\/","og_locale":"bs_BA","og_type":"article","og_title":"Djeca Gaze pozvala Erdogana da ih posjeti","og_description":"Palestina &#8211; Stotine djece okupilo se ju\u010de u Gazi ispred spomenika sagra\u0111enog u spomen na \u017ertve izraelskog krvavog napada na turski brod Mavi Marmara iskazuju\u0107i svoju ljubav prema premijeru Turske, Red\u017eepu Tajipu Erdoganu. Nose\u0107i turske zastave i plakate premijera Erdogana, djeca su uzvikivala parole kako &#8220;palestinski narod \u017eeli Erdogana\u201d, da \u017eele da im do\u0111e u [&hellip;]","og_url":"https:\/\/sandzakpress.net\/arhiva\/djeca-gaze-pozvala-erdogana-da-ih-posjeti\/","og_site_name":"Sand\u017eak PRESS","article_published_time":"2011-09-15T09:10:46+00:00","og_image":[{"width":478,"height":720,"url":"https:\/\/sandzakpress.net\/arhiva\/wp-content\/uploads\/2011\/09\/31.jpg","type":"image\/jpeg"}],"twitter_card":"summary_large_image","twitter_misc":{"Written by":"","Est. reading time":"1 minuta"},"schema":{"@context":"https:\/\/schema.org","@graph":[{"@type":"Article","@id":"https:\/\/sandzakpress.net\/arhiva\/djeca-gaze-pozvala-erdogana-da-ih-posjeti\/#article","isPartOf":{"@id":"https:\/\/sandzakpress.net\/arhiva\/djeca-gaze-pozvala-erdogana-da-ih-posjeti\/"},"author":{"name":"","@id":""},"headline":"Djeca Gaze pozvala Erdogana da ih posjeti","datePublished":"2011-09-15T09:10:46+00:00","mainEntityOfPage":{"@id":"https:\/\/sandzakpress.net\/arhiva\/djeca-gaze-pozvala-erdogana-da-ih-posjeti\/"},"wordCount":135,"commentCount":0,"publisher":{"@id":"https:\/\/sandzakpress.net\/arhiva\/#\/schema\/person\/6e72b67d6e51910a1117b3b483ba20bd"},"image":{"@id":"https:\/\/sandzakpress.net\/arhiva\/djeca-gaze-pozvala-erdogana-da-ih-posjeti\/#primaryimage"},"thumbnailUrl":"https:\/\/sandzakpress.net\/arhiva\/wp-content\/uploads\/2011\/09\/31.jpg","articleSection":["Svijet"],"inLanguage":"bs-BA","potentialAction":[{"@type":"CommentAction","name":"Comment","target":["https:\/\/sandzakpress.net\/arhiva\/djeca-gaze-pozvala-erdogana-da-ih-posjeti\/#respond"]}]},{"@type":"WebPage","@id":"https:\/\/sandzakpress.net\/arhiva\/djeca-gaze-pozvala-erdogana-da-ih-posjeti\/","url":"https:\/\/sandzakpress.net\/arhiva\/djeca-gaze-pozvala-erdogana-da-ih-posjeti\/","name":"Djeca Gaze pozvala Erdogana da ih posjeti","isPartOf":{"@id":"https:\/\/sandzakpress.net\/arhiva\/#website"},"primaryImageOfPage":{"@id":"https:\/\/sandzakpress.net\/arhiva\/djeca-gaze-pozvala-erdogana-da-ih-posjeti\/#primaryimage"},"image":{"@id":"https:\/\/sandzakpress.net\/arhiva\/djeca-gaze-pozvala-erdogana-da-ih-posjeti\/#primaryimage"},"thumbnailUrl":"https:\/\/sandzakpress.net\/arhiva\/wp-content\/uploads\/2011\/09\/31.jpg","datePublished":"2011-09-15T09:10:46+00:00","breadcrumb":{"@id":"https:\/\/sandzakpress.net\/arhiva\/djeca-gaze-pozvala-erdogana-da-ih-posjeti\/#breadcrumb"},"inLanguage":"bs-BA","potentialAction":[{"@type":"ReadAction","target":["https:\/\/sandzakpress.net\/arhiva\/djeca-gaze-pozvala-erdogana-da-ih-posjeti\/"]}]},{"@type":"ImageObject","inLanguage":"bs-BA","@id":"https:\/\/sandzakpress.net\/arhiva\/djeca-gaze-pozvala-erdogana-da-ih-posjeti\/#primaryimage","url":"https:\/\/sandzakpress.net\/arhiva\/wp-content\/uploads\/2011\/09\/31.jpg","contentUrl":"https:\/\/sandzakpress.net\/arhiva\/wp-content\/uploads\/2011\/09\/31.jpg","width":478,"height":720},{"@type":"BreadcrumbList","@id":"https:\/\/sandzakpress.net\/arhiva\/djeca-gaze-pozvala-erdogana-da-ih-posjeti\/#breadcrumb","itemListElement":[{"@type":"ListItem","position":1,"name":"Home","item":"https:\/\/sandzakpress.net\/arhiva\/"},{"@type":"ListItem","position":2,"name":"Djeca Gaze pozvala Erdogana da ih posjeti"}]},{"@type":"WebSite","@id":"https:\/\/sandzakpress.net\/arhiva\/#website","url":"https:\/\/sandzakpress.net\/arhiva\/","name":"Sand\u017eak PRESS","description":"Prve elektronske novine u Sand\u017eaku","publisher":{"@id":"https:\/\/sandzakpress.net\/arhiva\/#\/schema\/person\/6e72b67d6e51910a1117b3b483ba20bd"},"potentialAction":[{"@type":"SearchAction","target":{"@type":"EntryPoint","urlTemplate":"https:\/\/sandzakpress.net\/arhiva\/?s={search_term_string}"},"query-input":{"@type":"PropertyValueSpecification","valueRequired":true,"valueName":"search_term_string"}}],"inLanguage":"bs-BA"},{"@type":["Person","Organization"],"@id":"https:\/\/sandzakpress.net\/arhiva\/#\/schema\/person\/6e72b67d6e51910a1117b3b483ba20bd","name":"Kul","image":{"@type":"ImageObject","inLanguage":"bs-BA","@id":"https:\/\/sandzakpress.net\/arhiva\/#\/schema\/person\/image\/","url":"https:\/\/secure.gravatar.com\/avatar\/42263f39aa27ac04c43cab85c280eb2e?s=96&d=mm&r=pg","contentUrl":"https:\/\/secure.gravatar.com\/avatar\/42263f39aa27ac04c43cab85c280eb2e?s=96&d=mm&r=pg","caption":"Kul"},"logo":{"@id":"https:\/\/sandzakpress.net\/arhiva\/#\/schema\/person\/image\/"}},{"@type":"Person","@id":"","url":"https:\/\/sandzakpress.net\/arhiva\/author\/"}]}},"_links":{"self":[{"href":"https:\/\/sandzakpress.net\/arhiva\/wp-json\/wp\/v2\/posts\/20138"}],"collection":[{"href":"https:\/\/sandzakpress.net\/arhiva\/wp-json\/wp\/v2\/posts"}],"about":[{"href":"https:\/\/sandzakpress.net\/arhiva\/wp-json\/wp\/v2\/types\/post"}],"author":[{"embeddable":true,"href":"https:\/\/sandzakpress.net\/arhiva\/wp-json\/wp\/v2\/users\/13"}],"replies":[{"embeddable":true,"href":"https:\/\/sandzakpress.net\/arhiva\/wp-json\/wp\/v2\/comments?post=20138"}],"version-history":[{"count":0,"href":"https:\/\/sandzakpress.net\/arhiva\/wp-json\/wp\/v2\/posts\/20138\/revisions"}],"wp:featuredmedia":[{"embeddable":true,"href":"https:\/\/sandzakpress.net\/arhiva\/wp-json\/wp\/v2\/media\/20139"}],"wp:attachment":[{"href":"https:\/\/sandzakpress.net\/arhiva\/wp-json\/wp\/v2\/media?parent=20138"}],"wp:term":[{"taxonomy":"category","embeddable":true,"href":"https:\/\/sandzakpress.net\/arhiva\/wp-json\/wp\/v2\/categories?post=20138"},{"taxonomy":"post_tag","embeddable":true,"href":"https:\/\/sandzakpress.net\/arhiva\/wp-json\/wp\/v2\/tags?post=20138"}],"curies":[{"name":"wp","href":"https:\/\/api.w.org\/{rel}","templated":true}]}}