{"id":201269,"date":"2018-01-17T11:52:47","date_gmt":"2018-01-17T10:52:47","guid":{"rendered":"https:\/\/sandzakpress.net\/arhiva\/?p=201269"},"modified":"2018-01-17T11:52:47","modified_gmt":"2018-01-17T10:52:47","slug":"pored-opstrukcija-po-prvi-put-u-historiji-spp-na-izborima-u-beranama","status":"publish","type":"post","link":"https:\/\/sandzakpress.net\/arhiva\/pored-opstrukcija-po-prvi-put-u-historiji-spp-na-izborima-u-beranama\/","title":{"rendered":"Pored opstrukcija, po prvi put u historiji SPP na izborima u Beranama"},"content":{"rendered":"<p><img loading=\"lazy\" decoding=\"async\" class=\"alignnone size-full wp-image-35215\" src=\"http:\/\/sanapress.info\/wp-content\/uploads\/2018\/01\/viber-image-8.jpg\" alt=\"\" width=\"1280\" height=\"960\" \/><\/p>\n<p><strong>Dr\u017eavna izborna komisija (DIK) prihvatila je prigovor Stranke pravde i pomirenja, tako da je Op\u0161tinska iz izborna komisija (OIK) Berane proglasila va\u017ee\u0107om i tu listu za lokalne izbore.<\/strong><\/p>\n<p>To zna\u010di da \u0107e uprkos brojnim opstrukcijama po prvi put u historiji SPP uzeti u\u010de\u0161\u0107e na izborima u Beranama.<\/p>\n<p>Iz vrha SPP-a u Crnoj Gori poru\u010dili da se nadaju dobrom izbornom rezultatu, te da su ponosni na \u010dinjenicu da se na njihovoj izbornoj listi nalazi 50% \u017eena.<\/p>\n<p>&#8220;O\u010dekujemo dobar izborni rezultat. Moram napomenuti da nam je podr\u0161ku u prijavi liste dalo 30% gra\u0111ana\u00a0pravoslavne vjeroispovesti, \u0161to pokazuje da politika Stranke pravde i pomirenja postaje prepoznatiljiva.Zala\u017eemo se za slobodnog \u010dovjeka koji te\u017ei istinitosti, vjeri i pravdi ne ugro\u017eavaju\u0107i nikog, \u010dovjeka dobro\u010dinitelja na kome po\u010diva sretna porodica i prosperitetna zajednica&#8221; kazao je Almir Muratovi\u0107.<\/p>\n<p>Ranije je prihva\u0107eno osam lista za lokalne izbore u ovom gradu &#8211;\u00a0 &#8220;Zdravo Berane&#8221; koju \u010dine DF i SNP, \u010diji je nosilac Dragoslav \u0160\u0107eki\u0107, koalicija DPS-SD-BS sa nosiocem Bogdanom Fati\u0107em, Demos-SDP sa nosiocem Mirkom Pavi\u0107evi\u0107em,\u00a0Demokratska Crna Gora \u010diji je nosilac liste Goran Foli\u0107. Listu su predali \u00a0i Gra\u0111anski pokret URA \u010diji je nosilac liste Dragan Labudovi\u0107, zatim nezavisna lista &#8220;Rije\u010d&#8221; sa prvim na listi Velimirom \u0110uri\u0161i\u0107em, lista &#8220;Napredno Berane&#8221; kao i Gra\u0111anska lista &#8220;Glas naroda za Berane&#8221;.<\/p>\n<p>Predsjednik Op\u0161tinske izborne komiisije \u00a0Vladimir Obradovi\u0107 je rekao da \u010de sjutra biti odlu\u010den dan \u017erijebanja za redosljed na izbornom listi\u0107u, ali da \u0107e to najvjerovatnije biti u srijedu ili \u010detvrtak.<\/p>\n<p>Lokalni izbori u Beranama zakazani su za 4. februar.<\/p>\n<p>izvor: SANA<\/p>\n","protected":false},"excerpt":{"rendered":"<p>Dr\u017eavna izborna komisija (DIK) prihvatila je prigovor Stranke pravde i pomirenja, tako da je Op\u0161tinska iz izborna komisija (OIK) Berane proglasila va\u017ee\u0107om i tu listu za lokalne izbore. To zna\u010di da \u0107e uprkos brojnim opstrukcijama po prvi put u historiji SPP uzeti u\u010de\u0161\u0107e na izborima u Beranama. Iz vrha SPP-a u Crnoj Gori poru\u010dili da [&hellip;]<\/p>\n","protected":false},"author":509,"featured_media":201292,"comment_status":"open","ping_status":"open","sticky":false,"template":"","format":"standard","meta":{"footnotes":""},"categories":[1,397,8957,16],"tags":[10223],"class_list":{"0":"post-201269","1":"post","2":"type-post","3":"status-publish","4":"format-standard","5":"has-post-thumbnail","7":"category-politika","8":"category-berane","9":"category-vijesti-dana","10":"category-novine","11":"tag-bdz"},"yoast_head":"<!-- This site is optimized with the Yoast SEO Premium plugin v23.1 (Yoast SEO v24.9) - https:\/\/yoast.com\/wordpress\/plugins\/seo\/ -->\n<title>Pored opstrukcija, po prvi put u historiji SPP na izborima u Beranama<\/title>\n<meta name=\"robots\" content=\"index, follow, max-snippet:-1, max-image-preview:large, max-video-preview:-1\" \/>\n<link rel=\"canonical\" href=\"https:\/\/sandzakpress.net\/arhiva\/pored-opstrukcija-po-prvi-put-u-historiji-spp-na-izborima-u-beranama\/\" \/>\n<meta property=\"og:locale\" content=\"bs_BA\" \/>\n<meta property=\"og:type\" content=\"article\" \/>\n<meta property=\"og:title\" content=\"Pored opstrukcija, po prvi put u historiji SPP na izborima u Beranama\" \/>\n<meta property=\"og:description\" content=\"Dr\u017eavna izborna komisija (DIK) prihvatila je prigovor Stranke pravde i pomirenja, tako da je Op\u0161tinska iz izborna komisija (OIK) Berane proglasila va\u017ee\u0107om i tu listu za lokalne izbore. To zna\u010di da \u0107e uprkos brojnim opstrukcijama po prvi put u historiji SPP uzeti u\u010de\u0161\u0107e na izborima u Beranama. Iz vrha SPP-a u Crnoj Gori poru\u010dili da [&hellip;]\" \/>\n<meta property=\"og:url\" content=\"https:\/\/sandzakpress.net\/arhiva\/pored-opstrukcija-po-prvi-put-u-historiji-spp-na-izborima-u-beranama\/\" \/>\n<meta property=\"og:site_name\" content=\"Sand\u017eak PRESS\" \/>\n<meta property=\"article:published_time\" content=\"2018-01-17T10:52:47+00:00\" \/>\n<meta property=\"og:image\" content=\"https:\/\/sandzakpress.net\/arhiva\/wp-content\/uploads\/2018\/01\/viber-image-8.jpg\" \/>\n\t<meta property=\"og:image:width\" content=\"1280\" \/>\n\t<meta property=\"og:image:height\" content=\"960\" \/>\n\t<meta property=\"og:image:type\" content=\"image\/jpeg\" \/>\n<meta name=\"author\" content=\"Agencija\" \/>\n<meta name=\"twitter:card\" content=\"summary_large_image\" \/>\n<meta name=\"twitter:label1\" content=\"Written by\" \/>\n\t<meta name=\"twitter:data1\" content=\"Agencija\" \/>\n\t<meta name=\"twitter:label2\" content=\"Est. reading time\" \/>\n\t<meta name=\"twitter:data2\" content=\"1 minuta\" \/>\n<script type=\"application\/ld+json\" class=\"yoast-schema-graph\">{\"@context\":\"https:\/\/schema.org\",\"@graph\":[{\"@type\":\"Article\",\"@id\":\"https:\/\/sandzakpress.net\/arhiva\/pored-opstrukcija-po-prvi-put-u-historiji-spp-na-izborima-u-beranama\/#article\",\"isPartOf\":{\"@id\":\"https:\/\/sandzakpress.net\/arhiva\/pored-opstrukcija-po-prvi-put-u-historiji-spp-na-izborima-u-beranama\/\"},\"author\":{\"name\":\"Agencija\",\"@id\":\"https:\/\/sandzakpress.net\/arhiva\/#\/schema\/person\/cb59d7e3ab91ab90dd680ad0305a6185\"},\"headline\":\"Pored opstrukcija, po prvi put u historiji SPP na izborima u Beranama\",\"datePublished\":\"2018-01-17T10:52:47+00:00\",\"mainEntityOfPage\":{\"@id\":\"https:\/\/sandzakpress.net\/arhiva\/pored-opstrukcija-po-prvi-put-u-historiji-spp-na-izborima-u-beranama\/\"},\"wordCount\":287,\"commentCount\":0,\"publisher\":{\"@id\":\"https:\/\/sandzakpress.net\/arhiva\/#\/schema\/person\/6e72b67d6e51910a1117b3b483ba20bd\"},\"image\":{\"@id\":\"https:\/\/sandzakpress.net\/arhiva\/pored-opstrukcija-po-prvi-put-u-historiji-spp-na-izborima-u-beranama\/#primaryimage\"},\"thumbnailUrl\":\"https:\/\/sandzakpress.net\/arhiva\/wp-content\/uploads\/2018\/01\/viber-image-8.jpg\",\"keywords\":[\"BDZ\"],\"articleSection\":[\"Politika\",\"Berane\",\"VIJESTI DANA\",\"Novine\"],\"inLanguage\":\"bs-BA\",\"potentialAction\":[{\"@type\":\"CommentAction\",\"name\":\"Comment\",\"target\":[\"https:\/\/sandzakpress.net\/arhiva\/pored-opstrukcija-po-prvi-put-u-historiji-spp-na-izborima-u-beranama\/#respond\"]}]},{\"@type\":\"WebPage\",\"@id\":\"https:\/\/sandzakpress.net\/arhiva\/pored-opstrukcija-po-prvi-put-u-historiji-spp-na-izborima-u-beranama\/\",\"url\":\"https:\/\/sandzakpress.net\/arhiva\/pored-opstrukcija-po-prvi-put-u-historiji-spp-na-izborima-u-beranama\/\",\"name\":\"Pored opstrukcija, po prvi put u historiji SPP na izborima u Beranama\",\"isPartOf\":{\"@id\":\"https:\/\/sandzakpress.net\/arhiva\/#website\"},\"primaryImageOfPage\":{\"@id\":\"https:\/\/sandzakpress.net\/arhiva\/pored-opstrukcija-po-prvi-put-u-historiji-spp-na-izborima-u-beranama\/#primaryimage\"},\"image\":{\"@id\":\"https:\/\/sandzakpress.net\/arhiva\/pored-opstrukcija-po-prvi-put-u-historiji-spp-na-izborima-u-beranama\/#primaryimage\"},\"thumbnailUrl\":\"https:\/\/sandzakpress.net\/arhiva\/wp-content\/uploads\/2018\/01\/viber-image-8.jpg\",\"datePublished\":\"2018-01-17T10:52:47+00:00\",\"breadcrumb\":{\"@id\":\"https:\/\/sandzakpress.net\/arhiva\/pored-opstrukcija-po-prvi-put-u-historiji-spp-na-izborima-u-beranama\/#breadcrumb\"},\"inLanguage\":\"bs-BA\",\"potentialAction\":[{\"@type\":\"ReadAction\",\"target\":[\"https:\/\/sandzakpress.net\/arhiva\/pored-opstrukcija-po-prvi-put-u-historiji-spp-na-izborima-u-beranama\/\"]}]},{\"@type\":\"ImageObject\",\"inLanguage\":\"bs-BA\",\"@id\":\"https:\/\/sandzakpress.net\/arhiva\/pored-opstrukcija-po-prvi-put-u-historiji-spp-na-izborima-u-beranama\/#primaryimage\",\"url\":\"https:\/\/sandzakpress.net\/arhiva\/wp-content\/uploads\/2018\/01\/viber-image-8.jpg\",\"contentUrl\":\"https:\/\/sandzakpress.net\/arhiva\/wp-content\/uploads\/2018\/01\/viber-image-8.jpg\",\"width\":1280,\"height\":960},{\"@type\":\"BreadcrumbList\",\"@id\":\"https:\/\/sandzakpress.net\/arhiva\/pored-opstrukcija-po-prvi-put-u-historiji-spp-na-izborima-u-beranama\/#breadcrumb\",\"itemListElement\":[{\"@type\":\"ListItem\",\"position\":1,\"name\":\"Home\",\"item\":\"https:\/\/sandzakpress.net\/arhiva\/\"},{\"@type\":\"ListItem\",\"position\":2,\"name\":\"Pored opstrukcija, po prvi put u historiji SPP na izborima u Beranama\"}]},{\"@type\":\"WebSite\",\"@id\":\"https:\/\/sandzakpress.net\/arhiva\/#website\",\"url\":\"https:\/\/sandzakpress.net\/arhiva\/\",\"name\":\"Sand\u017eak PRESS\",\"description\":\"Prve elektronske novine u Sand\u017eaku\",\"publisher\":{\"@id\":\"https:\/\/sandzakpress.net\/arhiva\/#\/schema\/person\/6e72b67d6e51910a1117b3b483ba20bd\"},\"potentialAction\":[{\"@type\":\"SearchAction\",\"target\":{\"@type\":\"EntryPoint\",\"urlTemplate\":\"https:\/\/sandzakpress.net\/arhiva\/?s={search_term_string}\"},\"query-input\":{\"@type\":\"PropertyValueSpecification\",\"valueRequired\":true,\"valueName\":\"search_term_string\"}}],\"inLanguage\":\"bs-BA\"},{\"@type\":[\"Person\",\"Organization\"],\"@id\":\"https:\/\/sandzakpress.net\/arhiva\/#\/schema\/person\/6e72b67d6e51910a1117b3b483ba20bd\",\"name\":\"Kul\",\"image\":{\"@type\":\"ImageObject\",\"inLanguage\":\"bs-BA\",\"@id\":\"https:\/\/sandzakpress.net\/arhiva\/#\/schema\/person\/image\/\",\"url\":\"https:\/\/secure.gravatar.com\/avatar\/42263f39aa27ac04c43cab85c280eb2e?s=96&d=mm&r=pg\",\"contentUrl\":\"https:\/\/secure.gravatar.com\/avatar\/42263f39aa27ac04c43cab85c280eb2e?s=96&d=mm&r=pg\",\"caption\":\"Kul\"},\"logo\":{\"@id\":\"https:\/\/sandzakpress.net\/arhiva\/#\/schema\/person\/image\/\"}},{\"@type\":\"Person\",\"@id\":\"https:\/\/sandzakpress.net\/arhiva\/#\/schema\/person\/cb59d7e3ab91ab90dd680ad0305a6185\",\"name\":\"Agencija\",\"image\":{\"@type\":\"ImageObject\",\"inLanguage\":\"bs-BA\",\"@id\":\"https:\/\/sandzakpress.net\/arhiva\/#\/schema\/person\/image\/\",\"url\":\"https:\/\/secure.gravatar.com\/avatar\/4b7fafa80a22f0c2afe23966b3961fe0?s=96&d=mm&r=pg\",\"contentUrl\":\"https:\/\/secure.gravatar.com\/avatar\/4b7fafa80a22f0c2afe23966b3961fe0?s=96&d=mm&r=pg\",\"caption\":\"Agencija\"},\"url\":\"https:\/\/sandzakpress.net\/arhiva\/author\/agencija\/\"}]}<\/script>\n<!-- \/ Yoast SEO Premium plugin. -->","yoast_head_json":{"title":"Pored opstrukcija, po prvi put u historiji SPP na izborima u Beranama","robots":{"index":"index","follow":"follow","max-snippet":"max-snippet:-1","max-image-preview":"max-image-preview:large","max-video-preview":"max-video-preview:-1"},"canonical":"https:\/\/sandzakpress.net\/arhiva\/pored-opstrukcija-po-prvi-put-u-historiji-spp-na-izborima-u-beranama\/","og_locale":"bs_BA","og_type":"article","og_title":"Pored opstrukcija, po prvi put u historiji SPP na izborima u Beranama","og_description":"Dr\u017eavna izborna komisija (DIK) prihvatila je prigovor Stranke pravde i pomirenja, tako da je Op\u0161tinska iz izborna komisija (OIK) Berane proglasila va\u017ee\u0107om i tu listu za lokalne izbore. To zna\u010di da \u0107e uprkos brojnim opstrukcijama po prvi put u historiji SPP uzeti u\u010de\u0161\u0107e na izborima u Beranama. Iz vrha SPP-a u Crnoj Gori poru\u010dili da [&hellip;]","og_url":"https:\/\/sandzakpress.net\/arhiva\/pored-opstrukcija-po-prvi-put-u-historiji-spp-na-izborima-u-beranama\/","og_site_name":"Sand\u017eak PRESS","article_published_time":"2018-01-17T10:52:47+00:00","og_image":[{"width":1280,"height":960,"url":"https:\/\/sandzakpress.net\/arhiva\/wp-content\/uploads\/2018\/01\/viber-image-8.jpg","type":"image\/jpeg"}],"author":"Agencija","twitter_card":"summary_large_image","twitter_misc":{"Written by":"Agencija","Est. reading time":"1 minuta"},"schema":{"@context":"https:\/\/schema.org","@graph":[{"@type":"Article","@id":"https:\/\/sandzakpress.net\/arhiva\/pored-opstrukcija-po-prvi-put-u-historiji-spp-na-izborima-u-beranama\/#article","isPartOf":{"@id":"https:\/\/sandzakpress.net\/arhiva\/pored-opstrukcija-po-prvi-put-u-historiji-spp-na-izborima-u-beranama\/"},"author":{"name":"Agencija","@id":"https:\/\/sandzakpress.net\/arhiva\/#\/schema\/person\/cb59d7e3ab91ab90dd680ad0305a6185"},"headline":"Pored opstrukcija, po prvi put u historiji SPP na izborima u Beranama","datePublished":"2018-01-17T10:52:47+00:00","mainEntityOfPage":{"@id":"https:\/\/sandzakpress.net\/arhiva\/pored-opstrukcija-po-prvi-put-u-historiji-spp-na-izborima-u-beranama\/"},"wordCount":287,"commentCount":0,"publisher":{"@id":"https:\/\/sandzakpress.net\/arhiva\/#\/schema\/person\/6e72b67d6e51910a1117b3b483ba20bd"},"image":{"@id":"https:\/\/sandzakpress.net\/arhiva\/pored-opstrukcija-po-prvi-put-u-historiji-spp-na-izborima-u-beranama\/#primaryimage"},"thumbnailUrl":"https:\/\/sandzakpress.net\/arhiva\/wp-content\/uploads\/2018\/01\/viber-image-8.jpg","keywords":["BDZ"],"articleSection":["Politika","Berane","VIJESTI DANA","Novine"],"inLanguage":"bs-BA","potentialAction":[{"@type":"CommentAction","name":"Comment","target":["https:\/\/sandzakpress.net\/arhiva\/pored-opstrukcija-po-prvi-put-u-historiji-spp-na-izborima-u-beranama\/#respond"]}]},{"@type":"WebPage","@id":"https:\/\/sandzakpress.net\/arhiva\/pored-opstrukcija-po-prvi-put-u-historiji-spp-na-izborima-u-beranama\/","url":"https:\/\/sandzakpress.net\/arhiva\/pored-opstrukcija-po-prvi-put-u-historiji-spp-na-izborima-u-beranama\/","name":"Pored opstrukcija, po prvi put u historiji SPP na izborima u Beranama","isPartOf":{"@id":"https:\/\/sandzakpress.net\/arhiva\/#website"},"primaryImageOfPage":{"@id":"https:\/\/sandzakpress.net\/arhiva\/pored-opstrukcija-po-prvi-put-u-historiji-spp-na-izborima-u-beranama\/#primaryimage"},"image":{"@id":"https:\/\/sandzakpress.net\/arhiva\/pored-opstrukcija-po-prvi-put-u-historiji-spp-na-izborima-u-beranama\/#primaryimage"},"thumbnailUrl":"https:\/\/sandzakpress.net\/arhiva\/wp-content\/uploads\/2018\/01\/viber-image-8.jpg","datePublished":"2018-01-17T10:52:47+00:00","breadcrumb":{"@id":"https:\/\/sandzakpress.net\/arhiva\/pored-opstrukcija-po-prvi-put-u-historiji-spp-na-izborima-u-beranama\/#breadcrumb"},"inLanguage":"bs-BA","potentialAction":[{"@type":"ReadAction","target":["https:\/\/sandzakpress.net\/arhiva\/pored-opstrukcija-po-prvi-put-u-historiji-spp-na-izborima-u-beranama\/"]}]},{"@type":"ImageObject","inLanguage":"bs-BA","@id":"https:\/\/sandzakpress.net\/arhiva\/pored-opstrukcija-po-prvi-put-u-historiji-spp-na-izborima-u-beranama\/#primaryimage","url":"https:\/\/sandzakpress.net\/arhiva\/wp-content\/uploads\/2018\/01\/viber-image-8.jpg","contentUrl":"https:\/\/sandzakpress.net\/arhiva\/wp-content\/uploads\/2018\/01\/viber-image-8.jpg","width":1280,"height":960},{"@type":"BreadcrumbList","@id":"https:\/\/sandzakpress.net\/arhiva\/pored-opstrukcija-po-prvi-put-u-historiji-spp-na-izborima-u-beranama\/#breadcrumb","itemListElement":[{"@type":"ListItem","position":1,"name":"Home","item":"https:\/\/sandzakpress.net\/arhiva\/"},{"@type":"ListItem","position":2,"name":"Pored opstrukcija, po prvi put u historiji SPP na izborima u Beranama"}]},{"@type":"WebSite","@id":"https:\/\/sandzakpress.net\/arhiva\/#website","url":"https:\/\/sandzakpress.net\/arhiva\/","name":"Sand\u017eak PRESS","description":"Prve elektronske novine u Sand\u017eaku","publisher":{"@id":"https:\/\/sandzakpress.net\/arhiva\/#\/schema\/person\/6e72b67d6e51910a1117b3b483ba20bd"},"potentialAction":[{"@type":"SearchAction","target":{"@type":"EntryPoint","urlTemplate":"https:\/\/sandzakpress.net\/arhiva\/?s={search_term_string}"},"query-input":{"@type":"PropertyValueSpecification","valueRequired":true,"valueName":"search_term_string"}}],"inLanguage":"bs-BA"},{"@type":["Person","Organization"],"@id":"https:\/\/sandzakpress.net\/arhiva\/#\/schema\/person\/6e72b67d6e51910a1117b3b483ba20bd","name":"Kul","image":{"@type":"ImageObject","inLanguage":"bs-BA","@id":"https:\/\/sandzakpress.net\/arhiva\/#\/schema\/person\/image\/","url":"https:\/\/secure.gravatar.com\/avatar\/42263f39aa27ac04c43cab85c280eb2e?s=96&d=mm&r=pg","contentUrl":"https:\/\/secure.gravatar.com\/avatar\/42263f39aa27ac04c43cab85c280eb2e?s=96&d=mm&r=pg","caption":"Kul"},"logo":{"@id":"https:\/\/sandzakpress.net\/arhiva\/#\/schema\/person\/image\/"}},{"@type":"Person","@id":"https:\/\/sandzakpress.net\/arhiva\/#\/schema\/person\/cb59d7e3ab91ab90dd680ad0305a6185","name":"Agencija","image":{"@type":"ImageObject","inLanguage":"bs-BA","@id":"https:\/\/sandzakpress.net\/arhiva\/#\/schema\/person\/image\/","url":"https:\/\/secure.gravatar.com\/avatar\/4b7fafa80a22f0c2afe23966b3961fe0?s=96&d=mm&r=pg","contentUrl":"https:\/\/secure.gravatar.com\/avatar\/4b7fafa80a22f0c2afe23966b3961fe0?s=96&d=mm&r=pg","caption":"Agencija"},"url":"https:\/\/sandzakpress.net\/arhiva\/author\/agencija\/"}]}},"_links":{"self":[{"href":"https:\/\/sandzakpress.net\/arhiva\/wp-json\/wp\/v2\/posts\/201269"}],"collection":[{"href":"https:\/\/sandzakpress.net\/arhiva\/wp-json\/wp\/v2\/posts"}],"about":[{"href":"https:\/\/sandzakpress.net\/arhiva\/wp-json\/wp\/v2\/types\/post"}],"author":[{"embeddable":true,"href":"https:\/\/sandzakpress.net\/arhiva\/wp-json\/wp\/v2\/users\/509"}],"replies":[{"embeddable":true,"href":"https:\/\/sandzakpress.net\/arhiva\/wp-json\/wp\/v2\/comments?post=201269"}],"version-history":[{"count":0,"href":"https:\/\/sandzakpress.net\/arhiva\/wp-json\/wp\/v2\/posts\/201269\/revisions"}],"wp:featuredmedia":[{"embeddable":true,"href":"https:\/\/sandzakpress.net\/arhiva\/wp-json\/wp\/v2\/media\/201292"}],"wp:attachment":[{"href":"https:\/\/sandzakpress.net\/arhiva\/wp-json\/wp\/v2\/media?parent=201269"}],"wp:term":[{"taxonomy":"category","embeddable":true,"href":"https:\/\/sandzakpress.net\/arhiva\/wp-json\/wp\/v2\/categories?post=201269"},{"taxonomy":"post_tag","embeddable":true,"href":"https:\/\/sandzakpress.net\/arhiva\/wp-json\/wp\/v2\/tags?post=201269"}],"curies":[{"name":"wp","href":"https:\/\/api.w.org\/{rel}","templated":true}]}}