{"id":201158,"date":"2018-01-15T10:20:21","date_gmt":"2018-01-15T09:20:21","guid":{"rendered":"https:\/\/sandzakpress.net\/arhiva\/?p=201158"},"modified":"2018-01-15T16:18:36","modified_gmt":"2018-01-15T15:18:36","slug":"prilika-za-proizvodace-u-sandzaku-uskoro-krece-izvoz-mesa-u-tursku","status":"publish","type":"post","link":"https:\/\/sandzakpress.net\/arhiva\/prilika-za-proizvodace-u-sandzaku-uskoro-krece-izvoz-mesa-u-tursku\/","title":{"rendered":"Prilika za proizvo\u0111a\u010de u Sand\u017eaku: Uskoro kre\u0107e izvoz mesa u Tursku"},"content":{"rendered":"<p><img decoding=\"async\" class=\"aligncenter\" src=\"http:\/\/www.sandzacke.rs\/wp-content\/uploads\/2018\/01\/govece-696x469.jpg\" \/><\/p>\n<p><strong>Srbija o\u010dekuje rast spoljnotrgovinske razmjene sa Turskom, posebno izvoza, jer ve\u0107 krajem mjeseca u Ankari potpisujemo sporazum o podsticaju i za\u0161titi investicija i dolasku novih ulaga\u010da. To, izme\u0111u ostalog, zna\u010di i bescarinski izvoz 5.000 tona mesa u tu zemlju. O tome je ministar Rasim Ljaji\u0107 razgovarao u Bursi sa turskim zvani\u010dnikom Hakanom Cavusogluom.<\/strong><\/p>\n<div class=\"td-g-rec td-g-rec-id-content_inlineright  \">\u00a0<\/div>\n<p>Ozbiljan ekonomski izazov, za koji se spremamo<\/p>\n<p>U pogonima najve\u0107e zlatiborske klanice, privode se kraju pripreme za otkup, jer upravo odavde na tursko tr\u017ei\u0161te \u0107e oti\u0107i prve koli\u010dine mesa.<\/p>\n<p>\u201cNa\u0161i kapaciteti su 120 grla junadi dnevno, a \u0161to se ti\u010de proizvo\u0111a\u010da, veoma su zainteresovani iz ovog regiona, da krenu i oni u proizvodnju jer im je otkup ovaj potpuno siguran\u201d, isti\u010de direktorka Industrije mesa \u201cZlatibor\u201d Dobrila Nikoli\u0107.<\/p>\n<p>Srbija ima ne\u0161to vi\u0161e od 900.000 grla goveda svih kategorija. Godi\u0161nje se proizvede oko 80.000 tona mesa. Mo\u017eemo vi\u0161e, jer je potra\u017enja velika. Za izvoz u Tursku vrata \u0107e biti otvorena kada se i formalno potpi\u0161e sporazum i potvrde ga parlamenti obje zemlje.<\/p>\n<p>\u201cOvo vrijeme je idealno da se iskoristi da na\u0161i klani\u010dari budu spremni za ovaj posao s obzirom na kulturolo\u0161ke, vjerske specifi\u010dnosti. U tim klanicama mo\u017ee da se kolje samo govedina, ne mogu da se kolju svinje, ni konji\u201d, napominje ministar trgovine, turizma i telekomunikacija Rasim Ljaji\u0107.<\/p>\n<p>Sto\u010darima na Pe\u0161terskoj visoravni zna\u010dilo bi da otkupna stanica bude bli\u017ee.<\/p>\n<p>\u201cIma 28.000 grla goveda od kojih je oko 20.000 muznih krava tako da postoji potencijal za proizvodnju june\u0107eg mesa ima, samo su treba investirati\u201d, smatra direktor Regionalnog centra za razvoj poljoprivrede Esad Hod\u017ei\u0107.<\/p>\n<p>\u201cGrla koja mi isporu\u010dujemo su te\u017eine 700-750 kilograma. Ranije smo ta grla isporu\u010divali sa 500-550 kilograma. Na toj razlici mi ne\u0161to i zaradimo\u201d, napominje Mihailo Tripkovi\u0107, individualni proizvo\u0111a\u010d.<\/p>\n<p>Trenutno na\u0161a govedina preko Bosne i Hercegovine \u010desto i zavr\u0161ava u Tuskoj. Direktna prodaja mogla bi da izmijeni sliku na\u0161eg izvoza.<\/p>\n<p>\u201cDr\u017eava je u\u010dinila najva\u017eniji korak, stvorila je preduslove da pod povoljnim uslovima na\u0161i proizvo\u0111a\u010di mogu da izvezu meso na jedno veliko tr\u017ei\u0161te od oko 80 miliona ljudi. Mi od 8.700 tona, koliko imamo da izvozimo u EU bez carina, takozvanog bebi bifa, izvozimo 488 tona, ne bih volio da se ta situacija ponovi i sad\u201d, dodaje ministar Ljaji\u0107.<\/p>\n<p>Pored Evrope i Turske, srpsku govedinu rado bi i Kinezi, samo \u0161to je nemamo dovoljno. Zna to i Vlada.<\/p>\n<p>Ne\u0107e da otkriju detalje, ali u resornom ministarstvu ka\u017eu da pripremaju Uredbu o podsticajima za proizvodnju, a oni su pro\u0161le godine bili do 25.000 dinara po grlu.<\/p>\n<p>(Rts)<\/p>\n","protected":false},"excerpt":{"rendered":"<p>Srbija o\u010dekuje rast spoljnotrgovinske razmjene sa Turskom, posebno izvoza, jer ve\u0107 krajem mjeseca u Ankari potpisujemo sporazum o podsticaju i za\u0161titi investicija i dolasku novih ulaga\u010da. To, izme\u0111u ostalog, zna\u010di i bescarinski izvoz 5.000 tona mesa u tu zemlju. O tome je ministar Rasim Ljaji\u0107 razgovarao u Bursi sa turskim zvani\u010dnikom Hakanom Cavusogluom. \u00a0 Ozbiljan [&hellip;]<\/p>\n","protected":false},"author":509,"featured_media":201185,"comment_status":"open","ping_status":"open","sticky":false,"template":"","format":"standard","meta":{"footnotes":""},"categories":[72,52,327,3,392,393,394,8957],"tags":[],"class_list":{"0":"post-201158","1":"post","2":"type-post","3":"status-publish","4":"format-standard","5":"has-post-thumbnail","7":"category-novi-pazar","8":"category-sjenica","9":"category-tutin","10":"category-privreda","11":"category-prijepolje_","12":"category-priboj","13":"category-nova-varos","14":"category-vijesti-dana"},"yoast_head":"<!-- This site is optimized with the Yoast SEO Premium plugin v23.1 (Yoast SEO v24.9) - https:\/\/yoast.com\/wordpress\/plugins\/seo\/ -->\n<title>Prilika za proizvo\u0111a\u010de u Sand\u017eaku: Uskoro kre\u0107e izvoz mesa u Tursku<\/title>\n<meta name=\"robots\" content=\"index, follow, max-snippet:-1, max-image-preview:large, max-video-preview:-1\" \/>\n<link rel=\"canonical\" href=\"https:\/\/sandzakpress.net\/arhiva\/prilika-za-proizvodace-u-sandzaku-uskoro-krece-izvoz-mesa-u-tursku\/\" \/>\n<meta property=\"og:locale\" content=\"bs_BA\" \/>\n<meta property=\"og:type\" content=\"article\" \/>\n<meta property=\"og:title\" content=\"Prilika za proizvo\u0111a\u010de u Sand\u017eaku: Uskoro kre\u0107e izvoz mesa u Tursku\" \/>\n<meta property=\"og:description\" content=\"Srbija o\u010dekuje rast spoljnotrgovinske razmjene sa Turskom, posebno izvoza, jer ve\u0107 krajem mjeseca u Ankari potpisujemo sporazum o podsticaju i za\u0161titi investicija i dolasku novih ulaga\u010da. To, izme\u0111u ostalog, zna\u010di i bescarinski izvoz 5.000 tona mesa u tu zemlju. O tome je ministar Rasim Ljaji\u0107 razgovarao u Bursi sa turskim zvani\u010dnikom Hakanom Cavusogluom. \u00a0 Ozbiljan [&hellip;]\" \/>\n<meta property=\"og:url\" content=\"https:\/\/sandzakpress.net\/arhiva\/prilika-za-proizvodace-u-sandzaku-uskoro-krece-izvoz-mesa-u-tursku\/\" \/>\n<meta property=\"og:site_name\" content=\"Sand\u017eak PRESS\" \/>\n<meta property=\"article:published_time\" content=\"2018-01-15T09:20:21+00:00\" \/>\n<meta property=\"article:modified_time\" content=\"2018-01-15T15:18:36+00:00\" \/>\n<meta property=\"og:image\" content=\"https:\/\/sandzakpress.net\/arhiva\/wp-content\/uploads\/2018\/01\/govece-696x469.jpg\" \/>\n\t<meta property=\"og:image:width\" content=\"696\" \/>\n\t<meta property=\"og:image:height\" content=\"469\" \/>\n\t<meta property=\"og:image:type\" content=\"image\/jpeg\" \/>\n<meta name=\"author\" content=\"Agencija\" \/>\n<meta name=\"twitter:card\" content=\"summary_large_image\" \/>\n<meta name=\"twitter:label1\" content=\"Written by\" \/>\n\t<meta name=\"twitter:data1\" content=\"Agencija\" \/>\n\t<meta name=\"twitter:label2\" content=\"Est. reading time\" \/>\n\t<meta name=\"twitter:data2\" content=\"2 minute\" \/>\n<script type=\"application\/ld+json\" class=\"yoast-schema-graph\">{\"@context\":\"https:\/\/schema.org\",\"@graph\":[{\"@type\":\"Article\",\"@id\":\"https:\/\/sandzakpress.net\/arhiva\/prilika-za-proizvodace-u-sandzaku-uskoro-krece-izvoz-mesa-u-tursku\/#article\",\"isPartOf\":{\"@id\":\"https:\/\/sandzakpress.net\/arhiva\/prilika-za-proizvodace-u-sandzaku-uskoro-krece-izvoz-mesa-u-tursku\/\"},\"author\":{\"name\":\"Agencija\",\"@id\":\"https:\/\/sandzakpress.net\/arhiva\/#\/schema\/person\/cb59d7e3ab91ab90dd680ad0305a6185\"},\"headline\":\"Prilika za proizvo\u0111a\u010de u Sand\u017eaku: Uskoro kre\u0107e izvoz mesa u Tursku\",\"datePublished\":\"2018-01-15T09:20:21+00:00\",\"dateModified\":\"2018-01-15T15:18:36+00:00\",\"mainEntityOfPage\":{\"@id\":\"https:\/\/sandzakpress.net\/arhiva\/prilika-za-proizvodace-u-sandzaku-uskoro-krece-izvoz-mesa-u-tursku\/\"},\"wordCount\":465,\"commentCount\":0,\"publisher\":{\"@id\":\"https:\/\/sandzakpress.net\/arhiva\/#\/schema\/person\/6e72b67d6e51910a1117b3b483ba20bd\"},\"image\":{\"@id\":\"https:\/\/sandzakpress.net\/arhiva\/prilika-za-proizvodace-u-sandzaku-uskoro-krece-izvoz-mesa-u-tursku\/#primaryimage\"},\"thumbnailUrl\":\"https:\/\/sandzakpress.net\/arhiva\/wp-content\/uploads\/2018\/01\/govece-696x469.jpg\",\"articleSection\":[\"Novi Pazar\",\"Sjenica\",\"Tutin\",\"Privreda\",\"Prijepolje\",\"Priboj\",\"Nova Varo\u0161\",\"VIJESTI DANA\"],\"inLanguage\":\"bs-BA\",\"potentialAction\":[{\"@type\":\"CommentAction\",\"name\":\"Comment\",\"target\":[\"https:\/\/sandzakpress.net\/arhiva\/prilika-za-proizvodace-u-sandzaku-uskoro-krece-izvoz-mesa-u-tursku\/#respond\"]}]},{\"@type\":\"WebPage\",\"@id\":\"https:\/\/sandzakpress.net\/arhiva\/prilika-za-proizvodace-u-sandzaku-uskoro-krece-izvoz-mesa-u-tursku\/\",\"url\":\"https:\/\/sandzakpress.net\/arhiva\/prilika-za-proizvodace-u-sandzaku-uskoro-krece-izvoz-mesa-u-tursku\/\",\"name\":\"Prilika za proizvo\u0111a\u010de u Sand\u017eaku: Uskoro kre\u0107e izvoz mesa u Tursku\",\"isPartOf\":{\"@id\":\"https:\/\/sandzakpress.net\/arhiva\/#website\"},\"primaryImageOfPage\":{\"@id\":\"https:\/\/sandzakpress.net\/arhiva\/prilika-za-proizvodace-u-sandzaku-uskoro-krece-izvoz-mesa-u-tursku\/#primaryimage\"},\"image\":{\"@id\":\"https:\/\/sandzakpress.net\/arhiva\/prilika-za-proizvodace-u-sandzaku-uskoro-krece-izvoz-mesa-u-tursku\/#primaryimage\"},\"thumbnailUrl\":\"https:\/\/sandzakpress.net\/arhiva\/wp-content\/uploads\/2018\/01\/govece-696x469.jpg\",\"datePublished\":\"2018-01-15T09:20:21+00:00\",\"dateModified\":\"2018-01-15T15:18:36+00:00\",\"breadcrumb\":{\"@id\":\"https:\/\/sandzakpress.net\/arhiva\/prilika-za-proizvodace-u-sandzaku-uskoro-krece-izvoz-mesa-u-tursku\/#breadcrumb\"},\"inLanguage\":\"bs-BA\",\"potentialAction\":[{\"@type\":\"ReadAction\",\"target\":[\"https:\/\/sandzakpress.net\/arhiva\/prilika-za-proizvodace-u-sandzaku-uskoro-krece-izvoz-mesa-u-tursku\/\"]}]},{\"@type\":\"ImageObject\",\"inLanguage\":\"bs-BA\",\"@id\":\"https:\/\/sandzakpress.net\/arhiva\/prilika-za-proizvodace-u-sandzaku-uskoro-krece-izvoz-mesa-u-tursku\/#primaryimage\",\"url\":\"https:\/\/sandzakpress.net\/arhiva\/wp-content\/uploads\/2018\/01\/govece-696x469.jpg\",\"contentUrl\":\"https:\/\/sandzakpress.net\/arhiva\/wp-content\/uploads\/2018\/01\/govece-696x469.jpg\",\"width\":696,\"height\":469},{\"@type\":\"BreadcrumbList\",\"@id\":\"https:\/\/sandzakpress.net\/arhiva\/prilika-za-proizvodace-u-sandzaku-uskoro-krece-izvoz-mesa-u-tursku\/#breadcrumb\",\"itemListElement\":[{\"@type\":\"ListItem\",\"position\":1,\"name\":\"Home\",\"item\":\"https:\/\/sandzakpress.net\/arhiva\/\"},{\"@type\":\"ListItem\",\"position\":2,\"name\":\"Prilika za proizvo\u0111a\u010de u Sand\u017eaku: Uskoro kre\u0107e izvoz mesa u Tursku\"}]},{\"@type\":\"WebSite\",\"@id\":\"https:\/\/sandzakpress.net\/arhiva\/#website\",\"url\":\"https:\/\/sandzakpress.net\/arhiva\/\",\"name\":\"Sand\u017eak PRESS\",\"description\":\"Prve elektronske novine u Sand\u017eaku\",\"publisher\":{\"@id\":\"https:\/\/sandzakpress.net\/arhiva\/#\/schema\/person\/6e72b67d6e51910a1117b3b483ba20bd\"},\"potentialAction\":[{\"@type\":\"SearchAction\",\"target\":{\"@type\":\"EntryPoint\",\"urlTemplate\":\"https:\/\/sandzakpress.net\/arhiva\/?s={search_term_string}\"},\"query-input\":{\"@type\":\"PropertyValueSpecification\",\"valueRequired\":true,\"valueName\":\"search_term_string\"}}],\"inLanguage\":\"bs-BA\"},{\"@type\":[\"Person\",\"Organization\"],\"@id\":\"https:\/\/sandzakpress.net\/arhiva\/#\/schema\/person\/6e72b67d6e51910a1117b3b483ba20bd\",\"name\":\"Kul\",\"image\":{\"@type\":\"ImageObject\",\"inLanguage\":\"bs-BA\",\"@id\":\"https:\/\/sandzakpress.net\/arhiva\/#\/schema\/person\/image\/\",\"url\":\"https:\/\/secure.gravatar.com\/avatar\/42263f39aa27ac04c43cab85c280eb2e?s=96&d=mm&r=pg\",\"contentUrl\":\"https:\/\/secure.gravatar.com\/avatar\/42263f39aa27ac04c43cab85c280eb2e?s=96&d=mm&r=pg\",\"caption\":\"Kul\"},\"logo\":{\"@id\":\"https:\/\/sandzakpress.net\/arhiva\/#\/schema\/person\/image\/\"}},{\"@type\":\"Person\",\"@id\":\"https:\/\/sandzakpress.net\/arhiva\/#\/schema\/person\/cb59d7e3ab91ab90dd680ad0305a6185\",\"name\":\"Agencija\",\"image\":{\"@type\":\"ImageObject\",\"inLanguage\":\"bs-BA\",\"@id\":\"https:\/\/sandzakpress.net\/arhiva\/#\/schema\/person\/image\/\",\"url\":\"https:\/\/secure.gravatar.com\/avatar\/4b7fafa80a22f0c2afe23966b3961fe0?s=96&d=mm&r=pg\",\"contentUrl\":\"https:\/\/secure.gravatar.com\/avatar\/4b7fafa80a22f0c2afe23966b3961fe0?s=96&d=mm&r=pg\",\"caption\":\"Agencija\"},\"url\":\"https:\/\/sandzakpress.net\/arhiva\/author\/agencija\/\"}]}<\/script>\n<!-- \/ Yoast SEO Premium plugin. -->","yoast_head_json":{"title":"Prilika za proizvo\u0111a\u010de u Sand\u017eaku: Uskoro kre\u0107e izvoz mesa u Tursku","robots":{"index":"index","follow":"follow","max-snippet":"max-snippet:-1","max-image-preview":"max-image-preview:large","max-video-preview":"max-video-preview:-1"},"canonical":"https:\/\/sandzakpress.net\/arhiva\/prilika-za-proizvodace-u-sandzaku-uskoro-krece-izvoz-mesa-u-tursku\/","og_locale":"bs_BA","og_type":"article","og_title":"Prilika za proizvo\u0111a\u010de u Sand\u017eaku: Uskoro kre\u0107e izvoz mesa u Tursku","og_description":"Srbija o\u010dekuje rast spoljnotrgovinske razmjene sa Turskom, posebno izvoza, jer ve\u0107 krajem mjeseca u Ankari potpisujemo sporazum o podsticaju i za\u0161titi investicija i dolasku novih ulaga\u010da. To, izme\u0111u ostalog, zna\u010di i bescarinski izvoz 5.000 tona mesa u tu zemlju. O tome je ministar Rasim Ljaji\u0107 razgovarao u Bursi sa turskim zvani\u010dnikom Hakanom Cavusogluom. \u00a0 Ozbiljan [&hellip;]","og_url":"https:\/\/sandzakpress.net\/arhiva\/prilika-za-proizvodace-u-sandzaku-uskoro-krece-izvoz-mesa-u-tursku\/","og_site_name":"Sand\u017eak PRESS","article_published_time":"2018-01-15T09:20:21+00:00","article_modified_time":"2018-01-15T15:18:36+00:00","og_image":[{"width":696,"height":469,"url":"https:\/\/sandzakpress.net\/arhiva\/wp-content\/uploads\/2018\/01\/govece-696x469.jpg","type":"image\/jpeg"}],"author":"Agencija","twitter_card":"summary_large_image","twitter_misc":{"Written by":"Agencija","Est. reading time":"2 minute"},"schema":{"@context":"https:\/\/schema.org","@graph":[{"@type":"Article","@id":"https:\/\/sandzakpress.net\/arhiva\/prilika-za-proizvodace-u-sandzaku-uskoro-krece-izvoz-mesa-u-tursku\/#article","isPartOf":{"@id":"https:\/\/sandzakpress.net\/arhiva\/prilika-za-proizvodace-u-sandzaku-uskoro-krece-izvoz-mesa-u-tursku\/"},"author":{"name":"Agencija","@id":"https:\/\/sandzakpress.net\/arhiva\/#\/schema\/person\/cb59d7e3ab91ab90dd680ad0305a6185"},"headline":"Prilika za proizvo\u0111a\u010de u Sand\u017eaku: Uskoro kre\u0107e izvoz mesa u Tursku","datePublished":"2018-01-15T09:20:21+00:00","dateModified":"2018-01-15T15:18:36+00:00","mainEntityOfPage":{"@id":"https:\/\/sandzakpress.net\/arhiva\/prilika-za-proizvodace-u-sandzaku-uskoro-krece-izvoz-mesa-u-tursku\/"},"wordCount":465,"commentCount":0,"publisher":{"@id":"https:\/\/sandzakpress.net\/arhiva\/#\/schema\/person\/6e72b67d6e51910a1117b3b483ba20bd"},"image":{"@id":"https:\/\/sandzakpress.net\/arhiva\/prilika-za-proizvodace-u-sandzaku-uskoro-krece-izvoz-mesa-u-tursku\/#primaryimage"},"thumbnailUrl":"https:\/\/sandzakpress.net\/arhiva\/wp-content\/uploads\/2018\/01\/govece-696x469.jpg","articleSection":["Novi Pazar","Sjenica","Tutin","Privreda","Prijepolje","Priboj","Nova Varo\u0161","VIJESTI DANA"],"inLanguage":"bs-BA","potentialAction":[{"@type":"CommentAction","name":"Comment","target":["https:\/\/sandzakpress.net\/arhiva\/prilika-za-proizvodace-u-sandzaku-uskoro-krece-izvoz-mesa-u-tursku\/#respond"]}]},{"@type":"WebPage","@id":"https:\/\/sandzakpress.net\/arhiva\/prilika-za-proizvodace-u-sandzaku-uskoro-krece-izvoz-mesa-u-tursku\/","url":"https:\/\/sandzakpress.net\/arhiva\/prilika-za-proizvodace-u-sandzaku-uskoro-krece-izvoz-mesa-u-tursku\/","name":"Prilika za proizvo\u0111a\u010de u Sand\u017eaku: Uskoro kre\u0107e izvoz mesa u Tursku","isPartOf":{"@id":"https:\/\/sandzakpress.net\/arhiva\/#website"},"primaryImageOfPage":{"@id":"https:\/\/sandzakpress.net\/arhiva\/prilika-za-proizvodace-u-sandzaku-uskoro-krece-izvoz-mesa-u-tursku\/#primaryimage"},"image":{"@id":"https:\/\/sandzakpress.net\/arhiva\/prilika-za-proizvodace-u-sandzaku-uskoro-krece-izvoz-mesa-u-tursku\/#primaryimage"},"thumbnailUrl":"https:\/\/sandzakpress.net\/arhiva\/wp-content\/uploads\/2018\/01\/govece-696x469.jpg","datePublished":"2018-01-15T09:20:21+00:00","dateModified":"2018-01-15T15:18:36+00:00","breadcrumb":{"@id":"https:\/\/sandzakpress.net\/arhiva\/prilika-za-proizvodace-u-sandzaku-uskoro-krece-izvoz-mesa-u-tursku\/#breadcrumb"},"inLanguage":"bs-BA","potentialAction":[{"@type":"ReadAction","target":["https:\/\/sandzakpress.net\/arhiva\/prilika-za-proizvodace-u-sandzaku-uskoro-krece-izvoz-mesa-u-tursku\/"]}]},{"@type":"ImageObject","inLanguage":"bs-BA","@id":"https:\/\/sandzakpress.net\/arhiva\/prilika-za-proizvodace-u-sandzaku-uskoro-krece-izvoz-mesa-u-tursku\/#primaryimage","url":"https:\/\/sandzakpress.net\/arhiva\/wp-content\/uploads\/2018\/01\/govece-696x469.jpg","contentUrl":"https:\/\/sandzakpress.net\/arhiva\/wp-content\/uploads\/2018\/01\/govece-696x469.jpg","width":696,"height":469},{"@type":"BreadcrumbList","@id":"https:\/\/sandzakpress.net\/arhiva\/prilika-za-proizvodace-u-sandzaku-uskoro-krece-izvoz-mesa-u-tursku\/#breadcrumb","itemListElement":[{"@type":"ListItem","position":1,"name":"Home","item":"https:\/\/sandzakpress.net\/arhiva\/"},{"@type":"ListItem","position":2,"name":"Prilika za proizvo\u0111a\u010de u Sand\u017eaku: Uskoro kre\u0107e izvoz mesa u Tursku"}]},{"@type":"WebSite","@id":"https:\/\/sandzakpress.net\/arhiva\/#website","url":"https:\/\/sandzakpress.net\/arhiva\/","name":"Sand\u017eak PRESS","description":"Prve elektronske novine u Sand\u017eaku","publisher":{"@id":"https:\/\/sandzakpress.net\/arhiva\/#\/schema\/person\/6e72b67d6e51910a1117b3b483ba20bd"},"potentialAction":[{"@type":"SearchAction","target":{"@type":"EntryPoint","urlTemplate":"https:\/\/sandzakpress.net\/arhiva\/?s={search_term_string}"},"query-input":{"@type":"PropertyValueSpecification","valueRequired":true,"valueName":"search_term_string"}}],"inLanguage":"bs-BA"},{"@type":["Person","Organization"],"@id":"https:\/\/sandzakpress.net\/arhiva\/#\/schema\/person\/6e72b67d6e51910a1117b3b483ba20bd","name":"Kul","image":{"@type":"ImageObject","inLanguage":"bs-BA","@id":"https:\/\/sandzakpress.net\/arhiva\/#\/schema\/person\/image\/","url":"https:\/\/secure.gravatar.com\/avatar\/42263f39aa27ac04c43cab85c280eb2e?s=96&d=mm&r=pg","contentUrl":"https:\/\/secure.gravatar.com\/avatar\/42263f39aa27ac04c43cab85c280eb2e?s=96&d=mm&r=pg","caption":"Kul"},"logo":{"@id":"https:\/\/sandzakpress.net\/arhiva\/#\/schema\/person\/image\/"}},{"@type":"Person","@id":"https:\/\/sandzakpress.net\/arhiva\/#\/schema\/person\/cb59d7e3ab91ab90dd680ad0305a6185","name":"Agencija","image":{"@type":"ImageObject","inLanguage":"bs-BA","@id":"https:\/\/sandzakpress.net\/arhiva\/#\/schema\/person\/image\/","url":"https:\/\/secure.gravatar.com\/avatar\/4b7fafa80a22f0c2afe23966b3961fe0?s=96&d=mm&r=pg","contentUrl":"https:\/\/secure.gravatar.com\/avatar\/4b7fafa80a22f0c2afe23966b3961fe0?s=96&d=mm&r=pg","caption":"Agencija"},"url":"https:\/\/sandzakpress.net\/arhiva\/author\/agencija\/"}]}},"_links":{"self":[{"href":"https:\/\/sandzakpress.net\/arhiva\/wp-json\/wp\/v2\/posts\/201158"}],"collection":[{"href":"https:\/\/sandzakpress.net\/arhiva\/wp-json\/wp\/v2\/posts"}],"about":[{"href":"https:\/\/sandzakpress.net\/arhiva\/wp-json\/wp\/v2\/types\/post"}],"author":[{"embeddable":true,"href":"https:\/\/sandzakpress.net\/arhiva\/wp-json\/wp\/v2\/users\/509"}],"replies":[{"embeddable":true,"href":"https:\/\/sandzakpress.net\/arhiva\/wp-json\/wp\/v2\/comments?post=201158"}],"version-history":[{"count":0,"href":"https:\/\/sandzakpress.net\/arhiva\/wp-json\/wp\/v2\/posts\/201158\/revisions"}],"wp:featuredmedia":[{"embeddable":true,"href":"https:\/\/sandzakpress.net\/arhiva\/wp-json\/wp\/v2\/media\/201185"}],"wp:attachment":[{"href":"https:\/\/sandzakpress.net\/arhiva\/wp-json\/wp\/v2\/media?parent=201158"}],"wp:term":[{"taxonomy":"category","embeddable":true,"href":"https:\/\/sandzakpress.net\/arhiva\/wp-json\/wp\/v2\/categories?post=201158"},{"taxonomy":"post_tag","embeddable":true,"href":"https:\/\/sandzakpress.net\/arhiva\/wp-json\/wp\/v2\/tags?post=201158"}],"curies":[{"name":"wp","href":"https:\/\/api.w.org\/{rel}","templated":true}]}}