{"id":20060,"date":"2011-09-14T13:41:43","date_gmt":"2011-09-14T11:41:43","guid":{"rendered":"https:\/\/sandzakpress.net\/arhiva\/?p=20060"},"modified":"2011-09-14T13:41:43","modified_gmt":"2011-09-14T11:41:43","slug":"uhvaceni-u-ubijeni-srpski-placenici-u-libiji","status":"publish","type":"post","link":"https:\/\/sandzakpress.net\/arhiva\/uhvaceni-u-ubijeni-srpski-placenici-u-libiji\/","title":{"rendered":"Uhva\u0107eni u ubijeni srpski pla\u0107enici u Libiji"},"content":{"rendered":"<p><strong><a href=\"https:\/\/sandzakpress.net\/arhiva\/wp-content\/uploads\/2011\/09\/libija_pobunjenici_001.jpg\"><img loading=\"lazy\" decoding=\"async\" class=\"alignleft size-medium wp-image-20061\" title=\"libija_pobunjenici_001\" src=\"https:\/\/sandzakpress.net\/arhiva\/wp-content\/uploads\/2011\/09\/libija_pobunjenici_001-300x142.jpg\" alt=\"\" width=\"300\" height=\"142\" \/><\/a>Libija &#8211; Libijski pobunjenici streljali su 12 srpskih i devet hrvatskih pla\u0107enika, ali i one iz BiH, Rusije, Ukrajine, Kolumbije i drugih zemalja, ukupno 85 ljudi, pi\u0161e &#8220;ve\u010dernji list&#8221;. Borac Abdelaziz Madini rekao je dopisniku hrvatskog lista iz Misrate da su &#8220;svi osu\u0111eni po kratkom postupku&#8221;.  Ovo je zgrada libijskog osiguranja. Nju su bili zauzeli pla\u0107enici. Profesionalne ubice iz Hrvatske, BiH, Ukrajine, Srbije, Rusije, Kolumbije&#8230; Bilo ih je ukupno 85, pod punom ratnom opremom. To nisu bili vojnici, nego krvnici koji ubijaju za novac. Hladnokrvne ubice zbog kojih smo imali velike gubitke dok smo osloba\u0111ali zgradu, rekao je libijski pobunjenik dok pokazuje zgradu u Misrati, gradu koji je dugo bio pod opsadom snaga Moamera el Gadafija.<\/strong><\/p>\n<p>Na pitanje \u0161ta je bilo sa njima, da li su zarobljeni ili su poginuli, Abdelaziz odgovara da su oni koji nisu poginuli u borbi, osu\u0111eni na licu mjesta.  Metak u \u010delo i zbogom zauvjek. To su ubice, krvnici, to nisu vojnici, nego ljudi koji bezdu\u0161no ubijaju za novac. Prema informacijama kojima raspola\u017eem, me\u0111u ubijenima je bilo devet hrvatskih dr\u017eavljana, 12 srpskih, 11 Ukrajinaca i deset Kolumbijaca. Ostali, \u010dini mi se, nisu identifikovani, ka\u017ee Abdelaziz.  Pobunjenik je naveo da su pla\u0107enici koji su uhva\u0107eni u Tripoliju i drugim gradovima preba\u010deni u zatvor u Bengaziju i njih \u010deka su\u0111enje.  Ipak, ima ih jo\u0161 puno i na slobodi. Pobjegli su i skrivaju se u Sirtu, Bani Validu i Sabhi, rekao je Abdelaziz.<\/p>\n<p>Izvor: <strong>Sandzak-X.net<\/strong><\/p>\n","protected":false},"excerpt":{"rendered":"<p>Libija &#8211; Libijski pobunjenici streljali su 12 srpskih i devet hrvatskih pla\u0107enika, ali i one iz BiH, Rusije, Ukrajine, Kolumbije i drugih zemalja, ukupno 85 ljudi, pi\u0161e &#8220;ve\u010dernji list&#8221;. Borac Abdelaziz Madini rekao je dopisniku hrvatskog lista iz Misrate da su &#8220;svi osu\u0111eni po kratkom postupku&#8221;. Ovo je zgrada libijskog osiguranja. Nju su bili zauzeli [&hellip;]<\/p>\n","protected":false},"author":13,"featured_media":20061,"comment_status":"open","ping_status":"open","sticky":false,"template":"","format":"standard","meta":{"footnotes":""},"categories":[9],"tags":[],"class_list":{"0":"post-20060","1":"post","2":"type-post","3":"status-publish","4":"format-standard","5":"has-post-thumbnail","7":"category-svijet"},"yoast_head":"<!-- This site is optimized with the Yoast SEO Premium plugin v23.1 (Yoast SEO v24.9) - https:\/\/yoast.com\/wordpress\/plugins\/seo\/ -->\n<title>Uhva\u0107eni u ubijeni srpski pla\u0107enici u Libiji<\/title>\n<meta name=\"robots\" content=\"index, follow, max-snippet:-1, max-image-preview:large, max-video-preview:-1\" \/>\n<link rel=\"canonical\" href=\"https:\/\/sandzakpress.net\/arhiva\/uhvaceni-u-ubijeni-srpski-placenici-u-libiji\/\" \/>\n<meta property=\"og:locale\" content=\"bs_BA\" \/>\n<meta property=\"og:type\" content=\"article\" \/>\n<meta property=\"og:title\" content=\"Uhva\u0107eni u ubijeni srpski pla\u0107enici u Libiji\" \/>\n<meta property=\"og:description\" content=\"Libija &#8211; Libijski pobunjenici streljali su 12 srpskih i devet hrvatskih pla\u0107enika, ali i one iz BiH, Rusije, Ukrajine, Kolumbije i drugih zemalja, ukupno 85 ljudi, pi\u0161e &#8220;ve\u010dernji list&#8221;. Borac Abdelaziz Madini rekao je dopisniku hrvatskog lista iz Misrate da su &#8220;svi osu\u0111eni po kratkom postupku&#8221;. Ovo je zgrada libijskog osiguranja. Nju su bili zauzeli [&hellip;]\" \/>\n<meta property=\"og:url\" content=\"https:\/\/sandzakpress.net\/arhiva\/uhvaceni-u-ubijeni-srpski-placenici-u-libiji\/\" \/>\n<meta property=\"og:site_name\" content=\"Sand\u017eak PRESS\" \/>\n<meta property=\"article:published_time\" content=\"2011-09-14T11:41:43+00:00\" \/>\n<meta property=\"og:image\" content=\"https:\/\/sandzakpress.net\/arhiva\/wp-content\/uploads\/2011\/09\/libija_pobunjenici_001.jpg\" \/>\n\t<meta property=\"og:image:width\" content=\"500\" \/>\n\t<meta property=\"og:image:height\" content=\"237\" \/>\n\t<meta property=\"og:image:type\" content=\"image\/jpeg\" \/>\n<meta name=\"twitter:card\" content=\"summary_large_image\" \/>\n<meta name=\"twitter:label1\" content=\"Written by\" \/>\n\t<meta name=\"twitter:data1\" content=\"\" \/>\n\t<meta name=\"twitter:label2\" content=\"Est. reading time\" \/>\n\t<meta name=\"twitter:data2\" content=\"1 minuta\" \/>\n<script type=\"application\/ld+json\" class=\"yoast-schema-graph\">{\"@context\":\"https:\/\/schema.org\",\"@graph\":[{\"@type\":\"Article\",\"@id\":\"https:\/\/sandzakpress.net\/arhiva\/uhvaceni-u-ubijeni-srpski-placenici-u-libiji\/#article\",\"isPartOf\":{\"@id\":\"https:\/\/sandzakpress.net\/arhiva\/uhvaceni-u-ubijeni-srpski-placenici-u-libiji\/\"},\"author\":{\"name\":\"\",\"@id\":\"\"},\"headline\":\"Uhva\u0107eni u ubijeni srpski pla\u0107enici u Libiji\",\"datePublished\":\"2011-09-14T11:41:43+00:00\",\"mainEntityOfPage\":{\"@id\":\"https:\/\/sandzakpress.net\/arhiva\/uhvaceni-u-ubijeni-srpski-placenici-u-libiji\/\"},\"wordCount\":258,\"commentCount\":1,\"publisher\":{\"@id\":\"https:\/\/sandzakpress.net\/arhiva\/#\/schema\/person\/6e72b67d6e51910a1117b3b483ba20bd\"},\"image\":{\"@id\":\"https:\/\/sandzakpress.net\/arhiva\/uhvaceni-u-ubijeni-srpski-placenici-u-libiji\/#primaryimage\"},\"thumbnailUrl\":\"https:\/\/sandzakpress.net\/arhiva\/wp-content\/uploads\/2011\/09\/libija_pobunjenici_001.jpg\",\"articleSection\":[\"Svijet\"],\"inLanguage\":\"bs-BA\",\"potentialAction\":[{\"@type\":\"CommentAction\",\"name\":\"Comment\",\"target\":[\"https:\/\/sandzakpress.net\/arhiva\/uhvaceni-u-ubijeni-srpski-placenici-u-libiji\/#respond\"]}]},{\"@type\":\"WebPage\",\"@id\":\"https:\/\/sandzakpress.net\/arhiva\/uhvaceni-u-ubijeni-srpski-placenici-u-libiji\/\",\"url\":\"https:\/\/sandzakpress.net\/arhiva\/uhvaceni-u-ubijeni-srpski-placenici-u-libiji\/\",\"name\":\"Uhva\u0107eni u ubijeni srpski pla\u0107enici u Libiji\",\"isPartOf\":{\"@id\":\"https:\/\/sandzakpress.net\/arhiva\/#website\"},\"primaryImageOfPage\":{\"@id\":\"https:\/\/sandzakpress.net\/arhiva\/uhvaceni-u-ubijeni-srpski-placenici-u-libiji\/#primaryimage\"},\"image\":{\"@id\":\"https:\/\/sandzakpress.net\/arhiva\/uhvaceni-u-ubijeni-srpski-placenici-u-libiji\/#primaryimage\"},\"thumbnailUrl\":\"https:\/\/sandzakpress.net\/arhiva\/wp-content\/uploads\/2011\/09\/libija_pobunjenici_001.jpg\",\"datePublished\":\"2011-09-14T11:41:43+00:00\",\"breadcrumb\":{\"@id\":\"https:\/\/sandzakpress.net\/arhiva\/uhvaceni-u-ubijeni-srpski-placenici-u-libiji\/#breadcrumb\"},\"inLanguage\":\"bs-BA\",\"potentialAction\":[{\"@type\":\"ReadAction\",\"target\":[\"https:\/\/sandzakpress.net\/arhiva\/uhvaceni-u-ubijeni-srpski-placenici-u-libiji\/\"]}]},{\"@type\":\"ImageObject\",\"inLanguage\":\"bs-BA\",\"@id\":\"https:\/\/sandzakpress.net\/arhiva\/uhvaceni-u-ubijeni-srpski-placenici-u-libiji\/#primaryimage\",\"url\":\"https:\/\/sandzakpress.net\/arhiva\/wp-content\/uploads\/2011\/09\/libija_pobunjenici_001.jpg\",\"contentUrl\":\"https:\/\/sandzakpress.net\/arhiva\/wp-content\/uploads\/2011\/09\/libija_pobunjenici_001.jpg\",\"width\":500,\"height\":237},{\"@type\":\"BreadcrumbList\",\"@id\":\"https:\/\/sandzakpress.net\/arhiva\/uhvaceni-u-ubijeni-srpski-placenici-u-libiji\/#breadcrumb\",\"itemListElement\":[{\"@type\":\"ListItem\",\"position\":1,\"name\":\"Home\",\"item\":\"https:\/\/sandzakpress.net\/arhiva\/\"},{\"@type\":\"ListItem\",\"position\":2,\"name\":\"Uhva\u0107eni u ubijeni srpski pla\u0107enici u Libiji\"}]},{\"@type\":\"WebSite\",\"@id\":\"https:\/\/sandzakpress.net\/arhiva\/#website\",\"url\":\"https:\/\/sandzakpress.net\/arhiva\/\",\"name\":\"Sand\u017eak PRESS\",\"description\":\"Prve elektronske novine u Sand\u017eaku\",\"publisher\":{\"@id\":\"https:\/\/sandzakpress.net\/arhiva\/#\/schema\/person\/6e72b67d6e51910a1117b3b483ba20bd\"},\"potentialAction\":[{\"@type\":\"SearchAction\",\"target\":{\"@type\":\"EntryPoint\",\"urlTemplate\":\"https:\/\/sandzakpress.net\/arhiva\/?s={search_term_string}\"},\"query-input\":{\"@type\":\"PropertyValueSpecification\",\"valueRequired\":true,\"valueName\":\"search_term_string\"}}],\"inLanguage\":\"bs-BA\"},{\"@type\":[\"Person\",\"Organization\"],\"@id\":\"https:\/\/sandzakpress.net\/arhiva\/#\/schema\/person\/6e72b67d6e51910a1117b3b483ba20bd\",\"name\":\"Kul\",\"image\":{\"@type\":\"ImageObject\",\"inLanguage\":\"bs-BA\",\"@id\":\"https:\/\/sandzakpress.net\/arhiva\/#\/schema\/person\/image\/\",\"url\":\"https:\/\/secure.gravatar.com\/avatar\/42263f39aa27ac04c43cab85c280eb2e?s=96&d=mm&r=pg\",\"contentUrl\":\"https:\/\/secure.gravatar.com\/avatar\/42263f39aa27ac04c43cab85c280eb2e?s=96&d=mm&r=pg\",\"caption\":\"Kul\"},\"logo\":{\"@id\":\"https:\/\/sandzakpress.net\/arhiva\/#\/schema\/person\/image\/\"}},{\"@type\":\"Person\",\"@id\":\"\",\"url\":\"https:\/\/sandzakpress.net\/arhiva\/author\/\"}]}<\/script>\n<!-- \/ Yoast SEO Premium plugin. -->","yoast_head_json":{"title":"Uhva\u0107eni u ubijeni srpski pla\u0107enici u Libiji","robots":{"index":"index","follow":"follow","max-snippet":"max-snippet:-1","max-image-preview":"max-image-preview:large","max-video-preview":"max-video-preview:-1"},"canonical":"https:\/\/sandzakpress.net\/arhiva\/uhvaceni-u-ubijeni-srpski-placenici-u-libiji\/","og_locale":"bs_BA","og_type":"article","og_title":"Uhva\u0107eni u ubijeni srpski pla\u0107enici u Libiji","og_description":"Libija &#8211; Libijski pobunjenici streljali su 12 srpskih i devet hrvatskih pla\u0107enika, ali i one iz BiH, Rusije, Ukrajine, Kolumbije i drugih zemalja, ukupno 85 ljudi, pi\u0161e &#8220;ve\u010dernji list&#8221;. Borac Abdelaziz Madini rekao je dopisniku hrvatskog lista iz Misrate da su &#8220;svi osu\u0111eni po kratkom postupku&#8221;. Ovo je zgrada libijskog osiguranja. Nju su bili zauzeli [&hellip;]","og_url":"https:\/\/sandzakpress.net\/arhiva\/uhvaceni-u-ubijeni-srpski-placenici-u-libiji\/","og_site_name":"Sand\u017eak PRESS","article_published_time":"2011-09-14T11:41:43+00:00","og_image":[{"width":500,"height":237,"url":"https:\/\/sandzakpress.net\/arhiva\/wp-content\/uploads\/2011\/09\/libija_pobunjenici_001.jpg","type":"image\/jpeg"}],"twitter_card":"summary_large_image","twitter_misc":{"Written by":"","Est. reading time":"1 minuta"},"schema":{"@context":"https:\/\/schema.org","@graph":[{"@type":"Article","@id":"https:\/\/sandzakpress.net\/arhiva\/uhvaceni-u-ubijeni-srpski-placenici-u-libiji\/#article","isPartOf":{"@id":"https:\/\/sandzakpress.net\/arhiva\/uhvaceni-u-ubijeni-srpski-placenici-u-libiji\/"},"author":{"name":"","@id":""},"headline":"Uhva\u0107eni u ubijeni srpski pla\u0107enici u Libiji","datePublished":"2011-09-14T11:41:43+00:00","mainEntityOfPage":{"@id":"https:\/\/sandzakpress.net\/arhiva\/uhvaceni-u-ubijeni-srpski-placenici-u-libiji\/"},"wordCount":258,"commentCount":1,"publisher":{"@id":"https:\/\/sandzakpress.net\/arhiva\/#\/schema\/person\/6e72b67d6e51910a1117b3b483ba20bd"},"image":{"@id":"https:\/\/sandzakpress.net\/arhiva\/uhvaceni-u-ubijeni-srpski-placenici-u-libiji\/#primaryimage"},"thumbnailUrl":"https:\/\/sandzakpress.net\/arhiva\/wp-content\/uploads\/2011\/09\/libija_pobunjenici_001.jpg","articleSection":["Svijet"],"inLanguage":"bs-BA","potentialAction":[{"@type":"CommentAction","name":"Comment","target":["https:\/\/sandzakpress.net\/arhiva\/uhvaceni-u-ubijeni-srpski-placenici-u-libiji\/#respond"]}]},{"@type":"WebPage","@id":"https:\/\/sandzakpress.net\/arhiva\/uhvaceni-u-ubijeni-srpski-placenici-u-libiji\/","url":"https:\/\/sandzakpress.net\/arhiva\/uhvaceni-u-ubijeni-srpski-placenici-u-libiji\/","name":"Uhva\u0107eni u ubijeni srpski pla\u0107enici u Libiji","isPartOf":{"@id":"https:\/\/sandzakpress.net\/arhiva\/#website"},"primaryImageOfPage":{"@id":"https:\/\/sandzakpress.net\/arhiva\/uhvaceni-u-ubijeni-srpski-placenici-u-libiji\/#primaryimage"},"image":{"@id":"https:\/\/sandzakpress.net\/arhiva\/uhvaceni-u-ubijeni-srpski-placenici-u-libiji\/#primaryimage"},"thumbnailUrl":"https:\/\/sandzakpress.net\/arhiva\/wp-content\/uploads\/2011\/09\/libija_pobunjenici_001.jpg","datePublished":"2011-09-14T11:41:43+00:00","breadcrumb":{"@id":"https:\/\/sandzakpress.net\/arhiva\/uhvaceni-u-ubijeni-srpski-placenici-u-libiji\/#breadcrumb"},"inLanguage":"bs-BA","potentialAction":[{"@type":"ReadAction","target":["https:\/\/sandzakpress.net\/arhiva\/uhvaceni-u-ubijeni-srpski-placenici-u-libiji\/"]}]},{"@type":"ImageObject","inLanguage":"bs-BA","@id":"https:\/\/sandzakpress.net\/arhiva\/uhvaceni-u-ubijeni-srpski-placenici-u-libiji\/#primaryimage","url":"https:\/\/sandzakpress.net\/arhiva\/wp-content\/uploads\/2011\/09\/libija_pobunjenici_001.jpg","contentUrl":"https:\/\/sandzakpress.net\/arhiva\/wp-content\/uploads\/2011\/09\/libija_pobunjenici_001.jpg","width":500,"height":237},{"@type":"BreadcrumbList","@id":"https:\/\/sandzakpress.net\/arhiva\/uhvaceni-u-ubijeni-srpski-placenici-u-libiji\/#breadcrumb","itemListElement":[{"@type":"ListItem","position":1,"name":"Home","item":"https:\/\/sandzakpress.net\/arhiva\/"},{"@type":"ListItem","position":2,"name":"Uhva\u0107eni u ubijeni srpski pla\u0107enici u Libiji"}]},{"@type":"WebSite","@id":"https:\/\/sandzakpress.net\/arhiva\/#website","url":"https:\/\/sandzakpress.net\/arhiva\/","name":"Sand\u017eak PRESS","description":"Prve elektronske novine u Sand\u017eaku","publisher":{"@id":"https:\/\/sandzakpress.net\/arhiva\/#\/schema\/person\/6e72b67d6e51910a1117b3b483ba20bd"},"potentialAction":[{"@type":"SearchAction","target":{"@type":"EntryPoint","urlTemplate":"https:\/\/sandzakpress.net\/arhiva\/?s={search_term_string}"},"query-input":{"@type":"PropertyValueSpecification","valueRequired":true,"valueName":"search_term_string"}}],"inLanguage":"bs-BA"},{"@type":["Person","Organization"],"@id":"https:\/\/sandzakpress.net\/arhiva\/#\/schema\/person\/6e72b67d6e51910a1117b3b483ba20bd","name":"Kul","image":{"@type":"ImageObject","inLanguage":"bs-BA","@id":"https:\/\/sandzakpress.net\/arhiva\/#\/schema\/person\/image\/","url":"https:\/\/secure.gravatar.com\/avatar\/42263f39aa27ac04c43cab85c280eb2e?s=96&d=mm&r=pg","contentUrl":"https:\/\/secure.gravatar.com\/avatar\/42263f39aa27ac04c43cab85c280eb2e?s=96&d=mm&r=pg","caption":"Kul"},"logo":{"@id":"https:\/\/sandzakpress.net\/arhiva\/#\/schema\/person\/image\/"}},{"@type":"Person","@id":"","url":"https:\/\/sandzakpress.net\/arhiva\/author\/"}]}},"_links":{"self":[{"href":"https:\/\/sandzakpress.net\/arhiva\/wp-json\/wp\/v2\/posts\/20060"}],"collection":[{"href":"https:\/\/sandzakpress.net\/arhiva\/wp-json\/wp\/v2\/posts"}],"about":[{"href":"https:\/\/sandzakpress.net\/arhiva\/wp-json\/wp\/v2\/types\/post"}],"author":[{"embeddable":true,"href":"https:\/\/sandzakpress.net\/arhiva\/wp-json\/wp\/v2\/users\/13"}],"replies":[{"embeddable":true,"href":"https:\/\/sandzakpress.net\/arhiva\/wp-json\/wp\/v2\/comments?post=20060"}],"version-history":[{"count":0,"href":"https:\/\/sandzakpress.net\/arhiva\/wp-json\/wp\/v2\/posts\/20060\/revisions"}],"wp:featuredmedia":[{"embeddable":true,"href":"https:\/\/sandzakpress.net\/arhiva\/wp-json\/wp\/v2\/media\/20061"}],"wp:attachment":[{"href":"https:\/\/sandzakpress.net\/arhiva\/wp-json\/wp\/v2\/media?parent=20060"}],"wp:term":[{"taxonomy":"category","embeddable":true,"href":"https:\/\/sandzakpress.net\/arhiva\/wp-json\/wp\/v2\/categories?post=20060"},{"taxonomy":"post_tag","embeddable":true,"href":"https:\/\/sandzakpress.net\/arhiva\/wp-json\/wp\/v2\/tags?post=20060"}],"curies":[{"name":"wp","href":"https:\/\/api.w.org\/{rel}","templated":true}]}}