{"id":200516,"date":"2017-12-24T18:06:49","date_gmt":"2017-12-24T17:06:49","guid":{"rendered":"https:\/\/sandzakpress.net\/arhiva\/?p=200516"},"modified":"2017-12-24T23:04:42","modified_gmt":"2017-12-24T22:04:42","slug":"u-tutinu-otvoren-hotel-el-halal","status":"publish","type":"post","link":"https:\/\/sandzakpress.net\/arhiva\/u-tutinu-otvoren-hotel-el-halal\/","title":{"rendered":"U Tutinu otvoren hotel \u201cEl-Halal\u201d"},"content":{"rendered":"<p><img loading=\"lazy\" decoding=\"async\" class=\"alignnone size-full wp-image-34621\" src=\"http:\/\/sanapress.info\/wp-content\/uploads\/2017\/12\/1-3.jpg\" alt=\"\" width=\"1280\" height=\"723\" \/><\/p>\n<p><strong>Danas je u Tutinu u prisustvu rodbine, prijatelja, vjerskih, politi\u010dkih i nacionalnih lidera otvoren hotel &#8220;El-Halal&#8221;.<\/strong><\/p>\n<p>Narodni poslanik muftija dr. Muamer Zukorli\u0107 na poziv investitora, porodice Tuti\u0107, obratio se prisutnima.<\/p>\n<p>&#8220;Ovdje smo da danas podijelimo radost sa vlasnicima ovog impozantanog objekata. Naziv objekata ozna\u010dava imid\u017e i identitet ovog projekta. Nekad se naziv halal koristio jedino kada bismo htjeli da se nekome izvinimo i tra\u017eimo halal. Danas je to druga\u010dije i jako je bitno \u0161to se termin halal vratio na mjesto koje mu pripada. Halal je sve \u0161to je dobro i ispravno i \u0161to je Gospodar tako odredio. Du\u017enost vjernika je da se time vode a odluka da se jedan projekat nazove halal je ve\u0107i stepen. To zna\u010di da si ras\u010disito sa kim i kome pripada\u0161. Nema kalkuliranja. Svojim prisustvom i organiziranjem sve\u010danosti trebamo podr\u017eati ovakve projekte. Na halalu se temelji na\u0161a budu\u0107nost i prosperitet. Ne mo\u017ee se napredovati u birtijama i kafanama, mjestima gdje se vr\u0161i kriminal. Ovo je mjesto za one koji ne\u0107e prljavo. Za one koji ne\u0107e haram. Zato je bitno da imamo \u0161to vi\u0161e objekata sa ovakvom ponudom. Ljudi kao vlasnici tih objekta i ljudi kao posjetioci i gosti tih objekata su na\u0161a vrijednosti. Jedino ako postavimo temelje porodice, dru\u0161tva, obrazovanja, ekonomije, politike na halalu imamo budu\u0107nost.&#8221; kazao je dr. Zukorli\u0107.<\/p>\n<p>Predsjednik Me\u0161ihata muftija dr. Mevlud ef. Dudi\u0107 u svom obra\u0107anju kazao da ga raduje \u0161to je Tutin dobio mjesto na kojem se u miru i rahatluku boraviti sa porodicom.<\/p>\n<p>&#8220;Do\u0161li smo ovdje da postignemo Allahovu radost i zadovoljstvo. Odazvali smo se danas ovdje da uz dovu obilje\u017eimo otvaranje jo\u0161 jednog halal prostora. Prije 30 godina niste mogli na\u0107i ni jedno mjesto javno da se porodica okupi bez harama. I u najobi\u010dnijim \u0107evabd\u017einicama bilo je alkohola. Svi objekti bili su ispunjeni hranom. Evo 30 godina iza, na\u0161i snovi i k\u0107eri nadme\u0107u se u otvaranju ovakvih halal restorana. To je uspjeh i pobjeda. To je smisao islama i dokaz da su na\u0161e majke znale da odgoje djecu.&#8221; kazao je dr. Dudi\u0107.<\/p>\n<p>Vlasnik objekta Enver Tuti\u0107 kazao da hotel &#8220;El-Halal&#8221; raspola\u017ee sa salom od 1000 mjesta.<\/p>\n<p>&#8220;U prizemlju hotela nalazi se velika sala sa 1000 mjesta. Na spratu je manja sala sa 250 mjesta i 12 soba, apartmana. Tako\u0111er, za sve goste je obezbije\u0111en i parking palac sa oko 600 mjesta.&#8221; istakao je g. Tuti\u0107.<\/p>\n<p>Na kraju je prou\u010dena dova za hairli po\u010detak rada objekta.<\/p>\n<p><img loading=\"lazy\" decoding=\"async\" class=\"alignnone size-full wp-image-34623\" src=\"http:\/\/sanapress.info\/wp-content\/uploads\/2017\/12\/3-3.jpg\" alt=\"\" width=\"1280\" height=\"723\" \/> <img loading=\"lazy\" decoding=\"async\" class=\"alignnone size-full wp-image-34622\" src=\"http:\/\/sanapress.info\/wp-content\/uploads\/2017\/12\/2-4.jpg\" alt=\"\" width=\"1280\" height=\"723\" \/> <img loading=\"lazy\" decoding=\"async\" class=\"alignnone size-full wp-image-34627\" src=\"http:\/\/sanapress.info\/wp-content\/uploads\/2017\/12\/7-2.jpg\" alt=\"\" width=\"1280\" height=\"723\" \/> <img loading=\"lazy\" decoding=\"async\" class=\"alignnone size-full wp-image-34624\" src=\"http:\/\/sanapress.info\/wp-content\/uploads\/2017\/12\/4-3.jpg\" alt=\"\" width=\"1280\" height=\"723\" \/> <img loading=\"lazy\" decoding=\"async\" class=\"alignnone size-full wp-image-34625\" src=\"http:\/\/sanapress.info\/wp-content\/uploads\/2017\/12\/5-3.jpg\" alt=\"\" width=\"1280\" height=\"960\" \/> <img loading=\"lazy\" decoding=\"async\" class=\"alignnone size-full wp-image-34628\" src=\"http:\/\/sanapress.info\/wp-content\/uploads\/2017\/12\/8.jpg\" alt=\"\" width=\"1280\" height=\"960\" \/> <img loading=\"lazy\" decoding=\"async\" class=\"alignnone size-full wp-image-34629\" src=\"http:\/\/sanapress.info\/wp-content\/uploads\/2017\/12\/9-1.jpg\" alt=\"\" width=\"1280\" height=\"960\" \/> <img loading=\"lazy\" decoding=\"async\" class=\"alignnone size-full wp-image-34626\" src=\"http:\/\/sanapress.info\/wp-content\/uploads\/2017\/12\/6-3.jpg\" alt=\"\" width=\"1280\" height=\"723\" \/> <img loading=\"lazy\" decoding=\"async\" class=\"alignnone size-full wp-image-34630\" src=\"http:\/\/sanapress.info\/wp-content\/uploads\/2017\/12\/10-1.jpg\" alt=\"\" width=\"1280\" height=\"960\" \/><\/p>\n","protected":false},"excerpt":{"rendered":"<p>Danas je u Tutinu u prisustvu rodbine, prijatelja, vjerskih, politi\u010dkih i nacionalnih lidera otvoren hotel &#8220;El-Halal&#8221;. Narodni poslanik muftija dr. Muamer Zukorli\u0107 na poziv investitora, porodice Tuti\u0107, obratio se prisutnima. &#8220;Ovdje smo da danas podijelimo radost sa vlasnicima ovog impozantanog objekata. Naziv objekata ozna\u010dava imid\u017e i identitet ovog projekta. Nekad se naziv halal koristio jedino [&hellip;]<\/p>\n","protected":false},"author":509,"featured_media":200517,"comment_status":"open","ping_status":"open","sticky":false,"template":"","format":"standard","meta":{"footnotes":""},"categories":[327,5,10429],"tags":[],"class_list":{"0":"post-200516","1":"post","2":"type-post","3":"status-publish","4":"format-standard","5":"has-post-thumbnail","7":"category-tutin","8":"category-drustvo","9":"category-vazno"},"yoast_head":"<!-- This site is optimized with the Yoast SEO Premium plugin v23.1 (Yoast SEO v24.9) - https:\/\/yoast.com\/wordpress\/plugins\/seo\/ -->\n<title>U Tutinu otvoren hotel \u201cEl-Halal\u201d<\/title>\n<meta name=\"robots\" content=\"index, follow, max-snippet:-1, max-image-preview:large, max-video-preview:-1\" \/>\n<link rel=\"canonical\" href=\"https:\/\/sandzakpress.net\/arhiva\/u-tutinu-otvoren-hotel-el-halal\/\" \/>\n<meta property=\"og:locale\" content=\"bs_BA\" \/>\n<meta property=\"og:type\" content=\"article\" \/>\n<meta property=\"og:title\" content=\"U Tutinu otvoren hotel \u201cEl-Halal\u201d\" \/>\n<meta property=\"og:description\" content=\"Danas je u Tutinu u prisustvu rodbine, prijatelja, vjerskih, politi\u010dkih i nacionalnih lidera otvoren hotel &#8220;El-Halal&#8221;. Narodni poslanik muftija dr. Muamer Zukorli\u0107 na poziv investitora, porodice Tuti\u0107, obratio se prisutnima. &#8220;Ovdje smo da danas podijelimo radost sa vlasnicima ovog impozantanog objekata. Naziv objekata ozna\u010dava imid\u017e i identitet ovog projekta. Nekad se naziv halal koristio jedino [&hellip;]\" \/>\n<meta property=\"og:url\" content=\"https:\/\/sandzakpress.net\/arhiva\/u-tutinu-otvoren-hotel-el-halal\/\" \/>\n<meta property=\"og:site_name\" content=\"Sand\u017eak PRESS\" \/>\n<meta property=\"article:published_time\" content=\"2017-12-24T17:06:49+00:00\" \/>\n<meta property=\"article:modified_time\" content=\"2017-12-24T22:04:42+00:00\" \/>\n<meta property=\"og:image\" content=\"https:\/\/sandzakpress.net\/arhiva\/wp-content\/uploads\/2017\/12\/1-3.jpg\" \/>\n\t<meta property=\"og:image:width\" content=\"1280\" \/>\n\t<meta property=\"og:image:height\" content=\"723\" \/>\n\t<meta property=\"og:image:type\" content=\"image\/jpeg\" \/>\n<meta name=\"author\" content=\"Agencija\" \/>\n<meta name=\"twitter:card\" content=\"summary_large_image\" \/>\n<meta name=\"twitter:label1\" content=\"Written by\" \/>\n\t<meta name=\"twitter:data1\" content=\"Agencija\" \/>\n\t<meta name=\"twitter:label2\" content=\"Est. reading time\" \/>\n\t<meta name=\"twitter:data2\" content=\"2 minute\" \/>\n<script type=\"application\/ld+json\" class=\"yoast-schema-graph\">{\"@context\":\"https:\/\/schema.org\",\"@graph\":[{\"@type\":\"Article\",\"@id\":\"https:\/\/sandzakpress.net\/arhiva\/u-tutinu-otvoren-hotel-el-halal\/#article\",\"isPartOf\":{\"@id\":\"https:\/\/sandzakpress.net\/arhiva\/u-tutinu-otvoren-hotel-el-halal\/\"},\"author\":{\"name\":\"Agencija\",\"@id\":\"https:\/\/sandzakpress.net\/arhiva\/#\/schema\/person\/cb59d7e3ab91ab90dd680ad0305a6185\"},\"headline\":\"U Tutinu otvoren hotel \u201cEl-Halal\u201d\",\"datePublished\":\"2017-12-24T17:06:49+00:00\",\"dateModified\":\"2017-12-24T22:04:42+00:00\",\"mainEntityOfPage\":{\"@id\":\"https:\/\/sandzakpress.net\/arhiva\/u-tutinu-otvoren-hotel-el-halal\/\"},\"wordCount\":430,\"commentCount\":2,\"publisher\":{\"@id\":\"https:\/\/sandzakpress.net\/arhiva\/#\/schema\/person\/6e72b67d6e51910a1117b3b483ba20bd\"},\"image\":{\"@id\":\"https:\/\/sandzakpress.net\/arhiva\/u-tutinu-otvoren-hotel-el-halal\/#primaryimage\"},\"thumbnailUrl\":\"https:\/\/sandzakpress.net\/arhiva\/wp-content\/uploads\/2017\/12\/1-3.jpg\",\"articleSection\":[\"Tutin\",\"Dru\u0161tvo\",\"VA\u017dNO!\"],\"inLanguage\":\"bs-BA\",\"potentialAction\":[{\"@type\":\"CommentAction\",\"name\":\"Comment\",\"target\":[\"https:\/\/sandzakpress.net\/arhiva\/u-tutinu-otvoren-hotel-el-halal\/#respond\"]}]},{\"@type\":\"WebPage\",\"@id\":\"https:\/\/sandzakpress.net\/arhiva\/u-tutinu-otvoren-hotel-el-halal\/\",\"url\":\"https:\/\/sandzakpress.net\/arhiva\/u-tutinu-otvoren-hotel-el-halal\/\",\"name\":\"U Tutinu otvoren hotel \u201cEl-Halal\u201d\",\"isPartOf\":{\"@id\":\"https:\/\/sandzakpress.net\/arhiva\/#website\"},\"primaryImageOfPage\":{\"@id\":\"https:\/\/sandzakpress.net\/arhiva\/u-tutinu-otvoren-hotel-el-halal\/#primaryimage\"},\"image\":{\"@id\":\"https:\/\/sandzakpress.net\/arhiva\/u-tutinu-otvoren-hotel-el-halal\/#primaryimage\"},\"thumbnailUrl\":\"https:\/\/sandzakpress.net\/arhiva\/wp-content\/uploads\/2017\/12\/1-3.jpg\",\"datePublished\":\"2017-12-24T17:06:49+00:00\",\"dateModified\":\"2017-12-24T22:04:42+00:00\",\"breadcrumb\":{\"@id\":\"https:\/\/sandzakpress.net\/arhiva\/u-tutinu-otvoren-hotel-el-halal\/#breadcrumb\"},\"inLanguage\":\"bs-BA\",\"potentialAction\":[{\"@type\":\"ReadAction\",\"target\":[\"https:\/\/sandzakpress.net\/arhiva\/u-tutinu-otvoren-hotel-el-halal\/\"]}]},{\"@type\":\"ImageObject\",\"inLanguage\":\"bs-BA\",\"@id\":\"https:\/\/sandzakpress.net\/arhiva\/u-tutinu-otvoren-hotel-el-halal\/#primaryimage\",\"url\":\"https:\/\/sandzakpress.net\/arhiva\/wp-content\/uploads\/2017\/12\/1-3.jpg\",\"contentUrl\":\"https:\/\/sandzakpress.net\/arhiva\/wp-content\/uploads\/2017\/12\/1-3.jpg\",\"width\":1280,\"height\":723},{\"@type\":\"BreadcrumbList\",\"@id\":\"https:\/\/sandzakpress.net\/arhiva\/u-tutinu-otvoren-hotel-el-halal\/#breadcrumb\",\"itemListElement\":[{\"@type\":\"ListItem\",\"position\":1,\"name\":\"Home\",\"item\":\"https:\/\/sandzakpress.net\/arhiva\/\"},{\"@type\":\"ListItem\",\"position\":2,\"name\":\"U Tutinu otvoren hotel \u201cEl-Halal\u201d\"}]},{\"@type\":\"WebSite\",\"@id\":\"https:\/\/sandzakpress.net\/arhiva\/#website\",\"url\":\"https:\/\/sandzakpress.net\/arhiva\/\",\"name\":\"Sand\u017eak PRESS\",\"description\":\"Prve elektronske novine u Sand\u017eaku\",\"publisher\":{\"@id\":\"https:\/\/sandzakpress.net\/arhiva\/#\/schema\/person\/6e72b67d6e51910a1117b3b483ba20bd\"},\"potentialAction\":[{\"@type\":\"SearchAction\",\"target\":{\"@type\":\"EntryPoint\",\"urlTemplate\":\"https:\/\/sandzakpress.net\/arhiva\/?s={search_term_string}\"},\"query-input\":{\"@type\":\"PropertyValueSpecification\",\"valueRequired\":true,\"valueName\":\"search_term_string\"}}],\"inLanguage\":\"bs-BA\"},{\"@type\":[\"Person\",\"Organization\"],\"@id\":\"https:\/\/sandzakpress.net\/arhiva\/#\/schema\/person\/6e72b67d6e51910a1117b3b483ba20bd\",\"name\":\"Kul\",\"image\":{\"@type\":\"ImageObject\",\"inLanguage\":\"bs-BA\",\"@id\":\"https:\/\/sandzakpress.net\/arhiva\/#\/schema\/person\/image\/\",\"url\":\"https:\/\/secure.gravatar.com\/avatar\/42263f39aa27ac04c43cab85c280eb2e?s=96&d=mm&r=pg\",\"contentUrl\":\"https:\/\/secure.gravatar.com\/avatar\/42263f39aa27ac04c43cab85c280eb2e?s=96&d=mm&r=pg\",\"caption\":\"Kul\"},\"logo\":{\"@id\":\"https:\/\/sandzakpress.net\/arhiva\/#\/schema\/person\/image\/\"}},{\"@type\":\"Person\",\"@id\":\"https:\/\/sandzakpress.net\/arhiva\/#\/schema\/person\/cb59d7e3ab91ab90dd680ad0305a6185\",\"name\":\"Agencija\",\"image\":{\"@type\":\"ImageObject\",\"inLanguage\":\"bs-BA\",\"@id\":\"https:\/\/sandzakpress.net\/arhiva\/#\/schema\/person\/image\/\",\"url\":\"https:\/\/secure.gravatar.com\/avatar\/4b7fafa80a22f0c2afe23966b3961fe0?s=96&d=mm&r=pg\",\"contentUrl\":\"https:\/\/secure.gravatar.com\/avatar\/4b7fafa80a22f0c2afe23966b3961fe0?s=96&d=mm&r=pg\",\"caption\":\"Agencija\"},\"url\":\"https:\/\/sandzakpress.net\/arhiva\/author\/agencija\/\"}]}<\/script>\n<!-- \/ Yoast SEO Premium plugin. -->","yoast_head_json":{"title":"U Tutinu otvoren hotel \u201cEl-Halal\u201d","robots":{"index":"index","follow":"follow","max-snippet":"max-snippet:-1","max-image-preview":"max-image-preview:large","max-video-preview":"max-video-preview:-1"},"canonical":"https:\/\/sandzakpress.net\/arhiva\/u-tutinu-otvoren-hotel-el-halal\/","og_locale":"bs_BA","og_type":"article","og_title":"U Tutinu otvoren hotel \u201cEl-Halal\u201d","og_description":"Danas je u Tutinu u prisustvu rodbine, prijatelja, vjerskih, politi\u010dkih i nacionalnih lidera otvoren hotel &#8220;El-Halal&#8221;. Narodni poslanik muftija dr. Muamer Zukorli\u0107 na poziv investitora, porodice Tuti\u0107, obratio se prisutnima. &#8220;Ovdje smo da danas podijelimo radost sa vlasnicima ovog impozantanog objekata. Naziv objekata ozna\u010dava imid\u017e i identitet ovog projekta. Nekad se naziv halal koristio jedino [&hellip;]","og_url":"https:\/\/sandzakpress.net\/arhiva\/u-tutinu-otvoren-hotel-el-halal\/","og_site_name":"Sand\u017eak PRESS","article_published_time":"2017-12-24T17:06:49+00:00","article_modified_time":"2017-12-24T22:04:42+00:00","og_image":[{"width":1280,"height":723,"url":"https:\/\/sandzakpress.net\/arhiva\/wp-content\/uploads\/2017\/12\/1-3.jpg","type":"image\/jpeg"}],"author":"Agencija","twitter_card":"summary_large_image","twitter_misc":{"Written by":"Agencija","Est. reading time":"2 minute"},"schema":{"@context":"https:\/\/schema.org","@graph":[{"@type":"Article","@id":"https:\/\/sandzakpress.net\/arhiva\/u-tutinu-otvoren-hotel-el-halal\/#article","isPartOf":{"@id":"https:\/\/sandzakpress.net\/arhiva\/u-tutinu-otvoren-hotel-el-halal\/"},"author":{"name":"Agencija","@id":"https:\/\/sandzakpress.net\/arhiva\/#\/schema\/person\/cb59d7e3ab91ab90dd680ad0305a6185"},"headline":"U Tutinu otvoren hotel \u201cEl-Halal\u201d","datePublished":"2017-12-24T17:06:49+00:00","dateModified":"2017-12-24T22:04:42+00:00","mainEntityOfPage":{"@id":"https:\/\/sandzakpress.net\/arhiva\/u-tutinu-otvoren-hotel-el-halal\/"},"wordCount":430,"commentCount":2,"publisher":{"@id":"https:\/\/sandzakpress.net\/arhiva\/#\/schema\/person\/6e72b67d6e51910a1117b3b483ba20bd"},"image":{"@id":"https:\/\/sandzakpress.net\/arhiva\/u-tutinu-otvoren-hotel-el-halal\/#primaryimage"},"thumbnailUrl":"https:\/\/sandzakpress.net\/arhiva\/wp-content\/uploads\/2017\/12\/1-3.jpg","articleSection":["Tutin","Dru\u0161tvo","VA\u017dNO!"],"inLanguage":"bs-BA","potentialAction":[{"@type":"CommentAction","name":"Comment","target":["https:\/\/sandzakpress.net\/arhiva\/u-tutinu-otvoren-hotel-el-halal\/#respond"]}]},{"@type":"WebPage","@id":"https:\/\/sandzakpress.net\/arhiva\/u-tutinu-otvoren-hotel-el-halal\/","url":"https:\/\/sandzakpress.net\/arhiva\/u-tutinu-otvoren-hotel-el-halal\/","name":"U Tutinu otvoren hotel \u201cEl-Halal\u201d","isPartOf":{"@id":"https:\/\/sandzakpress.net\/arhiva\/#website"},"primaryImageOfPage":{"@id":"https:\/\/sandzakpress.net\/arhiva\/u-tutinu-otvoren-hotel-el-halal\/#primaryimage"},"image":{"@id":"https:\/\/sandzakpress.net\/arhiva\/u-tutinu-otvoren-hotel-el-halal\/#primaryimage"},"thumbnailUrl":"https:\/\/sandzakpress.net\/arhiva\/wp-content\/uploads\/2017\/12\/1-3.jpg","datePublished":"2017-12-24T17:06:49+00:00","dateModified":"2017-12-24T22:04:42+00:00","breadcrumb":{"@id":"https:\/\/sandzakpress.net\/arhiva\/u-tutinu-otvoren-hotel-el-halal\/#breadcrumb"},"inLanguage":"bs-BA","potentialAction":[{"@type":"ReadAction","target":["https:\/\/sandzakpress.net\/arhiva\/u-tutinu-otvoren-hotel-el-halal\/"]}]},{"@type":"ImageObject","inLanguage":"bs-BA","@id":"https:\/\/sandzakpress.net\/arhiva\/u-tutinu-otvoren-hotel-el-halal\/#primaryimage","url":"https:\/\/sandzakpress.net\/arhiva\/wp-content\/uploads\/2017\/12\/1-3.jpg","contentUrl":"https:\/\/sandzakpress.net\/arhiva\/wp-content\/uploads\/2017\/12\/1-3.jpg","width":1280,"height":723},{"@type":"BreadcrumbList","@id":"https:\/\/sandzakpress.net\/arhiva\/u-tutinu-otvoren-hotel-el-halal\/#breadcrumb","itemListElement":[{"@type":"ListItem","position":1,"name":"Home","item":"https:\/\/sandzakpress.net\/arhiva\/"},{"@type":"ListItem","position":2,"name":"U Tutinu otvoren hotel \u201cEl-Halal\u201d"}]},{"@type":"WebSite","@id":"https:\/\/sandzakpress.net\/arhiva\/#website","url":"https:\/\/sandzakpress.net\/arhiva\/","name":"Sand\u017eak PRESS","description":"Prve elektronske novine u Sand\u017eaku","publisher":{"@id":"https:\/\/sandzakpress.net\/arhiva\/#\/schema\/person\/6e72b67d6e51910a1117b3b483ba20bd"},"potentialAction":[{"@type":"SearchAction","target":{"@type":"EntryPoint","urlTemplate":"https:\/\/sandzakpress.net\/arhiva\/?s={search_term_string}"},"query-input":{"@type":"PropertyValueSpecification","valueRequired":true,"valueName":"search_term_string"}}],"inLanguage":"bs-BA"},{"@type":["Person","Organization"],"@id":"https:\/\/sandzakpress.net\/arhiva\/#\/schema\/person\/6e72b67d6e51910a1117b3b483ba20bd","name":"Kul","image":{"@type":"ImageObject","inLanguage":"bs-BA","@id":"https:\/\/sandzakpress.net\/arhiva\/#\/schema\/person\/image\/","url":"https:\/\/secure.gravatar.com\/avatar\/42263f39aa27ac04c43cab85c280eb2e?s=96&d=mm&r=pg","contentUrl":"https:\/\/secure.gravatar.com\/avatar\/42263f39aa27ac04c43cab85c280eb2e?s=96&d=mm&r=pg","caption":"Kul"},"logo":{"@id":"https:\/\/sandzakpress.net\/arhiva\/#\/schema\/person\/image\/"}},{"@type":"Person","@id":"https:\/\/sandzakpress.net\/arhiva\/#\/schema\/person\/cb59d7e3ab91ab90dd680ad0305a6185","name":"Agencija","image":{"@type":"ImageObject","inLanguage":"bs-BA","@id":"https:\/\/sandzakpress.net\/arhiva\/#\/schema\/person\/image\/","url":"https:\/\/secure.gravatar.com\/avatar\/4b7fafa80a22f0c2afe23966b3961fe0?s=96&d=mm&r=pg","contentUrl":"https:\/\/secure.gravatar.com\/avatar\/4b7fafa80a22f0c2afe23966b3961fe0?s=96&d=mm&r=pg","caption":"Agencija"},"url":"https:\/\/sandzakpress.net\/arhiva\/author\/agencija\/"}]}},"_links":{"self":[{"href":"https:\/\/sandzakpress.net\/arhiva\/wp-json\/wp\/v2\/posts\/200516"}],"collection":[{"href":"https:\/\/sandzakpress.net\/arhiva\/wp-json\/wp\/v2\/posts"}],"about":[{"href":"https:\/\/sandzakpress.net\/arhiva\/wp-json\/wp\/v2\/types\/post"}],"author":[{"embeddable":true,"href":"https:\/\/sandzakpress.net\/arhiva\/wp-json\/wp\/v2\/users\/509"}],"replies":[{"embeddable":true,"href":"https:\/\/sandzakpress.net\/arhiva\/wp-json\/wp\/v2\/comments?post=200516"}],"version-history":[{"count":0,"href":"https:\/\/sandzakpress.net\/arhiva\/wp-json\/wp\/v2\/posts\/200516\/revisions"}],"wp:featuredmedia":[{"embeddable":true,"href":"https:\/\/sandzakpress.net\/arhiva\/wp-json\/wp\/v2\/media\/200517"}],"wp:attachment":[{"href":"https:\/\/sandzakpress.net\/arhiva\/wp-json\/wp\/v2\/media?parent=200516"}],"wp:term":[{"taxonomy":"category","embeddable":true,"href":"https:\/\/sandzakpress.net\/arhiva\/wp-json\/wp\/v2\/categories?post=200516"},{"taxonomy":"post_tag","embeddable":true,"href":"https:\/\/sandzakpress.net\/arhiva\/wp-json\/wp\/v2\/tags?post=200516"}],"curies":[{"name":"wp","href":"https:\/\/api.w.org\/{rel}","templated":true}]}}