{"id":200345,"date":"2017-12-18T21:54:20","date_gmt":"2017-12-18T20:54:20","guid":{"rendered":"https:\/\/sandzakpress.net\/arhiva\/?p=200345"},"modified":"2017-12-18T21:54:20","modified_gmt":"2017-12-18T20:54:20","slug":"djecak-preminuo-u-bolnici-nakon-pada-sa-skolskih-stepenica","status":"publish","type":"post","link":"https:\/\/sandzakpress.net\/arhiva\/djecak-preminuo-u-bolnici-nakon-pada-sa-skolskih-stepenica\/","title":{"rendered":"Dje\u010dak preminuo u bolnici nakon pada sa \u0161kolskih stepenica"},"content":{"rendered":"<p><strong><img loading=\"lazy\" decoding=\"async\" class=\"aligncenter\" src=\"http:\/\/www.sandzacke.rs\/wp-content\/uploads\/2017\/12\/np-hitna-pomoc-696x493.jpg\" width=\"752\" height=\"577\" \/><\/strong><\/p>\n<p><strong>U\u010denik (15) Osnovne \u0161kole \u201cBratstvo\u201d preminuo je ve\u010deras na Odjeljenju hirurgije Op\u0161te bolnice u Novom Pazaru nakon pada sa \u0161kolskih stepenica.<\/strong><\/p>\n<div class=\"td-g-rec td-g-rec-id-content_inlineright  \">\u00a0<\/div>\n<p>Kako prenosi RTV Novi Pazar, dje\u010dak je bez vitalnih znakova \u017eivota preba\u010den na hirurgiju gdje je tim ljekara bezuspje\u0161no poku\u0161ao reanimaciju.<\/p>\n<p>Kako se navodi, dje\u010dak je godinama bolovao od te\u0161ke hroni\u010dne metaboli\u010dke bolesti koja prouzrokuje kratak \u017eivotni vijek oboljelih.<\/p>\n<p>Ljekari novopazarske Op\u0161te bolnice isklju\u010duju bilo kakvu odgovornost zaposlenih u \u0161koli i navode da je bolest prouzrokovala smrt dje\u010daka.<\/p>\n<p>\u201cU\u010denik je ranije u vi\u0161e navrata hospitalizovan na Dje\u010dijem odjeljenju u Novom Pazaru i na Dje\u010dijoj klinici u Beogradu zbog hroni\u010dne metaboli\u010dke bolesti, te\u0161kog oblika acidemije. On je ve\u010deras na Odjeljenje intenzivne nege dopremljen bez vitalnih znakova, bez sr\u010dane akcije, pulsa i disanja, te pro\u0161irenih zenica. Preduzete su hitne mjere kardiopulmonalne reanimacije koje, na\u017ealost, nisu dale rezultate te je negdje oko 19:00 sati konstatovana smrt pacijenta\u201d, re\u010deno je na Odjeljenju hirurgije.<\/p>\n<p>&nbsp;<\/p>\n<p>Izvor: <strong>sandzacke.rs<\/strong><\/p>\n","protected":false},"excerpt":{"rendered":"<p>U\u010denik (15) Osnovne \u0161kole \u201cBratstvo\u201d preminuo je ve\u010deras na Odjeljenju hirurgije Op\u0161te bolnice u Novom Pazaru nakon pada sa \u0161kolskih stepenica. \u00a0 Kako prenosi RTV Novi Pazar, dje\u010dak je bez vitalnih znakova \u017eivota preba\u010den na hirurgiju gdje je tim ljekara bezuspje\u0161no poku\u0161ao reanimaciju. Kako se navodi, dje\u010dak je godinama bolovao od te\u0161ke hroni\u010dne metaboli\u010dke bolesti [&hellip;]<\/p>\n","protected":false},"author":125,"featured_media":200346,"comment_status":"open","ping_status":"open","sticky":false,"template":"","format":"standard","meta":{"footnotes":""},"categories":[72,801,8957],"tags":[],"class_list":{"0":"post-200345","1":"post","2":"type-post","3":"status-publish","4":"format-standard","5":"has-post-thumbnail","7":"category-novi-pazar","8":"category-crna_hronika","9":"category-vijesti-dana"},"yoast_head":"<!-- This site is optimized with the Yoast SEO Premium plugin v23.1 (Yoast SEO v24.9) - https:\/\/yoast.com\/wordpress\/plugins\/seo\/ -->\n<title>Dje\u010dak preminuo u bolnici nakon pada sa \u0161kolskih stepenica<\/title>\n<meta name=\"robots\" content=\"index, follow, max-snippet:-1, max-image-preview:large, max-video-preview:-1\" \/>\n<link rel=\"canonical\" href=\"https:\/\/sandzakpress.net\/arhiva\/djecak-preminuo-u-bolnici-nakon-pada-sa-skolskih-stepenica\/\" \/>\n<meta property=\"og:locale\" content=\"bs_BA\" \/>\n<meta property=\"og:type\" content=\"article\" \/>\n<meta property=\"og:title\" content=\"Dje\u010dak preminuo u bolnici nakon pada sa \u0161kolskih stepenica\" \/>\n<meta property=\"og:description\" content=\"U\u010denik (15) Osnovne \u0161kole \u201cBratstvo\u201d preminuo je ve\u010deras na Odjeljenju hirurgije Op\u0161te bolnice u Novom Pazaru nakon pada sa \u0161kolskih stepenica. \u00a0 Kako prenosi RTV Novi Pazar, dje\u010dak je bez vitalnih znakova \u017eivota preba\u010den na hirurgiju gdje je tim ljekara bezuspje\u0161no poku\u0161ao reanimaciju. Kako se navodi, dje\u010dak je godinama bolovao od te\u0161ke hroni\u010dne metaboli\u010dke bolesti [&hellip;]\" \/>\n<meta property=\"og:url\" content=\"https:\/\/sandzakpress.net\/arhiva\/djecak-preminuo-u-bolnici-nakon-pada-sa-skolskih-stepenica\/\" \/>\n<meta property=\"og:site_name\" content=\"Sand\u017eak PRESS\" \/>\n<meta property=\"article:published_time\" content=\"2017-12-18T20:54:20+00:00\" \/>\n<meta property=\"og:image\" content=\"https:\/\/sandzakpress.net\/arhiva\/wp-content\/uploads\/2017\/12\/np-hitna-pomoc-696x493.jpg\" \/>\n\t<meta property=\"og:image:width\" content=\"696\" \/>\n\t<meta property=\"og:image:height\" content=\"493\" \/>\n\t<meta property=\"og:image:type\" content=\"image\/jpeg\" \/>\n<meta name=\"author\" content=\"Korektor\" \/>\n<meta name=\"twitter:card\" content=\"summary_large_image\" \/>\n<meta name=\"twitter:label1\" content=\"Written by\" \/>\n\t<meta name=\"twitter:data1\" content=\"Korektor\" \/>\n\t<meta name=\"twitter:label2\" content=\"Est. reading time\" \/>\n\t<meta name=\"twitter:data2\" content=\"1 minuta\" \/>\n<script type=\"application\/ld+json\" class=\"yoast-schema-graph\">{\"@context\":\"https:\/\/schema.org\",\"@graph\":[{\"@type\":\"Article\",\"@id\":\"https:\/\/sandzakpress.net\/arhiva\/djecak-preminuo-u-bolnici-nakon-pada-sa-skolskih-stepenica\/#article\",\"isPartOf\":{\"@id\":\"https:\/\/sandzakpress.net\/arhiva\/djecak-preminuo-u-bolnici-nakon-pada-sa-skolskih-stepenica\/\"},\"author\":{\"name\":\"Korektor\",\"@id\":\"https:\/\/sandzakpress.net\/arhiva\/#\/schema\/person\/b71f9565a8a6ce38c0200f1cf59c368c\"},\"headline\":\"Dje\u010dak preminuo u bolnici nakon pada sa \u0161kolskih stepenica\",\"datePublished\":\"2017-12-18T20:54:20+00:00\",\"mainEntityOfPage\":{\"@id\":\"https:\/\/sandzakpress.net\/arhiva\/djecak-preminuo-u-bolnici-nakon-pada-sa-skolskih-stepenica\/\"},\"wordCount\":188,\"commentCount\":1,\"publisher\":{\"@id\":\"https:\/\/sandzakpress.net\/arhiva\/#\/schema\/person\/6e72b67d6e51910a1117b3b483ba20bd\"},\"image\":{\"@id\":\"https:\/\/sandzakpress.net\/arhiva\/djecak-preminuo-u-bolnici-nakon-pada-sa-skolskih-stepenica\/#primaryimage\"},\"thumbnailUrl\":\"https:\/\/sandzakpress.net\/arhiva\/wp-content\/uploads\/2017\/12\/np-hitna-pomoc-696x493.jpg\",\"articleSection\":[\"Novi Pazar\",\"Hronika\",\"VIJESTI DANA\"],\"inLanguage\":\"bs-BA\",\"potentialAction\":[{\"@type\":\"CommentAction\",\"name\":\"Comment\",\"target\":[\"https:\/\/sandzakpress.net\/arhiva\/djecak-preminuo-u-bolnici-nakon-pada-sa-skolskih-stepenica\/#respond\"]}]},{\"@type\":\"WebPage\",\"@id\":\"https:\/\/sandzakpress.net\/arhiva\/djecak-preminuo-u-bolnici-nakon-pada-sa-skolskih-stepenica\/\",\"url\":\"https:\/\/sandzakpress.net\/arhiva\/djecak-preminuo-u-bolnici-nakon-pada-sa-skolskih-stepenica\/\",\"name\":\"Dje\u010dak preminuo u bolnici nakon pada sa \u0161kolskih stepenica\",\"isPartOf\":{\"@id\":\"https:\/\/sandzakpress.net\/arhiva\/#website\"},\"primaryImageOfPage\":{\"@id\":\"https:\/\/sandzakpress.net\/arhiva\/djecak-preminuo-u-bolnici-nakon-pada-sa-skolskih-stepenica\/#primaryimage\"},\"image\":{\"@id\":\"https:\/\/sandzakpress.net\/arhiva\/djecak-preminuo-u-bolnici-nakon-pada-sa-skolskih-stepenica\/#primaryimage\"},\"thumbnailUrl\":\"https:\/\/sandzakpress.net\/arhiva\/wp-content\/uploads\/2017\/12\/np-hitna-pomoc-696x493.jpg\",\"datePublished\":\"2017-12-18T20:54:20+00:00\",\"breadcrumb\":{\"@id\":\"https:\/\/sandzakpress.net\/arhiva\/djecak-preminuo-u-bolnici-nakon-pada-sa-skolskih-stepenica\/#breadcrumb\"},\"inLanguage\":\"bs-BA\",\"potentialAction\":[{\"@type\":\"ReadAction\",\"target\":[\"https:\/\/sandzakpress.net\/arhiva\/djecak-preminuo-u-bolnici-nakon-pada-sa-skolskih-stepenica\/\"]}]},{\"@type\":\"ImageObject\",\"inLanguage\":\"bs-BA\",\"@id\":\"https:\/\/sandzakpress.net\/arhiva\/djecak-preminuo-u-bolnici-nakon-pada-sa-skolskih-stepenica\/#primaryimage\",\"url\":\"https:\/\/sandzakpress.net\/arhiva\/wp-content\/uploads\/2017\/12\/np-hitna-pomoc-696x493.jpg\",\"contentUrl\":\"https:\/\/sandzakpress.net\/arhiva\/wp-content\/uploads\/2017\/12\/np-hitna-pomoc-696x493.jpg\",\"width\":696,\"height\":493},{\"@type\":\"BreadcrumbList\",\"@id\":\"https:\/\/sandzakpress.net\/arhiva\/djecak-preminuo-u-bolnici-nakon-pada-sa-skolskih-stepenica\/#breadcrumb\",\"itemListElement\":[{\"@type\":\"ListItem\",\"position\":1,\"name\":\"Home\",\"item\":\"https:\/\/sandzakpress.net\/arhiva\/\"},{\"@type\":\"ListItem\",\"position\":2,\"name\":\"Dje\u010dak preminuo u bolnici nakon pada sa \u0161kolskih stepenica\"}]},{\"@type\":\"WebSite\",\"@id\":\"https:\/\/sandzakpress.net\/arhiva\/#website\",\"url\":\"https:\/\/sandzakpress.net\/arhiva\/\",\"name\":\"Sand\u017eak PRESS\",\"description\":\"Prve elektronske novine u Sand\u017eaku\",\"publisher\":{\"@id\":\"https:\/\/sandzakpress.net\/arhiva\/#\/schema\/person\/6e72b67d6e51910a1117b3b483ba20bd\"},\"potentialAction\":[{\"@type\":\"SearchAction\",\"target\":{\"@type\":\"EntryPoint\",\"urlTemplate\":\"https:\/\/sandzakpress.net\/arhiva\/?s={search_term_string}\"},\"query-input\":{\"@type\":\"PropertyValueSpecification\",\"valueRequired\":true,\"valueName\":\"search_term_string\"}}],\"inLanguage\":\"bs-BA\"},{\"@type\":[\"Person\",\"Organization\"],\"@id\":\"https:\/\/sandzakpress.net\/arhiva\/#\/schema\/person\/6e72b67d6e51910a1117b3b483ba20bd\",\"name\":\"Kul\",\"image\":{\"@type\":\"ImageObject\",\"inLanguage\":\"bs-BA\",\"@id\":\"https:\/\/sandzakpress.net\/arhiva\/#\/schema\/person\/image\/\",\"url\":\"https:\/\/secure.gravatar.com\/avatar\/42263f39aa27ac04c43cab85c280eb2e?s=96&d=mm&r=pg\",\"contentUrl\":\"https:\/\/secure.gravatar.com\/avatar\/42263f39aa27ac04c43cab85c280eb2e?s=96&d=mm&r=pg\",\"caption\":\"Kul\"},\"logo\":{\"@id\":\"https:\/\/sandzakpress.net\/arhiva\/#\/schema\/person\/image\/\"}},{\"@type\":\"Person\",\"@id\":\"https:\/\/sandzakpress.net\/arhiva\/#\/schema\/person\/b71f9565a8a6ce38c0200f1cf59c368c\",\"name\":\"Korektor\",\"image\":{\"@type\":\"ImageObject\",\"inLanguage\":\"bs-BA\",\"@id\":\"https:\/\/sandzakpress.net\/arhiva\/#\/schema\/person\/image\/\",\"url\":\"https:\/\/secure.gravatar.com\/avatar\/ae3388ff9b8eb74e0751a069466905f6?s=96&d=mm&r=pg\",\"contentUrl\":\"https:\/\/secure.gravatar.com\/avatar\/ae3388ff9b8eb74e0751a069466905f6?s=96&d=mm&r=pg\",\"caption\":\"Korektor\"},\"url\":\"https:\/\/sandzakpress.net\/arhiva\/author\/korektor\/\"}]}<\/script>\n<!-- \/ Yoast SEO Premium plugin. -->","yoast_head_json":{"title":"Dje\u010dak preminuo u bolnici nakon pada sa \u0161kolskih stepenica","robots":{"index":"index","follow":"follow","max-snippet":"max-snippet:-1","max-image-preview":"max-image-preview:large","max-video-preview":"max-video-preview:-1"},"canonical":"https:\/\/sandzakpress.net\/arhiva\/djecak-preminuo-u-bolnici-nakon-pada-sa-skolskih-stepenica\/","og_locale":"bs_BA","og_type":"article","og_title":"Dje\u010dak preminuo u bolnici nakon pada sa \u0161kolskih stepenica","og_description":"U\u010denik (15) Osnovne \u0161kole \u201cBratstvo\u201d preminuo je ve\u010deras na Odjeljenju hirurgije Op\u0161te bolnice u Novom Pazaru nakon pada sa \u0161kolskih stepenica. \u00a0 Kako prenosi RTV Novi Pazar, dje\u010dak je bez vitalnih znakova \u017eivota preba\u010den na hirurgiju gdje je tim ljekara bezuspje\u0161no poku\u0161ao reanimaciju. Kako se navodi, dje\u010dak je godinama bolovao od te\u0161ke hroni\u010dne metaboli\u010dke bolesti [&hellip;]","og_url":"https:\/\/sandzakpress.net\/arhiva\/djecak-preminuo-u-bolnici-nakon-pada-sa-skolskih-stepenica\/","og_site_name":"Sand\u017eak PRESS","article_published_time":"2017-12-18T20:54:20+00:00","og_image":[{"width":696,"height":493,"url":"https:\/\/sandzakpress.net\/arhiva\/wp-content\/uploads\/2017\/12\/np-hitna-pomoc-696x493.jpg","type":"image\/jpeg"}],"author":"Korektor","twitter_card":"summary_large_image","twitter_misc":{"Written by":"Korektor","Est. reading time":"1 minuta"},"schema":{"@context":"https:\/\/schema.org","@graph":[{"@type":"Article","@id":"https:\/\/sandzakpress.net\/arhiva\/djecak-preminuo-u-bolnici-nakon-pada-sa-skolskih-stepenica\/#article","isPartOf":{"@id":"https:\/\/sandzakpress.net\/arhiva\/djecak-preminuo-u-bolnici-nakon-pada-sa-skolskih-stepenica\/"},"author":{"name":"Korektor","@id":"https:\/\/sandzakpress.net\/arhiva\/#\/schema\/person\/b71f9565a8a6ce38c0200f1cf59c368c"},"headline":"Dje\u010dak preminuo u bolnici nakon pada sa \u0161kolskih stepenica","datePublished":"2017-12-18T20:54:20+00:00","mainEntityOfPage":{"@id":"https:\/\/sandzakpress.net\/arhiva\/djecak-preminuo-u-bolnici-nakon-pada-sa-skolskih-stepenica\/"},"wordCount":188,"commentCount":1,"publisher":{"@id":"https:\/\/sandzakpress.net\/arhiva\/#\/schema\/person\/6e72b67d6e51910a1117b3b483ba20bd"},"image":{"@id":"https:\/\/sandzakpress.net\/arhiva\/djecak-preminuo-u-bolnici-nakon-pada-sa-skolskih-stepenica\/#primaryimage"},"thumbnailUrl":"https:\/\/sandzakpress.net\/arhiva\/wp-content\/uploads\/2017\/12\/np-hitna-pomoc-696x493.jpg","articleSection":["Novi Pazar","Hronika","VIJESTI DANA"],"inLanguage":"bs-BA","potentialAction":[{"@type":"CommentAction","name":"Comment","target":["https:\/\/sandzakpress.net\/arhiva\/djecak-preminuo-u-bolnici-nakon-pada-sa-skolskih-stepenica\/#respond"]}]},{"@type":"WebPage","@id":"https:\/\/sandzakpress.net\/arhiva\/djecak-preminuo-u-bolnici-nakon-pada-sa-skolskih-stepenica\/","url":"https:\/\/sandzakpress.net\/arhiva\/djecak-preminuo-u-bolnici-nakon-pada-sa-skolskih-stepenica\/","name":"Dje\u010dak preminuo u bolnici nakon pada sa \u0161kolskih stepenica","isPartOf":{"@id":"https:\/\/sandzakpress.net\/arhiva\/#website"},"primaryImageOfPage":{"@id":"https:\/\/sandzakpress.net\/arhiva\/djecak-preminuo-u-bolnici-nakon-pada-sa-skolskih-stepenica\/#primaryimage"},"image":{"@id":"https:\/\/sandzakpress.net\/arhiva\/djecak-preminuo-u-bolnici-nakon-pada-sa-skolskih-stepenica\/#primaryimage"},"thumbnailUrl":"https:\/\/sandzakpress.net\/arhiva\/wp-content\/uploads\/2017\/12\/np-hitna-pomoc-696x493.jpg","datePublished":"2017-12-18T20:54:20+00:00","breadcrumb":{"@id":"https:\/\/sandzakpress.net\/arhiva\/djecak-preminuo-u-bolnici-nakon-pada-sa-skolskih-stepenica\/#breadcrumb"},"inLanguage":"bs-BA","potentialAction":[{"@type":"ReadAction","target":["https:\/\/sandzakpress.net\/arhiva\/djecak-preminuo-u-bolnici-nakon-pada-sa-skolskih-stepenica\/"]}]},{"@type":"ImageObject","inLanguage":"bs-BA","@id":"https:\/\/sandzakpress.net\/arhiva\/djecak-preminuo-u-bolnici-nakon-pada-sa-skolskih-stepenica\/#primaryimage","url":"https:\/\/sandzakpress.net\/arhiva\/wp-content\/uploads\/2017\/12\/np-hitna-pomoc-696x493.jpg","contentUrl":"https:\/\/sandzakpress.net\/arhiva\/wp-content\/uploads\/2017\/12\/np-hitna-pomoc-696x493.jpg","width":696,"height":493},{"@type":"BreadcrumbList","@id":"https:\/\/sandzakpress.net\/arhiva\/djecak-preminuo-u-bolnici-nakon-pada-sa-skolskih-stepenica\/#breadcrumb","itemListElement":[{"@type":"ListItem","position":1,"name":"Home","item":"https:\/\/sandzakpress.net\/arhiva\/"},{"@type":"ListItem","position":2,"name":"Dje\u010dak preminuo u bolnici nakon pada sa \u0161kolskih stepenica"}]},{"@type":"WebSite","@id":"https:\/\/sandzakpress.net\/arhiva\/#website","url":"https:\/\/sandzakpress.net\/arhiva\/","name":"Sand\u017eak PRESS","description":"Prve elektronske novine u Sand\u017eaku","publisher":{"@id":"https:\/\/sandzakpress.net\/arhiva\/#\/schema\/person\/6e72b67d6e51910a1117b3b483ba20bd"},"potentialAction":[{"@type":"SearchAction","target":{"@type":"EntryPoint","urlTemplate":"https:\/\/sandzakpress.net\/arhiva\/?s={search_term_string}"},"query-input":{"@type":"PropertyValueSpecification","valueRequired":true,"valueName":"search_term_string"}}],"inLanguage":"bs-BA"},{"@type":["Person","Organization"],"@id":"https:\/\/sandzakpress.net\/arhiva\/#\/schema\/person\/6e72b67d6e51910a1117b3b483ba20bd","name":"Kul","image":{"@type":"ImageObject","inLanguage":"bs-BA","@id":"https:\/\/sandzakpress.net\/arhiva\/#\/schema\/person\/image\/","url":"https:\/\/secure.gravatar.com\/avatar\/42263f39aa27ac04c43cab85c280eb2e?s=96&d=mm&r=pg","contentUrl":"https:\/\/secure.gravatar.com\/avatar\/42263f39aa27ac04c43cab85c280eb2e?s=96&d=mm&r=pg","caption":"Kul"},"logo":{"@id":"https:\/\/sandzakpress.net\/arhiva\/#\/schema\/person\/image\/"}},{"@type":"Person","@id":"https:\/\/sandzakpress.net\/arhiva\/#\/schema\/person\/b71f9565a8a6ce38c0200f1cf59c368c","name":"Korektor","image":{"@type":"ImageObject","inLanguage":"bs-BA","@id":"https:\/\/sandzakpress.net\/arhiva\/#\/schema\/person\/image\/","url":"https:\/\/secure.gravatar.com\/avatar\/ae3388ff9b8eb74e0751a069466905f6?s=96&d=mm&r=pg","contentUrl":"https:\/\/secure.gravatar.com\/avatar\/ae3388ff9b8eb74e0751a069466905f6?s=96&d=mm&r=pg","caption":"Korektor"},"url":"https:\/\/sandzakpress.net\/arhiva\/author\/korektor\/"}]}},"_links":{"self":[{"href":"https:\/\/sandzakpress.net\/arhiva\/wp-json\/wp\/v2\/posts\/200345"}],"collection":[{"href":"https:\/\/sandzakpress.net\/arhiva\/wp-json\/wp\/v2\/posts"}],"about":[{"href":"https:\/\/sandzakpress.net\/arhiva\/wp-json\/wp\/v2\/types\/post"}],"author":[{"embeddable":true,"href":"https:\/\/sandzakpress.net\/arhiva\/wp-json\/wp\/v2\/users\/125"}],"replies":[{"embeddable":true,"href":"https:\/\/sandzakpress.net\/arhiva\/wp-json\/wp\/v2\/comments?post=200345"}],"version-history":[{"count":0,"href":"https:\/\/sandzakpress.net\/arhiva\/wp-json\/wp\/v2\/posts\/200345\/revisions"}],"wp:featuredmedia":[{"embeddable":true,"href":"https:\/\/sandzakpress.net\/arhiva\/wp-json\/wp\/v2\/media\/200346"}],"wp:attachment":[{"href":"https:\/\/sandzakpress.net\/arhiva\/wp-json\/wp\/v2\/media?parent=200345"}],"wp:term":[{"taxonomy":"category","embeddable":true,"href":"https:\/\/sandzakpress.net\/arhiva\/wp-json\/wp\/v2\/categories?post=200345"},{"taxonomy":"post_tag","embeddable":true,"href":"https:\/\/sandzakpress.net\/arhiva\/wp-json\/wp\/v2\/tags?post=200345"}],"curies":[{"name":"wp","href":"https:\/\/api.w.org\/{rel}","templated":true}]}}