{"id":200164,"date":"2017-12-15T11:07:23","date_gmt":"2017-12-15T10:07:23","guid":{"rendered":"https:\/\/sandzakpress.net\/arhiva\/bivsi-izraelski-general-protjerati-cemo-palestince-u-jordan"},"modified":"2017-12-15T11:07:23","modified_gmt":"2017-12-15T10:07:23","slug":"bivsi-izraelski-general-protjerati-cemo-palestince-u-jordan","status":"publish","type":"post","link":"https:\/\/sandzakpress.net\/arhiva\/bivsi-izraelski-general-protjerati-cemo-palestince-u-jordan\/","title":{"rendered":"Biv\u0161i izraelski general- Protjerati \u0107emo Palestince u Jordan"},"content":{"rendered":"<p><span class=\"cb-itemprop\"><\/p>\n<p><img decoding=\"async\" src=\"http:\/\/saff.ba\/wp-content\/uploads\/2017\/12\/izraelski-general.jpg\" \/><\/p>\n<p><strong>U o\u010diglednom pozivu na etni\u010dko \u010di\u0161\u0107enje, penzionisani general okupacione vojske koji nastoji postati klju\u010dna li\u010dnost izraelske Radni\u010dke stranke je kazao da ako Palestinci nastave da i dalje kr\u0161e sporazume s Izraelom, vojska bih ih trebala u budu\u0107em ratu \u2018razbiti u parampar\u010dad\u2019 i prisilno prebaciti na \u2018drugu stranu rijeke Jordana\u2019.<\/strong><\/p>\n<p>Amiram Levin, koji je 33 godine proveo u okupacionoj vojsci, kazao je za izraelski list Maariv: \u201ePalestinci zaslu\u017euju okupaciju, oni ne zaslu\u017euju ni\u0161ta jer nisu prihvatili granice podjele (nakon 1948. godine) i oni su po\u010deli rat (1967. godine). Mi imamo pravo da zauzmemo Judeju i Samariju (okupiranu Zapadnu obalu)\u201d, kazao je on.<\/p>\n<p>\u201cMoramo zauzeti \u010dvrst stav u pregovorima koji nas ne\u0107e vratiti na granice iz 1967. godine\u201d, kazao je Levin.<\/p>\n<p>\u201cPalestincima \u0107emo dati mrkvu u obliku dr\u017eave, a ako je ne \u017eele, rastavit \u0107emo ih u parampar\u010dad\u201d, kazao je on. \u201cRanije sam puno puta kazao da kada sljede\u0107i put budemo vodili rat ovdje ih vi\u0161e ne\u0107e biti, izbacit \u0107emo ih na drugu stranu rijeke Jordan. Tako se moramo boriti. Bili smo previ\u0161e fini 1967. godine\u201d, rekao je Levin.<\/p>\n<p>Penzionisani general, koji je u razli\u010ditim periodima vodio Sjevernu komandu izraelske okupacione vosjke, zapovjedao je elitnom jedinicom Sayeret Matkal i bio je tako\u0111er i zamjenik direktora Mossada, je kazao u intervjuu kako podr\u017eava okon\u010danje izraelske kontrole nad milionima Palestinaca koji \u017eive na okupiranoj Zapadnoj obali, ali ne iz zabrinutosti za Palestince.<\/p>\n<p>\u201cOni ne zaslu\u017euju ni\u0161ta\u201d, kazao je on. \u201cProblem je \u0161to tome \u0161to nas kontrola nad njima kvari, i predstavlja nam prijetnju, a mi \u017eelimo sa\u010duvati na\u0161e dru\u0161tvo\u201d.<\/p>\n<p>Tako\u0111er je kazao da Izrael treba pro\u0161iriti svoju kontrolu nad odre\u0111enim podru\u010djima na Zapadnoj obali kako bi ograni\u010dio teritoriju budu\u0107e palestinske dr\u017eave.<\/p>\n<p>\u201cNe mogu zamisliti da \u0107e demontiranje naselja u Izraelu izazvati dobrodo\u0161licu. Ljudi ovdje \u017eive, to je njihov dom i mi smo ih tu poslali. Naprotiv, zahvaljuju\u0107i doseljenicima mi \u0107emo zadr\u017eati kontrolu nad naseljima u bilo kojem budu\u0107em sporazumu. Davidov grad \u0107e biti na\u0161\u201d, kazao je on. \u201cDanas je Jerusalem podijeljen. Ve\u0107ina palestinskih naselja nije uklju\u010dena. Ka\u017eem, kako se protivim granicama iz 1967., trebali bismo se pro\u0161iriti i podru\u010dja na koja se pro\u0161irimo \u0107e postati na\u0161a\u201d.<\/p>\n<p>IslamBosna.ba<\/p>\n<p><\/span><br \/>\nPogledajte vijest na izvornom sajtu:<\/p>\n<p><a href=\"http:\/\/islampress.net\/36807\/bivsi-izraelski-general-protjerati-cemo-palestince-u-jordan\/\" target=\"_blank\">Biv\u0161i izraelski general- Protjerati \u0107emo Palestince u Jordan<\/a><\/p>\n","protected":false},"excerpt":{"rendered":"<p>U o\u010diglednom pozivu na etni\u010dko \u010di\u0161\u0107enje, penzionisani general okupacione vojske koji nastoji postati klju\u010dna li\u010dnost izraelske Radni\u010dke stranke je kazao da ako Palestinci nastave da i dalje kr\u0161e sporazume s Izraelom, vojska bih ih trebala u budu\u0107em ratu \u2018razbiti u parampar\u010dad\u2019 i prisilno prebaciti na \u2018drugu stranu rijeke Jordana\u2019. Amiram Levin, koji je 33 godine [&hellip;]<\/p>\n","protected":false},"author":83,"featured_media":200166,"comment_status":"open","ping_status":"open","sticky":false,"template":"","format":"standard","meta":{"footnotes":""},"categories":[9],"tags":[10499],"class_list":{"0":"post-200164","1":"post","2":"type-post","3":"status-publish","4":"format-standard","5":"has-post-thumbnail","7":"category-svijet","8":"tag-a"},"yoast_head":"<!-- This site is optimized with the Yoast SEO Premium plugin v23.1 (Yoast SEO v24.9) - https:\/\/yoast.com\/wordpress\/plugins\/seo\/ -->\n<title>Biv\u0161i izraelski general- Protjerati \u0107emo Palestince u Jordan<\/title>\n<meta name=\"robots\" content=\"index, follow, max-snippet:-1, max-image-preview:large, max-video-preview:-1\" \/>\n<link rel=\"canonical\" href=\"https:\/\/sandzakpress.net\/arhiva\/bivsi-izraelski-general-protjerati-cemo-palestince-u-jordan\/\" \/>\n<meta property=\"og:locale\" content=\"bs_BA\" \/>\n<meta property=\"og:type\" content=\"article\" \/>\n<meta property=\"og:title\" content=\"Biv\u0161i izraelski general- Protjerati \u0107emo Palestince u Jordan\" \/>\n<meta property=\"og:description\" content=\"U o\u010diglednom pozivu na etni\u010dko \u010di\u0161\u0107enje, penzionisani general okupacione vojske koji nastoji postati klju\u010dna li\u010dnost izraelske Radni\u010dke stranke je kazao da ako Palestinci nastave da i dalje kr\u0161e sporazume s Izraelom, vojska bih ih trebala u budu\u0107em ratu \u2018razbiti u parampar\u010dad\u2019 i prisilno prebaciti na \u2018drugu stranu rijeke Jordana\u2019. Amiram Levin, koji je 33 godine [&hellip;]\" \/>\n<meta property=\"og:url\" content=\"https:\/\/sandzakpress.net\/arhiva\/bivsi-izraelski-general-protjerati-cemo-palestince-u-jordan\/\" \/>\n<meta property=\"og:site_name\" content=\"Sand\u017eak PRESS\" \/>\n<meta property=\"article:published_time\" content=\"2017-12-15T10:07:23+00:00\" \/>\n<meta property=\"og:image\" content=\"https:\/\/sandzakpress.net\/arhiva\/wp-content\/uploads\/2017\/12\/izraelski-general-1.jpg\" \/>\n\t<meta property=\"og:image:width\" content=\"640\" \/>\n\t<meta property=\"og:image:height\" content=\"360\" \/>\n\t<meta property=\"og:image:type\" content=\"image\/jpeg\" \/>\n<meta name=\"author\" content=\"bosniak\" \/>\n<meta name=\"twitter:card\" content=\"summary_large_image\" \/>\n<meta name=\"twitter:label1\" content=\"Written by\" \/>\n\t<meta name=\"twitter:data1\" content=\"bosniak\" \/>\n\t<meta name=\"twitter:label2\" content=\"Est. reading time\" \/>\n\t<meta name=\"twitter:data2\" content=\"2 minute\" \/>\n<script type=\"application\/ld+json\" class=\"yoast-schema-graph\">{\"@context\":\"https:\/\/schema.org\",\"@graph\":[{\"@type\":\"Article\",\"@id\":\"https:\/\/sandzakpress.net\/arhiva\/bivsi-izraelski-general-protjerati-cemo-palestince-u-jordan\/#article\",\"isPartOf\":{\"@id\":\"https:\/\/sandzakpress.net\/arhiva\/bivsi-izraelski-general-protjerati-cemo-palestince-u-jordan\/\"},\"author\":{\"name\":\"bosniak\",\"@id\":\"https:\/\/sandzakpress.net\/arhiva\/#\/schema\/person\/c8baee722073534b583ea7bdb2e36c02\"},\"headline\":\"Biv\u0161i izraelski general- Protjerati \u0107emo Palestince u Jordan\",\"datePublished\":\"2017-12-15T10:07:23+00:00\",\"mainEntityOfPage\":{\"@id\":\"https:\/\/sandzakpress.net\/arhiva\/bivsi-izraelski-general-protjerati-cemo-palestince-u-jordan\/\"},\"wordCount\":418,\"commentCount\":1,\"publisher\":{\"@id\":\"https:\/\/sandzakpress.net\/arhiva\/#\/schema\/person\/6e72b67d6e51910a1117b3b483ba20bd\"},\"image\":{\"@id\":\"https:\/\/sandzakpress.net\/arhiva\/bivsi-izraelski-general-protjerati-cemo-palestince-u-jordan\/#primaryimage\"},\"thumbnailUrl\":\"https:\/\/sandzakpress.net\/arhiva\/wp-content\/uploads\/2017\/12\/izraelski-general-1.jpg\",\"keywords\":[\"A\"],\"articleSection\":[\"Svijet\"],\"inLanguage\":\"bs-BA\",\"potentialAction\":[{\"@type\":\"CommentAction\",\"name\":\"Comment\",\"target\":[\"https:\/\/sandzakpress.net\/arhiva\/bivsi-izraelski-general-protjerati-cemo-palestince-u-jordan\/#respond\"]}]},{\"@type\":\"WebPage\",\"@id\":\"https:\/\/sandzakpress.net\/arhiva\/bivsi-izraelski-general-protjerati-cemo-palestince-u-jordan\/\",\"url\":\"https:\/\/sandzakpress.net\/arhiva\/bivsi-izraelski-general-protjerati-cemo-palestince-u-jordan\/\",\"name\":\"Biv\u0161i izraelski general- Protjerati \u0107emo Palestince u Jordan\",\"isPartOf\":{\"@id\":\"https:\/\/sandzakpress.net\/arhiva\/#website\"},\"primaryImageOfPage\":{\"@id\":\"https:\/\/sandzakpress.net\/arhiva\/bivsi-izraelski-general-protjerati-cemo-palestince-u-jordan\/#primaryimage\"},\"image\":{\"@id\":\"https:\/\/sandzakpress.net\/arhiva\/bivsi-izraelski-general-protjerati-cemo-palestince-u-jordan\/#primaryimage\"},\"thumbnailUrl\":\"https:\/\/sandzakpress.net\/arhiva\/wp-content\/uploads\/2017\/12\/izraelski-general-1.jpg\",\"datePublished\":\"2017-12-15T10:07:23+00:00\",\"breadcrumb\":{\"@id\":\"https:\/\/sandzakpress.net\/arhiva\/bivsi-izraelski-general-protjerati-cemo-palestince-u-jordan\/#breadcrumb\"},\"inLanguage\":\"bs-BA\",\"potentialAction\":[{\"@type\":\"ReadAction\",\"target\":[\"https:\/\/sandzakpress.net\/arhiva\/bivsi-izraelski-general-protjerati-cemo-palestince-u-jordan\/\"]}]},{\"@type\":\"ImageObject\",\"inLanguage\":\"bs-BA\",\"@id\":\"https:\/\/sandzakpress.net\/arhiva\/bivsi-izraelski-general-protjerati-cemo-palestince-u-jordan\/#primaryimage\",\"url\":\"https:\/\/sandzakpress.net\/arhiva\/wp-content\/uploads\/2017\/12\/izraelski-general-1.jpg\",\"contentUrl\":\"https:\/\/sandzakpress.net\/arhiva\/wp-content\/uploads\/2017\/12\/izraelski-general-1.jpg\",\"width\":640,\"height\":360},{\"@type\":\"BreadcrumbList\",\"@id\":\"https:\/\/sandzakpress.net\/arhiva\/bivsi-izraelski-general-protjerati-cemo-palestince-u-jordan\/#breadcrumb\",\"itemListElement\":[{\"@type\":\"ListItem\",\"position\":1,\"name\":\"Home\",\"item\":\"https:\/\/sandzakpress.net\/arhiva\/\"},{\"@type\":\"ListItem\",\"position\":2,\"name\":\"Biv\u0161i izraelski general- Protjerati \u0107emo Palestince u Jordan\"}]},{\"@type\":\"WebSite\",\"@id\":\"https:\/\/sandzakpress.net\/arhiva\/#website\",\"url\":\"https:\/\/sandzakpress.net\/arhiva\/\",\"name\":\"Sand\u017eak PRESS\",\"description\":\"Prve elektronske novine u Sand\u017eaku\",\"publisher\":{\"@id\":\"https:\/\/sandzakpress.net\/arhiva\/#\/schema\/person\/6e72b67d6e51910a1117b3b483ba20bd\"},\"potentialAction\":[{\"@type\":\"SearchAction\",\"target\":{\"@type\":\"EntryPoint\",\"urlTemplate\":\"https:\/\/sandzakpress.net\/arhiva\/?s={search_term_string}\"},\"query-input\":{\"@type\":\"PropertyValueSpecification\",\"valueRequired\":true,\"valueName\":\"search_term_string\"}}],\"inLanguage\":\"bs-BA\"},{\"@type\":[\"Person\",\"Organization\"],\"@id\":\"https:\/\/sandzakpress.net\/arhiva\/#\/schema\/person\/6e72b67d6e51910a1117b3b483ba20bd\",\"name\":\"Kul\",\"image\":{\"@type\":\"ImageObject\",\"inLanguage\":\"bs-BA\",\"@id\":\"https:\/\/sandzakpress.net\/arhiva\/#\/schema\/person\/image\/\",\"url\":\"https:\/\/secure.gravatar.com\/avatar\/42263f39aa27ac04c43cab85c280eb2e?s=96&d=mm&r=pg\",\"contentUrl\":\"https:\/\/secure.gravatar.com\/avatar\/42263f39aa27ac04c43cab85c280eb2e?s=96&d=mm&r=pg\",\"caption\":\"Kul\"},\"logo\":{\"@id\":\"https:\/\/sandzakpress.net\/arhiva\/#\/schema\/person\/image\/\"}},{\"@type\":\"Person\",\"@id\":\"https:\/\/sandzakpress.net\/arhiva\/#\/schema\/person\/c8baee722073534b583ea7bdb2e36c02\",\"name\":\"bosniak\",\"image\":{\"@type\":\"ImageObject\",\"inLanguage\":\"bs-BA\",\"@id\":\"https:\/\/sandzakpress.net\/arhiva\/#\/schema\/person\/image\/\",\"url\":\"https:\/\/secure.gravatar.com\/avatar\/a04fd330bfe3a36a72a0ad4a6d89fca7?s=96&d=mm&r=pg\",\"contentUrl\":\"https:\/\/secure.gravatar.com\/avatar\/a04fd330bfe3a36a72a0ad4a6d89fca7?s=96&d=mm&r=pg\",\"caption\":\"bosniak\"},\"url\":\"https:\/\/sandzakpress.net\/arhiva\/author\/bosniak\/\"}]}<\/script>\n<!-- \/ Yoast SEO Premium plugin. -->","yoast_head_json":{"title":"Biv\u0161i izraelski general- Protjerati \u0107emo Palestince u Jordan","robots":{"index":"index","follow":"follow","max-snippet":"max-snippet:-1","max-image-preview":"max-image-preview:large","max-video-preview":"max-video-preview:-1"},"canonical":"https:\/\/sandzakpress.net\/arhiva\/bivsi-izraelski-general-protjerati-cemo-palestince-u-jordan\/","og_locale":"bs_BA","og_type":"article","og_title":"Biv\u0161i izraelski general- Protjerati \u0107emo Palestince u Jordan","og_description":"U o\u010diglednom pozivu na etni\u010dko \u010di\u0161\u0107enje, penzionisani general okupacione vojske koji nastoji postati klju\u010dna li\u010dnost izraelske Radni\u010dke stranke je kazao da ako Palestinci nastave da i dalje kr\u0161e sporazume s Izraelom, vojska bih ih trebala u budu\u0107em ratu \u2018razbiti u parampar\u010dad\u2019 i prisilno prebaciti na \u2018drugu stranu rijeke Jordana\u2019. Amiram Levin, koji je 33 godine [&hellip;]","og_url":"https:\/\/sandzakpress.net\/arhiva\/bivsi-izraelski-general-protjerati-cemo-palestince-u-jordan\/","og_site_name":"Sand\u017eak PRESS","article_published_time":"2017-12-15T10:07:23+00:00","og_image":[{"width":640,"height":360,"url":"https:\/\/sandzakpress.net\/arhiva\/wp-content\/uploads\/2017\/12\/izraelski-general-1.jpg","type":"image\/jpeg"}],"author":"bosniak","twitter_card":"summary_large_image","twitter_misc":{"Written by":"bosniak","Est. reading time":"2 minute"},"schema":{"@context":"https:\/\/schema.org","@graph":[{"@type":"Article","@id":"https:\/\/sandzakpress.net\/arhiva\/bivsi-izraelski-general-protjerati-cemo-palestince-u-jordan\/#article","isPartOf":{"@id":"https:\/\/sandzakpress.net\/arhiva\/bivsi-izraelski-general-protjerati-cemo-palestince-u-jordan\/"},"author":{"name":"bosniak","@id":"https:\/\/sandzakpress.net\/arhiva\/#\/schema\/person\/c8baee722073534b583ea7bdb2e36c02"},"headline":"Biv\u0161i izraelski general- Protjerati \u0107emo Palestince u Jordan","datePublished":"2017-12-15T10:07:23+00:00","mainEntityOfPage":{"@id":"https:\/\/sandzakpress.net\/arhiva\/bivsi-izraelski-general-protjerati-cemo-palestince-u-jordan\/"},"wordCount":418,"commentCount":1,"publisher":{"@id":"https:\/\/sandzakpress.net\/arhiva\/#\/schema\/person\/6e72b67d6e51910a1117b3b483ba20bd"},"image":{"@id":"https:\/\/sandzakpress.net\/arhiva\/bivsi-izraelski-general-protjerati-cemo-palestince-u-jordan\/#primaryimage"},"thumbnailUrl":"https:\/\/sandzakpress.net\/arhiva\/wp-content\/uploads\/2017\/12\/izraelski-general-1.jpg","keywords":["A"],"articleSection":["Svijet"],"inLanguage":"bs-BA","potentialAction":[{"@type":"CommentAction","name":"Comment","target":["https:\/\/sandzakpress.net\/arhiva\/bivsi-izraelski-general-protjerati-cemo-palestince-u-jordan\/#respond"]}]},{"@type":"WebPage","@id":"https:\/\/sandzakpress.net\/arhiva\/bivsi-izraelski-general-protjerati-cemo-palestince-u-jordan\/","url":"https:\/\/sandzakpress.net\/arhiva\/bivsi-izraelski-general-protjerati-cemo-palestince-u-jordan\/","name":"Biv\u0161i izraelski general- Protjerati \u0107emo Palestince u Jordan","isPartOf":{"@id":"https:\/\/sandzakpress.net\/arhiva\/#website"},"primaryImageOfPage":{"@id":"https:\/\/sandzakpress.net\/arhiva\/bivsi-izraelski-general-protjerati-cemo-palestince-u-jordan\/#primaryimage"},"image":{"@id":"https:\/\/sandzakpress.net\/arhiva\/bivsi-izraelski-general-protjerati-cemo-palestince-u-jordan\/#primaryimage"},"thumbnailUrl":"https:\/\/sandzakpress.net\/arhiva\/wp-content\/uploads\/2017\/12\/izraelski-general-1.jpg","datePublished":"2017-12-15T10:07:23+00:00","breadcrumb":{"@id":"https:\/\/sandzakpress.net\/arhiva\/bivsi-izraelski-general-protjerati-cemo-palestince-u-jordan\/#breadcrumb"},"inLanguage":"bs-BA","potentialAction":[{"@type":"ReadAction","target":["https:\/\/sandzakpress.net\/arhiva\/bivsi-izraelski-general-protjerati-cemo-palestince-u-jordan\/"]}]},{"@type":"ImageObject","inLanguage":"bs-BA","@id":"https:\/\/sandzakpress.net\/arhiva\/bivsi-izraelski-general-protjerati-cemo-palestince-u-jordan\/#primaryimage","url":"https:\/\/sandzakpress.net\/arhiva\/wp-content\/uploads\/2017\/12\/izraelski-general-1.jpg","contentUrl":"https:\/\/sandzakpress.net\/arhiva\/wp-content\/uploads\/2017\/12\/izraelski-general-1.jpg","width":640,"height":360},{"@type":"BreadcrumbList","@id":"https:\/\/sandzakpress.net\/arhiva\/bivsi-izraelski-general-protjerati-cemo-palestince-u-jordan\/#breadcrumb","itemListElement":[{"@type":"ListItem","position":1,"name":"Home","item":"https:\/\/sandzakpress.net\/arhiva\/"},{"@type":"ListItem","position":2,"name":"Biv\u0161i izraelski general- Protjerati \u0107emo Palestince u Jordan"}]},{"@type":"WebSite","@id":"https:\/\/sandzakpress.net\/arhiva\/#website","url":"https:\/\/sandzakpress.net\/arhiva\/","name":"Sand\u017eak PRESS","description":"Prve elektronske novine u Sand\u017eaku","publisher":{"@id":"https:\/\/sandzakpress.net\/arhiva\/#\/schema\/person\/6e72b67d6e51910a1117b3b483ba20bd"},"potentialAction":[{"@type":"SearchAction","target":{"@type":"EntryPoint","urlTemplate":"https:\/\/sandzakpress.net\/arhiva\/?s={search_term_string}"},"query-input":{"@type":"PropertyValueSpecification","valueRequired":true,"valueName":"search_term_string"}}],"inLanguage":"bs-BA"},{"@type":["Person","Organization"],"@id":"https:\/\/sandzakpress.net\/arhiva\/#\/schema\/person\/6e72b67d6e51910a1117b3b483ba20bd","name":"Kul","image":{"@type":"ImageObject","inLanguage":"bs-BA","@id":"https:\/\/sandzakpress.net\/arhiva\/#\/schema\/person\/image\/","url":"https:\/\/secure.gravatar.com\/avatar\/42263f39aa27ac04c43cab85c280eb2e?s=96&d=mm&r=pg","contentUrl":"https:\/\/secure.gravatar.com\/avatar\/42263f39aa27ac04c43cab85c280eb2e?s=96&d=mm&r=pg","caption":"Kul"},"logo":{"@id":"https:\/\/sandzakpress.net\/arhiva\/#\/schema\/person\/image\/"}},{"@type":"Person","@id":"https:\/\/sandzakpress.net\/arhiva\/#\/schema\/person\/c8baee722073534b583ea7bdb2e36c02","name":"bosniak","image":{"@type":"ImageObject","inLanguage":"bs-BA","@id":"https:\/\/sandzakpress.net\/arhiva\/#\/schema\/person\/image\/","url":"https:\/\/secure.gravatar.com\/avatar\/a04fd330bfe3a36a72a0ad4a6d89fca7?s=96&d=mm&r=pg","contentUrl":"https:\/\/secure.gravatar.com\/avatar\/a04fd330bfe3a36a72a0ad4a6d89fca7?s=96&d=mm&r=pg","caption":"bosniak"},"url":"https:\/\/sandzakpress.net\/arhiva\/author\/bosniak\/"}]}},"_links":{"self":[{"href":"https:\/\/sandzakpress.net\/arhiva\/wp-json\/wp\/v2\/posts\/200164"}],"collection":[{"href":"https:\/\/sandzakpress.net\/arhiva\/wp-json\/wp\/v2\/posts"}],"about":[{"href":"https:\/\/sandzakpress.net\/arhiva\/wp-json\/wp\/v2\/types\/post"}],"author":[{"embeddable":true,"href":"https:\/\/sandzakpress.net\/arhiva\/wp-json\/wp\/v2\/users\/83"}],"replies":[{"embeddable":true,"href":"https:\/\/sandzakpress.net\/arhiva\/wp-json\/wp\/v2\/comments?post=200164"}],"version-history":[{"count":0,"href":"https:\/\/sandzakpress.net\/arhiva\/wp-json\/wp\/v2\/posts\/200164\/revisions"}],"wp:featuredmedia":[{"embeddable":true,"href":"https:\/\/sandzakpress.net\/arhiva\/wp-json\/wp\/v2\/media\/200166"}],"wp:attachment":[{"href":"https:\/\/sandzakpress.net\/arhiva\/wp-json\/wp\/v2\/media?parent=200164"}],"wp:term":[{"taxonomy":"category","embeddable":true,"href":"https:\/\/sandzakpress.net\/arhiva\/wp-json\/wp\/v2\/categories?post=200164"},{"taxonomy":"post_tag","embeddable":true,"href":"https:\/\/sandzakpress.net\/arhiva\/wp-json\/wp\/v2\/tags?post=200164"}],"curies":[{"name":"wp","href":"https:\/\/api.w.org\/{rel}","templated":true}]}}