{"id":199911,"date":"2017-12-11T18:03:54","date_gmt":"2017-12-11T17:03:54","guid":{"rendered":"https:\/\/sandzakpress.net\/arhiva\/?p=199911"},"modified":"2017-12-11T20:36:02","modified_gmt":"2017-12-11T19:36:02","slug":"konacna-odluka-fk-novi-pazar-nece-istupiti-iz-lige","status":"publish","type":"post","link":"https:\/\/sandzakpress.net\/arhiva\/konacna-odluka-fk-novi-pazar-nece-istupiti-iz-lige\/","title":{"rendered":"KONA\u010cNA ODLUKA &#8211; FK Novi Pazar ne\u0107e istupiti iz lige"},"content":{"rendered":"<p><img decoding=\"async\" src=\"http:\/\/static.mondo.rs\/Picture\/677591\/jpeg\/20140417mmPazar23.JPG\" alt=\"Slikovni rezultat za fk novi pazar\" \/><\/p>\n<p><strong>Odr\u017eana je\u00a0 Skup\u0161tina FK Novi Pazar na kojoj se raspravljalo o sudbini ovog prvologa\u0161a.<\/strong><\/p>\n<p>Dosada\u0161nji predsjednik FK Novi Pazar Kemal Mehmedovi\u0107 ponudio je ostavku, kako njega tako i cijelog Upravnog odbora kluba.<\/p>\n<p>\u201cDa ne bi do\u0161lo da mi odlu\u010dujemo o sudbini kluba, da sutra nas ne bi prozivali i upirali prstom \u2018e oni su ugasili FK Novi Pazar\u2019, odlu\u010dili smo da se povu\u010demo. Bili smo prozivani, pljuvani, daje\u0161 pare za klub i opet bude\u0161 prozivan. Glavni razlog su finansije, neka znate, a ovo sa sudijama je bila samo kap koja je prelila \u010da\u0161u\u201d, isti\u010de Mehmedovi\u0107.<\/p>\n<p><strong>Kona\u010dna konstatacija jeste da klub jo\u0161 uvijek ne\u0107e biti uga\u0161en i istupiti iz lige.<\/strong><\/p>\n<p>Veliki odaziv ljubitelja fudbala na skup\u0161tini. Dosta poznatih li\u010dnosti i ljubitelja fudbala dalo je ve\u010deras dobre prijedloge i to je, isti\u010du iz kluba, pozitivna i lijepa strana ovog sastanka.<\/p>\n<p>Data je \u0161ansa brojnim biznismenima, ljubiteljima sporta da se jave sekretarijatu i klubu ako \u017eele da pomognu.<\/p>\n<p>\u201cDosta je biznismena u ovom gradu. Idealna prilika da svi u\u010destvuju kako bi ovaj klub imao svijetlu budu\u0107nost\u201d, isti\u010de Mehmedovi\u0107.<\/p>\n<p><strong>Sva dugovanja koja\u00a0 ima FK Novi Pazar preuze\u0107e grad Novi Pazar<\/strong>, istakao je gradona\u010delnik Bi\u0161evac.<\/p>\n<p>U izjavi za lokalne televizije, gradona\u010delnik Nihat Bi\u0161evac potvrdio je da \u0107e grad preuzeti dosada\u0161nja dugovanja kluba i kroz razne reprograme to rije\u0161iti. <\/p>\n<p>\u201cNiti jednom nije bilo rije\u010di o ga\u0161enju kluba, ve\u0107 samo o istupanju kluba iz lige, u lige shodne finansijskim mogu\u0107nostima. Za 15 dana odr\u017ea\u0107e se jo\u0161 jedna sjednica, a tih 15 dana dato je svim ljubiteljima fudbala, biznismenima i drugima koji su ovih dana u medijima iskazivali zainteresiranost da pomognu klubu finansijski\u201d, isti\u010de Bi\u0161evac.<\/p>\n<p>Izvor: SANA &#8211; H.\u0160krijelj<\/p>\n","protected":false},"excerpt":{"rendered":"<p>Odr\u017eana je\u00a0 Skup\u0161tina FK Novi Pazar na kojoj se raspravljalo o sudbini ovog prvologa\u0161a. Dosada\u0161nji predsjednik FK Novi Pazar Kemal Mehmedovi\u0107 ponudio je ostavku, kako njega tako i cijelog Upravnog odbora kluba. \u201cDa ne bi do\u0161lo da mi odlu\u010dujemo o sudbini kluba, da sutra nas ne bi prozivali i upirali prstom \u2018e oni su ugasili [&hellip;]<\/p>\n","protected":false},"author":509,"featured_media":199912,"comment_status":"open","ping_status":"open","sticky":false,"template":"","format":"standard","meta":{"footnotes":""},"categories":[72,13,16],"tags":[],"class_list":{"0":"post-199911","1":"post","2":"type-post","3":"status-publish","4":"format-standard","5":"has-post-thumbnail","7":"category-novi-pazar","8":"category-sport","9":"category-novine"},"yoast_head":"<!-- This site is optimized with the Yoast SEO Premium plugin v23.1 (Yoast SEO v24.9) - https:\/\/yoast.com\/wordpress\/plugins\/seo\/ -->\n<title>KONA\u010cNA ODLUKA - FK Novi Pazar ne\u0107e istupiti iz lige<\/title>\n<meta name=\"robots\" content=\"index, follow, max-snippet:-1, max-image-preview:large, max-video-preview:-1\" \/>\n<link rel=\"canonical\" href=\"https:\/\/sandzakpress.net\/arhiva\/konacna-odluka-fk-novi-pazar-nece-istupiti-iz-lige\/\" \/>\n<meta property=\"og:locale\" content=\"bs_BA\" \/>\n<meta property=\"og:type\" content=\"article\" \/>\n<meta property=\"og:title\" content=\"KONA\u010cNA ODLUKA - FK Novi Pazar ne\u0107e istupiti iz lige\" \/>\n<meta property=\"og:description\" content=\"Odr\u017eana je\u00a0 Skup\u0161tina FK Novi Pazar na kojoj se raspravljalo o sudbini ovog prvologa\u0161a. Dosada\u0161nji predsjednik FK Novi Pazar Kemal Mehmedovi\u0107 ponudio je ostavku, kako njega tako i cijelog Upravnog odbora kluba. \u201cDa ne bi do\u0161lo da mi odlu\u010dujemo o sudbini kluba, da sutra nas ne bi prozivali i upirali prstom \u2018e oni su ugasili [&hellip;]\" \/>\n<meta property=\"og:url\" content=\"https:\/\/sandzakpress.net\/arhiva\/konacna-odluka-fk-novi-pazar-nece-istupiti-iz-lige\/\" \/>\n<meta property=\"og:site_name\" content=\"Sand\u017eak PRESS\" \/>\n<meta property=\"article:published_time\" content=\"2017-12-11T17:03:54+00:00\" \/>\n<meta property=\"article:modified_time\" content=\"2017-12-11T19:36:02+00:00\" \/>\n<meta property=\"og:image\" content=\"https:\/\/sandzakpress.net\/arhiva\/wp-content\/uploads\/2017\/12\/20140417mmPazar23.jpg\" \/>\n\t<meta property=\"og:image:width\" content=\"940\" \/>\n\t<meta property=\"og:image:height\" content=\"627\" \/>\n\t<meta property=\"og:image:type\" content=\"image\/jpeg\" \/>\n<meta name=\"author\" content=\"Agencija\" \/>\n<meta name=\"twitter:card\" content=\"summary_large_image\" \/>\n<meta name=\"twitter:label1\" content=\"Written by\" \/>\n\t<meta name=\"twitter:data1\" content=\"Agencija\" \/>\n\t<meta name=\"twitter:label2\" content=\"Est. reading time\" \/>\n\t<meta name=\"twitter:data2\" content=\"2 minute\" \/>\n<script type=\"application\/ld+json\" class=\"yoast-schema-graph\">{\"@context\":\"https:\/\/schema.org\",\"@graph\":[{\"@type\":\"Article\",\"@id\":\"https:\/\/sandzakpress.net\/arhiva\/konacna-odluka-fk-novi-pazar-nece-istupiti-iz-lige\/#article\",\"isPartOf\":{\"@id\":\"https:\/\/sandzakpress.net\/arhiva\/konacna-odluka-fk-novi-pazar-nece-istupiti-iz-lige\/\"},\"author\":{\"name\":\"Agencija\",\"@id\":\"https:\/\/sandzakpress.net\/arhiva\/#\/schema\/person\/cb59d7e3ab91ab90dd680ad0305a6185\"},\"headline\":\"KONA\u010cNA ODLUKA &#8211; FK Novi Pazar ne\u0107e istupiti iz lige\",\"datePublished\":\"2017-12-11T17:03:54+00:00\",\"dateModified\":\"2017-12-11T19:36:02+00:00\",\"mainEntityOfPage\":{\"@id\":\"https:\/\/sandzakpress.net\/arhiva\/konacna-odluka-fk-novi-pazar-nece-istupiti-iz-lige\/\"},\"wordCount\":316,\"commentCount\":1,\"publisher\":{\"@id\":\"https:\/\/sandzakpress.net\/arhiva\/#\/schema\/person\/6e72b67d6e51910a1117b3b483ba20bd\"},\"image\":{\"@id\":\"https:\/\/sandzakpress.net\/arhiva\/konacna-odluka-fk-novi-pazar-nece-istupiti-iz-lige\/#primaryimage\"},\"thumbnailUrl\":\"https:\/\/sandzakpress.net\/arhiva\/wp-content\/uploads\/2017\/12\/20140417mmPazar23.jpg\",\"articleSection\":[\"Novi Pazar\",\"Sport\",\"Novine\"],\"inLanguage\":\"bs-BA\",\"potentialAction\":[{\"@type\":\"CommentAction\",\"name\":\"Comment\",\"target\":[\"https:\/\/sandzakpress.net\/arhiva\/konacna-odluka-fk-novi-pazar-nece-istupiti-iz-lige\/#respond\"]}]},{\"@type\":\"WebPage\",\"@id\":\"https:\/\/sandzakpress.net\/arhiva\/konacna-odluka-fk-novi-pazar-nece-istupiti-iz-lige\/\",\"url\":\"https:\/\/sandzakpress.net\/arhiva\/konacna-odluka-fk-novi-pazar-nece-istupiti-iz-lige\/\",\"name\":\"KONA\u010cNA ODLUKA - FK Novi Pazar ne\u0107e istupiti iz lige\",\"isPartOf\":{\"@id\":\"https:\/\/sandzakpress.net\/arhiva\/#website\"},\"primaryImageOfPage\":{\"@id\":\"https:\/\/sandzakpress.net\/arhiva\/konacna-odluka-fk-novi-pazar-nece-istupiti-iz-lige\/#primaryimage\"},\"image\":{\"@id\":\"https:\/\/sandzakpress.net\/arhiva\/konacna-odluka-fk-novi-pazar-nece-istupiti-iz-lige\/#primaryimage\"},\"thumbnailUrl\":\"https:\/\/sandzakpress.net\/arhiva\/wp-content\/uploads\/2017\/12\/20140417mmPazar23.jpg\",\"datePublished\":\"2017-12-11T17:03:54+00:00\",\"dateModified\":\"2017-12-11T19:36:02+00:00\",\"breadcrumb\":{\"@id\":\"https:\/\/sandzakpress.net\/arhiva\/konacna-odluka-fk-novi-pazar-nece-istupiti-iz-lige\/#breadcrumb\"},\"inLanguage\":\"bs-BA\",\"potentialAction\":[{\"@type\":\"ReadAction\",\"target\":[\"https:\/\/sandzakpress.net\/arhiva\/konacna-odluka-fk-novi-pazar-nece-istupiti-iz-lige\/\"]}]},{\"@type\":\"ImageObject\",\"inLanguage\":\"bs-BA\",\"@id\":\"https:\/\/sandzakpress.net\/arhiva\/konacna-odluka-fk-novi-pazar-nece-istupiti-iz-lige\/#primaryimage\",\"url\":\"https:\/\/sandzakpress.net\/arhiva\/wp-content\/uploads\/2017\/12\/20140417mmPazar23.jpg\",\"contentUrl\":\"https:\/\/sandzakpress.net\/arhiva\/wp-content\/uploads\/2017\/12\/20140417mmPazar23.jpg\",\"width\":940,\"height\":627},{\"@type\":\"BreadcrumbList\",\"@id\":\"https:\/\/sandzakpress.net\/arhiva\/konacna-odluka-fk-novi-pazar-nece-istupiti-iz-lige\/#breadcrumb\",\"itemListElement\":[{\"@type\":\"ListItem\",\"position\":1,\"name\":\"Home\",\"item\":\"https:\/\/sandzakpress.net\/arhiva\/\"},{\"@type\":\"ListItem\",\"position\":2,\"name\":\"KONA\u010cNA ODLUKA &#8211; FK Novi Pazar ne\u0107e istupiti iz lige\"}]},{\"@type\":\"WebSite\",\"@id\":\"https:\/\/sandzakpress.net\/arhiva\/#website\",\"url\":\"https:\/\/sandzakpress.net\/arhiva\/\",\"name\":\"Sand\u017eak PRESS\",\"description\":\"Prve elektronske novine u Sand\u017eaku\",\"publisher\":{\"@id\":\"https:\/\/sandzakpress.net\/arhiva\/#\/schema\/person\/6e72b67d6e51910a1117b3b483ba20bd\"},\"potentialAction\":[{\"@type\":\"SearchAction\",\"target\":{\"@type\":\"EntryPoint\",\"urlTemplate\":\"https:\/\/sandzakpress.net\/arhiva\/?s={search_term_string}\"},\"query-input\":{\"@type\":\"PropertyValueSpecification\",\"valueRequired\":true,\"valueName\":\"search_term_string\"}}],\"inLanguage\":\"bs-BA\"},{\"@type\":[\"Person\",\"Organization\"],\"@id\":\"https:\/\/sandzakpress.net\/arhiva\/#\/schema\/person\/6e72b67d6e51910a1117b3b483ba20bd\",\"name\":\"Kul\",\"image\":{\"@type\":\"ImageObject\",\"inLanguage\":\"bs-BA\",\"@id\":\"https:\/\/sandzakpress.net\/arhiva\/#\/schema\/person\/image\/\",\"url\":\"https:\/\/secure.gravatar.com\/avatar\/42263f39aa27ac04c43cab85c280eb2e?s=96&d=mm&r=pg\",\"contentUrl\":\"https:\/\/secure.gravatar.com\/avatar\/42263f39aa27ac04c43cab85c280eb2e?s=96&d=mm&r=pg\",\"caption\":\"Kul\"},\"logo\":{\"@id\":\"https:\/\/sandzakpress.net\/arhiva\/#\/schema\/person\/image\/\"}},{\"@type\":\"Person\",\"@id\":\"https:\/\/sandzakpress.net\/arhiva\/#\/schema\/person\/cb59d7e3ab91ab90dd680ad0305a6185\",\"name\":\"Agencija\",\"image\":{\"@type\":\"ImageObject\",\"inLanguage\":\"bs-BA\",\"@id\":\"https:\/\/sandzakpress.net\/arhiva\/#\/schema\/person\/image\/\",\"url\":\"https:\/\/secure.gravatar.com\/avatar\/4b7fafa80a22f0c2afe23966b3961fe0?s=96&d=mm&r=pg\",\"contentUrl\":\"https:\/\/secure.gravatar.com\/avatar\/4b7fafa80a22f0c2afe23966b3961fe0?s=96&d=mm&r=pg\",\"caption\":\"Agencija\"},\"url\":\"https:\/\/sandzakpress.net\/arhiva\/author\/agencija\/\"}]}<\/script>\n<!-- \/ Yoast SEO Premium plugin. -->","yoast_head_json":{"title":"KONA\u010cNA ODLUKA - FK Novi Pazar ne\u0107e istupiti iz lige","robots":{"index":"index","follow":"follow","max-snippet":"max-snippet:-1","max-image-preview":"max-image-preview:large","max-video-preview":"max-video-preview:-1"},"canonical":"https:\/\/sandzakpress.net\/arhiva\/konacna-odluka-fk-novi-pazar-nece-istupiti-iz-lige\/","og_locale":"bs_BA","og_type":"article","og_title":"KONA\u010cNA ODLUKA - FK Novi Pazar ne\u0107e istupiti iz lige","og_description":"Odr\u017eana je\u00a0 Skup\u0161tina FK Novi Pazar na kojoj se raspravljalo o sudbini ovog prvologa\u0161a. Dosada\u0161nji predsjednik FK Novi Pazar Kemal Mehmedovi\u0107 ponudio je ostavku, kako njega tako i cijelog Upravnog odbora kluba. \u201cDa ne bi do\u0161lo da mi odlu\u010dujemo o sudbini kluba, da sutra nas ne bi prozivali i upirali prstom \u2018e oni su ugasili [&hellip;]","og_url":"https:\/\/sandzakpress.net\/arhiva\/konacna-odluka-fk-novi-pazar-nece-istupiti-iz-lige\/","og_site_name":"Sand\u017eak PRESS","article_published_time":"2017-12-11T17:03:54+00:00","article_modified_time":"2017-12-11T19:36:02+00:00","og_image":[{"width":940,"height":627,"url":"https:\/\/sandzakpress.net\/arhiva\/wp-content\/uploads\/2017\/12\/20140417mmPazar23.jpg","type":"image\/jpeg"}],"author":"Agencija","twitter_card":"summary_large_image","twitter_misc":{"Written by":"Agencija","Est. reading time":"2 minute"},"schema":{"@context":"https:\/\/schema.org","@graph":[{"@type":"Article","@id":"https:\/\/sandzakpress.net\/arhiva\/konacna-odluka-fk-novi-pazar-nece-istupiti-iz-lige\/#article","isPartOf":{"@id":"https:\/\/sandzakpress.net\/arhiva\/konacna-odluka-fk-novi-pazar-nece-istupiti-iz-lige\/"},"author":{"name":"Agencija","@id":"https:\/\/sandzakpress.net\/arhiva\/#\/schema\/person\/cb59d7e3ab91ab90dd680ad0305a6185"},"headline":"KONA\u010cNA ODLUKA &#8211; FK Novi Pazar ne\u0107e istupiti iz lige","datePublished":"2017-12-11T17:03:54+00:00","dateModified":"2017-12-11T19:36:02+00:00","mainEntityOfPage":{"@id":"https:\/\/sandzakpress.net\/arhiva\/konacna-odluka-fk-novi-pazar-nece-istupiti-iz-lige\/"},"wordCount":316,"commentCount":1,"publisher":{"@id":"https:\/\/sandzakpress.net\/arhiva\/#\/schema\/person\/6e72b67d6e51910a1117b3b483ba20bd"},"image":{"@id":"https:\/\/sandzakpress.net\/arhiva\/konacna-odluka-fk-novi-pazar-nece-istupiti-iz-lige\/#primaryimage"},"thumbnailUrl":"https:\/\/sandzakpress.net\/arhiva\/wp-content\/uploads\/2017\/12\/20140417mmPazar23.jpg","articleSection":["Novi Pazar","Sport","Novine"],"inLanguage":"bs-BA","potentialAction":[{"@type":"CommentAction","name":"Comment","target":["https:\/\/sandzakpress.net\/arhiva\/konacna-odluka-fk-novi-pazar-nece-istupiti-iz-lige\/#respond"]}]},{"@type":"WebPage","@id":"https:\/\/sandzakpress.net\/arhiva\/konacna-odluka-fk-novi-pazar-nece-istupiti-iz-lige\/","url":"https:\/\/sandzakpress.net\/arhiva\/konacna-odluka-fk-novi-pazar-nece-istupiti-iz-lige\/","name":"KONA\u010cNA ODLUKA - FK Novi Pazar ne\u0107e istupiti iz lige","isPartOf":{"@id":"https:\/\/sandzakpress.net\/arhiva\/#website"},"primaryImageOfPage":{"@id":"https:\/\/sandzakpress.net\/arhiva\/konacna-odluka-fk-novi-pazar-nece-istupiti-iz-lige\/#primaryimage"},"image":{"@id":"https:\/\/sandzakpress.net\/arhiva\/konacna-odluka-fk-novi-pazar-nece-istupiti-iz-lige\/#primaryimage"},"thumbnailUrl":"https:\/\/sandzakpress.net\/arhiva\/wp-content\/uploads\/2017\/12\/20140417mmPazar23.jpg","datePublished":"2017-12-11T17:03:54+00:00","dateModified":"2017-12-11T19:36:02+00:00","breadcrumb":{"@id":"https:\/\/sandzakpress.net\/arhiva\/konacna-odluka-fk-novi-pazar-nece-istupiti-iz-lige\/#breadcrumb"},"inLanguage":"bs-BA","potentialAction":[{"@type":"ReadAction","target":["https:\/\/sandzakpress.net\/arhiva\/konacna-odluka-fk-novi-pazar-nece-istupiti-iz-lige\/"]}]},{"@type":"ImageObject","inLanguage":"bs-BA","@id":"https:\/\/sandzakpress.net\/arhiva\/konacna-odluka-fk-novi-pazar-nece-istupiti-iz-lige\/#primaryimage","url":"https:\/\/sandzakpress.net\/arhiva\/wp-content\/uploads\/2017\/12\/20140417mmPazar23.jpg","contentUrl":"https:\/\/sandzakpress.net\/arhiva\/wp-content\/uploads\/2017\/12\/20140417mmPazar23.jpg","width":940,"height":627},{"@type":"BreadcrumbList","@id":"https:\/\/sandzakpress.net\/arhiva\/konacna-odluka-fk-novi-pazar-nece-istupiti-iz-lige\/#breadcrumb","itemListElement":[{"@type":"ListItem","position":1,"name":"Home","item":"https:\/\/sandzakpress.net\/arhiva\/"},{"@type":"ListItem","position":2,"name":"KONA\u010cNA ODLUKA &#8211; FK Novi Pazar ne\u0107e istupiti iz lige"}]},{"@type":"WebSite","@id":"https:\/\/sandzakpress.net\/arhiva\/#website","url":"https:\/\/sandzakpress.net\/arhiva\/","name":"Sand\u017eak PRESS","description":"Prve elektronske novine u Sand\u017eaku","publisher":{"@id":"https:\/\/sandzakpress.net\/arhiva\/#\/schema\/person\/6e72b67d6e51910a1117b3b483ba20bd"},"potentialAction":[{"@type":"SearchAction","target":{"@type":"EntryPoint","urlTemplate":"https:\/\/sandzakpress.net\/arhiva\/?s={search_term_string}"},"query-input":{"@type":"PropertyValueSpecification","valueRequired":true,"valueName":"search_term_string"}}],"inLanguage":"bs-BA"},{"@type":["Person","Organization"],"@id":"https:\/\/sandzakpress.net\/arhiva\/#\/schema\/person\/6e72b67d6e51910a1117b3b483ba20bd","name":"Kul","image":{"@type":"ImageObject","inLanguage":"bs-BA","@id":"https:\/\/sandzakpress.net\/arhiva\/#\/schema\/person\/image\/","url":"https:\/\/secure.gravatar.com\/avatar\/42263f39aa27ac04c43cab85c280eb2e?s=96&d=mm&r=pg","contentUrl":"https:\/\/secure.gravatar.com\/avatar\/42263f39aa27ac04c43cab85c280eb2e?s=96&d=mm&r=pg","caption":"Kul"},"logo":{"@id":"https:\/\/sandzakpress.net\/arhiva\/#\/schema\/person\/image\/"}},{"@type":"Person","@id":"https:\/\/sandzakpress.net\/arhiva\/#\/schema\/person\/cb59d7e3ab91ab90dd680ad0305a6185","name":"Agencija","image":{"@type":"ImageObject","inLanguage":"bs-BA","@id":"https:\/\/sandzakpress.net\/arhiva\/#\/schema\/person\/image\/","url":"https:\/\/secure.gravatar.com\/avatar\/4b7fafa80a22f0c2afe23966b3961fe0?s=96&d=mm&r=pg","contentUrl":"https:\/\/secure.gravatar.com\/avatar\/4b7fafa80a22f0c2afe23966b3961fe0?s=96&d=mm&r=pg","caption":"Agencija"},"url":"https:\/\/sandzakpress.net\/arhiva\/author\/agencija\/"}]}},"_links":{"self":[{"href":"https:\/\/sandzakpress.net\/arhiva\/wp-json\/wp\/v2\/posts\/199911"}],"collection":[{"href":"https:\/\/sandzakpress.net\/arhiva\/wp-json\/wp\/v2\/posts"}],"about":[{"href":"https:\/\/sandzakpress.net\/arhiva\/wp-json\/wp\/v2\/types\/post"}],"author":[{"embeddable":true,"href":"https:\/\/sandzakpress.net\/arhiva\/wp-json\/wp\/v2\/users\/509"}],"replies":[{"embeddable":true,"href":"https:\/\/sandzakpress.net\/arhiva\/wp-json\/wp\/v2\/comments?post=199911"}],"version-history":[{"count":0,"href":"https:\/\/sandzakpress.net\/arhiva\/wp-json\/wp\/v2\/posts\/199911\/revisions"}],"wp:featuredmedia":[{"embeddable":true,"href":"https:\/\/sandzakpress.net\/arhiva\/wp-json\/wp\/v2\/media\/199912"}],"wp:attachment":[{"href":"https:\/\/sandzakpress.net\/arhiva\/wp-json\/wp\/v2\/media?parent=199911"}],"wp:term":[{"taxonomy":"category","embeddable":true,"href":"https:\/\/sandzakpress.net\/arhiva\/wp-json\/wp\/v2\/categories?post=199911"},{"taxonomy":"post_tag","embeddable":true,"href":"https:\/\/sandzakpress.net\/arhiva\/wp-json\/wp\/v2\/tags?post=199911"}],"curies":[{"name":"wp","href":"https:\/\/api.w.org\/{rel}","templated":true}]}}