{"id":199741,"date":"2017-12-08T11:06:42","date_gmt":"2017-12-08T10:06:42","guid":{"rendered":"https:\/\/sandzakpress.net\/arhiva\/?p=199741"},"modified":"2017-12-08T11:06:42","modified_gmt":"2017-12-08T10:06:42","slug":"zukorlic-u-skupstini-nerad-vlasti-u-sandzaku-nije-razlog-da-se-put-np-tt-i-np-sj-izbace-iz-budzeta","status":"publish","type":"post","link":"https:\/\/sandzakpress.net\/arhiva\/zukorlic-u-skupstini-nerad-vlasti-u-sandzaku-nije-razlog-da-se-put-np-tt-i-np-sj-izbace-iz-budzeta\/","title":{"rendered":"Zukorli\u0107 u Skup\u0161tini &#8211; Nerad vlasti u Sand\u017eaku nije razlog da se put NP-TT i NP-SJ izbace iz bud\u017eeta!"},"content":{"rendered":"<p><img loading=\"lazy\" decoding=\"async\" class=\"alignnone size-full wp-image-199742\" src=\"https:\/\/sandzakpress.net\/arhiva\/wp-content\/uploads\/2017\/12\/Capture-1.jpg\" alt=\"\" width=\"827\" height=\"420\" srcset=\"https:\/\/sandzakpress.net\/arhiva\/wp-content\/uploads\/2017\/12\/Capture-1.jpg 827w, https:\/\/sandzakpress.net\/arhiva\/wp-content\/uploads\/2017\/12\/Capture-1-768x390.jpg 768w, https:\/\/sandzakpress.net\/arhiva\/wp-content\/uploads\/2017\/12\/Capture-1-616x313.jpg 616w\" sizes=\"(max-width: 827px) 100vw, 827px\" \/><\/p>\n<p>Narodni poslanik muftija dr. Muamer Zukorli\u0107 obra\u0107aju\u0107i se danas (8. decembra 2017) u Skup\u0161tini Republike Srbije kazao je da \u0107e narodni poslanici BDZ podr\u017eati Zakon o bud\u017eetu za 2018. godinu jer je uvjeren da je ulo\u017een zna\u010dajan trud na njegovom unapre\u0111enju u odnosu na prethodni, shodno mogu\u0107nostima.<\/p>\n<p>On je pohvalio izdvajanje zna\u010dajnih sredstava za realizaciju gasovoda Aleksandrovac-Tutin uz nadu da \u0107e planiranim intenzitetom biti zavr\u0161eno do 2019. godine.<\/p>\n<p><strong>Zukorli\u0107 je postavio pitanje zbog \u010dega u ovom bud\u017eetu nema projekta<\/strong><strong>\u00a0rehabilitacije putnih pravaca Novi Pazar \u2013 Tutin \u2013 Sjenica, koji su u prethodnom bud\u017eetu bili predvi\u0111eni, a u novom bud\u017eetu ih nema.\u00a0<\/strong><strong>Iako je dodao da je djelimi\u010dno informisan da su trenutno najve\u0107a ko\u010dnica na putu realizacije tih projekta lokalne samouprave Novog Pazara, Tutina i Sjenice, koji nisu ispunili svoje obaveze i nisu rije\u0161ili imovinsko pravne odnose, eksproprijacije i dr.<\/strong><\/p>\n<p><strong>Me\u0111utim Zukorli\u0107 je kazao da to nije opravdanje, ve\u0107 zahtijeva od Vlade da preko Republi\u010dkih organa izvr\u0161e pritisak na lokalne samouprave kako bi se taj posao dovr\u0161io, i kako jedan jako va\u017ean projekat za Sand\u017eak nebi \u010dekao zbog aljkavosti i nerada lokalnih samouprava.<\/strong><\/p>\n<div class=\"youtube-embed\" data-video_id=\"ne7nl2fs1SE\"><iframe loading=\"lazy\" title=\"Muamer Zukorli\u0107 u Skup\u0161tini o putnim pravcima NP-TT-SJ, Gasovodu i Deponiji kod NV\" width=\"696\" height=\"522\" src=\"https:\/\/www.youtube.com\/embed\/ne7nl2fs1SE?feature=oembed&#038;enablejsapi=1\" frameborder=\"0\" allow=\"accelerometer; autoplay; encrypted-media; gyroscope; picture-in-picture\" allowfullscreen><\/iframe><\/div>\n<p>Zukorli\u0107 je govorio i o drugim problemima koji ti\u0161te gra\u0111anne Sand\u017eaka, posebno pozdraviv\u0161i\u00a0izgradnju stanice koja \u0107e rje\u0161avati problem deponija kod Nove Varo\u0161i, istakav\u0161i kako su to mo\u017eda najopasnije deponije i ekolo\u0161ki i u svakom drugom smislu jer se nalaze uz jako frekfentne puteve i u blizini naseljenih mjesta.<\/p>\n<p>Muftija se osvrnuo i na stavku podr\u0161ke projektima dijaspore, ali naglasio da nije dobro \u0161to se pomo\u0107 odnosi ve\u0107inom o podr\u0161ci dijaspori srpske nacionalnosti. Podsjetio je da u dijaspori \u017eivi preko 100.000 Bo\u0161njaka sa podru\u010dja Sand\u017eaka, te da imaju\u0107i u vidu osnovna ljudska prava i na\u010dela ravnopravnsoti, a i shodno intenciji dr\u017eave da integri\u0161e u dru\u0161tvo pripadnike svih nacionalnosti, pozvao Vladu da u projekte uvrsti zna\u010dajnim sredstvima i podr\u0161ku bo\u0161nja\u010dkoj dijaspori iz Srbije.<\/p>\n<p>Zukorli\u0107 je na kraju posebno podvukao podr\u0161ku porodici sa djecom, ali opet kazao da je to nedovoljno, jer se majke moraju po\u010deti\u00a0tretirati kao strate\u0161ka vertikala opstankla na ovim prostorima te da se u podr\u0161ci majkama ne smije imati ograni\u010denja, jer su majke na\u0161i heroji, zaklju\u010dio je Zukorli\u0107 i pozvao Vladu da u budu\u0107e razmi\u0161ljaju na takav na\u010din.<\/p>\n<p>izvor: SANA<\/p>\n","protected":false},"excerpt":{"rendered":"<p>Narodni poslanik muftija dr. Muamer Zukorli\u0107 obra\u0107aju\u0107i se danas (8. decembra 2017) u Skup\u0161tini Republike Srbije kazao je da \u0107e narodni poslanici BDZ podr\u017eati Zakon o bud\u017eetu za 2018. godinu jer je uvjeren da je ulo\u017een zna\u010dajan trud na njegovom unapre\u0111enju u odnosu na prethodni, shodno mogu\u0107nostima. On je pohvalio izdvajanje zna\u010dajnih sredstava za realizaciju [&hellip;]<\/p>\n","protected":false},"author":509,"featured_media":199742,"comment_status":"open","ping_status":"open","sticky":false,"template":"","format":"standard","meta":{"footnotes":""},"categories":[72,1,52,327,392,393,394,8957],"tags":[10204,10223],"class_list":{"0":"post-199741","1":"post","2":"type-post","3":"status-publish","4":"format-standard","5":"has-post-thumbnail","7":"category-novi-pazar","8":"category-politika","9":"category-sjenica","10":"category-tutin","11":"category-prijepolje_","12":"category-priboj","13":"category-nova-varos","14":"category-vijesti-dana","15":"tag-muftija-muamer-zukorlic","16":"tag-bdz"},"yoast_head":"<!-- This site is optimized with the Yoast SEO Premium plugin v23.1 (Yoast SEO v24.9) - https:\/\/yoast.com\/wordpress\/plugins\/seo\/ -->\n<title>Zukorli\u0107 u Skup\u0161tini - Nerad vlasti u Sand\u017eaku nije razlog da se put NP-TT i NP-SJ izbace iz bud\u017eeta!<\/title>\n<meta name=\"robots\" content=\"index, follow, max-snippet:-1, max-image-preview:large, max-video-preview:-1\" \/>\n<link rel=\"canonical\" href=\"https:\/\/sandzakpress.net\/arhiva\/zukorlic-u-skupstini-nerad-vlasti-u-sandzaku-nije-razlog-da-se-put-np-tt-i-np-sj-izbace-iz-budzeta\/\" \/>\n<meta property=\"og:locale\" content=\"bs_BA\" \/>\n<meta property=\"og:type\" content=\"article\" \/>\n<meta property=\"og:title\" content=\"Zukorli\u0107 u Skup\u0161tini - Nerad vlasti u Sand\u017eaku nije razlog da se put NP-TT i NP-SJ izbace iz bud\u017eeta!\" \/>\n<meta property=\"og:description\" content=\"Narodni poslanik muftija dr. Muamer Zukorli\u0107 obra\u0107aju\u0107i se danas (8. decembra 2017) u Skup\u0161tini Republike Srbije kazao je da \u0107e narodni poslanici BDZ podr\u017eati Zakon o bud\u017eetu za 2018. godinu jer je uvjeren da je ulo\u017een zna\u010dajan trud na njegovom unapre\u0111enju u odnosu na prethodni, shodno mogu\u0107nostima. On je pohvalio izdvajanje zna\u010dajnih sredstava za realizaciju [&hellip;]\" \/>\n<meta property=\"og:url\" content=\"https:\/\/sandzakpress.net\/arhiva\/zukorlic-u-skupstini-nerad-vlasti-u-sandzaku-nije-razlog-da-se-put-np-tt-i-np-sj-izbace-iz-budzeta\/\" \/>\n<meta property=\"og:site_name\" content=\"Sand\u017eak PRESS\" \/>\n<meta property=\"article:published_time\" content=\"2017-12-08T10:06:42+00:00\" \/>\n<meta property=\"og:image\" content=\"https:\/\/sandzakpress.net\/arhiva\/wp-content\/uploads\/2017\/12\/Capture-1.jpg\" \/>\n\t<meta property=\"og:image:width\" content=\"827\" \/>\n\t<meta property=\"og:image:height\" content=\"420\" \/>\n\t<meta property=\"og:image:type\" content=\"image\/jpeg\" \/>\n<meta name=\"author\" content=\"Agencija\" \/>\n<meta name=\"twitter:card\" content=\"summary_large_image\" \/>\n<meta name=\"twitter:label1\" content=\"Written by\" \/>\n\t<meta name=\"twitter:data1\" content=\"Agencija\" \/>\n\t<meta name=\"twitter:label2\" content=\"Est. reading time\" \/>\n\t<meta name=\"twitter:data2\" content=\"2 minute\" \/>\n<script type=\"application\/ld+json\" class=\"yoast-schema-graph\">{\"@context\":\"https:\/\/schema.org\",\"@graph\":[{\"@type\":\"Article\",\"@id\":\"https:\/\/sandzakpress.net\/arhiva\/zukorlic-u-skupstini-nerad-vlasti-u-sandzaku-nije-razlog-da-se-put-np-tt-i-np-sj-izbace-iz-budzeta\/#article\",\"isPartOf\":{\"@id\":\"https:\/\/sandzakpress.net\/arhiva\/zukorlic-u-skupstini-nerad-vlasti-u-sandzaku-nije-razlog-da-se-put-np-tt-i-np-sj-izbace-iz-budzeta\/\"},\"author\":{\"name\":\"Agencija\",\"@id\":\"https:\/\/sandzakpress.net\/arhiva\/#\/schema\/person\/cb59d7e3ab91ab90dd680ad0305a6185\"},\"headline\":\"Zukorli\u0107 u Skup\u0161tini &#8211; Nerad vlasti u Sand\u017eaku nije razlog da se put NP-TT i NP-SJ izbace iz bud\u017eeta!\",\"datePublished\":\"2017-12-08T10:06:42+00:00\",\"mainEntityOfPage\":{\"@id\":\"https:\/\/sandzakpress.net\/arhiva\/zukorlic-u-skupstini-nerad-vlasti-u-sandzaku-nije-razlog-da-se-put-np-tt-i-np-sj-izbace-iz-budzeta\/\"},\"wordCount\":448,\"commentCount\":5,\"publisher\":{\"@id\":\"https:\/\/sandzakpress.net\/arhiva\/#\/schema\/person\/6e72b67d6e51910a1117b3b483ba20bd\"},\"image\":{\"@id\":\"https:\/\/sandzakpress.net\/arhiva\/zukorlic-u-skupstini-nerad-vlasti-u-sandzaku-nije-razlog-da-se-put-np-tt-i-np-sj-izbace-iz-budzeta\/#primaryimage\"},\"thumbnailUrl\":\"https:\/\/sandzakpress.net\/arhiva\/wp-content\/uploads\/2017\/12\/Capture-1.jpg\",\"keywords\":[\"muftija Muamer Zukorli\u0107\",\"BDZ\"],\"articleSection\":[\"Novi Pazar\",\"Politika\",\"Sjenica\",\"Tutin\",\"Prijepolje\",\"Priboj\",\"Nova Varo\u0161\",\"VIJESTI DANA\"],\"inLanguage\":\"bs-BA\",\"potentialAction\":[{\"@type\":\"CommentAction\",\"name\":\"Comment\",\"target\":[\"https:\/\/sandzakpress.net\/arhiva\/zukorlic-u-skupstini-nerad-vlasti-u-sandzaku-nije-razlog-da-se-put-np-tt-i-np-sj-izbace-iz-budzeta\/#respond\"]}]},{\"@type\":\"WebPage\",\"@id\":\"https:\/\/sandzakpress.net\/arhiva\/zukorlic-u-skupstini-nerad-vlasti-u-sandzaku-nije-razlog-da-se-put-np-tt-i-np-sj-izbace-iz-budzeta\/\",\"url\":\"https:\/\/sandzakpress.net\/arhiva\/zukorlic-u-skupstini-nerad-vlasti-u-sandzaku-nije-razlog-da-se-put-np-tt-i-np-sj-izbace-iz-budzeta\/\",\"name\":\"Zukorli\u0107 u Skup\u0161tini - Nerad vlasti u Sand\u017eaku nije razlog da se put NP-TT i NP-SJ izbace iz bud\u017eeta!\",\"isPartOf\":{\"@id\":\"https:\/\/sandzakpress.net\/arhiva\/#website\"},\"primaryImageOfPage\":{\"@id\":\"https:\/\/sandzakpress.net\/arhiva\/zukorlic-u-skupstini-nerad-vlasti-u-sandzaku-nije-razlog-da-se-put-np-tt-i-np-sj-izbace-iz-budzeta\/#primaryimage\"},\"image\":{\"@id\":\"https:\/\/sandzakpress.net\/arhiva\/zukorlic-u-skupstini-nerad-vlasti-u-sandzaku-nije-razlog-da-se-put-np-tt-i-np-sj-izbace-iz-budzeta\/#primaryimage\"},\"thumbnailUrl\":\"https:\/\/sandzakpress.net\/arhiva\/wp-content\/uploads\/2017\/12\/Capture-1.jpg\",\"datePublished\":\"2017-12-08T10:06:42+00:00\",\"breadcrumb\":{\"@id\":\"https:\/\/sandzakpress.net\/arhiva\/zukorlic-u-skupstini-nerad-vlasti-u-sandzaku-nije-razlog-da-se-put-np-tt-i-np-sj-izbace-iz-budzeta\/#breadcrumb\"},\"inLanguage\":\"bs-BA\",\"potentialAction\":[{\"@type\":\"ReadAction\",\"target\":[\"https:\/\/sandzakpress.net\/arhiva\/zukorlic-u-skupstini-nerad-vlasti-u-sandzaku-nije-razlog-da-se-put-np-tt-i-np-sj-izbace-iz-budzeta\/\"]}]},{\"@type\":\"ImageObject\",\"inLanguage\":\"bs-BA\",\"@id\":\"https:\/\/sandzakpress.net\/arhiva\/zukorlic-u-skupstini-nerad-vlasti-u-sandzaku-nije-razlog-da-se-put-np-tt-i-np-sj-izbace-iz-budzeta\/#primaryimage\",\"url\":\"https:\/\/sandzakpress.net\/arhiva\/wp-content\/uploads\/2017\/12\/Capture-1.jpg\",\"contentUrl\":\"https:\/\/sandzakpress.net\/arhiva\/wp-content\/uploads\/2017\/12\/Capture-1.jpg\",\"width\":827,\"height\":420},{\"@type\":\"BreadcrumbList\",\"@id\":\"https:\/\/sandzakpress.net\/arhiva\/zukorlic-u-skupstini-nerad-vlasti-u-sandzaku-nije-razlog-da-se-put-np-tt-i-np-sj-izbace-iz-budzeta\/#breadcrumb\",\"itemListElement\":[{\"@type\":\"ListItem\",\"position\":1,\"name\":\"Home\",\"item\":\"https:\/\/sandzakpress.net\/arhiva\/\"},{\"@type\":\"ListItem\",\"position\":2,\"name\":\"Zukorli\u0107 u Skup\u0161tini &#8211; Nerad vlasti u Sand\u017eaku nije razlog da se put NP-TT i NP-SJ izbace iz bud\u017eeta!\"}]},{\"@type\":\"WebSite\",\"@id\":\"https:\/\/sandzakpress.net\/arhiva\/#website\",\"url\":\"https:\/\/sandzakpress.net\/arhiva\/\",\"name\":\"Sand\u017eak PRESS\",\"description\":\"Prve elektronske novine u Sand\u017eaku\",\"publisher\":{\"@id\":\"https:\/\/sandzakpress.net\/arhiva\/#\/schema\/person\/6e72b67d6e51910a1117b3b483ba20bd\"},\"potentialAction\":[{\"@type\":\"SearchAction\",\"target\":{\"@type\":\"EntryPoint\",\"urlTemplate\":\"https:\/\/sandzakpress.net\/arhiva\/?s={search_term_string}\"},\"query-input\":{\"@type\":\"PropertyValueSpecification\",\"valueRequired\":true,\"valueName\":\"search_term_string\"}}],\"inLanguage\":\"bs-BA\"},{\"@type\":[\"Person\",\"Organization\"],\"@id\":\"https:\/\/sandzakpress.net\/arhiva\/#\/schema\/person\/6e72b67d6e51910a1117b3b483ba20bd\",\"name\":\"Kul\",\"image\":{\"@type\":\"ImageObject\",\"inLanguage\":\"bs-BA\",\"@id\":\"https:\/\/sandzakpress.net\/arhiva\/#\/schema\/person\/image\/\",\"url\":\"https:\/\/secure.gravatar.com\/avatar\/42263f39aa27ac04c43cab85c280eb2e?s=96&d=mm&r=pg\",\"contentUrl\":\"https:\/\/secure.gravatar.com\/avatar\/42263f39aa27ac04c43cab85c280eb2e?s=96&d=mm&r=pg\",\"caption\":\"Kul\"},\"logo\":{\"@id\":\"https:\/\/sandzakpress.net\/arhiva\/#\/schema\/person\/image\/\"}},{\"@type\":\"Person\",\"@id\":\"https:\/\/sandzakpress.net\/arhiva\/#\/schema\/person\/cb59d7e3ab91ab90dd680ad0305a6185\",\"name\":\"Agencija\",\"image\":{\"@type\":\"ImageObject\",\"inLanguage\":\"bs-BA\",\"@id\":\"https:\/\/sandzakpress.net\/arhiva\/#\/schema\/person\/image\/\",\"url\":\"https:\/\/secure.gravatar.com\/avatar\/4b7fafa80a22f0c2afe23966b3961fe0?s=96&d=mm&r=pg\",\"contentUrl\":\"https:\/\/secure.gravatar.com\/avatar\/4b7fafa80a22f0c2afe23966b3961fe0?s=96&d=mm&r=pg\",\"caption\":\"Agencija\"},\"url\":\"https:\/\/sandzakpress.net\/arhiva\/author\/agencija\/\"}]}<\/script>\n<!-- \/ Yoast SEO Premium plugin. -->","yoast_head_json":{"title":"Zukorli\u0107 u Skup\u0161tini - Nerad vlasti u Sand\u017eaku nije razlog da se put NP-TT i NP-SJ izbace iz bud\u017eeta!","robots":{"index":"index","follow":"follow","max-snippet":"max-snippet:-1","max-image-preview":"max-image-preview:large","max-video-preview":"max-video-preview:-1"},"canonical":"https:\/\/sandzakpress.net\/arhiva\/zukorlic-u-skupstini-nerad-vlasti-u-sandzaku-nije-razlog-da-se-put-np-tt-i-np-sj-izbace-iz-budzeta\/","og_locale":"bs_BA","og_type":"article","og_title":"Zukorli\u0107 u Skup\u0161tini - Nerad vlasti u Sand\u017eaku nije razlog da se put NP-TT i NP-SJ izbace iz bud\u017eeta!","og_description":"Narodni poslanik muftija dr. Muamer Zukorli\u0107 obra\u0107aju\u0107i se danas (8. decembra 2017) u Skup\u0161tini Republike Srbije kazao je da \u0107e narodni poslanici BDZ podr\u017eati Zakon o bud\u017eetu za 2018. godinu jer je uvjeren da je ulo\u017een zna\u010dajan trud na njegovom unapre\u0111enju u odnosu na prethodni, shodno mogu\u0107nostima. On je pohvalio izdvajanje zna\u010dajnih sredstava za realizaciju [&hellip;]","og_url":"https:\/\/sandzakpress.net\/arhiva\/zukorlic-u-skupstini-nerad-vlasti-u-sandzaku-nije-razlog-da-se-put-np-tt-i-np-sj-izbace-iz-budzeta\/","og_site_name":"Sand\u017eak PRESS","article_published_time":"2017-12-08T10:06:42+00:00","og_image":[{"width":827,"height":420,"url":"https:\/\/sandzakpress.net\/arhiva\/wp-content\/uploads\/2017\/12\/Capture-1.jpg","type":"image\/jpeg"}],"author":"Agencija","twitter_card":"summary_large_image","twitter_misc":{"Written by":"Agencija","Est. reading time":"2 minute"},"schema":{"@context":"https:\/\/schema.org","@graph":[{"@type":"Article","@id":"https:\/\/sandzakpress.net\/arhiva\/zukorlic-u-skupstini-nerad-vlasti-u-sandzaku-nije-razlog-da-se-put-np-tt-i-np-sj-izbace-iz-budzeta\/#article","isPartOf":{"@id":"https:\/\/sandzakpress.net\/arhiva\/zukorlic-u-skupstini-nerad-vlasti-u-sandzaku-nije-razlog-da-se-put-np-tt-i-np-sj-izbace-iz-budzeta\/"},"author":{"name":"Agencija","@id":"https:\/\/sandzakpress.net\/arhiva\/#\/schema\/person\/cb59d7e3ab91ab90dd680ad0305a6185"},"headline":"Zukorli\u0107 u Skup\u0161tini &#8211; Nerad vlasti u Sand\u017eaku nije razlog da se put NP-TT i NP-SJ izbace iz bud\u017eeta!","datePublished":"2017-12-08T10:06:42+00:00","mainEntityOfPage":{"@id":"https:\/\/sandzakpress.net\/arhiva\/zukorlic-u-skupstini-nerad-vlasti-u-sandzaku-nije-razlog-da-se-put-np-tt-i-np-sj-izbace-iz-budzeta\/"},"wordCount":448,"commentCount":5,"publisher":{"@id":"https:\/\/sandzakpress.net\/arhiva\/#\/schema\/person\/6e72b67d6e51910a1117b3b483ba20bd"},"image":{"@id":"https:\/\/sandzakpress.net\/arhiva\/zukorlic-u-skupstini-nerad-vlasti-u-sandzaku-nije-razlog-da-se-put-np-tt-i-np-sj-izbace-iz-budzeta\/#primaryimage"},"thumbnailUrl":"https:\/\/sandzakpress.net\/arhiva\/wp-content\/uploads\/2017\/12\/Capture-1.jpg","keywords":["muftija Muamer Zukorli\u0107","BDZ"],"articleSection":["Novi Pazar","Politika","Sjenica","Tutin","Prijepolje","Priboj","Nova Varo\u0161","VIJESTI DANA"],"inLanguage":"bs-BA","potentialAction":[{"@type":"CommentAction","name":"Comment","target":["https:\/\/sandzakpress.net\/arhiva\/zukorlic-u-skupstini-nerad-vlasti-u-sandzaku-nije-razlog-da-se-put-np-tt-i-np-sj-izbace-iz-budzeta\/#respond"]}]},{"@type":"WebPage","@id":"https:\/\/sandzakpress.net\/arhiva\/zukorlic-u-skupstini-nerad-vlasti-u-sandzaku-nije-razlog-da-se-put-np-tt-i-np-sj-izbace-iz-budzeta\/","url":"https:\/\/sandzakpress.net\/arhiva\/zukorlic-u-skupstini-nerad-vlasti-u-sandzaku-nije-razlog-da-se-put-np-tt-i-np-sj-izbace-iz-budzeta\/","name":"Zukorli\u0107 u Skup\u0161tini - Nerad vlasti u Sand\u017eaku nije razlog da se put NP-TT i NP-SJ izbace iz bud\u017eeta!","isPartOf":{"@id":"https:\/\/sandzakpress.net\/arhiva\/#website"},"primaryImageOfPage":{"@id":"https:\/\/sandzakpress.net\/arhiva\/zukorlic-u-skupstini-nerad-vlasti-u-sandzaku-nije-razlog-da-se-put-np-tt-i-np-sj-izbace-iz-budzeta\/#primaryimage"},"image":{"@id":"https:\/\/sandzakpress.net\/arhiva\/zukorlic-u-skupstini-nerad-vlasti-u-sandzaku-nije-razlog-da-se-put-np-tt-i-np-sj-izbace-iz-budzeta\/#primaryimage"},"thumbnailUrl":"https:\/\/sandzakpress.net\/arhiva\/wp-content\/uploads\/2017\/12\/Capture-1.jpg","datePublished":"2017-12-08T10:06:42+00:00","breadcrumb":{"@id":"https:\/\/sandzakpress.net\/arhiva\/zukorlic-u-skupstini-nerad-vlasti-u-sandzaku-nije-razlog-da-se-put-np-tt-i-np-sj-izbace-iz-budzeta\/#breadcrumb"},"inLanguage":"bs-BA","potentialAction":[{"@type":"ReadAction","target":["https:\/\/sandzakpress.net\/arhiva\/zukorlic-u-skupstini-nerad-vlasti-u-sandzaku-nije-razlog-da-se-put-np-tt-i-np-sj-izbace-iz-budzeta\/"]}]},{"@type":"ImageObject","inLanguage":"bs-BA","@id":"https:\/\/sandzakpress.net\/arhiva\/zukorlic-u-skupstini-nerad-vlasti-u-sandzaku-nije-razlog-da-se-put-np-tt-i-np-sj-izbace-iz-budzeta\/#primaryimage","url":"https:\/\/sandzakpress.net\/arhiva\/wp-content\/uploads\/2017\/12\/Capture-1.jpg","contentUrl":"https:\/\/sandzakpress.net\/arhiva\/wp-content\/uploads\/2017\/12\/Capture-1.jpg","width":827,"height":420},{"@type":"BreadcrumbList","@id":"https:\/\/sandzakpress.net\/arhiva\/zukorlic-u-skupstini-nerad-vlasti-u-sandzaku-nije-razlog-da-se-put-np-tt-i-np-sj-izbace-iz-budzeta\/#breadcrumb","itemListElement":[{"@type":"ListItem","position":1,"name":"Home","item":"https:\/\/sandzakpress.net\/arhiva\/"},{"@type":"ListItem","position":2,"name":"Zukorli\u0107 u Skup\u0161tini &#8211; Nerad vlasti u Sand\u017eaku nije razlog da se put NP-TT i NP-SJ izbace iz bud\u017eeta!"}]},{"@type":"WebSite","@id":"https:\/\/sandzakpress.net\/arhiva\/#website","url":"https:\/\/sandzakpress.net\/arhiva\/","name":"Sand\u017eak PRESS","description":"Prve elektronske novine u Sand\u017eaku","publisher":{"@id":"https:\/\/sandzakpress.net\/arhiva\/#\/schema\/person\/6e72b67d6e51910a1117b3b483ba20bd"},"potentialAction":[{"@type":"SearchAction","target":{"@type":"EntryPoint","urlTemplate":"https:\/\/sandzakpress.net\/arhiva\/?s={search_term_string}"},"query-input":{"@type":"PropertyValueSpecification","valueRequired":true,"valueName":"search_term_string"}}],"inLanguage":"bs-BA"},{"@type":["Person","Organization"],"@id":"https:\/\/sandzakpress.net\/arhiva\/#\/schema\/person\/6e72b67d6e51910a1117b3b483ba20bd","name":"Kul","image":{"@type":"ImageObject","inLanguage":"bs-BA","@id":"https:\/\/sandzakpress.net\/arhiva\/#\/schema\/person\/image\/","url":"https:\/\/secure.gravatar.com\/avatar\/42263f39aa27ac04c43cab85c280eb2e?s=96&d=mm&r=pg","contentUrl":"https:\/\/secure.gravatar.com\/avatar\/42263f39aa27ac04c43cab85c280eb2e?s=96&d=mm&r=pg","caption":"Kul"},"logo":{"@id":"https:\/\/sandzakpress.net\/arhiva\/#\/schema\/person\/image\/"}},{"@type":"Person","@id":"https:\/\/sandzakpress.net\/arhiva\/#\/schema\/person\/cb59d7e3ab91ab90dd680ad0305a6185","name":"Agencija","image":{"@type":"ImageObject","inLanguage":"bs-BA","@id":"https:\/\/sandzakpress.net\/arhiva\/#\/schema\/person\/image\/","url":"https:\/\/secure.gravatar.com\/avatar\/4b7fafa80a22f0c2afe23966b3961fe0?s=96&d=mm&r=pg","contentUrl":"https:\/\/secure.gravatar.com\/avatar\/4b7fafa80a22f0c2afe23966b3961fe0?s=96&d=mm&r=pg","caption":"Agencija"},"url":"https:\/\/sandzakpress.net\/arhiva\/author\/agencija\/"}]}},"_links":{"self":[{"href":"https:\/\/sandzakpress.net\/arhiva\/wp-json\/wp\/v2\/posts\/199741"}],"collection":[{"href":"https:\/\/sandzakpress.net\/arhiva\/wp-json\/wp\/v2\/posts"}],"about":[{"href":"https:\/\/sandzakpress.net\/arhiva\/wp-json\/wp\/v2\/types\/post"}],"author":[{"embeddable":true,"href":"https:\/\/sandzakpress.net\/arhiva\/wp-json\/wp\/v2\/users\/509"}],"replies":[{"embeddable":true,"href":"https:\/\/sandzakpress.net\/arhiva\/wp-json\/wp\/v2\/comments?post=199741"}],"version-history":[{"count":0,"href":"https:\/\/sandzakpress.net\/arhiva\/wp-json\/wp\/v2\/posts\/199741\/revisions"}],"wp:featuredmedia":[{"embeddable":true,"href":"https:\/\/sandzakpress.net\/arhiva\/wp-json\/wp\/v2\/media\/199742"}],"wp:attachment":[{"href":"https:\/\/sandzakpress.net\/arhiva\/wp-json\/wp\/v2\/media?parent=199741"}],"wp:term":[{"taxonomy":"category","embeddable":true,"href":"https:\/\/sandzakpress.net\/arhiva\/wp-json\/wp\/v2\/categories?post=199741"},{"taxonomy":"post_tag","embeddable":true,"href":"https:\/\/sandzakpress.net\/arhiva\/wp-json\/wp\/v2\/tags?post=199741"}],"curies":[{"name":"wp","href":"https:\/\/api.w.org\/{rel}","templated":true}]}}