{"id":19955,"date":"2011-09-27T12:43:48","date_gmt":"2011-09-27T10:43:48","guid":{"rendered":"https:\/\/sandzakpress.net\/arhiva\/?p=19955"},"modified":"2011-09-27T19:57:18","modified_gmt":"2011-09-27T17:57:18","slug":"na-pomolu-rat-izmedu-turske-i-izraela","status":"publish","type":"post","link":"https:\/\/sandzakpress.net\/arhiva\/na-pomolu-rat-izmedu-turske-i-izraela\/","title":{"rendered":"Rat izme\u0111u Turske i Izraela?"},"content":{"rendered":"<p><strong> <\/strong><\/p>\n<p><strong> <\/strong><\/p>\n<p><strong> <\/strong><\/p>\n<p><strong> <\/strong><\/p>\n<p><strong> <\/strong><\/p>\n<p><strong> <\/strong><\/p>\n<figure id=\"attachment_20789\" aria-describedby=\"caption-attachment-20789\" style=\"width: 170px\" class=\"wp-caption alignleft\"><a href=\"https:\/\/sandzakpress.net\/arhiva\/wp-content\/uploads\/2011\/09\/steinbach-1.jpg\"><img loading=\"lazy\" decoding=\"async\" class=\"size-full wp-image-20789\" title=\"steinbach (1)\" src=\"https:\/\/sandzakpress.net\/arhiva\/wp-content\/uploads\/2011\/09\/steinbach-1.jpg\" alt=\"Udo Steinbah, ekspert za Bliski istok\" width=\"170\" height=\"246\" \/><\/a><figcaption id=\"caption-attachment-20789\" class=\"wp-caption-text\">Udo Steinbah, ekspert za Bliski istok<\/figcaption><\/figure>\n<p>Turska ima namjeru da vojnim brodovima osigurava isporuke humanitarne  pomo\u0107i za Gazu. Na taj na\u010din prijeti opasnost da eskalira konflikt  Ankare i Jerusalima, upozorava ekspert za Bliski istok Udo Steinbach u  intervjuu za Deutsche Welle<\/p>\n<p><strong>Deutsche Welle<\/strong>: Gospodine Steinbach, Turska najavljuje  da \u0107e humanitarne po\u0161iljke dobiti za\u0161titu ratnih brodova. Da li to zna\u010di  da definitivno dolazi period eskalacije spora izme\u0111u Turske i Izraela?<\/p>\n<p><strong>Prof. Udo Steinbach<\/strong>: Sigurno. Bili smo dugo uvjereni  kako je turski premijer Red\u017eep Tajib Erdoan spreman da izgladi spor.  Samo prije nekoliko nedjelja, u jeku nemira u arapskim zemljama, stekao  se utisak da Turska ima interes da se spor prevazi\u0111e. Ankara se nadala, a  za takvu nadu je postojala realna osnova, da \u0107e Izrael uputiti  izvinjenje za doga\u0111aje na brodu &#8220;Mavi Marmara&#8221;. Do toga nije do\u0161lo,  o\u010dito zbog pritiska desnog krila izraelske vlade na premijera  Netanjahua. Erdoan je potom snizio nivo diplomatskih odnosa. Vojna  pratnja za humanitarne konvoje predstavljala bi u svakom slu\u010daju  eskalaciju sa nepredvidivim posljedicama.<\/p>\n<p><strong>DW:<\/strong> Ne vjerujete, dakle, da bi izraelski premijer  Netanjahu mogao poslati diplomate u Ankaru koje bi iza kulisa poku\u0161ale  da izglade stvar?<\/p>\n<p><strong>Steinbach:<\/strong> Ne radi se o tome \u0161ta se de\u0161ava iza kulisa.  Turska sada \u017eeli da se stvari odvijaju ispred kulisa, u javnosti. Vlada u  Ankari je proteklih godina dobila na samopouzdanju. Ona se trenutno  bori da privu\u010de pa\u017enju Arapa, mada se ne zna ta\u010dno na koje Arape Ankara  \u017eeli da ostvari uticaj. S obzirom na to, za Tursku je rje\u0161enje spora sa  Izraelom mogu\u0107e samo ako se do njega do\u0111e pred o\u010dima javnosti.<\/p>\n<p><strong>DW<\/strong>: Koje su privredne posljedice spora sa Izraelom? Turska je va\u017ean privredni partner u regionu.<\/p>\n<p><strong>Steinbach:<\/strong> Izraelsko-turska trgovinska razmjena je  do\u017eivjela pravu eksploziju u proteklih deset godina. Ona se mjeri  milijardama eura. Turska strana je o\u010dito svjesna da \u0107e njena privreda  pretrpjeti veliku \u0161tetu, ali joj to nije va\u017eno. Vlada u Ankari je dala  prednost spektakularnim politi\u010dkim gestama koje \u0107e privu\u0107i pa\u017enju  arapskog svijeta u odnosu na privrednu \u0161tetu koja \u0107e tako nastati.<\/p>\n<p><strong>DW<\/strong>: To zna\u010di da spor ve\u0107 sada ima velike privredne posljedice za obje strane.<\/p>\n<p><strong>Steinbach:<\/strong> Ta\u010dno, ali obje strane su dostigle ta\u010dku u  kojoj svoje poteze odmjeravaju na osnovu politi\u010dkih, a ne privrednih  kriterija. O Turskoj sam ve\u0107 govorio. \u010cini se da je i izraelska vlada,  posebno njeno krilo oko ministra vanjskih poslova Avigdora Libermana,  spremna da igra na kartu jakog Izraela i da ra\u010duna \u010dak i s tim da mo\u017ee  do\u0107i do vojnog konflikta. Ba\u0161 kao \u0161to se svjesno u\u0161lo u politi\u010dki  konflikt sa SAD zbog nastavka gradnje jevrejskih naselja na palestinskim  teritorijama. Dakle, kao i u Turskoj, prevladava \u0161ovinisti\u010dki faktor.<\/p>\n<p><strong>DW<\/strong>: Zna\u010di da vjerujete kako postoji rizik oru\u017eanog konflikta?<\/p>\n<p><strong>Steinbach<\/strong>: Pa na brodu &#8220;Mavi Marmara&#8221; je i do\u0161lo do  oru\u017eanog konflikta. U pro\u0161losti su dvije strane sara\u0111ivale, \u010dak i vojno.  Ta saradnja po\u010diva na sporazumu iz 1996. godine i naravno da je sada  te\u0161ko zamisliti da bi moglo do\u0107i do konflikta. Ipak, postoji jo\u0161 jedna  stvar. To je izraelsko-kiparski sporazum koji podrazumijeva da se ispred  obale Kipra vr\u0161e probna bu\u0161enja u potrazi za naftom. Turska tvrdi da je  tako ne\u0161to neprihvatljivo sve dok se ne rije\u0161i kiparsko pitanje. Tu se  stvara jo\u0161 jedan problem koji je za Tursku od velikog zna\u010daja.<\/p>\n<p><strong>DW:<\/strong> Da li Izrael u regionu sada u potpunoj izolaciji? Ionako, osim Turske, ni do sada nije imao puno saveznika.<\/p>\n<p><strong>Steinbach<\/strong>: Izraelska strana, \u010dini se, svjesno bira taj  put. Turska je proteklih 15 godina bila jedini saveznik. Izrael o\u010dito  ima tendenciju da u politici slijedi isklju\u010divo svoje interese &#8211; bilo da  je rije\u010d o Turskoj, o istra\u017eivanju naftnih bu\u0161otina, ili gradnji  jevrejskih naselja. \u010cini se da osje\u0107aju da sasvim sigurno imaju punu  podr\u0161ku SAD, \u0161to se pokazalo i tokom protekle posjete premijera  Netanjahua Va\u0161ingtonu. Vjerujem da to ima posljedice. Izrael vi\u0161e ne  obra\u0107a pa\u017enju na svoje susjede, susjedne arapske zemlje su za Izrael  ionako postale nesigurni partneri. Vlada u Jerusalimu igra na ameri\u010dku  kartu.<\/p>\n<p><strong>Deutsche Welle &#8211; Friederike Schulz; Azer Slanjanki\u0107<\/strong><\/p>\n<p><strong>Izvor: <\/strong><strong>Depo.ba<\/strong><\/p>\n","protected":false},"excerpt":{"rendered":"<p>Turska ima namjeru da vojnim brodovima osigurava isporuke humanitarne pomo\u0107i za Gazu. Na taj na\u010din prijeti opasnost da eskalira konflikt Ankare i Jerusalima, upozorava ekspert za Bliski istok Udo Steinbach u intervjuu za Deutsche Welle Deutsche Welle: Gospodine Steinbach, Turska najavljuje da \u0107e humanitarne po\u0161iljke dobiti za\u0161titu ratnih brodova. Da li to zna\u010di da definitivno [&hellip;]<\/p>\n","protected":false},"author":14,"featured_media":20789,"comment_status":"open","ping_status":"open","sticky":false,"template":"","format":"standard","meta":{"footnotes":""},"categories":[2692],"tags":[],"class_list":{"0":"post-19955","1":"post","2":"type-post","3":"status-publish","4":"format-standard","5":"has-post-thumbnail","7":"category-turska-gradovi"},"yoast_head":"<!-- This site is optimized with the Yoast SEO Premium plugin v23.1 (Yoast SEO v24.9) - https:\/\/yoast.com\/wordpress\/plugins\/seo\/ -->\n<title>Rat izme\u0111u Turske i Izraela?<\/title>\n<meta name=\"robots\" content=\"index, follow, max-snippet:-1, max-image-preview:large, max-video-preview:-1\" \/>\n<link rel=\"canonical\" href=\"https:\/\/sandzakpress.net\/arhiva\/na-pomolu-rat-izmedu-turske-i-izraela\/\" \/>\n<meta property=\"og:locale\" content=\"bs_BA\" \/>\n<meta property=\"og:type\" content=\"article\" \/>\n<meta property=\"og:title\" content=\"Rat izme\u0111u Turske i Izraela?\" \/>\n<meta property=\"og:description\" content=\"Turska ima namjeru da vojnim brodovima osigurava isporuke humanitarne pomo\u0107i za Gazu. Na taj na\u010din prijeti opasnost da eskalira konflikt Ankare i Jerusalima, upozorava ekspert za Bliski istok Udo Steinbach u intervjuu za Deutsche Welle Deutsche Welle: Gospodine Steinbach, Turska najavljuje da \u0107e humanitarne po\u0161iljke dobiti za\u0161titu ratnih brodova. Da li to zna\u010di da definitivno [&hellip;]\" \/>\n<meta property=\"og:url\" content=\"https:\/\/sandzakpress.net\/arhiva\/na-pomolu-rat-izmedu-turske-i-izraela\/\" \/>\n<meta property=\"og:site_name\" content=\"Sand\u017eak PRESS\" \/>\n<meta property=\"article:published_time\" content=\"2011-09-27T10:43:48+00:00\" \/>\n<meta property=\"article:modified_time\" content=\"2011-09-27T17:57:18+00:00\" \/>\n<meta property=\"og:image\" content=\"https:\/\/sandzakpress.net\/arhiva\/wp-content\/uploads\/2011\/09\/steinbach-1.jpg\" \/>\n\t<meta property=\"og:image:width\" content=\"170\" \/>\n\t<meta property=\"og:image:height\" content=\"246\" \/>\n\t<meta property=\"og:image:type\" content=\"image\/jpeg\" \/>\n<meta name=\"twitter:card\" content=\"summary_large_image\" \/>\n<meta name=\"twitter:label1\" content=\"Written by\" \/>\n\t<meta name=\"twitter:data1\" content=\"\" \/>\n\t<meta name=\"twitter:label2\" content=\"Est. reading time\" \/>\n\t<meta name=\"twitter:data2\" content=\"4 minute\" \/>\n<script type=\"application\/ld+json\" class=\"yoast-schema-graph\">{\"@context\":\"https:\/\/schema.org\",\"@graph\":[{\"@type\":\"Article\",\"@id\":\"https:\/\/sandzakpress.net\/arhiva\/na-pomolu-rat-izmedu-turske-i-izraela\/#article\",\"isPartOf\":{\"@id\":\"https:\/\/sandzakpress.net\/arhiva\/na-pomolu-rat-izmedu-turske-i-izraela\/\"},\"author\":{\"name\":\"\",\"@id\":\"\"},\"headline\":\"Rat izme\u0111u Turske i Izraela?\",\"datePublished\":\"2011-09-27T10:43:48+00:00\",\"dateModified\":\"2011-09-27T17:57:18+00:00\",\"mainEntityOfPage\":{\"@id\":\"https:\/\/sandzakpress.net\/arhiva\/na-pomolu-rat-izmedu-turske-i-izraela\/\"},\"wordCount\":736,\"commentCount\":12,\"publisher\":{\"@id\":\"https:\/\/sandzakpress.net\/arhiva\/#\/schema\/person\/6e72b67d6e51910a1117b3b483ba20bd\"},\"image\":{\"@id\":\"https:\/\/sandzakpress.net\/arhiva\/na-pomolu-rat-izmedu-turske-i-izraela\/#primaryimage\"},\"thumbnailUrl\":\"https:\/\/sandzakpress.net\/arhiva\/wp-content\/uploads\/2011\/09\/steinbach-1.jpg\",\"articleSection\":[\"Turska\"],\"inLanguage\":\"bs-BA\",\"potentialAction\":[{\"@type\":\"CommentAction\",\"name\":\"Comment\",\"target\":[\"https:\/\/sandzakpress.net\/arhiva\/na-pomolu-rat-izmedu-turske-i-izraela\/#respond\"]}]},{\"@type\":\"WebPage\",\"@id\":\"https:\/\/sandzakpress.net\/arhiva\/na-pomolu-rat-izmedu-turske-i-izraela\/\",\"url\":\"https:\/\/sandzakpress.net\/arhiva\/na-pomolu-rat-izmedu-turske-i-izraela\/\",\"name\":\"Rat izme\u0111u Turske i Izraela?\",\"isPartOf\":{\"@id\":\"https:\/\/sandzakpress.net\/arhiva\/#website\"},\"primaryImageOfPage\":{\"@id\":\"https:\/\/sandzakpress.net\/arhiva\/na-pomolu-rat-izmedu-turske-i-izraela\/#primaryimage\"},\"image\":{\"@id\":\"https:\/\/sandzakpress.net\/arhiva\/na-pomolu-rat-izmedu-turske-i-izraela\/#primaryimage\"},\"thumbnailUrl\":\"https:\/\/sandzakpress.net\/arhiva\/wp-content\/uploads\/2011\/09\/steinbach-1.jpg\",\"datePublished\":\"2011-09-27T10:43:48+00:00\",\"dateModified\":\"2011-09-27T17:57:18+00:00\",\"breadcrumb\":{\"@id\":\"https:\/\/sandzakpress.net\/arhiva\/na-pomolu-rat-izmedu-turske-i-izraela\/#breadcrumb\"},\"inLanguage\":\"bs-BA\",\"potentialAction\":[{\"@type\":\"ReadAction\",\"target\":[\"https:\/\/sandzakpress.net\/arhiva\/na-pomolu-rat-izmedu-turske-i-izraela\/\"]}]},{\"@type\":\"ImageObject\",\"inLanguage\":\"bs-BA\",\"@id\":\"https:\/\/sandzakpress.net\/arhiva\/na-pomolu-rat-izmedu-turske-i-izraela\/#primaryimage\",\"url\":\"https:\/\/sandzakpress.net\/arhiva\/wp-content\/uploads\/2011\/09\/steinbach-1.jpg\",\"contentUrl\":\"https:\/\/sandzakpress.net\/arhiva\/wp-content\/uploads\/2011\/09\/steinbach-1.jpg\",\"width\":170,\"height\":246,\"caption\":\"Udo Steinbah, ekspert za Bliski istok\"},{\"@type\":\"BreadcrumbList\",\"@id\":\"https:\/\/sandzakpress.net\/arhiva\/na-pomolu-rat-izmedu-turske-i-izraela\/#breadcrumb\",\"itemListElement\":[{\"@type\":\"ListItem\",\"position\":1,\"name\":\"Home\",\"item\":\"https:\/\/sandzakpress.net\/arhiva\/\"},{\"@type\":\"ListItem\",\"position\":2,\"name\":\"Rat izme\u0111u Turske i Izraela?\"}]},{\"@type\":\"WebSite\",\"@id\":\"https:\/\/sandzakpress.net\/arhiva\/#website\",\"url\":\"https:\/\/sandzakpress.net\/arhiva\/\",\"name\":\"Sand\u017eak PRESS\",\"description\":\"Prve elektronske novine u Sand\u017eaku\",\"publisher\":{\"@id\":\"https:\/\/sandzakpress.net\/arhiva\/#\/schema\/person\/6e72b67d6e51910a1117b3b483ba20bd\"},\"potentialAction\":[{\"@type\":\"SearchAction\",\"target\":{\"@type\":\"EntryPoint\",\"urlTemplate\":\"https:\/\/sandzakpress.net\/arhiva\/?s={search_term_string}\"},\"query-input\":{\"@type\":\"PropertyValueSpecification\",\"valueRequired\":true,\"valueName\":\"search_term_string\"}}],\"inLanguage\":\"bs-BA\"},{\"@type\":[\"Person\",\"Organization\"],\"@id\":\"https:\/\/sandzakpress.net\/arhiva\/#\/schema\/person\/6e72b67d6e51910a1117b3b483ba20bd\",\"name\":\"Kul\",\"image\":{\"@type\":\"ImageObject\",\"inLanguage\":\"bs-BA\",\"@id\":\"https:\/\/sandzakpress.net\/arhiva\/#\/schema\/person\/image\/\",\"url\":\"https:\/\/secure.gravatar.com\/avatar\/42263f39aa27ac04c43cab85c280eb2e?s=96&d=mm&r=pg\",\"contentUrl\":\"https:\/\/secure.gravatar.com\/avatar\/42263f39aa27ac04c43cab85c280eb2e?s=96&d=mm&r=pg\",\"caption\":\"Kul\"},\"logo\":{\"@id\":\"https:\/\/sandzakpress.net\/arhiva\/#\/schema\/person\/image\/\"}},{\"@type\":\"Person\",\"@id\":\"\",\"url\":\"https:\/\/sandzakpress.net\/arhiva\/author\/\"}]}<\/script>\n<!-- \/ Yoast SEO Premium plugin. -->","yoast_head_json":{"title":"Rat izme\u0111u Turske i Izraela?","robots":{"index":"index","follow":"follow","max-snippet":"max-snippet:-1","max-image-preview":"max-image-preview:large","max-video-preview":"max-video-preview:-1"},"canonical":"https:\/\/sandzakpress.net\/arhiva\/na-pomolu-rat-izmedu-turske-i-izraela\/","og_locale":"bs_BA","og_type":"article","og_title":"Rat izme\u0111u Turske i Izraela?","og_description":"Turska ima namjeru da vojnim brodovima osigurava isporuke humanitarne pomo\u0107i za Gazu. Na taj na\u010din prijeti opasnost da eskalira konflikt Ankare i Jerusalima, upozorava ekspert za Bliski istok Udo Steinbach u intervjuu za Deutsche Welle Deutsche Welle: Gospodine Steinbach, Turska najavljuje da \u0107e humanitarne po\u0161iljke dobiti za\u0161titu ratnih brodova. Da li to zna\u010di da definitivno [&hellip;]","og_url":"https:\/\/sandzakpress.net\/arhiva\/na-pomolu-rat-izmedu-turske-i-izraela\/","og_site_name":"Sand\u017eak PRESS","article_published_time":"2011-09-27T10:43:48+00:00","article_modified_time":"2011-09-27T17:57:18+00:00","og_image":[{"width":170,"height":246,"url":"https:\/\/sandzakpress.net\/arhiva\/wp-content\/uploads\/2011\/09\/steinbach-1.jpg","type":"image\/jpeg"}],"twitter_card":"summary_large_image","twitter_misc":{"Written by":"","Est. reading time":"4 minute"},"schema":{"@context":"https:\/\/schema.org","@graph":[{"@type":"Article","@id":"https:\/\/sandzakpress.net\/arhiva\/na-pomolu-rat-izmedu-turske-i-izraela\/#article","isPartOf":{"@id":"https:\/\/sandzakpress.net\/arhiva\/na-pomolu-rat-izmedu-turske-i-izraela\/"},"author":{"name":"","@id":""},"headline":"Rat izme\u0111u Turske i Izraela?","datePublished":"2011-09-27T10:43:48+00:00","dateModified":"2011-09-27T17:57:18+00:00","mainEntityOfPage":{"@id":"https:\/\/sandzakpress.net\/arhiva\/na-pomolu-rat-izmedu-turske-i-izraela\/"},"wordCount":736,"commentCount":12,"publisher":{"@id":"https:\/\/sandzakpress.net\/arhiva\/#\/schema\/person\/6e72b67d6e51910a1117b3b483ba20bd"},"image":{"@id":"https:\/\/sandzakpress.net\/arhiva\/na-pomolu-rat-izmedu-turske-i-izraela\/#primaryimage"},"thumbnailUrl":"https:\/\/sandzakpress.net\/arhiva\/wp-content\/uploads\/2011\/09\/steinbach-1.jpg","articleSection":["Turska"],"inLanguage":"bs-BA","potentialAction":[{"@type":"CommentAction","name":"Comment","target":["https:\/\/sandzakpress.net\/arhiva\/na-pomolu-rat-izmedu-turske-i-izraela\/#respond"]}]},{"@type":"WebPage","@id":"https:\/\/sandzakpress.net\/arhiva\/na-pomolu-rat-izmedu-turske-i-izraela\/","url":"https:\/\/sandzakpress.net\/arhiva\/na-pomolu-rat-izmedu-turske-i-izraela\/","name":"Rat izme\u0111u Turske i Izraela?","isPartOf":{"@id":"https:\/\/sandzakpress.net\/arhiva\/#website"},"primaryImageOfPage":{"@id":"https:\/\/sandzakpress.net\/arhiva\/na-pomolu-rat-izmedu-turske-i-izraela\/#primaryimage"},"image":{"@id":"https:\/\/sandzakpress.net\/arhiva\/na-pomolu-rat-izmedu-turske-i-izraela\/#primaryimage"},"thumbnailUrl":"https:\/\/sandzakpress.net\/arhiva\/wp-content\/uploads\/2011\/09\/steinbach-1.jpg","datePublished":"2011-09-27T10:43:48+00:00","dateModified":"2011-09-27T17:57:18+00:00","breadcrumb":{"@id":"https:\/\/sandzakpress.net\/arhiva\/na-pomolu-rat-izmedu-turske-i-izraela\/#breadcrumb"},"inLanguage":"bs-BA","potentialAction":[{"@type":"ReadAction","target":["https:\/\/sandzakpress.net\/arhiva\/na-pomolu-rat-izmedu-turske-i-izraela\/"]}]},{"@type":"ImageObject","inLanguage":"bs-BA","@id":"https:\/\/sandzakpress.net\/arhiva\/na-pomolu-rat-izmedu-turske-i-izraela\/#primaryimage","url":"https:\/\/sandzakpress.net\/arhiva\/wp-content\/uploads\/2011\/09\/steinbach-1.jpg","contentUrl":"https:\/\/sandzakpress.net\/arhiva\/wp-content\/uploads\/2011\/09\/steinbach-1.jpg","width":170,"height":246,"caption":"Udo Steinbah, ekspert za Bliski istok"},{"@type":"BreadcrumbList","@id":"https:\/\/sandzakpress.net\/arhiva\/na-pomolu-rat-izmedu-turske-i-izraela\/#breadcrumb","itemListElement":[{"@type":"ListItem","position":1,"name":"Home","item":"https:\/\/sandzakpress.net\/arhiva\/"},{"@type":"ListItem","position":2,"name":"Rat izme\u0111u Turske i Izraela?"}]},{"@type":"WebSite","@id":"https:\/\/sandzakpress.net\/arhiva\/#website","url":"https:\/\/sandzakpress.net\/arhiva\/","name":"Sand\u017eak PRESS","description":"Prve elektronske novine u Sand\u017eaku","publisher":{"@id":"https:\/\/sandzakpress.net\/arhiva\/#\/schema\/person\/6e72b67d6e51910a1117b3b483ba20bd"},"potentialAction":[{"@type":"SearchAction","target":{"@type":"EntryPoint","urlTemplate":"https:\/\/sandzakpress.net\/arhiva\/?s={search_term_string}"},"query-input":{"@type":"PropertyValueSpecification","valueRequired":true,"valueName":"search_term_string"}}],"inLanguage":"bs-BA"},{"@type":["Person","Organization"],"@id":"https:\/\/sandzakpress.net\/arhiva\/#\/schema\/person\/6e72b67d6e51910a1117b3b483ba20bd","name":"Kul","image":{"@type":"ImageObject","inLanguage":"bs-BA","@id":"https:\/\/sandzakpress.net\/arhiva\/#\/schema\/person\/image\/","url":"https:\/\/secure.gravatar.com\/avatar\/42263f39aa27ac04c43cab85c280eb2e?s=96&d=mm&r=pg","contentUrl":"https:\/\/secure.gravatar.com\/avatar\/42263f39aa27ac04c43cab85c280eb2e?s=96&d=mm&r=pg","caption":"Kul"},"logo":{"@id":"https:\/\/sandzakpress.net\/arhiva\/#\/schema\/person\/image\/"}},{"@type":"Person","@id":"","url":"https:\/\/sandzakpress.net\/arhiva\/author\/"}]}},"_links":{"self":[{"href":"https:\/\/sandzakpress.net\/arhiva\/wp-json\/wp\/v2\/posts\/19955"}],"collection":[{"href":"https:\/\/sandzakpress.net\/arhiva\/wp-json\/wp\/v2\/posts"}],"about":[{"href":"https:\/\/sandzakpress.net\/arhiva\/wp-json\/wp\/v2\/types\/post"}],"author":[{"embeddable":true,"href":"https:\/\/sandzakpress.net\/arhiva\/wp-json\/wp\/v2\/users\/14"}],"replies":[{"embeddable":true,"href":"https:\/\/sandzakpress.net\/arhiva\/wp-json\/wp\/v2\/comments?post=19955"}],"version-history":[{"count":0,"href":"https:\/\/sandzakpress.net\/arhiva\/wp-json\/wp\/v2\/posts\/19955\/revisions"}],"wp:featuredmedia":[{"embeddable":true,"href":"https:\/\/sandzakpress.net\/arhiva\/wp-json\/wp\/v2\/media\/20789"}],"wp:attachment":[{"href":"https:\/\/sandzakpress.net\/arhiva\/wp-json\/wp\/v2\/media?parent=19955"}],"wp:term":[{"taxonomy":"category","embeddable":true,"href":"https:\/\/sandzakpress.net\/arhiva\/wp-json\/wp\/v2\/categories?post=19955"},{"taxonomy":"post_tag","embeddable":true,"href":"https:\/\/sandzakpress.net\/arhiva\/wp-json\/wp\/v2\/tags?post=19955"}],"curies":[{"name":"wp","href":"https:\/\/api.w.org\/{rel}","templated":true}]}}