{"id":199548,"date":"2017-12-04T12:29:55","date_gmt":"2017-12-04T11:29:55","guid":{"rendered":"https:\/\/sandzakpress.net\/arhiva\/?p=199548"},"modified":"2017-12-04T13:47:05","modified_gmt":"2017-12-04T12:47:05","slug":"dzemat-u-lajpcigu-obiljezio-rodenje-posljednjeg-allahovog-poslanika","status":"publish","type":"post","link":"https:\/\/sandzakpress.net\/arhiva\/dzemat-u-lajpcigu-obiljezio-rodenje-posljednjeg-allahovog-poslanika\/","title":{"rendered":"D\u017eemat u Lajpcigu obilje\u017eio ro\u0111enje posljednjeg Allahovog poslanika"},"content":{"rendered":"<p><img loading=\"lazy\" decoding=\"async\" class=\"wp-image-41411\" src=\"http:\/\/mesihat.org\/wp-content\/uploads\/2017\/12\/img_0972.jpg\" sizes=\"(max-width: 1280px) 100vw, 1280px\" srcset=\"http:\/\/mesihat.org\/wp-content\/uploads\/2017\/12\/img_0972.jpg 1280w, http:\/\/mesihat.org\/wp-content\/uploads\/2017\/12\/img_0972-533x300.jpg 533w, http:\/\/mesihat.org\/wp-content\/uploads\/2017\/12\/img_0972-768x432.jpg 768w, http:\/\/mesihat.org\/wp-content\/uploads\/2017\/12\/img_0972-1067x600.jpg 1067w\" width=\"1280\" height=\"720\" \/><\/p>\n<p><strong>U bo\u0161nja\u010dkom d\u017eematu u Lajpcigu, 02.12.2017. godine, odr\u017eana je sve\u010danost povodom 12. rebiu-l-evvela, dana kada je ro\u0111en posljednji Allahov poslanik, Muhammed s.a.w.s.<\/strong><\/p>\n<p>Brojni gosti iz okolnih njema\u010dkih gradova, iz susjednih d\u017eemata u dr\u017eavi i cijeloj dijaspori do\u0161li su da daju podr\u0161ku ovom skupu.<\/p>\n<p>Sand\u017eak televizija potrudila se da i ovu manifestaciju medijski isprati i tako prika\u017ee ljudima u Sand\u017eaku kako \u017eive i djeluju na\u0161i ljudi u dijaspori.<\/p>\n<p>Na samom po\u010detku uvodnu rije\u010d imao je imam d\u017eemata u Lajpcigu, D\u017eavid ef. Preljevi\u0107. On je tom prilikom po\u017eelio dobrodo\u0161licu svim gostima i istakao da je ljubav prema Allahu i Njegovom Poslaniku najbolji povod okupljanja i dru\u017eenja.<\/p>\n<p>Ajete iz \u010casnog Kur\u2019ana prou\u010dio je glavni imam IKC Sand\u017eak u Dortmundu, Haris ef. Kala\u010d.<\/p>\n<p>Predsjednik d\u017eemata u Lajpcigu Sead Kurbardovi\u0107 u ime doma\u0107ina obratio se prisutnima, isti\u010du\u0107i da je ponosan na svoj odbor i zahvalan svima \u0161to su dali podr\u0161ku i odvojili svoje dragocjeno vrijeme da budu svjedoci ve\u010dera\u0161nje divne no\u0107i.<\/p>\n<p>Ilahijama \u201cU Medinu po\u0161ao bih\u201d i \u201cJo\u0161 miri\u0161u tragovi\u201d izvo\u0111a\u010d duhovne muzike iz Novog Pazara Hamza \u0160krijelj predstavio se prisutnima. Tom prilikom promovisan je i album ilahija i kasida \u201cA\u0161kom mi srce gori\u201d u Lajpcigu.<\/p>\n<p>Gost ve\u010deri bio je predsjednik Me\u0161ihata IZ-e u Srbiji muftija dr. Mevlud ef. Dudi\u0107 koji je u obra\u0107anju prisutnima istakao da je Poslanik a.s. poslat isklju\u010divo kao milost svijetovima.<\/p>\n<p>Muftija Dudi\u0107 se osvrnuo i na odgoj ranijih generacija, te o tome koliko se tada imalo vi\u0161e svijesti o vjeri, iako na\u0161i stariji nisu imali mnogo \u0161kole.<\/p>\n<p>\u201cNa\u0161i stari su bili dobri ljudi. Nekada bolji, a nekada malo tanji vjernici, ali nikada nisu zapostavili vjeru u potpunosti. Svako dijete imalo je posebnu uspavanku, a ona se zvala \u2018La ilahe ilallah\u2019 i dok je dijete svoje rukom ljuljala, za njega je dovila. Najve\u0107a institucija je majka, ona je najve\u0107a \u017eivotna \u0161kola. Na\u0161i roditelji, djedovi i pradjedovi su najzaslu\u017eniji \u0161to smo danas ponosni muslimani. Oni su nam baklju islama ponosno predali u \u017eelji da nastavimo odatle gdje su oni stali. Zato ih ne zaboravimo u svojim dovama\u201d \u2013 poru\u010duje predsjednik Me\u0161ihata.<\/p>\n<p>Muftija Dudi\u0107 je jo\u0161 jednom podsjetio da je Allahov Poslanik s.a.w.s. najbolji u\u010ditelj \u017eivota.<\/p>\n<p>\u201cSve dotle dok se na\u0161i muslimani ne odreknu vjere, nemojte ih zapostaviti. Dok god vole Allaha i Njegovog Miljenika a.s. oni su muslimani. Nije iman u nogavicama, ispod ili povi\u0161e, jer musliman u dana\u0161nje vrijeme mora biti jako \u0161irokogrud. Onaj ko nema istinu, on je tijesan\u201d \u2013 isti\u010de muftija Dudi\u0107.<\/p>\n<p>Ovaj svijet je jedna velika autostrada i ima mnogo traka, istakao je on. \u201cBitno je da idemo naprijed, neko br\u017ee neko sporije, ali da idemo naprijed, ka Uzvi\u0161enom cilju. Nemojmo dozvoliti da hased ovlada na\u0161e srce\u201d \u2013 navodi predsjednik Me\u0161ihata.<\/p>\n<p>Muftija Dudi\u0107 je posebno istakao vrijednost dono\u0161enja salavata na Poslanika a.s. isti\u010du\u0107i da onaj ko donese salavat na Poslanika, Uzvi\u0161eni Allah donese deset salavata na njega.<\/p>\n<p>Na kraju sve\u010danosti je predsjednik Me\u0161ihata je prou\u010dio dovu. Nakon toga uslijedila je zajedni\u010dka ve\u010dera u d\u017eematu.<\/p>\n<p><img loading=\"lazy\" decoding=\"async\" class=\"wp-image-41396\" src=\"http:\/\/mesihat.org\/wp-content\/uploads\/2017\/12\/img_0968.jpg\" sizes=\"(max-width: 1280px) 100vw, 1280px\" srcset=\"http:\/\/mesihat.org\/wp-content\/uploads\/2017\/12\/img_0968.jpg 1280w, http:\/\/mesihat.org\/wp-content\/uploads\/2017\/12\/img_0968-400x300.jpg 400w, http:\/\/mesihat.org\/wp-content\/uploads\/2017\/12\/img_0968-768x576.jpg 768w, http:\/\/mesihat.org\/wp-content\/uploads\/2017\/12\/img_0968-800x600.jpg 800w, http:\/\/mesihat.org\/wp-content\/uploads\/2017\/12\/img_0968-80x60.jpg 80w\" width=\"1280\" height=\"960\" \/><img loading=\"lazy\" decoding=\"async\" class=\"wp-image-41394\" src=\"http:\/\/mesihat.org\/wp-content\/uploads\/2017\/12\/img_0966.jpg\" sizes=\"(max-width: 1280px) 100vw, 1280px\" srcset=\"http:\/\/mesihat.org\/wp-content\/uploads\/2017\/12\/img_0966.jpg 1280w, http:\/\/mesihat.org\/wp-content\/uploads\/2017\/12\/img_0966-400x300.jpg 400w, http:\/\/mesihat.org\/wp-content\/uploads\/2017\/12\/img_0966-768x576.jpg 768w, http:\/\/mesihat.org\/wp-content\/uploads\/2017\/12\/img_0966-800x600.jpg 800w, http:\/\/mesihat.org\/wp-content\/uploads\/2017\/12\/img_0966-80x60.jpg 80w\" width=\"1280\" height=\"960\" \/><img loading=\"lazy\" decoding=\"async\" class=\"wp-image-41395\" src=\"http:\/\/mesihat.org\/wp-content\/uploads\/2017\/12\/img_0965.jpg\" sizes=\"(max-width: 960px) 100vw, 960px\" srcset=\"http:\/\/mesihat.org\/wp-content\/uploads\/2017\/12\/img_0965.jpg 960w, http:\/\/mesihat.org\/wp-content\/uploads\/2017\/12\/img_0965-225x300.jpg 225w, http:\/\/mesihat.org\/wp-content\/uploads\/2017\/12\/img_0965-768x1024.jpg 768w, http:\/\/mesihat.org\/wp-content\/uploads\/2017\/12\/img_0965-450x600.jpg 450w\" width=\"960\" height=\"1280\" \/><img loading=\"lazy\" decoding=\"async\" class=\"wp-image-41397\" src=\"http:\/\/mesihat.org\/wp-content\/uploads\/2017\/12\/img_0964.jpg\" sizes=\"(max-width: 960px) 100vw, 960px\" srcset=\"http:\/\/mesihat.org\/wp-content\/uploads\/2017\/12\/img_0964.jpg 960w, http:\/\/mesihat.org\/wp-content\/uploads\/2017\/12\/img_0964-225x300.jpg 225w, http:\/\/mesihat.org\/wp-content\/uploads\/2017\/12\/img_0964-768x1024.jpg 768w, http:\/\/mesihat.org\/wp-content\/uploads\/2017\/12\/img_0964-450x600.jpg 450w\" width=\"960\" height=\"1280\" \/><img loading=\"lazy\" decoding=\"async\" class=\"wp-image-41401\" src=\"http:\/\/mesihat.org\/wp-content\/uploads\/2017\/12\/img_0963.jpg\" sizes=\"(max-width: 960px) 100vw, 960px\" srcset=\"http:\/\/mesihat.org\/wp-content\/uploads\/2017\/12\/img_0963.jpg 960w, http:\/\/mesihat.org\/wp-content\/uploads\/2017\/12\/img_0963-225x300.jpg 225w, http:\/\/mesihat.org\/wp-content\/uploads\/2017\/12\/img_0963-768x1024.jpg 768w, http:\/\/mesihat.org\/wp-content\/uploads\/2017\/12\/img_0963-450x600.jpg 450w\" width=\"960\" height=\"1280\" \/><img loading=\"lazy\" decoding=\"async\" class=\"wp-image-41398\" src=\"http:\/\/mesihat.org\/wp-content\/uploads\/2017\/12\/img_0962.jpg\" sizes=\"(max-width: 960px) 100vw, 960px\" srcset=\"http:\/\/mesihat.org\/wp-content\/uploads\/2017\/12\/img_0962.jpg 960w, http:\/\/mesihat.org\/wp-content\/uploads\/2017\/12\/img_0962-225x300.jpg 225w, http:\/\/mesihat.org\/wp-content\/uploads\/2017\/12\/img_0962-768x1024.jpg 768w, http:\/\/mesihat.org\/wp-content\/uploads\/2017\/12\/img_0962-450x600.jpg 450w\" width=\"960\" height=\"1280\" \/><img loading=\"lazy\" decoding=\"async\" class=\"wp-image-41399\" src=\"http:\/\/mesihat.org\/wp-content\/uploads\/2017\/12\/img_0961.jpg\" sizes=\"(max-width: 960px) 100vw, 960px\" srcset=\"http:\/\/mesihat.org\/wp-content\/uploads\/2017\/12\/img_0961.jpg 960w, http:\/\/mesihat.org\/wp-content\/uploads\/2017\/12\/img_0961-225x300.jpg 225w, http:\/\/mesihat.org\/wp-content\/uploads\/2017\/12\/img_0961-768x1024.jpg 768w, http:\/\/mesihat.org\/wp-content\/uploads\/2017\/12\/img_0961-450x600.jpg 450w\" width=\"960\" height=\"1280\" \/><img loading=\"lazy\" decoding=\"async\" class=\"wp-image-41400\" src=\"http:\/\/mesihat.org\/wp-content\/uploads\/2017\/12\/img_0960.jpg\" sizes=\"(max-width: 533px) 100vw, 533px\" srcset=\"http:\/\/mesihat.org\/wp-content\/uploads\/2017\/12\/img_0960.jpg 533w, http:\/\/mesihat.org\/wp-content\/uploads\/2017\/12\/img_0960-125x300.jpg 125w, http:\/\/mesihat.org\/wp-content\/uploads\/2017\/12\/img_0960-250x600.jpg 250w\" width=\"533\" height=\"1280\" \/><img loading=\"lazy\" decoding=\"async\" class=\"wp-image-41402\" src=\"http:\/\/mesihat.org\/wp-content\/uploads\/2017\/12\/img_0959.jpg\" sizes=\"(max-width: 1280px) 100vw, 1280px\" srcset=\"http:\/\/mesihat.org\/wp-content\/uploads\/2017\/12\/img_0959.jpg 1280w, http:\/\/mesihat.org\/wp-content\/uploads\/2017\/12\/img_0959-600x220.jpg 600w, http:\/\/mesihat.org\/wp-content\/uploads\/2017\/12\/img_0959-768x281.jpg 768w, http:\/\/mesihat.org\/wp-content\/uploads\/2017\/12\/img_0959-1200x440.jpg 1200w\" width=\"1280\" height=\"469\" \/><img loading=\"lazy\" decoding=\"async\" class=\"wp-image-41405\" src=\"http:\/\/mesihat.org\/wp-content\/uploads\/2017\/12\/img_0958.jpg\" sizes=\"(max-width: 1280px) 100vw, 1280px\" srcset=\"http:\/\/mesihat.org\/wp-content\/uploads\/2017\/12\/img_0958.jpg 1280w, http:\/\/mesihat.org\/wp-content\/uploads\/2017\/12\/img_0958-400x300.jpg 400w, http:\/\/mesihat.org\/wp-content\/uploads\/2017\/12\/img_0958-768x576.jpg 768w, http:\/\/mesihat.org\/wp-content\/uploads\/2017\/12\/img_0958-800x600.jpg 800w, http:\/\/mesihat.org\/wp-content\/uploads\/2017\/12\/img_0958-80x60.jpg 80w\" width=\"1280\" height=\"960\" \/><img loading=\"lazy\" decoding=\"async\" class=\"wp-image-41406\" src=\"http:\/\/mesihat.org\/wp-content\/uploads\/2017\/12\/img_0957.jpg\" sizes=\"(max-width: 1280px) 100vw, 1280px\" srcset=\"http:\/\/mesihat.org\/wp-content\/uploads\/2017\/12\/img_0957.jpg 1280w, http:\/\/mesihat.org\/wp-content\/uploads\/2017\/12\/img_0957-400x300.jpg 400w, http:\/\/mesihat.org\/wp-content\/uploads\/2017\/12\/img_0957-768x576.jpg 768w, http:\/\/mesihat.org\/wp-content\/uploads\/2017\/12\/img_0957-800x600.jpg 800w, http:\/\/mesihat.org\/wp-content\/uploads\/2017\/12\/img_0957-80x60.jpg 80w\" width=\"1280\" height=\"960\" \/><img loading=\"lazy\" decoding=\"async\" class=\"wp-image-41403\" src=\"http:\/\/mesihat.org\/wp-content\/uploads\/2017\/12\/img_0953.jpg\" sizes=\"(max-width: 1280px) 100vw, 1280px\" srcset=\"http:\/\/mesihat.org\/wp-content\/uploads\/2017\/12\/img_0953.jpg 1280w, http:\/\/mesihat.org\/wp-content\/uploads\/2017\/12\/img_0953-400x300.jpg 400w, http:\/\/mesihat.org\/wp-content\/uploads\/2017\/12\/img_0953-768x576.jpg 768w, http:\/\/mesihat.org\/wp-content\/uploads\/2017\/12\/img_0953-800x600.jpg 800w, http:\/\/mesihat.org\/wp-content\/uploads\/2017\/12\/img_0953-80x60.jpg 80w\" width=\"1280\" height=\"960\" \/><img loading=\"lazy\" decoding=\"async\" class=\"wp-image-41404\" src=\"http:\/\/mesihat.org\/wp-content\/uploads\/2017\/12\/img_0954.jpg\" sizes=\"(max-width: 1280px) 100vw, 1280px\" srcset=\"http:\/\/mesihat.org\/wp-content\/uploads\/2017\/12\/img_0954.jpg 1280w, http:\/\/mesihat.org\/wp-content\/uploads\/2017\/12\/img_0954-400x300.jpg 400w, http:\/\/mesihat.org\/wp-content\/uploads\/2017\/12\/img_0954-768x576.jpg 768w, http:\/\/mesihat.org\/wp-content\/uploads\/2017\/12\/img_0954-800x600.jpg 800w, http:\/\/mesihat.org\/wp-content\/uploads\/2017\/12\/img_0954-80x60.jpg 80w\" width=\"1280\" height=\"960\" \/><img loading=\"lazy\" decoding=\"async\" class=\"wp-image-41407\" src=\"http:\/\/mesihat.org\/wp-content\/uploads\/2017\/12\/img_0955.jpg\" sizes=\"(max-width: 960px) 100vw, 960px\" srcset=\"http:\/\/mesihat.org\/wp-content\/uploads\/2017\/12\/img_0955.jpg 960w, http:\/\/mesihat.org\/wp-content\/uploads\/2017\/12\/img_0955-225x300.jpg 225w, http:\/\/mesihat.org\/wp-content\/uploads\/2017\/12\/img_0955-768x1024.jpg 768w, http:\/\/mesihat.org\/wp-content\/uploads\/2017\/12\/img_0955-450x600.jpg 450w\" width=\"960\" height=\"1280\" \/><\/p>\n<p><img loading=\"lazy\" decoding=\"async\" class=\"wp-image-41410\" src=\"http:\/\/mesihat.org\/wp-content\/uploads\/2017\/12\/img_0970.jpg\" sizes=\"(max-width: 720px) 100vw, 720px\" srcset=\"http:\/\/mesihat.org\/wp-content\/uploads\/2017\/12\/img_0970.jpg 720w, http:\/\/mesihat.org\/wp-content\/uploads\/2017\/12\/img_0970-169x300.jpg 169w, http:\/\/mesihat.org\/wp-content\/uploads\/2017\/12\/img_0970-338x600.jpg 338w\" width=\"720\" height=\"1280\" \/><img loading=\"lazy\" decoding=\"async\" class=\"wp-image-41413\" src=\"http:\/\/mesihat.org\/wp-content\/uploads\/2017\/12\/img_0971.jpg\" sizes=\"(max-width: 1280px) 100vw, 1280px\" srcset=\"http:\/\/mesihat.org\/wp-content\/uploads\/2017\/12\/img_0971.jpg 1280w, http:\/\/mesihat.org\/wp-content\/uploads\/2017\/12\/img_0971-533x300.jpg 533w, http:\/\/mesihat.org\/wp-content\/uploads\/2017\/12\/img_0971-768x432.jpg 768w, http:\/\/mesihat.org\/wp-content\/uploads\/2017\/12\/img_0971-1067x600.jpg 1067w\" width=\"1280\" height=\"720\" \/><img loading=\"lazy\" decoding=\"async\" class=\"wp-image-41412\" src=\"http:\/\/mesihat.org\/wp-content\/uploads\/2017\/12\/img_0973.jpg\" sizes=\"(max-width: 1280px) 100vw, 1280px\" srcset=\"http:\/\/mesihat.org\/wp-content\/uploads\/2017\/12\/img_0973.jpg 1280w, http:\/\/mesihat.org\/wp-content\/uploads\/2017\/12\/img_0973-533x300.jpg 533w, http:\/\/mesihat.org\/wp-content\/uploads\/2017\/12\/img_0973-768x432.jpg 768w, http:\/\/mesihat.org\/wp-content\/uploads\/2017\/12\/img_0973-1067x600.jpg 1067w\" width=\"1280\" height=\"720\" \/><img loading=\"lazy\" decoding=\"async\" class=\"wp-image-41414\" src=\"http:\/\/mesihat.org\/wp-content\/uploads\/2017\/12\/img_0969.jpg\" sizes=\"(max-width: 1280px) 100vw, 1280px\" srcset=\"http:\/\/mesihat.org\/wp-content\/uploads\/2017\/12\/img_0969.jpg 1280w, http:\/\/mesihat.org\/wp-content\/uploads\/2017\/12\/img_0969-533x300.jpg 533w, http:\/\/mesihat.org\/wp-content\/uploads\/2017\/12\/img_0969-768x432.jpg 768w, http:\/\/mesihat.org\/wp-content\/uploads\/2017\/12\/img_0969-1067x600.jpg 1067w\" width=\"1280\" height=\"720\" \/><\/p>\n","protected":false},"excerpt":{"rendered":"<p>U bo\u0161nja\u010dkom d\u017eematu u Lajpcigu, 02.12.2017. godine, odr\u017eana je sve\u010danost povodom 12. rebiu-l-evvela, dana kada je ro\u0111en posljednji Allahov poslanik, Muhammed s.a.w.s. Brojni gosti iz okolnih njema\u010dkih gradova, iz susjednih d\u017eemata u dr\u017eavi i cijeloj dijaspori do\u0161li su da daju podr\u0161ku ovom skupu. Sand\u017eak televizija potrudila se da i ovu manifestaciju medijski isprati i tako [&hellip;]<\/p>\n","protected":false},"author":509,"featured_media":199552,"comment_status":"open","ping_status":"open","sticky":false,"template":"","format":"standard","meta":{"footnotes":""},"categories":[9538,802,8957],"tags":[],"class_list":{"0":"post-199548","1":"post","2":"type-post","3":"status-publish","4":"format-standard","5":"has-post-thumbnail","7":"category-njemacka-dijaspora-gradovi-vase-vijesti","8":"category-islamska_zajednica","9":"category-vijesti-dana"},"yoast_head":"<!-- This site is optimized with the Yoast SEO Premium plugin v23.1 (Yoast SEO v24.9) - https:\/\/yoast.com\/wordpress\/plugins\/seo\/ -->\n<title>D\u017eemat u Lajpcigu obilje\u017eio ro\u0111enje posljednjeg Allahovog poslanika<\/title>\n<meta name=\"robots\" content=\"index, follow, max-snippet:-1, max-image-preview:large, max-video-preview:-1\" \/>\n<link rel=\"canonical\" href=\"https:\/\/sandzakpress.net\/arhiva\/dzemat-u-lajpcigu-obiljezio-rodenje-posljednjeg-allahovog-poslanika\/\" \/>\n<meta property=\"og:locale\" content=\"bs_BA\" \/>\n<meta property=\"og:type\" content=\"article\" \/>\n<meta property=\"og:title\" content=\"D\u017eemat u Lajpcigu obilje\u017eio ro\u0111enje posljednjeg Allahovog poslanika\" \/>\n<meta property=\"og:description\" content=\"U bo\u0161nja\u010dkom d\u017eematu u Lajpcigu, 02.12.2017. godine, odr\u017eana je sve\u010danost povodom 12. rebiu-l-evvela, dana kada je ro\u0111en posljednji Allahov poslanik, Muhammed s.a.w.s. Brojni gosti iz okolnih njema\u010dkih gradova, iz susjednih d\u017eemata u dr\u017eavi i cijeloj dijaspori do\u0161li su da daju podr\u0161ku ovom skupu. Sand\u017eak televizija potrudila se da i ovu manifestaciju medijski isprati i tako [&hellip;]\" \/>\n<meta property=\"og:url\" content=\"https:\/\/sandzakpress.net\/arhiva\/dzemat-u-lajpcigu-obiljezio-rodenje-posljednjeg-allahovog-poslanika\/\" \/>\n<meta property=\"og:site_name\" content=\"Sand\u017eak PRESS\" \/>\n<meta property=\"article:published_time\" content=\"2017-12-04T11:29:55+00:00\" \/>\n<meta property=\"article:modified_time\" content=\"2017-12-04T12:47:05+00:00\" \/>\n<meta property=\"og:image\" content=\"https:\/\/sandzakpress.net\/arhiva\/wp-content\/uploads\/2017\/12\/img_0972.jpg\" \/>\n\t<meta property=\"og:image:width\" content=\"1280\" \/>\n\t<meta property=\"og:image:height\" content=\"720\" \/>\n\t<meta property=\"og:image:type\" content=\"image\/jpeg\" \/>\n<meta name=\"author\" content=\"Agencija\" \/>\n<meta name=\"twitter:card\" content=\"summary_large_image\" \/>\n<meta name=\"twitter:label1\" content=\"Written by\" \/>\n\t<meta name=\"twitter:data1\" content=\"Agencija\" \/>\n\t<meta name=\"twitter:label2\" content=\"Est. reading time\" \/>\n\t<meta name=\"twitter:data2\" content=\"3 minute\" \/>\n<script type=\"application\/ld+json\" class=\"yoast-schema-graph\">{\"@context\":\"https:\/\/schema.org\",\"@graph\":[{\"@type\":\"Article\",\"@id\":\"https:\/\/sandzakpress.net\/arhiva\/dzemat-u-lajpcigu-obiljezio-rodenje-posljednjeg-allahovog-poslanika\/#article\",\"isPartOf\":{\"@id\":\"https:\/\/sandzakpress.net\/arhiva\/dzemat-u-lajpcigu-obiljezio-rodenje-posljednjeg-allahovog-poslanika\/\"},\"author\":{\"name\":\"Agencija\",\"@id\":\"https:\/\/sandzakpress.net\/arhiva\/#\/schema\/person\/cb59d7e3ab91ab90dd680ad0305a6185\"},\"headline\":\"D\u017eemat u Lajpcigu obilje\u017eio ro\u0111enje posljednjeg Allahovog poslanika\",\"datePublished\":\"2017-12-04T11:29:55+00:00\",\"dateModified\":\"2017-12-04T12:47:05+00:00\",\"mainEntityOfPage\":{\"@id\":\"https:\/\/sandzakpress.net\/arhiva\/dzemat-u-lajpcigu-obiljezio-rodenje-posljednjeg-allahovog-poslanika\/\"},\"wordCount\":569,\"commentCount\":1,\"publisher\":{\"@id\":\"https:\/\/sandzakpress.net\/arhiva\/#\/schema\/person\/6e72b67d6e51910a1117b3b483ba20bd\"},\"image\":{\"@id\":\"https:\/\/sandzakpress.net\/arhiva\/dzemat-u-lajpcigu-obiljezio-rodenje-posljednjeg-allahovog-poslanika\/#primaryimage\"},\"thumbnailUrl\":\"https:\/\/sandzakpress.net\/arhiva\/wp-content\/uploads\/2017\/12\/img_0972.jpg\",\"articleSection\":[\"Njema\u010dka\",\"Islamska zajednica\",\"VIJESTI DANA\"],\"inLanguage\":\"bs-BA\",\"potentialAction\":[{\"@type\":\"CommentAction\",\"name\":\"Comment\",\"target\":[\"https:\/\/sandzakpress.net\/arhiva\/dzemat-u-lajpcigu-obiljezio-rodenje-posljednjeg-allahovog-poslanika\/#respond\"]}]},{\"@type\":\"WebPage\",\"@id\":\"https:\/\/sandzakpress.net\/arhiva\/dzemat-u-lajpcigu-obiljezio-rodenje-posljednjeg-allahovog-poslanika\/\",\"url\":\"https:\/\/sandzakpress.net\/arhiva\/dzemat-u-lajpcigu-obiljezio-rodenje-posljednjeg-allahovog-poslanika\/\",\"name\":\"D\u017eemat u Lajpcigu obilje\u017eio ro\u0111enje posljednjeg Allahovog poslanika\",\"isPartOf\":{\"@id\":\"https:\/\/sandzakpress.net\/arhiva\/#website\"},\"primaryImageOfPage\":{\"@id\":\"https:\/\/sandzakpress.net\/arhiva\/dzemat-u-lajpcigu-obiljezio-rodenje-posljednjeg-allahovog-poslanika\/#primaryimage\"},\"image\":{\"@id\":\"https:\/\/sandzakpress.net\/arhiva\/dzemat-u-lajpcigu-obiljezio-rodenje-posljednjeg-allahovog-poslanika\/#primaryimage\"},\"thumbnailUrl\":\"https:\/\/sandzakpress.net\/arhiva\/wp-content\/uploads\/2017\/12\/img_0972.jpg\",\"datePublished\":\"2017-12-04T11:29:55+00:00\",\"dateModified\":\"2017-12-04T12:47:05+00:00\",\"breadcrumb\":{\"@id\":\"https:\/\/sandzakpress.net\/arhiva\/dzemat-u-lajpcigu-obiljezio-rodenje-posljednjeg-allahovog-poslanika\/#breadcrumb\"},\"inLanguage\":\"bs-BA\",\"potentialAction\":[{\"@type\":\"ReadAction\",\"target\":[\"https:\/\/sandzakpress.net\/arhiva\/dzemat-u-lajpcigu-obiljezio-rodenje-posljednjeg-allahovog-poslanika\/\"]}]},{\"@type\":\"ImageObject\",\"inLanguage\":\"bs-BA\",\"@id\":\"https:\/\/sandzakpress.net\/arhiva\/dzemat-u-lajpcigu-obiljezio-rodenje-posljednjeg-allahovog-poslanika\/#primaryimage\",\"url\":\"https:\/\/sandzakpress.net\/arhiva\/wp-content\/uploads\/2017\/12\/img_0972.jpg\",\"contentUrl\":\"https:\/\/sandzakpress.net\/arhiva\/wp-content\/uploads\/2017\/12\/img_0972.jpg\",\"width\":1280,\"height\":720},{\"@type\":\"BreadcrumbList\",\"@id\":\"https:\/\/sandzakpress.net\/arhiva\/dzemat-u-lajpcigu-obiljezio-rodenje-posljednjeg-allahovog-poslanika\/#breadcrumb\",\"itemListElement\":[{\"@type\":\"ListItem\",\"position\":1,\"name\":\"Home\",\"item\":\"https:\/\/sandzakpress.net\/arhiva\/\"},{\"@type\":\"ListItem\",\"position\":2,\"name\":\"D\u017eemat u Lajpcigu obilje\u017eio ro\u0111enje posljednjeg Allahovog poslanika\"}]},{\"@type\":\"WebSite\",\"@id\":\"https:\/\/sandzakpress.net\/arhiva\/#website\",\"url\":\"https:\/\/sandzakpress.net\/arhiva\/\",\"name\":\"Sand\u017eak PRESS\",\"description\":\"Prve elektronske novine u Sand\u017eaku\",\"publisher\":{\"@id\":\"https:\/\/sandzakpress.net\/arhiva\/#\/schema\/person\/6e72b67d6e51910a1117b3b483ba20bd\"},\"potentialAction\":[{\"@type\":\"SearchAction\",\"target\":{\"@type\":\"EntryPoint\",\"urlTemplate\":\"https:\/\/sandzakpress.net\/arhiva\/?s={search_term_string}\"},\"query-input\":{\"@type\":\"PropertyValueSpecification\",\"valueRequired\":true,\"valueName\":\"search_term_string\"}}],\"inLanguage\":\"bs-BA\"},{\"@type\":[\"Person\",\"Organization\"],\"@id\":\"https:\/\/sandzakpress.net\/arhiva\/#\/schema\/person\/6e72b67d6e51910a1117b3b483ba20bd\",\"name\":\"Kul\",\"image\":{\"@type\":\"ImageObject\",\"inLanguage\":\"bs-BA\",\"@id\":\"https:\/\/sandzakpress.net\/arhiva\/#\/schema\/person\/image\/\",\"url\":\"https:\/\/secure.gravatar.com\/avatar\/42263f39aa27ac04c43cab85c280eb2e?s=96&d=mm&r=pg\",\"contentUrl\":\"https:\/\/secure.gravatar.com\/avatar\/42263f39aa27ac04c43cab85c280eb2e?s=96&d=mm&r=pg\",\"caption\":\"Kul\"},\"logo\":{\"@id\":\"https:\/\/sandzakpress.net\/arhiva\/#\/schema\/person\/image\/\"}},{\"@type\":\"Person\",\"@id\":\"https:\/\/sandzakpress.net\/arhiva\/#\/schema\/person\/cb59d7e3ab91ab90dd680ad0305a6185\",\"name\":\"Agencija\",\"image\":{\"@type\":\"ImageObject\",\"inLanguage\":\"bs-BA\",\"@id\":\"https:\/\/sandzakpress.net\/arhiva\/#\/schema\/person\/image\/\",\"url\":\"https:\/\/secure.gravatar.com\/avatar\/4b7fafa80a22f0c2afe23966b3961fe0?s=96&d=mm&r=pg\",\"contentUrl\":\"https:\/\/secure.gravatar.com\/avatar\/4b7fafa80a22f0c2afe23966b3961fe0?s=96&d=mm&r=pg\",\"caption\":\"Agencija\"},\"url\":\"https:\/\/sandzakpress.net\/arhiva\/author\/agencija\/\"}]}<\/script>\n<!-- \/ Yoast SEO Premium plugin. -->","yoast_head_json":{"title":"D\u017eemat u Lajpcigu obilje\u017eio ro\u0111enje posljednjeg Allahovog poslanika","robots":{"index":"index","follow":"follow","max-snippet":"max-snippet:-1","max-image-preview":"max-image-preview:large","max-video-preview":"max-video-preview:-1"},"canonical":"https:\/\/sandzakpress.net\/arhiva\/dzemat-u-lajpcigu-obiljezio-rodenje-posljednjeg-allahovog-poslanika\/","og_locale":"bs_BA","og_type":"article","og_title":"D\u017eemat u Lajpcigu obilje\u017eio ro\u0111enje posljednjeg Allahovog poslanika","og_description":"U bo\u0161nja\u010dkom d\u017eematu u Lajpcigu, 02.12.2017. godine, odr\u017eana je sve\u010danost povodom 12. rebiu-l-evvela, dana kada je ro\u0111en posljednji Allahov poslanik, Muhammed s.a.w.s. Brojni gosti iz okolnih njema\u010dkih gradova, iz susjednih d\u017eemata u dr\u017eavi i cijeloj dijaspori do\u0161li su da daju podr\u0161ku ovom skupu. Sand\u017eak televizija potrudila se da i ovu manifestaciju medijski isprati i tako [&hellip;]","og_url":"https:\/\/sandzakpress.net\/arhiva\/dzemat-u-lajpcigu-obiljezio-rodenje-posljednjeg-allahovog-poslanika\/","og_site_name":"Sand\u017eak PRESS","article_published_time":"2017-12-04T11:29:55+00:00","article_modified_time":"2017-12-04T12:47:05+00:00","og_image":[{"width":1280,"height":720,"url":"https:\/\/sandzakpress.net\/arhiva\/wp-content\/uploads\/2017\/12\/img_0972.jpg","type":"image\/jpeg"}],"author":"Agencija","twitter_card":"summary_large_image","twitter_misc":{"Written by":"Agencija","Est. reading time":"3 minute"},"schema":{"@context":"https:\/\/schema.org","@graph":[{"@type":"Article","@id":"https:\/\/sandzakpress.net\/arhiva\/dzemat-u-lajpcigu-obiljezio-rodenje-posljednjeg-allahovog-poslanika\/#article","isPartOf":{"@id":"https:\/\/sandzakpress.net\/arhiva\/dzemat-u-lajpcigu-obiljezio-rodenje-posljednjeg-allahovog-poslanika\/"},"author":{"name":"Agencija","@id":"https:\/\/sandzakpress.net\/arhiva\/#\/schema\/person\/cb59d7e3ab91ab90dd680ad0305a6185"},"headline":"D\u017eemat u Lajpcigu obilje\u017eio ro\u0111enje posljednjeg Allahovog poslanika","datePublished":"2017-12-04T11:29:55+00:00","dateModified":"2017-12-04T12:47:05+00:00","mainEntityOfPage":{"@id":"https:\/\/sandzakpress.net\/arhiva\/dzemat-u-lajpcigu-obiljezio-rodenje-posljednjeg-allahovog-poslanika\/"},"wordCount":569,"commentCount":1,"publisher":{"@id":"https:\/\/sandzakpress.net\/arhiva\/#\/schema\/person\/6e72b67d6e51910a1117b3b483ba20bd"},"image":{"@id":"https:\/\/sandzakpress.net\/arhiva\/dzemat-u-lajpcigu-obiljezio-rodenje-posljednjeg-allahovog-poslanika\/#primaryimage"},"thumbnailUrl":"https:\/\/sandzakpress.net\/arhiva\/wp-content\/uploads\/2017\/12\/img_0972.jpg","articleSection":["Njema\u010dka","Islamska zajednica","VIJESTI DANA"],"inLanguage":"bs-BA","potentialAction":[{"@type":"CommentAction","name":"Comment","target":["https:\/\/sandzakpress.net\/arhiva\/dzemat-u-lajpcigu-obiljezio-rodenje-posljednjeg-allahovog-poslanika\/#respond"]}]},{"@type":"WebPage","@id":"https:\/\/sandzakpress.net\/arhiva\/dzemat-u-lajpcigu-obiljezio-rodenje-posljednjeg-allahovog-poslanika\/","url":"https:\/\/sandzakpress.net\/arhiva\/dzemat-u-lajpcigu-obiljezio-rodenje-posljednjeg-allahovog-poslanika\/","name":"D\u017eemat u Lajpcigu obilje\u017eio ro\u0111enje posljednjeg Allahovog poslanika","isPartOf":{"@id":"https:\/\/sandzakpress.net\/arhiva\/#website"},"primaryImageOfPage":{"@id":"https:\/\/sandzakpress.net\/arhiva\/dzemat-u-lajpcigu-obiljezio-rodenje-posljednjeg-allahovog-poslanika\/#primaryimage"},"image":{"@id":"https:\/\/sandzakpress.net\/arhiva\/dzemat-u-lajpcigu-obiljezio-rodenje-posljednjeg-allahovog-poslanika\/#primaryimage"},"thumbnailUrl":"https:\/\/sandzakpress.net\/arhiva\/wp-content\/uploads\/2017\/12\/img_0972.jpg","datePublished":"2017-12-04T11:29:55+00:00","dateModified":"2017-12-04T12:47:05+00:00","breadcrumb":{"@id":"https:\/\/sandzakpress.net\/arhiva\/dzemat-u-lajpcigu-obiljezio-rodenje-posljednjeg-allahovog-poslanika\/#breadcrumb"},"inLanguage":"bs-BA","potentialAction":[{"@type":"ReadAction","target":["https:\/\/sandzakpress.net\/arhiva\/dzemat-u-lajpcigu-obiljezio-rodenje-posljednjeg-allahovog-poslanika\/"]}]},{"@type":"ImageObject","inLanguage":"bs-BA","@id":"https:\/\/sandzakpress.net\/arhiva\/dzemat-u-lajpcigu-obiljezio-rodenje-posljednjeg-allahovog-poslanika\/#primaryimage","url":"https:\/\/sandzakpress.net\/arhiva\/wp-content\/uploads\/2017\/12\/img_0972.jpg","contentUrl":"https:\/\/sandzakpress.net\/arhiva\/wp-content\/uploads\/2017\/12\/img_0972.jpg","width":1280,"height":720},{"@type":"BreadcrumbList","@id":"https:\/\/sandzakpress.net\/arhiva\/dzemat-u-lajpcigu-obiljezio-rodenje-posljednjeg-allahovog-poslanika\/#breadcrumb","itemListElement":[{"@type":"ListItem","position":1,"name":"Home","item":"https:\/\/sandzakpress.net\/arhiva\/"},{"@type":"ListItem","position":2,"name":"D\u017eemat u Lajpcigu obilje\u017eio ro\u0111enje posljednjeg Allahovog poslanika"}]},{"@type":"WebSite","@id":"https:\/\/sandzakpress.net\/arhiva\/#website","url":"https:\/\/sandzakpress.net\/arhiva\/","name":"Sand\u017eak PRESS","description":"Prve elektronske novine u Sand\u017eaku","publisher":{"@id":"https:\/\/sandzakpress.net\/arhiva\/#\/schema\/person\/6e72b67d6e51910a1117b3b483ba20bd"},"potentialAction":[{"@type":"SearchAction","target":{"@type":"EntryPoint","urlTemplate":"https:\/\/sandzakpress.net\/arhiva\/?s={search_term_string}"},"query-input":{"@type":"PropertyValueSpecification","valueRequired":true,"valueName":"search_term_string"}}],"inLanguage":"bs-BA"},{"@type":["Person","Organization"],"@id":"https:\/\/sandzakpress.net\/arhiva\/#\/schema\/person\/6e72b67d6e51910a1117b3b483ba20bd","name":"Kul","image":{"@type":"ImageObject","inLanguage":"bs-BA","@id":"https:\/\/sandzakpress.net\/arhiva\/#\/schema\/person\/image\/","url":"https:\/\/secure.gravatar.com\/avatar\/42263f39aa27ac04c43cab85c280eb2e?s=96&d=mm&r=pg","contentUrl":"https:\/\/secure.gravatar.com\/avatar\/42263f39aa27ac04c43cab85c280eb2e?s=96&d=mm&r=pg","caption":"Kul"},"logo":{"@id":"https:\/\/sandzakpress.net\/arhiva\/#\/schema\/person\/image\/"}},{"@type":"Person","@id":"https:\/\/sandzakpress.net\/arhiva\/#\/schema\/person\/cb59d7e3ab91ab90dd680ad0305a6185","name":"Agencija","image":{"@type":"ImageObject","inLanguage":"bs-BA","@id":"https:\/\/sandzakpress.net\/arhiva\/#\/schema\/person\/image\/","url":"https:\/\/secure.gravatar.com\/avatar\/4b7fafa80a22f0c2afe23966b3961fe0?s=96&d=mm&r=pg","contentUrl":"https:\/\/secure.gravatar.com\/avatar\/4b7fafa80a22f0c2afe23966b3961fe0?s=96&d=mm&r=pg","caption":"Agencija"},"url":"https:\/\/sandzakpress.net\/arhiva\/author\/agencija\/"}]}},"_links":{"self":[{"href":"https:\/\/sandzakpress.net\/arhiva\/wp-json\/wp\/v2\/posts\/199548"}],"collection":[{"href":"https:\/\/sandzakpress.net\/arhiva\/wp-json\/wp\/v2\/posts"}],"about":[{"href":"https:\/\/sandzakpress.net\/arhiva\/wp-json\/wp\/v2\/types\/post"}],"author":[{"embeddable":true,"href":"https:\/\/sandzakpress.net\/arhiva\/wp-json\/wp\/v2\/users\/509"}],"replies":[{"embeddable":true,"href":"https:\/\/sandzakpress.net\/arhiva\/wp-json\/wp\/v2\/comments?post=199548"}],"version-history":[{"count":0,"href":"https:\/\/sandzakpress.net\/arhiva\/wp-json\/wp\/v2\/posts\/199548\/revisions"}],"wp:featuredmedia":[{"embeddable":true,"href":"https:\/\/sandzakpress.net\/arhiva\/wp-json\/wp\/v2\/media\/199552"}],"wp:attachment":[{"href":"https:\/\/sandzakpress.net\/arhiva\/wp-json\/wp\/v2\/media?parent=199548"}],"wp:term":[{"taxonomy":"category","embeddable":true,"href":"https:\/\/sandzakpress.net\/arhiva\/wp-json\/wp\/v2\/categories?post=199548"},{"taxonomy":"post_tag","embeddable":true,"href":"https:\/\/sandzakpress.net\/arhiva\/wp-json\/wp\/v2\/tags?post=199548"}],"curies":[{"name":"wp","href":"https:\/\/api.w.org\/{rel}","templated":true}]}}