{"id":19951,"date":"2011-09-13T04:05:02","date_gmt":"2011-09-13T02:05:02","guid":{"rendered":"https:\/\/sandzakpress.net\/arhiva\/?p=19951"},"modified":"2011-09-13T04:05:02","modified_gmt":"2011-09-13T02:05:02","slug":"zasto-narodno-vijece-sandzaka","status":"publish","type":"post","link":"https:\/\/sandzakpress.net\/arhiva\/zasto-narodno-vijece-sandzaka\/","title":{"rendered":"Za\u0161to Narodno vije\u0107e Sand\u017eaka?"},"content":{"rendered":"<p><a href=\"https:\/\/sandzakpress.net\/arhiva\/wp-content\/uploads\/2011\/09\/vijest-3553.jpg\"><img loading=\"lazy\" decoding=\"async\" class=\"aligncenter size-full wp-image-19952\" title=\"vijest-3553\" src=\"https:\/\/sandzakpress.net\/arhiva\/wp-content\/uploads\/2011\/09\/vijest-3553.jpg\" alt=\"\" width=\"616\" height=\"350\" srcset=\"https:\/\/sandzakpress.net\/arhiva\/wp-content\/uploads\/2011\/09\/vijest-3553.jpg 616w, https:\/\/sandzakpress.net\/arhiva\/wp-content\/uploads\/2011\/09\/vijest-3553-350x200.jpg 350w\" sizes=\"(max-width: 616px) 100vw, 616px\" \/><\/a><\/p>\n<p><strong>Sand\u017eak PRESS &#8211; Narodno vije\u0107e Sand\u017eaka je postojalo u vrijeme i poslije Drugog svjetskog rata na \u010delu sa Rifatom Bured\u017eevi\u0107em Tr\u0161om. Ono je predstavljalo u to vrijeme vrhovnu politi\u010dko-vojnu vlast u Sand\u017eaku. Nasilno je ukinuta poslije ubistva Rifata Burd\u017eevi\u0107a Tr\u0161e.\u00a0 Za\u0161to se to Vije\u0107e danas obnavlja? Odgovor se nalazi u Deklaraciji o diskriminaciji koju je donio Svebo\u0161nja\u010dki sabor Sand\u017eaka.<\/strong><\/p>\n<h1 style=\"text-align: center;\"><strong>D\u00a0 E\u00a0K\u00a0 L\u00a0 A\u00a0R\u00a0 A\u00a0 C\u00a0I\u00a0 J\u00a0 A<\/strong><\/h1>\n<p style=\"text-align: center;\"><strong> <\/strong><\/p>\n<h1 style=\"text-align: center;\"><strong>O DISKRIMINACIJI U SAND\u017dAKU<\/strong><\/h1>\n<p style=\"text-align: center;\"><strong> <\/strong><\/p>\n<p style=\"text-align: center;\"><strong> <\/strong><\/p>\n<p style=\"text-align: center;\"><strong> <\/strong><\/p>\n<p style=\"text-align: center;\"><strong>I<\/strong><\/p>\n<p style=\"text-align: center;\"><strong> <\/strong><\/p>\n<p style=\"text-align: center;\"><strong>Diskriminacija u Sand\u017eaku prisutna je u svim sferama \u017eivota u formi dr\u017eavnog terora.<\/strong><\/p>\n<p style=\"text-align: center;\"><strong> <\/strong><\/p>\n<p style=\"text-align: center;\"><strong> II <\/strong><\/p>\n<p style=\"text-align: center;\"><strong>Re\u017eimska agresija na Islamsku zajednicu organizirana je sa ciljem uru\u0161avanja osnovnog sto\u017eera opstanka Bo\u0161njaka u Sand\u017eaku.<\/strong><\/p>\n<p style=\"text-align: center;\"><strong> <\/strong><\/p>\n<p style=\"text-align: center;\"><strong> III <\/strong><\/p>\n<p style=\"text-align: center;\"><strong>Napad na islamsku vjeronauku od strane Ministarstva vjera i dijaspore i Ministarstva nauke i prosvjete sprovodi se sa ciljem pravoslavizacije muslimanske djece.<\/strong><\/p>\n<p style=\"text-align: center;\"><strong> <\/strong><\/p>\n<p style=\"text-align: center;\"><strong>Od Me\u0161ihata Islamske zajednice tra\u017eimo da pristupi dono\u0161enju fetve o vjerskoj validnosti vjeronauke u postoje\u0107im okolnostima. Djelovanje nadle\u017enih ministarstava, \u0161kolskih uprava i direktora \u0161kola protiv islamske vjeronauke neprijateljski je \u010din prema pripadnicima bo\u0161nja\u010dkog naroda.<\/strong><\/p>\n<p style=\"text-align: center;\"><strong> <\/strong><\/p>\n<p style=\"text-align: center;\"><strong> IV <\/strong><\/p>\n<p style=\"text-align: center;\"><strong>Vakufska imovina, posebno zemlji\u0161te, svetinja su i osnov o\u010duvanja duhovnog i kulturnog identiteta Bo\u0161njaka Sand\u017eaka.<\/strong><\/p>\n<p style=\"text-align: center;\"><strong> <\/strong><\/p>\n<p style=\"text-align: center;\"><strong> V <\/strong><\/p>\n<p style=\"text-align: center;\"><strong>Osporavanje legaliteta Bo\u0161nja\u010dkog nacionalnog vije\u0107a od strane re\u017eima sastavni je dio re\u017eimskog programa sa ciljem slabljenja i eliminacije bo\u0161nja\u010dkog utjecaja i postojanja u Sand\u017eaku. Zato dajemo punu podr\u0161ku rukovodstvu BNV na putu o\u010duvanja i afirmacije bo\u0161nja\u010dkih nacionalnih vrijednosti.<\/strong><\/p>\n<p style=\"text-align: center;\"><strong> <\/strong><\/p>\n<p style=\"text-align: center;\"><strong> VI <\/strong><\/p>\n<p style=\"text-align: center;\"><strong>Opstrukcija akreditacije Internacionalnog univerziteta ima za cilj vra\u0107anje bo\u0161nja\u010dke djece i omladine u mrak neznanja sa ciljem daljeg porobljavanja pojedina\u010dne i kolektivne svijesti. Internacionalni univerzitet predstavlja glavni stub slobode i razvoja na podru\u010dju Sand\u017eaka.<\/strong><\/p>\n<p style=\"text-align: center;\"><strong> <\/strong><\/p>\n<p style=\"text-align: center;\"><strong> VII <\/strong><\/p>\n<p style=\"text-align: center;\"><strong>Diskriminacija nad Bo\u0161njacima kroz politiku zapo\u0161ljavanja u dr\u017eavnim organima i javnim ustanovama na stepenu je brutalnosti i bezobzirnosti bez presedana, \u0161to predstavlja poruku nepo\u017eeljnosti bo\u0161nja\u010dkog naroda u Srbiji.<\/strong><\/p>\n<p style=\"text-align: center;\"><strong> <\/strong><\/p>\n<p style=\"text-align: center;\"><strong> VIII <\/strong><\/p>\n<p style=\"text-align: center;\"><strong>Privredna diskriminacija u Sand\u017eaku obuhvata sve gra\u0111ane bez obzira na vjersku i etni\u010dku pripadnost. Do promjene ovog stanja solidarnost i humanost me\u0111u gra\u0111anima neminovni je na\u010din pre\u017eivljavanja.<\/strong><\/p>\n<p style=\"text-align: center;\"><strong> <\/strong><\/p>\n<p style=\"text-align: center;\"><strong> IX <\/strong><\/p>\n<p style=\"text-align: center;\"><strong>Brutalne kampanje prore\u017eimskih politi\u010dkih organizacija i medija u Sand\u017eaku imaju za cilj izazivanje straha kod gra\u0111ana kako bi se malobrojna grupa podanika re\u017eima uve\u0107ala.<\/strong><\/p>\n<p style=\"text-align: center;\"><strong> <\/strong><\/p>\n<p style=\"text-align: center;\"><strong> X <\/strong><\/p>\n<p style=\"text-align: center;\"><strong>Od nedle\u017enih me\u0111unarodnih institucija tra\u017eimo da hitno poduzmu mjere za\u0161tite gra\u0111ana Sand\u017eaka od diskriminacije.<\/strong><\/p>\n<p style=\"text-align: center;\"><strong> <\/strong><\/p>\n<p style=\"text-align: center;\"><strong> XI <\/strong><\/p>\n<p style=\"text-align: center;\"><strong>Ukoliko re\u017eim hitno ne promijeni pona\u0161anje, nu\u017eno je pripremiti gra\u0111ane na op\u0107u gra\u0111ansku neposlu\u0161nost i masovne proteste.<\/strong><\/p>\n<p style=\"text-align: center;\"><strong> <\/strong><\/p>\n<p style=\"text-align: center;\"><strong> XII <\/strong><\/p>\n<p style=\"text-align: center;\"><strong>Od Bo\u0161nja\u010dke akademije nauka i umjetnosti tra\u017eimo da pristupi izradi programa nacionalnog opstanka bo\u0161nja\u010dkog naroda.<\/strong><\/p>\n<p>Autor:<strong> Rifat Halilagi\u0107<\/strong><\/p>\n","protected":false},"excerpt":{"rendered":"<p>Sand\u017eak PRESS &#8211; Narodno vije\u0107e Sand\u017eaka je postojalo u vrijeme i poslije Drugog svjetskog rata na \u010delu sa Rifatom Bured\u017eevi\u0107em Tr\u0161om. Ono je predstavljalo u to vrijeme vrhovnu politi\u010dko-vojnu vlast u Sand\u017eaku. Nasilno je ukinuta poslije ubistva Rifata Burd\u017eevi\u0107a Tr\u0161e.\u00a0 Za\u0161to se to Vije\u0107e danas obnavlja? Odgovor se nalazi u Deklaraciji o diskriminaciji koju je [&hellip;]<\/p>\n","protected":false},"author":83,"featured_media":19952,"comment_status":"open","ping_status":"open","sticky":false,"template":"","format":"standard","meta":{"footnotes":""},"categories":[2860,72,3012,398,52,397,2690,327,392,396,393,395,2691,394,399,2692,2693],"tags":[],"class_list":{"0":"post-19951","1":"post","2":"type-post","3":"status-publish","4":"format-standard","5":"has-post-thumbnail","7":"category-bosna-i-hercegovina-gradovi","8":"category-novi-pazar","9":"category-amerika-gradovi","10":"category-rozaje","11":"category-sjenica","12":"category-berane","13":"category-kosovo-gradovi","14":"category-tutin","15":"category-prijepolje_","16":"category-bijelo_polje","17":"category-priboj","18":"category-pljevlja_","19":"category-makedonija","20":"category-nova-varos","21":"category-plav_","22":"category-turska-gradovi","23":"category-dijaspora-gradovi"},"yoast_head":"<!-- This site is optimized with the Yoast SEO Premium plugin v23.1 (Yoast SEO v24.9) - https:\/\/yoast.com\/wordpress\/plugins\/seo\/ -->\n<title>Za\u0161to Narodno vije\u0107e Sand\u017eaka?<\/title>\n<meta name=\"robots\" content=\"index, follow, max-snippet:-1, max-image-preview:large, max-video-preview:-1\" \/>\n<link rel=\"canonical\" href=\"https:\/\/sandzakpress.net\/arhiva\/zasto-narodno-vijece-sandzaka\/\" \/>\n<meta property=\"og:locale\" content=\"bs_BA\" \/>\n<meta property=\"og:type\" content=\"article\" \/>\n<meta property=\"og:title\" content=\"Za\u0161to Narodno vije\u0107e Sand\u017eaka?\" \/>\n<meta property=\"og:description\" content=\"Sand\u017eak PRESS &#8211; Narodno vije\u0107e Sand\u017eaka je postojalo u vrijeme i poslije Drugog svjetskog rata na \u010delu sa Rifatom Bured\u017eevi\u0107em Tr\u0161om. Ono je predstavljalo u to vrijeme vrhovnu politi\u010dko-vojnu vlast u Sand\u017eaku. Nasilno je ukinuta poslije ubistva Rifata Burd\u017eevi\u0107a Tr\u0161e.\u00a0 Za\u0161to se to Vije\u0107e danas obnavlja? Odgovor se nalazi u Deklaraciji o diskriminaciji koju je [&hellip;]\" \/>\n<meta property=\"og:url\" content=\"https:\/\/sandzakpress.net\/arhiva\/zasto-narodno-vijece-sandzaka\/\" \/>\n<meta property=\"og:site_name\" content=\"Sand\u017eak PRESS\" \/>\n<meta property=\"article:published_time\" content=\"2011-09-13T02:05:02+00:00\" \/>\n<meta property=\"og:image\" content=\"https:\/\/sandzakpress.net\/arhiva\/wp-content\/uploads\/2011\/09\/vijest-3553.jpg\" \/>\n\t<meta property=\"og:image:width\" content=\"616\" \/>\n\t<meta property=\"og:image:height\" content=\"350\" \/>\n\t<meta property=\"og:image:type\" content=\"image\/jpeg\" \/>\n<meta name=\"author\" content=\"bosniak\" \/>\n<meta name=\"twitter:card\" content=\"summary_large_image\" \/>\n<meta name=\"twitter:label1\" content=\"Written by\" \/>\n\t<meta name=\"twitter:data1\" content=\"bosniak\" \/>\n\t<meta name=\"twitter:label2\" content=\"Est. reading time\" \/>\n\t<meta name=\"twitter:data2\" content=\"2 minute\" \/>\n<script type=\"application\/ld+json\" class=\"yoast-schema-graph\">{\"@context\":\"https:\/\/schema.org\",\"@graph\":[{\"@type\":\"Article\",\"@id\":\"https:\/\/sandzakpress.net\/arhiva\/zasto-narodno-vijece-sandzaka\/#article\",\"isPartOf\":{\"@id\":\"https:\/\/sandzakpress.net\/arhiva\/zasto-narodno-vijece-sandzaka\/\"},\"author\":{\"name\":\"bosniak\",\"@id\":\"https:\/\/sandzakpress.net\/arhiva\/#\/schema\/person\/c8baee722073534b583ea7bdb2e36c02\"},\"headline\":\"Za\u0161to Narodno vije\u0107e Sand\u017eaka?\",\"datePublished\":\"2011-09-13T02:05:02+00:00\",\"mainEntityOfPage\":{\"@id\":\"https:\/\/sandzakpress.net\/arhiva\/zasto-narodno-vijece-sandzaka\/\"},\"wordCount\":483,\"commentCount\":20,\"publisher\":{\"@id\":\"https:\/\/sandzakpress.net\/arhiva\/#\/schema\/person\/6e72b67d6e51910a1117b3b483ba20bd\"},\"image\":{\"@id\":\"https:\/\/sandzakpress.net\/arhiva\/zasto-narodno-vijece-sandzaka\/#primaryimage\"},\"thumbnailUrl\":\"https:\/\/sandzakpress.net\/arhiva\/wp-content\/uploads\/2011\/09\/vijest-3553.jpg\",\"articleSection\":[\"Bosna i Hercegovina\",\"Novi Pazar\",\"Amerika\",\"Ro\u017eaje\",\"Sjenica\",\"Berane\",\"Kosovo\",\"Tutin\",\"Prijepolje\",\"Bijelo Polje\",\"Priboj\",\"Pljevlja\",\"Makedonija\",\"Nova Varo\u0161\",\"Plav\",\"Turska\",\"Evropa\"],\"inLanguage\":\"bs-BA\",\"potentialAction\":[{\"@type\":\"CommentAction\",\"name\":\"Comment\",\"target\":[\"https:\/\/sandzakpress.net\/arhiva\/zasto-narodno-vijece-sandzaka\/#respond\"]}]},{\"@type\":\"WebPage\",\"@id\":\"https:\/\/sandzakpress.net\/arhiva\/zasto-narodno-vijece-sandzaka\/\",\"url\":\"https:\/\/sandzakpress.net\/arhiva\/zasto-narodno-vijece-sandzaka\/\",\"name\":\"Za\u0161to Narodno vije\u0107e Sand\u017eaka?\",\"isPartOf\":{\"@id\":\"https:\/\/sandzakpress.net\/arhiva\/#website\"},\"primaryImageOfPage\":{\"@id\":\"https:\/\/sandzakpress.net\/arhiva\/zasto-narodno-vijece-sandzaka\/#primaryimage\"},\"image\":{\"@id\":\"https:\/\/sandzakpress.net\/arhiva\/zasto-narodno-vijece-sandzaka\/#primaryimage\"},\"thumbnailUrl\":\"https:\/\/sandzakpress.net\/arhiva\/wp-content\/uploads\/2011\/09\/vijest-3553.jpg\",\"datePublished\":\"2011-09-13T02:05:02+00:00\",\"breadcrumb\":{\"@id\":\"https:\/\/sandzakpress.net\/arhiva\/zasto-narodno-vijece-sandzaka\/#breadcrumb\"},\"inLanguage\":\"bs-BA\",\"potentialAction\":[{\"@type\":\"ReadAction\",\"target\":[\"https:\/\/sandzakpress.net\/arhiva\/zasto-narodno-vijece-sandzaka\/\"]}]},{\"@type\":\"ImageObject\",\"inLanguage\":\"bs-BA\",\"@id\":\"https:\/\/sandzakpress.net\/arhiva\/zasto-narodno-vijece-sandzaka\/#primaryimage\",\"url\":\"https:\/\/sandzakpress.net\/arhiva\/wp-content\/uploads\/2011\/09\/vijest-3553.jpg\",\"contentUrl\":\"https:\/\/sandzakpress.net\/arhiva\/wp-content\/uploads\/2011\/09\/vijest-3553.jpg\",\"width\":616,\"height\":350},{\"@type\":\"BreadcrumbList\",\"@id\":\"https:\/\/sandzakpress.net\/arhiva\/zasto-narodno-vijece-sandzaka\/#breadcrumb\",\"itemListElement\":[{\"@type\":\"ListItem\",\"position\":1,\"name\":\"Home\",\"item\":\"https:\/\/sandzakpress.net\/arhiva\/\"},{\"@type\":\"ListItem\",\"position\":2,\"name\":\"Za\u0161to Narodno vije\u0107e Sand\u017eaka?\"}]},{\"@type\":\"WebSite\",\"@id\":\"https:\/\/sandzakpress.net\/arhiva\/#website\",\"url\":\"https:\/\/sandzakpress.net\/arhiva\/\",\"name\":\"Sand\u017eak PRESS\",\"description\":\"Prve elektronske novine u Sand\u017eaku\",\"publisher\":{\"@id\":\"https:\/\/sandzakpress.net\/arhiva\/#\/schema\/person\/6e72b67d6e51910a1117b3b483ba20bd\"},\"potentialAction\":[{\"@type\":\"SearchAction\",\"target\":{\"@type\":\"EntryPoint\",\"urlTemplate\":\"https:\/\/sandzakpress.net\/arhiva\/?s={search_term_string}\"},\"query-input\":{\"@type\":\"PropertyValueSpecification\",\"valueRequired\":true,\"valueName\":\"search_term_string\"}}],\"inLanguage\":\"bs-BA\"},{\"@type\":[\"Person\",\"Organization\"],\"@id\":\"https:\/\/sandzakpress.net\/arhiva\/#\/schema\/person\/6e72b67d6e51910a1117b3b483ba20bd\",\"name\":\"Kul\",\"image\":{\"@type\":\"ImageObject\",\"inLanguage\":\"bs-BA\",\"@id\":\"https:\/\/sandzakpress.net\/arhiva\/#\/schema\/person\/image\/\",\"url\":\"https:\/\/secure.gravatar.com\/avatar\/42263f39aa27ac04c43cab85c280eb2e?s=96&d=mm&r=pg\",\"contentUrl\":\"https:\/\/secure.gravatar.com\/avatar\/42263f39aa27ac04c43cab85c280eb2e?s=96&d=mm&r=pg\",\"caption\":\"Kul\"},\"logo\":{\"@id\":\"https:\/\/sandzakpress.net\/arhiva\/#\/schema\/person\/image\/\"}},{\"@type\":\"Person\",\"@id\":\"https:\/\/sandzakpress.net\/arhiva\/#\/schema\/person\/c8baee722073534b583ea7bdb2e36c02\",\"name\":\"bosniak\",\"image\":{\"@type\":\"ImageObject\",\"inLanguage\":\"bs-BA\",\"@id\":\"https:\/\/sandzakpress.net\/arhiva\/#\/schema\/person\/image\/\",\"url\":\"https:\/\/secure.gravatar.com\/avatar\/a04fd330bfe3a36a72a0ad4a6d89fca7?s=96&d=mm&r=pg\",\"contentUrl\":\"https:\/\/secure.gravatar.com\/avatar\/a04fd330bfe3a36a72a0ad4a6d89fca7?s=96&d=mm&r=pg\",\"caption\":\"bosniak\"},\"url\":\"https:\/\/sandzakpress.net\/arhiva\/author\/bosniak\/\"}]}<\/script>\n<!-- \/ Yoast SEO Premium plugin. -->","yoast_head_json":{"title":"Za\u0161to Narodno vije\u0107e Sand\u017eaka?","robots":{"index":"index","follow":"follow","max-snippet":"max-snippet:-1","max-image-preview":"max-image-preview:large","max-video-preview":"max-video-preview:-1"},"canonical":"https:\/\/sandzakpress.net\/arhiva\/zasto-narodno-vijece-sandzaka\/","og_locale":"bs_BA","og_type":"article","og_title":"Za\u0161to Narodno vije\u0107e Sand\u017eaka?","og_description":"Sand\u017eak PRESS &#8211; Narodno vije\u0107e Sand\u017eaka je postojalo u vrijeme i poslije Drugog svjetskog rata na \u010delu sa Rifatom Bured\u017eevi\u0107em Tr\u0161om. Ono je predstavljalo u to vrijeme vrhovnu politi\u010dko-vojnu vlast u Sand\u017eaku. Nasilno je ukinuta poslije ubistva Rifata Burd\u017eevi\u0107a Tr\u0161e.\u00a0 Za\u0161to se to Vije\u0107e danas obnavlja? Odgovor se nalazi u Deklaraciji o diskriminaciji koju je [&hellip;]","og_url":"https:\/\/sandzakpress.net\/arhiva\/zasto-narodno-vijece-sandzaka\/","og_site_name":"Sand\u017eak PRESS","article_published_time":"2011-09-13T02:05:02+00:00","og_image":[{"width":616,"height":350,"url":"https:\/\/sandzakpress.net\/arhiva\/wp-content\/uploads\/2011\/09\/vijest-3553.jpg","type":"image\/jpeg"}],"author":"bosniak","twitter_card":"summary_large_image","twitter_misc":{"Written by":"bosniak","Est. reading time":"2 minute"},"schema":{"@context":"https:\/\/schema.org","@graph":[{"@type":"Article","@id":"https:\/\/sandzakpress.net\/arhiva\/zasto-narodno-vijece-sandzaka\/#article","isPartOf":{"@id":"https:\/\/sandzakpress.net\/arhiva\/zasto-narodno-vijece-sandzaka\/"},"author":{"name":"bosniak","@id":"https:\/\/sandzakpress.net\/arhiva\/#\/schema\/person\/c8baee722073534b583ea7bdb2e36c02"},"headline":"Za\u0161to Narodno vije\u0107e Sand\u017eaka?","datePublished":"2011-09-13T02:05:02+00:00","mainEntityOfPage":{"@id":"https:\/\/sandzakpress.net\/arhiva\/zasto-narodno-vijece-sandzaka\/"},"wordCount":483,"commentCount":20,"publisher":{"@id":"https:\/\/sandzakpress.net\/arhiva\/#\/schema\/person\/6e72b67d6e51910a1117b3b483ba20bd"},"image":{"@id":"https:\/\/sandzakpress.net\/arhiva\/zasto-narodno-vijece-sandzaka\/#primaryimage"},"thumbnailUrl":"https:\/\/sandzakpress.net\/arhiva\/wp-content\/uploads\/2011\/09\/vijest-3553.jpg","articleSection":["Bosna i Hercegovina","Novi Pazar","Amerika","Ro\u017eaje","Sjenica","Berane","Kosovo","Tutin","Prijepolje","Bijelo Polje","Priboj","Pljevlja","Makedonija","Nova Varo\u0161","Plav","Turska","Evropa"],"inLanguage":"bs-BA","potentialAction":[{"@type":"CommentAction","name":"Comment","target":["https:\/\/sandzakpress.net\/arhiva\/zasto-narodno-vijece-sandzaka\/#respond"]}]},{"@type":"WebPage","@id":"https:\/\/sandzakpress.net\/arhiva\/zasto-narodno-vijece-sandzaka\/","url":"https:\/\/sandzakpress.net\/arhiva\/zasto-narodno-vijece-sandzaka\/","name":"Za\u0161to Narodno vije\u0107e Sand\u017eaka?","isPartOf":{"@id":"https:\/\/sandzakpress.net\/arhiva\/#website"},"primaryImageOfPage":{"@id":"https:\/\/sandzakpress.net\/arhiva\/zasto-narodno-vijece-sandzaka\/#primaryimage"},"image":{"@id":"https:\/\/sandzakpress.net\/arhiva\/zasto-narodno-vijece-sandzaka\/#primaryimage"},"thumbnailUrl":"https:\/\/sandzakpress.net\/arhiva\/wp-content\/uploads\/2011\/09\/vijest-3553.jpg","datePublished":"2011-09-13T02:05:02+00:00","breadcrumb":{"@id":"https:\/\/sandzakpress.net\/arhiva\/zasto-narodno-vijece-sandzaka\/#breadcrumb"},"inLanguage":"bs-BA","potentialAction":[{"@type":"ReadAction","target":["https:\/\/sandzakpress.net\/arhiva\/zasto-narodno-vijece-sandzaka\/"]}]},{"@type":"ImageObject","inLanguage":"bs-BA","@id":"https:\/\/sandzakpress.net\/arhiva\/zasto-narodno-vijece-sandzaka\/#primaryimage","url":"https:\/\/sandzakpress.net\/arhiva\/wp-content\/uploads\/2011\/09\/vijest-3553.jpg","contentUrl":"https:\/\/sandzakpress.net\/arhiva\/wp-content\/uploads\/2011\/09\/vijest-3553.jpg","width":616,"height":350},{"@type":"BreadcrumbList","@id":"https:\/\/sandzakpress.net\/arhiva\/zasto-narodno-vijece-sandzaka\/#breadcrumb","itemListElement":[{"@type":"ListItem","position":1,"name":"Home","item":"https:\/\/sandzakpress.net\/arhiva\/"},{"@type":"ListItem","position":2,"name":"Za\u0161to Narodno vije\u0107e Sand\u017eaka?"}]},{"@type":"WebSite","@id":"https:\/\/sandzakpress.net\/arhiva\/#website","url":"https:\/\/sandzakpress.net\/arhiva\/","name":"Sand\u017eak PRESS","description":"Prve elektronske novine u Sand\u017eaku","publisher":{"@id":"https:\/\/sandzakpress.net\/arhiva\/#\/schema\/person\/6e72b67d6e51910a1117b3b483ba20bd"},"potentialAction":[{"@type":"SearchAction","target":{"@type":"EntryPoint","urlTemplate":"https:\/\/sandzakpress.net\/arhiva\/?s={search_term_string}"},"query-input":{"@type":"PropertyValueSpecification","valueRequired":true,"valueName":"search_term_string"}}],"inLanguage":"bs-BA"},{"@type":["Person","Organization"],"@id":"https:\/\/sandzakpress.net\/arhiva\/#\/schema\/person\/6e72b67d6e51910a1117b3b483ba20bd","name":"Kul","image":{"@type":"ImageObject","inLanguage":"bs-BA","@id":"https:\/\/sandzakpress.net\/arhiva\/#\/schema\/person\/image\/","url":"https:\/\/secure.gravatar.com\/avatar\/42263f39aa27ac04c43cab85c280eb2e?s=96&d=mm&r=pg","contentUrl":"https:\/\/secure.gravatar.com\/avatar\/42263f39aa27ac04c43cab85c280eb2e?s=96&d=mm&r=pg","caption":"Kul"},"logo":{"@id":"https:\/\/sandzakpress.net\/arhiva\/#\/schema\/person\/image\/"}},{"@type":"Person","@id":"https:\/\/sandzakpress.net\/arhiva\/#\/schema\/person\/c8baee722073534b583ea7bdb2e36c02","name":"bosniak","image":{"@type":"ImageObject","inLanguage":"bs-BA","@id":"https:\/\/sandzakpress.net\/arhiva\/#\/schema\/person\/image\/","url":"https:\/\/secure.gravatar.com\/avatar\/a04fd330bfe3a36a72a0ad4a6d89fca7?s=96&d=mm&r=pg","contentUrl":"https:\/\/secure.gravatar.com\/avatar\/a04fd330bfe3a36a72a0ad4a6d89fca7?s=96&d=mm&r=pg","caption":"bosniak"},"url":"https:\/\/sandzakpress.net\/arhiva\/author\/bosniak\/"}]}},"_links":{"self":[{"href":"https:\/\/sandzakpress.net\/arhiva\/wp-json\/wp\/v2\/posts\/19951"}],"collection":[{"href":"https:\/\/sandzakpress.net\/arhiva\/wp-json\/wp\/v2\/posts"}],"about":[{"href":"https:\/\/sandzakpress.net\/arhiva\/wp-json\/wp\/v2\/types\/post"}],"author":[{"embeddable":true,"href":"https:\/\/sandzakpress.net\/arhiva\/wp-json\/wp\/v2\/users\/83"}],"replies":[{"embeddable":true,"href":"https:\/\/sandzakpress.net\/arhiva\/wp-json\/wp\/v2\/comments?post=19951"}],"version-history":[{"count":0,"href":"https:\/\/sandzakpress.net\/arhiva\/wp-json\/wp\/v2\/posts\/19951\/revisions"}],"wp:featuredmedia":[{"embeddable":true,"href":"https:\/\/sandzakpress.net\/arhiva\/wp-json\/wp\/v2\/media\/19952"}],"wp:attachment":[{"href":"https:\/\/sandzakpress.net\/arhiva\/wp-json\/wp\/v2\/media?parent=19951"}],"wp:term":[{"taxonomy":"category","embeddable":true,"href":"https:\/\/sandzakpress.net\/arhiva\/wp-json\/wp\/v2\/categories?post=19951"},{"taxonomy":"post_tag","embeddable":true,"href":"https:\/\/sandzakpress.net\/arhiva\/wp-json\/wp\/v2\/tags?post=19951"}],"curies":[{"name":"wp","href":"https:\/\/api.w.org\/{rel}","templated":true}]}}