{"id":199174,"date":"2017-11-25T17:37:15","date_gmt":"2017-11-25T16:37:15","guid":{"rendered":"https:\/\/sandzakpress.net\/arhiva\/?p=199174"},"modified":"2017-11-25T17:37:15","modified_gmt":"2017-11-25T16:37:15","slug":"bdzcg-osudeni-ratni-zlocinci-ne-mogu-biti-heroji","status":"publish","type":"post","link":"https:\/\/sandzakpress.net\/arhiva\/bdzcg-osudeni-ratni-zlocinci-ne-mogu-biti-heroji\/","title":{"rendered":"BDZCG &#8211; Osu\u0111eni ratni zlo\u010dinci ne mogu biti heroji"},"content":{"rendered":"<p><img decoding=\"async\" class=\"aligncenter\" src=\"https:\/\/i0.wp.com\/www.bdzcg.org\/wp-content\/uploads\/2016\/10\/BDZfeatured.jpg?resize=545%2C255\" \/><\/p>\n<p><strong>Bo\u0161nja\u010dka demokratska zajednica u Crnoj Gori se ne mo\u017ee slo\u017eiti sa ocjenama koje dolaze iz krugova politi\u010dkih predstavnika srpskog naroda u Crnoj Gori da su Mladi\u0107 i Karad\u017ei\u0107 nepravedno osu\u0111eni te da su u tom smislu heroji srpskog naroda.<\/strong><\/p>\n<p>Pravda se u svim pojavnim oblicima uvijek odnosi na budu\u0107nost a ne na pro\u0161lost jer se pro\u0161lost ne mo\u017ee izmijeniti, a budu\u0107nost se treba u\u010diniti pravednijom i sigurnijom za sve ljude.<\/p>\n<p> Sa druge strane, heroji se ne mogu nazivati oni koje je medjunarodna zajednica krivi\u010dno osudila, ali sigurno sa time se ne\u0107e slo\u017eiti i ona tiha ve\u0107ina u srpskom narodu koja ne prihvata niti ima razloga da prihvati teret zlo\u010dina genocida da je u\u010dinjen u njeno ime.<\/p>\n<p>Uvjereni smo da svaki pojedinac unutar sebe, bez obzira da li je doprinio ili nije doprinio u\u010dinjenom zlo\u010dinu, osu\u0111uje i ne mo\u017ee da prihvati zlo\u010dince kao heroje.<\/p>\n","protected":false},"excerpt":{"rendered":"<p>Bo\u0161nja\u010dka demokratska zajednica u Crnoj Gori se ne mo\u017ee slo\u017eiti sa ocjenama koje dolaze iz krugova politi\u010dkih predstavnika srpskog naroda u Crnoj Gori da su Mladi\u0107 i Karad\u017ei\u0107 nepravedno osu\u0111eni te da su u tom smislu heroji srpskog naroda. Pravda se u svim pojavnim oblicima uvijek odnosi na budu\u0107nost a ne na pro\u0161lost jer se [&hellip;]<\/p>\n","protected":false},"author":509,"featured_media":199175,"comment_status":"open","ping_status":"open","sticky":false,"template":"","format":"standard","meta":{"footnotes":""},"categories":[398,1,397,10174,396,395,399,10173,10429],"tags":[],"class_list":{"0":"post-199174","1":"post","2":"type-post","3":"status-publish","4":"format-standard","5":"has-post-thumbnail","7":"category-rozaje","8":"category-politika","9":"category-berane","10":"category-petnjica-vase-vijesti","11":"category-bijelo_polje","12":"category-pljevlja_","13":"category-plav_","14":"category-gusinje-vase-vijesti","15":"category-vazno"},"yoast_head":"<!-- This site is optimized with the Yoast SEO Premium plugin v23.1 (Yoast SEO v24.9) - https:\/\/yoast.com\/wordpress\/plugins\/seo\/ -->\n<title>BDZCG - Osu\u0111eni ratni zlo\u010dinci ne mogu biti heroji<\/title>\n<meta name=\"robots\" content=\"index, follow, max-snippet:-1, max-image-preview:large, max-video-preview:-1\" \/>\n<link rel=\"canonical\" href=\"https:\/\/sandzakpress.net\/arhiva\/bdzcg-osudeni-ratni-zlocinci-ne-mogu-biti-heroji\/\" \/>\n<meta property=\"og:locale\" content=\"bs_BA\" \/>\n<meta property=\"og:type\" content=\"article\" \/>\n<meta property=\"og:title\" content=\"BDZCG - Osu\u0111eni ratni zlo\u010dinci ne mogu biti heroji\" \/>\n<meta property=\"og:description\" content=\"Bo\u0161nja\u010dka demokratska zajednica u Crnoj Gori se ne mo\u017ee slo\u017eiti sa ocjenama koje dolaze iz krugova politi\u010dkih predstavnika srpskog naroda u Crnoj Gori da su Mladi\u0107 i Karad\u017ei\u0107 nepravedno osu\u0111eni te da su u tom smislu heroji srpskog naroda. Pravda se u svim pojavnim oblicima uvijek odnosi na budu\u0107nost a ne na pro\u0161lost jer se [&hellip;]\" \/>\n<meta property=\"og:url\" content=\"https:\/\/sandzakpress.net\/arhiva\/bdzcg-osudeni-ratni-zlocinci-ne-mogu-biti-heroji\/\" \/>\n<meta property=\"og:site_name\" content=\"Sand\u017eak PRESS\" \/>\n<meta property=\"article:published_time\" content=\"2017-11-25T16:37:15+00:00\" \/>\n<meta property=\"og:image\" content=\"https:\/\/sandzakpress.net\/arhiva\/wp-content\/uploads\/2017\/11\/BDZfeatured.jpg\" \/>\n\t<meta property=\"og:image:width\" content=\"545\" \/>\n\t<meta property=\"og:image:height\" content=\"255\" \/>\n\t<meta property=\"og:image:type\" content=\"image\/jpeg\" \/>\n<meta name=\"author\" content=\"Agencija\" \/>\n<meta name=\"twitter:card\" content=\"summary_large_image\" \/>\n<meta name=\"twitter:label1\" content=\"Written by\" \/>\n\t<meta name=\"twitter:data1\" content=\"Agencija\" \/>\n\t<meta name=\"twitter:label2\" content=\"Est. reading time\" \/>\n\t<meta name=\"twitter:data2\" content=\"1 minuta\" \/>\n<script type=\"application\/ld+json\" class=\"yoast-schema-graph\">{\"@context\":\"https:\/\/schema.org\",\"@graph\":[{\"@type\":\"Article\",\"@id\":\"https:\/\/sandzakpress.net\/arhiva\/bdzcg-osudeni-ratni-zlocinci-ne-mogu-biti-heroji\/#article\",\"isPartOf\":{\"@id\":\"https:\/\/sandzakpress.net\/arhiva\/bdzcg-osudeni-ratni-zlocinci-ne-mogu-biti-heroji\/\"},\"author\":{\"name\":\"Agencija\",\"@id\":\"https:\/\/sandzakpress.net\/arhiva\/#\/schema\/person\/cb59d7e3ab91ab90dd680ad0305a6185\"},\"headline\":\"BDZCG &#8211; Osu\u0111eni ratni zlo\u010dinci ne mogu biti heroji\",\"datePublished\":\"2017-11-25T16:37:15+00:00\",\"mainEntityOfPage\":{\"@id\":\"https:\/\/sandzakpress.net\/arhiva\/bdzcg-osudeni-ratni-zlocinci-ne-mogu-biti-heroji\/\"},\"wordCount\":178,\"commentCount\":2,\"publisher\":{\"@id\":\"https:\/\/sandzakpress.net\/arhiva\/#\/schema\/person\/6e72b67d6e51910a1117b3b483ba20bd\"},\"image\":{\"@id\":\"https:\/\/sandzakpress.net\/arhiva\/bdzcg-osudeni-ratni-zlocinci-ne-mogu-biti-heroji\/#primaryimage\"},\"thumbnailUrl\":\"https:\/\/sandzakpress.net\/arhiva\/wp-content\/uploads\/2017\/11\/BDZfeatured.jpg\",\"articleSection\":[\"Ro\u017eaje\",\"Politika\",\"Berane\",\"Petnjica\",\"Bijelo Polje\",\"Pljevlja\",\"Plav\",\"Gusinje\",\"VA\u017dNO!\"],\"inLanguage\":\"bs-BA\",\"potentialAction\":[{\"@type\":\"CommentAction\",\"name\":\"Comment\",\"target\":[\"https:\/\/sandzakpress.net\/arhiva\/bdzcg-osudeni-ratni-zlocinci-ne-mogu-biti-heroji\/#respond\"]}]},{\"@type\":\"WebPage\",\"@id\":\"https:\/\/sandzakpress.net\/arhiva\/bdzcg-osudeni-ratni-zlocinci-ne-mogu-biti-heroji\/\",\"url\":\"https:\/\/sandzakpress.net\/arhiva\/bdzcg-osudeni-ratni-zlocinci-ne-mogu-biti-heroji\/\",\"name\":\"BDZCG - Osu\u0111eni ratni zlo\u010dinci ne mogu biti heroji\",\"isPartOf\":{\"@id\":\"https:\/\/sandzakpress.net\/arhiva\/#website\"},\"primaryImageOfPage\":{\"@id\":\"https:\/\/sandzakpress.net\/arhiva\/bdzcg-osudeni-ratni-zlocinci-ne-mogu-biti-heroji\/#primaryimage\"},\"image\":{\"@id\":\"https:\/\/sandzakpress.net\/arhiva\/bdzcg-osudeni-ratni-zlocinci-ne-mogu-biti-heroji\/#primaryimage\"},\"thumbnailUrl\":\"https:\/\/sandzakpress.net\/arhiva\/wp-content\/uploads\/2017\/11\/BDZfeatured.jpg\",\"datePublished\":\"2017-11-25T16:37:15+00:00\",\"breadcrumb\":{\"@id\":\"https:\/\/sandzakpress.net\/arhiva\/bdzcg-osudeni-ratni-zlocinci-ne-mogu-biti-heroji\/#breadcrumb\"},\"inLanguage\":\"bs-BA\",\"potentialAction\":[{\"@type\":\"ReadAction\",\"target\":[\"https:\/\/sandzakpress.net\/arhiva\/bdzcg-osudeni-ratni-zlocinci-ne-mogu-biti-heroji\/\"]}]},{\"@type\":\"ImageObject\",\"inLanguage\":\"bs-BA\",\"@id\":\"https:\/\/sandzakpress.net\/arhiva\/bdzcg-osudeni-ratni-zlocinci-ne-mogu-biti-heroji\/#primaryimage\",\"url\":\"https:\/\/sandzakpress.net\/arhiva\/wp-content\/uploads\/2017\/11\/BDZfeatured.jpg\",\"contentUrl\":\"https:\/\/sandzakpress.net\/arhiva\/wp-content\/uploads\/2017\/11\/BDZfeatured.jpg\",\"width\":545,\"height\":255},{\"@type\":\"BreadcrumbList\",\"@id\":\"https:\/\/sandzakpress.net\/arhiva\/bdzcg-osudeni-ratni-zlocinci-ne-mogu-biti-heroji\/#breadcrumb\",\"itemListElement\":[{\"@type\":\"ListItem\",\"position\":1,\"name\":\"Home\",\"item\":\"https:\/\/sandzakpress.net\/arhiva\/\"},{\"@type\":\"ListItem\",\"position\":2,\"name\":\"BDZCG &#8211; Osu\u0111eni ratni zlo\u010dinci ne mogu biti heroji\"}]},{\"@type\":\"WebSite\",\"@id\":\"https:\/\/sandzakpress.net\/arhiva\/#website\",\"url\":\"https:\/\/sandzakpress.net\/arhiva\/\",\"name\":\"Sand\u017eak PRESS\",\"description\":\"Prve elektronske novine u Sand\u017eaku\",\"publisher\":{\"@id\":\"https:\/\/sandzakpress.net\/arhiva\/#\/schema\/person\/6e72b67d6e51910a1117b3b483ba20bd\"},\"potentialAction\":[{\"@type\":\"SearchAction\",\"target\":{\"@type\":\"EntryPoint\",\"urlTemplate\":\"https:\/\/sandzakpress.net\/arhiva\/?s={search_term_string}\"},\"query-input\":{\"@type\":\"PropertyValueSpecification\",\"valueRequired\":true,\"valueName\":\"search_term_string\"}}],\"inLanguage\":\"bs-BA\"},{\"@type\":[\"Person\",\"Organization\"],\"@id\":\"https:\/\/sandzakpress.net\/arhiva\/#\/schema\/person\/6e72b67d6e51910a1117b3b483ba20bd\",\"name\":\"Kul\",\"image\":{\"@type\":\"ImageObject\",\"inLanguage\":\"bs-BA\",\"@id\":\"https:\/\/sandzakpress.net\/arhiva\/#\/schema\/person\/image\/\",\"url\":\"https:\/\/secure.gravatar.com\/avatar\/42263f39aa27ac04c43cab85c280eb2e?s=96&d=mm&r=pg\",\"contentUrl\":\"https:\/\/secure.gravatar.com\/avatar\/42263f39aa27ac04c43cab85c280eb2e?s=96&d=mm&r=pg\",\"caption\":\"Kul\"},\"logo\":{\"@id\":\"https:\/\/sandzakpress.net\/arhiva\/#\/schema\/person\/image\/\"}},{\"@type\":\"Person\",\"@id\":\"https:\/\/sandzakpress.net\/arhiva\/#\/schema\/person\/cb59d7e3ab91ab90dd680ad0305a6185\",\"name\":\"Agencija\",\"image\":{\"@type\":\"ImageObject\",\"inLanguage\":\"bs-BA\",\"@id\":\"https:\/\/sandzakpress.net\/arhiva\/#\/schema\/person\/image\/\",\"url\":\"https:\/\/secure.gravatar.com\/avatar\/4b7fafa80a22f0c2afe23966b3961fe0?s=96&d=mm&r=pg\",\"contentUrl\":\"https:\/\/secure.gravatar.com\/avatar\/4b7fafa80a22f0c2afe23966b3961fe0?s=96&d=mm&r=pg\",\"caption\":\"Agencija\"},\"url\":\"https:\/\/sandzakpress.net\/arhiva\/author\/agencija\/\"}]}<\/script>\n<!-- \/ Yoast SEO Premium plugin. -->","yoast_head_json":{"title":"BDZCG - Osu\u0111eni ratni zlo\u010dinci ne mogu biti heroji","robots":{"index":"index","follow":"follow","max-snippet":"max-snippet:-1","max-image-preview":"max-image-preview:large","max-video-preview":"max-video-preview:-1"},"canonical":"https:\/\/sandzakpress.net\/arhiva\/bdzcg-osudeni-ratni-zlocinci-ne-mogu-biti-heroji\/","og_locale":"bs_BA","og_type":"article","og_title":"BDZCG - Osu\u0111eni ratni zlo\u010dinci ne mogu biti heroji","og_description":"Bo\u0161nja\u010dka demokratska zajednica u Crnoj Gori se ne mo\u017ee slo\u017eiti sa ocjenama koje dolaze iz krugova politi\u010dkih predstavnika srpskog naroda u Crnoj Gori da su Mladi\u0107 i Karad\u017ei\u0107 nepravedno osu\u0111eni te da su u tom smislu heroji srpskog naroda. Pravda se u svim pojavnim oblicima uvijek odnosi na budu\u0107nost a ne na pro\u0161lost jer se [&hellip;]","og_url":"https:\/\/sandzakpress.net\/arhiva\/bdzcg-osudeni-ratni-zlocinci-ne-mogu-biti-heroji\/","og_site_name":"Sand\u017eak PRESS","article_published_time":"2017-11-25T16:37:15+00:00","og_image":[{"width":545,"height":255,"url":"https:\/\/sandzakpress.net\/arhiva\/wp-content\/uploads\/2017\/11\/BDZfeatured.jpg","type":"image\/jpeg"}],"author":"Agencija","twitter_card":"summary_large_image","twitter_misc":{"Written by":"Agencija","Est. reading time":"1 minuta"},"schema":{"@context":"https:\/\/schema.org","@graph":[{"@type":"Article","@id":"https:\/\/sandzakpress.net\/arhiva\/bdzcg-osudeni-ratni-zlocinci-ne-mogu-biti-heroji\/#article","isPartOf":{"@id":"https:\/\/sandzakpress.net\/arhiva\/bdzcg-osudeni-ratni-zlocinci-ne-mogu-biti-heroji\/"},"author":{"name":"Agencija","@id":"https:\/\/sandzakpress.net\/arhiva\/#\/schema\/person\/cb59d7e3ab91ab90dd680ad0305a6185"},"headline":"BDZCG &#8211; Osu\u0111eni ratni zlo\u010dinci ne mogu biti heroji","datePublished":"2017-11-25T16:37:15+00:00","mainEntityOfPage":{"@id":"https:\/\/sandzakpress.net\/arhiva\/bdzcg-osudeni-ratni-zlocinci-ne-mogu-biti-heroji\/"},"wordCount":178,"commentCount":2,"publisher":{"@id":"https:\/\/sandzakpress.net\/arhiva\/#\/schema\/person\/6e72b67d6e51910a1117b3b483ba20bd"},"image":{"@id":"https:\/\/sandzakpress.net\/arhiva\/bdzcg-osudeni-ratni-zlocinci-ne-mogu-biti-heroji\/#primaryimage"},"thumbnailUrl":"https:\/\/sandzakpress.net\/arhiva\/wp-content\/uploads\/2017\/11\/BDZfeatured.jpg","articleSection":["Ro\u017eaje","Politika","Berane","Petnjica","Bijelo Polje","Pljevlja","Plav","Gusinje","VA\u017dNO!"],"inLanguage":"bs-BA","potentialAction":[{"@type":"CommentAction","name":"Comment","target":["https:\/\/sandzakpress.net\/arhiva\/bdzcg-osudeni-ratni-zlocinci-ne-mogu-biti-heroji\/#respond"]}]},{"@type":"WebPage","@id":"https:\/\/sandzakpress.net\/arhiva\/bdzcg-osudeni-ratni-zlocinci-ne-mogu-biti-heroji\/","url":"https:\/\/sandzakpress.net\/arhiva\/bdzcg-osudeni-ratni-zlocinci-ne-mogu-biti-heroji\/","name":"BDZCG - Osu\u0111eni ratni zlo\u010dinci ne mogu biti heroji","isPartOf":{"@id":"https:\/\/sandzakpress.net\/arhiva\/#website"},"primaryImageOfPage":{"@id":"https:\/\/sandzakpress.net\/arhiva\/bdzcg-osudeni-ratni-zlocinci-ne-mogu-biti-heroji\/#primaryimage"},"image":{"@id":"https:\/\/sandzakpress.net\/arhiva\/bdzcg-osudeni-ratni-zlocinci-ne-mogu-biti-heroji\/#primaryimage"},"thumbnailUrl":"https:\/\/sandzakpress.net\/arhiva\/wp-content\/uploads\/2017\/11\/BDZfeatured.jpg","datePublished":"2017-11-25T16:37:15+00:00","breadcrumb":{"@id":"https:\/\/sandzakpress.net\/arhiva\/bdzcg-osudeni-ratni-zlocinci-ne-mogu-biti-heroji\/#breadcrumb"},"inLanguage":"bs-BA","potentialAction":[{"@type":"ReadAction","target":["https:\/\/sandzakpress.net\/arhiva\/bdzcg-osudeni-ratni-zlocinci-ne-mogu-biti-heroji\/"]}]},{"@type":"ImageObject","inLanguage":"bs-BA","@id":"https:\/\/sandzakpress.net\/arhiva\/bdzcg-osudeni-ratni-zlocinci-ne-mogu-biti-heroji\/#primaryimage","url":"https:\/\/sandzakpress.net\/arhiva\/wp-content\/uploads\/2017\/11\/BDZfeatured.jpg","contentUrl":"https:\/\/sandzakpress.net\/arhiva\/wp-content\/uploads\/2017\/11\/BDZfeatured.jpg","width":545,"height":255},{"@type":"BreadcrumbList","@id":"https:\/\/sandzakpress.net\/arhiva\/bdzcg-osudeni-ratni-zlocinci-ne-mogu-biti-heroji\/#breadcrumb","itemListElement":[{"@type":"ListItem","position":1,"name":"Home","item":"https:\/\/sandzakpress.net\/arhiva\/"},{"@type":"ListItem","position":2,"name":"BDZCG &#8211; Osu\u0111eni ratni zlo\u010dinci ne mogu biti heroji"}]},{"@type":"WebSite","@id":"https:\/\/sandzakpress.net\/arhiva\/#website","url":"https:\/\/sandzakpress.net\/arhiva\/","name":"Sand\u017eak PRESS","description":"Prve elektronske novine u Sand\u017eaku","publisher":{"@id":"https:\/\/sandzakpress.net\/arhiva\/#\/schema\/person\/6e72b67d6e51910a1117b3b483ba20bd"},"potentialAction":[{"@type":"SearchAction","target":{"@type":"EntryPoint","urlTemplate":"https:\/\/sandzakpress.net\/arhiva\/?s={search_term_string}"},"query-input":{"@type":"PropertyValueSpecification","valueRequired":true,"valueName":"search_term_string"}}],"inLanguage":"bs-BA"},{"@type":["Person","Organization"],"@id":"https:\/\/sandzakpress.net\/arhiva\/#\/schema\/person\/6e72b67d6e51910a1117b3b483ba20bd","name":"Kul","image":{"@type":"ImageObject","inLanguage":"bs-BA","@id":"https:\/\/sandzakpress.net\/arhiva\/#\/schema\/person\/image\/","url":"https:\/\/secure.gravatar.com\/avatar\/42263f39aa27ac04c43cab85c280eb2e?s=96&d=mm&r=pg","contentUrl":"https:\/\/secure.gravatar.com\/avatar\/42263f39aa27ac04c43cab85c280eb2e?s=96&d=mm&r=pg","caption":"Kul"},"logo":{"@id":"https:\/\/sandzakpress.net\/arhiva\/#\/schema\/person\/image\/"}},{"@type":"Person","@id":"https:\/\/sandzakpress.net\/arhiva\/#\/schema\/person\/cb59d7e3ab91ab90dd680ad0305a6185","name":"Agencija","image":{"@type":"ImageObject","inLanguage":"bs-BA","@id":"https:\/\/sandzakpress.net\/arhiva\/#\/schema\/person\/image\/","url":"https:\/\/secure.gravatar.com\/avatar\/4b7fafa80a22f0c2afe23966b3961fe0?s=96&d=mm&r=pg","contentUrl":"https:\/\/secure.gravatar.com\/avatar\/4b7fafa80a22f0c2afe23966b3961fe0?s=96&d=mm&r=pg","caption":"Agencija"},"url":"https:\/\/sandzakpress.net\/arhiva\/author\/agencija\/"}]}},"_links":{"self":[{"href":"https:\/\/sandzakpress.net\/arhiva\/wp-json\/wp\/v2\/posts\/199174"}],"collection":[{"href":"https:\/\/sandzakpress.net\/arhiva\/wp-json\/wp\/v2\/posts"}],"about":[{"href":"https:\/\/sandzakpress.net\/arhiva\/wp-json\/wp\/v2\/types\/post"}],"author":[{"embeddable":true,"href":"https:\/\/sandzakpress.net\/arhiva\/wp-json\/wp\/v2\/users\/509"}],"replies":[{"embeddable":true,"href":"https:\/\/sandzakpress.net\/arhiva\/wp-json\/wp\/v2\/comments?post=199174"}],"version-history":[{"count":0,"href":"https:\/\/sandzakpress.net\/arhiva\/wp-json\/wp\/v2\/posts\/199174\/revisions"}],"wp:featuredmedia":[{"embeddable":true,"href":"https:\/\/sandzakpress.net\/arhiva\/wp-json\/wp\/v2\/media\/199175"}],"wp:attachment":[{"href":"https:\/\/sandzakpress.net\/arhiva\/wp-json\/wp\/v2\/media?parent=199174"}],"wp:term":[{"taxonomy":"category","embeddable":true,"href":"https:\/\/sandzakpress.net\/arhiva\/wp-json\/wp\/v2\/categories?post=199174"},{"taxonomy":"post_tag","embeddable":true,"href":"https:\/\/sandzakpress.net\/arhiva\/wp-json\/wp\/v2\/tags?post=199174"}],"curies":[{"name":"wp","href":"https:\/\/api.w.org\/{rel}","templated":true}]}}