{"id":199169,"date":"2017-11-25T14:49:33","date_gmt":"2017-11-25T13:49:33","guid":{"rendered":"https:\/\/sandzakpress.net\/arhiva\/?p=199169"},"modified":"2017-11-25T14:50:06","modified_gmt":"2017-11-25T13:50:06","slug":"muftija-sandzacki-odrzao-hutbu-u-varevu","status":"publish","type":"post","link":"https:\/\/sandzakpress.net\/arhiva\/muftija-sandzacki-odrzao-hutbu-u-varevu\/","title":{"rendered":"Muftija sand\u017ea\u010dki odr\u017eao hutbu u Varevu"},"content":{"rendered":"<p><img loading=\"lazy\" decoding=\"async\" class=\"alignnone size-full wp-image-199170\" src=\"https:\/\/sandzakpress.net\/arhiva\/wp-content\/uploads\/2017\/11\/23795240_1987514501263911_1204233026072344751_n.jpg\" alt=\"\" width=\"960\" height=\"538\" srcset=\"https:\/\/sandzakpress.net\/arhiva\/wp-content\/uploads\/2017\/11\/23795240_1987514501263911_1204233026072344751_n.jpg 960w, https:\/\/sandzakpress.net\/arhiva\/wp-content\/uploads\/2017\/11\/23795240_1987514501263911_1204233026072344751_n-768x430.jpg 768w, https:\/\/sandzakpress.net\/arhiva\/wp-content\/uploads\/2017\/11\/23795240_1987514501263911_1204233026072344751_n-616x345.jpg 616w\" sizes=\"(max-width: 960px) 100vw, 960px\" \/><\/p>\n<p><strong>Muftija sand\u017ea\u010dki hfz. Abdurrahman ef. Kujevi\u0107 odr\u017eao je 24. 11. 2017. godine hutbu u d\u017eamiji u novopazarskom naselju Varevo.\u00a0<\/strong><\/p>\n<p>Muftija Kujevi\u0107 je govorio na temu obaveze uspostavljanja reda i organiziranosti na zemlji. To je ustvari i zada\u0107a sa kojom nas je poslao Uzvi\u0161eni Stvoritelj na zemlju nazvav\u0161i nas Njegovim li\u010dnim halifama. Islam je vejra reda, sklada i organiziranosti. Ako malo pogledate u Sunnet Resulullaha alejhi selam vid<span class=\"text_exposed_show\">jet \u0107ete da je u svakoj situaciji u\u010dio svoj ummet da djeluju organizirano a ne haoti\u010dno. U ku\u0107i je propisano da postoji glava i onaj koji je odgovoran. U svakoj mahali muslimani moraju djelovati kroz d\u017eemat i tako redom sve do najve\u0107ih nivoa organiziranosti cijelog ummeta. Kada bi Resulullah poslao neku izvidnicu odredio bi im vodju makar ih bilo samo nekoliko ljudi. Ashabi su dobro shvatili ovu lekciju iz Sunneta pa kada je Resulullah alejhi selam preselio prvo \u0161to su uradili prije nego da mu klanjaju d\u017eenazu i da ukopaju njegovo mubarek tijelo jeste da su se sastali i izabrali sebi halifu, Ebu Bekra radijallahu anhu.\u00a0<\/p>\n<p>Nema pravde, sigurnosti, reda, mira, prosperiteta i blagostanja bez organiziranosti muslimana kroz institucije. I sve ovo \u0161to se doga\u0111a ummetu danas posljedica je izme\u0111u ostalog zato \u0161to ne postoji organizirani mehanizam za\u0161tite na\u0161ih univerzalnih vrijednosti i svetinja zaklju\u010dio je Muftija sand\u017ea\u010dki i ujedno \u010destitao d\u017eamatu Varevo na institucionalnoj svijesti koju su pokazali u zadnjem vaktu.<\/span><\/p>\n<p>\u00a0<img loading=\"lazy\" decoding=\"async\" class=\"alignnone size-full wp-image-199171\" src=\"https:\/\/sandzakpress.net\/arhiva\/wp-content\/uploads\/2017\/11\/23795581_1987514481263913_8044057540670413611_n.jpg\" alt=\"\" width=\"960\" height=\"538\" srcset=\"https:\/\/sandzakpress.net\/arhiva\/wp-content\/uploads\/2017\/11\/23795581_1987514481263913_8044057540670413611_n.jpg 960w, https:\/\/sandzakpress.net\/arhiva\/wp-content\/uploads\/2017\/11\/23795581_1987514481263913_8044057540670413611_n-768x430.jpg 768w, https:\/\/sandzakpress.net\/arhiva\/wp-content\/uploads\/2017\/11\/23795581_1987514481263913_8044057540670413611_n-616x345.jpg 616w\" sizes=\"(max-width: 960px) 100vw, 960px\" \/> <img loading=\"lazy\" decoding=\"async\" class=\"alignnone size-full wp-image-199172\" src=\"https:\/\/sandzakpress.net\/arhiva\/wp-content\/uploads\/2017\/11\/23843558_1987514474597247_4769597394921693152_n.jpg\" alt=\"\" width=\"960\" height=\"538\" srcset=\"https:\/\/sandzakpress.net\/arhiva\/wp-content\/uploads\/2017\/11\/23843558_1987514474597247_4769597394921693152_n.jpg 960w, https:\/\/sandzakpress.net\/arhiva\/wp-content\/uploads\/2017\/11\/23843558_1987514474597247_4769597394921693152_n-768x430.jpg 768w, https:\/\/sandzakpress.net\/arhiva\/wp-content\/uploads\/2017\/11\/23843558_1987514474597247_4769597394921693152_n-616x345.jpg 616w\" sizes=\"(max-width: 960px) 100vw, 960px\" \/><\/p>\n","protected":false},"excerpt":{"rendered":"<p>Muftija sand\u017ea\u010dki hfz. Abdurrahman ef. Kujevi\u0107 odr\u017eao je 24. 11. 2017. godine hutbu u d\u017eamiji u novopazarskom naselju Varevo.\u00a0 Muftija Kujevi\u0107 je govorio na temu obaveze uspostavljanja reda i organiziranosti na zemlji. To je ustvari i zada\u0107a sa kojom nas je poslao Uzvi\u0161eni Stvoritelj na zemlju nazvav\u0161i nas Njegovim li\u010dnim halifama. Islam je vejra reda, [&hellip;]<\/p>\n","protected":false},"author":509,"featured_media":199170,"comment_status":"open","ping_status":"open","sticky":false,"template":"","format":"standard","meta":{"footnotes":""},"categories":[72,802,16],"tags":[],"class_list":{"0":"post-199169","1":"post","2":"type-post","3":"status-publish","4":"format-standard","5":"has-post-thumbnail","7":"category-novi-pazar","8":"category-islamska_zajednica","9":"category-novine"},"yoast_head":"<!-- This site is optimized with the Yoast SEO Premium plugin v23.1 (Yoast SEO v24.9) - https:\/\/yoast.com\/wordpress\/plugins\/seo\/ -->\n<title>Muftija sand\u017ea\u010dki odr\u017eao hutbu u Varevu<\/title>\n<meta name=\"robots\" content=\"index, follow, max-snippet:-1, max-image-preview:large, max-video-preview:-1\" \/>\n<link rel=\"canonical\" href=\"https:\/\/sandzakpress.net\/arhiva\/muftija-sandzacki-odrzao-hutbu-u-varevu\/\" \/>\n<meta property=\"og:locale\" content=\"bs_BA\" \/>\n<meta property=\"og:type\" content=\"article\" \/>\n<meta property=\"og:title\" content=\"Muftija sand\u017ea\u010dki odr\u017eao hutbu u Varevu\" \/>\n<meta property=\"og:description\" content=\"Muftija sand\u017ea\u010dki hfz. Abdurrahman ef. Kujevi\u0107 odr\u017eao je 24. 11. 2017. godine hutbu u d\u017eamiji u novopazarskom naselju Varevo.\u00a0 Muftija Kujevi\u0107 je govorio na temu obaveze uspostavljanja reda i organiziranosti na zemlji. To je ustvari i zada\u0107a sa kojom nas je poslao Uzvi\u0161eni Stvoritelj na zemlju nazvav\u0161i nas Njegovim li\u010dnim halifama. Islam je vejra reda, [&hellip;]\" \/>\n<meta property=\"og:url\" content=\"https:\/\/sandzakpress.net\/arhiva\/muftija-sandzacki-odrzao-hutbu-u-varevu\/\" \/>\n<meta property=\"og:site_name\" content=\"Sand\u017eak PRESS\" \/>\n<meta property=\"article:published_time\" content=\"2017-11-25T13:49:33+00:00\" \/>\n<meta property=\"article:modified_time\" content=\"2017-11-25T13:50:06+00:00\" \/>\n<meta property=\"og:image\" content=\"https:\/\/sandzakpress.net\/arhiva\/wp-content\/uploads\/2017\/11\/23795240_1987514501263911_1204233026072344751_n.jpg\" \/>\n\t<meta property=\"og:image:width\" content=\"960\" \/>\n\t<meta property=\"og:image:height\" content=\"538\" \/>\n\t<meta property=\"og:image:type\" content=\"image\/jpeg\" \/>\n<meta name=\"author\" content=\"Agencija\" \/>\n<meta name=\"twitter:card\" content=\"summary_large_image\" \/>\n<meta name=\"twitter:label1\" content=\"Written by\" \/>\n\t<meta name=\"twitter:data1\" content=\"Agencija\" \/>\n\t<meta name=\"twitter:label2\" content=\"Est. reading time\" \/>\n\t<meta name=\"twitter:data2\" content=\"1 minuta\" \/>\n<script type=\"application\/ld+json\" class=\"yoast-schema-graph\">{\"@context\":\"https:\/\/schema.org\",\"@graph\":[{\"@type\":\"Article\",\"@id\":\"https:\/\/sandzakpress.net\/arhiva\/muftija-sandzacki-odrzao-hutbu-u-varevu\/#article\",\"isPartOf\":{\"@id\":\"https:\/\/sandzakpress.net\/arhiva\/muftija-sandzacki-odrzao-hutbu-u-varevu\/\"},\"author\":{\"name\":\"Agencija\",\"@id\":\"https:\/\/sandzakpress.net\/arhiva\/#\/schema\/person\/cb59d7e3ab91ab90dd680ad0305a6185\"},\"headline\":\"Muftija sand\u017ea\u010dki odr\u017eao hutbu u Varevu\",\"datePublished\":\"2017-11-25T13:49:33+00:00\",\"dateModified\":\"2017-11-25T13:50:06+00:00\",\"mainEntityOfPage\":{\"@id\":\"https:\/\/sandzakpress.net\/arhiva\/muftija-sandzacki-odrzao-hutbu-u-varevu\/\"},\"wordCount\":255,\"commentCount\":0,\"publisher\":{\"@id\":\"https:\/\/sandzakpress.net\/arhiva\/#\/schema\/person\/6e72b67d6e51910a1117b3b483ba20bd\"},\"image\":{\"@id\":\"https:\/\/sandzakpress.net\/arhiva\/muftija-sandzacki-odrzao-hutbu-u-varevu\/#primaryimage\"},\"thumbnailUrl\":\"https:\/\/sandzakpress.net\/arhiva\/wp-content\/uploads\/2017\/11\/23795240_1987514501263911_1204233026072344751_n.jpg\",\"articleSection\":[\"Novi Pazar\",\"Islamska zajednica\",\"Novine\"],\"inLanguage\":\"bs-BA\",\"potentialAction\":[{\"@type\":\"CommentAction\",\"name\":\"Comment\",\"target\":[\"https:\/\/sandzakpress.net\/arhiva\/muftija-sandzacki-odrzao-hutbu-u-varevu\/#respond\"]}]},{\"@type\":\"WebPage\",\"@id\":\"https:\/\/sandzakpress.net\/arhiva\/muftija-sandzacki-odrzao-hutbu-u-varevu\/\",\"url\":\"https:\/\/sandzakpress.net\/arhiva\/muftija-sandzacki-odrzao-hutbu-u-varevu\/\",\"name\":\"Muftija sand\u017ea\u010dki odr\u017eao hutbu u Varevu\",\"isPartOf\":{\"@id\":\"https:\/\/sandzakpress.net\/arhiva\/#website\"},\"primaryImageOfPage\":{\"@id\":\"https:\/\/sandzakpress.net\/arhiva\/muftija-sandzacki-odrzao-hutbu-u-varevu\/#primaryimage\"},\"image\":{\"@id\":\"https:\/\/sandzakpress.net\/arhiva\/muftija-sandzacki-odrzao-hutbu-u-varevu\/#primaryimage\"},\"thumbnailUrl\":\"https:\/\/sandzakpress.net\/arhiva\/wp-content\/uploads\/2017\/11\/23795240_1987514501263911_1204233026072344751_n.jpg\",\"datePublished\":\"2017-11-25T13:49:33+00:00\",\"dateModified\":\"2017-11-25T13:50:06+00:00\",\"breadcrumb\":{\"@id\":\"https:\/\/sandzakpress.net\/arhiva\/muftija-sandzacki-odrzao-hutbu-u-varevu\/#breadcrumb\"},\"inLanguage\":\"bs-BA\",\"potentialAction\":[{\"@type\":\"ReadAction\",\"target\":[\"https:\/\/sandzakpress.net\/arhiva\/muftija-sandzacki-odrzao-hutbu-u-varevu\/\"]}]},{\"@type\":\"ImageObject\",\"inLanguage\":\"bs-BA\",\"@id\":\"https:\/\/sandzakpress.net\/arhiva\/muftija-sandzacki-odrzao-hutbu-u-varevu\/#primaryimage\",\"url\":\"https:\/\/sandzakpress.net\/arhiva\/wp-content\/uploads\/2017\/11\/23795240_1987514501263911_1204233026072344751_n.jpg\",\"contentUrl\":\"https:\/\/sandzakpress.net\/arhiva\/wp-content\/uploads\/2017\/11\/23795240_1987514501263911_1204233026072344751_n.jpg\",\"width\":960,\"height\":538},{\"@type\":\"BreadcrumbList\",\"@id\":\"https:\/\/sandzakpress.net\/arhiva\/muftija-sandzacki-odrzao-hutbu-u-varevu\/#breadcrumb\",\"itemListElement\":[{\"@type\":\"ListItem\",\"position\":1,\"name\":\"Home\",\"item\":\"https:\/\/sandzakpress.net\/arhiva\/\"},{\"@type\":\"ListItem\",\"position\":2,\"name\":\"Muftija sand\u017ea\u010dki odr\u017eao hutbu u Varevu\"}]},{\"@type\":\"WebSite\",\"@id\":\"https:\/\/sandzakpress.net\/arhiva\/#website\",\"url\":\"https:\/\/sandzakpress.net\/arhiva\/\",\"name\":\"Sand\u017eak PRESS\",\"description\":\"Prve elektronske novine u Sand\u017eaku\",\"publisher\":{\"@id\":\"https:\/\/sandzakpress.net\/arhiva\/#\/schema\/person\/6e72b67d6e51910a1117b3b483ba20bd\"},\"potentialAction\":[{\"@type\":\"SearchAction\",\"target\":{\"@type\":\"EntryPoint\",\"urlTemplate\":\"https:\/\/sandzakpress.net\/arhiva\/?s={search_term_string}\"},\"query-input\":{\"@type\":\"PropertyValueSpecification\",\"valueRequired\":true,\"valueName\":\"search_term_string\"}}],\"inLanguage\":\"bs-BA\"},{\"@type\":[\"Person\",\"Organization\"],\"@id\":\"https:\/\/sandzakpress.net\/arhiva\/#\/schema\/person\/6e72b67d6e51910a1117b3b483ba20bd\",\"name\":\"Kul\",\"image\":{\"@type\":\"ImageObject\",\"inLanguage\":\"bs-BA\",\"@id\":\"https:\/\/sandzakpress.net\/arhiva\/#\/schema\/person\/image\/\",\"url\":\"https:\/\/secure.gravatar.com\/avatar\/42263f39aa27ac04c43cab85c280eb2e?s=96&d=mm&r=pg\",\"contentUrl\":\"https:\/\/secure.gravatar.com\/avatar\/42263f39aa27ac04c43cab85c280eb2e?s=96&d=mm&r=pg\",\"caption\":\"Kul\"},\"logo\":{\"@id\":\"https:\/\/sandzakpress.net\/arhiva\/#\/schema\/person\/image\/\"}},{\"@type\":\"Person\",\"@id\":\"https:\/\/sandzakpress.net\/arhiva\/#\/schema\/person\/cb59d7e3ab91ab90dd680ad0305a6185\",\"name\":\"Agencija\",\"image\":{\"@type\":\"ImageObject\",\"inLanguage\":\"bs-BA\",\"@id\":\"https:\/\/sandzakpress.net\/arhiva\/#\/schema\/person\/image\/\",\"url\":\"https:\/\/secure.gravatar.com\/avatar\/4b7fafa80a22f0c2afe23966b3961fe0?s=96&d=mm&r=pg\",\"contentUrl\":\"https:\/\/secure.gravatar.com\/avatar\/4b7fafa80a22f0c2afe23966b3961fe0?s=96&d=mm&r=pg\",\"caption\":\"Agencija\"},\"url\":\"https:\/\/sandzakpress.net\/arhiva\/author\/agencija\/\"}]}<\/script>\n<!-- \/ Yoast SEO Premium plugin. -->","yoast_head_json":{"title":"Muftija sand\u017ea\u010dki odr\u017eao hutbu u Varevu","robots":{"index":"index","follow":"follow","max-snippet":"max-snippet:-1","max-image-preview":"max-image-preview:large","max-video-preview":"max-video-preview:-1"},"canonical":"https:\/\/sandzakpress.net\/arhiva\/muftija-sandzacki-odrzao-hutbu-u-varevu\/","og_locale":"bs_BA","og_type":"article","og_title":"Muftija sand\u017ea\u010dki odr\u017eao hutbu u Varevu","og_description":"Muftija sand\u017ea\u010dki hfz. Abdurrahman ef. Kujevi\u0107 odr\u017eao je 24. 11. 2017. godine hutbu u d\u017eamiji u novopazarskom naselju Varevo.\u00a0 Muftija Kujevi\u0107 je govorio na temu obaveze uspostavljanja reda i organiziranosti na zemlji. To je ustvari i zada\u0107a sa kojom nas je poslao Uzvi\u0161eni Stvoritelj na zemlju nazvav\u0161i nas Njegovim li\u010dnim halifama. Islam je vejra reda, [&hellip;]","og_url":"https:\/\/sandzakpress.net\/arhiva\/muftija-sandzacki-odrzao-hutbu-u-varevu\/","og_site_name":"Sand\u017eak PRESS","article_published_time":"2017-11-25T13:49:33+00:00","article_modified_time":"2017-11-25T13:50:06+00:00","og_image":[{"width":960,"height":538,"url":"https:\/\/sandzakpress.net\/arhiva\/wp-content\/uploads\/2017\/11\/23795240_1987514501263911_1204233026072344751_n.jpg","type":"image\/jpeg"}],"author":"Agencija","twitter_card":"summary_large_image","twitter_misc":{"Written by":"Agencija","Est. reading time":"1 minuta"},"schema":{"@context":"https:\/\/schema.org","@graph":[{"@type":"Article","@id":"https:\/\/sandzakpress.net\/arhiva\/muftija-sandzacki-odrzao-hutbu-u-varevu\/#article","isPartOf":{"@id":"https:\/\/sandzakpress.net\/arhiva\/muftija-sandzacki-odrzao-hutbu-u-varevu\/"},"author":{"name":"Agencija","@id":"https:\/\/sandzakpress.net\/arhiva\/#\/schema\/person\/cb59d7e3ab91ab90dd680ad0305a6185"},"headline":"Muftija sand\u017ea\u010dki odr\u017eao hutbu u Varevu","datePublished":"2017-11-25T13:49:33+00:00","dateModified":"2017-11-25T13:50:06+00:00","mainEntityOfPage":{"@id":"https:\/\/sandzakpress.net\/arhiva\/muftija-sandzacki-odrzao-hutbu-u-varevu\/"},"wordCount":255,"commentCount":0,"publisher":{"@id":"https:\/\/sandzakpress.net\/arhiva\/#\/schema\/person\/6e72b67d6e51910a1117b3b483ba20bd"},"image":{"@id":"https:\/\/sandzakpress.net\/arhiva\/muftija-sandzacki-odrzao-hutbu-u-varevu\/#primaryimage"},"thumbnailUrl":"https:\/\/sandzakpress.net\/arhiva\/wp-content\/uploads\/2017\/11\/23795240_1987514501263911_1204233026072344751_n.jpg","articleSection":["Novi Pazar","Islamska zajednica","Novine"],"inLanguage":"bs-BA","potentialAction":[{"@type":"CommentAction","name":"Comment","target":["https:\/\/sandzakpress.net\/arhiva\/muftija-sandzacki-odrzao-hutbu-u-varevu\/#respond"]}]},{"@type":"WebPage","@id":"https:\/\/sandzakpress.net\/arhiva\/muftija-sandzacki-odrzao-hutbu-u-varevu\/","url":"https:\/\/sandzakpress.net\/arhiva\/muftija-sandzacki-odrzao-hutbu-u-varevu\/","name":"Muftija sand\u017ea\u010dki odr\u017eao hutbu u Varevu","isPartOf":{"@id":"https:\/\/sandzakpress.net\/arhiva\/#website"},"primaryImageOfPage":{"@id":"https:\/\/sandzakpress.net\/arhiva\/muftija-sandzacki-odrzao-hutbu-u-varevu\/#primaryimage"},"image":{"@id":"https:\/\/sandzakpress.net\/arhiva\/muftija-sandzacki-odrzao-hutbu-u-varevu\/#primaryimage"},"thumbnailUrl":"https:\/\/sandzakpress.net\/arhiva\/wp-content\/uploads\/2017\/11\/23795240_1987514501263911_1204233026072344751_n.jpg","datePublished":"2017-11-25T13:49:33+00:00","dateModified":"2017-11-25T13:50:06+00:00","breadcrumb":{"@id":"https:\/\/sandzakpress.net\/arhiva\/muftija-sandzacki-odrzao-hutbu-u-varevu\/#breadcrumb"},"inLanguage":"bs-BA","potentialAction":[{"@type":"ReadAction","target":["https:\/\/sandzakpress.net\/arhiva\/muftija-sandzacki-odrzao-hutbu-u-varevu\/"]}]},{"@type":"ImageObject","inLanguage":"bs-BA","@id":"https:\/\/sandzakpress.net\/arhiva\/muftija-sandzacki-odrzao-hutbu-u-varevu\/#primaryimage","url":"https:\/\/sandzakpress.net\/arhiva\/wp-content\/uploads\/2017\/11\/23795240_1987514501263911_1204233026072344751_n.jpg","contentUrl":"https:\/\/sandzakpress.net\/arhiva\/wp-content\/uploads\/2017\/11\/23795240_1987514501263911_1204233026072344751_n.jpg","width":960,"height":538},{"@type":"BreadcrumbList","@id":"https:\/\/sandzakpress.net\/arhiva\/muftija-sandzacki-odrzao-hutbu-u-varevu\/#breadcrumb","itemListElement":[{"@type":"ListItem","position":1,"name":"Home","item":"https:\/\/sandzakpress.net\/arhiva\/"},{"@type":"ListItem","position":2,"name":"Muftija sand\u017ea\u010dki odr\u017eao hutbu u Varevu"}]},{"@type":"WebSite","@id":"https:\/\/sandzakpress.net\/arhiva\/#website","url":"https:\/\/sandzakpress.net\/arhiva\/","name":"Sand\u017eak PRESS","description":"Prve elektronske novine u Sand\u017eaku","publisher":{"@id":"https:\/\/sandzakpress.net\/arhiva\/#\/schema\/person\/6e72b67d6e51910a1117b3b483ba20bd"},"potentialAction":[{"@type":"SearchAction","target":{"@type":"EntryPoint","urlTemplate":"https:\/\/sandzakpress.net\/arhiva\/?s={search_term_string}"},"query-input":{"@type":"PropertyValueSpecification","valueRequired":true,"valueName":"search_term_string"}}],"inLanguage":"bs-BA"},{"@type":["Person","Organization"],"@id":"https:\/\/sandzakpress.net\/arhiva\/#\/schema\/person\/6e72b67d6e51910a1117b3b483ba20bd","name":"Kul","image":{"@type":"ImageObject","inLanguage":"bs-BA","@id":"https:\/\/sandzakpress.net\/arhiva\/#\/schema\/person\/image\/","url":"https:\/\/secure.gravatar.com\/avatar\/42263f39aa27ac04c43cab85c280eb2e?s=96&d=mm&r=pg","contentUrl":"https:\/\/secure.gravatar.com\/avatar\/42263f39aa27ac04c43cab85c280eb2e?s=96&d=mm&r=pg","caption":"Kul"},"logo":{"@id":"https:\/\/sandzakpress.net\/arhiva\/#\/schema\/person\/image\/"}},{"@type":"Person","@id":"https:\/\/sandzakpress.net\/arhiva\/#\/schema\/person\/cb59d7e3ab91ab90dd680ad0305a6185","name":"Agencija","image":{"@type":"ImageObject","inLanguage":"bs-BA","@id":"https:\/\/sandzakpress.net\/arhiva\/#\/schema\/person\/image\/","url":"https:\/\/secure.gravatar.com\/avatar\/4b7fafa80a22f0c2afe23966b3961fe0?s=96&d=mm&r=pg","contentUrl":"https:\/\/secure.gravatar.com\/avatar\/4b7fafa80a22f0c2afe23966b3961fe0?s=96&d=mm&r=pg","caption":"Agencija"},"url":"https:\/\/sandzakpress.net\/arhiva\/author\/agencija\/"}]}},"_links":{"self":[{"href":"https:\/\/sandzakpress.net\/arhiva\/wp-json\/wp\/v2\/posts\/199169"}],"collection":[{"href":"https:\/\/sandzakpress.net\/arhiva\/wp-json\/wp\/v2\/posts"}],"about":[{"href":"https:\/\/sandzakpress.net\/arhiva\/wp-json\/wp\/v2\/types\/post"}],"author":[{"embeddable":true,"href":"https:\/\/sandzakpress.net\/arhiva\/wp-json\/wp\/v2\/users\/509"}],"replies":[{"embeddable":true,"href":"https:\/\/sandzakpress.net\/arhiva\/wp-json\/wp\/v2\/comments?post=199169"}],"version-history":[{"count":0,"href":"https:\/\/sandzakpress.net\/arhiva\/wp-json\/wp\/v2\/posts\/199169\/revisions"}],"wp:featuredmedia":[{"embeddable":true,"href":"https:\/\/sandzakpress.net\/arhiva\/wp-json\/wp\/v2\/media\/199170"}],"wp:attachment":[{"href":"https:\/\/sandzakpress.net\/arhiva\/wp-json\/wp\/v2\/media?parent=199169"}],"wp:term":[{"taxonomy":"category","embeddable":true,"href":"https:\/\/sandzakpress.net\/arhiva\/wp-json\/wp\/v2\/categories?post=199169"},{"taxonomy":"post_tag","embeddable":true,"href":"https:\/\/sandzakpress.net\/arhiva\/wp-json\/wp\/v2\/tags?post=199169"}],"curies":[{"name":"wp","href":"https:\/\/api.w.org\/{rel}","templated":true}]}}