{"id":199082,"date":"2017-11-24T12:33:51","date_gmt":"2017-11-24T11:33:51","guid":{"rendered":"https:\/\/sandzakpress.net\/arhiva\/dragan-covic-jedini-presutio-presudu-mladicu"},"modified":"2017-11-24T12:33:51","modified_gmt":"2017-11-24T11:33:51","slug":"dragan-covic-jedini-presutio-presudu-mladicu","status":"publish","type":"post","link":"https:\/\/sandzakpress.net\/arhiva\/dragan-covic-jedini-presutio-presudu-mladicu\/","title":{"rendered":"Dragan \u010covi\u0107 jedini pre\u0161utio presudu Mladi\u0107u"},"content":{"rendered":"<p><span class=\"cb-itemprop\"><\/p>\n<p><img decoding=\"async\" src=\"http:\/\/saff.ba\/wp-content\/uploads\/2017\/11\/ovic%CC%81-afganistan4-e1511368012876-595x340.jpg\" \/><\/p>\n<p>U moru reakcija na do\u017eivotnu kaznu zlo\u010dincu Ratku Mladi\u0107u danas se ipak izdvojilo nereagiranje predsjedavaju\u0107eg Predsjedni\u0161tva dr\u017eave na \u010dijem je tlu ovaj zlo\u010dinac po\u010dinio, kako je to sudsko Vije\u0107e navelo, zlo\u010dine koji su \u201cme\u0111u najgnusnijima poznatima \u010dovje\u010danstvu\u201d.<br \/>\nDragan \u010covi\u0107 danas je prisustvovao sve\u010danoj ceremoniji obilje\u017eavanja Dana Oru\u017eanih snaga BiH u bazi Bagram u Afganistanu. Slu\u017eba za odnose s javno\u0161\u0107u medije je doslovno zatrpala saop\u0161tenjima, fotografijama i video materijalom \u010covi\u0107evog posjeta. No, izostala je o\u010dekivana reakcija na presudu Mladi\u0107u.<\/p>\n<p>Predsjednika Srbije Aleksandra Vu\u010di\u0107a rezultat presude nije izenadio.<\/p>\n<p>Hrvatski premijer Andrej Plenkovi\u0107 ocijenio je da je kazna do\u017eivotnog zatvora Ratku Mladi\u0107u za zlo\u010dine po\u010dinjene u BiH primjerena. Presudu Mladi\u0107u komentirali su i pozicija i opozicija u Saboru RH. Nadaju se da \u0107e biti potvr\u0111ena i u drugostepenom postupku.<\/p>\n<p>Reagirala je \u010dak i hrvatska predsjednica Kolinda Grabar Kitarovi\u0107. Ka\u017ee da je Mladi\u0107 bio jedan od simbola rata, brutalnosti i genocidnosti.<\/p>\n<p>Je li Ratko Mladi\u0107 i za Dragana \u010covi\u0107a simbol brutalnosti i genocidnosti ili mo\u017eda heroj, kako ga je nazvao Milorad Dodik, danas javnost nije mogla doznati.<\/p>\n<p>Vijesti.ba<\/p>\n<p><\/span><br \/>\nPogledajte vijest na izvornom sajtu:<\/p>\n<p><a href=\"http:\/\/bosnapress.net\/dragan-covic-jedini-presutio-presudu-mladicu\/\" target=\"_blank\">Dragan \u010covi\u0107 jedini pre\u0161utio presudu Mladi\u0107u<\/a><\/p>\n","protected":false},"excerpt":{"rendered":"<p>U moru reakcija na do\u017eivotnu kaznu zlo\u010dincu Ratku Mladi\u0107u danas se ipak izdvojilo nereagiranje predsjedavaju\u0107eg Predsjedni\u0161tva dr\u017eave na \u010dijem je tlu ovaj zlo\u010dinac po\u010dinio, kako je to sudsko Vije\u0107e navelo, zlo\u010dine koji su \u201cme\u0111u najgnusnijima poznatima \u010dovje\u010danstvu\u201d. Dragan \u010covi\u0107 danas je prisustvovao sve\u010danoj ceremoniji obilje\u017eavanja Dana Oru\u017eanih snaga BiH u bazi Bagram u Afganistanu. Slu\u017eba [&hellip;]<\/p>\n","protected":false},"author":83,"featured_media":199084,"comment_status":"open","ping_status":"open","sticky":false,"template":"","format":"standard","meta":{"footnotes":""},"categories":[10513],"tags":[10466],"class_list":{"0":"post-199082","1":"post","2":"type-post","3":"status-publish","4":"format-standard","5":"has-post-thumbnail","7":"category-bosna-press","8":"tag-bosna-i-hercegovina"},"yoast_head":"<!-- This site is optimized with the Yoast SEO Premium plugin v23.1 (Yoast SEO v24.9) - https:\/\/yoast.com\/wordpress\/plugins\/seo\/ -->\n<title>Dragan \u010covi\u0107 jedini pre\u0161utio presudu Mladi\u0107u<\/title>\n<meta name=\"robots\" content=\"index, follow, max-snippet:-1, max-image-preview:large, max-video-preview:-1\" \/>\n<link rel=\"canonical\" href=\"https:\/\/sandzakpress.net\/arhiva\/dragan-covic-jedini-presutio-presudu-mladicu\/\" \/>\n<meta property=\"og:locale\" content=\"bs_BA\" \/>\n<meta property=\"og:type\" content=\"article\" \/>\n<meta property=\"og:title\" content=\"Dragan \u010covi\u0107 jedini pre\u0161utio presudu Mladi\u0107u\" \/>\n<meta property=\"og:description\" content=\"U moru reakcija na do\u017eivotnu kaznu zlo\u010dincu Ratku Mladi\u0107u danas se ipak izdvojilo nereagiranje predsjedavaju\u0107eg Predsjedni\u0161tva dr\u017eave na \u010dijem je tlu ovaj zlo\u010dinac po\u010dinio, kako je to sudsko Vije\u0107e navelo, zlo\u010dine koji su \u201cme\u0111u najgnusnijima poznatima \u010dovje\u010danstvu\u201d. Dragan \u010covi\u0107 danas je prisustvovao sve\u010danoj ceremoniji obilje\u017eavanja Dana Oru\u017eanih snaga BiH u bazi Bagram u Afganistanu. Slu\u017eba [&hellip;]\" \/>\n<meta property=\"og:url\" content=\"https:\/\/sandzakpress.net\/arhiva\/dragan-covic-jedini-presutio-presudu-mladicu\/\" \/>\n<meta property=\"og:site_name\" content=\"Sand\u017eak PRESS\" \/>\n<meta property=\"article:published_time\" content=\"2017-11-24T11:33:51+00:00\" \/>\n<meta property=\"og:image\" content=\"https:\/\/sandzakpress.net\/arhiva\/wp-content\/uploads\/2017\/11\/ovicCC81-afganistan4-e1511368012876-595x340.jpg\" \/>\n\t<meta property=\"og:image:width\" content=\"595\" \/>\n\t<meta property=\"og:image:height\" content=\"340\" \/>\n\t<meta property=\"og:image:type\" content=\"image\/jpeg\" \/>\n<meta name=\"author\" content=\"bosniak\" \/>\n<meta name=\"twitter:card\" content=\"summary_large_image\" \/>\n<meta name=\"twitter:label1\" content=\"Written by\" \/>\n\t<meta name=\"twitter:data1\" content=\"bosniak\" \/>\n\t<meta name=\"twitter:label2\" content=\"Est. reading time\" \/>\n\t<meta name=\"twitter:data2\" content=\"1 minuta\" \/>\n<script type=\"application\/ld+json\" class=\"yoast-schema-graph\">{\"@context\":\"https:\/\/schema.org\",\"@graph\":[{\"@type\":\"Article\",\"@id\":\"https:\/\/sandzakpress.net\/arhiva\/dragan-covic-jedini-presutio-presudu-mladicu\/#article\",\"isPartOf\":{\"@id\":\"https:\/\/sandzakpress.net\/arhiva\/dragan-covic-jedini-presutio-presudu-mladicu\/\"},\"author\":{\"name\":\"bosniak\",\"@id\":\"https:\/\/sandzakpress.net\/arhiva\/#\/schema\/person\/c8baee722073534b583ea7bdb2e36c02\"},\"headline\":\"Dragan \u010covi\u0107 jedini pre\u0161utio presudu Mladi\u0107u\",\"datePublished\":\"2017-11-24T11:33:51+00:00\",\"mainEntityOfPage\":{\"@id\":\"https:\/\/sandzakpress.net\/arhiva\/dragan-covic-jedini-presutio-presudu-mladicu\/\"},\"wordCount\":228,\"commentCount\":1,\"publisher\":{\"@id\":\"https:\/\/sandzakpress.net\/arhiva\/#\/schema\/person\/6e72b67d6e51910a1117b3b483ba20bd\"},\"image\":{\"@id\":\"https:\/\/sandzakpress.net\/arhiva\/dragan-covic-jedini-presutio-presudu-mladicu\/#primaryimage\"},\"thumbnailUrl\":\"https:\/\/sandzakpress.net\/arhiva\/wp-content\/uploads\/2017\/11\/ovicCC81-afganistan4-e1511368012876-595x340.jpg\",\"keywords\":[\"Bosna i Hercegovina\"],\"articleSection\":[\"Bosna PRESS\"],\"inLanguage\":\"bs-BA\",\"potentialAction\":[{\"@type\":\"CommentAction\",\"name\":\"Comment\",\"target\":[\"https:\/\/sandzakpress.net\/arhiva\/dragan-covic-jedini-presutio-presudu-mladicu\/#respond\"]}]},{\"@type\":\"WebPage\",\"@id\":\"https:\/\/sandzakpress.net\/arhiva\/dragan-covic-jedini-presutio-presudu-mladicu\/\",\"url\":\"https:\/\/sandzakpress.net\/arhiva\/dragan-covic-jedini-presutio-presudu-mladicu\/\",\"name\":\"Dragan \u010covi\u0107 jedini pre\u0161utio presudu Mladi\u0107u\",\"isPartOf\":{\"@id\":\"https:\/\/sandzakpress.net\/arhiva\/#website\"},\"primaryImageOfPage\":{\"@id\":\"https:\/\/sandzakpress.net\/arhiva\/dragan-covic-jedini-presutio-presudu-mladicu\/#primaryimage\"},\"image\":{\"@id\":\"https:\/\/sandzakpress.net\/arhiva\/dragan-covic-jedini-presutio-presudu-mladicu\/#primaryimage\"},\"thumbnailUrl\":\"https:\/\/sandzakpress.net\/arhiva\/wp-content\/uploads\/2017\/11\/ovicCC81-afganistan4-e1511368012876-595x340.jpg\",\"datePublished\":\"2017-11-24T11:33:51+00:00\",\"breadcrumb\":{\"@id\":\"https:\/\/sandzakpress.net\/arhiva\/dragan-covic-jedini-presutio-presudu-mladicu\/#breadcrumb\"},\"inLanguage\":\"bs-BA\",\"potentialAction\":[{\"@type\":\"ReadAction\",\"target\":[\"https:\/\/sandzakpress.net\/arhiva\/dragan-covic-jedini-presutio-presudu-mladicu\/\"]}]},{\"@type\":\"ImageObject\",\"inLanguage\":\"bs-BA\",\"@id\":\"https:\/\/sandzakpress.net\/arhiva\/dragan-covic-jedini-presutio-presudu-mladicu\/#primaryimage\",\"url\":\"https:\/\/sandzakpress.net\/arhiva\/wp-content\/uploads\/2017\/11\/ovicCC81-afganistan4-e1511368012876-595x340.jpg\",\"contentUrl\":\"https:\/\/sandzakpress.net\/arhiva\/wp-content\/uploads\/2017\/11\/ovicCC81-afganistan4-e1511368012876-595x340.jpg\",\"width\":595,\"height\":340},{\"@type\":\"BreadcrumbList\",\"@id\":\"https:\/\/sandzakpress.net\/arhiva\/dragan-covic-jedini-presutio-presudu-mladicu\/#breadcrumb\",\"itemListElement\":[{\"@type\":\"ListItem\",\"position\":1,\"name\":\"Home\",\"item\":\"https:\/\/sandzakpress.net\/arhiva\/\"},{\"@type\":\"ListItem\",\"position\":2,\"name\":\"Dragan \u010covi\u0107 jedini pre\u0161utio presudu Mladi\u0107u\"}]},{\"@type\":\"WebSite\",\"@id\":\"https:\/\/sandzakpress.net\/arhiva\/#website\",\"url\":\"https:\/\/sandzakpress.net\/arhiva\/\",\"name\":\"Sand\u017eak PRESS\",\"description\":\"Prve elektronske novine u Sand\u017eaku\",\"publisher\":{\"@id\":\"https:\/\/sandzakpress.net\/arhiva\/#\/schema\/person\/6e72b67d6e51910a1117b3b483ba20bd\"},\"potentialAction\":[{\"@type\":\"SearchAction\",\"target\":{\"@type\":\"EntryPoint\",\"urlTemplate\":\"https:\/\/sandzakpress.net\/arhiva\/?s={search_term_string}\"},\"query-input\":{\"@type\":\"PropertyValueSpecification\",\"valueRequired\":true,\"valueName\":\"search_term_string\"}}],\"inLanguage\":\"bs-BA\"},{\"@type\":[\"Person\",\"Organization\"],\"@id\":\"https:\/\/sandzakpress.net\/arhiva\/#\/schema\/person\/6e72b67d6e51910a1117b3b483ba20bd\",\"name\":\"Kul\",\"image\":{\"@type\":\"ImageObject\",\"inLanguage\":\"bs-BA\",\"@id\":\"https:\/\/sandzakpress.net\/arhiva\/#\/schema\/person\/image\/\",\"url\":\"https:\/\/secure.gravatar.com\/avatar\/42263f39aa27ac04c43cab85c280eb2e?s=96&d=mm&r=pg\",\"contentUrl\":\"https:\/\/secure.gravatar.com\/avatar\/42263f39aa27ac04c43cab85c280eb2e?s=96&d=mm&r=pg\",\"caption\":\"Kul\"},\"logo\":{\"@id\":\"https:\/\/sandzakpress.net\/arhiva\/#\/schema\/person\/image\/\"}},{\"@type\":\"Person\",\"@id\":\"https:\/\/sandzakpress.net\/arhiva\/#\/schema\/person\/c8baee722073534b583ea7bdb2e36c02\",\"name\":\"bosniak\",\"image\":{\"@type\":\"ImageObject\",\"inLanguage\":\"bs-BA\",\"@id\":\"https:\/\/sandzakpress.net\/arhiva\/#\/schema\/person\/image\/\",\"url\":\"https:\/\/secure.gravatar.com\/avatar\/a04fd330bfe3a36a72a0ad4a6d89fca7?s=96&d=mm&r=pg\",\"contentUrl\":\"https:\/\/secure.gravatar.com\/avatar\/a04fd330bfe3a36a72a0ad4a6d89fca7?s=96&d=mm&r=pg\",\"caption\":\"bosniak\"},\"url\":\"https:\/\/sandzakpress.net\/arhiva\/author\/bosniak\/\"}]}<\/script>\n<!-- \/ Yoast SEO Premium plugin. -->","yoast_head_json":{"title":"Dragan \u010covi\u0107 jedini pre\u0161utio presudu Mladi\u0107u","robots":{"index":"index","follow":"follow","max-snippet":"max-snippet:-1","max-image-preview":"max-image-preview:large","max-video-preview":"max-video-preview:-1"},"canonical":"https:\/\/sandzakpress.net\/arhiva\/dragan-covic-jedini-presutio-presudu-mladicu\/","og_locale":"bs_BA","og_type":"article","og_title":"Dragan \u010covi\u0107 jedini pre\u0161utio presudu Mladi\u0107u","og_description":"U moru reakcija na do\u017eivotnu kaznu zlo\u010dincu Ratku Mladi\u0107u danas se ipak izdvojilo nereagiranje predsjedavaju\u0107eg Predsjedni\u0161tva dr\u017eave na \u010dijem je tlu ovaj zlo\u010dinac po\u010dinio, kako je to sudsko Vije\u0107e navelo, zlo\u010dine koji su \u201cme\u0111u najgnusnijima poznatima \u010dovje\u010danstvu\u201d. Dragan \u010covi\u0107 danas je prisustvovao sve\u010danoj ceremoniji obilje\u017eavanja Dana Oru\u017eanih snaga BiH u bazi Bagram u Afganistanu. Slu\u017eba [&hellip;]","og_url":"https:\/\/sandzakpress.net\/arhiva\/dragan-covic-jedini-presutio-presudu-mladicu\/","og_site_name":"Sand\u017eak PRESS","article_published_time":"2017-11-24T11:33:51+00:00","og_image":[{"width":595,"height":340,"url":"https:\/\/sandzakpress.net\/arhiva\/wp-content\/uploads\/2017\/11\/ovicCC81-afganistan4-e1511368012876-595x340.jpg","type":"image\/jpeg"}],"author":"bosniak","twitter_card":"summary_large_image","twitter_misc":{"Written by":"bosniak","Est. reading time":"1 minuta"},"schema":{"@context":"https:\/\/schema.org","@graph":[{"@type":"Article","@id":"https:\/\/sandzakpress.net\/arhiva\/dragan-covic-jedini-presutio-presudu-mladicu\/#article","isPartOf":{"@id":"https:\/\/sandzakpress.net\/arhiva\/dragan-covic-jedini-presutio-presudu-mladicu\/"},"author":{"name":"bosniak","@id":"https:\/\/sandzakpress.net\/arhiva\/#\/schema\/person\/c8baee722073534b583ea7bdb2e36c02"},"headline":"Dragan \u010covi\u0107 jedini pre\u0161utio presudu Mladi\u0107u","datePublished":"2017-11-24T11:33:51+00:00","mainEntityOfPage":{"@id":"https:\/\/sandzakpress.net\/arhiva\/dragan-covic-jedini-presutio-presudu-mladicu\/"},"wordCount":228,"commentCount":1,"publisher":{"@id":"https:\/\/sandzakpress.net\/arhiva\/#\/schema\/person\/6e72b67d6e51910a1117b3b483ba20bd"},"image":{"@id":"https:\/\/sandzakpress.net\/arhiva\/dragan-covic-jedini-presutio-presudu-mladicu\/#primaryimage"},"thumbnailUrl":"https:\/\/sandzakpress.net\/arhiva\/wp-content\/uploads\/2017\/11\/ovicCC81-afganistan4-e1511368012876-595x340.jpg","keywords":["Bosna i Hercegovina"],"articleSection":["Bosna PRESS"],"inLanguage":"bs-BA","potentialAction":[{"@type":"CommentAction","name":"Comment","target":["https:\/\/sandzakpress.net\/arhiva\/dragan-covic-jedini-presutio-presudu-mladicu\/#respond"]}]},{"@type":"WebPage","@id":"https:\/\/sandzakpress.net\/arhiva\/dragan-covic-jedini-presutio-presudu-mladicu\/","url":"https:\/\/sandzakpress.net\/arhiva\/dragan-covic-jedini-presutio-presudu-mladicu\/","name":"Dragan \u010covi\u0107 jedini pre\u0161utio presudu Mladi\u0107u","isPartOf":{"@id":"https:\/\/sandzakpress.net\/arhiva\/#website"},"primaryImageOfPage":{"@id":"https:\/\/sandzakpress.net\/arhiva\/dragan-covic-jedini-presutio-presudu-mladicu\/#primaryimage"},"image":{"@id":"https:\/\/sandzakpress.net\/arhiva\/dragan-covic-jedini-presutio-presudu-mladicu\/#primaryimage"},"thumbnailUrl":"https:\/\/sandzakpress.net\/arhiva\/wp-content\/uploads\/2017\/11\/ovicCC81-afganistan4-e1511368012876-595x340.jpg","datePublished":"2017-11-24T11:33:51+00:00","breadcrumb":{"@id":"https:\/\/sandzakpress.net\/arhiva\/dragan-covic-jedini-presutio-presudu-mladicu\/#breadcrumb"},"inLanguage":"bs-BA","potentialAction":[{"@type":"ReadAction","target":["https:\/\/sandzakpress.net\/arhiva\/dragan-covic-jedini-presutio-presudu-mladicu\/"]}]},{"@type":"ImageObject","inLanguage":"bs-BA","@id":"https:\/\/sandzakpress.net\/arhiva\/dragan-covic-jedini-presutio-presudu-mladicu\/#primaryimage","url":"https:\/\/sandzakpress.net\/arhiva\/wp-content\/uploads\/2017\/11\/ovicCC81-afganistan4-e1511368012876-595x340.jpg","contentUrl":"https:\/\/sandzakpress.net\/arhiva\/wp-content\/uploads\/2017\/11\/ovicCC81-afganistan4-e1511368012876-595x340.jpg","width":595,"height":340},{"@type":"BreadcrumbList","@id":"https:\/\/sandzakpress.net\/arhiva\/dragan-covic-jedini-presutio-presudu-mladicu\/#breadcrumb","itemListElement":[{"@type":"ListItem","position":1,"name":"Home","item":"https:\/\/sandzakpress.net\/arhiva\/"},{"@type":"ListItem","position":2,"name":"Dragan \u010covi\u0107 jedini pre\u0161utio presudu Mladi\u0107u"}]},{"@type":"WebSite","@id":"https:\/\/sandzakpress.net\/arhiva\/#website","url":"https:\/\/sandzakpress.net\/arhiva\/","name":"Sand\u017eak PRESS","description":"Prve elektronske novine u Sand\u017eaku","publisher":{"@id":"https:\/\/sandzakpress.net\/arhiva\/#\/schema\/person\/6e72b67d6e51910a1117b3b483ba20bd"},"potentialAction":[{"@type":"SearchAction","target":{"@type":"EntryPoint","urlTemplate":"https:\/\/sandzakpress.net\/arhiva\/?s={search_term_string}"},"query-input":{"@type":"PropertyValueSpecification","valueRequired":true,"valueName":"search_term_string"}}],"inLanguage":"bs-BA"},{"@type":["Person","Organization"],"@id":"https:\/\/sandzakpress.net\/arhiva\/#\/schema\/person\/6e72b67d6e51910a1117b3b483ba20bd","name":"Kul","image":{"@type":"ImageObject","inLanguage":"bs-BA","@id":"https:\/\/sandzakpress.net\/arhiva\/#\/schema\/person\/image\/","url":"https:\/\/secure.gravatar.com\/avatar\/42263f39aa27ac04c43cab85c280eb2e?s=96&d=mm&r=pg","contentUrl":"https:\/\/secure.gravatar.com\/avatar\/42263f39aa27ac04c43cab85c280eb2e?s=96&d=mm&r=pg","caption":"Kul"},"logo":{"@id":"https:\/\/sandzakpress.net\/arhiva\/#\/schema\/person\/image\/"}},{"@type":"Person","@id":"https:\/\/sandzakpress.net\/arhiva\/#\/schema\/person\/c8baee722073534b583ea7bdb2e36c02","name":"bosniak","image":{"@type":"ImageObject","inLanguage":"bs-BA","@id":"https:\/\/sandzakpress.net\/arhiva\/#\/schema\/person\/image\/","url":"https:\/\/secure.gravatar.com\/avatar\/a04fd330bfe3a36a72a0ad4a6d89fca7?s=96&d=mm&r=pg","contentUrl":"https:\/\/secure.gravatar.com\/avatar\/a04fd330bfe3a36a72a0ad4a6d89fca7?s=96&d=mm&r=pg","caption":"bosniak"},"url":"https:\/\/sandzakpress.net\/arhiva\/author\/bosniak\/"}]}},"_links":{"self":[{"href":"https:\/\/sandzakpress.net\/arhiva\/wp-json\/wp\/v2\/posts\/199082"}],"collection":[{"href":"https:\/\/sandzakpress.net\/arhiva\/wp-json\/wp\/v2\/posts"}],"about":[{"href":"https:\/\/sandzakpress.net\/arhiva\/wp-json\/wp\/v2\/types\/post"}],"author":[{"embeddable":true,"href":"https:\/\/sandzakpress.net\/arhiva\/wp-json\/wp\/v2\/users\/83"}],"replies":[{"embeddable":true,"href":"https:\/\/sandzakpress.net\/arhiva\/wp-json\/wp\/v2\/comments?post=199082"}],"version-history":[{"count":0,"href":"https:\/\/sandzakpress.net\/arhiva\/wp-json\/wp\/v2\/posts\/199082\/revisions"}],"wp:featuredmedia":[{"embeddable":true,"href":"https:\/\/sandzakpress.net\/arhiva\/wp-json\/wp\/v2\/media\/199084"}],"wp:attachment":[{"href":"https:\/\/sandzakpress.net\/arhiva\/wp-json\/wp\/v2\/media?parent=199082"}],"wp:term":[{"taxonomy":"category","embeddable":true,"href":"https:\/\/sandzakpress.net\/arhiva\/wp-json\/wp\/v2\/categories?post=199082"},{"taxonomy":"post_tag","embeddable":true,"href":"https:\/\/sandzakpress.net\/arhiva\/wp-json\/wp\/v2\/tags?post=199082"}],"curies":[{"name":"wp","href":"https:\/\/api.w.org\/{rel}","templated":true}]}}