{"id":199079,"date":"2017-11-24T12:35:15","date_gmt":"2017-11-24T11:35:15","guid":{"rendered":"https:\/\/sandzakpress.net\/arhiva\/naslov-rezultati-genocida-na-bosnjacima"},"modified":"2017-11-24T12:35:15","modified_gmt":"2017-11-24T11:35:15","slug":"naslov-rezultati-genocida-na-bosnjacima","status":"publish","type":"post","link":"https:\/\/sandzakpress.net\/arhiva\/naslov-rezultati-genocida-na-bosnjacima\/","title":{"rendered":"Naslov: Rezultati genocida na Bo\u0161njacima"},"content":{"rendered":"<p><span class=\"cb-itemprop\"><\/p>\n<p><img decoding=\"async\" src=\"https:\/\/pbs.twimg.com\/media\/BoRrCZBCEAAqRFn.jpg\" alt=\"\u0420\u0435\u0437\u0443\u043b\u0442\u0430\u0442 \u0441\u043b\u0438\u043a\u0430 \u0437\u0430 genocid nad Bo\u0161njacima\" \/><\/p>\n<p>\u2013 broj poginulih Bo\u0161njaka iznosi vi\u0161e od 200.000 a od toga preko 22.000 djece;<\/p>\n<p>\u2013 broj ranjenih: 240.000, od toga 52.000 djece;<\/p>\n<p>\u2013 broj hendikepiranih 100.600, od toga preko 4.000 djece;<\/p>\n<p>\u2013 broj raseljenih: 1.225.000, u preko stotinu zemalja \u0161irom svijeta;<\/p>\n<p>\u2013 broj raseljenih unutar BiH iznosi 850.000;<\/p>\n<p>\u2013 broj silovanih \u017eena, 40.000;<\/p>\n<p>\u2013 broj silovanih mu\u0161karaca, nepoznat<\/p>\n<p>\u2013 broj nestalih lica: 53.600, od toga 28.420 iz Srebrenice i \u017depe;<\/p>\n<p>\u2013 broj sela koja su potpuno uni\u0161tena: 475;<\/p>\n<p>\u2013 broj gradova koji su okupirani: 61;<\/p>\n<p>\u2013 broj koncentracionih logora (u BiH. Srbiji, CG i Hrvatskoj): 397<\/p>\n<p>\u2013 broj o\u0161te\u0107enih i do temelja poru\u0161enih objekata islamske materijalne i sakralne kulture i civilizacije: mezaristani, turbeta, tekije, kutubhane, hamami, bezistani, imareti, musfirhane, sahat-kule, d\u017eamije, medrese, sebilji, karavan-saraji i hanovi prelazi cifru od 1.200 od \u010dega samo d\u017eamija: 618.<\/p>\n<p>\u2013 procenat ukupnog uni\u0161tenog stambenog fonda je oko 36%<\/p>\n<p>\u2013 Samo u Srebrenici je za sedam dana, jula 1995.g., ubijeno i odvedeno 10.748 ljudi (uglavnom mu\u0161karaca), a ostatak Bo\u0161nja\u010dkog stanovni\u0161tva je protjeran.<\/p>\n<p>\u2013 uni\u0161ten je skoro sav sto\u010dni fond;<\/p>\n<p>\u2013 oplja\u010dkani su brojni industrijski pogoni;<\/p>\n<p>\u2013 uni\u0161tene i oplja\u010dkane privatne ku\u0107e i zgrade, broj nepoznat;<\/p>\n<p>\u2013 gruba procjena: agresijom na R BiH (1992-1995) pri\u010dinjena \u0161tetu iznosi oko 300 milijardi dolara\u2026.<\/p>\n<p>NEZNANJE JE NAJVE\u0106I DU\u0160MANIN SVAKOG INSANA !!!<\/p>\n<p><\/span><br \/>\nPogledajte vijest na izvornom sajtu:<\/p>\n<p><a href=\"http:\/\/bosnapress.net\/naslov-rezultati-genocida-na-bosnjacima\/\" target=\"_blank\">Naslov: Rezultati genocida na Bo\u0161njacima<\/a><\/p>\n","protected":false},"excerpt":{"rendered":"<p>\u2013 broj poginulih Bo\u0161njaka iznosi vi\u0161e od 200.000 a od toga preko 22.000 djece; \u2013 broj ranjenih: 240.000, od toga 52.000 djece; \u2013 broj hendikepiranih 100.600, od toga preko 4.000 djece; \u2013 broj raseljenih: 1.225.000, u preko stotinu zemalja \u0161irom svijeta; \u2013 broj raseljenih unutar BiH iznosi 850.000; \u2013 broj silovanih \u017eena, 40.000; \u2013 broj [&hellip;]<\/p>\n","protected":false},"author":83,"featured_media":199081,"comment_status":"open","ping_status":"open","sticky":false,"template":"","format":"standard","meta":{"footnotes":""},"categories":[10513],"tags":[10466],"class_list":{"0":"post-199079","1":"post","2":"type-post","3":"status-publish","4":"format-standard","5":"has-post-thumbnail","7":"category-bosna-press","8":"tag-bosna-i-hercegovina"},"yoast_head":"<!-- This site is optimized with the Yoast SEO Premium plugin v23.1 (Yoast SEO v24.9) - https:\/\/yoast.com\/wordpress\/plugins\/seo\/ -->\n<title>Naslov: Rezultati genocida na Bo\u0161njacima<\/title>\n<meta name=\"robots\" content=\"index, follow, max-snippet:-1, max-image-preview:large, max-video-preview:-1\" \/>\n<link rel=\"canonical\" href=\"https:\/\/sandzakpress.net\/arhiva\/naslov-rezultati-genocida-na-bosnjacima\/\" \/>\n<meta property=\"og:locale\" content=\"bs_BA\" \/>\n<meta property=\"og:type\" content=\"article\" \/>\n<meta property=\"og:title\" content=\"Naslov: Rezultati genocida na Bo\u0161njacima\" \/>\n<meta property=\"og:description\" content=\"\u2013 broj poginulih Bo\u0161njaka iznosi vi\u0161e od 200.000 a od toga preko 22.000 djece; \u2013 broj ranjenih: 240.000, od toga 52.000 djece; \u2013 broj hendikepiranih 100.600, od toga preko 4.000 djece; \u2013 broj raseljenih: 1.225.000, u preko stotinu zemalja \u0161irom svijeta; \u2013 broj raseljenih unutar BiH iznosi 850.000; \u2013 broj silovanih \u017eena, 40.000; \u2013 broj [&hellip;]\" \/>\n<meta property=\"og:url\" content=\"https:\/\/sandzakpress.net\/arhiva\/naslov-rezultati-genocida-na-bosnjacima\/\" \/>\n<meta property=\"og:site_name\" content=\"Sand\u017eak PRESS\" \/>\n<meta property=\"article:published_time\" content=\"2017-11-24T11:35:15+00:00\" \/>\n<meta property=\"og:image\" content=\"https:\/\/sandzakpress.net\/arhiva\/wp-content\/uploads\/2017\/11\/BoRrCZBCEAAqRFn-1.jpg\" \/>\n\t<meta property=\"og:image:width\" content=\"600\" \/>\n\t<meta property=\"og:image:height\" content=\"600\" \/>\n\t<meta property=\"og:image:type\" content=\"image\/jpeg\" \/>\n<meta name=\"author\" content=\"bosniak\" \/>\n<meta name=\"twitter:card\" content=\"summary_large_image\" \/>\n<meta name=\"twitter:label1\" content=\"Written by\" \/>\n\t<meta name=\"twitter:data1\" content=\"bosniak\" \/>\n\t<meta name=\"twitter:label2\" content=\"Est. reading time\" \/>\n\t<meta name=\"twitter:data2\" content=\"1 minuta\" \/>\n<script type=\"application\/ld+json\" class=\"yoast-schema-graph\">{\"@context\":\"https:\/\/schema.org\",\"@graph\":[{\"@type\":\"Article\",\"@id\":\"https:\/\/sandzakpress.net\/arhiva\/naslov-rezultati-genocida-na-bosnjacima\/#article\",\"isPartOf\":{\"@id\":\"https:\/\/sandzakpress.net\/arhiva\/naslov-rezultati-genocida-na-bosnjacima\/\"},\"author\":{\"name\":\"bosniak\",\"@id\":\"https:\/\/sandzakpress.net\/arhiva\/#\/schema\/person\/c8baee722073534b583ea7bdb2e36c02\"},\"headline\":\"Naslov: Rezultati genocida na Bo\u0161njacima\",\"datePublished\":\"2017-11-24T11:35:15+00:00\",\"mainEntityOfPage\":{\"@id\":\"https:\/\/sandzakpress.net\/arhiva\/naslov-rezultati-genocida-na-bosnjacima\/\"},\"wordCount\":214,\"commentCount\":0,\"publisher\":{\"@id\":\"https:\/\/sandzakpress.net\/arhiva\/#\/schema\/person\/6e72b67d6e51910a1117b3b483ba20bd\"},\"image\":{\"@id\":\"https:\/\/sandzakpress.net\/arhiva\/naslov-rezultati-genocida-na-bosnjacima\/#primaryimage\"},\"thumbnailUrl\":\"https:\/\/sandzakpress.net\/arhiva\/wp-content\/uploads\/2017\/11\/BoRrCZBCEAAqRFn-1.jpg\",\"keywords\":[\"Bosna i Hercegovina\"],\"articleSection\":[\"Bosna PRESS\"],\"inLanguage\":\"bs-BA\",\"potentialAction\":[{\"@type\":\"CommentAction\",\"name\":\"Comment\",\"target\":[\"https:\/\/sandzakpress.net\/arhiva\/naslov-rezultati-genocida-na-bosnjacima\/#respond\"]}]},{\"@type\":\"WebPage\",\"@id\":\"https:\/\/sandzakpress.net\/arhiva\/naslov-rezultati-genocida-na-bosnjacima\/\",\"url\":\"https:\/\/sandzakpress.net\/arhiva\/naslov-rezultati-genocida-na-bosnjacima\/\",\"name\":\"Naslov: Rezultati genocida na Bo\u0161njacima\",\"isPartOf\":{\"@id\":\"https:\/\/sandzakpress.net\/arhiva\/#website\"},\"primaryImageOfPage\":{\"@id\":\"https:\/\/sandzakpress.net\/arhiva\/naslov-rezultati-genocida-na-bosnjacima\/#primaryimage\"},\"image\":{\"@id\":\"https:\/\/sandzakpress.net\/arhiva\/naslov-rezultati-genocida-na-bosnjacima\/#primaryimage\"},\"thumbnailUrl\":\"https:\/\/sandzakpress.net\/arhiva\/wp-content\/uploads\/2017\/11\/BoRrCZBCEAAqRFn-1.jpg\",\"datePublished\":\"2017-11-24T11:35:15+00:00\",\"breadcrumb\":{\"@id\":\"https:\/\/sandzakpress.net\/arhiva\/naslov-rezultati-genocida-na-bosnjacima\/#breadcrumb\"},\"inLanguage\":\"bs-BA\",\"potentialAction\":[{\"@type\":\"ReadAction\",\"target\":[\"https:\/\/sandzakpress.net\/arhiva\/naslov-rezultati-genocida-na-bosnjacima\/\"]}]},{\"@type\":\"ImageObject\",\"inLanguage\":\"bs-BA\",\"@id\":\"https:\/\/sandzakpress.net\/arhiva\/naslov-rezultati-genocida-na-bosnjacima\/#primaryimage\",\"url\":\"https:\/\/sandzakpress.net\/arhiva\/wp-content\/uploads\/2017\/11\/BoRrCZBCEAAqRFn-1.jpg\",\"contentUrl\":\"https:\/\/sandzakpress.net\/arhiva\/wp-content\/uploads\/2017\/11\/BoRrCZBCEAAqRFn-1.jpg\",\"width\":600,\"height\":600},{\"@type\":\"BreadcrumbList\",\"@id\":\"https:\/\/sandzakpress.net\/arhiva\/naslov-rezultati-genocida-na-bosnjacima\/#breadcrumb\",\"itemListElement\":[{\"@type\":\"ListItem\",\"position\":1,\"name\":\"Home\",\"item\":\"https:\/\/sandzakpress.net\/arhiva\/\"},{\"@type\":\"ListItem\",\"position\":2,\"name\":\"Naslov: Rezultati genocida na Bo\u0161njacima\"}]},{\"@type\":\"WebSite\",\"@id\":\"https:\/\/sandzakpress.net\/arhiva\/#website\",\"url\":\"https:\/\/sandzakpress.net\/arhiva\/\",\"name\":\"Sand\u017eak PRESS\",\"description\":\"Prve elektronske novine u Sand\u017eaku\",\"publisher\":{\"@id\":\"https:\/\/sandzakpress.net\/arhiva\/#\/schema\/person\/6e72b67d6e51910a1117b3b483ba20bd\"},\"potentialAction\":[{\"@type\":\"SearchAction\",\"target\":{\"@type\":\"EntryPoint\",\"urlTemplate\":\"https:\/\/sandzakpress.net\/arhiva\/?s={search_term_string}\"},\"query-input\":{\"@type\":\"PropertyValueSpecification\",\"valueRequired\":true,\"valueName\":\"search_term_string\"}}],\"inLanguage\":\"bs-BA\"},{\"@type\":[\"Person\",\"Organization\"],\"@id\":\"https:\/\/sandzakpress.net\/arhiva\/#\/schema\/person\/6e72b67d6e51910a1117b3b483ba20bd\",\"name\":\"Kul\",\"image\":{\"@type\":\"ImageObject\",\"inLanguage\":\"bs-BA\",\"@id\":\"https:\/\/sandzakpress.net\/arhiva\/#\/schema\/person\/image\/\",\"url\":\"https:\/\/secure.gravatar.com\/avatar\/42263f39aa27ac04c43cab85c280eb2e?s=96&d=mm&r=pg\",\"contentUrl\":\"https:\/\/secure.gravatar.com\/avatar\/42263f39aa27ac04c43cab85c280eb2e?s=96&d=mm&r=pg\",\"caption\":\"Kul\"},\"logo\":{\"@id\":\"https:\/\/sandzakpress.net\/arhiva\/#\/schema\/person\/image\/\"}},{\"@type\":\"Person\",\"@id\":\"https:\/\/sandzakpress.net\/arhiva\/#\/schema\/person\/c8baee722073534b583ea7bdb2e36c02\",\"name\":\"bosniak\",\"image\":{\"@type\":\"ImageObject\",\"inLanguage\":\"bs-BA\",\"@id\":\"https:\/\/sandzakpress.net\/arhiva\/#\/schema\/person\/image\/\",\"url\":\"https:\/\/secure.gravatar.com\/avatar\/a04fd330bfe3a36a72a0ad4a6d89fca7?s=96&d=mm&r=pg\",\"contentUrl\":\"https:\/\/secure.gravatar.com\/avatar\/a04fd330bfe3a36a72a0ad4a6d89fca7?s=96&d=mm&r=pg\",\"caption\":\"bosniak\"},\"url\":\"https:\/\/sandzakpress.net\/arhiva\/author\/bosniak\/\"}]}<\/script>\n<!-- \/ Yoast SEO Premium plugin. -->","yoast_head_json":{"title":"Naslov: Rezultati genocida na Bo\u0161njacima","robots":{"index":"index","follow":"follow","max-snippet":"max-snippet:-1","max-image-preview":"max-image-preview:large","max-video-preview":"max-video-preview:-1"},"canonical":"https:\/\/sandzakpress.net\/arhiva\/naslov-rezultati-genocida-na-bosnjacima\/","og_locale":"bs_BA","og_type":"article","og_title":"Naslov: Rezultati genocida na Bo\u0161njacima","og_description":"\u2013 broj poginulih Bo\u0161njaka iznosi vi\u0161e od 200.000 a od toga preko 22.000 djece; \u2013 broj ranjenih: 240.000, od toga 52.000 djece; \u2013 broj hendikepiranih 100.600, od toga preko 4.000 djece; \u2013 broj raseljenih: 1.225.000, u preko stotinu zemalja \u0161irom svijeta; \u2013 broj raseljenih unutar BiH iznosi 850.000; \u2013 broj silovanih \u017eena, 40.000; \u2013 broj [&hellip;]","og_url":"https:\/\/sandzakpress.net\/arhiva\/naslov-rezultati-genocida-na-bosnjacima\/","og_site_name":"Sand\u017eak PRESS","article_published_time":"2017-11-24T11:35:15+00:00","og_image":[{"width":600,"height":600,"url":"https:\/\/sandzakpress.net\/arhiva\/wp-content\/uploads\/2017\/11\/BoRrCZBCEAAqRFn-1.jpg","type":"image\/jpeg"}],"author":"bosniak","twitter_card":"summary_large_image","twitter_misc":{"Written by":"bosniak","Est. reading time":"1 minuta"},"schema":{"@context":"https:\/\/schema.org","@graph":[{"@type":"Article","@id":"https:\/\/sandzakpress.net\/arhiva\/naslov-rezultati-genocida-na-bosnjacima\/#article","isPartOf":{"@id":"https:\/\/sandzakpress.net\/arhiva\/naslov-rezultati-genocida-na-bosnjacima\/"},"author":{"name":"bosniak","@id":"https:\/\/sandzakpress.net\/arhiva\/#\/schema\/person\/c8baee722073534b583ea7bdb2e36c02"},"headline":"Naslov: Rezultati genocida na Bo\u0161njacima","datePublished":"2017-11-24T11:35:15+00:00","mainEntityOfPage":{"@id":"https:\/\/sandzakpress.net\/arhiva\/naslov-rezultati-genocida-na-bosnjacima\/"},"wordCount":214,"commentCount":0,"publisher":{"@id":"https:\/\/sandzakpress.net\/arhiva\/#\/schema\/person\/6e72b67d6e51910a1117b3b483ba20bd"},"image":{"@id":"https:\/\/sandzakpress.net\/arhiva\/naslov-rezultati-genocida-na-bosnjacima\/#primaryimage"},"thumbnailUrl":"https:\/\/sandzakpress.net\/arhiva\/wp-content\/uploads\/2017\/11\/BoRrCZBCEAAqRFn-1.jpg","keywords":["Bosna i Hercegovina"],"articleSection":["Bosna PRESS"],"inLanguage":"bs-BA","potentialAction":[{"@type":"CommentAction","name":"Comment","target":["https:\/\/sandzakpress.net\/arhiva\/naslov-rezultati-genocida-na-bosnjacima\/#respond"]}]},{"@type":"WebPage","@id":"https:\/\/sandzakpress.net\/arhiva\/naslov-rezultati-genocida-na-bosnjacima\/","url":"https:\/\/sandzakpress.net\/arhiva\/naslov-rezultati-genocida-na-bosnjacima\/","name":"Naslov: Rezultati genocida na Bo\u0161njacima","isPartOf":{"@id":"https:\/\/sandzakpress.net\/arhiva\/#website"},"primaryImageOfPage":{"@id":"https:\/\/sandzakpress.net\/arhiva\/naslov-rezultati-genocida-na-bosnjacima\/#primaryimage"},"image":{"@id":"https:\/\/sandzakpress.net\/arhiva\/naslov-rezultati-genocida-na-bosnjacima\/#primaryimage"},"thumbnailUrl":"https:\/\/sandzakpress.net\/arhiva\/wp-content\/uploads\/2017\/11\/BoRrCZBCEAAqRFn-1.jpg","datePublished":"2017-11-24T11:35:15+00:00","breadcrumb":{"@id":"https:\/\/sandzakpress.net\/arhiva\/naslov-rezultati-genocida-na-bosnjacima\/#breadcrumb"},"inLanguage":"bs-BA","potentialAction":[{"@type":"ReadAction","target":["https:\/\/sandzakpress.net\/arhiva\/naslov-rezultati-genocida-na-bosnjacima\/"]}]},{"@type":"ImageObject","inLanguage":"bs-BA","@id":"https:\/\/sandzakpress.net\/arhiva\/naslov-rezultati-genocida-na-bosnjacima\/#primaryimage","url":"https:\/\/sandzakpress.net\/arhiva\/wp-content\/uploads\/2017\/11\/BoRrCZBCEAAqRFn-1.jpg","contentUrl":"https:\/\/sandzakpress.net\/arhiva\/wp-content\/uploads\/2017\/11\/BoRrCZBCEAAqRFn-1.jpg","width":600,"height":600},{"@type":"BreadcrumbList","@id":"https:\/\/sandzakpress.net\/arhiva\/naslov-rezultati-genocida-na-bosnjacima\/#breadcrumb","itemListElement":[{"@type":"ListItem","position":1,"name":"Home","item":"https:\/\/sandzakpress.net\/arhiva\/"},{"@type":"ListItem","position":2,"name":"Naslov: Rezultati genocida na Bo\u0161njacima"}]},{"@type":"WebSite","@id":"https:\/\/sandzakpress.net\/arhiva\/#website","url":"https:\/\/sandzakpress.net\/arhiva\/","name":"Sand\u017eak PRESS","description":"Prve elektronske novine u Sand\u017eaku","publisher":{"@id":"https:\/\/sandzakpress.net\/arhiva\/#\/schema\/person\/6e72b67d6e51910a1117b3b483ba20bd"},"potentialAction":[{"@type":"SearchAction","target":{"@type":"EntryPoint","urlTemplate":"https:\/\/sandzakpress.net\/arhiva\/?s={search_term_string}"},"query-input":{"@type":"PropertyValueSpecification","valueRequired":true,"valueName":"search_term_string"}}],"inLanguage":"bs-BA"},{"@type":["Person","Organization"],"@id":"https:\/\/sandzakpress.net\/arhiva\/#\/schema\/person\/6e72b67d6e51910a1117b3b483ba20bd","name":"Kul","image":{"@type":"ImageObject","inLanguage":"bs-BA","@id":"https:\/\/sandzakpress.net\/arhiva\/#\/schema\/person\/image\/","url":"https:\/\/secure.gravatar.com\/avatar\/42263f39aa27ac04c43cab85c280eb2e?s=96&d=mm&r=pg","contentUrl":"https:\/\/secure.gravatar.com\/avatar\/42263f39aa27ac04c43cab85c280eb2e?s=96&d=mm&r=pg","caption":"Kul"},"logo":{"@id":"https:\/\/sandzakpress.net\/arhiva\/#\/schema\/person\/image\/"}},{"@type":"Person","@id":"https:\/\/sandzakpress.net\/arhiva\/#\/schema\/person\/c8baee722073534b583ea7bdb2e36c02","name":"bosniak","image":{"@type":"ImageObject","inLanguage":"bs-BA","@id":"https:\/\/sandzakpress.net\/arhiva\/#\/schema\/person\/image\/","url":"https:\/\/secure.gravatar.com\/avatar\/a04fd330bfe3a36a72a0ad4a6d89fca7?s=96&d=mm&r=pg","contentUrl":"https:\/\/secure.gravatar.com\/avatar\/a04fd330bfe3a36a72a0ad4a6d89fca7?s=96&d=mm&r=pg","caption":"bosniak"},"url":"https:\/\/sandzakpress.net\/arhiva\/author\/bosniak\/"}]}},"_links":{"self":[{"href":"https:\/\/sandzakpress.net\/arhiva\/wp-json\/wp\/v2\/posts\/199079"}],"collection":[{"href":"https:\/\/sandzakpress.net\/arhiva\/wp-json\/wp\/v2\/posts"}],"about":[{"href":"https:\/\/sandzakpress.net\/arhiva\/wp-json\/wp\/v2\/types\/post"}],"author":[{"embeddable":true,"href":"https:\/\/sandzakpress.net\/arhiva\/wp-json\/wp\/v2\/users\/83"}],"replies":[{"embeddable":true,"href":"https:\/\/sandzakpress.net\/arhiva\/wp-json\/wp\/v2\/comments?post=199079"}],"version-history":[{"count":0,"href":"https:\/\/sandzakpress.net\/arhiva\/wp-json\/wp\/v2\/posts\/199079\/revisions"}],"wp:featuredmedia":[{"embeddable":true,"href":"https:\/\/sandzakpress.net\/arhiva\/wp-json\/wp\/v2\/media\/199081"}],"wp:attachment":[{"href":"https:\/\/sandzakpress.net\/arhiva\/wp-json\/wp\/v2\/media?parent=199079"}],"wp:term":[{"taxonomy":"category","embeddable":true,"href":"https:\/\/sandzakpress.net\/arhiva\/wp-json\/wp\/v2\/categories?post=199079"},{"taxonomy":"post_tag","embeddable":true,"href":"https:\/\/sandzakpress.net\/arhiva\/wp-json\/wp\/v2\/tags?post=199079"}],"curies":[{"name":"wp","href":"https:\/\/api.w.org\/{rel}","templated":true}]}}