{"id":198938,"date":"2017-11-22T12:10:57","date_gmt":"2017-11-22T11:10:57","guid":{"rendered":"https:\/\/sandzakpress.net\/arhiva\/?p=198938"},"modified":"2017-11-22T12:10:57","modified_gmt":"2017-11-22T11:10:57","slug":"hag-ratko-mladic-osuden-na-dozivotnu-kaznu-zatvora","status":"publish","type":"post","link":"https:\/\/sandzakpress.net\/arhiva\/hag-ratko-mladic-osuden-na-dozivotnu-kaznu-zatvora\/","title":{"rendered":"Hag: Ratko Mladi\u0107 osu\u0111en na do\u017eivotnu kaznu zatvora"},"content":{"rendered":"<div class=\"panel-pane pane-views pane-live-blog clearfix\">\n<div class=\"container\">\n<div class=\"pane-wrapper\">\n<div class=\"pane-content\">\n<div class=\"view view-live-blog view-id-live_blog view-display-id-live_blog row view-dom-id-965c1913be3ca50bab917b1e93ad77db\">\n<div class=\"view-content\">\n<div class=\"views-row views-row-1 views-row-odd views-row-first views-row-last col-md-8\">\n<div class=\"views-field views-field-body\">\n<div class=\"field-content\">\n<p><img decoding=\"async\" src=\"http:\/\/balkans.aljazeera.net\/sites\/default\/files\/styles\/d8\/public\/ratko_mladic_udaljavanje_ajb.png?itok=vv6rKzzq\" \/><\/p>\n<p><strong>Sudsko vije\u0107e Ha\u0161kog tribunala izreklo je prvostepenu presudu biv\u0161em generalu Vojske Republike Srpske\u00a0Ratku Mladi\u0107u\u00a0po optu\u017enici za genocid i zlo\u010dine protiv \u010dovje\u010dnosti\u00a0po\u010dinjene u Bosni\u00a0i Hercegovini od 1992. do 1995. godine.<\/strong><\/p>\n<\/div>\n<\/div>\n<\/div>\n<\/div>\n<\/div>\n<\/div>\n<\/div>\n<\/div>\n<\/div>\n<div class=\"panel-pane pane-block pane-ajb-sharebar-sharebarvideo pane-ajb-sharebar clearfix\">\n<div id=\"blog-update-197821\" class=\"views-row views-row-1 views-row-odd views-row-first\">\n<div class=\"node node-ajb-live-blog-update node-promoted node-teaser view-mode-teaser\">\n<div class=\"row\">\n<div class=\"col-sm-9 \">\n<div class=\"field field-name-body field-type-text-with-summary field-label-hidden\">\n<div class=\"field-items\">\n<div class=\"field-item even\">\n<p>Vije\u0107e je konstatovalo da je optu\u017eeni bio dio UZP-a u vezi uzimanja talaca\u00a0iz razloga navedenih u rezimeu, uzev\u0161i dokaze iznesene te pravne konstatacije, Vije\u0107e utvr\u0111uje da Mladi\u0107 nije kriv za ta\u010dku genocid u \u0161est op\u0161tina<\/p>\n<p>Kriv je za ta\u010dke ta\u010dku 2. srebrenica, ta\u010dka 3. progon i\u00a04 istrebljenje,\u00a0zlo\u010din protiv \u010dovje\u010dnosti, istrebljenje i zlo\u010din.<\/p>\n<p>Vije\u0107e je izreklo do\u017eivotnu kaznu zatvora.<\/p>\n<p>Vije\u0107e je uzelo te\u017einu djela\u00a0za koje je utvrdilo da je kriv.<\/p>\n<p>Zlo\u010dini za koje je optu\u017een su me\u0111u najte\u017eim poznatim \u010dovje\u010danstvu.<\/p>\n<p>Kao olak\u0161avaju\u0107e okolnosti, uzete su njegov dobar karaker, pomaganje nekim muslimanima, slabo zdravlje, poodmaklo doba,\u00a0te okolnosti imaju malu te\u017einu.<\/p>\n<p>Time je izricanje presude zavr\u0161eno.<\/p>\n<\/div>\n<\/div>\n<\/div>\n<\/div>\n<\/div>\n<\/div>\n<\/div>\n<div id=\"blog-update-197816\" class=\"views-row views-row-2 views-row-even\">\n<div class=\"node node-ajb-live-blog-update node-promoted node-teaser view-mode-teaser\">\n<div class=\"row\">\n<div class=\"col-sm-9 \">\n<div class=\"field field-name-body field-type-text-with-summary field-label-hidden\">\n<div class=\"field-items\">\n<div class=\"field-item even\">\n<p>Optu\u017eeni je znatno doprinio da cilj UZP-a u vezi Srebrenice bude proveden,\u00a0te u \u010dinjenju genocida, ubistava, progona, istrebljenja.<\/p>\n<p>Vije\u0107e je uzelo u obzir Mladi\u0107eve izjave i radnje tokom razmatranja uloge u UZP-u. Optu\u017eeni je negirao da je u Srebrenici \u010dinjen ratni zlo\u010din i masovni progon,\u00a0te je pogre\u0161no informirao medije o de\u0161avanjima u srebreni\u010dkoj regiji.<\/p>\n<p>Optu\u017eeni je dao brojne izjave da se treba osvetiti bosanskim muslimanima u Srebrenici\u00a0i rekao da bi oni davno nestali da se nije oko njih anga\u017eovala me\u0111unarodna zajednica.<\/p>\n<p>Na osnovu navedenog, Vije\u0107e je konstatovalo da je optu\u017eeni imao namjeru da se muslimani i dje\u010daci elimini\u0161u u Srebrenici,\u00a0te da se protjeraju \u017eene i djeca.<\/p>\n<p>Optu\u017eeni je imao namjeru uni\u0161titi bosanske muslimane u Srebrenici\u00a0kao za\u0161ti\u0107enu\u00a0grupu. Imao je\u00a0namjeru da ostvari UZP u vezi Srebrenice \u010dinjenjenjem genocida\u00a0i bio je dio tog UZP-a.<\/p>\n<p>U vezi UZP-a za uzimanje talaca, kad su zapo\u010deli zra\u010dni napadi NATO-a na polo\u017eaje srpskih snaga, bila je namjera zato\u010denje me\u0111unarodnih snaga i\u00a0dr\u017eanje na strate\u0161kim polo\u017eajima.<\/p>\n<\/div>\n<\/div>\n<\/div>\n<\/div>\n<\/div>\n<\/div>\n<\/div>\n<\/div>\n","protected":false},"excerpt":{"rendered":"<p>Sudsko vije\u0107e Ha\u0161kog tribunala izreklo je prvostepenu presudu biv\u0161em generalu Vojske Republike Srpske\u00a0Ratku Mladi\u0107u\u00a0po optu\u017enici za genocid i zlo\u010dine protiv \u010dovje\u010dnosti\u00a0po\u010dinjene u Bosni\u00a0i Hercegovini od 1992. do 1995. godine. Vije\u0107e je konstatovalo da je optu\u017eeni bio dio UZP-a u vezi uzimanja talaca\u00a0iz razloga navedenih u rezimeu, uzev\u0161i dokaze iznesene te pravne konstatacije, Vije\u0107e utvr\u0111uje da [&hellip;]<\/p>\n","protected":false},"author":509,"featured_media":198939,"comment_status":"open","ping_status":"open","sticky":false,"template":"","format":"standard","meta":{"footnotes":""},"categories":[2860,801,9545,8957],"tags":[],"class_list":{"0":"post-198938","1":"post","2":"type-post","3":"status-publish","4":"format-standard","5":"has-post-thumbnail","7":"category-bosna-i-hercegovina-gradovi","8":"category-crna_hronika","9":"category-holandija-dijaspora-gradovi-vase-vijesti","10":"category-vijesti-dana"},"yoast_head":"<!-- This site is optimized with the Yoast SEO Premium plugin v23.1 (Yoast SEO v24.9) - https:\/\/yoast.com\/wordpress\/plugins\/seo\/ -->\n<title>Hag: Ratko Mladi\u0107 osu\u0111en na do\u017eivotnu kaznu zatvora<\/title>\n<meta name=\"robots\" content=\"index, follow, max-snippet:-1, max-image-preview:large, max-video-preview:-1\" \/>\n<link rel=\"canonical\" href=\"https:\/\/sandzakpress.net\/arhiva\/hag-ratko-mladic-osuden-na-dozivotnu-kaznu-zatvora\/\" \/>\n<meta property=\"og:locale\" content=\"bs_BA\" \/>\n<meta property=\"og:type\" content=\"article\" \/>\n<meta property=\"og:title\" content=\"Hag: Ratko Mladi\u0107 osu\u0111en na do\u017eivotnu kaznu zatvora\" \/>\n<meta property=\"og:description\" content=\"Sudsko vije\u0107e Ha\u0161kog tribunala izreklo je prvostepenu presudu biv\u0161em generalu Vojske Republike Srpske\u00a0Ratku Mladi\u0107u\u00a0po optu\u017enici za genocid i zlo\u010dine protiv \u010dovje\u010dnosti\u00a0po\u010dinjene u Bosni\u00a0i Hercegovini od 1992. do 1995. godine. Vije\u0107e je konstatovalo da je optu\u017eeni bio dio UZP-a u vezi uzimanja talaca\u00a0iz razloga navedenih u rezimeu, uzev\u0161i dokaze iznesene te pravne konstatacije, Vije\u0107e utvr\u0111uje da [&hellip;]\" \/>\n<meta property=\"og:url\" content=\"https:\/\/sandzakpress.net\/arhiva\/hag-ratko-mladic-osuden-na-dozivotnu-kaznu-zatvora\/\" \/>\n<meta property=\"og:site_name\" content=\"Sand\u017eak PRESS\" \/>\n<meta property=\"article:published_time\" content=\"2017-11-22T11:10:57+00:00\" \/>\n<meta property=\"og:image\" content=\"https:\/\/sandzakpress.net\/arhiva\/wp-content\/uploads\/2017\/11\/ratko_mladic_udaljavanje_ajb.png\" \/>\n\t<meta property=\"og:image:width\" content=\"770\" \/>\n\t<meta property=\"og:image:height\" content=\"433\" \/>\n\t<meta property=\"og:image:type\" content=\"image\/png\" \/>\n<meta name=\"author\" content=\"Agencija\" \/>\n<meta name=\"twitter:card\" content=\"summary_large_image\" \/>\n<meta name=\"twitter:label1\" content=\"Written by\" \/>\n\t<meta name=\"twitter:data1\" content=\"Agencija\" \/>\n\t<meta name=\"twitter:label2\" content=\"Est. reading time\" \/>\n\t<meta name=\"twitter:data2\" content=\"2 minute\" \/>\n<script type=\"application\/ld+json\" class=\"yoast-schema-graph\">{\"@context\":\"https:\/\/schema.org\",\"@graph\":[{\"@type\":\"Article\",\"@id\":\"https:\/\/sandzakpress.net\/arhiva\/hag-ratko-mladic-osuden-na-dozivotnu-kaznu-zatvora\/#article\",\"isPartOf\":{\"@id\":\"https:\/\/sandzakpress.net\/arhiva\/hag-ratko-mladic-osuden-na-dozivotnu-kaznu-zatvora\/\"},\"author\":{\"name\":\"Agencija\",\"@id\":\"https:\/\/sandzakpress.net\/arhiva\/#\/schema\/person\/cb59d7e3ab91ab90dd680ad0305a6185\"},\"headline\":\"Hag: Ratko Mladi\u0107 osu\u0111en na do\u017eivotnu kaznu zatvora\",\"datePublished\":\"2017-11-22T11:10:57+00:00\",\"mainEntityOfPage\":{\"@id\":\"https:\/\/sandzakpress.net\/arhiva\/hag-ratko-mladic-osuden-na-dozivotnu-kaznu-zatvora\/\"},\"wordCount\":373,\"commentCount\":28,\"publisher\":{\"@id\":\"https:\/\/sandzakpress.net\/arhiva\/#\/schema\/person\/6e72b67d6e51910a1117b3b483ba20bd\"},\"image\":{\"@id\":\"https:\/\/sandzakpress.net\/arhiva\/hag-ratko-mladic-osuden-na-dozivotnu-kaznu-zatvora\/#primaryimage\"},\"thumbnailUrl\":\"https:\/\/sandzakpress.net\/arhiva\/wp-content\/uploads\/2017\/11\/ratko_mladic_udaljavanje_ajb.png\",\"articleSection\":[\"Bosna i Hercegovina\",\"Hronika\",\"Holandija\",\"VIJESTI DANA\"],\"inLanguage\":\"bs-BA\",\"potentialAction\":[{\"@type\":\"CommentAction\",\"name\":\"Comment\",\"target\":[\"https:\/\/sandzakpress.net\/arhiva\/hag-ratko-mladic-osuden-na-dozivotnu-kaznu-zatvora\/#respond\"]}]},{\"@type\":\"WebPage\",\"@id\":\"https:\/\/sandzakpress.net\/arhiva\/hag-ratko-mladic-osuden-na-dozivotnu-kaznu-zatvora\/\",\"url\":\"https:\/\/sandzakpress.net\/arhiva\/hag-ratko-mladic-osuden-na-dozivotnu-kaznu-zatvora\/\",\"name\":\"Hag: Ratko Mladi\u0107 osu\u0111en na do\u017eivotnu kaznu zatvora\",\"isPartOf\":{\"@id\":\"https:\/\/sandzakpress.net\/arhiva\/#website\"},\"primaryImageOfPage\":{\"@id\":\"https:\/\/sandzakpress.net\/arhiva\/hag-ratko-mladic-osuden-na-dozivotnu-kaznu-zatvora\/#primaryimage\"},\"image\":{\"@id\":\"https:\/\/sandzakpress.net\/arhiva\/hag-ratko-mladic-osuden-na-dozivotnu-kaznu-zatvora\/#primaryimage\"},\"thumbnailUrl\":\"https:\/\/sandzakpress.net\/arhiva\/wp-content\/uploads\/2017\/11\/ratko_mladic_udaljavanje_ajb.png\",\"datePublished\":\"2017-11-22T11:10:57+00:00\",\"breadcrumb\":{\"@id\":\"https:\/\/sandzakpress.net\/arhiva\/hag-ratko-mladic-osuden-na-dozivotnu-kaznu-zatvora\/#breadcrumb\"},\"inLanguage\":\"bs-BA\",\"potentialAction\":[{\"@type\":\"ReadAction\",\"target\":[\"https:\/\/sandzakpress.net\/arhiva\/hag-ratko-mladic-osuden-na-dozivotnu-kaznu-zatvora\/\"]}]},{\"@type\":\"ImageObject\",\"inLanguage\":\"bs-BA\",\"@id\":\"https:\/\/sandzakpress.net\/arhiva\/hag-ratko-mladic-osuden-na-dozivotnu-kaznu-zatvora\/#primaryimage\",\"url\":\"https:\/\/sandzakpress.net\/arhiva\/wp-content\/uploads\/2017\/11\/ratko_mladic_udaljavanje_ajb.png\",\"contentUrl\":\"https:\/\/sandzakpress.net\/arhiva\/wp-content\/uploads\/2017\/11\/ratko_mladic_udaljavanje_ajb.png\",\"width\":770,\"height\":433},{\"@type\":\"BreadcrumbList\",\"@id\":\"https:\/\/sandzakpress.net\/arhiva\/hag-ratko-mladic-osuden-na-dozivotnu-kaznu-zatvora\/#breadcrumb\",\"itemListElement\":[{\"@type\":\"ListItem\",\"position\":1,\"name\":\"Home\",\"item\":\"https:\/\/sandzakpress.net\/arhiva\/\"},{\"@type\":\"ListItem\",\"position\":2,\"name\":\"Hag: Ratko Mladi\u0107 osu\u0111en na do\u017eivotnu kaznu zatvora\"}]},{\"@type\":\"WebSite\",\"@id\":\"https:\/\/sandzakpress.net\/arhiva\/#website\",\"url\":\"https:\/\/sandzakpress.net\/arhiva\/\",\"name\":\"Sand\u017eak PRESS\",\"description\":\"Prve elektronske novine u Sand\u017eaku\",\"publisher\":{\"@id\":\"https:\/\/sandzakpress.net\/arhiva\/#\/schema\/person\/6e72b67d6e51910a1117b3b483ba20bd\"},\"potentialAction\":[{\"@type\":\"SearchAction\",\"target\":{\"@type\":\"EntryPoint\",\"urlTemplate\":\"https:\/\/sandzakpress.net\/arhiva\/?s={search_term_string}\"},\"query-input\":{\"@type\":\"PropertyValueSpecification\",\"valueRequired\":true,\"valueName\":\"search_term_string\"}}],\"inLanguage\":\"bs-BA\"},{\"@type\":[\"Person\",\"Organization\"],\"@id\":\"https:\/\/sandzakpress.net\/arhiva\/#\/schema\/person\/6e72b67d6e51910a1117b3b483ba20bd\",\"name\":\"Kul\",\"image\":{\"@type\":\"ImageObject\",\"inLanguage\":\"bs-BA\",\"@id\":\"https:\/\/sandzakpress.net\/arhiva\/#\/schema\/person\/image\/\",\"url\":\"https:\/\/secure.gravatar.com\/avatar\/42263f39aa27ac04c43cab85c280eb2e?s=96&d=mm&r=pg\",\"contentUrl\":\"https:\/\/secure.gravatar.com\/avatar\/42263f39aa27ac04c43cab85c280eb2e?s=96&d=mm&r=pg\",\"caption\":\"Kul\"},\"logo\":{\"@id\":\"https:\/\/sandzakpress.net\/arhiva\/#\/schema\/person\/image\/\"}},{\"@type\":\"Person\",\"@id\":\"https:\/\/sandzakpress.net\/arhiva\/#\/schema\/person\/cb59d7e3ab91ab90dd680ad0305a6185\",\"name\":\"Agencija\",\"image\":{\"@type\":\"ImageObject\",\"inLanguage\":\"bs-BA\",\"@id\":\"https:\/\/sandzakpress.net\/arhiva\/#\/schema\/person\/image\/\",\"url\":\"https:\/\/secure.gravatar.com\/avatar\/4b7fafa80a22f0c2afe23966b3961fe0?s=96&d=mm&r=pg\",\"contentUrl\":\"https:\/\/secure.gravatar.com\/avatar\/4b7fafa80a22f0c2afe23966b3961fe0?s=96&d=mm&r=pg\",\"caption\":\"Agencija\"},\"url\":\"https:\/\/sandzakpress.net\/arhiva\/author\/agencija\/\"}]}<\/script>\n<!-- \/ Yoast SEO Premium plugin. -->","yoast_head_json":{"title":"Hag: Ratko Mladi\u0107 osu\u0111en na do\u017eivotnu kaznu zatvora","robots":{"index":"index","follow":"follow","max-snippet":"max-snippet:-1","max-image-preview":"max-image-preview:large","max-video-preview":"max-video-preview:-1"},"canonical":"https:\/\/sandzakpress.net\/arhiva\/hag-ratko-mladic-osuden-na-dozivotnu-kaznu-zatvora\/","og_locale":"bs_BA","og_type":"article","og_title":"Hag: Ratko Mladi\u0107 osu\u0111en na do\u017eivotnu kaznu zatvora","og_description":"Sudsko vije\u0107e Ha\u0161kog tribunala izreklo je prvostepenu presudu biv\u0161em generalu Vojske Republike Srpske\u00a0Ratku Mladi\u0107u\u00a0po optu\u017enici za genocid i zlo\u010dine protiv \u010dovje\u010dnosti\u00a0po\u010dinjene u Bosni\u00a0i Hercegovini od 1992. do 1995. godine. Vije\u0107e je konstatovalo da je optu\u017eeni bio dio UZP-a u vezi uzimanja talaca\u00a0iz razloga navedenih u rezimeu, uzev\u0161i dokaze iznesene te pravne konstatacije, Vije\u0107e utvr\u0111uje da [&hellip;]","og_url":"https:\/\/sandzakpress.net\/arhiva\/hag-ratko-mladic-osuden-na-dozivotnu-kaznu-zatvora\/","og_site_name":"Sand\u017eak PRESS","article_published_time":"2017-11-22T11:10:57+00:00","og_image":[{"width":770,"height":433,"url":"https:\/\/sandzakpress.net\/arhiva\/wp-content\/uploads\/2017\/11\/ratko_mladic_udaljavanje_ajb.png","type":"image\/png"}],"author":"Agencija","twitter_card":"summary_large_image","twitter_misc":{"Written by":"Agencija","Est. reading time":"2 minute"},"schema":{"@context":"https:\/\/schema.org","@graph":[{"@type":"Article","@id":"https:\/\/sandzakpress.net\/arhiva\/hag-ratko-mladic-osuden-na-dozivotnu-kaznu-zatvora\/#article","isPartOf":{"@id":"https:\/\/sandzakpress.net\/arhiva\/hag-ratko-mladic-osuden-na-dozivotnu-kaznu-zatvora\/"},"author":{"name":"Agencija","@id":"https:\/\/sandzakpress.net\/arhiva\/#\/schema\/person\/cb59d7e3ab91ab90dd680ad0305a6185"},"headline":"Hag: Ratko Mladi\u0107 osu\u0111en na do\u017eivotnu kaznu zatvora","datePublished":"2017-11-22T11:10:57+00:00","mainEntityOfPage":{"@id":"https:\/\/sandzakpress.net\/arhiva\/hag-ratko-mladic-osuden-na-dozivotnu-kaznu-zatvora\/"},"wordCount":373,"commentCount":28,"publisher":{"@id":"https:\/\/sandzakpress.net\/arhiva\/#\/schema\/person\/6e72b67d6e51910a1117b3b483ba20bd"},"image":{"@id":"https:\/\/sandzakpress.net\/arhiva\/hag-ratko-mladic-osuden-na-dozivotnu-kaznu-zatvora\/#primaryimage"},"thumbnailUrl":"https:\/\/sandzakpress.net\/arhiva\/wp-content\/uploads\/2017\/11\/ratko_mladic_udaljavanje_ajb.png","articleSection":["Bosna i Hercegovina","Hronika","Holandija","VIJESTI DANA"],"inLanguage":"bs-BA","potentialAction":[{"@type":"CommentAction","name":"Comment","target":["https:\/\/sandzakpress.net\/arhiva\/hag-ratko-mladic-osuden-na-dozivotnu-kaznu-zatvora\/#respond"]}]},{"@type":"WebPage","@id":"https:\/\/sandzakpress.net\/arhiva\/hag-ratko-mladic-osuden-na-dozivotnu-kaznu-zatvora\/","url":"https:\/\/sandzakpress.net\/arhiva\/hag-ratko-mladic-osuden-na-dozivotnu-kaznu-zatvora\/","name":"Hag: Ratko Mladi\u0107 osu\u0111en na do\u017eivotnu kaznu zatvora","isPartOf":{"@id":"https:\/\/sandzakpress.net\/arhiva\/#website"},"primaryImageOfPage":{"@id":"https:\/\/sandzakpress.net\/arhiva\/hag-ratko-mladic-osuden-na-dozivotnu-kaznu-zatvora\/#primaryimage"},"image":{"@id":"https:\/\/sandzakpress.net\/arhiva\/hag-ratko-mladic-osuden-na-dozivotnu-kaznu-zatvora\/#primaryimage"},"thumbnailUrl":"https:\/\/sandzakpress.net\/arhiva\/wp-content\/uploads\/2017\/11\/ratko_mladic_udaljavanje_ajb.png","datePublished":"2017-11-22T11:10:57+00:00","breadcrumb":{"@id":"https:\/\/sandzakpress.net\/arhiva\/hag-ratko-mladic-osuden-na-dozivotnu-kaznu-zatvora\/#breadcrumb"},"inLanguage":"bs-BA","potentialAction":[{"@type":"ReadAction","target":["https:\/\/sandzakpress.net\/arhiva\/hag-ratko-mladic-osuden-na-dozivotnu-kaznu-zatvora\/"]}]},{"@type":"ImageObject","inLanguage":"bs-BA","@id":"https:\/\/sandzakpress.net\/arhiva\/hag-ratko-mladic-osuden-na-dozivotnu-kaznu-zatvora\/#primaryimage","url":"https:\/\/sandzakpress.net\/arhiva\/wp-content\/uploads\/2017\/11\/ratko_mladic_udaljavanje_ajb.png","contentUrl":"https:\/\/sandzakpress.net\/arhiva\/wp-content\/uploads\/2017\/11\/ratko_mladic_udaljavanje_ajb.png","width":770,"height":433},{"@type":"BreadcrumbList","@id":"https:\/\/sandzakpress.net\/arhiva\/hag-ratko-mladic-osuden-na-dozivotnu-kaznu-zatvora\/#breadcrumb","itemListElement":[{"@type":"ListItem","position":1,"name":"Home","item":"https:\/\/sandzakpress.net\/arhiva\/"},{"@type":"ListItem","position":2,"name":"Hag: Ratko Mladi\u0107 osu\u0111en na do\u017eivotnu kaznu zatvora"}]},{"@type":"WebSite","@id":"https:\/\/sandzakpress.net\/arhiva\/#website","url":"https:\/\/sandzakpress.net\/arhiva\/","name":"Sand\u017eak PRESS","description":"Prve elektronske novine u Sand\u017eaku","publisher":{"@id":"https:\/\/sandzakpress.net\/arhiva\/#\/schema\/person\/6e72b67d6e51910a1117b3b483ba20bd"},"potentialAction":[{"@type":"SearchAction","target":{"@type":"EntryPoint","urlTemplate":"https:\/\/sandzakpress.net\/arhiva\/?s={search_term_string}"},"query-input":{"@type":"PropertyValueSpecification","valueRequired":true,"valueName":"search_term_string"}}],"inLanguage":"bs-BA"},{"@type":["Person","Organization"],"@id":"https:\/\/sandzakpress.net\/arhiva\/#\/schema\/person\/6e72b67d6e51910a1117b3b483ba20bd","name":"Kul","image":{"@type":"ImageObject","inLanguage":"bs-BA","@id":"https:\/\/sandzakpress.net\/arhiva\/#\/schema\/person\/image\/","url":"https:\/\/secure.gravatar.com\/avatar\/42263f39aa27ac04c43cab85c280eb2e?s=96&d=mm&r=pg","contentUrl":"https:\/\/secure.gravatar.com\/avatar\/42263f39aa27ac04c43cab85c280eb2e?s=96&d=mm&r=pg","caption":"Kul"},"logo":{"@id":"https:\/\/sandzakpress.net\/arhiva\/#\/schema\/person\/image\/"}},{"@type":"Person","@id":"https:\/\/sandzakpress.net\/arhiva\/#\/schema\/person\/cb59d7e3ab91ab90dd680ad0305a6185","name":"Agencija","image":{"@type":"ImageObject","inLanguage":"bs-BA","@id":"https:\/\/sandzakpress.net\/arhiva\/#\/schema\/person\/image\/","url":"https:\/\/secure.gravatar.com\/avatar\/4b7fafa80a22f0c2afe23966b3961fe0?s=96&d=mm&r=pg","contentUrl":"https:\/\/secure.gravatar.com\/avatar\/4b7fafa80a22f0c2afe23966b3961fe0?s=96&d=mm&r=pg","caption":"Agencija"},"url":"https:\/\/sandzakpress.net\/arhiva\/author\/agencija\/"}]}},"_links":{"self":[{"href":"https:\/\/sandzakpress.net\/arhiva\/wp-json\/wp\/v2\/posts\/198938"}],"collection":[{"href":"https:\/\/sandzakpress.net\/arhiva\/wp-json\/wp\/v2\/posts"}],"about":[{"href":"https:\/\/sandzakpress.net\/arhiva\/wp-json\/wp\/v2\/types\/post"}],"author":[{"embeddable":true,"href":"https:\/\/sandzakpress.net\/arhiva\/wp-json\/wp\/v2\/users\/509"}],"replies":[{"embeddable":true,"href":"https:\/\/sandzakpress.net\/arhiva\/wp-json\/wp\/v2\/comments?post=198938"}],"version-history":[{"count":0,"href":"https:\/\/sandzakpress.net\/arhiva\/wp-json\/wp\/v2\/posts\/198938\/revisions"}],"wp:featuredmedia":[{"embeddable":true,"href":"https:\/\/sandzakpress.net\/arhiva\/wp-json\/wp\/v2\/media\/198939"}],"wp:attachment":[{"href":"https:\/\/sandzakpress.net\/arhiva\/wp-json\/wp\/v2\/media?parent=198938"}],"wp:term":[{"taxonomy":"category","embeddable":true,"href":"https:\/\/sandzakpress.net\/arhiva\/wp-json\/wp\/v2\/categories?post=198938"},{"taxonomy":"post_tag","embeddable":true,"href":"https:\/\/sandzakpress.net\/arhiva\/wp-json\/wp\/v2\/tags?post=198938"}],"curies":[{"name":"wp","href":"https:\/\/api.w.org\/{rel}","templated":true}]}}