{"id":198855,"date":"2017-11-20T17:10:58","date_gmt":"2017-11-20T16:10:58","guid":{"rendered":"https:\/\/sandzakpress.net\/arhiva\/nestala-12-godisnja-enisa-basic-iz-sarajeva-majka-tvrdi-da-je-oteta-2"},"modified":"2017-11-20T17:10:58","modified_gmt":"2017-11-20T16:10:58","slug":"nestala-12-godisnja-enisa-basic-iz-sarajeva-majka-tvrdi-da-je-oteta-2","status":"publish","type":"post","link":"https:\/\/sandzakpress.net\/arhiva\/nestala-12-godisnja-enisa-basic-iz-sarajeva-majka-tvrdi-da-je-oteta-2\/","title":{"rendered":"Nestala 12-godi\u0161nja Enisa Basi\u0107 iz Sarajeva, majka tvrdi da je oteta"},"content":{"rendered":"<p><span class=\"cb-itemprop\"><\/p>\n<p><strong><img decoding=\"async\" src=\"https:\/\/static.klix.ba\/media\/images\/vijesti\/b_171119079.jpg?v=2\" alt=\"Nestala 12-godi\u0161nja Enisa Basi\u0107 iz Sarajeva, majka tvrdi da je oteta\" \/><\/strong><\/p>\n<div class=\"uvod uvod-clanka hidden-xs\"><strong>Dvanestogodi\u0161nja djevoj\u010dica Enisa Basi\u0107 iz Sarajeva nestala je prije dva dana nakon \u0161to se udaljila u nepoznatom pravcu iz ulice Logavina. Policija intenzivno traga za njom, saznaje Klix.ba iz Ministarstva unutra\u0161njih poslova Kantona Sarajevo.<\/strong>\n<\/div>\n<div class=\"tekst clanak_vijesti\">Enisina majka Emira prijavila je nestanak k\u0107erke sarajevskoj policiji 17. novembra oko 22:00 sata. Kako nam je kazala, Enisa je prije izlaska iz ku\u0107e na sebi imala suknju, hid\u017eab i patike. Njih dvije su se, pri\u010da nam majka, sutra trebale vratiti u Njema\u010dku gdje \u017eive proteklih nekoliko godina.<\/p>\n<p>Majka Emira tvrdi kako je Enisu \u201coteo mu\u0161karac\u201d koji je, kako ka\u017ee, ve\u0107 od ranije dobro poznat policiji po brojnim krivi\u010dnim djelima.<\/p>\n<p>\u201cNjegova supruga mi je slala poruke kako on ho\u0107e o\u017eeniti moju Enisu. I\u0161la sam im s policijom na vrata, ali nikog nema i ne znam gdje su. Ja \u0107u u potragu uklju\u010diti Interpol i FUP jer sarajevska policija ne mo\u017ee djelovati izvan kantona. Neka mi vrate moje dijete, ona ima samo 12 godina\u201d, naglasila je majka Emira.<\/p>\n<p>Iz MUP-a KS su nam samo kratko potvrdili Enisin nestanak.<\/p>\n<p>\u201cZaprimili smo prijavu i intenzivno poduzimamo sve zakonske radnje kako bismo prona\u0161li djevoj\u010dicu\u201d, kazali su nam iz MUP-a KS.<\/p>\n<p>Enisina majka moli sve da bilo kakve informacije o njenoj k\u0107erki prijave najbli\u017eoj policijskoj stanici.<\/p>\n<\/div>\n<div><\/div>\n<div>(Klix)<\/div>\n<p><\/span><br \/>\nPogledajte vijest na izvornom sajtu:<\/p>\n<p><a href=\"http:\/\/bosnapress.net\/nestala-12-godisnja-enisa-basic-iz-sarajeva-majka-tvrdi-da-je-oteta\/\" target=\"_blank\">Nestala 12-godi\u0161nja Enisa Basi\u0107 iz Sarajeva, majka tvrdi da je oteta<\/a><\/p>\n","protected":false},"excerpt":{"rendered":"<p>Dvanestogodi\u0161nja djevoj\u010dica Enisa Basi\u0107 iz Sarajeva nestala je prije dva dana nakon \u0161to se udaljila u nepoznatom pravcu iz ulice Logavina. Policija intenzivno traga za njom, saznaje Klix.ba iz Ministarstva unutra\u0161njih poslova Kantona Sarajevo. Enisina majka Emira prijavila je nestanak k\u0107erke sarajevskoj policiji 17. novembra oko 22:00 sata. Kako nam je kazala, Enisa je prije [&hellip;]<\/p>\n","protected":false},"author":83,"featured_media":198856,"comment_status":"open","ping_status":"open","sticky":false,"template":"","format":"standard","meta":{"footnotes":""},"categories":[10513],"tags":[10466],"class_list":{"0":"post-198855","1":"post","2":"type-post","3":"status-publish","4":"format-standard","5":"has-post-thumbnail","7":"category-bosna-press","8":"tag-bosna-i-hercegovina"},"yoast_head":"<!-- This site is optimized with the Yoast SEO Premium plugin v23.1 (Yoast SEO v24.9) - https:\/\/yoast.com\/wordpress\/plugins\/seo\/ -->\n<title>Nestala 12-godi\u0161nja Enisa Basi\u0107 iz Sarajeva, majka tvrdi da je oteta<\/title>\n<meta name=\"robots\" content=\"index, follow, max-snippet:-1, max-image-preview:large, max-video-preview:-1\" \/>\n<link rel=\"canonical\" href=\"https:\/\/sandzakpress.net\/arhiva\/nestala-12-godisnja-enisa-basic-iz-sarajeva-majka-tvrdi-da-je-oteta-2\/\" \/>\n<meta property=\"og:locale\" content=\"bs_BA\" \/>\n<meta property=\"og:type\" content=\"article\" \/>\n<meta property=\"og:title\" content=\"Nestala 12-godi\u0161nja Enisa Basi\u0107 iz Sarajeva, majka tvrdi da je oteta\" \/>\n<meta property=\"og:description\" content=\"Dvanestogodi\u0161nja djevoj\u010dica Enisa Basi\u0107 iz Sarajeva nestala je prije dva dana nakon \u0161to se udaljila u nepoznatom pravcu iz ulice Logavina. Policija intenzivno traga za njom, saznaje Klix.ba iz Ministarstva unutra\u0161njih poslova Kantona Sarajevo. Enisina majka Emira prijavila je nestanak k\u0107erke sarajevskoj policiji 17. novembra oko 22:00 sata. Kako nam je kazala, Enisa je prije [&hellip;]\" \/>\n<meta property=\"og:url\" content=\"https:\/\/sandzakpress.net\/arhiva\/nestala-12-godisnja-enisa-basic-iz-sarajeva-majka-tvrdi-da-je-oteta-2\/\" \/>\n<meta property=\"og:site_name\" content=\"Sand\u017eak PRESS\" \/>\n<meta property=\"article:published_time\" content=\"2017-11-20T16:10:58+00:00\" \/>\n<meta property=\"og:image\" content=\"https:\/\/sandzakpress.net\/arhiva\/wp-content\/uploads\/2017\/11\/b_171119079-1.jpg\" \/>\n\t<meta property=\"og:image:width\" content=\"850\" \/>\n\t<meta property=\"og:image:height\" content=\"661\" \/>\n\t<meta property=\"og:image:type\" content=\"image\/jpeg\" \/>\n<meta name=\"author\" content=\"bosniak\" \/>\n<meta name=\"twitter:card\" content=\"summary_large_image\" \/>\n<meta name=\"twitter:label1\" content=\"Written by\" \/>\n\t<meta name=\"twitter:data1\" content=\"bosniak\" \/>\n\t<meta name=\"twitter:label2\" content=\"Est. reading time\" \/>\n\t<meta name=\"twitter:data2\" content=\"1 minuta\" \/>\n<script type=\"application\/ld+json\" class=\"yoast-schema-graph\">{\"@context\":\"https:\/\/schema.org\",\"@graph\":[{\"@type\":\"Article\",\"@id\":\"https:\/\/sandzakpress.net\/arhiva\/nestala-12-godisnja-enisa-basic-iz-sarajeva-majka-tvrdi-da-je-oteta-2\/#article\",\"isPartOf\":{\"@id\":\"https:\/\/sandzakpress.net\/arhiva\/nestala-12-godisnja-enisa-basic-iz-sarajeva-majka-tvrdi-da-je-oteta-2\/\"},\"author\":{\"name\":\"bosniak\",\"@id\":\"https:\/\/sandzakpress.net\/arhiva\/#\/schema\/person\/c8baee722073534b583ea7bdb2e36c02\"},\"headline\":\"Nestala 12-godi\u0161nja Enisa Basi\u0107 iz Sarajeva, majka tvrdi da je oteta\",\"datePublished\":\"2017-11-20T16:10:58+00:00\",\"mainEntityOfPage\":{\"@id\":\"https:\/\/sandzakpress.net\/arhiva\/nestala-12-godisnja-enisa-basic-iz-sarajeva-majka-tvrdi-da-je-oteta-2\/\"},\"wordCount\":253,\"commentCount\":0,\"publisher\":{\"@id\":\"https:\/\/sandzakpress.net\/arhiva\/#\/schema\/person\/6e72b67d6e51910a1117b3b483ba20bd\"},\"image\":{\"@id\":\"https:\/\/sandzakpress.net\/arhiva\/nestala-12-godisnja-enisa-basic-iz-sarajeva-majka-tvrdi-da-je-oteta-2\/#primaryimage\"},\"thumbnailUrl\":\"https:\/\/sandzakpress.net\/arhiva\/wp-content\/uploads\/2017\/11\/b_171119079-1.jpg\",\"keywords\":[\"Bosna i Hercegovina\"],\"articleSection\":[\"Bosna PRESS\"],\"inLanguage\":\"bs-BA\",\"potentialAction\":[{\"@type\":\"CommentAction\",\"name\":\"Comment\",\"target\":[\"https:\/\/sandzakpress.net\/arhiva\/nestala-12-godisnja-enisa-basic-iz-sarajeva-majka-tvrdi-da-je-oteta-2\/#respond\"]}]},{\"@type\":\"WebPage\",\"@id\":\"https:\/\/sandzakpress.net\/arhiva\/nestala-12-godisnja-enisa-basic-iz-sarajeva-majka-tvrdi-da-je-oteta-2\/\",\"url\":\"https:\/\/sandzakpress.net\/arhiva\/nestala-12-godisnja-enisa-basic-iz-sarajeva-majka-tvrdi-da-je-oteta-2\/\",\"name\":\"Nestala 12-godi\u0161nja Enisa Basi\u0107 iz Sarajeva, majka tvrdi da je oteta\",\"isPartOf\":{\"@id\":\"https:\/\/sandzakpress.net\/arhiva\/#website\"},\"primaryImageOfPage\":{\"@id\":\"https:\/\/sandzakpress.net\/arhiva\/nestala-12-godisnja-enisa-basic-iz-sarajeva-majka-tvrdi-da-je-oteta-2\/#primaryimage\"},\"image\":{\"@id\":\"https:\/\/sandzakpress.net\/arhiva\/nestala-12-godisnja-enisa-basic-iz-sarajeva-majka-tvrdi-da-je-oteta-2\/#primaryimage\"},\"thumbnailUrl\":\"https:\/\/sandzakpress.net\/arhiva\/wp-content\/uploads\/2017\/11\/b_171119079-1.jpg\",\"datePublished\":\"2017-11-20T16:10:58+00:00\",\"breadcrumb\":{\"@id\":\"https:\/\/sandzakpress.net\/arhiva\/nestala-12-godisnja-enisa-basic-iz-sarajeva-majka-tvrdi-da-je-oteta-2\/#breadcrumb\"},\"inLanguage\":\"bs-BA\",\"potentialAction\":[{\"@type\":\"ReadAction\",\"target\":[\"https:\/\/sandzakpress.net\/arhiva\/nestala-12-godisnja-enisa-basic-iz-sarajeva-majka-tvrdi-da-je-oteta-2\/\"]}]},{\"@type\":\"ImageObject\",\"inLanguage\":\"bs-BA\",\"@id\":\"https:\/\/sandzakpress.net\/arhiva\/nestala-12-godisnja-enisa-basic-iz-sarajeva-majka-tvrdi-da-je-oteta-2\/#primaryimage\",\"url\":\"https:\/\/sandzakpress.net\/arhiva\/wp-content\/uploads\/2017\/11\/b_171119079-1.jpg\",\"contentUrl\":\"https:\/\/sandzakpress.net\/arhiva\/wp-content\/uploads\/2017\/11\/b_171119079-1.jpg\",\"width\":850,\"height\":661},{\"@type\":\"BreadcrumbList\",\"@id\":\"https:\/\/sandzakpress.net\/arhiva\/nestala-12-godisnja-enisa-basic-iz-sarajeva-majka-tvrdi-da-je-oteta-2\/#breadcrumb\",\"itemListElement\":[{\"@type\":\"ListItem\",\"position\":1,\"name\":\"Home\",\"item\":\"https:\/\/sandzakpress.net\/arhiva\/\"},{\"@type\":\"ListItem\",\"position\":2,\"name\":\"Nestala 12-godi\u0161nja Enisa Basi\u0107 iz Sarajeva, majka tvrdi da je oteta\"}]},{\"@type\":\"WebSite\",\"@id\":\"https:\/\/sandzakpress.net\/arhiva\/#website\",\"url\":\"https:\/\/sandzakpress.net\/arhiva\/\",\"name\":\"Sand\u017eak PRESS\",\"description\":\"Prve elektronske novine u Sand\u017eaku\",\"publisher\":{\"@id\":\"https:\/\/sandzakpress.net\/arhiva\/#\/schema\/person\/6e72b67d6e51910a1117b3b483ba20bd\"},\"potentialAction\":[{\"@type\":\"SearchAction\",\"target\":{\"@type\":\"EntryPoint\",\"urlTemplate\":\"https:\/\/sandzakpress.net\/arhiva\/?s={search_term_string}\"},\"query-input\":{\"@type\":\"PropertyValueSpecification\",\"valueRequired\":true,\"valueName\":\"search_term_string\"}}],\"inLanguage\":\"bs-BA\"},{\"@type\":[\"Person\",\"Organization\"],\"@id\":\"https:\/\/sandzakpress.net\/arhiva\/#\/schema\/person\/6e72b67d6e51910a1117b3b483ba20bd\",\"name\":\"Kul\",\"image\":{\"@type\":\"ImageObject\",\"inLanguage\":\"bs-BA\",\"@id\":\"https:\/\/sandzakpress.net\/arhiva\/#\/schema\/person\/image\/\",\"url\":\"https:\/\/secure.gravatar.com\/avatar\/42263f39aa27ac04c43cab85c280eb2e?s=96&d=mm&r=pg\",\"contentUrl\":\"https:\/\/secure.gravatar.com\/avatar\/42263f39aa27ac04c43cab85c280eb2e?s=96&d=mm&r=pg\",\"caption\":\"Kul\"},\"logo\":{\"@id\":\"https:\/\/sandzakpress.net\/arhiva\/#\/schema\/person\/image\/\"}},{\"@type\":\"Person\",\"@id\":\"https:\/\/sandzakpress.net\/arhiva\/#\/schema\/person\/c8baee722073534b583ea7bdb2e36c02\",\"name\":\"bosniak\",\"image\":{\"@type\":\"ImageObject\",\"inLanguage\":\"bs-BA\",\"@id\":\"https:\/\/sandzakpress.net\/arhiva\/#\/schema\/person\/image\/\",\"url\":\"https:\/\/secure.gravatar.com\/avatar\/a04fd330bfe3a36a72a0ad4a6d89fca7?s=96&d=mm&r=pg\",\"contentUrl\":\"https:\/\/secure.gravatar.com\/avatar\/a04fd330bfe3a36a72a0ad4a6d89fca7?s=96&d=mm&r=pg\",\"caption\":\"bosniak\"},\"url\":\"https:\/\/sandzakpress.net\/arhiva\/author\/bosniak\/\"}]}<\/script>\n<!-- \/ Yoast SEO Premium plugin. -->","yoast_head_json":{"title":"Nestala 12-godi\u0161nja Enisa Basi\u0107 iz Sarajeva, majka tvrdi da je oteta","robots":{"index":"index","follow":"follow","max-snippet":"max-snippet:-1","max-image-preview":"max-image-preview:large","max-video-preview":"max-video-preview:-1"},"canonical":"https:\/\/sandzakpress.net\/arhiva\/nestala-12-godisnja-enisa-basic-iz-sarajeva-majka-tvrdi-da-je-oteta-2\/","og_locale":"bs_BA","og_type":"article","og_title":"Nestala 12-godi\u0161nja Enisa Basi\u0107 iz Sarajeva, majka tvrdi da je oteta","og_description":"Dvanestogodi\u0161nja djevoj\u010dica Enisa Basi\u0107 iz Sarajeva nestala je prije dva dana nakon \u0161to se udaljila u nepoznatom pravcu iz ulice Logavina. Policija intenzivno traga za njom, saznaje Klix.ba iz Ministarstva unutra\u0161njih poslova Kantona Sarajevo. Enisina majka Emira prijavila je nestanak k\u0107erke sarajevskoj policiji 17. novembra oko 22:00 sata. Kako nam je kazala, Enisa je prije [&hellip;]","og_url":"https:\/\/sandzakpress.net\/arhiva\/nestala-12-godisnja-enisa-basic-iz-sarajeva-majka-tvrdi-da-je-oteta-2\/","og_site_name":"Sand\u017eak PRESS","article_published_time":"2017-11-20T16:10:58+00:00","og_image":[{"width":850,"height":661,"url":"https:\/\/sandzakpress.net\/arhiva\/wp-content\/uploads\/2017\/11\/b_171119079-1.jpg","type":"image\/jpeg"}],"author":"bosniak","twitter_card":"summary_large_image","twitter_misc":{"Written by":"bosniak","Est. reading time":"1 minuta"},"schema":{"@context":"https:\/\/schema.org","@graph":[{"@type":"Article","@id":"https:\/\/sandzakpress.net\/arhiva\/nestala-12-godisnja-enisa-basic-iz-sarajeva-majka-tvrdi-da-je-oteta-2\/#article","isPartOf":{"@id":"https:\/\/sandzakpress.net\/arhiva\/nestala-12-godisnja-enisa-basic-iz-sarajeva-majka-tvrdi-da-je-oteta-2\/"},"author":{"name":"bosniak","@id":"https:\/\/sandzakpress.net\/arhiva\/#\/schema\/person\/c8baee722073534b583ea7bdb2e36c02"},"headline":"Nestala 12-godi\u0161nja Enisa Basi\u0107 iz Sarajeva, majka tvrdi da je oteta","datePublished":"2017-11-20T16:10:58+00:00","mainEntityOfPage":{"@id":"https:\/\/sandzakpress.net\/arhiva\/nestala-12-godisnja-enisa-basic-iz-sarajeva-majka-tvrdi-da-je-oteta-2\/"},"wordCount":253,"commentCount":0,"publisher":{"@id":"https:\/\/sandzakpress.net\/arhiva\/#\/schema\/person\/6e72b67d6e51910a1117b3b483ba20bd"},"image":{"@id":"https:\/\/sandzakpress.net\/arhiva\/nestala-12-godisnja-enisa-basic-iz-sarajeva-majka-tvrdi-da-je-oteta-2\/#primaryimage"},"thumbnailUrl":"https:\/\/sandzakpress.net\/arhiva\/wp-content\/uploads\/2017\/11\/b_171119079-1.jpg","keywords":["Bosna i Hercegovina"],"articleSection":["Bosna PRESS"],"inLanguage":"bs-BA","potentialAction":[{"@type":"CommentAction","name":"Comment","target":["https:\/\/sandzakpress.net\/arhiva\/nestala-12-godisnja-enisa-basic-iz-sarajeva-majka-tvrdi-da-je-oteta-2\/#respond"]}]},{"@type":"WebPage","@id":"https:\/\/sandzakpress.net\/arhiva\/nestala-12-godisnja-enisa-basic-iz-sarajeva-majka-tvrdi-da-je-oteta-2\/","url":"https:\/\/sandzakpress.net\/arhiva\/nestala-12-godisnja-enisa-basic-iz-sarajeva-majka-tvrdi-da-je-oteta-2\/","name":"Nestala 12-godi\u0161nja Enisa Basi\u0107 iz Sarajeva, majka tvrdi da je oteta","isPartOf":{"@id":"https:\/\/sandzakpress.net\/arhiva\/#website"},"primaryImageOfPage":{"@id":"https:\/\/sandzakpress.net\/arhiva\/nestala-12-godisnja-enisa-basic-iz-sarajeva-majka-tvrdi-da-je-oteta-2\/#primaryimage"},"image":{"@id":"https:\/\/sandzakpress.net\/arhiva\/nestala-12-godisnja-enisa-basic-iz-sarajeva-majka-tvrdi-da-je-oteta-2\/#primaryimage"},"thumbnailUrl":"https:\/\/sandzakpress.net\/arhiva\/wp-content\/uploads\/2017\/11\/b_171119079-1.jpg","datePublished":"2017-11-20T16:10:58+00:00","breadcrumb":{"@id":"https:\/\/sandzakpress.net\/arhiva\/nestala-12-godisnja-enisa-basic-iz-sarajeva-majka-tvrdi-da-je-oteta-2\/#breadcrumb"},"inLanguage":"bs-BA","potentialAction":[{"@type":"ReadAction","target":["https:\/\/sandzakpress.net\/arhiva\/nestala-12-godisnja-enisa-basic-iz-sarajeva-majka-tvrdi-da-je-oteta-2\/"]}]},{"@type":"ImageObject","inLanguage":"bs-BA","@id":"https:\/\/sandzakpress.net\/arhiva\/nestala-12-godisnja-enisa-basic-iz-sarajeva-majka-tvrdi-da-je-oteta-2\/#primaryimage","url":"https:\/\/sandzakpress.net\/arhiva\/wp-content\/uploads\/2017\/11\/b_171119079-1.jpg","contentUrl":"https:\/\/sandzakpress.net\/arhiva\/wp-content\/uploads\/2017\/11\/b_171119079-1.jpg","width":850,"height":661},{"@type":"BreadcrumbList","@id":"https:\/\/sandzakpress.net\/arhiva\/nestala-12-godisnja-enisa-basic-iz-sarajeva-majka-tvrdi-da-je-oteta-2\/#breadcrumb","itemListElement":[{"@type":"ListItem","position":1,"name":"Home","item":"https:\/\/sandzakpress.net\/arhiva\/"},{"@type":"ListItem","position":2,"name":"Nestala 12-godi\u0161nja Enisa Basi\u0107 iz Sarajeva, majka tvrdi da je oteta"}]},{"@type":"WebSite","@id":"https:\/\/sandzakpress.net\/arhiva\/#website","url":"https:\/\/sandzakpress.net\/arhiva\/","name":"Sand\u017eak PRESS","description":"Prve elektronske novine u Sand\u017eaku","publisher":{"@id":"https:\/\/sandzakpress.net\/arhiva\/#\/schema\/person\/6e72b67d6e51910a1117b3b483ba20bd"},"potentialAction":[{"@type":"SearchAction","target":{"@type":"EntryPoint","urlTemplate":"https:\/\/sandzakpress.net\/arhiva\/?s={search_term_string}"},"query-input":{"@type":"PropertyValueSpecification","valueRequired":true,"valueName":"search_term_string"}}],"inLanguage":"bs-BA"},{"@type":["Person","Organization"],"@id":"https:\/\/sandzakpress.net\/arhiva\/#\/schema\/person\/6e72b67d6e51910a1117b3b483ba20bd","name":"Kul","image":{"@type":"ImageObject","inLanguage":"bs-BA","@id":"https:\/\/sandzakpress.net\/arhiva\/#\/schema\/person\/image\/","url":"https:\/\/secure.gravatar.com\/avatar\/42263f39aa27ac04c43cab85c280eb2e?s=96&d=mm&r=pg","contentUrl":"https:\/\/secure.gravatar.com\/avatar\/42263f39aa27ac04c43cab85c280eb2e?s=96&d=mm&r=pg","caption":"Kul"},"logo":{"@id":"https:\/\/sandzakpress.net\/arhiva\/#\/schema\/person\/image\/"}},{"@type":"Person","@id":"https:\/\/sandzakpress.net\/arhiva\/#\/schema\/person\/c8baee722073534b583ea7bdb2e36c02","name":"bosniak","image":{"@type":"ImageObject","inLanguage":"bs-BA","@id":"https:\/\/sandzakpress.net\/arhiva\/#\/schema\/person\/image\/","url":"https:\/\/secure.gravatar.com\/avatar\/a04fd330bfe3a36a72a0ad4a6d89fca7?s=96&d=mm&r=pg","contentUrl":"https:\/\/secure.gravatar.com\/avatar\/a04fd330bfe3a36a72a0ad4a6d89fca7?s=96&d=mm&r=pg","caption":"bosniak"},"url":"https:\/\/sandzakpress.net\/arhiva\/author\/bosniak\/"}]}},"_links":{"self":[{"href":"https:\/\/sandzakpress.net\/arhiva\/wp-json\/wp\/v2\/posts\/198855"}],"collection":[{"href":"https:\/\/sandzakpress.net\/arhiva\/wp-json\/wp\/v2\/posts"}],"about":[{"href":"https:\/\/sandzakpress.net\/arhiva\/wp-json\/wp\/v2\/types\/post"}],"author":[{"embeddable":true,"href":"https:\/\/sandzakpress.net\/arhiva\/wp-json\/wp\/v2\/users\/83"}],"replies":[{"embeddable":true,"href":"https:\/\/sandzakpress.net\/arhiva\/wp-json\/wp\/v2\/comments?post=198855"}],"version-history":[{"count":0,"href":"https:\/\/sandzakpress.net\/arhiva\/wp-json\/wp\/v2\/posts\/198855\/revisions"}],"wp:featuredmedia":[{"embeddable":true,"href":"https:\/\/sandzakpress.net\/arhiva\/wp-json\/wp\/v2\/media\/198856"}],"wp:attachment":[{"href":"https:\/\/sandzakpress.net\/arhiva\/wp-json\/wp\/v2\/media?parent=198855"}],"wp:term":[{"taxonomy":"category","embeddable":true,"href":"https:\/\/sandzakpress.net\/arhiva\/wp-json\/wp\/v2\/categories?post=198855"},{"taxonomy":"post_tag","embeddable":true,"href":"https:\/\/sandzakpress.net\/arhiva\/wp-json\/wp\/v2\/tags?post=198855"}],"curies":[{"name":"wp","href":"https:\/\/api.w.org\/{rel}","templated":true}]}}