{"id":198791,"date":"2017-11-20T12:43:45","date_gmt":"2017-11-20T11:43:45","guid":{"rendered":"https:\/\/sandzakpress.net\/arhiva\/?p=198791"},"modified":"2017-11-20T12:43:45","modified_gmt":"2017-11-20T11:43:45","slug":"bkz-cestitala-dan-sandzaka","status":"publish","type":"post","link":"https:\/\/sandzakpress.net\/arhiva\/bkz-cestitala-dan-sandzaka\/","title":{"rendered":"BKZ \u010destitala Dan Sand\u017eaka"},"content":{"rendered":"<p><img decoding=\"async\" src=\"http:\/\/mesihat.org\/wp-content\/uploads\/2015\/09\/Admir-Muratovic-5.jpg\" alt=\"Slikovni rezultat za BKZ \u010destitala Dan Sand\u017eaka\" \/><\/p>\n<p>Povodom nastupaju\u0107eg 20. novembra \u2013 Dana Sand\u017eaka, u svoje li\u010dno ime i u ime kolektiva Bo\u0161nja\u010dke kulturne zajednice svim sand\u017eaklijama upu\u0107ujem iskrene \u010destitke.\u00a0<\/p>\n<p>Ovaj datum upisan je zlatnim slovima u sand\u017ea\u010dki kalendar, jer je tada, 20. novembra 1943. Godine, u Pljevljima osnovano Zemaljsko antifa\u0161isti\u010dko vije\u0107e narodnog oslobo\u0111enja Sand\u017eaka \u2013 ZAVNOS, \u0161to u na\u0161oj historiji ozna\u010dava svijetlu ta\u010dku i svjedo\u010denje na\u0161eg uzdizanja, jedinstva i snage da kao multinacionalno dru\u0161tvo mo\u017eemo zajedni\u010dki graditi na\u0161u svijetlu budu\u0107nost. Zato je i zvani\u010dno ovaj datum progla\u0161en Danom Sand\u017eaka<\/p>\n<p>Ponosi na svoju organizaciju koja je u klju\u010dnim trenutcima o\u010duvala sje\u0107anje na ovaj dan, \u017eelimo da svim sand\u017eaklijama bude ispunen sre\u0107om, zdravljem i uspjehom.<\/p>\n<p>&nbsp;<\/p>\n<p>S po\u0161tovanjem,<\/p>\n<p>Predsjednik\u00a0<\/p>\n<p>Admir Muratovi\u0107<\/p>\n","protected":false},"excerpt":{"rendered":"<p>Povodom nastupaju\u0107eg 20. novembra \u2013 Dana Sand\u017eaka, u svoje li\u010dno ime i u ime kolektiva Bo\u0161nja\u010dke kulturne zajednice svim sand\u017eaklijama upu\u0107ujem iskrene \u010destitke.\u00a0 Ovaj datum upisan je zlatnim slovima u sand\u017ea\u010dki kalendar, jer je tada, 20. novembra 1943. Godine, u Pljevljima osnovano Zemaljsko antifa\u0161isti\u010dko vije\u0107e narodnog oslobo\u0111enja Sand\u017eaka \u2013 ZAVNOS, \u0161to u na\u0161oj historiji ozna\u010dava [&hellip;]<\/p>\n","protected":false},"author":509,"featured_media":198797,"comment_status":"open","ping_status":"open","sticky":false,"template":"","format":"standard","meta":{"footnotes":""},"categories":[800,72,398,52,397,10174,327,392,396,393,395,399,394,10173],"tags":[],"class_list":{"0":"post-198791","1":"post","2":"type-post","3":"status-publish","4":"format-standard","5":"has-post-thumbnail","7":"category-nacija","8":"category-novi-pazar","9":"category-rozaje","10":"category-sjenica","11":"category-berane","12":"category-petnjica-vase-vijesti","13":"category-tutin","14":"category-prijepolje_","15":"category-bijelo_polje","16":"category-priboj","17":"category-pljevlja_","18":"category-plav_","19":"category-nova-varos","20":"category-gusinje-vase-vijesti"},"yoast_head":"<!-- This site is optimized with the Yoast SEO Premium plugin v23.1 (Yoast SEO v24.9) - https:\/\/yoast.com\/wordpress\/plugins\/seo\/ -->\n<title>BKZ \u010destitala Dan Sand\u017eaka<\/title>\n<meta name=\"robots\" content=\"index, follow, max-snippet:-1, max-image-preview:large, max-video-preview:-1\" \/>\n<link rel=\"canonical\" href=\"https:\/\/sandzakpress.net\/arhiva\/bkz-cestitala-dan-sandzaka\/\" \/>\n<meta property=\"og:locale\" content=\"bs_BA\" \/>\n<meta property=\"og:type\" content=\"article\" \/>\n<meta property=\"og:title\" content=\"BKZ \u010destitala Dan Sand\u017eaka\" \/>\n<meta property=\"og:description\" content=\"Povodom nastupaju\u0107eg 20. novembra \u2013 Dana Sand\u017eaka, u svoje li\u010dno ime i u ime kolektiva Bo\u0161nja\u010dke kulturne zajednice svim sand\u017eaklijama upu\u0107ujem iskrene \u010destitke.\u00a0 Ovaj datum upisan je zlatnim slovima u sand\u017ea\u010dki kalendar, jer je tada, 20. novembra 1943. Godine, u Pljevljima osnovano Zemaljsko antifa\u0161isti\u010dko vije\u0107e narodnog oslobo\u0111enja Sand\u017eaka \u2013 ZAVNOS, \u0161to u na\u0161oj historiji ozna\u010dava [&hellip;]\" \/>\n<meta property=\"og:url\" content=\"https:\/\/sandzakpress.net\/arhiva\/bkz-cestitala-dan-sandzaka\/\" \/>\n<meta property=\"og:site_name\" content=\"Sand\u017eak PRESS\" \/>\n<meta property=\"article:published_time\" content=\"2017-11-20T11:43:45+00:00\" \/>\n<meta property=\"og:image\" content=\"https:\/\/sandzakpress.net\/arhiva\/wp-content\/uploads\/2017\/11\/Admir-Muratovic-5.jpg\" \/>\n\t<meta property=\"og:image:width\" content=\"620\" \/>\n\t<meta property=\"og:image:height\" content=\"400\" \/>\n\t<meta property=\"og:image:type\" content=\"image\/jpeg\" \/>\n<meta name=\"author\" content=\"Agencija\" \/>\n<meta name=\"twitter:card\" content=\"summary_large_image\" \/>\n<meta name=\"twitter:label1\" content=\"Written by\" \/>\n\t<meta name=\"twitter:data1\" content=\"Agencija\" \/>\n\t<meta name=\"twitter:label2\" content=\"Est. reading time\" \/>\n\t<meta name=\"twitter:data2\" content=\"1 minuta\" \/>\n<script type=\"application\/ld+json\" class=\"yoast-schema-graph\">{\"@context\":\"https:\/\/schema.org\",\"@graph\":[{\"@type\":\"Article\",\"@id\":\"https:\/\/sandzakpress.net\/arhiva\/bkz-cestitala-dan-sandzaka\/#article\",\"isPartOf\":{\"@id\":\"https:\/\/sandzakpress.net\/arhiva\/bkz-cestitala-dan-sandzaka\/\"},\"author\":{\"name\":\"Agencija\",\"@id\":\"https:\/\/sandzakpress.net\/arhiva\/#\/schema\/person\/cb59d7e3ab91ab90dd680ad0305a6185\"},\"headline\":\"BKZ \u010destitala Dan Sand\u017eaka\",\"datePublished\":\"2017-11-20T11:43:45+00:00\",\"mainEntityOfPage\":{\"@id\":\"https:\/\/sandzakpress.net\/arhiva\/bkz-cestitala-dan-sandzaka\/\"},\"wordCount\":146,\"commentCount\":0,\"publisher\":{\"@id\":\"https:\/\/sandzakpress.net\/arhiva\/#\/schema\/person\/6e72b67d6e51910a1117b3b483ba20bd\"},\"image\":{\"@id\":\"https:\/\/sandzakpress.net\/arhiva\/bkz-cestitala-dan-sandzaka\/#primaryimage\"},\"thumbnailUrl\":\"https:\/\/sandzakpress.net\/arhiva\/wp-content\/uploads\/2017\/11\/Admir-Muratovic-5.jpg\",\"articleSection\":[\"Nacija\",\"Novi Pazar\",\"Ro\u017eaje\",\"Sjenica\",\"Berane\",\"Petnjica\",\"Tutin\",\"Prijepolje\",\"Bijelo Polje\",\"Priboj\",\"Pljevlja\",\"Plav\",\"Nova Varo\u0161\",\"Gusinje\"],\"inLanguage\":\"bs-BA\",\"potentialAction\":[{\"@type\":\"CommentAction\",\"name\":\"Comment\",\"target\":[\"https:\/\/sandzakpress.net\/arhiva\/bkz-cestitala-dan-sandzaka\/#respond\"]}]},{\"@type\":\"WebPage\",\"@id\":\"https:\/\/sandzakpress.net\/arhiva\/bkz-cestitala-dan-sandzaka\/\",\"url\":\"https:\/\/sandzakpress.net\/arhiva\/bkz-cestitala-dan-sandzaka\/\",\"name\":\"BKZ \u010destitala Dan Sand\u017eaka\",\"isPartOf\":{\"@id\":\"https:\/\/sandzakpress.net\/arhiva\/#website\"},\"primaryImageOfPage\":{\"@id\":\"https:\/\/sandzakpress.net\/arhiva\/bkz-cestitala-dan-sandzaka\/#primaryimage\"},\"image\":{\"@id\":\"https:\/\/sandzakpress.net\/arhiva\/bkz-cestitala-dan-sandzaka\/#primaryimage\"},\"thumbnailUrl\":\"https:\/\/sandzakpress.net\/arhiva\/wp-content\/uploads\/2017\/11\/Admir-Muratovic-5.jpg\",\"datePublished\":\"2017-11-20T11:43:45+00:00\",\"breadcrumb\":{\"@id\":\"https:\/\/sandzakpress.net\/arhiva\/bkz-cestitala-dan-sandzaka\/#breadcrumb\"},\"inLanguage\":\"bs-BA\",\"potentialAction\":[{\"@type\":\"ReadAction\",\"target\":[\"https:\/\/sandzakpress.net\/arhiva\/bkz-cestitala-dan-sandzaka\/\"]}]},{\"@type\":\"ImageObject\",\"inLanguage\":\"bs-BA\",\"@id\":\"https:\/\/sandzakpress.net\/arhiva\/bkz-cestitala-dan-sandzaka\/#primaryimage\",\"url\":\"https:\/\/sandzakpress.net\/arhiva\/wp-content\/uploads\/2017\/11\/Admir-Muratovic-5.jpg\",\"contentUrl\":\"https:\/\/sandzakpress.net\/arhiva\/wp-content\/uploads\/2017\/11\/Admir-Muratovic-5.jpg\",\"width\":620,\"height\":400},{\"@type\":\"BreadcrumbList\",\"@id\":\"https:\/\/sandzakpress.net\/arhiva\/bkz-cestitala-dan-sandzaka\/#breadcrumb\",\"itemListElement\":[{\"@type\":\"ListItem\",\"position\":1,\"name\":\"Home\",\"item\":\"https:\/\/sandzakpress.net\/arhiva\/\"},{\"@type\":\"ListItem\",\"position\":2,\"name\":\"BKZ \u010destitala Dan Sand\u017eaka\"}]},{\"@type\":\"WebSite\",\"@id\":\"https:\/\/sandzakpress.net\/arhiva\/#website\",\"url\":\"https:\/\/sandzakpress.net\/arhiva\/\",\"name\":\"Sand\u017eak PRESS\",\"description\":\"Prve elektronske novine u Sand\u017eaku\",\"publisher\":{\"@id\":\"https:\/\/sandzakpress.net\/arhiva\/#\/schema\/person\/6e72b67d6e51910a1117b3b483ba20bd\"},\"potentialAction\":[{\"@type\":\"SearchAction\",\"target\":{\"@type\":\"EntryPoint\",\"urlTemplate\":\"https:\/\/sandzakpress.net\/arhiva\/?s={search_term_string}\"},\"query-input\":{\"@type\":\"PropertyValueSpecification\",\"valueRequired\":true,\"valueName\":\"search_term_string\"}}],\"inLanguage\":\"bs-BA\"},{\"@type\":[\"Person\",\"Organization\"],\"@id\":\"https:\/\/sandzakpress.net\/arhiva\/#\/schema\/person\/6e72b67d6e51910a1117b3b483ba20bd\",\"name\":\"Kul\",\"image\":{\"@type\":\"ImageObject\",\"inLanguage\":\"bs-BA\",\"@id\":\"https:\/\/sandzakpress.net\/arhiva\/#\/schema\/person\/image\/\",\"url\":\"https:\/\/secure.gravatar.com\/avatar\/42263f39aa27ac04c43cab85c280eb2e?s=96&d=mm&r=pg\",\"contentUrl\":\"https:\/\/secure.gravatar.com\/avatar\/42263f39aa27ac04c43cab85c280eb2e?s=96&d=mm&r=pg\",\"caption\":\"Kul\"},\"logo\":{\"@id\":\"https:\/\/sandzakpress.net\/arhiva\/#\/schema\/person\/image\/\"}},{\"@type\":\"Person\",\"@id\":\"https:\/\/sandzakpress.net\/arhiva\/#\/schema\/person\/cb59d7e3ab91ab90dd680ad0305a6185\",\"name\":\"Agencija\",\"image\":{\"@type\":\"ImageObject\",\"inLanguage\":\"bs-BA\",\"@id\":\"https:\/\/sandzakpress.net\/arhiva\/#\/schema\/person\/image\/\",\"url\":\"https:\/\/secure.gravatar.com\/avatar\/4b7fafa80a22f0c2afe23966b3961fe0?s=96&d=mm&r=pg\",\"contentUrl\":\"https:\/\/secure.gravatar.com\/avatar\/4b7fafa80a22f0c2afe23966b3961fe0?s=96&d=mm&r=pg\",\"caption\":\"Agencija\"},\"url\":\"https:\/\/sandzakpress.net\/arhiva\/author\/agencija\/\"}]}<\/script>\n<!-- \/ Yoast SEO Premium plugin. -->","yoast_head_json":{"title":"BKZ \u010destitala Dan Sand\u017eaka","robots":{"index":"index","follow":"follow","max-snippet":"max-snippet:-1","max-image-preview":"max-image-preview:large","max-video-preview":"max-video-preview:-1"},"canonical":"https:\/\/sandzakpress.net\/arhiva\/bkz-cestitala-dan-sandzaka\/","og_locale":"bs_BA","og_type":"article","og_title":"BKZ \u010destitala Dan Sand\u017eaka","og_description":"Povodom nastupaju\u0107eg 20. novembra \u2013 Dana Sand\u017eaka, u svoje li\u010dno ime i u ime kolektiva Bo\u0161nja\u010dke kulturne zajednice svim sand\u017eaklijama upu\u0107ujem iskrene \u010destitke.\u00a0 Ovaj datum upisan je zlatnim slovima u sand\u017ea\u010dki kalendar, jer je tada, 20. novembra 1943. Godine, u Pljevljima osnovano Zemaljsko antifa\u0161isti\u010dko vije\u0107e narodnog oslobo\u0111enja Sand\u017eaka \u2013 ZAVNOS, \u0161to u na\u0161oj historiji ozna\u010dava [&hellip;]","og_url":"https:\/\/sandzakpress.net\/arhiva\/bkz-cestitala-dan-sandzaka\/","og_site_name":"Sand\u017eak PRESS","article_published_time":"2017-11-20T11:43:45+00:00","og_image":[{"width":620,"height":400,"url":"https:\/\/sandzakpress.net\/arhiva\/wp-content\/uploads\/2017\/11\/Admir-Muratovic-5.jpg","type":"image\/jpeg"}],"author":"Agencija","twitter_card":"summary_large_image","twitter_misc":{"Written by":"Agencija","Est. reading time":"1 minuta"},"schema":{"@context":"https:\/\/schema.org","@graph":[{"@type":"Article","@id":"https:\/\/sandzakpress.net\/arhiva\/bkz-cestitala-dan-sandzaka\/#article","isPartOf":{"@id":"https:\/\/sandzakpress.net\/arhiva\/bkz-cestitala-dan-sandzaka\/"},"author":{"name":"Agencija","@id":"https:\/\/sandzakpress.net\/arhiva\/#\/schema\/person\/cb59d7e3ab91ab90dd680ad0305a6185"},"headline":"BKZ \u010destitala Dan Sand\u017eaka","datePublished":"2017-11-20T11:43:45+00:00","mainEntityOfPage":{"@id":"https:\/\/sandzakpress.net\/arhiva\/bkz-cestitala-dan-sandzaka\/"},"wordCount":146,"commentCount":0,"publisher":{"@id":"https:\/\/sandzakpress.net\/arhiva\/#\/schema\/person\/6e72b67d6e51910a1117b3b483ba20bd"},"image":{"@id":"https:\/\/sandzakpress.net\/arhiva\/bkz-cestitala-dan-sandzaka\/#primaryimage"},"thumbnailUrl":"https:\/\/sandzakpress.net\/arhiva\/wp-content\/uploads\/2017\/11\/Admir-Muratovic-5.jpg","articleSection":["Nacija","Novi Pazar","Ro\u017eaje","Sjenica","Berane","Petnjica","Tutin","Prijepolje","Bijelo Polje","Priboj","Pljevlja","Plav","Nova Varo\u0161","Gusinje"],"inLanguage":"bs-BA","potentialAction":[{"@type":"CommentAction","name":"Comment","target":["https:\/\/sandzakpress.net\/arhiva\/bkz-cestitala-dan-sandzaka\/#respond"]}]},{"@type":"WebPage","@id":"https:\/\/sandzakpress.net\/arhiva\/bkz-cestitala-dan-sandzaka\/","url":"https:\/\/sandzakpress.net\/arhiva\/bkz-cestitala-dan-sandzaka\/","name":"BKZ \u010destitala Dan Sand\u017eaka","isPartOf":{"@id":"https:\/\/sandzakpress.net\/arhiva\/#website"},"primaryImageOfPage":{"@id":"https:\/\/sandzakpress.net\/arhiva\/bkz-cestitala-dan-sandzaka\/#primaryimage"},"image":{"@id":"https:\/\/sandzakpress.net\/arhiva\/bkz-cestitala-dan-sandzaka\/#primaryimage"},"thumbnailUrl":"https:\/\/sandzakpress.net\/arhiva\/wp-content\/uploads\/2017\/11\/Admir-Muratovic-5.jpg","datePublished":"2017-11-20T11:43:45+00:00","breadcrumb":{"@id":"https:\/\/sandzakpress.net\/arhiva\/bkz-cestitala-dan-sandzaka\/#breadcrumb"},"inLanguage":"bs-BA","potentialAction":[{"@type":"ReadAction","target":["https:\/\/sandzakpress.net\/arhiva\/bkz-cestitala-dan-sandzaka\/"]}]},{"@type":"ImageObject","inLanguage":"bs-BA","@id":"https:\/\/sandzakpress.net\/arhiva\/bkz-cestitala-dan-sandzaka\/#primaryimage","url":"https:\/\/sandzakpress.net\/arhiva\/wp-content\/uploads\/2017\/11\/Admir-Muratovic-5.jpg","contentUrl":"https:\/\/sandzakpress.net\/arhiva\/wp-content\/uploads\/2017\/11\/Admir-Muratovic-5.jpg","width":620,"height":400},{"@type":"BreadcrumbList","@id":"https:\/\/sandzakpress.net\/arhiva\/bkz-cestitala-dan-sandzaka\/#breadcrumb","itemListElement":[{"@type":"ListItem","position":1,"name":"Home","item":"https:\/\/sandzakpress.net\/arhiva\/"},{"@type":"ListItem","position":2,"name":"BKZ \u010destitala Dan Sand\u017eaka"}]},{"@type":"WebSite","@id":"https:\/\/sandzakpress.net\/arhiva\/#website","url":"https:\/\/sandzakpress.net\/arhiva\/","name":"Sand\u017eak PRESS","description":"Prve elektronske novine u Sand\u017eaku","publisher":{"@id":"https:\/\/sandzakpress.net\/arhiva\/#\/schema\/person\/6e72b67d6e51910a1117b3b483ba20bd"},"potentialAction":[{"@type":"SearchAction","target":{"@type":"EntryPoint","urlTemplate":"https:\/\/sandzakpress.net\/arhiva\/?s={search_term_string}"},"query-input":{"@type":"PropertyValueSpecification","valueRequired":true,"valueName":"search_term_string"}}],"inLanguage":"bs-BA"},{"@type":["Person","Organization"],"@id":"https:\/\/sandzakpress.net\/arhiva\/#\/schema\/person\/6e72b67d6e51910a1117b3b483ba20bd","name":"Kul","image":{"@type":"ImageObject","inLanguage":"bs-BA","@id":"https:\/\/sandzakpress.net\/arhiva\/#\/schema\/person\/image\/","url":"https:\/\/secure.gravatar.com\/avatar\/42263f39aa27ac04c43cab85c280eb2e?s=96&d=mm&r=pg","contentUrl":"https:\/\/secure.gravatar.com\/avatar\/42263f39aa27ac04c43cab85c280eb2e?s=96&d=mm&r=pg","caption":"Kul"},"logo":{"@id":"https:\/\/sandzakpress.net\/arhiva\/#\/schema\/person\/image\/"}},{"@type":"Person","@id":"https:\/\/sandzakpress.net\/arhiva\/#\/schema\/person\/cb59d7e3ab91ab90dd680ad0305a6185","name":"Agencija","image":{"@type":"ImageObject","inLanguage":"bs-BA","@id":"https:\/\/sandzakpress.net\/arhiva\/#\/schema\/person\/image\/","url":"https:\/\/secure.gravatar.com\/avatar\/4b7fafa80a22f0c2afe23966b3961fe0?s=96&d=mm&r=pg","contentUrl":"https:\/\/secure.gravatar.com\/avatar\/4b7fafa80a22f0c2afe23966b3961fe0?s=96&d=mm&r=pg","caption":"Agencija"},"url":"https:\/\/sandzakpress.net\/arhiva\/author\/agencija\/"}]}},"_links":{"self":[{"href":"https:\/\/sandzakpress.net\/arhiva\/wp-json\/wp\/v2\/posts\/198791"}],"collection":[{"href":"https:\/\/sandzakpress.net\/arhiva\/wp-json\/wp\/v2\/posts"}],"about":[{"href":"https:\/\/sandzakpress.net\/arhiva\/wp-json\/wp\/v2\/types\/post"}],"author":[{"embeddable":true,"href":"https:\/\/sandzakpress.net\/arhiva\/wp-json\/wp\/v2\/users\/509"}],"replies":[{"embeddable":true,"href":"https:\/\/sandzakpress.net\/arhiva\/wp-json\/wp\/v2\/comments?post=198791"}],"version-history":[{"count":0,"href":"https:\/\/sandzakpress.net\/arhiva\/wp-json\/wp\/v2\/posts\/198791\/revisions"}],"wp:featuredmedia":[{"embeddable":true,"href":"https:\/\/sandzakpress.net\/arhiva\/wp-json\/wp\/v2\/media\/198797"}],"wp:attachment":[{"href":"https:\/\/sandzakpress.net\/arhiva\/wp-json\/wp\/v2\/media?parent=198791"}],"wp:term":[{"taxonomy":"category","embeddable":true,"href":"https:\/\/sandzakpress.net\/arhiva\/wp-json\/wp\/v2\/categories?post=198791"},{"taxonomy":"post_tag","embeddable":true,"href":"https:\/\/sandzakpress.net\/arhiva\/wp-json\/wp\/v2\/tags?post=198791"}],"curies":[{"name":"wp","href":"https:\/\/api.w.org\/{rel}","templated":true}]}}