{"id":198516,"date":"2017-11-13T17:10:13","date_gmt":"2017-11-13T16:10:13","guid":{"rendered":"https:\/\/sandzakpress.net\/arhiva\/milorad-dodik-zelim-da-odvojim-rs-a-da-ne-padne-nijedna-glava"},"modified":"2017-11-13T17:10:13","modified_gmt":"2017-11-13T16:10:13","slug":"milorad-dodik-zelim-da-odvojim-rs-a-da-ne-padne-nijedna-glava","status":"publish","type":"post","link":"https:\/\/sandzakpress.net\/arhiva\/milorad-dodik-zelim-da-odvojim-rs-a-da-ne-padne-nijedna-glava\/","title":{"rendered":"Milorad Dodik: \u017delim da odvojim RS a da ne padne nijedna glava"},"content":{"rendered":"<p><span class=\"cb-itemprop\"><\/p>\n<p><img decoding=\"async\" class=\"aligncenter\" src=\"http:\/\/saff.ba\/wp-content\/uploads\/2017\/11\/Screen-Shot-2017-11-12-at-22.29.48.jpg\" \/><\/p>\n<p><strong>Predsjednik Republike Srpske Milorad Dodik izjavio je za beogradske Ve\u010dernje novosti da sanja i vjeruje da \u0107e Republika Srpska jednog dana biti dr\u017eava.<\/strong><\/p>\n<p>\u201cDa li \u0107e to biti za pet, deset ili petnaest godina, nije va\u017eno. Garantujem, nezavisna Republika Srpska \u0107e nam pasti u krilo kao zrela jabuka. BiH je neodr\u017eiva, a kada bi se RS danas izdvojila, ne bismo imali nijedan problem da \u017eivimo kao samostalna dr\u017eava. Kad bih mogao sutra da napravim nezavisnu RS a da ne padne nijedna glava, uradio bih to. Moja politika je da to u\u010dinim politi\u010dkim sredstvima\u201d.<\/p>\n<p>Kada je rije\u010d o me\u0111unarodnoj zajednici, Dodik je rekao da narod treba osloboditi tog stereotipa da stranci ovdje mogu da rade \u0161ta ho\u0107e, a da mi moramo da slu\u0161amo.<\/p>\n<p>\u2013 \u0408a sam to prekinuo jo\u0161 2006, kada sam postao premijer. Tada sam prekinuo praksu da se svi materijali prije sjednice Vlade \u0161alju u Kancelariju visokog predstavnika \u2013 naveo je on.<\/p>\n<p>Govore\u0107i o viskom predstavniku Valentinu Incku, Dodik je rekao da Incko mora da ode, ali da niko drugi ne do\u0111e.<\/p>\n<p>Odgovaraju\u0107i na pitanje da li insistiranje na samostalnosti RS ugro\u017eva poziciju Beograda u vezi sa Kosovom,Dodik je rekao da Srbija iz svojih razloga mora ostati na me\u0111unarodnom principu teritorijalne nedjeljivosti, imaju\u0107i u vidu Kosovo koje je njeno najva\u017enije dr\u017eavno pitanje, ali da je, isto tako, Republika Srpska njeno najva\u017enije nacionalno pitanje.<\/p>\n<p>Dodik je rekao da je me\u0111unarodna zajednica na primjeru Kosova, navodno poni\u017eavaju\u0107i Slobodana Milo\u0161evi\u0107a, ponizila Srbe i Srbiju.<\/p>\n<p>\u2013 To govori koliko je taj projekat cini\u010dan i antisrpski, a ne antimilo\u0161evi\u0107evski. Cilj je bio da se uru\u0161e i ponize srpska dr\u017eavnost i nacija. Albancima i Srbima koji ratuju i ubijaju se, me\u0111unarodna zajednica ka\u017ee \u2013 razi\u0111ite se. Muslimanima i Srbima koji tako\u0111e ratuju i ne vole se, ka\u017eu \u2013 morate da budete zajedno. To je licemjerje me\u0111unarodne zajednice. Nije nam ponu\u0111eno fer rje\u0161enje \u2013 naglasio je Dodik.<\/p>\n<p>Govore\u0107i o zajedni\u010dkoj deklaraciji Srpske i Srbije o pravima srpskog naroda, Dodik je rekao da bi zajedni\u010dki tim ovih dana trebalo da razmatra tekst deklaracije, koji \u0107e nakon usagla\u0161avanja biti upu\u0107en u skup\u0161tinsku proceduru.<\/p>\n<p>\u2013 To \u0107e biti prvi put da skup\u0161tine Srbije i Republike Srpske donesu identi\u010dan akt i to je veoma va\u017eno \u2013 naglasio je predsjednik Srpske, istakav\u0161i da deklaracija ne\u0107e biti osnov za destabilizaciju, te da je njen cilj afirmacija prava.<\/p>\n<p>(Saff)<\/p>\n<p><\/span><br \/>\nPogledajte vijest na izvornom sajtu:<\/p>\n<p><a href=\"http:\/\/bosnapress.net\/milorad-dodik-zelim-da-odvojim-rs-a-da-ne-padne-nijedna-glava\/\" target=\"_blank\">Milorad Dodik: \u017delim da odvojim RS a da ne padne nijedna glava<\/a><\/p>\n","protected":false},"excerpt":{"rendered":"<p>Predsjednik Republike Srpske Milorad Dodik izjavio je za beogradske Ve\u010dernje novosti da sanja i vjeruje da \u0107e Republika Srpska jednog dana biti dr\u017eava. \u201cDa li \u0107e to biti za pet, deset ili petnaest godina, nije va\u017eno. Garantujem, nezavisna Republika Srpska \u0107e nam pasti u krilo kao zrela jabuka. BiH je neodr\u017eiva, a kada bi se [&hellip;]<\/p>\n","protected":false},"author":83,"featured_media":198518,"comment_status":"open","ping_status":"open","sticky":false,"template":"","format":"standard","meta":{"footnotes":""},"categories":[10513],"tags":[10466],"class_list":{"0":"post-198516","1":"post","2":"type-post","3":"status-publish","4":"format-standard","5":"has-post-thumbnail","7":"category-bosna-press","8":"tag-bosna-i-hercegovina"},"yoast_head":"<!-- This site is optimized with the Yoast SEO Premium plugin v23.1 (Yoast SEO v24.9) - https:\/\/yoast.com\/wordpress\/plugins\/seo\/ -->\n<title>Milorad Dodik: \u017delim da odvojim RS a da ne padne nijedna glava<\/title>\n<meta name=\"robots\" content=\"index, follow, max-snippet:-1, max-image-preview:large, max-video-preview:-1\" \/>\n<link rel=\"canonical\" href=\"https:\/\/sandzakpress.net\/arhiva\/milorad-dodik-zelim-da-odvojim-rs-a-da-ne-padne-nijedna-glava\/\" \/>\n<meta property=\"og:locale\" content=\"bs_BA\" \/>\n<meta property=\"og:type\" content=\"article\" \/>\n<meta property=\"og:title\" content=\"Milorad Dodik: \u017delim da odvojim RS a da ne padne nijedna glava\" \/>\n<meta property=\"og:description\" content=\"Predsjednik Republike Srpske Milorad Dodik izjavio je za beogradske Ve\u010dernje novosti da sanja i vjeruje da \u0107e Republika Srpska jednog dana biti dr\u017eava. \u201cDa li \u0107e to biti za pet, deset ili petnaest godina, nije va\u017eno. Garantujem, nezavisna Republika Srpska \u0107e nam pasti u krilo kao zrela jabuka. BiH je neodr\u017eiva, a kada bi se [&hellip;]\" \/>\n<meta property=\"og:url\" content=\"https:\/\/sandzakpress.net\/arhiva\/milorad-dodik-zelim-da-odvojim-rs-a-da-ne-padne-nijedna-glava\/\" \/>\n<meta property=\"og:site_name\" content=\"Sand\u017eak PRESS\" \/>\n<meta property=\"article:published_time\" content=\"2017-11-13T16:10:13+00:00\" \/>\n<meta property=\"og:image\" content=\"https:\/\/sandzakpress.net\/arhiva\/wp-content\/uploads\/2017\/11\/Screen-Shot-2017-11-12-at-22.29.48-1.jpg\" \/>\n\t<meta property=\"og:image:width\" content=\"542\" \/>\n\t<meta property=\"og:image:height\" content=\"318\" \/>\n\t<meta property=\"og:image:type\" content=\"image\/jpeg\" \/>\n<meta name=\"author\" content=\"bosniak\" \/>\n<meta name=\"twitter:card\" content=\"summary_large_image\" \/>\n<meta name=\"twitter:label1\" content=\"Written by\" \/>\n\t<meta name=\"twitter:data1\" content=\"bosniak\" \/>\n\t<meta name=\"twitter:label2\" content=\"Est. reading time\" \/>\n\t<meta name=\"twitter:data2\" content=\"2 minute\" \/>\n<script type=\"application\/ld+json\" class=\"yoast-schema-graph\">{\"@context\":\"https:\/\/schema.org\",\"@graph\":[{\"@type\":\"Article\",\"@id\":\"https:\/\/sandzakpress.net\/arhiva\/milorad-dodik-zelim-da-odvojim-rs-a-da-ne-padne-nijedna-glava\/#article\",\"isPartOf\":{\"@id\":\"https:\/\/sandzakpress.net\/arhiva\/milorad-dodik-zelim-da-odvojim-rs-a-da-ne-padne-nijedna-glava\/\"},\"author\":{\"name\":\"bosniak\",\"@id\":\"https:\/\/sandzakpress.net\/arhiva\/#\/schema\/person\/c8baee722073534b583ea7bdb2e36c02\"},\"headline\":\"Milorad Dodik: \u017delim da odvojim RS a da ne padne nijedna glava\",\"datePublished\":\"2017-11-13T16:10:13+00:00\",\"mainEntityOfPage\":{\"@id\":\"https:\/\/sandzakpress.net\/arhiva\/milorad-dodik-zelim-da-odvojim-rs-a-da-ne-padne-nijedna-glava\/\"},\"wordCount\":455,\"commentCount\":1,\"publisher\":{\"@id\":\"https:\/\/sandzakpress.net\/arhiva\/#\/schema\/person\/6e72b67d6e51910a1117b3b483ba20bd\"},\"image\":{\"@id\":\"https:\/\/sandzakpress.net\/arhiva\/milorad-dodik-zelim-da-odvojim-rs-a-da-ne-padne-nijedna-glava\/#primaryimage\"},\"thumbnailUrl\":\"https:\/\/sandzakpress.net\/arhiva\/wp-content\/uploads\/2017\/11\/Screen-Shot-2017-11-12-at-22.29.48-1.jpg\",\"keywords\":[\"Bosna i Hercegovina\"],\"articleSection\":[\"Bosna PRESS\"],\"inLanguage\":\"bs-BA\",\"potentialAction\":[{\"@type\":\"CommentAction\",\"name\":\"Comment\",\"target\":[\"https:\/\/sandzakpress.net\/arhiva\/milorad-dodik-zelim-da-odvojim-rs-a-da-ne-padne-nijedna-glava\/#respond\"]}]},{\"@type\":\"WebPage\",\"@id\":\"https:\/\/sandzakpress.net\/arhiva\/milorad-dodik-zelim-da-odvojim-rs-a-da-ne-padne-nijedna-glava\/\",\"url\":\"https:\/\/sandzakpress.net\/arhiva\/milorad-dodik-zelim-da-odvojim-rs-a-da-ne-padne-nijedna-glava\/\",\"name\":\"Milorad Dodik: \u017delim da odvojim RS a da ne padne nijedna glava\",\"isPartOf\":{\"@id\":\"https:\/\/sandzakpress.net\/arhiva\/#website\"},\"primaryImageOfPage\":{\"@id\":\"https:\/\/sandzakpress.net\/arhiva\/milorad-dodik-zelim-da-odvojim-rs-a-da-ne-padne-nijedna-glava\/#primaryimage\"},\"image\":{\"@id\":\"https:\/\/sandzakpress.net\/arhiva\/milorad-dodik-zelim-da-odvojim-rs-a-da-ne-padne-nijedna-glava\/#primaryimage\"},\"thumbnailUrl\":\"https:\/\/sandzakpress.net\/arhiva\/wp-content\/uploads\/2017\/11\/Screen-Shot-2017-11-12-at-22.29.48-1.jpg\",\"datePublished\":\"2017-11-13T16:10:13+00:00\",\"breadcrumb\":{\"@id\":\"https:\/\/sandzakpress.net\/arhiva\/milorad-dodik-zelim-da-odvojim-rs-a-da-ne-padne-nijedna-glava\/#breadcrumb\"},\"inLanguage\":\"bs-BA\",\"potentialAction\":[{\"@type\":\"ReadAction\",\"target\":[\"https:\/\/sandzakpress.net\/arhiva\/milorad-dodik-zelim-da-odvojim-rs-a-da-ne-padne-nijedna-glava\/\"]}]},{\"@type\":\"ImageObject\",\"inLanguage\":\"bs-BA\",\"@id\":\"https:\/\/sandzakpress.net\/arhiva\/milorad-dodik-zelim-da-odvojim-rs-a-da-ne-padne-nijedna-glava\/#primaryimage\",\"url\":\"https:\/\/sandzakpress.net\/arhiva\/wp-content\/uploads\/2017\/11\/Screen-Shot-2017-11-12-at-22.29.48-1.jpg\",\"contentUrl\":\"https:\/\/sandzakpress.net\/arhiva\/wp-content\/uploads\/2017\/11\/Screen-Shot-2017-11-12-at-22.29.48-1.jpg\",\"width\":542,\"height\":318},{\"@type\":\"BreadcrumbList\",\"@id\":\"https:\/\/sandzakpress.net\/arhiva\/milorad-dodik-zelim-da-odvojim-rs-a-da-ne-padne-nijedna-glava\/#breadcrumb\",\"itemListElement\":[{\"@type\":\"ListItem\",\"position\":1,\"name\":\"Home\",\"item\":\"https:\/\/sandzakpress.net\/arhiva\/\"},{\"@type\":\"ListItem\",\"position\":2,\"name\":\"Milorad Dodik: \u017delim da odvojim RS a da ne padne nijedna glava\"}]},{\"@type\":\"WebSite\",\"@id\":\"https:\/\/sandzakpress.net\/arhiva\/#website\",\"url\":\"https:\/\/sandzakpress.net\/arhiva\/\",\"name\":\"Sand\u017eak PRESS\",\"description\":\"Prve elektronske novine u Sand\u017eaku\",\"publisher\":{\"@id\":\"https:\/\/sandzakpress.net\/arhiva\/#\/schema\/person\/6e72b67d6e51910a1117b3b483ba20bd\"},\"potentialAction\":[{\"@type\":\"SearchAction\",\"target\":{\"@type\":\"EntryPoint\",\"urlTemplate\":\"https:\/\/sandzakpress.net\/arhiva\/?s={search_term_string}\"},\"query-input\":{\"@type\":\"PropertyValueSpecification\",\"valueRequired\":true,\"valueName\":\"search_term_string\"}}],\"inLanguage\":\"bs-BA\"},{\"@type\":[\"Person\",\"Organization\"],\"@id\":\"https:\/\/sandzakpress.net\/arhiva\/#\/schema\/person\/6e72b67d6e51910a1117b3b483ba20bd\",\"name\":\"Kul\",\"image\":{\"@type\":\"ImageObject\",\"inLanguage\":\"bs-BA\",\"@id\":\"https:\/\/sandzakpress.net\/arhiva\/#\/schema\/person\/image\/\",\"url\":\"https:\/\/secure.gravatar.com\/avatar\/42263f39aa27ac04c43cab85c280eb2e?s=96&d=mm&r=pg\",\"contentUrl\":\"https:\/\/secure.gravatar.com\/avatar\/42263f39aa27ac04c43cab85c280eb2e?s=96&d=mm&r=pg\",\"caption\":\"Kul\"},\"logo\":{\"@id\":\"https:\/\/sandzakpress.net\/arhiva\/#\/schema\/person\/image\/\"}},{\"@type\":\"Person\",\"@id\":\"https:\/\/sandzakpress.net\/arhiva\/#\/schema\/person\/c8baee722073534b583ea7bdb2e36c02\",\"name\":\"bosniak\",\"image\":{\"@type\":\"ImageObject\",\"inLanguage\":\"bs-BA\",\"@id\":\"https:\/\/sandzakpress.net\/arhiva\/#\/schema\/person\/image\/\",\"url\":\"https:\/\/secure.gravatar.com\/avatar\/a04fd330bfe3a36a72a0ad4a6d89fca7?s=96&d=mm&r=pg\",\"contentUrl\":\"https:\/\/secure.gravatar.com\/avatar\/a04fd330bfe3a36a72a0ad4a6d89fca7?s=96&d=mm&r=pg\",\"caption\":\"bosniak\"},\"url\":\"https:\/\/sandzakpress.net\/arhiva\/author\/bosniak\/\"}]}<\/script>\n<!-- \/ Yoast SEO Premium plugin. -->","yoast_head_json":{"title":"Milorad Dodik: \u017delim da odvojim RS a da ne padne nijedna glava","robots":{"index":"index","follow":"follow","max-snippet":"max-snippet:-1","max-image-preview":"max-image-preview:large","max-video-preview":"max-video-preview:-1"},"canonical":"https:\/\/sandzakpress.net\/arhiva\/milorad-dodik-zelim-da-odvojim-rs-a-da-ne-padne-nijedna-glava\/","og_locale":"bs_BA","og_type":"article","og_title":"Milorad Dodik: \u017delim da odvojim RS a da ne padne nijedna glava","og_description":"Predsjednik Republike Srpske Milorad Dodik izjavio je za beogradske Ve\u010dernje novosti da sanja i vjeruje da \u0107e Republika Srpska jednog dana biti dr\u017eava. \u201cDa li \u0107e to biti za pet, deset ili petnaest godina, nije va\u017eno. Garantujem, nezavisna Republika Srpska \u0107e nam pasti u krilo kao zrela jabuka. BiH je neodr\u017eiva, a kada bi se [&hellip;]","og_url":"https:\/\/sandzakpress.net\/arhiva\/milorad-dodik-zelim-da-odvojim-rs-a-da-ne-padne-nijedna-glava\/","og_site_name":"Sand\u017eak PRESS","article_published_time":"2017-11-13T16:10:13+00:00","og_image":[{"width":542,"height":318,"url":"https:\/\/sandzakpress.net\/arhiva\/wp-content\/uploads\/2017\/11\/Screen-Shot-2017-11-12-at-22.29.48-1.jpg","type":"image\/jpeg"}],"author":"bosniak","twitter_card":"summary_large_image","twitter_misc":{"Written by":"bosniak","Est. reading time":"2 minute"},"schema":{"@context":"https:\/\/schema.org","@graph":[{"@type":"Article","@id":"https:\/\/sandzakpress.net\/arhiva\/milorad-dodik-zelim-da-odvojim-rs-a-da-ne-padne-nijedna-glava\/#article","isPartOf":{"@id":"https:\/\/sandzakpress.net\/arhiva\/milorad-dodik-zelim-da-odvojim-rs-a-da-ne-padne-nijedna-glava\/"},"author":{"name":"bosniak","@id":"https:\/\/sandzakpress.net\/arhiva\/#\/schema\/person\/c8baee722073534b583ea7bdb2e36c02"},"headline":"Milorad Dodik: \u017delim da odvojim RS a da ne padne nijedna glava","datePublished":"2017-11-13T16:10:13+00:00","mainEntityOfPage":{"@id":"https:\/\/sandzakpress.net\/arhiva\/milorad-dodik-zelim-da-odvojim-rs-a-da-ne-padne-nijedna-glava\/"},"wordCount":455,"commentCount":1,"publisher":{"@id":"https:\/\/sandzakpress.net\/arhiva\/#\/schema\/person\/6e72b67d6e51910a1117b3b483ba20bd"},"image":{"@id":"https:\/\/sandzakpress.net\/arhiva\/milorad-dodik-zelim-da-odvojim-rs-a-da-ne-padne-nijedna-glava\/#primaryimage"},"thumbnailUrl":"https:\/\/sandzakpress.net\/arhiva\/wp-content\/uploads\/2017\/11\/Screen-Shot-2017-11-12-at-22.29.48-1.jpg","keywords":["Bosna i Hercegovina"],"articleSection":["Bosna PRESS"],"inLanguage":"bs-BA","potentialAction":[{"@type":"CommentAction","name":"Comment","target":["https:\/\/sandzakpress.net\/arhiva\/milorad-dodik-zelim-da-odvojim-rs-a-da-ne-padne-nijedna-glava\/#respond"]}]},{"@type":"WebPage","@id":"https:\/\/sandzakpress.net\/arhiva\/milorad-dodik-zelim-da-odvojim-rs-a-da-ne-padne-nijedna-glava\/","url":"https:\/\/sandzakpress.net\/arhiva\/milorad-dodik-zelim-da-odvojim-rs-a-da-ne-padne-nijedna-glava\/","name":"Milorad Dodik: \u017delim da odvojim RS a da ne padne nijedna glava","isPartOf":{"@id":"https:\/\/sandzakpress.net\/arhiva\/#website"},"primaryImageOfPage":{"@id":"https:\/\/sandzakpress.net\/arhiva\/milorad-dodik-zelim-da-odvojim-rs-a-da-ne-padne-nijedna-glava\/#primaryimage"},"image":{"@id":"https:\/\/sandzakpress.net\/arhiva\/milorad-dodik-zelim-da-odvojim-rs-a-da-ne-padne-nijedna-glava\/#primaryimage"},"thumbnailUrl":"https:\/\/sandzakpress.net\/arhiva\/wp-content\/uploads\/2017\/11\/Screen-Shot-2017-11-12-at-22.29.48-1.jpg","datePublished":"2017-11-13T16:10:13+00:00","breadcrumb":{"@id":"https:\/\/sandzakpress.net\/arhiva\/milorad-dodik-zelim-da-odvojim-rs-a-da-ne-padne-nijedna-glava\/#breadcrumb"},"inLanguage":"bs-BA","potentialAction":[{"@type":"ReadAction","target":["https:\/\/sandzakpress.net\/arhiva\/milorad-dodik-zelim-da-odvojim-rs-a-da-ne-padne-nijedna-glava\/"]}]},{"@type":"ImageObject","inLanguage":"bs-BA","@id":"https:\/\/sandzakpress.net\/arhiva\/milorad-dodik-zelim-da-odvojim-rs-a-da-ne-padne-nijedna-glava\/#primaryimage","url":"https:\/\/sandzakpress.net\/arhiva\/wp-content\/uploads\/2017\/11\/Screen-Shot-2017-11-12-at-22.29.48-1.jpg","contentUrl":"https:\/\/sandzakpress.net\/arhiva\/wp-content\/uploads\/2017\/11\/Screen-Shot-2017-11-12-at-22.29.48-1.jpg","width":542,"height":318},{"@type":"BreadcrumbList","@id":"https:\/\/sandzakpress.net\/arhiva\/milorad-dodik-zelim-da-odvojim-rs-a-da-ne-padne-nijedna-glava\/#breadcrumb","itemListElement":[{"@type":"ListItem","position":1,"name":"Home","item":"https:\/\/sandzakpress.net\/arhiva\/"},{"@type":"ListItem","position":2,"name":"Milorad Dodik: \u017delim da odvojim RS a da ne padne nijedna glava"}]},{"@type":"WebSite","@id":"https:\/\/sandzakpress.net\/arhiva\/#website","url":"https:\/\/sandzakpress.net\/arhiva\/","name":"Sand\u017eak PRESS","description":"Prve elektronske novine u Sand\u017eaku","publisher":{"@id":"https:\/\/sandzakpress.net\/arhiva\/#\/schema\/person\/6e72b67d6e51910a1117b3b483ba20bd"},"potentialAction":[{"@type":"SearchAction","target":{"@type":"EntryPoint","urlTemplate":"https:\/\/sandzakpress.net\/arhiva\/?s={search_term_string}"},"query-input":{"@type":"PropertyValueSpecification","valueRequired":true,"valueName":"search_term_string"}}],"inLanguage":"bs-BA"},{"@type":["Person","Organization"],"@id":"https:\/\/sandzakpress.net\/arhiva\/#\/schema\/person\/6e72b67d6e51910a1117b3b483ba20bd","name":"Kul","image":{"@type":"ImageObject","inLanguage":"bs-BA","@id":"https:\/\/sandzakpress.net\/arhiva\/#\/schema\/person\/image\/","url":"https:\/\/secure.gravatar.com\/avatar\/42263f39aa27ac04c43cab85c280eb2e?s=96&d=mm&r=pg","contentUrl":"https:\/\/secure.gravatar.com\/avatar\/42263f39aa27ac04c43cab85c280eb2e?s=96&d=mm&r=pg","caption":"Kul"},"logo":{"@id":"https:\/\/sandzakpress.net\/arhiva\/#\/schema\/person\/image\/"}},{"@type":"Person","@id":"https:\/\/sandzakpress.net\/arhiva\/#\/schema\/person\/c8baee722073534b583ea7bdb2e36c02","name":"bosniak","image":{"@type":"ImageObject","inLanguage":"bs-BA","@id":"https:\/\/sandzakpress.net\/arhiva\/#\/schema\/person\/image\/","url":"https:\/\/secure.gravatar.com\/avatar\/a04fd330bfe3a36a72a0ad4a6d89fca7?s=96&d=mm&r=pg","contentUrl":"https:\/\/secure.gravatar.com\/avatar\/a04fd330bfe3a36a72a0ad4a6d89fca7?s=96&d=mm&r=pg","caption":"bosniak"},"url":"https:\/\/sandzakpress.net\/arhiva\/author\/bosniak\/"}]}},"_links":{"self":[{"href":"https:\/\/sandzakpress.net\/arhiva\/wp-json\/wp\/v2\/posts\/198516"}],"collection":[{"href":"https:\/\/sandzakpress.net\/arhiva\/wp-json\/wp\/v2\/posts"}],"about":[{"href":"https:\/\/sandzakpress.net\/arhiva\/wp-json\/wp\/v2\/types\/post"}],"author":[{"embeddable":true,"href":"https:\/\/sandzakpress.net\/arhiva\/wp-json\/wp\/v2\/users\/83"}],"replies":[{"embeddable":true,"href":"https:\/\/sandzakpress.net\/arhiva\/wp-json\/wp\/v2\/comments?post=198516"}],"version-history":[{"count":0,"href":"https:\/\/sandzakpress.net\/arhiva\/wp-json\/wp\/v2\/posts\/198516\/revisions"}],"wp:featuredmedia":[{"embeddable":true,"href":"https:\/\/sandzakpress.net\/arhiva\/wp-json\/wp\/v2\/media\/198518"}],"wp:attachment":[{"href":"https:\/\/sandzakpress.net\/arhiva\/wp-json\/wp\/v2\/media?parent=198516"}],"wp:term":[{"taxonomy":"category","embeddable":true,"href":"https:\/\/sandzakpress.net\/arhiva\/wp-json\/wp\/v2\/categories?post=198516"},{"taxonomy":"post_tag","embeddable":true,"href":"https:\/\/sandzakpress.net\/arhiva\/wp-json\/wp\/v2\/tags?post=198516"}],"curies":[{"name":"wp","href":"https:\/\/api.w.org\/{rel}","templated":true}]}}