{"id":19832,"date":"2011-09-11T12:30:25","date_gmt":"2011-09-11T10:30:25","guid":{"rendered":"https:\/\/sandzakpress.net\/arhiva\/?p=19832"},"modified":"2011-09-11T12:30:25","modified_gmt":"2011-09-11T10:30:25","slug":"postignut-dogovor-crnogorski-%e2%80%93-srpski-bosanski-hrvatski","status":"publish","type":"post","link":"https:\/\/sandzakpress.net\/arhiva\/postignut-dogovor-crnogorski-%e2%80%93-srpski-bosanski-hrvatski\/","title":{"rendered":"Postignut dogovor: Crnogorski \u2013 srpski, bosanski, hrvatski"},"content":{"rendered":"<p><strong><a href=\"https:\/\/sandzakpress.net\/arhiva\/wp-content\/uploads\/2011\/09\/Luksic1.jpg\"><img loading=\"lazy\" decoding=\"async\" class=\"alignleft size-medium wp-image-19833\" src=\"https:\/\/sandzakpress.net\/arhiva\/wp-content\/uploads\/2011\/09\/Luksic1-300x254.jpg\" alt=\"\" width=\"300\" height=\"254\" \/><\/a>Ju\u017eni Sand\u017eak &#8211; Premijer Igor Luk\u0161i\u0107 i lideri opozicije Sr\u0111an Mili\u0107 (SNP), Neboj\u0161a  Medojevi\u0107 (PzP) i Andrija Mandi\u0107 (Nova) potpisali su politi\u010dki sporazum,  prema kojem \u0107e se nastavni predmet, koji \u0107e se izu\u010davati u \u0161kolama,  zvati Crnogorski-srpski, bosanski, hrvatski jezik i knji\u017eevnost. <\/strong><\/p>\n<p>Luk\u0161i\u0107 je na vanrednoj konferenciji za novinare u Skup\u0161tini, nakon  vi\u0161esatnih konsultacija sa rukovodstvima DPS-a, SDP-a, kojijma je  prisustvovao i predsjednik DPS-a Milo \u0110ukanovi\u0107, rekao da je  potpisivanjem sporazuma otklonjena prepreka daljem putu Crne Gore u  procesu evropskih integracija.<\/p>\n<p>Na taj na\u010din, rekao je premijer, jasno se ukazuje da je crnogorski  zvani\u010dni slu\u017ebeni jezik, a da su srpski, bosanski i hrvatski jezici u  slu\u017ebenoj upotrebi.<\/p>\n<p>\u201cIstovremeno se obezbje\u0111uje puna za\u0161tita od bilo kog oblika  diskriminacije i time se stvaraju uslovi da se implementira dogovor u  cjelini, odnosno podr\u017ei izborni zakon\u201d, rekao je Luk\u0161i\u0107.<\/p>\n<p><strong>Za idu\u0107u \u0161kolsku godinu trajni nastavni plan i program<\/strong><\/p>\n<p>Isti\u010du\u0107i da sporazum predvi\u0111a da se u toku \u0161kolske godine, koja je  ve\u0107 po\u010dela, koristi do sada va\u017ee\u0107i nastavni plan i program maternjeg  jezika i knji\u017eevnosti, Luk\u0161i\u0107 je kazao da \u0107e se uz dopunu sadr\u017eaja  obezbijediti izu\u010davanje specifi\u010dnosti maternjih jezika.<\/p>\n<p>\u201cNa taj na\u010din \u0107e se omogu\u0107iti upotreba svih relevantnih ud\u017ebenika. I  to tako\u0111e podrazumijeva da \u0107emo, nadam se, ve\u0107 za idu\u0107u godinu, a po  sporazumu obaveza ekspertske komisije koju \u0107e nadle\u017eno ministarstvo  formirati od eksperata za sva \u010detiri jezika, donijeti trajni nastavni  plan i program\u201d, istakao je Luk\u0161i\u0107.<\/p>\n<p>Bude li administrativnih prepreka, naveo je Luk\u0161i\u0107, \u201cu\u010denici \u0107e na  li\u010dni zahtjev mo\u0107i da dobiju potvrdu o poznavanju slu\u017ebenog, odnosno  maternjeg jezika, ukoliko to nije isti jezik\u201d.<\/p>\n<p>\u201cTako se stvaraju uslovi da na jedan kvalitetan na\u010din iskoristimo ono  \u0161to je bogatstvo crnogorskog dru\u0161tva, da iskoristimo ono \u0161to je  bogatstvo jednog gra\u0111anskog dru\u0161tva i da se iz ovog predmeta dobija  ocjena, u tom nazivu, i da na taj na\u010din izbjegnemo bilo kakvu nacionalnu  diskriminaciju, bilo kakvo mini-popisivanje u \u0161kolama\u201d, rekao je  Luk\u0161i\u0107.<\/p>\n<p><strong>Premijer zahvalan kolegama iz opozicije<\/strong><\/p>\n<p>Zahvaljuju\u0107i kolegama iz opozicije na intenzivnom i korektnom  dijalogu, Luk\u0161i\u0107 je kazao da ja vjeruje kako je to potvrda da Crna Gora  ima potencijala da se sa svakim problemom suo\u010di na evropski na\u010din.<\/p>\n<p>\u201cVerujem da smo u ovom trenutku pokazali neophodnu zrelost i time  spremnost da se nosimo sa evropskim obavezama\u201d, zaklju\u010dio je Luk\u0161i\u0107.<\/p>\n<p>Komentari\u0161u\u0107i prisustvo predsjednika DPS-a Mila \u0110ukanovi\u0107a u  Skup\u0161tini tokom trajanja pregovora, Luk\u0161i\u0107 je zakazao da su svi iz DPS-a  podr\u017eali sporazum kojem je podr\u0161ku pru\u017eio i predsjednik SDP Ranko  Krivokapi\u0107.<\/p>\n<p><strong>Izborni zakon usvojen u na\u010delu<\/strong><\/p>\n<p>Ranije danas, poslanici crnogorske Skup\u0161tine usvojili su u na\u010delu Zakon o izboru poslanika i odbornika.<\/p>\n<p>Zakon su podr\u017eali poslanici vladaju\u0107e koalicije i (DPS i SDP),  Socijalisti\u010dke narodne partije, dok su protiv bili poslanici albanskih  partija.<\/p>\n<p>Glasanju nijesu prisustvovali poslanici Pokreta za promjene i Nove srpske demokratije<\/p>\n<p>Usvajanje izbornog zakona u na\u010delu ne zna\u010di i kona\u010dno usvajanje  izbornog zakona, koji je uslov za dobijanje datuma pregovora sa  Evropskom unije.<\/p>\n<p>Poslanici su na\u010delno podr\u017eali i izmjene Zakona o dr\u017eavljanstvu.<\/p>\n<p>Izvor:<strong> Bicent.com<\/strong><\/p>\n","protected":false},"excerpt":{"rendered":"<p>Ju\u017eni Sand\u017eak &#8211; Premijer Igor Luk\u0161i\u0107 i lideri opozicije Sr\u0111an Mili\u0107 (SNP), Neboj\u0161a Medojevi\u0107 (PzP) i Andrija Mandi\u0107 (Nova) potpisali su politi\u010dki sporazum, prema kojem \u0107e se nastavni predmet, koji \u0107e se izu\u010davati u \u0161kolama, zvati Crnogorski-srpski, bosanski, hrvatski jezik i knji\u017eevnost. Luk\u0161i\u0107 je na vanrednoj konferenciji za novinare u Skup\u0161tini, nakon vi\u0161esatnih konsultacija sa [&hellip;]<\/p>\n","protected":false},"author":13,"featured_media":19833,"comment_status":"open","ping_status":"open","sticky":false,"template":"","format":"standard","meta":{"footnotes":""},"categories":[398,397,396,395,4,399],"tags":[],"class_list":{"0":"post-19832","1":"post","2":"type-post","3":"status-publish","4":"format-standard","5":"has-post-thumbnail","7":"category-rozaje","8":"category-berane","9":"category-bijelo_polje","10":"category-pljevlja_","11":"category-obrazovanje","12":"category-plav_"},"yoast_head":"<!-- This site is optimized with the Yoast SEO Premium plugin v23.1 (Yoast SEO v24.9) - https:\/\/yoast.com\/wordpress\/plugins\/seo\/ -->\n<title>Postignut dogovor: Crnogorski \u2013 srpski, bosanski, hrvatski<\/title>\n<meta name=\"robots\" content=\"index, follow, max-snippet:-1, max-image-preview:large, max-video-preview:-1\" \/>\n<link rel=\"canonical\" href=\"https:\/\/sandzakpress.net\/arhiva\/postignut-dogovor-crnogorski-\u2013-srpski-bosanski-hrvatski\/\" \/>\n<meta property=\"og:locale\" content=\"bs_BA\" \/>\n<meta property=\"og:type\" content=\"article\" \/>\n<meta property=\"og:title\" content=\"Postignut dogovor: Crnogorski \u2013 srpski, bosanski, hrvatski\" \/>\n<meta property=\"og:description\" content=\"Ju\u017eni Sand\u017eak &#8211; Premijer Igor Luk\u0161i\u0107 i lideri opozicije Sr\u0111an Mili\u0107 (SNP), Neboj\u0161a Medojevi\u0107 (PzP) i Andrija Mandi\u0107 (Nova) potpisali su politi\u010dki sporazum, prema kojem \u0107e se nastavni predmet, koji \u0107e se izu\u010davati u \u0161kolama, zvati Crnogorski-srpski, bosanski, hrvatski jezik i knji\u017eevnost. Luk\u0161i\u0107 je na vanrednoj konferenciji za novinare u Skup\u0161tini, nakon vi\u0161esatnih konsultacija sa [&hellip;]\" \/>\n<meta property=\"og:url\" content=\"https:\/\/sandzakpress.net\/arhiva\/postignut-dogovor-crnogorski-\u2013-srpski-bosanski-hrvatski\/\" \/>\n<meta property=\"og:site_name\" content=\"Sand\u017eak PRESS\" \/>\n<meta property=\"article:published_time\" content=\"2011-09-11T10:30:25+00:00\" \/>\n<meta property=\"og:image\" content=\"https:\/\/sandzakpress.net\/arhiva\/wp-content\/uploads\/2011\/09\/Luksic1.jpg\" \/>\n\t<meta property=\"og:image:width\" content=\"393\" \/>\n\t<meta property=\"og:image:height\" content=\"334\" \/>\n\t<meta property=\"og:image:type\" content=\"image\/jpeg\" \/>\n<meta name=\"twitter:card\" content=\"summary_large_image\" \/>\n<meta name=\"twitter:label1\" content=\"Written by\" \/>\n\t<meta name=\"twitter:data1\" content=\"\" \/>\n\t<meta name=\"twitter:label2\" content=\"Est. reading time\" \/>\n\t<meta name=\"twitter:data2\" content=\"3 minute\" \/>\n<script type=\"application\/ld+json\" class=\"yoast-schema-graph\">{\"@context\":\"https:\/\/schema.org\",\"@graph\":[{\"@type\":\"Article\",\"@id\":\"https:\/\/sandzakpress.net\/arhiva\/postignut-dogovor-crnogorski-%e2%80%93-srpski-bosanski-hrvatski\/#article\",\"isPartOf\":{\"@id\":\"https:\/\/sandzakpress.net\/arhiva\/postignut-dogovor-crnogorski-%e2%80%93-srpski-bosanski-hrvatski\/\"},\"author\":{\"name\":\"\",\"@id\":\"\"},\"headline\":\"Postignut dogovor: Crnogorski \u2013 srpski, bosanski, hrvatski\",\"datePublished\":\"2011-09-11T10:30:25+00:00\",\"mainEntityOfPage\":{\"@id\":\"https:\/\/sandzakpress.net\/arhiva\/postignut-dogovor-crnogorski-%e2%80%93-srpski-bosanski-hrvatski\/\"},\"wordCount\":568,\"commentCount\":0,\"publisher\":{\"@id\":\"https:\/\/sandzakpress.net\/arhiva\/#\/schema\/person\/6e72b67d6e51910a1117b3b483ba20bd\"},\"image\":{\"@id\":\"https:\/\/sandzakpress.net\/arhiva\/postignut-dogovor-crnogorski-%e2%80%93-srpski-bosanski-hrvatski\/#primaryimage\"},\"thumbnailUrl\":\"https:\/\/sandzakpress.net\/arhiva\/wp-content\/uploads\/2011\/09\/Luksic1.jpg\",\"articleSection\":[\"Ro\u017eaje\",\"Berane\",\"Bijelo Polje\",\"Pljevlja\",\"Obrazovanje\",\"Plav\"],\"inLanguage\":\"bs-BA\",\"potentialAction\":[{\"@type\":\"CommentAction\",\"name\":\"Comment\",\"target\":[\"https:\/\/sandzakpress.net\/arhiva\/postignut-dogovor-crnogorski-%e2%80%93-srpski-bosanski-hrvatski\/#respond\"]}]},{\"@type\":\"WebPage\",\"@id\":\"https:\/\/sandzakpress.net\/arhiva\/postignut-dogovor-crnogorski-%e2%80%93-srpski-bosanski-hrvatski\/\",\"url\":\"https:\/\/sandzakpress.net\/arhiva\/postignut-dogovor-crnogorski-%e2%80%93-srpski-bosanski-hrvatski\/\",\"name\":\"Postignut dogovor: Crnogorski \u2013 srpski, bosanski, hrvatski\",\"isPartOf\":{\"@id\":\"https:\/\/sandzakpress.net\/arhiva\/#website\"},\"primaryImageOfPage\":{\"@id\":\"https:\/\/sandzakpress.net\/arhiva\/postignut-dogovor-crnogorski-%e2%80%93-srpski-bosanski-hrvatski\/#primaryimage\"},\"image\":{\"@id\":\"https:\/\/sandzakpress.net\/arhiva\/postignut-dogovor-crnogorski-%e2%80%93-srpski-bosanski-hrvatski\/#primaryimage\"},\"thumbnailUrl\":\"https:\/\/sandzakpress.net\/arhiva\/wp-content\/uploads\/2011\/09\/Luksic1.jpg\",\"datePublished\":\"2011-09-11T10:30:25+00:00\",\"breadcrumb\":{\"@id\":\"https:\/\/sandzakpress.net\/arhiva\/postignut-dogovor-crnogorski-%e2%80%93-srpski-bosanski-hrvatski\/#breadcrumb\"},\"inLanguage\":\"bs-BA\",\"potentialAction\":[{\"@type\":\"ReadAction\",\"target\":[\"https:\/\/sandzakpress.net\/arhiva\/postignut-dogovor-crnogorski-%e2%80%93-srpski-bosanski-hrvatski\/\"]}]},{\"@type\":\"ImageObject\",\"inLanguage\":\"bs-BA\",\"@id\":\"https:\/\/sandzakpress.net\/arhiva\/postignut-dogovor-crnogorski-%e2%80%93-srpski-bosanski-hrvatski\/#primaryimage\",\"url\":\"https:\/\/sandzakpress.net\/arhiva\/wp-content\/uploads\/2011\/09\/Luksic1.jpg\",\"contentUrl\":\"https:\/\/sandzakpress.net\/arhiva\/wp-content\/uploads\/2011\/09\/Luksic1.jpg\",\"width\":393,\"height\":334},{\"@type\":\"BreadcrumbList\",\"@id\":\"https:\/\/sandzakpress.net\/arhiva\/postignut-dogovor-crnogorski-%e2%80%93-srpski-bosanski-hrvatski\/#breadcrumb\",\"itemListElement\":[{\"@type\":\"ListItem\",\"position\":1,\"name\":\"Home\",\"item\":\"https:\/\/sandzakpress.net\/arhiva\/\"},{\"@type\":\"ListItem\",\"position\":2,\"name\":\"Postignut dogovor: Crnogorski \u2013 srpski, bosanski, hrvatski\"}]},{\"@type\":\"WebSite\",\"@id\":\"https:\/\/sandzakpress.net\/arhiva\/#website\",\"url\":\"https:\/\/sandzakpress.net\/arhiva\/\",\"name\":\"Sand\u017eak PRESS\",\"description\":\"Prve elektronske novine u Sand\u017eaku\",\"publisher\":{\"@id\":\"https:\/\/sandzakpress.net\/arhiva\/#\/schema\/person\/6e72b67d6e51910a1117b3b483ba20bd\"},\"potentialAction\":[{\"@type\":\"SearchAction\",\"target\":{\"@type\":\"EntryPoint\",\"urlTemplate\":\"https:\/\/sandzakpress.net\/arhiva\/?s={search_term_string}\"},\"query-input\":{\"@type\":\"PropertyValueSpecification\",\"valueRequired\":true,\"valueName\":\"search_term_string\"}}],\"inLanguage\":\"bs-BA\"},{\"@type\":[\"Person\",\"Organization\"],\"@id\":\"https:\/\/sandzakpress.net\/arhiva\/#\/schema\/person\/6e72b67d6e51910a1117b3b483ba20bd\",\"name\":\"Kul\",\"image\":{\"@type\":\"ImageObject\",\"inLanguage\":\"bs-BA\",\"@id\":\"https:\/\/sandzakpress.net\/arhiva\/#\/schema\/person\/image\/\",\"url\":\"https:\/\/secure.gravatar.com\/avatar\/42263f39aa27ac04c43cab85c280eb2e?s=96&d=mm&r=pg\",\"contentUrl\":\"https:\/\/secure.gravatar.com\/avatar\/42263f39aa27ac04c43cab85c280eb2e?s=96&d=mm&r=pg\",\"caption\":\"Kul\"},\"logo\":{\"@id\":\"https:\/\/sandzakpress.net\/arhiva\/#\/schema\/person\/image\/\"}},{\"@type\":\"Person\",\"@id\":\"\",\"url\":\"https:\/\/sandzakpress.net\/arhiva\/author\/\"}]}<\/script>\n<!-- \/ Yoast SEO Premium plugin. -->","yoast_head_json":{"title":"Postignut dogovor: Crnogorski \u2013 srpski, bosanski, hrvatski","robots":{"index":"index","follow":"follow","max-snippet":"max-snippet:-1","max-image-preview":"max-image-preview:large","max-video-preview":"max-video-preview:-1"},"canonical":"https:\/\/sandzakpress.net\/arhiva\/postignut-dogovor-crnogorski-\u2013-srpski-bosanski-hrvatski\/","og_locale":"bs_BA","og_type":"article","og_title":"Postignut dogovor: Crnogorski \u2013 srpski, bosanski, hrvatski","og_description":"Ju\u017eni Sand\u017eak &#8211; Premijer Igor Luk\u0161i\u0107 i lideri opozicije Sr\u0111an Mili\u0107 (SNP), Neboj\u0161a Medojevi\u0107 (PzP) i Andrija Mandi\u0107 (Nova) potpisali su politi\u010dki sporazum, prema kojem \u0107e se nastavni predmet, koji \u0107e se izu\u010davati u \u0161kolama, zvati Crnogorski-srpski, bosanski, hrvatski jezik i knji\u017eevnost. Luk\u0161i\u0107 je na vanrednoj konferenciji za novinare u Skup\u0161tini, nakon vi\u0161esatnih konsultacija sa [&hellip;]","og_url":"https:\/\/sandzakpress.net\/arhiva\/postignut-dogovor-crnogorski-\u2013-srpski-bosanski-hrvatski\/","og_site_name":"Sand\u017eak PRESS","article_published_time":"2011-09-11T10:30:25+00:00","og_image":[{"width":393,"height":334,"url":"https:\/\/sandzakpress.net\/arhiva\/wp-content\/uploads\/2011\/09\/Luksic1.jpg","type":"image\/jpeg"}],"twitter_card":"summary_large_image","twitter_misc":{"Written by":"","Est. reading time":"3 minute"},"schema":{"@context":"https:\/\/schema.org","@graph":[{"@type":"Article","@id":"https:\/\/sandzakpress.net\/arhiva\/postignut-dogovor-crnogorski-%e2%80%93-srpski-bosanski-hrvatski\/#article","isPartOf":{"@id":"https:\/\/sandzakpress.net\/arhiva\/postignut-dogovor-crnogorski-%e2%80%93-srpski-bosanski-hrvatski\/"},"author":{"name":"","@id":""},"headline":"Postignut dogovor: Crnogorski \u2013 srpski, bosanski, hrvatski","datePublished":"2011-09-11T10:30:25+00:00","mainEntityOfPage":{"@id":"https:\/\/sandzakpress.net\/arhiva\/postignut-dogovor-crnogorski-%e2%80%93-srpski-bosanski-hrvatski\/"},"wordCount":568,"commentCount":0,"publisher":{"@id":"https:\/\/sandzakpress.net\/arhiva\/#\/schema\/person\/6e72b67d6e51910a1117b3b483ba20bd"},"image":{"@id":"https:\/\/sandzakpress.net\/arhiva\/postignut-dogovor-crnogorski-%e2%80%93-srpski-bosanski-hrvatski\/#primaryimage"},"thumbnailUrl":"https:\/\/sandzakpress.net\/arhiva\/wp-content\/uploads\/2011\/09\/Luksic1.jpg","articleSection":["Ro\u017eaje","Berane","Bijelo Polje","Pljevlja","Obrazovanje","Plav"],"inLanguage":"bs-BA","potentialAction":[{"@type":"CommentAction","name":"Comment","target":["https:\/\/sandzakpress.net\/arhiva\/postignut-dogovor-crnogorski-%e2%80%93-srpski-bosanski-hrvatski\/#respond"]}]},{"@type":"WebPage","@id":"https:\/\/sandzakpress.net\/arhiva\/postignut-dogovor-crnogorski-%e2%80%93-srpski-bosanski-hrvatski\/","url":"https:\/\/sandzakpress.net\/arhiva\/postignut-dogovor-crnogorski-%e2%80%93-srpski-bosanski-hrvatski\/","name":"Postignut dogovor: Crnogorski \u2013 srpski, bosanski, hrvatski","isPartOf":{"@id":"https:\/\/sandzakpress.net\/arhiva\/#website"},"primaryImageOfPage":{"@id":"https:\/\/sandzakpress.net\/arhiva\/postignut-dogovor-crnogorski-%e2%80%93-srpski-bosanski-hrvatski\/#primaryimage"},"image":{"@id":"https:\/\/sandzakpress.net\/arhiva\/postignut-dogovor-crnogorski-%e2%80%93-srpski-bosanski-hrvatski\/#primaryimage"},"thumbnailUrl":"https:\/\/sandzakpress.net\/arhiva\/wp-content\/uploads\/2011\/09\/Luksic1.jpg","datePublished":"2011-09-11T10:30:25+00:00","breadcrumb":{"@id":"https:\/\/sandzakpress.net\/arhiva\/postignut-dogovor-crnogorski-%e2%80%93-srpski-bosanski-hrvatski\/#breadcrumb"},"inLanguage":"bs-BA","potentialAction":[{"@type":"ReadAction","target":["https:\/\/sandzakpress.net\/arhiva\/postignut-dogovor-crnogorski-%e2%80%93-srpski-bosanski-hrvatski\/"]}]},{"@type":"ImageObject","inLanguage":"bs-BA","@id":"https:\/\/sandzakpress.net\/arhiva\/postignut-dogovor-crnogorski-%e2%80%93-srpski-bosanski-hrvatski\/#primaryimage","url":"https:\/\/sandzakpress.net\/arhiva\/wp-content\/uploads\/2011\/09\/Luksic1.jpg","contentUrl":"https:\/\/sandzakpress.net\/arhiva\/wp-content\/uploads\/2011\/09\/Luksic1.jpg","width":393,"height":334},{"@type":"BreadcrumbList","@id":"https:\/\/sandzakpress.net\/arhiva\/postignut-dogovor-crnogorski-%e2%80%93-srpski-bosanski-hrvatski\/#breadcrumb","itemListElement":[{"@type":"ListItem","position":1,"name":"Home","item":"https:\/\/sandzakpress.net\/arhiva\/"},{"@type":"ListItem","position":2,"name":"Postignut dogovor: Crnogorski \u2013 srpski, bosanski, hrvatski"}]},{"@type":"WebSite","@id":"https:\/\/sandzakpress.net\/arhiva\/#website","url":"https:\/\/sandzakpress.net\/arhiva\/","name":"Sand\u017eak PRESS","description":"Prve elektronske novine u Sand\u017eaku","publisher":{"@id":"https:\/\/sandzakpress.net\/arhiva\/#\/schema\/person\/6e72b67d6e51910a1117b3b483ba20bd"},"potentialAction":[{"@type":"SearchAction","target":{"@type":"EntryPoint","urlTemplate":"https:\/\/sandzakpress.net\/arhiva\/?s={search_term_string}"},"query-input":{"@type":"PropertyValueSpecification","valueRequired":true,"valueName":"search_term_string"}}],"inLanguage":"bs-BA"},{"@type":["Person","Organization"],"@id":"https:\/\/sandzakpress.net\/arhiva\/#\/schema\/person\/6e72b67d6e51910a1117b3b483ba20bd","name":"Kul","image":{"@type":"ImageObject","inLanguage":"bs-BA","@id":"https:\/\/sandzakpress.net\/arhiva\/#\/schema\/person\/image\/","url":"https:\/\/secure.gravatar.com\/avatar\/42263f39aa27ac04c43cab85c280eb2e?s=96&d=mm&r=pg","contentUrl":"https:\/\/secure.gravatar.com\/avatar\/42263f39aa27ac04c43cab85c280eb2e?s=96&d=mm&r=pg","caption":"Kul"},"logo":{"@id":"https:\/\/sandzakpress.net\/arhiva\/#\/schema\/person\/image\/"}},{"@type":"Person","@id":"","url":"https:\/\/sandzakpress.net\/arhiva\/author\/"}]}},"_links":{"self":[{"href":"https:\/\/sandzakpress.net\/arhiva\/wp-json\/wp\/v2\/posts\/19832"}],"collection":[{"href":"https:\/\/sandzakpress.net\/arhiva\/wp-json\/wp\/v2\/posts"}],"about":[{"href":"https:\/\/sandzakpress.net\/arhiva\/wp-json\/wp\/v2\/types\/post"}],"author":[{"embeddable":true,"href":"https:\/\/sandzakpress.net\/arhiva\/wp-json\/wp\/v2\/users\/13"}],"replies":[{"embeddable":true,"href":"https:\/\/sandzakpress.net\/arhiva\/wp-json\/wp\/v2\/comments?post=19832"}],"version-history":[{"count":0,"href":"https:\/\/sandzakpress.net\/arhiva\/wp-json\/wp\/v2\/posts\/19832\/revisions"}],"wp:featuredmedia":[{"embeddable":true,"href":"https:\/\/sandzakpress.net\/arhiva\/wp-json\/wp\/v2\/media\/19833"}],"wp:attachment":[{"href":"https:\/\/sandzakpress.net\/arhiva\/wp-json\/wp\/v2\/media?parent=19832"}],"wp:term":[{"taxonomy":"category","embeddable":true,"href":"https:\/\/sandzakpress.net\/arhiva\/wp-json\/wp\/v2\/categories?post=19832"},{"taxonomy":"post_tag","embeddable":true,"href":"https:\/\/sandzakpress.net\/arhiva\/wp-json\/wp\/v2\/tags?post=19832"}],"curies":[{"name":"wp","href":"https:\/\/api.w.org\/{rel}","templated":true}]}}