{"id":19823,"date":"2011-09-11T12:17:00","date_gmt":"2011-09-11T10:17:00","guid":{"rendered":"https:\/\/sandzakpress.net\/arhiva\/?p=19823"},"modified":"2011-09-11T12:17:00","modified_gmt":"2011-09-11T10:17:00","slug":"mladi-iz-srbije-bjeze-glavom-bez-obzira","status":"publish","type":"post","link":"https:\/\/sandzakpress.net\/arhiva\/mladi-iz-srbije-bjeze-glavom-bez-obzira\/","title":{"rendered":"Mladi iz Srbije bje\u017ee glavom bez obzira"},"content":{"rendered":"<p><strong><a href=\"https:\/\/sandzakpress.net\/arhiva\/wp-content\/uploads\/2011\/09\/students-001.jpg\"><img loading=\"lazy\" decoding=\"async\" class=\"alignleft size-medium wp-image-19824\" src=\"https:\/\/sandzakpress.net\/arhiva\/wp-content\/uploads\/2011\/09\/students-001-300x142.jpg\" alt=\"\" width=\"300\" height=\"142\" \/><\/a>Sjeverni Sand\u017eak &#8211; Razo\u010darani stanjem u dru\u0161tvu, posao \u201enapolju&#8221; sve \u010de\u0161\u0107e tra\u017ee i studenti, koji znanje ste\u010deno u fakultetskim klupama koriste kao vizu za izlazak iz Srbije.<br \/>\n<\/strong><br \/>\nPetar Dragi\u0107evi\u0107, vlasnik novosadske agencije za zapo\u0161ljavanje Agava, ka\u017ee da je \u201emo\u017eda rano pri\u010dati o povratku devedesetih, ali da je interesovanje od po\u010detka godine svakako ve\u0107e nego \u0161to je to bilo ranije&#8221;.<\/p>\n<p>&#8220;Zatrpani smo prijavama, tra\u017ei se mjesto vi\u0161e na konkurs za sve profile. Najvi\u0161e mladih ni\u017eih kvalifikacija ide u ugostitelje, varioce i voza\u010de, a dobar dio klijenata se interesuje i za poslove bejbisitera i medicinske sestre&#8221;, pri\u010da Dragi\u0107evi\u0107, i dodaje da mu na vrata \u010desto pokucaju i stariji sugra\u0111ani.<\/p>\n<p>&#8220;Vi\u0161e nema pravila, preko granice bi i starije generacije, sve \u010de\u0161\u0107e prijave donose stariji od 35 godina&#8221;, isti\u010de Dragi\u0107evi\u0107.<\/p>\n<p>Sve vi\u0161e mu\u0161terija imaju i manje agencije, koje \u201ena crno&#8221; nude sezonske poslove u Italiji i Gr\u010dkoj, a oni kojima se uka\u017ee prilika \u010dine sve da tromjese\u010dni anga\u017eman pretvore u stalni. Privatni prevoznik Dragan I, koji organizuje ture za pe\u010dalbare, ka\u017ee da se situacija znatno promjenila u posljednjih godinu i po.<\/p>\n<p>&#8220;Ve\u0107 godinama sara\u0111ujem sa agencijama koje, uz nadoknadu i procenat, obezbje\u0111uju sezonski posao na crno u Gr\u010dkoj i Italiji. Prvo, u posljednjih 18 mjeseci sve je vi\u0161e mladih u tim turama, koje su ranije bile rezervisane za sugra\u0111ane srednjih godina. Tako\u0111er, do jula 2010. godine smo imali dvije ili tri ture mjese\u010dno, a sada isto toliko imamo na nedeljnom nivou&#8221;, pri\u010da ovaj privatni prevoznik.<\/p>\n<p>\u017delja da napuste Srbiju sve je prisutnija i kod visokoobrazovanih kadrova, a posljednji trendovi na Novosadskom univerzitetu pokazuju da je parola iz ere devedesetih \u201eMijenjam indeks za vizu&#8221; ponovo aktuelna. Aleksandra Gak iz marketin\u0161ke slu\u017ebe Fakulteta tehni\u010dkih nauka ka\u017ee da je \u201eporast potra\u017enje posla u inostranstvu kod studenata sve ve\u0107i u posljednje vrijeme&#8221;.<\/p>\n<p>Ona navodi da je &#8220;studentima iz tehni\u010dkih djelatnosti, po pravilu, lak\u0161e da na\u0111u posao, a u posljednje vrijeme su se poja\u010dale me\u0111unarodna saradnja i mogu\u0107nost usavr\u0161avanja na stranim univerzitetima. Mnogi na\u0161i studenti odlaze na razmjenu studenata, poha\u0111aju jedan semestar u inostranstvu ili odlaze na master i doktorske studije na druge evropske fakultete&#8221;.<\/p>\n<p>&#8220;Tokom tog boravka, ve\u0107ina poku\u0161ava da prona\u0111e posao i ostane tamo, kao nau\u010dni saradnik ili dio istra\u017eiva\u010dkih timova velikih firmi koje sara\u0111uju sa tim fakultetima&#8221;, ka\u017ee Gak i dodaje da i bruco\u0161i po indekse sve \u010de\u0161\u0107e dolaze u nadi da \u0107e im upravo oni predstavljati kartu za izlazak iz zemlje&#8221;.<\/p>\n<p>Izvor: <strong>Sandzak-X.net<\/strong><\/p>\n","protected":false},"excerpt":{"rendered":"<p>Sjeverni Sand\u017eak &#8211; Razo\u010darani stanjem u dru\u0161tvu, posao \u201enapolju&#8221; sve \u010de\u0161\u0107e tra\u017ee i studenti, koji znanje ste\u010deno u fakultetskim klupama koriste kao vizu za izlazak iz Srbije. Petar Dragi\u0107evi\u0107, vlasnik novosadske agencije za zapo\u0161ljavanje Agava, ka\u017ee da je \u201emo\u017eda rano pri\u010dati o povratku devedesetih, ali da je interesovanje od po\u010detka godine svakako ve\u0107e nego \u0161to [&hellip;]<\/p>\n","protected":false},"author":13,"featured_media":19824,"comment_status":"open","ping_status":"open","sticky":false,"template":"","format":"standard","meta":{"footnotes":""},"categories":[72,52,327,392,3,393,394],"tags":[],"class_list":{"0":"post-19823","1":"post","2":"type-post","3":"status-publish","4":"format-standard","5":"has-post-thumbnail","7":"category-novi-pazar","8":"category-sjenica","9":"category-tutin","10":"category-prijepolje_","11":"category-privreda","12":"category-priboj","13":"category-nova-varos"},"yoast_head":"<!-- This site is optimized with the Yoast SEO Premium plugin v23.1 (Yoast SEO v24.9) - https:\/\/yoast.com\/wordpress\/plugins\/seo\/ -->\n<title>Mladi iz Srbije bje\u017ee glavom bez obzira<\/title>\n<meta name=\"robots\" content=\"index, follow, max-snippet:-1, max-image-preview:large, max-video-preview:-1\" \/>\n<link rel=\"canonical\" href=\"https:\/\/sandzakpress.net\/arhiva\/mladi-iz-srbije-bjeze-glavom-bez-obzira\/\" \/>\n<meta property=\"og:locale\" content=\"bs_BA\" \/>\n<meta property=\"og:type\" content=\"article\" \/>\n<meta property=\"og:title\" content=\"Mladi iz Srbije bje\u017ee glavom bez obzira\" \/>\n<meta property=\"og:description\" content=\"Sjeverni Sand\u017eak &#8211; Razo\u010darani stanjem u dru\u0161tvu, posao \u201enapolju&#8221; sve \u010de\u0161\u0107e tra\u017ee i studenti, koji znanje ste\u010deno u fakultetskim klupama koriste kao vizu za izlazak iz Srbije. Petar Dragi\u0107evi\u0107, vlasnik novosadske agencije za zapo\u0161ljavanje Agava, ka\u017ee da je \u201emo\u017eda rano pri\u010dati o povratku devedesetih, ali da je interesovanje od po\u010detka godine svakako ve\u0107e nego \u0161to [&hellip;]\" \/>\n<meta property=\"og:url\" content=\"https:\/\/sandzakpress.net\/arhiva\/mladi-iz-srbije-bjeze-glavom-bez-obzira\/\" \/>\n<meta property=\"og:site_name\" content=\"Sand\u017eak PRESS\" \/>\n<meta property=\"article:published_time\" content=\"2011-09-11T10:17:00+00:00\" \/>\n<meta property=\"og:image\" content=\"https:\/\/sandzakpress.net\/arhiva\/wp-content\/uploads\/2011\/09\/students-001.jpg\" \/>\n\t<meta property=\"og:image:width\" content=\"500\" \/>\n\t<meta property=\"og:image:height\" content=\"237\" \/>\n\t<meta property=\"og:image:type\" content=\"image\/jpeg\" \/>\n<meta name=\"twitter:card\" content=\"summary_large_image\" \/>\n<meta name=\"twitter:label1\" content=\"Written by\" \/>\n\t<meta name=\"twitter:data1\" content=\"\" \/>\n\t<meta name=\"twitter:label2\" content=\"Est. reading time\" \/>\n\t<meta name=\"twitter:data2\" content=\"2 minute\" \/>\n<script type=\"application\/ld+json\" class=\"yoast-schema-graph\">{\"@context\":\"https:\/\/schema.org\",\"@graph\":[{\"@type\":\"Article\",\"@id\":\"https:\/\/sandzakpress.net\/arhiva\/mladi-iz-srbije-bjeze-glavom-bez-obzira\/#article\",\"isPartOf\":{\"@id\":\"https:\/\/sandzakpress.net\/arhiva\/mladi-iz-srbije-bjeze-glavom-bez-obzira\/\"},\"author\":{\"name\":\"\",\"@id\":\"\"},\"headline\":\"Mladi iz Srbije bje\u017ee glavom bez obzira\",\"datePublished\":\"2011-09-11T10:17:00+00:00\",\"mainEntityOfPage\":{\"@id\":\"https:\/\/sandzakpress.net\/arhiva\/mladi-iz-srbije-bjeze-glavom-bez-obzira\/\"},\"wordCount\":470,\"commentCount\":0,\"publisher\":{\"@id\":\"https:\/\/sandzakpress.net\/arhiva\/#\/schema\/person\/6e72b67d6e51910a1117b3b483ba20bd\"},\"image\":{\"@id\":\"https:\/\/sandzakpress.net\/arhiva\/mladi-iz-srbije-bjeze-glavom-bez-obzira\/#primaryimage\"},\"thumbnailUrl\":\"https:\/\/sandzakpress.net\/arhiva\/wp-content\/uploads\/2011\/09\/students-001.jpg\",\"articleSection\":[\"Novi Pazar\",\"Sjenica\",\"Tutin\",\"Prijepolje\",\"Privreda\",\"Priboj\",\"Nova Varo\u0161\"],\"inLanguage\":\"bs-BA\",\"potentialAction\":[{\"@type\":\"CommentAction\",\"name\":\"Comment\",\"target\":[\"https:\/\/sandzakpress.net\/arhiva\/mladi-iz-srbije-bjeze-glavom-bez-obzira\/#respond\"]}]},{\"@type\":\"WebPage\",\"@id\":\"https:\/\/sandzakpress.net\/arhiva\/mladi-iz-srbije-bjeze-glavom-bez-obzira\/\",\"url\":\"https:\/\/sandzakpress.net\/arhiva\/mladi-iz-srbije-bjeze-glavom-bez-obzira\/\",\"name\":\"Mladi iz Srbije bje\u017ee glavom bez obzira\",\"isPartOf\":{\"@id\":\"https:\/\/sandzakpress.net\/arhiva\/#website\"},\"primaryImageOfPage\":{\"@id\":\"https:\/\/sandzakpress.net\/arhiva\/mladi-iz-srbije-bjeze-glavom-bez-obzira\/#primaryimage\"},\"image\":{\"@id\":\"https:\/\/sandzakpress.net\/arhiva\/mladi-iz-srbije-bjeze-glavom-bez-obzira\/#primaryimage\"},\"thumbnailUrl\":\"https:\/\/sandzakpress.net\/arhiva\/wp-content\/uploads\/2011\/09\/students-001.jpg\",\"datePublished\":\"2011-09-11T10:17:00+00:00\",\"breadcrumb\":{\"@id\":\"https:\/\/sandzakpress.net\/arhiva\/mladi-iz-srbije-bjeze-glavom-bez-obzira\/#breadcrumb\"},\"inLanguage\":\"bs-BA\",\"potentialAction\":[{\"@type\":\"ReadAction\",\"target\":[\"https:\/\/sandzakpress.net\/arhiva\/mladi-iz-srbije-bjeze-glavom-bez-obzira\/\"]}]},{\"@type\":\"ImageObject\",\"inLanguage\":\"bs-BA\",\"@id\":\"https:\/\/sandzakpress.net\/arhiva\/mladi-iz-srbije-bjeze-glavom-bez-obzira\/#primaryimage\",\"url\":\"https:\/\/sandzakpress.net\/arhiva\/wp-content\/uploads\/2011\/09\/students-001.jpg\",\"contentUrl\":\"https:\/\/sandzakpress.net\/arhiva\/wp-content\/uploads\/2011\/09\/students-001.jpg\",\"width\":500,\"height\":237},{\"@type\":\"BreadcrumbList\",\"@id\":\"https:\/\/sandzakpress.net\/arhiva\/mladi-iz-srbije-bjeze-glavom-bez-obzira\/#breadcrumb\",\"itemListElement\":[{\"@type\":\"ListItem\",\"position\":1,\"name\":\"Home\",\"item\":\"https:\/\/sandzakpress.net\/arhiva\/\"},{\"@type\":\"ListItem\",\"position\":2,\"name\":\"Mladi iz Srbije bje\u017ee glavom bez obzira\"}]},{\"@type\":\"WebSite\",\"@id\":\"https:\/\/sandzakpress.net\/arhiva\/#website\",\"url\":\"https:\/\/sandzakpress.net\/arhiva\/\",\"name\":\"Sand\u017eak PRESS\",\"description\":\"Prve elektronske novine u Sand\u017eaku\",\"publisher\":{\"@id\":\"https:\/\/sandzakpress.net\/arhiva\/#\/schema\/person\/6e72b67d6e51910a1117b3b483ba20bd\"},\"potentialAction\":[{\"@type\":\"SearchAction\",\"target\":{\"@type\":\"EntryPoint\",\"urlTemplate\":\"https:\/\/sandzakpress.net\/arhiva\/?s={search_term_string}\"},\"query-input\":{\"@type\":\"PropertyValueSpecification\",\"valueRequired\":true,\"valueName\":\"search_term_string\"}}],\"inLanguage\":\"bs-BA\"},{\"@type\":[\"Person\",\"Organization\"],\"@id\":\"https:\/\/sandzakpress.net\/arhiva\/#\/schema\/person\/6e72b67d6e51910a1117b3b483ba20bd\",\"name\":\"Kul\",\"image\":{\"@type\":\"ImageObject\",\"inLanguage\":\"bs-BA\",\"@id\":\"https:\/\/sandzakpress.net\/arhiva\/#\/schema\/person\/image\/\",\"url\":\"https:\/\/secure.gravatar.com\/avatar\/42263f39aa27ac04c43cab85c280eb2e?s=96&d=mm&r=pg\",\"contentUrl\":\"https:\/\/secure.gravatar.com\/avatar\/42263f39aa27ac04c43cab85c280eb2e?s=96&d=mm&r=pg\",\"caption\":\"Kul\"},\"logo\":{\"@id\":\"https:\/\/sandzakpress.net\/arhiva\/#\/schema\/person\/image\/\"}},{\"@type\":\"Person\",\"@id\":\"\",\"url\":\"https:\/\/sandzakpress.net\/arhiva\/author\/\"}]}<\/script>\n<!-- \/ Yoast SEO Premium plugin. -->","yoast_head_json":{"title":"Mladi iz Srbije bje\u017ee glavom bez obzira","robots":{"index":"index","follow":"follow","max-snippet":"max-snippet:-1","max-image-preview":"max-image-preview:large","max-video-preview":"max-video-preview:-1"},"canonical":"https:\/\/sandzakpress.net\/arhiva\/mladi-iz-srbije-bjeze-glavom-bez-obzira\/","og_locale":"bs_BA","og_type":"article","og_title":"Mladi iz Srbije bje\u017ee glavom bez obzira","og_description":"Sjeverni Sand\u017eak &#8211; Razo\u010darani stanjem u dru\u0161tvu, posao \u201enapolju&#8221; sve \u010de\u0161\u0107e tra\u017ee i studenti, koji znanje ste\u010deno u fakultetskim klupama koriste kao vizu za izlazak iz Srbije. Petar Dragi\u0107evi\u0107, vlasnik novosadske agencije za zapo\u0161ljavanje Agava, ka\u017ee da je \u201emo\u017eda rano pri\u010dati o povratku devedesetih, ali da je interesovanje od po\u010detka godine svakako ve\u0107e nego \u0161to [&hellip;]","og_url":"https:\/\/sandzakpress.net\/arhiva\/mladi-iz-srbije-bjeze-glavom-bez-obzira\/","og_site_name":"Sand\u017eak PRESS","article_published_time":"2011-09-11T10:17:00+00:00","og_image":[{"width":500,"height":237,"url":"https:\/\/sandzakpress.net\/arhiva\/wp-content\/uploads\/2011\/09\/students-001.jpg","type":"image\/jpeg"}],"twitter_card":"summary_large_image","twitter_misc":{"Written by":"","Est. reading time":"2 minute"},"schema":{"@context":"https:\/\/schema.org","@graph":[{"@type":"Article","@id":"https:\/\/sandzakpress.net\/arhiva\/mladi-iz-srbije-bjeze-glavom-bez-obzira\/#article","isPartOf":{"@id":"https:\/\/sandzakpress.net\/arhiva\/mladi-iz-srbije-bjeze-glavom-bez-obzira\/"},"author":{"name":"","@id":""},"headline":"Mladi iz Srbije bje\u017ee glavom bez obzira","datePublished":"2011-09-11T10:17:00+00:00","mainEntityOfPage":{"@id":"https:\/\/sandzakpress.net\/arhiva\/mladi-iz-srbije-bjeze-glavom-bez-obzira\/"},"wordCount":470,"commentCount":0,"publisher":{"@id":"https:\/\/sandzakpress.net\/arhiva\/#\/schema\/person\/6e72b67d6e51910a1117b3b483ba20bd"},"image":{"@id":"https:\/\/sandzakpress.net\/arhiva\/mladi-iz-srbije-bjeze-glavom-bez-obzira\/#primaryimage"},"thumbnailUrl":"https:\/\/sandzakpress.net\/arhiva\/wp-content\/uploads\/2011\/09\/students-001.jpg","articleSection":["Novi Pazar","Sjenica","Tutin","Prijepolje","Privreda","Priboj","Nova Varo\u0161"],"inLanguage":"bs-BA","potentialAction":[{"@type":"CommentAction","name":"Comment","target":["https:\/\/sandzakpress.net\/arhiva\/mladi-iz-srbije-bjeze-glavom-bez-obzira\/#respond"]}]},{"@type":"WebPage","@id":"https:\/\/sandzakpress.net\/arhiva\/mladi-iz-srbije-bjeze-glavom-bez-obzira\/","url":"https:\/\/sandzakpress.net\/arhiva\/mladi-iz-srbije-bjeze-glavom-bez-obzira\/","name":"Mladi iz Srbije bje\u017ee glavom bez obzira","isPartOf":{"@id":"https:\/\/sandzakpress.net\/arhiva\/#website"},"primaryImageOfPage":{"@id":"https:\/\/sandzakpress.net\/arhiva\/mladi-iz-srbije-bjeze-glavom-bez-obzira\/#primaryimage"},"image":{"@id":"https:\/\/sandzakpress.net\/arhiva\/mladi-iz-srbije-bjeze-glavom-bez-obzira\/#primaryimage"},"thumbnailUrl":"https:\/\/sandzakpress.net\/arhiva\/wp-content\/uploads\/2011\/09\/students-001.jpg","datePublished":"2011-09-11T10:17:00+00:00","breadcrumb":{"@id":"https:\/\/sandzakpress.net\/arhiva\/mladi-iz-srbije-bjeze-glavom-bez-obzira\/#breadcrumb"},"inLanguage":"bs-BA","potentialAction":[{"@type":"ReadAction","target":["https:\/\/sandzakpress.net\/arhiva\/mladi-iz-srbije-bjeze-glavom-bez-obzira\/"]}]},{"@type":"ImageObject","inLanguage":"bs-BA","@id":"https:\/\/sandzakpress.net\/arhiva\/mladi-iz-srbije-bjeze-glavom-bez-obzira\/#primaryimage","url":"https:\/\/sandzakpress.net\/arhiva\/wp-content\/uploads\/2011\/09\/students-001.jpg","contentUrl":"https:\/\/sandzakpress.net\/arhiva\/wp-content\/uploads\/2011\/09\/students-001.jpg","width":500,"height":237},{"@type":"BreadcrumbList","@id":"https:\/\/sandzakpress.net\/arhiva\/mladi-iz-srbije-bjeze-glavom-bez-obzira\/#breadcrumb","itemListElement":[{"@type":"ListItem","position":1,"name":"Home","item":"https:\/\/sandzakpress.net\/arhiva\/"},{"@type":"ListItem","position":2,"name":"Mladi iz Srbije bje\u017ee glavom bez obzira"}]},{"@type":"WebSite","@id":"https:\/\/sandzakpress.net\/arhiva\/#website","url":"https:\/\/sandzakpress.net\/arhiva\/","name":"Sand\u017eak PRESS","description":"Prve elektronske novine u Sand\u017eaku","publisher":{"@id":"https:\/\/sandzakpress.net\/arhiva\/#\/schema\/person\/6e72b67d6e51910a1117b3b483ba20bd"},"potentialAction":[{"@type":"SearchAction","target":{"@type":"EntryPoint","urlTemplate":"https:\/\/sandzakpress.net\/arhiva\/?s={search_term_string}"},"query-input":{"@type":"PropertyValueSpecification","valueRequired":true,"valueName":"search_term_string"}}],"inLanguage":"bs-BA"},{"@type":["Person","Organization"],"@id":"https:\/\/sandzakpress.net\/arhiva\/#\/schema\/person\/6e72b67d6e51910a1117b3b483ba20bd","name":"Kul","image":{"@type":"ImageObject","inLanguage":"bs-BA","@id":"https:\/\/sandzakpress.net\/arhiva\/#\/schema\/person\/image\/","url":"https:\/\/secure.gravatar.com\/avatar\/42263f39aa27ac04c43cab85c280eb2e?s=96&d=mm&r=pg","contentUrl":"https:\/\/secure.gravatar.com\/avatar\/42263f39aa27ac04c43cab85c280eb2e?s=96&d=mm&r=pg","caption":"Kul"},"logo":{"@id":"https:\/\/sandzakpress.net\/arhiva\/#\/schema\/person\/image\/"}},{"@type":"Person","@id":"","url":"https:\/\/sandzakpress.net\/arhiva\/author\/"}]}},"_links":{"self":[{"href":"https:\/\/sandzakpress.net\/arhiva\/wp-json\/wp\/v2\/posts\/19823"}],"collection":[{"href":"https:\/\/sandzakpress.net\/arhiva\/wp-json\/wp\/v2\/posts"}],"about":[{"href":"https:\/\/sandzakpress.net\/arhiva\/wp-json\/wp\/v2\/types\/post"}],"author":[{"embeddable":true,"href":"https:\/\/sandzakpress.net\/arhiva\/wp-json\/wp\/v2\/users\/13"}],"replies":[{"embeddable":true,"href":"https:\/\/sandzakpress.net\/arhiva\/wp-json\/wp\/v2\/comments?post=19823"}],"version-history":[{"count":0,"href":"https:\/\/sandzakpress.net\/arhiva\/wp-json\/wp\/v2\/posts\/19823\/revisions"}],"wp:featuredmedia":[{"embeddable":true,"href":"https:\/\/sandzakpress.net\/arhiva\/wp-json\/wp\/v2\/media\/19824"}],"wp:attachment":[{"href":"https:\/\/sandzakpress.net\/arhiva\/wp-json\/wp\/v2\/media?parent=19823"}],"wp:term":[{"taxonomy":"category","embeddable":true,"href":"https:\/\/sandzakpress.net\/arhiva\/wp-json\/wp\/v2\/categories?post=19823"},{"taxonomy":"post_tag","embeddable":true,"href":"https:\/\/sandzakpress.net\/arhiva\/wp-json\/wp\/v2\/tags?post=19823"}],"curies":[{"name":"wp","href":"https:\/\/api.w.org\/{rel}","templated":true}]}}