{"id":198178,"date":"2017-11-07T12:46:17","date_gmt":"2017-11-07T11:46:17","guid":{"rendered":"https:\/\/sandzakpress.net\/arhiva\/?p=198178"},"modified":"2017-11-07T12:46:47","modified_gmt":"2017-11-07T11:46:47","slug":"srpski-mediji-dodaju-ulje-u-vatru-prizeljkuju-medubosnjacki-sukob-u-sandzaku","status":"publish","type":"post","link":"https:\/\/sandzakpress.net\/arhiva\/srpski-mediji-dodaju-ulje-u-vatru-prizeljkuju-medubosnjacki-sukob-u-sandzaku\/","title":{"rendered":"Srpski mediji dodaju ulje u vatru &#8211; Pri\u017eeljkuju me\u0111ubo\u0161nja\u010dki sukob u Sand\u017eaku!"},"content":{"rendered":"<p><img loading=\"lazy\" decoding=\"async\" class=\"aligncenter size-full wp-image-198179\" src=\"https:\/\/sandzakpress.net\/arhiva\/wp-content\/uploads\/2017\/11\/Capture-3.jpg\" alt=\"\" width=\"485\" height=\"921\" \/><\/p>\n<p>Srpski mediji, na \u010delu sa Kurirom, \u017eele da raspire me\u0111ubo\u0161nja\u010dki sukob u Sand\u017eaku. To posebno \u010dine plasiraju\u0107i naslove koji izazivaju me\u0111usobnu mr\u017enju i napdanje. BDZ na \u010delu sa Muftijom vodi politiku pomirenja.\u00a0<\/p>\n<p>Ugljanin je opisao glasa\u010de BDZ Sand\u017eaka sa &#8220;fukare potpla\u0107ene Vu\u010di\u0107evim parama&#8221;, me\u0111utim, BDZ je odbila da uzvrati na sli\u010dan na\u010din. Zato srpski mediji hu\u0161kaju ovakvim naslovima Bo\u0161njake da se me\u0111usobno sukobe, na svoju \u0161tetu.<\/p>\n<p>BDZ se dostojanstveno bori za politi\u010dke ciljeve i u tu svrhu se zala\u017ee za Ugljaninovu smjenu sa \u010dela BNV-a u nadi da \u0107e spasiti proces nastave na bosanskom jeziku od trenutnog propadanja.<\/p>\n","protected":false},"excerpt":{"rendered":"<p>Srpski mediji, na \u010delu sa Kurirom, \u017eele da raspire me\u0111ubo\u0161nja\u010dki sukob u Sand\u017eaku. To posebno \u010dine plasiraju\u0107i naslove koji izazivaju me\u0111usobnu mr\u017enju i napdanje. BDZ na \u010delu sa Muftijom vodi politiku pomirenja.\u00a0 Ugljanin je opisao glasa\u010de BDZ Sand\u017eaka sa &#8220;fukare potpla\u0107ene Vu\u010di\u0107evim parama&#8221;, me\u0111utim, BDZ je odbila da uzvrati na sli\u010dan na\u010din. Zato srpski mediji [&hellip;]<\/p>\n","protected":false},"author":83,"featured_media":198183,"comment_status":"open","ping_status":"open","sticky":false,"template":"","format":"standard","meta":{"footnotes":""},"categories":[800,72,52,327,8957],"tags":[],"class_list":{"0":"post-198178","1":"post","2":"type-post","3":"status-publish","4":"format-standard","5":"has-post-thumbnail","7":"category-nacija","8":"category-novi-pazar","9":"category-sjenica","10":"category-tutin","11":"category-vijesti-dana"},"yoast_head":"<!-- This site is optimized with the Yoast SEO Premium plugin v23.1 (Yoast SEO v24.9) - https:\/\/yoast.com\/wordpress\/plugins\/seo\/ -->\n<title>Srpski mediji dodaju ulje u vatru - Pri\u017eeljkuju me\u0111ubo\u0161nja\u010dki sukob u Sand\u017eaku!<\/title>\n<meta name=\"robots\" content=\"index, follow, max-snippet:-1, max-image-preview:large, max-video-preview:-1\" \/>\n<link rel=\"canonical\" href=\"https:\/\/sandzakpress.net\/arhiva\/srpski-mediji-dodaju-ulje-u-vatru-prizeljkuju-medubosnjacki-sukob-u-sandzaku\/\" \/>\n<meta property=\"og:locale\" content=\"bs_BA\" \/>\n<meta property=\"og:type\" content=\"article\" \/>\n<meta property=\"og:title\" content=\"Srpski mediji dodaju ulje u vatru - Pri\u017eeljkuju me\u0111ubo\u0161nja\u010dki sukob u Sand\u017eaku!\" \/>\n<meta property=\"og:description\" content=\"Srpski mediji, na \u010delu sa Kurirom, \u017eele da raspire me\u0111ubo\u0161nja\u010dki sukob u Sand\u017eaku. To posebno \u010dine plasiraju\u0107i naslove koji izazivaju me\u0111usobnu mr\u017enju i napdanje. BDZ na \u010delu sa Muftijom vodi politiku pomirenja.\u00a0 Ugljanin je opisao glasa\u010de BDZ Sand\u017eaka sa &#8220;fukare potpla\u0107ene Vu\u010di\u0107evim parama&#8221;, me\u0111utim, BDZ je odbila da uzvrati na sli\u010dan na\u010din. Zato srpski mediji [&hellip;]\" \/>\n<meta property=\"og:url\" content=\"https:\/\/sandzakpress.net\/arhiva\/srpski-mediji-dodaju-ulje-u-vatru-prizeljkuju-medubosnjacki-sukob-u-sandzaku\/\" \/>\n<meta property=\"og:site_name\" content=\"Sand\u017eak PRESS\" \/>\n<meta property=\"article:published_time\" content=\"2017-11-07T11:46:17+00:00\" \/>\n<meta property=\"article:modified_time\" content=\"2017-11-07T11:46:47+00:00\" \/>\n<meta property=\"og:image\" content=\"https:\/\/sandzakpress.net\/arhiva\/wp-content\/uploads\/2017\/11\/Capture-4-e1510055162793.jpg\" \/>\n\t<meta property=\"og:image:width\" content=\"469\" \/>\n\t<meta property=\"og:image:height\" content=\"280\" \/>\n\t<meta property=\"og:image:type\" content=\"image\/jpeg\" \/>\n<meta name=\"author\" content=\"bosniak\" \/>\n<meta name=\"twitter:card\" content=\"summary_large_image\" \/>\n<meta name=\"twitter:label1\" content=\"Written by\" \/>\n\t<meta name=\"twitter:data1\" content=\"bosniak\" \/>\n\t<meta name=\"twitter:label2\" content=\"Est. reading time\" \/>\n\t<meta name=\"twitter:data2\" content=\"1 minuta\" \/>\n<script type=\"application\/ld+json\" class=\"yoast-schema-graph\">{\"@context\":\"https:\/\/schema.org\",\"@graph\":[{\"@type\":\"Article\",\"@id\":\"https:\/\/sandzakpress.net\/arhiva\/srpski-mediji-dodaju-ulje-u-vatru-prizeljkuju-medubosnjacki-sukob-u-sandzaku\/#article\",\"isPartOf\":{\"@id\":\"https:\/\/sandzakpress.net\/arhiva\/srpski-mediji-dodaju-ulje-u-vatru-prizeljkuju-medubosnjacki-sukob-u-sandzaku\/\"},\"author\":{\"name\":\"bosniak\",\"@id\":\"https:\/\/sandzakpress.net\/arhiva\/#\/schema\/person\/c8baee722073534b583ea7bdb2e36c02\"},\"headline\":\"Srpski mediji dodaju ulje u vatru &#8211; Pri\u017eeljkuju me\u0111ubo\u0161nja\u010dki sukob u Sand\u017eaku!\",\"datePublished\":\"2017-11-07T11:46:17+00:00\",\"dateModified\":\"2017-11-07T11:46:47+00:00\",\"mainEntityOfPage\":{\"@id\":\"https:\/\/sandzakpress.net\/arhiva\/srpski-mediji-dodaju-ulje-u-vatru-prizeljkuju-medubosnjacki-sukob-u-sandzaku\/\"},\"wordCount\":135,\"commentCount\":12,\"publisher\":{\"@id\":\"https:\/\/sandzakpress.net\/arhiva\/#\/schema\/person\/6e72b67d6e51910a1117b3b483ba20bd\"},\"image\":{\"@id\":\"https:\/\/sandzakpress.net\/arhiva\/srpski-mediji-dodaju-ulje-u-vatru-prizeljkuju-medubosnjacki-sukob-u-sandzaku\/#primaryimage\"},\"thumbnailUrl\":\"https:\/\/sandzakpress.net\/arhiva\/wp-content\/uploads\/2017\/11\/Capture-4-e1510055162793.jpg\",\"articleSection\":[\"Nacija\",\"Novi Pazar\",\"Sjenica\",\"Tutin\",\"VIJESTI DANA\"],\"inLanguage\":\"bs-BA\",\"potentialAction\":[{\"@type\":\"CommentAction\",\"name\":\"Comment\",\"target\":[\"https:\/\/sandzakpress.net\/arhiva\/srpski-mediji-dodaju-ulje-u-vatru-prizeljkuju-medubosnjacki-sukob-u-sandzaku\/#respond\"]}]},{\"@type\":\"WebPage\",\"@id\":\"https:\/\/sandzakpress.net\/arhiva\/srpski-mediji-dodaju-ulje-u-vatru-prizeljkuju-medubosnjacki-sukob-u-sandzaku\/\",\"url\":\"https:\/\/sandzakpress.net\/arhiva\/srpski-mediji-dodaju-ulje-u-vatru-prizeljkuju-medubosnjacki-sukob-u-sandzaku\/\",\"name\":\"Srpski mediji dodaju ulje u vatru - Pri\u017eeljkuju me\u0111ubo\u0161nja\u010dki sukob u Sand\u017eaku!\",\"isPartOf\":{\"@id\":\"https:\/\/sandzakpress.net\/arhiva\/#website\"},\"primaryImageOfPage\":{\"@id\":\"https:\/\/sandzakpress.net\/arhiva\/srpski-mediji-dodaju-ulje-u-vatru-prizeljkuju-medubosnjacki-sukob-u-sandzaku\/#primaryimage\"},\"image\":{\"@id\":\"https:\/\/sandzakpress.net\/arhiva\/srpski-mediji-dodaju-ulje-u-vatru-prizeljkuju-medubosnjacki-sukob-u-sandzaku\/#primaryimage\"},\"thumbnailUrl\":\"https:\/\/sandzakpress.net\/arhiva\/wp-content\/uploads\/2017\/11\/Capture-4-e1510055162793.jpg\",\"datePublished\":\"2017-11-07T11:46:17+00:00\",\"dateModified\":\"2017-11-07T11:46:47+00:00\",\"breadcrumb\":{\"@id\":\"https:\/\/sandzakpress.net\/arhiva\/srpski-mediji-dodaju-ulje-u-vatru-prizeljkuju-medubosnjacki-sukob-u-sandzaku\/#breadcrumb\"},\"inLanguage\":\"bs-BA\",\"potentialAction\":[{\"@type\":\"ReadAction\",\"target\":[\"https:\/\/sandzakpress.net\/arhiva\/srpski-mediji-dodaju-ulje-u-vatru-prizeljkuju-medubosnjacki-sukob-u-sandzaku\/\"]}]},{\"@type\":\"ImageObject\",\"inLanguage\":\"bs-BA\",\"@id\":\"https:\/\/sandzakpress.net\/arhiva\/srpski-mediji-dodaju-ulje-u-vatru-prizeljkuju-medubosnjacki-sukob-u-sandzaku\/#primaryimage\",\"url\":\"https:\/\/sandzakpress.net\/arhiva\/wp-content\/uploads\/2017\/11\/Capture-4-e1510055162793.jpg\",\"contentUrl\":\"https:\/\/sandzakpress.net\/arhiva\/wp-content\/uploads\/2017\/11\/Capture-4-e1510055162793.jpg\",\"width\":469,\"height\":280},{\"@type\":\"BreadcrumbList\",\"@id\":\"https:\/\/sandzakpress.net\/arhiva\/srpski-mediji-dodaju-ulje-u-vatru-prizeljkuju-medubosnjacki-sukob-u-sandzaku\/#breadcrumb\",\"itemListElement\":[{\"@type\":\"ListItem\",\"position\":1,\"name\":\"Home\",\"item\":\"https:\/\/sandzakpress.net\/arhiva\/\"},{\"@type\":\"ListItem\",\"position\":2,\"name\":\"Srpski mediji dodaju ulje u vatru &#8211; Pri\u017eeljkuju me\u0111ubo\u0161nja\u010dki sukob u Sand\u017eaku!\"}]},{\"@type\":\"WebSite\",\"@id\":\"https:\/\/sandzakpress.net\/arhiva\/#website\",\"url\":\"https:\/\/sandzakpress.net\/arhiva\/\",\"name\":\"Sand\u017eak PRESS\",\"description\":\"Prve elektronske novine u Sand\u017eaku\",\"publisher\":{\"@id\":\"https:\/\/sandzakpress.net\/arhiva\/#\/schema\/person\/6e72b67d6e51910a1117b3b483ba20bd\"},\"potentialAction\":[{\"@type\":\"SearchAction\",\"target\":{\"@type\":\"EntryPoint\",\"urlTemplate\":\"https:\/\/sandzakpress.net\/arhiva\/?s={search_term_string}\"},\"query-input\":{\"@type\":\"PropertyValueSpecification\",\"valueRequired\":true,\"valueName\":\"search_term_string\"}}],\"inLanguage\":\"bs-BA\"},{\"@type\":[\"Person\",\"Organization\"],\"@id\":\"https:\/\/sandzakpress.net\/arhiva\/#\/schema\/person\/6e72b67d6e51910a1117b3b483ba20bd\",\"name\":\"Kul\",\"image\":{\"@type\":\"ImageObject\",\"inLanguage\":\"bs-BA\",\"@id\":\"https:\/\/sandzakpress.net\/arhiva\/#\/schema\/person\/image\/\",\"url\":\"https:\/\/secure.gravatar.com\/avatar\/42263f39aa27ac04c43cab85c280eb2e?s=96&d=mm&r=pg\",\"contentUrl\":\"https:\/\/secure.gravatar.com\/avatar\/42263f39aa27ac04c43cab85c280eb2e?s=96&d=mm&r=pg\",\"caption\":\"Kul\"},\"logo\":{\"@id\":\"https:\/\/sandzakpress.net\/arhiva\/#\/schema\/person\/image\/\"}},{\"@type\":\"Person\",\"@id\":\"https:\/\/sandzakpress.net\/arhiva\/#\/schema\/person\/c8baee722073534b583ea7bdb2e36c02\",\"name\":\"bosniak\",\"image\":{\"@type\":\"ImageObject\",\"inLanguage\":\"bs-BA\",\"@id\":\"https:\/\/sandzakpress.net\/arhiva\/#\/schema\/person\/image\/\",\"url\":\"https:\/\/secure.gravatar.com\/avatar\/a04fd330bfe3a36a72a0ad4a6d89fca7?s=96&d=mm&r=pg\",\"contentUrl\":\"https:\/\/secure.gravatar.com\/avatar\/a04fd330bfe3a36a72a0ad4a6d89fca7?s=96&d=mm&r=pg\",\"caption\":\"bosniak\"},\"url\":\"https:\/\/sandzakpress.net\/arhiva\/author\/bosniak\/\"}]}<\/script>\n<!-- \/ Yoast SEO Premium plugin. -->","yoast_head_json":{"title":"Srpski mediji dodaju ulje u vatru - Pri\u017eeljkuju me\u0111ubo\u0161nja\u010dki sukob u Sand\u017eaku!","robots":{"index":"index","follow":"follow","max-snippet":"max-snippet:-1","max-image-preview":"max-image-preview:large","max-video-preview":"max-video-preview:-1"},"canonical":"https:\/\/sandzakpress.net\/arhiva\/srpski-mediji-dodaju-ulje-u-vatru-prizeljkuju-medubosnjacki-sukob-u-sandzaku\/","og_locale":"bs_BA","og_type":"article","og_title":"Srpski mediji dodaju ulje u vatru - Pri\u017eeljkuju me\u0111ubo\u0161nja\u010dki sukob u Sand\u017eaku!","og_description":"Srpski mediji, na \u010delu sa Kurirom, \u017eele da raspire me\u0111ubo\u0161nja\u010dki sukob u Sand\u017eaku. To posebno \u010dine plasiraju\u0107i naslove koji izazivaju me\u0111usobnu mr\u017enju i napdanje. BDZ na \u010delu sa Muftijom vodi politiku pomirenja.\u00a0 Ugljanin je opisao glasa\u010de BDZ Sand\u017eaka sa &#8220;fukare potpla\u0107ene Vu\u010di\u0107evim parama&#8221;, me\u0111utim, BDZ je odbila da uzvrati na sli\u010dan na\u010din. Zato srpski mediji [&hellip;]","og_url":"https:\/\/sandzakpress.net\/arhiva\/srpski-mediji-dodaju-ulje-u-vatru-prizeljkuju-medubosnjacki-sukob-u-sandzaku\/","og_site_name":"Sand\u017eak PRESS","article_published_time":"2017-11-07T11:46:17+00:00","article_modified_time":"2017-11-07T11:46:47+00:00","og_image":[{"width":469,"height":280,"url":"https:\/\/sandzakpress.net\/arhiva\/wp-content\/uploads\/2017\/11\/Capture-4-e1510055162793.jpg","type":"image\/jpeg"}],"author":"bosniak","twitter_card":"summary_large_image","twitter_misc":{"Written by":"bosniak","Est. reading time":"1 minuta"},"schema":{"@context":"https:\/\/schema.org","@graph":[{"@type":"Article","@id":"https:\/\/sandzakpress.net\/arhiva\/srpski-mediji-dodaju-ulje-u-vatru-prizeljkuju-medubosnjacki-sukob-u-sandzaku\/#article","isPartOf":{"@id":"https:\/\/sandzakpress.net\/arhiva\/srpski-mediji-dodaju-ulje-u-vatru-prizeljkuju-medubosnjacki-sukob-u-sandzaku\/"},"author":{"name":"bosniak","@id":"https:\/\/sandzakpress.net\/arhiva\/#\/schema\/person\/c8baee722073534b583ea7bdb2e36c02"},"headline":"Srpski mediji dodaju ulje u vatru &#8211; Pri\u017eeljkuju me\u0111ubo\u0161nja\u010dki sukob u Sand\u017eaku!","datePublished":"2017-11-07T11:46:17+00:00","dateModified":"2017-11-07T11:46:47+00:00","mainEntityOfPage":{"@id":"https:\/\/sandzakpress.net\/arhiva\/srpski-mediji-dodaju-ulje-u-vatru-prizeljkuju-medubosnjacki-sukob-u-sandzaku\/"},"wordCount":135,"commentCount":12,"publisher":{"@id":"https:\/\/sandzakpress.net\/arhiva\/#\/schema\/person\/6e72b67d6e51910a1117b3b483ba20bd"},"image":{"@id":"https:\/\/sandzakpress.net\/arhiva\/srpski-mediji-dodaju-ulje-u-vatru-prizeljkuju-medubosnjacki-sukob-u-sandzaku\/#primaryimage"},"thumbnailUrl":"https:\/\/sandzakpress.net\/arhiva\/wp-content\/uploads\/2017\/11\/Capture-4-e1510055162793.jpg","articleSection":["Nacija","Novi Pazar","Sjenica","Tutin","VIJESTI DANA"],"inLanguage":"bs-BA","potentialAction":[{"@type":"CommentAction","name":"Comment","target":["https:\/\/sandzakpress.net\/arhiva\/srpski-mediji-dodaju-ulje-u-vatru-prizeljkuju-medubosnjacki-sukob-u-sandzaku\/#respond"]}]},{"@type":"WebPage","@id":"https:\/\/sandzakpress.net\/arhiva\/srpski-mediji-dodaju-ulje-u-vatru-prizeljkuju-medubosnjacki-sukob-u-sandzaku\/","url":"https:\/\/sandzakpress.net\/arhiva\/srpski-mediji-dodaju-ulje-u-vatru-prizeljkuju-medubosnjacki-sukob-u-sandzaku\/","name":"Srpski mediji dodaju ulje u vatru - Pri\u017eeljkuju me\u0111ubo\u0161nja\u010dki sukob u Sand\u017eaku!","isPartOf":{"@id":"https:\/\/sandzakpress.net\/arhiva\/#website"},"primaryImageOfPage":{"@id":"https:\/\/sandzakpress.net\/arhiva\/srpski-mediji-dodaju-ulje-u-vatru-prizeljkuju-medubosnjacki-sukob-u-sandzaku\/#primaryimage"},"image":{"@id":"https:\/\/sandzakpress.net\/arhiva\/srpski-mediji-dodaju-ulje-u-vatru-prizeljkuju-medubosnjacki-sukob-u-sandzaku\/#primaryimage"},"thumbnailUrl":"https:\/\/sandzakpress.net\/arhiva\/wp-content\/uploads\/2017\/11\/Capture-4-e1510055162793.jpg","datePublished":"2017-11-07T11:46:17+00:00","dateModified":"2017-11-07T11:46:47+00:00","breadcrumb":{"@id":"https:\/\/sandzakpress.net\/arhiva\/srpski-mediji-dodaju-ulje-u-vatru-prizeljkuju-medubosnjacki-sukob-u-sandzaku\/#breadcrumb"},"inLanguage":"bs-BA","potentialAction":[{"@type":"ReadAction","target":["https:\/\/sandzakpress.net\/arhiva\/srpski-mediji-dodaju-ulje-u-vatru-prizeljkuju-medubosnjacki-sukob-u-sandzaku\/"]}]},{"@type":"ImageObject","inLanguage":"bs-BA","@id":"https:\/\/sandzakpress.net\/arhiva\/srpski-mediji-dodaju-ulje-u-vatru-prizeljkuju-medubosnjacki-sukob-u-sandzaku\/#primaryimage","url":"https:\/\/sandzakpress.net\/arhiva\/wp-content\/uploads\/2017\/11\/Capture-4-e1510055162793.jpg","contentUrl":"https:\/\/sandzakpress.net\/arhiva\/wp-content\/uploads\/2017\/11\/Capture-4-e1510055162793.jpg","width":469,"height":280},{"@type":"BreadcrumbList","@id":"https:\/\/sandzakpress.net\/arhiva\/srpski-mediji-dodaju-ulje-u-vatru-prizeljkuju-medubosnjacki-sukob-u-sandzaku\/#breadcrumb","itemListElement":[{"@type":"ListItem","position":1,"name":"Home","item":"https:\/\/sandzakpress.net\/arhiva\/"},{"@type":"ListItem","position":2,"name":"Srpski mediji dodaju ulje u vatru &#8211; Pri\u017eeljkuju me\u0111ubo\u0161nja\u010dki sukob u Sand\u017eaku!"}]},{"@type":"WebSite","@id":"https:\/\/sandzakpress.net\/arhiva\/#website","url":"https:\/\/sandzakpress.net\/arhiva\/","name":"Sand\u017eak PRESS","description":"Prve elektronske novine u Sand\u017eaku","publisher":{"@id":"https:\/\/sandzakpress.net\/arhiva\/#\/schema\/person\/6e72b67d6e51910a1117b3b483ba20bd"},"potentialAction":[{"@type":"SearchAction","target":{"@type":"EntryPoint","urlTemplate":"https:\/\/sandzakpress.net\/arhiva\/?s={search_term_string}"},"query-input":{"@type":"PropertyValueSpecification","valueRequired":true,"valueName":"search_term_string"}}],"inLanguage":"bs-BA"},{"@type":["Person","Organization"],"@id":"https:\/\/sandzakpress.net\/arhiva\/#\/schema\/person\/6e72b67d6e51910a1117b3b483ba20bd","name":"Kul","image":{"@type":"ImageObject","inLanguage":"bs-BA","@id":"https:\/\/sandzakpress.net\/arhiva\/#\/schema\/person\/image\/","url":"https:\/\/secure.gravatar.com\/avatar\/42263f39aa27ac04c43cab85c280eb2e?s=96&d=mm&r=pg","contentUrl":"https:\/\/secure.gravatar.com\/avatar\/42263f39aa27ac04c43cab85c280eb2e?s=96&d=mm&r=pg","caption":"Kul"},"logo":{"@id":"https:\/\/sandzakpress.net\/arhiva\/#\/schema\/person\/image\/"}},{"@type":"Person","@id":"https:\/\/sandzakpress.net\/arhiva\/#\/schema\/person\/c8baee722073534b583ea7bdb2e36c02","name":"bosniak","image":{"@type":"ImageObject","inLanguage":"bs-BA","@id":"https:\/\/sandzakpress.net\/arhiva\/#\/schema\/person\/image\/","url":"https:\/\/secure.gravatar.com\/avatar\/a04fd330bfe3a36a72a0ad4a6d89fca7?s=96&d=mm&r=pg","contentUrl":"https:\/\/secure.gravatar.com\/avatar\/a04fd330bfe3a36a72a0ad4a6d89fca7?s=96&d=mm&r=pg","caption":"bosniak"},"url":"https:\/\/sandzakpress.net\/arhiva\/author\/bosniak\/"}]}},"_links":{"self":[{"href":"https:\/\/sandzakpress.net\/arhiva\/wp-json\/wp\/v2\/posts\/198178"}],"collection":[{"href":"https:\/\/sandzakpress.net\/arhiva\/wp-json\/wp\/v2\/posts"}],"about":[{"href":"https:\/\/sandzakpress.net\/arhiva\/wp-json\/wp\/v2\/types\/post"}],"author":[{"embeddable":true,"href":"https:\/\/sandzakpress.net\/arhiva\/wp-json\/wp\/v2\/users\/83"}],"replies":[{"embeddable":true,"href":"https:\/\/sandzakpress.net\/arhiva\/wp-json\/wp\/v2\/comments?post=198178"}],"version-history":[{"count":0,"href":"https:\/\/sandzakpress.net\/arhiva\/wp-json\/wp\/v2\/posts\/198178\/revisions"}],"wp:featuredmedia":[{"embeddable":true,"href":"https:\/\/sandzakpress.net\/arhiva\/wp-json\/wp\/v2\/media\/198183"}],"wp:attachment":[{"href":"https:\/\/sandzakpress.net\/arhiva\/wp-json\/wp\/v2\/media?parent=198178"}],"wp:term":[{"taxonomy":"category","embeddable":true,"href":"https:\/\/sandzakpress.net\/arhiva\/wp-json\/wp\/v2\/categories?post=198178"},{"taxonomy":"post_tag","embeddable":true,"href":"https:\/\/sandzakpress.net\/arhiva\/wp-json\/wp\/v2\/tags?post=198178"}],"curies":[{"name":"wp","href":"https:\/\/api.w.org\/{rel}","templated":true}]}}