{"id":198151,"date":"2017-11-06T15:14:55","date_gmt":"2017-11-06T14:14:55","guid":{"rendered":"https:\/\/sandzakpress.net\/arhiva\/izetbegovic-i-brammertz-saglasni-drzavna-strategija-za-rad-na-ratnim-zlocinima-veoma-bitna"},"modified":"2017-11-06T15:14:55","modified_gmt":"2017-11-06T14:14:55","slug":"izetbegovic-i-brammertz-saglasni-drzavna-strategija-za-rad-na-ratnim-zlocinima-veoma-bitna","status":"publish","type":"post","link":"https:\/\/sandzakpress.net\/arhiva\/izetbegovic-i-brammertz-saglasni-drzavna-strategija-za-rad-na-ratnim-zlocinima-veoma-bitna\/","title":{"rendered":"Izetbegovi\u0107 i Brammertz saglasni: Dr\u017eavna strategija za rad na ratnim zlo\u010dinima veoma bitna"},"content":{"rendered":"<p><span class=\"cb-itemprop\"><\/p>\n<p><img decoding=\"async\" src=\"http:\/\/faktor.ba\/bundles\/websitenews\/gallery\/news\/271511\/thumbs\/1000_1509972264izetbegovi%C4%87-bramerc,2.jpg\" \/><\/p>\n<p><strong>Tu\u017eilac Serge Brammertz boravi u BiH u sklopu priprema za svoj redovni \u0161estomjese\u010dni izvje\u0161taj o ostvarenom napretku, koji \u0107e u decembru biti predo\u010den Vije\u0107u sigurnosti UN-a.<\/strong><\/p>\n<p>Zatvaranjem MKSJ krajem ove godine, Tu\u017eila\u0161tvo Mehanizma za me\u0111unarodne krivi\u010dne sudove (MMKS) preuzet \u0107e preostale obaveze Tu\u017eila\u0161tva MKSJ.<\/p>\n<p>Saradnja BiH i Tu\u017eila\u0161tva MKSJ, regionalna saradnja u pravosu\u0111u i procesuiranje ratnih zlo\u010dina u BiH te aktivnosti na izradi Dr\u017eavne strategije za rad na predmetima ratnih zlo\u010dina, bile su glavne teme sastanka.<\/p>\n<p>Razgovarano je o komunikaciji izme\u0111u dr\u017eavnih i entitetskih institucija, kao i ostalim prakti\u010dnim pitanjima koja su bitna za \u0161to efikasniji rad na predmetima ratnih zlo\u010dina. Cilj je izrada izmjena i dopuna Dr\u017eavne strategije za rad na predmetima ratnih zlo\u010dina.<\/p>\n<p>Re\u010deno je da je regionalna saradnja potrebna u dinamici i aktivnostima u procesuiranju predmeta ratnih zlo\u010dina i da treba izbje\u0107i politiziranje Strategije, te da je potrebno aktivnije uklju\u010diti udru\u017eenja \u017ertava na svim stranama.<\/p>\n<p>Istaknuto je da \u0107e nakon zatvaranja MKSJ glavni zadatak biti na vladama i pravosudnim sistemima u regiji, \u0161to dodatno nagla\u0161ava va\u017enost regionalne saradnje u tom domenu.<\/p>\n<p>\u010clan Predsjedni\u0161tva BiH Bakir Izetbegovi\u0107 je podr\u017eao daljnji rad i anga\u017eman glavnog tu\u017eioca MKSJ i MMKS Sergea Brammertza.<\/p>\n<p>Sastanku su prisustvovali Igor Planini\u0107, savjetnik predsjedavaju\u0107eg Predsjedni\u0161tva BiH Dragana \u010covi\u0107a, i Zoran \u0110eri\u0107, savjetnik \u010dlana Predsjedni\u0161tva BiH iz RS-a Mladena Ivani\u0107a, te Amir Ahmi\u0107, bo\u0161nja\u010dki oficir za vezu pri MKSJ.<\/p>\n<p>(Faktor)<\/p>\n<p>\u00a0<\/p>\n<p><\/span><br \/>\nPogledajte vijest na izvornom sajtu:<\/p>\n<p><a href=\"http:\/\/bosnapress.net\/izetbegovic-i-brammertz-saglasni-drzavna-strategija-za-rad-na-ratnim-zlocinima-veoma-bitna\/\" target=\"_blank\">Izetbegovi\u0107 i Brammertz saglasni: Dr\u017eavna strategija za rad na ratnim zlo\u010dinima veoma bitna<\/a><\/p>\n","protected":false},"excerpt":{"rendered":"<p>Tu\u017eilac Serge Brammertz boravi u BiH u sklopu priprema za svoj redovni \u0161estomjese\u010dni izvje\u0161taj o ostvarenom napretku, koji \u0107e u decembru biti predo\u010den Vije\u0107u sigurnosti UN-a. Zatvaranjem MKSJ krajem ove godine, Tu\u017eila\u0161tvo Mehanizma za me\u0111unarodne krivi\u010dne sudove (MMKS) preuzet \u0107e preostale obaveze Tu\u017eila\u0161tva MKSJ. Saradnja BiH i Tu\u017eila\u0161tva MKSJ, regionalna saradnja u pravosu\u0111u i procesuiranje [&hellip;]<\/p>\n","protected":false},"author":83,"featured_media":198153,"comment_status":"open","ping_status":"open","sticky":false,"template":"","format":"standard","meta":{"footnotes":""},"categories":[10513],"tags":[10466],"class_list":{"0":"post-198151","1":"post","2":"type-post","3":"status-publish","4":"format-standard","5":"has-post-thumbnail","7":"category-bosna-press","8":"tag-bosna-i-hercegovina"},"yoast_head":"<!-- This site is optimized with the Yoast SEO Premium plugin v23.1 (Yoast SEO v24.9) - https:\/\/yoast.com\/wordpress\/plugins\/seo\/ -->\n<title>Izetbegovi\u0107 i Brammertz saglasni: Dr\u017eavna strategija za rad na ratnim zlo\u010dinima veoma bitna<\/title>\n<meta name=\"robots\" content=\"index, follow, max-snippet:-1, max-image-preview:large, max-video-preview:-1\" \/>\n<link rel=\"canonical\" href=\"https:\/\/sandzakpress.net\/arhiva\/izetbegovic-i-brammertz-saglasni-drzavna-strategija-za-rad-na-ratnim-zlocinima-veoma-bitna\/\" \/>\n<meta property=\"og:locale\" content=\"bs_BA\" \/>\n<meta property=\"og:type\" content=\"article\" \/>\n<meta property=\"og:title\" content=\"Izetbegovi\u0107 i Brammertz saglasni: Dr\u017eavna strategija za rad na ratnim zlo\u010dinima veoma bitna\" \/>\n<meta property=\"og:description\" content=\"Tu\u017eilac Serge Brammertz boravi u BiH u sklopu priprema za svoj redovni \u0161estomjese\u010dni izvje\u0161taj o ostvarenom napretku, koji \u0107e u decembru biti predo\u010den Vije\u0107u sigurnosti UN-a. Zatvaranjem MKSJ krajem ove godine, Tu\u017eila\u0161tvo Mehanizma za me\u0111unarodne krivi\u010dne sudove (MMKS) preuzet \u0107e preostale obaveze Tu\u017eila\u0161tva MKSJ. Saradnja BiH i Tu\u017eila\u0161tva MKSJ, regionalna saradnja u pravosu\u0111u i procesuiranje [&hellip;]\" \/>\n<meta property=\"og:url\" content=\"https:\/\/sandzakpress.net\/arhiva\/izetbegovic-i-brammertz-saglasni-drzavna-strategija-za-rad-na-ratnim-zlocinima-veoma-bitna\/\" \/>\n<meta property=\"og:site_name\" content=\"Sand\u017eak PRESS\" \/>\n<meta property=\"article:published_time\" content=\"2017-11-06T14:14:55+00:00\" \/>\n<meta property=\"og:image\" content=\"https:\/\/sandzakpress.net\/arhiva\/wp-content\/uploads\/2017\/11\/1000_1509972264izetbegoviC487-bramerc2.jpg\" \/>\n\t<meta property=\"og:image:width\" content=\"1000\" \/>\n\t<meta property=\"og:image:height\" content=\"698\" \/>\n\t<meta property=\"og:image:type\" content=\"image\/jpeg\" \/>\n<meta name=\"author\" content=\"bosniak\" \/>\n<meta name=\"twitter:card\" content=\"summary_large_image\" \/>\n<meta name=\"twitter:label1\" content=\"Written by\" \/>\n\t<meta name=\"twitter:data1\" content=\"bosniak\" \/>\n\t<meta name=\"twitter:label2\" content=\"Est. reading time\" \/>\n\t<meta name=\"twitter:data2\" content=\"1 minuta\" \/>\n<script type=\"application\/ld+json\" class=\"yoast-schema-graph\">{\"@context\":\"https:\/\/schema.org\",\"@graph\":[{\"@type\":\"Article\",\"@id\":\"https:\/\/sandzakpress.net\/arhiva\/izetbegovic-i-brammertz-saglasni-drzavna-strategija-za-rad-na-ratnim-zlocinima-veoma-bitna\/#article\",\"isPartOf\":{\"@id\":\"https:\/\/sandzakpress.net\/arhiva\/izetbegovic-i-brammertz-saglasni-drzavna-strategija-za-rad-na-ratnim-zlocinima-veoma-bitna\/\"},\"author\":{\"name\":\"bosniak\",\"@id\":\"https:\/\/sandzakpress.net\/arhiva\/#\/schema\/person\/c8baee722073534b583ea7bdb2e36c02\"},\"headline\":\"Izetbegovi\u0107 i Brammertz saglasni: Dr\u017eavna strategija za rad na ratnim zlo\u010dinima veoma bitna\",\"datePublished\":\"2017-11-06T14:14:55+00:00\",\"mainEntityOfPage\":{\"@id\":\"https:\/\/sandzakpress.net\/arhiva\/izetbegovic-i-brammertz-saglasni-drzavna-strategija-za-rad-na-ratnim-zlocinima-veoma-bitna\/\"},\"wordCount\":300,\"commentCount\":0,\"publisher\":{\"@id\":\"https:\/\/sandzakpress.net\/arhiva\/#\/schema\/person\/6e72b67d6e51910a1117b3b483ba20bd\"},\"image\":{\"@id\":\"https:\/\/sandzakpress.net\/arhiva\/izetbegovic-i-brammertz-saglasni-drzavna-strategija-za-rad-na-ratnim-zlocinima-veoma-bitna\/#primaryimage\"},\"thumbnailUrl\":\"https:\/\/sandzakpress.net\/arhiva\/wp-content\/uploads\/2017\/11\/1000_1509972264izetbegoviC487-bramerc2.jpg\",\"keywords\":[\"Bosna i Hercegovina\"],\"articleSection\":[\"Bosna PRESS\"],\"inLanguage\":\"bs-BA\",\"potentialAction\":[{\"@type\":\"CommentAction\",\"name\":\"Comment\",\"target\":[\"https:\/\/sandzakpress.net\/arhiva\/izetbegovic-i-brammertz-saglasni-drzavna-strategija-za-rad-na-ratnim-zlocinima-veoma-bitna\/#respond\"]}]},{\"@type\":\"WebPage\",\"@id\":\"https:\/\/sandzakpress.net\/arhiva\/izetbegovic-i-brammertz-saglasni-drzavna-strategija-za-rad-na-ratnim-zlocinima-veoma-bitna\/\",\"url\":\"https:\/\/sandzakpress.net\/arhiva\/izetbegovic-i-brammertz-saglasni-drzavna-strategija-za-rad-na-ratnim-zlocinima-veoma-bitna\/\",\"name\":\"Izetbegovi\u0107 i Brammertz saglasni: Dr\u017eavna strategija za rad na ratnim zlo\u010dinima veoma bitna\",\"isPartOf\":{\"@id\":\"https:\/\/sandzakpress.net\/arhiva\/#website\"},\"primaryImageOfPage\":{\"@id\":\"https:\/\/sandzakpress.net\/arhiva\/izetbegovic-i-brammertz-saglasni-drzavna-strategija-za-rad-na-ratnim-zlocinima-veoma-bitna\/#primaryimage\"},\"image\":{\"@id\":\"https:\/\/sandzakpress.net\/arhiva\/izetbegovic-i-brammertz-saglasni-drzavna-strategija-za-rad-na-ratnim-zlocinima-veoma-bitna\/#primaryimage\"},\"thumbnailUrl\":\"https:\/\/sandzakpress.net\/arhiva\/wp-content\/uploads\/2017\/11\/1000_1509972264izetbegoviC487-bramerc2.jpg\",\"datePublished\":\"2017-11-06T14:14:55+00:00\",\"breadcrumb\":{\"@id\":\"https:\/\/sandzakpress.net\/arhiva\/izetbegovic-i-brammertz-saglasni-drzavna-strategija-za-rad-na-ratnim-zlocinima-veoma-bitna\/#breadcrumb\"},\"inLanguage\":\"bs-BA\",\"potentialAction\":[{\"@type\":\"ReadAction\",\"target\":[\"https:\/\/sandzakpress.net\/arhiva\/izetbegovic-i-brammertz-saglasni-drzavna-strategija-za-rad-na-ratnim-zlocinima-veoma-bitna\/\"]}]},{\"@type\":\"ImageObject\",\"inLanguage\":\"bs-BA\",\"@id\":\"https:\/\/sandzakpress.net\/arhiva\/izetbegovic-i-brammertz-saglasni-drzavna-strategija-za-rad-na-ratnim-zlocinima-veoma-bitna\/#primaryimage\",\"url\":\"https:\/\/sandzakpress.net\/arhiva\/wp-content\/uploads\/2017\/11\/1000_1509972264izetbegoviC487-bramerc2.jpg\",\"contentUrl\":\"https:\/\/sandzakpress.net\/arhiva\/wp-content\/uploads\/2017\/11\/1000_1509972264izetbegoviC487-bramerc2.jpg\",\"width\":1000,\"height\":698},{\"@type\":\"BreadcrumbList\",\"@id\":\"https:\/\/sandzakpress.net\/arhiva\/izetbegovic-i-brammertz-saglasni-drzavna-strategija-za-rad-na-ratnim-zlocinima-veoma-bitna\/#breadcrumb\",\"itemListElement\":[{\"@type\":\"ListItem\",\"position\":1,\"name\":\"Home\",\"item\":\"https:\/\/sandzakpress.net\/arhiva\/\"},{\"@type\":\"ListItem\",\"position\":2,\"name\":\"Izetbegovi\u0107 i Brammertz saglasni: Dr\u017eavna strategija za rad na ratnim zlo\u010dinima veoma bitna\"}]},{\"@type\":\"WebSite\",\"@id\":\"https:\/\/sandzakpress.net\/arhiva\/#website\",\"url\":\"https:\/\/sandzakpress.net\/arhiva\/\",\"name\":\"Sand\u017eak PRESS\",\"description\":\"Prve elektronske novine u Sand\u017eaku\",\"publisher\":{\"@id\":\"https:\/\/sandzakpress.net\/arhiva\/#\/schema\/person\/6e72b67d6e51910a1117b3b483ba20bd\"},\"potentialAction\":[{\"@type\":\"SearchAction\",\"target\":{\"@type\":\"EntryPoint\",\"urlTemplate\":\"https:\/\/sandzakpress.net\/arhiva\/?s={search_term_string}\"},\"query-input\":{\"@type\":\"PropertyValueSpecification\",\"valueRequired\":true,\"valueName\":\"search_term_string\"}}],\"inLanguage\":\"bs-BA\"},{\"@type\":[\"Person\",\"Organization\"],\"@id\":\"https:\/\/sandzakpress.net\/arhiva\/#\/schema\/person\/6e72b67d6e51910a1117b3b483ba20bd\",\"name\":\"Kul\",\"image\":{\"@type\":\"ImageObject\",\"inLanguage\":\"bs-BA\",\"@id\":\"https:\/\/sandzakpress.net\/arhiva\/#\/schema\/person\/image\/\",\"url\":\"https:\/\/secure.gravatar.com\/avatar\/42263f39aa27ac04c43cab85c280eb2e?s=96&d=mm&r=pg\",\"contentUrl\":\"https:\/\/secure.gravatar.com\/avatar\/42263f39aa27ac04c43cab85c280eb2e?s=96&d=mm&r=pg\",\"caption\":\"Kul\"},\"logo\":{\"@id\":\"https:\/\/sandzakpress.net\/arhiva\/#\/schema\/person\/image\/\"}},{\"@type\":\"Person\",\"@id\":\"https:\/\/sandzakpress.net\/arhiva\/#\/schema\/person\/c8baee722073534b583ea7bdb2e36c02\",\"name\":\"bosniak\",\"image\":{\"@type\":\"ImageObject\",\"inLanguage\":\"bs-BA\",\"@id\":\"https:\/\/sandzakpress.net\/arhiva\/#\/schema\/person\/image\/\",\"url\":\"https:\/\/secure.gravatar.com\/avatar\/a04fd330bfe3a36a72a0ad4a6d89fca7?s=96&d=mm&r=pg\",\"contentUrl\":\"https:\/\/secure.gravatar.com\/avatar\/a04fd330bfe3a36a72a0ad4a6d89fca7?s=96&d=mm&r=pg\",\"caption\":\"bosniak\"},\"url\":\"https:\/\/sandzakpress.net\/arhiva\/author\/bosniak\/\"}]}<\/script>\n<!-- \/ Yoast SEO Premium plugin. -->","yoast_head_json":{"title":"Izetbegovi\u0107 i Brammertz saglasni: Dr\u017eavna strategija za rad na ratnim zlo\u010dinima veoma bitna","robots":{"index":"index","follow":"follow","max-snippet":"max-snippet:-1","max-image-preview":"max-image-preview:large","max-video-preview":"max-video-preview:-1"},"canonical":"https:\/\/sandzakpress.net\/arhiva\/izetbegovic-i-brammertz-saglasni-drzavna-strategija-za-rad-na-ratnim-zlocinima-veoma-bitna\/","og_locale":"bs_BA","og_type":"article","og_title":"Izetbegovi\u0107 i Brammertz saglasni: Dr\u017eavna strategija za rad na ratnim zlo\u010dinima veoma bitna","og_description":"Tu\u017eilac Serge Brammertz boravi u BiH u sklopu priprema za svoj redovni \u0161estomjese\u010dni izvje\u0161taj o ostvarenom napretku, koji \u0107e u decembru biti predo\u010den Vije\u0107u sigurnosti UN-a. Zatvaranjem MKSJ krajem ove godine, Tu\u017eila\u0161tvo Mehanizma za me\u0111unarodne krivi\u010dne sudove (MMKS) preuzet \u0107e preostale obaveze Tu\u017eila\u0161tva MKSJ. Saradnja BiH i Tu\u017eila\u0161tva MKSJ, regionalna saradnja u pravosu\u0111u i procesuiranje [&hellip;]","og_url":"https:\/\/sandzakpress.net\/arhiva\/izetbegovic-i-brammertz-saglasni-drzavna-strategija-za-rad-na-ratnim-zlocinima-veoma-bitna\/","og_site_name":"Sand\u017eak PRESS","article_published_time":"2017-11-06T14:14:55+00:00","og_image":[{"width":1000,"height":698,"url":"https:\/\/sandzakpress.net\/arhiva\/wp-content\/uploads\/2017\/11\/1000_1509972264izetbegoviC487-bramerc2.jpg","type":"image\/jpeg"}],"author":"bosniak","twitter_card":"summary_large_image","twitter_misc":{"Written by":"bosniak","Est. reading time":"1 minuta"},"schema":{"@context":"https:\/\/schema.org","@graph":[{"@type":"Article","@id":"https:\/\/sandzakpress.net\/arhiva\/izetbegovic-i-brammertz-saglasni-drzavna-strategija-za-rad-na-ratnim-zlocinima-veoma-bitna\/#article","isPartOf":{"@id":"https:\/\/sandzakpress.net\/arhiva\/izetbegovic-i-brammertz-saglasni-drzavna-strategija-za-rad-na-ratnim-zlocinima-veoma-bitna\/"},"author":{"name":"bosniak","@id":"https:\/\/sandzakpress.net\/arhiva\/#\/schema\/person\/c8baee722073534b583ea7bdb2e36c02"},"headline":"Izetbegovi\u0107 i Brammertz saglasni: Dr\u017eavna strategija za rad na ratnim zlo\u010dinima veoma bitna","datePublished":"2017-11-06T14:14:55+00:00","mainEntityOfPage":{"@id":"https:\/\/sandzakpress.net\/arhiva\/izetbegovic-i-brammertz-saglasni-drzavna-strategija-za-rad-na-ratnim-zlocinima-veoma-bitna\/"},"wordCount":300,"commentCount":0,"publisher":{"@id":"https:\/\/sandzakpress.net\/arhiva\/#\/schema\/person\/6e72b67d6e51910a1117b3b483ba20bd"},"image":{"@id":"https:\/\/sandzakpress.net\/arhiva\/izetbegovic-i-brammertz-saglasni-drzavna-strategija-za-rad-na-ratnim-zlocinima-veoma-bitna\/#primaryimage"},"thumbnailUrl":"https:\/\/sandzakpress.net\/arhiva\/wp-content\/uploads\/2017\/11\/1000_1509972264izetbegoviC487-bramerc2.jpg","keywords":["Bosna i Hercegovina"],"articleSection":["Bosna PRESS"],"inLanguage":"bs-BA","potentialAction":[{"@type":"CommentAction","name":"Comment","target":["https:\/\/sandzakpress.net\/arhiva\/izetbegovic-i-brammertz-saglasni-drzavna-strategija-za-rad-na-ratnim-zlocinima-veoma-bitna\/#respond"]}]},{"@type":"WebPage","@id":"https:\/\/sandzakpress.net\/arhiva\/izetbegovic-i-brammertz-saglasni-drzavna-strategija-za-rad-na-ratnim-zlocinima-veoma-bitna\/","url":"https:\/\/sandzakpress.net\/arhiva\/izetbegovic-i-brammertz-saglasni-drzavna-strategija-za-rad-na-ratnim-zlocinima-veoma-bitna\/","name":"Izetbegovi\u0107 i Brammertz saglasni: Dr\u017eavna strategija za rad na ratnim zlo\u010dinima veoma bitna","isPartOf":{"@id":"https:\/\/sandzakpress.net\/arhiva\/#website"},"primaryImageOfPage":{"@id":"https:\/\/sandzakpress.net\/arhiva\/izetbegovic-i-brammertz-saglasni-drzavna-strategija-za-rad-na-ratnim-zlocinima-veoma-bitna\/#primaryimage"},"image":{"@id":"https:\/\/sandzakpress.net\/arhiva\/izetbegovic-i-brammertz-saglasni-drzavna-strategija-za-rad-na-ratnim-zlocinima-veoma-bitna\/#primaryimage"},"thumbnailUrl":"https:\/\/sandzakpress.net\/arhiva\/wp-content\/uploads\/2017\/11\/1000_1509972264izetbegoviC487-bramerc2.jpg","datePublished":"2017-11-06T14:14:55+00:00","breadcrumb":{"@id":"https:\/\/sandzakpress.net\/arhiva\/izetbegovic-i-brammertz-saglasni-drzavna-strategija-za-rad-na-ratnim-zlocinima-veoma-bitna\/#breadcrumb"},"inLanguage":"bs-BA","potentialAction":[{"@type":"ReadAction","target":["https:\/\/sandzakpress.net\/arhiva\/izetbegovic-i-brammertz-saglasni-drzavna-strategija-za-rad-na-ratnim-zlocinima-veoma-bitna\/"]}]},{"@type":"ImageObject","inLanguage":"bs-BA","@id":"https:\/\/sandzakpress.net\/arhiva\/izetbegovic-i-brammertz-saglasni-drzavna-strategija-za-rad-na-ratnim-zlocinima-veoma-bitna\/#primaryimage","url":"https:\/\/sandzakpress.net\/arhiva\/wp-content\/uploads\/2017\/11\/1000_1509972264izetbegoviC487-bramerc2.jpg","contentUrl":"https:\/\/sandzakpress.net\/arhiva\/wp-content\/uploads\/2017\/11\/1000_1509972264izetbegoviC487-bramerc2.jpg","width":1000,"height":698},{"@type":"BreadcrumbList","@id":"https:\/\/sandzakpress.net\/arhiva\/izetbegovic-i-brammertz-saglasni-drzavna-strategija-za-rad-na-ratnim-zlocinima-veoma-bitna\/#breadcrumb","itemListElement":[{"@type":"ListItem","position":1,"name":"Home","item":"https:\/\/sandzakpress.net\/arhiva\/"},{"@type":"ListItem","position":2,"name":"Izetbegovi\u0107 i Brammertz saglasni: Dr\u017eavna strategija za rad na ratnim zlo\u010dinima veoma bitna"}]},{"@type":"WebSite","@id":"https:\/\/sandzakpress.net\/arhiva\/#website","url":"https:\/\/sandzakpress.net\/arhiva\/","name":"Sand\u017eak PRESS","description":"Prve elektronske novine u Sand\u017eaku","publisher":{"@id":"https:\/\/sandzakpress.net\/arhiva\/#\/schema\/person\/6e72b67d6e51910a1117b3b483ba20bd"},"potentialAction":[{"@type":"SearchAction","target":{"@type":"EntryPoint","urlTemplate":"https:\/\/sandzakpress.net\/arhiva\/?s={search_term_string}"},"query-input":{"@type":"PropertyValueSpecification","valueRequired":true,"valueName":"search_term_string"}}],"inLanguage":"bs-BA"},{"@type":["Person","Organization"],"@id":"https:\/\/sandzakpress.net\/arhiva\/#\/schema\/person\/6e72b67d6e51910a1117b3b483ba20bd","name":"Kul","image":{"@type":"ImageObject","inLanguage":"bs-BA","@id":"https:\/\/sandzakpress.net\/arhiva\/#\/schema\/person\/image\/","url":"https:\/\/secure.gravatar.com\/avatar\/42263f39aa27ac04c43cab85c280eb2e?s=96&d=mm&r=pg","contentUrl":"https:\/\/secure.gravatar.com\/avatar\/42263f39aa27ac04c43cab85c280eb2e?s=96&d=mm&r=pg","caption":"Kul"},"logo":{"@id":"https:\/\/sandzakpress.net\/arhiva\/#\/schema\/person\/image\/"}},{"@type":"Person","@id":"https:\/\/sandzakpress.net\/arhiva\/#\/schema\/person\/c8baee722073534b583ea7bdb2e36c02","name":"bosniak","image":{"@type":"ImageObject","inLanguage":"bs-BA","@id":"https:\/\/sandzakpress.net\/arhiva\/#\/schema\/person\/image\/","url":"https:\/\/secure.gravatar.com\/avatar\/a04fd330bfe3a36a72a0ad4a6d89fca7?s=96&d=mm&r=pg","contentUrl":"https:\/\/secure.gravatar.com\/avatar\/a04fd330bfe3a36a72a0ad4a6d89fca7?s=96&d=mm&r=pg","caption":"bosniak"},"url":"https:\/\/sandzakpress.net\/arhiva\/author\/bosniak\/"}]}},"_links":{"self":[{"href":"https:\/\/sandzakpress.net\/arhiva\/wp-json\/wp\/v2\/posts\/198151"}],"collection":[{"href":"https:\/\/sandzakpress.net\/arhiva\/wp-json\/wp\/v2\/posts"}],"about":[{"href":"https:\/\/sandzakpress.net\/arhiva\/wp-json\/wp\/v2\/types\/post"}],"author":[{"embeddable":true,"href":"https:\/\/sandzakpress.net\/arhiva\/wp-json\/wp\/v2\/users\/83"}],"replies":[{"embeddable":true,"href":"https:\/\/sandzakpress.net\/arhiva\/wp-json\/wp\/v2\/comments?post=198151"}],"version-history":[{"count":0,"href":"https:\/\/sandzakpress.net\/arhiva\/wp-json\/wp\/v2\/posts\/198151\/revisions"}],"wp:featuredmedia":[{"embeddable":true,"href":"https:\/\/sandzakpress.net\/arhiva\/wp-json\/wp\/v2\/media\/198153"}],"wp:attachment":[{"href":"https:\/\/sandzakpress.net\/arhiva\/wp-json\/wp\/v2\/media?parent=198151"}],"wp:term":[{"taxonomy":"category","embeddable":true,"href":"https:\/\/sandzakpress.net\/arhiva\/wp-json\/wp\/v2\/categories?post=198151"},{"taxonomy":"post_tag","embeddable":true,"href":"https:\/\/sandzakpress.net\/arhiva\/wp-json\/wp\/v2\/tags?post=198151"}],"curies":[{"name":"wp","href":"https:\/\/api.w.org\/{rel}","templated":true}]}}