{"id":19810,"date":"2011-09-11T01:28:17","date_gmt":"2011-09-10T23:28:17","guid":{"rendered":"https:\/\/sandzakpress.net\/arhiva\/?p=19810"},"modified":"2011-09-11T01:28:17","modified_gmt":"2011-09-10T23:28:17","slug":"ljajic-necemo-prihvatiti-mrve","status":"publish","type":"post","link":"https:\/\/sandzakpress.net\/arhiva\/ljajic-necemo-prihvatiti-mrve\/","title":{"rendered":"Ljaji\u0107: Ne\u0107emo prihvatiti mrve"},"content":{"rendered":"<p><strong><a href=\"https:\/\/sandzakpress.net\/arhiva\/wp-content\/uploads\/2011\/09\/vijest-2250.jpg\"><img loading=\"lazy\" decoding=\"async\" class=\"alignleft size-medium wp-image-19811\" title=\"vijest-2250\" src=\"https:\/\/sandzakpress.net\/arhiva\/wp-content\/uploads\/2011\/09\/vijest-2250-300x225.jpg\" alt=\"\" width=\"300\" height=\"225\" \/><\/a>Sjeverni Sand\u017eak &#8211; Rasim Ljaji\u0107 lider Socijaldemokratske partije Srbije, nije odlu\u010dio da li \u0107e na izbore sam, ali ka\u017ee da je izvesnije da \u0107e njegova stranka biti u savezu.<\/strong><\/p>\n<p>pak, on u intervjuu za Politiku navodi na u tim pregovorima ne\u0107e prihvatiti nikakve mrvice sa stola, pa ukoliko pregovori ne daju rezultat iza\u0107i \u0107e samostalno na izbore.<\/p>\n<p>Ljaji\u0107 je potvrdio svoje ranije izjave da \u0107e kampanja biti prljava i da \u0107e se voditi me\u0111u strankama vladaju\u0107e koalicije, te da predla\u017ee da se napravi dogovor o me\u0111usobnom nenapadanju. Me\u0111utim, kako ka\u017ee, to je do\u010dekano na no\u017e.<\/p>\n<p>&#8221; Ja sam zapravo video da \u0107e to da bude udarac \u201eispod stola\u201c, \u201epo cevanicama\u201c, o\u010dito zbog toga \u0161to se pretenduje i konkuri\u0161e za sli\u010dno ili isto bira\u010dko telo. Te\u0161ko je da neka od stranaka vladaju\u0107e koalicije mo\u017ee uzeti nekog radikalskog, naprednja\u010dkog ili DSS-ovog glasa\u010da. Manje-vi\u0161e to je ista \u201ekorpa\u201c. Iz te \u201ekorpe\u201c se uzima deo podr\u0161ke&#8221; , objasnio je lider SDP-a.<\/p>\n<p>On ka\u017ee da je evidentno da \u0107e SPS i\u0107i sa svojom koalicijom, DS sa svojom, G17 tako\u0111e. Ja ni\u0161ta novo nisam rekao, nisam izmislio \u201etoplu vodu\u201c.<\/p>\n<p>Ali na pitanje koja je od tih kolona njemu najbli\u017ea, Ljaji\u0107 odgovara da \u0107e videti nakon razgovora, te da nije samo stvar bliskosti i onoga \u0161to \u0107e ta koalicija uraditi, odnosno sa \u010di \u0107e ta lista iza\u0107i pred bira\u010de.<\/p>\n<p>Ljaji\u0107 ka\u017ee da do sada nije razgovarao sa naprednjacima, ali na pitanje da li bi sa njima bila mogu\u0107a saradnja, ka\u017ee da ne mo\u017ee to da tvrdi.<\/p>\n<p>&#8220;Ako bismo samostalno nastupili na izborima, pro\u0161li cenzus, zna\u010di govorim krajnje hipoteti\u010dki, svakako da bismo s pobednicima izbora, ko god da je, razgovarali. Da li bismo napravili koaliciju? Ne mogu sada to da tvrdim, \u2019ajde da razgovaramo&#8221; , rekao je Ljaji\u0107.<\/p>\n<p>Ipak, on nagla\u0161ava da ukoliko SDP napravio predizbornu koaliciju s nekom od stranaka vladaju\u0107e koalicije, onda bi delili sudbinu te koalicije.<\/p>\n<p>&#8220;U opoziciji \u2013 u opoziciji. Ali, ja da budem \u201epreleta\u010d\u201c, ja da budem prebeg\u2026? I po cenu da budem generalni sekretar Ujedinjenih nacija, to ne bih uradio&#8221; , ka\u017ee Ljaji\u0107.<\/p>\n<p>Ipak, on tvrdi da se u narednoj vladi ne bi prihvatio neke funkcije, te da \u017eeli da se afirmi\u0161u novi ljudi.<\/p>\n<p>Izvesno je da \u0107e Slobodan Orli\u0107 biti u izbornom \u0161tabu, a da \u0107e Marko Petrovi\u0107, biv\u0161i poslanik nekada\u0161njeg DOS-a u Skup\u0161tini Srbije, biti potpredsednik Izvr\u0161nog odbora.<\/p>\n<p>Izvor: <strong>B92.net<\/strong><\/p>\n","protected":false},"excerpt":{"rendered":"<p>Sjeverni Sand\u017eak &#8211; Rasim Ljaji\u0107 lider Socijaldemokratske partije Srbije, nije odlu\u010dio da li \u0107e na izbore sam, ali ka\u017ee da je izvesnije da \u0107e njegova stranka biti u savezu. pak, on u intervjuu za Politiku navodi na u tim pregovorima ne\u0107e prihvatiti nikakve mrvice sa stola, pa ukoliko pregovori ne daju rezultat iza\u0107i \u0107e samostalno [&hellip;]<\/p>\n","protected":false},"author":14,"featured_media":19811,"comment_status":"open","ping_status":"open","sticky":false,"template":"","format":"standard","meta":{"footnotes":""},"categories":[72,1,52,327,392,393,394],"tags":[],"class_list":{"0":"post-19810","1":"post","2":"type-post","3":"status-publish","4":"format-standard","5":"has-post-thumbnail","7":"category-novi-pazar","8":"category-politika","9":"category-sjenica","10":"category-tutin","11":"category-prijepolje_","12":"category-priboj","13":"category-nova-varos"},"yoast_head":"<!-- This site is optimized with the Yoast SEO Premium plugin v23.1 (Yoast SEO v24.9) - https:\/\/yoast.com\/wordpress\/plugins\/seo\/ -->\n<title>Ljaji\u0107: Ne\u0107emo prihvatiti mrve<\/title>\n<meta name=\"robots\" content=\"index, follow, max-snippet:-1, max-image-preview:large, max-video-preview:-1\" \/>\n<link rel=\"canonical\" href=\"https:\/\/sandzakpress.net\/arhiva\/ljajic-necemo-prihvatiti-mrve\/\" \/>\n<meta property=\"og:locale\" content=\"bs_BA\" \/>\n<meta property=\"og:type\" content=\"article\" \/>\n<meta property=\"og:title\" content=\"Ljaji\u0107: Ne\u0107emo prihvatiti mrve\" \/>\n<meta property=\"og:description\" content=\"Sjeverni Sand\u017eak &#8211; Rasim Ljaji\u0107 lider Socijaldemokratske partije Srbije, nije odlu\u010dio da li \u0107e na izbore sam, ali ka\u017ee da je izvesnije da \u0107e njegova stranka biti u savezu. pak, on u intervjuu za Politiku navodi na u tim pregovorima ne\u0107e prihvatiti nikakve mrvice sa stola, pa ukoliko pregovori ne daju rezultat iza\u0107i \u0107e samostalno [&hellip;]\" \/>\n<meta property=\"og:url\" content=\"https:\/\/sandzakpress.net\/arhiva\/ljajic-necemo-prihvatiti-mrve\/\" \/>\n<meta property=\"og:site_name\" content=\"Sand\u017eak PRESS\" \/>\n<meta property=\"article:published_time\" content=\"2011-09-10T23:28:17+00:00\" \/>\n<meta property=\"og:image\" content=\"https:\/\/sandzakpress.net\/arhiva\/wp-content\/uploads\/2011\/09\/vijest-2250.jpg\" \/>\n\t<meta property=\"og:image:width\" content=\"616\" \/>\n\t<meta property=\"og:image:height\" content=\"462\" \/>\n\t<meta property=\"og:image:type\" content=\"image\/jpeg\" \/>\n<meta name=\"twitter:card\" content=\"summary_large_image\" \/>\n<meta name=\"twitter:label1\" content=\"Written by\" \/>\n\t<meta name=\"twitter:data1\" content=\"\" \/>\n\t<meta name=\"twitter:label2\" content=\"Est. reading time\" \/>\n\t<meta name=\"twitter:data2\" content=\"2 minute\" \/>\n<script type=\"application\/ld+json\" class=\"yoast-schema-graph\">{\"@context\":\"https:\/\/schema.org\",\"@graph\":[{\"@type\":\"Article\",\"@id\":\"https:\/\/sandzakpress.net\/arhiva\/ljajic-necemo-prihvatiti-mrve\/#article\",\"isPartOf\":{\"@id\":\"https:\/\/sandzakpress.net\/arhiva\/ljajic-necemo-prihvatiti-mrve\/\"},\"author\":{\"name\":\"\",\"@id\":\"\"},\"headline\":\"Ljaji\u0107: Ne\u0107emo prihvatiti mrve\",\"datePublished\":\"2011-09-10T23:28:17+00:00\",\"mainEntityOfPage\":{\"@id\":\"https:\/\/sandzakpress.net\/arhiva\/ljajic-necemo-prihvatiti-mrve\/\"},\"wordCount\":436,\"commentCount\":2,\"publisher\":{\"@id\":\"https:\/\/sandzakpress.net\/arhiva\/#\/schema\/person\/6e72b67d6e51910a1117b3b483ba20bd\"},\"image\":{\"@id\":\"https:\/\/sandzakpress.net\/arhiva\/ljajic-necemo-prihvatiti-mrve\/#primaryimage\"},\"thumbnailUrl\":\"https:\/\/sandzakpress.net\/arhiva\/wp-content\/uploads\/2011\/09\/vijest-2250.jpg\",\"articleSection\":[\"Novi Pazar\",\"Politika\",\"Sjenica\",\"Tutin\",\"Prijepolje\",\"Priboj\",\"Nova Varo\u0161\"],\"inLanguage\":\"bs-BA\",\"potentialAction\":[{\"@type\":\"CommentAction\",\"name\":\"Comment\",\"target\":[\"https:\/\/sandzakpress.net\/arhiva\/ljajic-necemo-prihvatiti-mrve\/#respond\"]}]},{\"@type\":\"WebPage\",\"@id\":\"https:\/\/sandzakpress.net\/arhiva\/ljajic-necemo-prihvatiti-mrve\/\",\"url\":\"https:\/\/sandzakpress.net\/arhiva\/ljajic-necemo-prihvatiti-mrve\/\",\"name\":\"Ljaji\u0107: Ne\u0107emo prihvatiti mrve\",\"isPartOf\":{\"@id\":\"https:\/\/sandzakpress.net\/arhiva\/#website\"},\"primaryImageOfPage\":{\"@id\":\"https:\/\/sandzakpress.net\/arhiva\/ljajic-necemo-prihvatiti-mrve\/#primaryimage\"},\"image\":{\"@id\":\"https:\/\/sandzakpress.net\/arhiva\/ljajic-necemo-prihvatiti-mrve\/#primaryimage\"},\"thumbnailUrl\":\"https:\/\/sandzakpress.net\/arhiva\/wp-content\/uploads\/2011\/09\/vijest-2250.jpg\",\"datePublished\":\"2011-09-10T23:28:17+00:00\",\"breadcrumb\":{\"@id\":\"https:\/\/sandzakpress.net\/arhiva\/ljajic-necemo-prihvatiti-mrve\/#breadcrumb\"},\"inLanguage\":\"bs-BA\",\"potentialAction\":[{\"@type\":\"ReadAction\",\"target\":[\"https:\/\/sandzakpress.net\/arhiva\/ljajic-necemo-prihvatiti-mrve\/\"]}]},{\"@type\":\"ImageObject\",\"inLanguage\":\"bs-BA\",\"@id\":\"https:\/\/sandzakpress.net\/arhiva\/ljajic-necemo-prihvatiti-mrve\/#primaryimage\",\"url\":\"https:\/\/sandzakpress.net\/arhiva\/wp-content\/uploads\/2011\/09\/vijest-2250.jpg\",\"contentUrl\":\"https:\/\/sandzakpress.net\/arhiva\/wp-content\/uploads\/2011\/09\/vijest-2250.jpg\",\"width\":616,\"height\":462},{\"@type\":\"BreadcrumbList\",\"@id\":\"https:\/\/sandzakpress.net\/arhiva\/ljajic-necemo-prihvatiti-mrve\/#breadcrumb\",\"itemListElement\":[{\"@type\":\"ListItem\",\"position\":1,\"name\":\"Home\",\"item\":\"https:\/\/sandzakpress.net\/arhiva\/\"},{\"@type\":\"ListItem\",\"position\":2,\"name\":\"Ljaji\u0107: Ne\u0107emo prihvatiti mrve\"}]},{\"@type\":\"WebSite\",\"@id\":\"https:\/\/sandzakpress.net\/arhiva\/#website\",\"url\":\"https:\/\/sandzakpress.net\/arhiva\/\",\"name\":\"Sand\u017eak PRESS\",\"description\":\"Prve elektronske novine u Sand\u017eaku\",\"publisher\":{\"@id\":\"https:\/\/sandzakpress.net\/arhiva\/#\/schema\/person\/6e72b67d6e51910a1117b3b483ba20bd\"},\"potentialAction\":[{\"@type\":\"SearchAction\",\"target\":{\"@type\":\"EntryPoint\",\"urlTemplate\":\"https:\/\/sandzakpress.net\/arhiva\/?s={search_term_string}\"},\"query-input\":{\"@type\":\"PropertyValueSpecification\",\"valueRequired\":true,\"valueName\":\"search_term_string\"}}],\"inLanguage\":\"bs-BA\"},{\"@type\":[\"Person\",\"Organization\"],\"@id\":\"https:\/\/sandzakpress.net\/arhiva\/#\/schema\/person\/6e72b67d6e51910a1117b3b483ba20bd\",\"name\":\"Kul\",\"image\":{\"@type\":\"ImageObject\",\"inLanguage\":\"bs-BA\",\"@id\":\"https:\/\/sandzakpress.net\/arhiva\/#\/schema\/person\/image\/\",\"url\":\"https:\/\/secure.gravatar.com\/avatar\/42263f39aa27ac04c43cab85c280eb2e?s=96&d=mm&r=pg\",\"contentUrl\":\"https:\/\/secure.gravatar.com\/avatar\/42263f39aa27ac04c43cab85c280eb2e?s=96&d=mm&r=pg\",\"caption\":\"Kul\"},\"logo\":{\"@id\":\"https:\/\/sandzakpress.net\/arhiva\/#\/schema\/person\/image\/\"}},{\"@type\":\"Person\",\"@id\":\"\",\"url\":\"https:\/\/sandzakpress.net\/arhiva\/author\/\"}]}<\/script>\n<!-- \/ Yoast SEO Premium plugin. -->","yoast_head_json":{"title":"Ljaji\u0107: Ne\u0107emo prihvatiti mrve","robots":{"index":"index","follow":"follow","max-snippet":"max-snippet:-1","max-image-preview":"max-image-preview:large","max-video-preview":"max-video-preview:-1"},"canonical":"https:\/\/sandzakpress.net\/arhiva\/ljajic-necemo-prihvatiti-mrve\/","og_locale":"bs_BA","og_type":"article","og_title":"Ljaji\u0107: Ne\u0107emo prihvatiti mrve","og_description":"Sjeverni Sand\u017eak &#8211; Rasim Ljaji\u0107 lider Socijaldemokratske partije Srbije, nije odlu\u010dio da li \u0107e na izbore sam, ali ka\u017ee da je izvesnije da \u0107e njegova stranka biti u savezu. pak, on u intervjuu za Politiku navodi na u tim pregovorima ne\u0107e prihvatiti nikakve mrvice sa stola, pa ukoliko pregovori ne daju rezultat iza\u0107i \u0107e samostalno [&hellip;]","og_url":"https:\/\/sandzakpress.net\/arhiva\/ljajic-necemo-prihvatiti-mrve\/","og_site_name":"Sand\u017eak PRESS","article_published_time":"2011-09-10T23:28:17+00:00","og_image":[{"width":616,"height":462,"url":"https:\/\/sandzakpress.net\/arhiva\/wp-content\/uploads\/2011\/09\/vijest-2250.jpg","type":"image\/jpeg"}],"twitter_card":"summary_large_image","twitter_misc":{"Written by":"","Est. reading time":"2 minute"},"schema":{"@context":"https:\/\/schema.org","@graph":[{"@type":"Article","@id":"https:\/\/sandzakpress.net\/arhiva\/ljajic-necemo-prihvatiti-mrve\/#article","isPartOf":{"@id":"https:\/\/sandzakpress.net\/arhiva\/ljajic-necemo-prihvatiti-mrve\/"},"author":{"name":"","@id":""},"headline":"Ljaji\u0107: Ne\u0107emo prihvatiti mrve","datePublished":"2011-09-10T23:28:17+00:00","mainEntityOfPage":{"@id":"https:\/\/sandzakpress.net\/arhiva\/ljajic-necemo-prihvatiti-mrve\/"},"wordCount":436,"commentCount":2,"publisher":{"@id":"https:\/\/sandzakpress.net\/arhiva\/#\/schema\/person\/6e72b67d6e51910a1117b3b483ba20bd"},"image":{"@id":"https:\/\/sandzakpress.net\/arhiva\/ljajic-necemo-prihvatiti-mrve\/#primaryimage"},"thumbnailUrl":"https:\/\/sandzakpress.net\/arhiva\/wp-content\/uploads\/2011\/09\/vijest-2250.jpg","articleSection":["Novi Pazar","Politika","Sjenica","Tutin","Prijepolje","Priboj","Nova Varo\u0161"],"inLanguage":"bs-BA","potentialAction":[{"@type":"CommentAction","name":"Comment","target":["https:\/\/sandzakpress.net\/arhiva\/ljajic-necemo-prihvatiti-mrve\/#respond"]}]},{"@type":"WebPage","@id":"https:\/\/sandzakpress.net\/arhiva\/ljajic-necemo-prihvatiti-mrve\/","url":"https:\/\/sandzakpress.net\/arhiva\/ljajic-necemo-prihvatiti-mrve\/","name":"Ljaji\u0107: Ne\u0107emo prihvatiti mrve","isPartOf":{"@id":"https:\/\/sandzakpress.net\/arhiva\/#website"},"primaryImageOfPage":{"@id":"https:\/\/sandzakpress.net\/arhiva\/ljajic-necemo-prihvatiti-mrve\/#primaryimage"},"image":{"@id":"https:\/\/sandzakpress.net\/arhiva\/ljajic-necemo-prihvatiti-mrve\/#primaryimage"},"thumbnailUrl":"https:\/\/sandzakpress.net\/arhiva\/wp-content\/uploads\/2011\/09\/vijest-2250.jpg","datePublished":"2011-09-10T23:28:17+00:00","breadcrumb":{"@id":"https:\/\/sandzakpress.net\/arhiva\/ljajic-necemo-prihvatiti-mrve\/#breadcrumb"},"inLanguage":"bs-BA","potentialAction":[{"@type":"ReadAction","target":["https:\/\/sandzakpress.net\/arhiva\/ljajic-necemo-prihvatiti-mrve\/"]}]},{"@type":"ImageObject","inLanguage":"bs-BA","@id":"https:\/\/sandzakpress.net\/arhiva\/ljajic-necemo-prihvatiti-mrve\/#primaryimage","url":"https:\/\/sandzakpress.net\/arhiva\/wp-content\/uploads\/2011\/09\/vijest-2250.jpg","contentUrl":"https:\/\/sandzakpress.net\/arhiva\/wp-content\/uploads\/2011\/09\/vijest-2250.jpg","width":616,"height":462},{"@type":"BreadcrumbList","@id":"https:\/\/sandzakpress.net\/arhiva\/ljajic-necemo-prihvatiti-mrve\/#breadcrumb","itemListElement":[{"@type":"ListItem","position":1,"name":"Home","item":"https:\/\/sandzakpress.net\/arhiva\/"},{"@type":"ListItem","position":2,"name":"Ljaji\u0107: Ne\u0107emo prihvatiti mrve"}]},{"@type":"WebSite","@id":"https:\/\/sandzakpress.net\/arhiva\/#website","url":"https:\/\/sandzakpress.net\/arhiva\/","name":"Sand\u017eak PRESS","description":"Prve elektronske novine u Sand\u017eaku","publisher":{"@id":"https:\/\/sandzakpress.net\/arhiva\/#\/schema\/person\/6e72b67d6e51910a1117b3b483ba20bd"},"potentialAction":[{"@type":"SearchAction","target":{"@type":"EntryPoint","urlTemplate":"https:\/\/sandzakpress.net\/arhiva\/?s={search_term_string}"},"query-input":{"@type":"PropertyValueSpecification","valueRequired":true,"valueName":"search_term_string"}}],"inLanguage":"bs-BA"},{"@type":["Person","Organization"],"@id":"https:\/\/sandzakpress.net\/arhiva\/#\/schema\/person\/6e72b67d6e51910a1117b3b483ba20bd","name":"Kul","image":{"@type":"ImageObject","inLanguage":"bs-BA","@id":"https:\/\/sandzakpress.net\/arhiva\/#\/schema\/person\/image\/","url":"https:\/\/secure.gravatar.com\/avatar\/42263f39aa27ac04c43cab85c280eb2e?s=96&d=mm&r=pg","contentUrl":"https:\/\/secure.gravatar.com\/avatar\/42263f39aa27ac04c43cab85c280eb2e?s=96&d=mm&r=pg","caption":"Kul"},"logo":{"@id":"https:\/\/sandzakpress.net\/arhiva\/#\/schema\/person\/image\/"}},{"@type":"Person","@id":"","url":"https:\/\/sandzakpress.net\/arhiva\/author\/"}]}},"_links":{"self":[{"href":"https:\/\/sandzakpress.net\/arhiva\/wp-json\/wp\/v2\/posts\/19810"}],"collection":[{"href":"https:\/\/sandzakpress.net\/arhiva\/wp-json\/wp\/v2\/posts"}],"about":[{"href":"https:\/\/sandzakpress.net\/arhiva\/wp-json\/wp\/v2\/types\/post"}],"author":[{"embeddable":true,"href":"https:\/\/sandzakpress.net\/arhiva\/wp-json\/wp\/v2\/users\/14"}],"replies":[{"embeddable":true,"href":"https:\/\/sandzakpress.net\/arhiva\/wp-json\/wp\/v2\/comments?post=19810"}],"version-history":[{"count":0,"href":"https:\/\/sandzakpress.net\/arhiva\/wp-json\/wp\/v2\/posts\/19810\/revisions"}],"wp:featuredmedia":[{"embeddable":true,"href":"https:\/\/sandzakpress.net\/arhiva\/wp-json\/wp\/v2\/media\/19811"}],"wp:attachment":[{"href":"https:\/\/sandzakpress.net\/arhiva\/wp-json\/wp\/v2\/media?parent=19810"}],"wp:term":[{"taxonomy":"category","embeddable":true,"href":"https:\/\/sandzakpress.net\/arhiva\/wp-json\/wp\/v2\/categories?post=19810"},{"taxonomy":"post_tag","embeddable":true,"href":"https:\/\/sandzakpress.net\/arhiva\/wp-json\/wp\/v2\/tags?post=19810"}],"curies":[{"name":"wp","href":"https:\/\/api.w.org\/{rel}","templated":true}]}}