{"id":198093,"date":"2017-11-06T11:48:27","date_gmt":"2017-11-06T10:48:27","guid":{"rendered":"https:\/\/sandzakpress.net\/arhiva\/?p=198093"},"modified":"2017-11-06T11:51:37","modified_gmt":"2017-11-06T10:51:37","slug":"zukorlic-rjesavanje-statusa-sandzaka-je-u-korist-i-za-dobrobit-srbije-i-crne-gore-2","status":"publish","type":"post","link":"https:\/\/sandzakpress.net\/arhiva\/zukorlic-rjesavanje-statusa-sandzaka-je-u-korist-i-za-dobrobit-srbije-i-crne-gore-2\/","title":{"rendered":"Zukorli\u0107 \u2013 Rje\u0161avanje statusa Sand\u017eaka je u korist i za dobrobit Srbije i Crne Gore"},"content":{"rendered":"<p><img decoding=\"async\" src=\"http:\/\/ins.ba\/media\/image\/1586\/original\/zukorlic-6_14855527690.jpg\" alt=\"zukorlic-6_14855527690.jpg - Muamer Zukorli\u0107 za INS: Povezivanje RS-a i Kosova mo\u017ee da vodi u nove sukobe, pitanje Sand\u017eaka je otvoreno\" \/><\/p>\n<p><strong>Pitanje Sand\u017eaka nije otvoreno samo pod uslovom da se entitet RS dovodi u vezu s Kosovom, ka\u017ee u razgovoru za INS narodni poslanik u Skup\u0161tini Srbije i predsjednik Bo\u0161nja\u010dke demokratske stranke\u00a0Muamer Zukorli\u0107\u00a0komentiraju\u0107i poku\u0161aje da se pitanje bh. entiteta RS nametne u kontekstu aktuelnih razgovora u Srbiji o budu\u0107nosti Kosova.<\/strong><\/p>\n<p>Zukorli\u0107 smatra da pitanje Republike Srpske otvara i pitanje Sand\u017eaka, a povezivanju RS-a i Kosova za INS ka\u017ee:<\/p>\n<p>\u201eJa tada ukazujem na rizik nepriznavanja granica dr\u017eava, i\u00a0to je dublji nivo problema i mo\u017ee da vodi novim sukobima. Pitanje Sand\u017eaka je otvoreno i kada govorimo i kada \u0161utimo o njemu. To je pitanje statusa jedne historijske regije sa svojim politi\u010dkim, historijskim, geografskim, kulturolo\u0161kim, privrednim i svim drugim posebnostima, \u0161to je nesporna \u010dinjenica, a \u0161to treba rje\u0161avati dijalogom.\u00a0 U formi prekograni\u010dne, evropske regije, s izvjesnim stepenom samouprave kakvih primjera imamo \u0161irom Evrope. Rje\u0161avanje statusa Sand\u017eaka u tom pogledu pomoglo bi stabilnosti i Srbije i Crne Gore, regiona&#8230;\u201c, ka\u017ee Zukorli\u0107.<\/p>\n<p>Poja\u0161njava da postoje u Srbiji neka promi\u0161ljanja da u dijalog i rje\u0161avanje pitanje statusa Kosova treba uklju\u010diti i pitanje bh. entiteta RS.<\/p>\n<p>\u201eMoj odgovor je uslijedio principijelno i logi\u010dno da je suludo, tendencionozno, te da se ni na koji na\u010din se ne mo\u017ee shvatiti da kompenzacija jednog dijela teritorija ili utjecaja na Kosovu treba da se nadoknadi ugro\u017eavanjem teritorijalnog integriteta Bosne! To je ne\u0161to \u0161to i u \u0161ali, \u010dak i kod minornih li\u010dnosti, ne smije da se prihvati kao normalno. Svako povezivanje RS-a i Kosova zna\u010di direktni atak na teritorijalni integritet BiH. Kazao sam da \u010dak i takve teme mogu biti delegirane za neki dijalog. Ali, to nije unutarsrpski dijalog, ve\u0107 dijalog srpsko-bo\u0161nja\u010dki, odnosno dijalog izme\u0111u dr\u017eave BiH i dr\u017eave Srbije. Ali, u tom slu\u010daju imamo Sand\u017eak kao dio bo\u0161nja\u010dkog \u017eivotnog prostora na prostorima Srbije i Crne Gore, te je logi\u010dna posljedica uklju\u010divanje i pitanje Sand\u017eaka u tu temu\u201c, smatra Zukorli\u0107.<\/p>\n<p>&nbsp;<\/p>\n<p>izvor: ins.ba<\/p>\n<p>Datum: 11. avgust 2017. godine<\/p>\n","protected":false},"excerpt":{"rendered":"<p>Pitanje Sand\u017eaka nije otvoreno samo pod uslovom da se entitet RS dovodi u vezu s Kosovom, ka\u017ee u razgovoru za INS narodni poslanik u Skup\u0161tini Srbije i predsjednik Bo\u0161nja\u010dke demokratske stranke\u00a0Muamer Zukorli\u0107\u00a0komentiraju\u0107i poku\u0161aje da se pitanje bh. entiteta RS nametne u kontekstu aktuelnih razgovora u Srbiji o budu\u0107nosti Kosova. Zukorli\u0107 smatra da pitanje Republike Srpske [&hellip;]<\/p>\n","protected":false},"author":509,"featured_media":198094,"comment_status":"open","ping_status":"open","sticky":false,"template":"","format":"standard","meta":{"footnotes":""},"categories":[72,398,10504,1,52,397,10174,327,392,396,393,395,394,399,10173,8957],"tags":[10223,10288],"class_list":{"0":"post-198093","1":"post","2":"type-post","3":"status-publish","4":"format-standard","5":"has-post-thumbnail","7":"category-novi-pazar","8":"category-rozaje","9":"category-juzni-sandzak-sandzak-2","10":"category-politika","11":"category-sjenica","12":"category-berane","13":"category-petnjica-vase-vijesti","14":"category-tutin","15":"category-prijepolje_","16":"category-bijelo_polje","17":"category-priboj","18":"category-pljevlja_","19":"category-nova-varos","20":"category-plav_","21":"category-gusinje-vase-vijesti","22":"category-vijesti-dana","23":"tag-bdz","24":"tag-autonomija-sandzaka"},"yoast_head":"<!-- This site is optimized with the Yoast SEO Premium plugin v23.1 (Yoast SEO v24.9) - https:\/\/yoast.com\/wordpress\/plugins\/seo\/ -->\n<title>Zukorli\u0107 \u2013 Rje\u0161avanje statusa Sand\u017eaka je u korist i za dobrobit Srbije i Crne Gore<\/title>\n<meta name=\"robots\" content=\"index, follow, max-snippet:-1, max-image-preview:large, max-video-preview:-1\" \/>\n<link rel=\"canonical\" href=\"https:\/\/sandzakpress.net\/arhiva\/zukorlic-rjesavanje-statusa-sandzaka-je-u-korist-i-za-dobrobit-srbije-i-crne-gore-2\/\" \/>\n<meta property=\"og:locale\" content=\"bs_BA\" \/>\n<meta property=\"og:type\" content=\"article\" \/>\n<meta property=\"og:title\" content=\"Zukorli\u0107 \u2013 Rje\u0161avanje statusa Sand\u017eaka je u korist i za dobrobit Srbije i Crne Gore\" \/>\n<meta property=\"og:description\" content=\"Pitanje Sand\u017eaka nije otvoreno samo pod uslovom da se entitet RS dovodi u vezu s Kosovom, ka\u017ee u razgovoru za INS narodni poslanik u Skup\u0161tini Srbije i predsjednik Bo\u0161nja\u010dke demokratske stranke\u00a0Muamer Zukorli\u0107\u00a0komentiraju\u0107i poku\u0161aje da se pitanje bh. entiteta RS nametne u kontekstu aktuelnih razgovora u Srbiji o budu\u0107nosti Kosova. Zukorli\u0107 smatra da pitanje Republike Srpske [&hellip;]\" \/>\n<meta property=\"og:url\" content=\"https:\/\/sandzakpress.net\/arhiva\/zukorlic-rjesavanje-statusa-sandzaka-je-u-korist-i-za-dobrobit-srbije-i-crne-gore-2\/\" \/>\n<meta property=\"og:site_name\" content=\"Sand\u017eak PRESS\" \/>\n<meta property=\"article:published_time\" content=\"2017-11-06T10:48:27+00:00\" \/>\n<meta property=\"article:modified_time\" content=\"2017-11-06T10:51:37+00:00\" \/>\n<meta property=\"og:image\" content=\"https:\/\/sandzakpress.net\/arhiva\/wp-content\/uploads\/2017\/11\/zukorlic-6_14855527690.jpg\" \/>\n\t<meta property=\"og:image:width\" content=\"760\" \/>\n\t<meta property=\"og:image:height\" content=\"505\" \/>\n\t<meta property=\"og:image:type\" content=\"image\/jpeg\" \/>\n<meta name=\"author\" content=\"Agencija\" \/>\n<meta name=\"twitter:card\" content=\"summary_large_image\" \/>\n<meta name=\"twitter:label1\" content=\"Written by\" \/>\n\t<meta name=\"twitter:data1\" content=\"Agencija\" \/>\n\t<meta name=\"twitter:label2\" content=\"Est. reading time\" \/>\n\t<meta name=\"twitter:data2\" content=\"2 minute\" \/>\n<script type=\"application\/ld+json\" class=\"yoast-schema-graph\">{\"@context\":\"https:\/\/schema.org\",\"@graph\":[{\"@type\":\"Article\",\"@id\":\"https:\/\/sandzakpress.net\/arhiva\/zukorlic-rjesavanje-statusa-sandzaka-je-u-korist-i-za-dobrobit-srbije-i-crne-gore-2\/#article\",\"isPartOf\":{\"@id\":\"https:\/\/sandzakpress.net\/arhiva\/zukorlic-rjesavanje-statusa-sandzaka-je-u-korist-i-za-dobrobit-srbije-i-crne-gore-2\/\"},\"author\":{\"name\":\"Agencija\",\"@id\":\"https:\/\/sandzakpress.net\/arhiva\/#\/schema\/person\/cb59d7e3ab91ab90dd680ad0305a6185\"},\"headline\":\"Zukorli\u0107 \u2013 Rje\u0161avanje statusa Sand\u017eaka je u korist i za dobrobit Srbije i Crne Gore\",\"datePublished\":\"2017-11-06T10:48:27+00:00\",\"dateModified\":\"2017-11-06T10:51:37+00:00\",\"mainEntityOfPage\":{\"@id\":\"https:\/\/sandzakpress.net\/arhiva\/zukorlic-rjesavanje-statusa-sandzaka-je-u-korist-i-za-dobrobit-srbije-i-crne-gore-2\/\"},\"wordCount\":376,\"commentCount\":7,\"publisher\":{\"@id\":\"https:\/\/sandzakpress.net\/arhiva\/#\/schema\/person\/6e72b67d6e51910a1117b3b483ba20bd\"},\"image\":{\"@id\":\"https:\/\/sandzakpress.net\/arhiva\/zukorlic-rjesavanje-statusa-sandzaka-je-u-korist-i-za-dobrobit-srbije-i-crne-gore-2\/#primaryimage\"},\"thumbnailUrl\":\"https:\/\/sandzakpress.net\/arhiva\/wp-content\/uploads\/2017\/11\/zukorlic-6_14855527690.jpg\",\"keywords\":[\"BDZ\",\"Autonomija Sand\u017eaka\"],\"articleSection\":[\"Novi Pazar\",\"Ro\u017eaje\",\"Ju\u017eni Sand\u017eak\",\"Politika\",\"Sjenica\",\"Berane\",\"Petnjica\",\"Tutin\",\"Prijepolje\",\"Bijelo Polje\",\"Priboj\",\"Pljevlja\",\"Nova Varo\u0161\",\"Plav\",\"Gusinje\",\"VIJESTI DANA\"],\"inLanguage\":\"bs-BA\",\"potentialAction\":[{\"@type\":\"CommentAction\",\"name\":\"Comment\",\"target\":[\"https:\/\/sandzakpress.net\/arhiva\/zukorlic-rjesavanje-statusa-sandzaka-je-u-korist-i-za-dobrobit-srbije-i-crne-gore-2\/#respond\"]}]},{\"@type\":\"WebPage\",\"@id\":\"https:\/\/sandzakpress.net\/arhiva\/zukorlic-rjesavanje-statusa-sandzaka-je-u-korist-i-za-dobrobit-srbije-i-crne-gore-2\/\",\"url\":\"https:\/\/sandzakpress.net\/arhiva\/zukorlic-rjesavanje-statusa-sandzaka-je-u-korist-i-za-dobrobit-srbije-i-crne-gore-2\/\",\"name\":\"Zukorli\u0107 \u2013 Rje\u0161avanje statusa Sand\u017eaka je u korist i za dobrobit Srbije i Crne Gore\",\"isPartOf\":{\"@id\":\"https:\/\/sandzakpress.net\/arhiva\/#website\"},\"primaryImageOfPage\":{\"@id\":\"https:\/\/sandzakpress.net\/arhiva\/zukorlic-rjesavanje-statusa-sandzaka-je-u-korist-i-za-dobrobit-srbije-i-crne-gore-2\/#primaryimage\"},\"image\":{\"@id\":\"https:\/\/sandzakpress.net\/arhiva\/zukorlic-rjesavanje-statusa-sandzaka-je-u-korist-i-za-dobrobit-srbije-i-crne-gore-2\/#primaryimage\"},\"thumbnailUrl\":\"https:\/\/sandzakpress.net\/arhiva\/wp-content\/uploads\/2017\/11\/zukorlic-6_14855527690.jpg\",\"datePublished\":\"2017-11-06T10:48:27+00:00\",\"dateModified\":\"2017-11-06T10:51:37+00:00\",\"breadcrumb\":{\"@id\":\"https:\/\/sandzakpress.net\/arhiva\/zukorlic-rjesavanje-statusa-sandzaka-je-u-korist-i-za-dobrobit-srbije-i-crne-gore-2\/#breadcrumb\"},\"inLanguage\":\"bs-BA\",\"potentialAction\":[{\"@type\":\"ReadAction\",\"target\":[\"https:\/\/sandzakpress.net\/arhiva\/zukorlic-rjesavanje-statusa-sandzaka-je-u-korist-i-za-dobrobit-srbije-i-crne-gore-2\/\"]}]},{\"@type\":\"ImageObject\",\"inLanguage\":\"bs-BA\",\"@id\":\"https:\/\/sandzakpress.net\/arhiva\/zukorlic-rjesavanje-statusa-sandzaka-je-u-korist-i-za-dobrobit-srbije-i-crne-gore-2\/#primaryimage\",\"url\":\"https:\/\/sandzakpress.net\/arhiva\/wp-content\/uploads\/2017\/11\/zukorlic-6_14855527690.jpg\",\"contentUrl\":\"https:\/\/sandzakpress.net\/arhiva\/wp-content\/uploads\/2017\/11\/zukorlic-6_14855527690.jpg\",\"width\":760,\"height\":505},{\"@type\":\"BreadcrumbList\",\"@id\":\"https:\/\/sandzakpress.net\/arhiva\/zukorlic-rjesavanje-statusa-sandzaka-je-u-korist-i-za-dobrobit-srbije-i-crne-gore-2\/#breadcrumb\",\"itemListElement\":[{\"@type\":\"ListItem\",\"position\":1,\"name\":\"Home\",\"item\":\"https:\/\/sandzakpress.net\/arhiva\/\"},{\"@type\":\"ListItem\",\"position\":2,\"name\":\"Zukorli\u0107 \u2013 Rje\u0161avanje statusa Sand\u017eaka je u korist i za dobrobit Srbije i Crne Gore\"}]},{\"@type\":\"WebSite\",\"@id\":\"https:\/\/sandzakpress.net\/arhiva\/#website\",\"url\":\"https:\/\/sandzakpress.net\/arhiva\/\",\"name\":\"Sand\u017eak PRESS\",\"description\":\"Prve elektronske novine u Sand\u017eaku\",\"publisher\":{\"@id\":\"https:\/\/sandzakpress.net\/arhiva\/#\/schema\/person\/6e72b67d6e51910a1117b3b483ba20bd\"},\"potentialAction\":[{\"@type\":\"SearchAction\",\"target\":{\"@type\":\"EntryPoint\",\"urlTemplate\":\"https:\/\/sandzakpress.net\/arhiva\/?s={search_term_string}\"},\"query-input\":{\"@type\":\"PropertyValueSpecification\",\"valueRequired\":true,\"valueName\":\"search_term_string\"}}],\"inLanguage\":\"bs-BA\"},{\"@type\":[\"Person\",\"Organization\"],\"@id\":\"https:\/\/sandzakpress.net\/arhiva\/#\/schema\/person\/6e72b67d6e51910a1117b3b483ba20bd\",\"name\":\"Kul\",\"image\":{\"@type\":\"ImageObject\",\"inLanguage\":\"bs-BA\",\"@id\":\"https:\/\/sandzakpress.net\/arhiva\/#\/schema\/person\/image\/\",\"url\":\"https:\/\/secure.gravatar.com\/avatar\/42263f39aa27ac04c43cab85c280eb2e?s=96&d=mm&r=pg\",\"contentUrl\":\"https:\/\/secure.gravatar.com\/avatar\/42263f39aa27ac04c43cab85c280eb2e?s=96&d=mm&r=pg\",\"caption\":\"Kul\"},\"logo\":{\"@id\":\"https:\/\/sandzakpress.net\/arhiva\/#\/schema\/person\/image\/\"}},{\"@type\":\"Person\",\"@id\":\"https:\/\/sandzakpress.net\/arhiva\/#\/schema\/person\/cb59d7e3ab91ab90dd680ad0305a6185\",\"name\":\"Agencija\",\"image\":{\"@type\":\"ImageObject\",\"inLanguage\":\"bs-BA\",\"@id\":\"https:\/\/sandzakpress.net\/arhiva\/#\/schema\/person\/image\/\",\"url\":\"https:\/\/secure.gravatar.com\/avatar\/4b7fafa80a22f0c2afe23966b3961fe0?s=96&d=mm&r=pg\",\"contentUrl\":\"https:\/\/secure.gravatar.com\/avatar\/4b7fafa80a22f0c2afe23966b3961fe0?s=96&d=mm&r=pg\",\"caption\":\"Agencija\"},\"url\":\"https:\/\/sandzakpress.net\/arhiva\/author\/agencija\/\"}]}<\/script>\n<!-- \/ Yoast SEO Premium plugin. -->","yoast_head_json":{"title":"Zukorli\u0107 \u2013 Rje\u0161avanje statusa Sand\u017eaka je u korist i za dobrobit Srbije i Crne Gore","robots":{"index":"index","follow":"follow","max-snippet":"max-snippet:-1","max-image-preview":"max-image-preview:large","max-video-preview":"max-video-preview:-1"},"canonical":"https:\/\/sandzakpress.net\/arhiva\/zukorlic-rjesavanje-statusa-sandzaka-je-u-korist-i-za-dobrobit-srbije-i-crne-gore-2\/","og_locale":"bs_BA","og_type":"article","og_title":"Zukorli\u0107 \u2013 Rje\u0161avanje statusa Sand\u017eaka je u korist i za dobrobit Srbije i Crne Gore","og_description":"Pitanje Sand\u017eaka nije otvoreno samo pod uslovom da se entitet RS dovodi u vezu s Kosovom, ka\u017ee u razgovoru za INS narodni poslanik u Skup\u0161tini Srbije i predsjednik Bo\u0161nja\u010dke demokratske stranke\u00a0Muamer Zukorli\u0107\u00a0komentiraju\u0107i poku\u0161aje da se pitanje bh. entiteta RS nametne u kontekstu aktuelnih razgovora u Srbiji o budu\u0107nosti Kosova. Zukorli\u0107 smatra da pitanje Republike Srpske [&hellip;]","og_url":"https:\/\/sandzakpress.net\/arhiva\/zukorlic-rjesavanje-statusa-sandzaka-je-u-korist-i-za-dobrobit-srbije-i-crne-gore-2\/","og_site_name":"Sand\u017eak PRESS","article_published_time":"2017-11-06T10:48:27+00:00","article_modified_time":"2017-11-06T10:51:37+00:00","og_image":[{"width":760,"height":505,"url":"https:\/\/sandzakpress.net\/arhiva\/wp-content\/uploads\/2017\/11\/zukorlic-6_14855527690.jpg","type":"image\/jpeg"}],"author":"Agencija","twitter_card":"summary_large_image","twitter_misc":{"Written by":"Agencija","Est. reading time":"2 minute"},"schema":{"@context":"https:\/\/schema.org","@graph":[{"@type":"Article","@id":"https:\/\/sandzakpress.net\/arhiva\/zukorlic-rjesavanje-statusa-sandzaka-je-u-korist-i-za-dobrobit-srbije-i-crne-gore-2\/#article","isPartOf":{"@id":"https:\/\/sandzakpress.net\/arhiva\/zukorlic-rjesavanje-statusa-sandzaka-je-u-korist-i-za-dobrobit-srbije-i-crne-gore-2\/"},"author":{"name":"Agencija","@id":"https:\/\/sandzakpress.net\/arhiva\/#\/schema\/person\/cb59d7e3ab91ab90dd680ad0305a6185"},"headline":"Zukorli\u0107 \u2013 Rje\u0161avanje statusa Sand\u017eaka je u korist i za dobrobit Srbije i Crne Gore","datePublished":"2017-11-06T10:48:27+00:00","dateModified":"2017-11-06T10:51:37+00:00","mainEntityOfPage":{"@id":"https:\/\/sandzakpress.net\/arhiva\/zukorlic-rjesavanje-statusa-sandzaka-je-u-korist-i-za-dobrobit-srbije-i-crne-gore-2\/"},"wordCount":376,"commentCount":7,"publisher":{"@id":"https:\/\/sandzakpress.net\/arhiva\/#\/schema\/person\/6e72b67d6e51910a1117b3b483ba20bd"},"image":{"@id":"https:\/\/sandzakpress.net\/arhiva\/zukorlic-rjesavanje-statusa-sandzaka-je-u-korist-i-za-dobrobit-srbije-i-crne-gore-2\/#primaryimage"},"thumbnailUrl":"https:\/\/sandzakpress.net\/arhiva\/wp-content\/uploads\/2017\/11\/zukorlic-6_14855527690.jpg","keywords":["BDZ","Autonomija Sand\u017eaka"],"articleSection":["Novi Pazar","Ro\u017eaje","Ju\u017eni Sand\u017eak","Politika","Sjenica","Berane","Petnjica","Tutin","Prijepolje","Bijelo Polje","Priboj","Pljevlja","Nova Varo\u0161","Plav","Gusinje","VIJESTI DANA"],"inLanguage":"bs-BA","potentialAction":[{"@type":"CommentAction","name":"Comment","target":["https:\/\/sandzakpress.net\/arhiva\/zukorlic-rjesavanje-statusa-sandzaka-je-u-korist-i-za-dobrobit-srbije-i-crne-gore-2\/#respond"]}]},{"@type":"WebPage","@id":"https:\/\/sandzakpress.net\/arhiva\/zukorlic-rjesavanje-statusa-sandzaka-je-u-korist-i-za-dobrobit-srbije-i-crne-gore-2\/","url":"https:\/\/sandzakpress.net\/arhiva\/zukorlic-rjesavanje-statusa-sandzaka-je-u-korist-i-za-dobrobit-srbije-i-crne-gore-2\/","name":"Zukorli\u0107 \u2013 Rje\u0161avanje statusa Sand\u017eaka je u korist i za dobrobit Srbije i Crne Gore","isPartOf":{"@id":"https:\/\/sandzakpress.net\/arhiva\/#website"},"primaryImageOfPage":{"@id":"https:\/\/sandzakpress.net\/arhiva\/zukorlic-rjesavanje-statusa-sandzaka-je-u-korist-i-za-dobrobit-srbije-i-crne-gore-2\/#primaryimage"},"image":{"@id":"https:\/\/sandzakpress.net\/arhiva\/zukorlic-rjesavanje-statusa-sandzaka-je-u-korist-i-za-dobrobit-srbije-i-crne-gore-2\/#primaryimage"},"thumbnailUrl":"https:\/\/sandzakpress.net\/arhiva\/wp-content\/uploads\/2017\/11\/zukorlic-6_14855527690.jpg","datePublished":"2017-11-06T10:48:27+00:00","dateModified":"2017-11-06T10:51:37+00:00","breadcrumb":{"@id":"https:\/\/sandzakpress.net\/arhiva\/zukorlic-rjesavanje-statusa-sandzaka-je-u-korist-i-za-dobrobit-srbije-i-crne-gore-2\/#breadcrumb"},"inLanguage":"bs-BA","potentialAction":[{"@type":"ReadAction","target":["https:\/\/sandzakpress.net\/arhiva\/zukorlic-rjesavanje-statusa-sandzaka-je-u-korist-i-za-dobrobit-srbije-i-crne-gore-2\/"]}]},{"@type":"ImageObject","inLanguage":"bs-BA","@id":"https:\/\/sandzakpress.net\/arhiva\/zukorlic-rjesavanje-statusa-sandzaka-je-u-korist-i-za-dobrobit-srbije-i-crne-gore-2\/#primaryimage","url":"https:\/\/sandzakpress.net\/arhiva\/wp-content\/uploads\/2017\/11\/zukorlic-6_14855527690.jpg","contentUrl":"https:\/\/sandzakpress.net\/arhiva\/wp-content\/uploads\/2017\/11\/zukorlic-6_14855527690.jpg","width":760,"height":505},{"@type":"BreadcrumbList","@id":"https:\/\/sandzakpress.net\/arhiva\/zukorlic-rjesavanje-statusa-sandzaka-je-u-korist-i-za-dobrobit-srbije-i-crne-gore-2\/#breadcrumb","itemListElement":[{"@type":"ListItem","position":1,"name":"Home","item":"https:\/\/sandzakpress.net\/arhiva\/"},{"@type":"ListItem","position":2,"name":"Zukorli\u0107 \u2013 Rje\u0161avanje statusa Sand\u017eaka je u korist i za dobrobit Srbije i Crne Gore"}]},{"@type":"WebSite","@id":"https:\/\/sandzakpress.net\/arhiva\/#website","url":"https:\/\/sandzakpress.net\/arhiva\/","name":"Sand\u017eak PRESS","description":"Prve elektronske novine u Sand\u017eaku","publisher":{"@id":"https:\/\/sandzakpress.net\/arhiva\/#\/schema\/person\/6e72b67d6e51910a1117b3b483ba20bd"},"potentialAction":[{"@type":"SearchAction","target":{"@type":"EntryPoint","urlTemplate":"https:\/\/sandzakpress.net\/arhiva\/?s={search_term_string}"},"query-input":{"@type":"PropertyValueSpecification","valueRequired":true,"valueName":"search_term_string"}}],"inLanguage":"bs-BA"},{"@type":["Person","Organization"],"@id":"https:\/\/sandzakpress.net\/arhiva\/#\/schema\/person\/6e72b67d6e51910a1117b3b483ba20bd","name":"Kul","image":{"@type":"ImageObject","inLanguage":"bs-BA","@id":"https:\/\/sandzakpress.net\/arhiva\/#\/schema\/person\/image\/","url":"https:\/\/secure.gravatar.com\/avatar\/42263f39aa27ac04c43cab85c280eb2e?s=96&d=mm&r=pg","contentUrl":"https:\/\/secure.gravatar.com\/avatar\/42263f39aa27ac04c43cab85c280eb2e?s=96&d=mm&r=pg","caption":"Kul"},"logo":{"@id":"https:\/\/sandzakpress.net\/arhiva\/#\/schema\/person\/image\/"}},{"@type":"Person","@id":"https:\/\/sandzakpress.net\/arhiva\/#\/schema\/person\/cb59d7e3ab91ab90dd680ad0305a6185","name":"Agencija","image":{"@type":"ImageObject","inLanguage":"bs-BA","@id":"https:\/\/sandzakpress.net\/arhiva\/#\/schema\/person\/image\/","url":"https:\/\/secure.gravatar.com\/avatar\/4b7fafa80a22f0c2afe23966b3961fe0?s=96&d=mm&r=pg","contentUrl":"https:\/\/secure.gravatar.com\/avatar\/4b7fafa80a22f0c2afe23966b3961fe0?s=96&d=mm&r=pg","caption":"Agencija"},"url":"https:\/\/sandzakpress.net\/arhiva\/author\/agencija\/"}]}},"_links":{"self":[{"href":"https:\/\/sandzakpress.net\/arhiva\/wp-json\/wp\/v2\/posts\/198093"}],"collection":[{"href":"https:\/\/sandzakpress.net\/arhiva\/wp-json\/wp\/v2\/posts"}],"about":[{"href":"https:\/\/sandzakpress.net\/arhiva\/wp-json\/wp\/v2\/types\/post"}],"author":[{"embeddable":true,"href":"https:\/\/sandzakpress.net\/arhiva\/wp-json\/wp\/v2\/users\/509"}],"replies":[{"embeddable":true,"href":"https:\/\/sandzakpress.net\/arhiva\/wp-json\/wp\/v2\/comments?post=198093"}],"version-history":[{"count":0,"href":"https:\/\/sandzakpress.net\/arhiva\/wp-json\/wp\/v2\/posts\/198093\/revisions"}],"wp:featuredmedia":[{"embeddable":true,"href":"https:\/\/sandzakpress.net\/arhiva\/wp-json\/wp\/v2\/media\/198094"}],"wp:attachment":[{"href":"https:\/\/sandzakpress.net\/arhiva\/wp-json\/wp\/v2\/media?parent=198093"}],"wp:term":[{"taxonomy":"category","embeddable":true,"href":"https:\/\/sandzakpress.net\/arhiva\/wp-json\/wp\/v2\/categories?post=198093"},{"taxonomy":"post_tag","embeddable":true,"href":"https:\/\/sandzakpress.net\/arhiva\/wp-json\/wp\/v2\/tags?post=198093"}],"curies":[{"name":"wp","href":"https:\/\/api.w.org\/{rel}","templated":true}]}}