{"id":198012,"date":"2017-11-04T17:40:36","date_gmt":"2017-11-04T16:40:36","guid":{"rendered":"https:\/\/sandzakpress.net\/arhiva\/?p=198012"},"modified":"2017-11-04T20:11:48","modified_gmt":"2017-11-04T19:11:48","slug":"dekan-fis-a-dobitnik-specijalne-nagrade-vakufa-risala-za-skandinaviju","status":"publish","type":"post","link":"https:\/\/sandzakpress.net\/arhiva\/dekan-fis-a-dobitnik-specijalne-nagrade-vakufa-risala-za-skandinaviju\/","title":{"rendered":"Dekan FIS-a dobitnik specijalne nagrade Vakufa Risala za Skandinaviju"},"content":{"rendered":"<p><img decoding=\"async\" src=\"http:\/\/sanapress.info\/wp-content\/uploads\/2017\/11\/0-4.jpg\" \/><\/p>\n<p><strong>Dekan Fakulteta za islamske studije u Novom Pazaru, prof.dr. Enver ef. Gici\u0107, od 2. do 6. novembra 2017. godine boravi u \u0160vedskoj, na poziv islamske organizacije Vakuf Risala za Skandinaviju, gdje \u0107e u subotu, 4. novembra, uzeti u\u010de\u0161\u0107a na nau\u010dnoj konferenciji: Uloga vakufa u afirmaciji islamskih vrijednosti u Skandinaviji, sa temom: \u201eZna\u010daj vakufa na polju o\u010duvanja vjere u Sand\u017eaku.\u201c<\/strong><\/p>\n<p>Dana, 3. novembra, u ve\u010dernjim satima otvorena je pomenuta manifestacija dodjelom plaketa i medalja uspje\u0161nim pojedincima na polju za\u0161tite i autenti\u010dnog predstavljanja islama kroz proces obrazovanja.<\/p>\n<p>Odlukom Upravnog odbora ove organizacije, prof.dr. Enver Gici\u0107 dobitnik je plakete koja se dodjeljuje najuticajnijim ljudima u Evropi na polju islamskog obrazovanja.<\/p>\n<p>Plaketu mu je uru\u010dio predsjednik Vakufa Risala gospodin Hasan Dawudi.<\/p>\n<p><img loading=\"lazy\" decoding=\"async\" class=\"alignnone size-full wp-image-33823\" src=\"http:\/\/sanapress.info\/wp-content\/uploads\/2017\/11\/1-3.jpg\" sizes=\"(max-width: 1280px) 100vw, 1280px\" srcset=\"http:\/\/sanapress.info\/wp-content\/uploads\/2017\/11\/1-3.jpg 1280w, http:\/\/sanapress.info\/wp-content\/uploads\/2017\/11\/1-3-300x169.jpg 300w, http:\/\/sanapress.info\/wp-content\/uploads\/2017\/11\/1-3-768x432.jpg 768w, http:\/\/sanapress.info\/wp-content\/uploads\/2017\/11\/1-3-1024x576.jpg 1024w\" alt=\"\" width=\"1280\" height=\"720\" \/><img loading=\"lazy\" decoding=\"async\" class=\"alignnone size-full wp-image-33824\" src=\"http:\/\/sanapress.info\/wp-content\/uploads\/2017\/11\/2-2.jpg\" sizes=\"(max-width: 1280px) 100vw, 1280px\" srcset=\"http:\/\/sanapress.info\/wp-content\/uploads\/2017\/11\/2-2.jpg 1280w, http:\/\/sanapress.info\/wp-content\/uploads\/2017\/11\/2-2-300x169.jpg 300w, http:\/\/sanapress.info\/wp-content\/uploads\/2017\/11\/2-2-768x432.jpg 768w, http:\/\/sanapress.info\/wp-content\/uploads\/2017\/11\/2-2-1024x576.jpg 1024w\" alt=\"\" width=\"1280\" height=\"720\" \/><img loading=\"lazy\" decoding=\"async\" class=\"alignnone size-full wp-image-33825\" src=\"http:\/\/sanapress.info\/wp-content\/uploads\/2017\/11\/3-2.jpg\" sizes=\"(max-width: 1280px) 100vw, 1280px\" srcset=\"http:\/\/sanapress.info\/wp-content\/uploads\/2017\/11\/3-2.jpg 1280w, http:\/\/sanapress.info\/wp-content\/uploads\/2017\/11\/3-2-300x169.jpg 300w, http:\/\/sanapress.info\/wp-content\/uploads\/2017\/11\/3-2-768x432.jpg 768w, http:\/\/sanapress.info\/wp-content\/uploads\/2017\/11\/3-2-1024x576.jpg 1024w\" alt=\"\" width=\"1280\" height=\"720\" \/><img loading=\"lazy\" decoding=\"async\" class=\"size-full wp-image-33826 aligncenter\" src=\"http:\/\/sanapress.info\/wp-content\/uploads\/2017\/11\/6.jpg\" sizes=\"(max-width: 720px) 100vw, 720px\" srcset=\"http:\/\/sanapress.info\/wp-content\/uploads\/2017\/11\/6.jpg 720w, http:\/\/sanapress.info\/wp-content\/uploads\/2017\/11\/6-169x300.jpg 169w, http:\/\/sanapress.info\/wp-content\/uploads\/2017\/11\/6-576x1024.jpg 576w\" alt=\"\" width=\"720\" height=\"1280\" \/><\/p>\n<p>Info slu\u017eba FIS-a<\/p>\n","protected":false},"excerpt":{"rendered":"<p>Dekan Fakulteta za islamske studije u Novom Pazaru, prof.dr. Enver ef. Gici\u0107, od 2. do 6. novembra 2017. godine boravi u \u0160vedskoj, na poziv islamske organizacije Vakuf Risala za Skandinaviju, gdje \u0107e u subotu, 4. novembra, uzeti u\u010de\u0161\u0107a na nau\u010dnoj konferenciji: Uloga vakufa u afirmaciji islamskih vrijednosti u Skandinaviji, sa temom: \u201eZna\u010daj vakufa na polju [&hellip;]<\/p>\n","protected":false},"author":509,"featured_media":198018,"comment_status":"open","ping_status":"open","sticky":false,"template":"","format":"standard","meta":{"footnotes":""},"categories":[72,802,8957,798,10429],"tags":[],"class_list":{"0":"post-198012","1":"post","2":"type-post","3":"status-publish","4":"format-standard","5":"has-post-thumbnail","7":"category-novi-pazar","8":"category-islamska_zajednica","9":"category-vijesti-dana","10":"category-teme","11":"category-vazno"},"yoast_head":"<!-- This site is optimized with the Yoast SEO Premium plugin v23.1 (Yoast SEO v24.9) - https:\/\/yoast.com\/wordpress\/plugins\/seo\/ -->\n<title>Dekan FIS-a dobitnik specijalne nagrade Vakufa Risala za Skandinaviju<\/title>\n<meta name=\"robots\" content=\"index, follow, max-snippet:-1, max-image-preview:large, max-video-preview:-1\" \/>\n<link rel=\"canonical\" href=\"https:\/\/sandzakpress.net\/arhiva\/dekan-fis-a-dobitnik-specijalne-nagrade-vakufa-risala-za-skandinaviju\/\" \/>\n<meta property=\"og:locale\" content=\"bs_BA\" \/>\n<meta property=\"og:type\" content=\"article\" \/>\n<meta property=\"og:title\" content=\"Dekan FIS-a dobitnik specijalne nagrade Vakufa Risala za Skandinaviju\" \/>\n<meta property=\"og:description\" content=\"Dekan Fakulteta za islamske studije u Novom Pazaru, prof.dr. Enver ef. Gici\u0107, od 2. do 6. novembra 2017. godine boravi u \u0160vedskoj, na poziv islamske organizacije Vakuf Risala za Skandinaviju, gdje \u0107e u subotu, 4. novembra, uzeti u\u010de\u0161\u0107a na nau\u010dnoj konferenciji: Uloga vakufa u afirmaciji islamskih vrijednosti u Skandinaviji, sa temom: \u201eZna\u010daj vakufa na polju [&hellip;]\" \/>\n<meta property=\"og:url\" content=\"https:\/\/sandzakpress.net\/arhiva\/dekan-fis-a-dobitnik-specijalne-nagrade-vakufa-risala-za-skandinaviju\/\" \/>\n<meta property=\"og:site_name\" content=\"Sand\u017eak PRESS\" \/>\n<meta property=\"article:published_time\" content=\"2017-11-04T16:40:36+00:00\" \/>\n<meta property=\"article:modified_time\" content=\"2017-11-04T19:11:48+00:00\" \/>\n<meta property=\"og:image\" content=\"https:\/\/sandzakpress.net\/arhiva\/wp-content\/uploads\/2017\/11\/0-4-1.jpg\" \/>\n\t<meta property=\"og:image:width\" content=\"1280\" \/>\n\t<meta property=\"og:image:height\" content=\"720\" \/>\n\t<meta property=\"og:image:type\" content=\"image\/jpeg\" \/>\n<meta name=\"author\" content=\"Agencija\" \/>\n<meta name=\"twitter:card\" content=\"summary_large_image\" \/>\n<meta name=\"twitter:label1\" content=\"Written by\" \/>\n\t<meta name=\"twitter:data1\" content=\"Agencija\" \/>\n\t<meta name=\"twitter:label2\" content=\"Est. reading time\" \/>\n\t<meta name=\"twitter:data2\" content=\"1 minuta\" \/>\n<script type=\"application\/ld+json\" class=\"yoast-schema-graph\">{\"@context\":\"https:\/\/schema.org\",\"@graph\":[{\"@type\":\"Article\",\"@id\":\"https:\/\/sandzakpress.net\/arhiva\/dekan-fis-a-dobitnik-specijalne-nagrade-vakufa-risala-za-skandinaviju\/#article\",\"isPartOf\":{\"@id\":\"https:\/\/sandzakpress.net\/arhiva\/dekan-fis-a-dobitnik-specijalne-nagrade-vakufa-risala-za-skandinaviju\/\"},\"author\":{\"name\":\"Agencija\",\"@id\":\"https:\/\/sandzakpress.net\/arhiva\/#\/schema\/person\/cb59d7e3ab91ab90dd680ad0305a6185\"},\"headline\":\"Dekan FIS-a dobitnik specijalne nagrade Vakufa Risala za Skandinaviju\",\"datePublished\":\"2017-11-04T16:40:36+00:00\",\"dateModified\":\"2017-11-04T19:11:48+00:00\",\"mainEntityOfPage\":{\"@id\":\"https:\/\/sandzakpress.net\/arhiva\/dekan-fis-a-dobitnik-specijalne-nagrade-vakufa-risala-za-skandinaviju\/\"},\"wordCount\":138,\"commentCount\":0,\"publisher\":{\"@id\":\"https:\/\/sandzakpress.net\/arhiva\/#\/schema\/person\/6e72b67d6e51910a1117b3b483ba20bd\"},\"image\":{\"@id\":\"https:\/\/sandzakpress.net\/arhiva\/dekan-fis-a-dobitnik-specijalne-nagrade-vakufa-risala-za-skandinaviju\/#primaryimage\"},\"thumbnailUrl\":\"https:\/\/sandzakpress.net\/arhiva\/wp-content\/uploads\/2017\/11\/0-4-1.jpg\",\"articleSection\":[\"Novi Pazar\",\"Islamska zajednica\",\"VIJESTI DANA\",\"NAJNOVIJE\",\"VA\u017dNO!\"],\"inLanguage\":\"bs-BA\",\"potentialAction\":[{\"@type\":\"CommentAction\",\"name\":\"Comment\",\"target\":[\"https:\/\/sandzakpress.net\/arhiva\/dekan-fis-a-dobitnik-specijalne-nagrade-vakufa-risala-za-skandinaviju\/#respond\"]}]},{\"@type\":\"WebPage\",\"@id\":\"https:\/\/sandzakpress.net\/arhiva\/dekan-fis-a-dobitnik-specijalne-nagrade-vakufa-risala-za-skandinaviju\/\",\"url\":\"https:\/\/sandzakpress.net\/arhiva\/dekan-fis-a-dobitnik-specijalne-nagrade-vakufa-risala-za-skandinaviju\/\",\"name\":\"Dekan FIS-a dobitnik specijalne nagrade Vakufa Risala za Skandinaviju\",\"isPartOf\":{\"@id\":\"https:\/\/sandzakpress.net\/arhiva\/#website\"},\"primaryImageOfPage\":{\"@id\":\"https:\/\/sandzakpress.net\/arhiva\/dekan-fis-a-dobitnik-specijalne-nagrade-vakufa-risala-za-skandinaviju\/#primaryimage\"},\"image\":{\"@id\":\"https:\/\/sandzakpress.net\/arhiva\/dekan-fis-a-dobitnik-specijalne-nagrade-vakufa-risala-za-skandinaviju\/#primaryimage\"},\"thumbnailUrl\":\"https:\/\/sandzakpress.net\/arhiva\/wp-content\/uploads\/2017\/11\/0-4-1.jpg\",\"datePublished\":\"2017-11-04T16:40:36+00:00\",\"dateModified\":\"2017-11-04T19:11:48+00:00\",\"breadcrumb\":{\"@id\":\"https:\/\/sandzakpress.net\/arhiva\/dekan-fis-a-dobitnik-specijalne-nagrade-vakufa-risala-za-skandinaviju\/#breadcrumb\"},\"inLanguage\":\"bs-BA\",\"potentialAction\":[{\"@type\":\"ReadAction\",\"target\":[\"https:\/\/sandzakpress.net\/arhiva\/dekan-fis-a-dobitnik-specijalne-nagrade-vakufa-risala-za-skandinaviju\/\"]}]},{\"@type\":\"ImageObject\",\"inLanguage\":\"bs-BA\",\"@id\":\"https:\/\/sandzakpress.net\/arhiva\/dekan-fis-a-dobitnik-specijalne-nagrade-vakufa-risala-za-skandinaviju\/#primaryimage\",\"url\":\"https:\/\/sandzakpress.net\/arhiva\/wp-content\/uploads\/2017\/11\/0-4-1.jpg\",\"contentUrl\":\"https:\/\/sandzakpress.net\/arhiva\/wp-content\/uploads\/2017\/11\/0-4-1.jpg\",\"width\":1280,\"height\":720},{\"@type\":\"BreadcrumbList\",\"@id\":\"https:\/\/sandzakpress.net\/arhiva\/dekan-fis-a-dobitnik-specijalne-nagrade-vakufa-risala-za-skandinaviju\/#breadcrumb\",\"itemListElement\":[{\"@type\":\"ListItem\",\"position\":1,\"name\":\"Home\",\"item\":\"https:\/\/sandzakpress.net\/arhiva\/\"},{\"@type\":\"ListItem\",\"position\":2,\"name\":\"Dekan FIS-a dobitnik specijalne nagrade Vakufa Risala za Skandinaviju\"}]},{\"@type\":\"WebSite\",\"@id\":\"https:\/\/sandzakpress.net\/arhiva\/#website\",\"url\":\"https:\/\/sandzakpress.net\/arhiva\/\",\"name\":\"Sand\u017eak PRESS\",\"description\":\"Prve elektronske novine u Sand\u017eaku\",\"publisher\":{\"@id\":\"https:\/\/sandzakpress.net\/arhiva\/#\/schema\/person\/6e72b67d6e51910a1117b3b483ba20bd\"},\"potentialAction\":[{\"@type\":\"SearchAction\",\"target\":{\"@type\":\"EntryPoint\",\"urlTemplate\":\"https:\/\/sandzakpress.net\/arhiva\/?s={search_term_string}\"},\"query-input\":{\"@type\":\"PropertyValueSpecification\",\"valueRequired\":true,\"valueName\":\"search_term_string\"}}],\"inLanguage\":\"bs-BA\"},{\"@type\":[\"Person\",\"Organization\"],\"@id\":\"https:\/\/sandzakpress.net\/arhiva\/#\/schema\/person\/6e72b67d6e51910a1117b3b483ba20bd\",\"name\":\"Kul\",\"image\":{\"@type\":\"ImageObject\",\"inLanguage\":\"bs-BA\",\"@id\":\"https:\/\/sandzakpress.net\/arhiva\/#\/schema\/person\/image\/\",\"url\":\"https:\/\/secure.gravatar.com\/avatar\/42263f39aa27ac04c43cab85c280eb2e?s=96&d=mm&r=pg\",\"contentUrl\":\"https:\/\/secure.gravatar.com\/avatar\/42263f39aa27ac04c43cab85c280eb2e?s=96&d=mm&r=pg\",\"caption\":\"Kul\"},\"logo\":{\"@id\":\"https:\/\/sandzakpress.net\/arhiva\/#\/schema\/person\/image\/\"}},{\"@type\":\"Person\",\"@id\":\"https:\/\/sandzakpress.net\/arhiva\/#\/schema\/person\/cb59d7e3ab91ab90dd680ad0305a6185\",\"name\":\"Agencija\",\"image\":{\"@type\":\"ImageObject\",\"inLanguage\":\"bs-BA\",\"@id\":\"https:\/\/sandzakpress.net\/arhiva\/#\/schema\/person\/image\/\",\"url\":\"https:\/\/secure.gravatar.com\/avatar\/4b7fafa80a22f0c2afe23966b3961fe0?s=96&d=mm&r=pg\",\"contentUrl\":\"https:\/\/secure.gravatar.com\/avatar\/4b7fafa80a22f0c2afe23966b3961fe0?s=96&d=mm&r=pg\",\"caption\":\"Agencija\"},\"url\":\"https:\/\/sandzakpress.net\/arhiva\/author\/agencija\/\"}]}<\/script>\n<!-- \/ Yoast SEO Premium plugin. -->","yoast_head_json":{"title":"Dekan FIS-a dobitnik specijalne nagrade Vakufa Risala za Skandinaviju","robots":{"index":"index","follow":"follow","max-snippet":"max-snippet:-1","max-image-preview":"max-image-preview:large","max-video-preview":"max-video-preview:-1"},"canonical":"https:\/\/sandzakpress.net\/arhiva\/dekan-fis-a-dobitnik-specijalne-nagrade-vakufa-risala-za-skandinaviju\/","og_locale":"bs_BA","og_type":"article","og_title":"Dekan FIS-a dobitnik specijalne nagrade Vakufa Risala za Skandinaviju","og_description":"Dekan Fakulteta za islamske studije u Novom Pazaru, prof.dr. Enver ef. Gici\u0107, od 2. do 6. novembra 2017. godine boravi u \u0160vedskoj, na poziv islamske organizacije Vakuf Risala za Skandinaviju, gdje \u0107e u subotu, 4. novembra, uzeti u\u010de\u0161\u0107a na nau\u010dnoj konferenciji: Uloga vakufa u afirmaciji islamskih vrijednosti u Skandinaviji, sa temom: \u201eZna\u010daj vakufa na polju [&hellip;]","og_url":"https:\/\/sandzakpress.net\/arhiva\/dekan-fis-a-dobitnik-specijalne-nagrade-vakufa-risala-za-skandinaviju\/","og_site_name":"Sand\u017eak PRESS","article_published_time":"2017-11-04T16:40:36+00:00","article_modified_time":"2017-11-04T19:11:48+00:00","og_image":[{"width":1280,"height":720,"url":"https:\/\/sandzakpress.net\/arhiva\/wp-content\/uploads\/2017\/11\/0-4-1.jpg","type":"image\/jpeg"}],"author":"Agencija","twitter_card":"summary_large_image","twitter_misc":{"Written by":"Agencija","Est. reading time":"1 minuta"},"schema":{"@context":"https:\/\/schema.org","@graph":[{"@type":"Article","@id":"https:\/\/sandzakpress.net\/arhiva\/dekan-fis-a-dobitnik-specijalne-nagrade-vakufa-risala-za-skandinaviju\/#article","isPartOf":{"@id":"https:\/\/sandzakpress.net\/arhiva\/dekan-fis-a-dobitnik-specijalne-nagrade-vakufa-risala-za-skandinaviju\/"},"author":{"name":"Agencija","@id":"https:\/\/sandzakpress.net\/arhiva\/#\/schema\/person\/cb59d7e3ab91ab90dd680ad0305a6185"},"headline":"Dekan FIS-a dobitnik specijalne nagrade Vakufa Risala za Skandinaviju","datePublished":"2017-11-04T16:40:36+00:00","dateModified":"2017-11-04T19:11:48+00:00","mainEntityOfPage":{"@id":"https:\/\/sandzakpress.net\/arhiva\/dekan-fis-a-dobitnik-specijalne-nagrade-vakufa-risala-za-skandinaviju\/"},"wordCount":138,"commentCount":0,"publisher":{"@id":"https:\/\/sandzakpress.net\/arhiva\/#\/schema\/person\/6e72b67d6e51910a1117b3b483ba20bd"},"image":{"@id":"https:\/\/sandzakpress.net\/arhiva\/dekan-fis-a-dobitnik-specijalne-nagrade-vakufa-risala-za-skandinaviju\/#primaryimage"},"thumbnailUrl":"https:\/\/sandzakpress.net\/arhiva\/wp-content\/uploads\/2017\/11\/0-4-1.jpg","articleSection":["Novi Pazar","Islamska zajednica","VIJESTI DANA","NAJNOVIJE","VA\u017dNO!"],"inLanguage":"bs-BA","potentialAction":[{"@type":"CommentAction","name":"Comment","target":["https:\/\/sandzakpress.net\/arhiva\/dekan-fis-a-dobitnik-specijalne-nagrade-vakufa-risala-za-skandinaviju\/#respond"]}]},{"@type":"WebPage","@id":"https:\/\/sandzakpress.net\/arhiva\/dekan-fis-a-dobitnik-specijalne-nagrade-vakufa-risala-za-skandinaviju\/","url":"https:\/\/sandzakpress.net\/arhiva\/dekan-fis-a-dobitnik-specijalne-nagrade-vakufa-risala-za-skandinaviju\/","name":"Dekan FIS-a dobitnik specijalne nagrade Vakufa Risala za Skandinaviju","isPartOf":{"@id":"https:\/\/sandzakpress.net\/arhiva\/#website"},"primaryImageOfPage":{"@id":"https:\/\/sandzakpress.net\/arhiva\/dekan-fis-a-dobitnik-specijalne-nagrade-vakufa-risala-za-skandinaviju\/#primaryimage"},"image":{"@id":"https:\/\/sandzakpress.net\/arhiva\/dekan-fis-a-dobitnik-specijalne-nagrade-vakufa-risala-za-skandinaviju\/#primaryimage"},"thumbnailUrl":"https:\/\/sandzakpress.net\/arhiva\/wp-content\/uploads\/2017\/11\/0-4-1.jpg","datePublished":"2017-11-04T16:40:36+00:00","dateModified":"2017-11-04T19:11:48+00:00","breadcrumb":{"@id":"https:\/\/sandzakpress.net\/arhiva\/dekan-fis-a-dobitnik-specijalne-nagrade-vakufa-risala-za-skandinaviju\/#breadcrumb"},"inLanguage":"bs-BA","potentialAction":[{"@type":"ReadAction","target":["https:\/\/sandzakpress.net\/arhiva\/dekan-fis-a-dobitnik-specijalne-nagrade-vakufa-risala-za-skandinaviju\/"]}]},{"@type":"ImageObject","inLanguage":"bs-BA","@id":"https:\/\/sandzakpress.net\/arhiva\/dekan-fis-a-dobitnik-specijalne-nagrade-vakufa-risala-za-skandinaviju\/#primaryimage","url":"https:\/\/sandzakpress.net\/arhiva\/wp-content\/uploads\/2017\/11\/0-4-1.jpg","contentUrl":"https:\/\/sandzakpress.net\/arhiva\/wp-content\/uploads\/2017\/11\/0-4-1.jpg","width":1280,"height":720},{"@type":"BreadcrumbList","@id":"https:\/\/sandzakpress.net\/arhiva\/dekan-fis-a-dobitnik-specijalne-nagrade-vakufa-risala-za-skandinaviju\/#breadcrumb","itemListElement":[{"@type":"ListItem","position":1,"name":"Home","item":"https:\/\/sandzakpress.net\/arhiva\/"},{"@type":"ListItem","position":2,"name":"Dekan FIS-a dobitnik specijalne nagrade Vakufa Risala za Skandinaviju"}]},{"@type":"WebSite","@id":"https:\/\/sandzakpress.net\/arhiva\/#website","url":"https:\/\/sandzakpress.net\/arhiva\/","name":"Sand\u017eak PRESS","description":"Prve elektronske novine u Sand\u017eaku","publisher":{"@id":"https:\/\/sandzakpress.net\/arhiva\/#\/schema\/person\/6e72b67d6e51910a1117b3b483ba20bd"},"potentialAction":[{"@type":"SearchAction","target":{"@type":"EntryPoint","urlTemplate":"https:\/\/sandzakpress.net\/arhiva\/?s={search_term_string}"},"query-input":{"@type":"PropertyValueSpecification","valueRequired":true,"valueName":"search_term_string"}}],"inLanguage":"bs-BA"},{"@type":["Person","Organization"],"@id":"https:\/\/sandzakpress.net\/arhiva\/#\/schema\/person\/6e72b67d6e51910a1117b3b483ba20bd","name":"Kul","image":{"@type":"ImageObject","inLanguage":"bs-BA","@id":"https:\/\/sandzakpress.net\/arhiva\/#\/schema\/person\/image\/","url":"https:\/\/secure.gravatar.com\/avatar\/42263f39aa27ac04c43cab85c280eb2e?s=96&d=mm&r=pg","contentUrl":"https:\/\/secure.gravatar.com\/avatar\/42263f39aa27ac04c43cab85c280eb2e?s=96&d=mm&r=pg","caption":"Kul"},"logo":{"@id":"https:\/\/sandzakpress.net\/arhiva\/#\/schema\/person\/image\/"}},{"@type":"Person","@id":"https:\/\/sandzakpress.net\/arhiva\/#\/schema\/person\/cb59d7e3ab91ab90dd680ad0305a6185","name":"Agencija","image":{"@type":"ImageObject","inLanguage":"bs-BA","@id":"https:\/\/sandzakpress.net\/arhiva\/#\/schema\/person\/image\/","url":"https:\/\/secure.gravatar.com\/avatar\/4b7fafa80a22f0c2afe23966b3961fe0?s=96&d=mm&r=pg","contentUrl":"https:\/\/secure.gravatar.com\/avatar\/4b7fafa80a22f0c2afe23966b3961fe0?s=96&d=mm&r=pg","caption":"Agencija"},"url":"https:\/\/sandzakpress.net\/arhiva\/author\/agencija\/"}]}},"_links":{"self":[{"href":"https:\/\/sandzakpress.net\/arhiva\/wp-json\/wp\/v2\/posts\/198012"}],"collection":[{"href":"https:\/\/sandzakpress.net\/arhiva\/wp-json\/wp\/v2\/posts"}],"about":[{"href":"https:\/\/sandzakpress.net\/arhiva\/wp-json\/wp\/v2\/types\/post"}],"author":[{"embeddable":true,"href":"https:\/\/sandzakpress.net\/arhiva\/wp-json\/wp\/v2\/users\/509"}],"replies":[{"embeddable":true,"href":"https:\/\/sandzakpress.net\/arhiva\/wp-json\/wp\/v2\/comments?post=198012"}],"version-history":[{"count":0,"href":"https:\/\/sandzakpress.net\/arhiva\/wp-json\/wp\/v2\/posts\/198012\/revisions"}],"wp:featuredmedia":[{"embeddable":true,"href":"https:\/\/sandzakpress.net\/arhiva\/wp-json\/wp\/v2\/media\/198018"}],"wp:attachment":[{"href":"https:\/\/sandzakpress.net\/arhiva\/wp-json\/wp\/v2\/media?parent=198012"}],"wp:term":[{"taxonomy":"category","embeddable":true,"href":"https:\/\/sandzakpress.net\/arhiva\/wp-json\/wp\/v2\/categories?post=198012"},{"taxonomy":"post_tag","embeddable":true,"href":"https:\/\/sandzakpress.net\/arhiva\/wp-json\/wp\/v2\/tags?post=198012"}],"curies":[{"name":"wp","href":"https:\/\/api.w.org\/{rel}","templated":true}]}}