{"id":197829,"date":"2017-11-01T12:47:26","date_gmt":"2017-11-01T11:47:26","guid":{"rendered":"https:\/\/sandzakpress.net\/arhiva\/?p=197829"},"modified":"2017-11-01T14:38:33","modified_gmt":"2017-11-01T13:38:33","slug":"bakic-ministar-stefanovic-posetio-je-porodicu-skarep-dobio-je-lazne-informacije-iz-pu-tutin-i-izvinuo-se-za-svoje-izjave","status":"publish","type":"post","link":"https:\/\/sandzakpress.net\/arhiva\/bakic-ministar-stefanovic-posetio-je-porodicu-skarep-dobio-je-lazne-informacije-iz-pu-tutin-i-izvinuo-se-za-svoje-izjave\/","title":{"rendered":"Baki\u0107: Ministar Stefanovi\u0107 posjetio je porodicu Skarep! Dobio je la\u017ene informacije iz PU Tutin i izvinio se za svoje izjave!"},"content":{"rendered":"<p><strong><img decoding=\"async\" src=\"http:\/\/saznajemo.net\/wp-content\/uploads\/2017\/10\/img_20171031_2021051102989549.png\" \/><\/strong><\/p>\n<p><strong>\u010celnik NVO Zambak iz Tutina i organizator protestnog skupa povodom ubistva Fahrudina Skarepa iz Tutina od strane tamo\u0161njeg policajca Beloice, Naser Baki\u0107, objavio je na svom facebook profilu da je ministar Policije Neboj\u0161a Stefanovi\u0107 posjetio porodicu Skarep i izvinio se zbog svojih izjava povodom ubistva Skarepa.<\/strong><\/p>\n<p>Baki\u0107 navodi da je dana 28.10.2017. godine, ministar Neboj\u0161a Stefanovi\u0107 je sa svojim saradnicima posjetio porodicu Skarep u selo Pokrvenik i izvinuo se za izjavu i ubistvo.<\/p>\n<p>Kako je rekao Stefanovi\u0107, a tvrdi Baki\u0107 on je kazao ,, Dobio sam la\u017ene informacije iz PS Tutin i jako mi je \u017eao zbog moje izjave zato sam do\u0161ao da se izvinem li\u010dno, va\u0161 sin je stradao nevin,,.<\/p>\n<p>Baki\u0107 dalje navodi da se radi o va\u017enoj vijesti jer je Ministar Stefanovi\u0107 obe\u0107ao da to u\u010dini i zbog toga nismo do sada imali proteste.<\/p>\n<h3>SMIJENJEN NA\u010cELNIK PU TUTIN?<\/h3>\n<p>\u010cekamo jo\u0161 najva\u017eniji zahtjev smjene na\u010delnika i komandira za koju imamo informaciju da su smijenjeni ali nam nije potvr\u0111eno zbog navodne bezbjednosti na\u010delnika i komandira PS Tutin, zaklju\u010dio je Baki\u0107 u svojoj objavi.<\/p>\n<p><iframe loading=\"lazy\" src=\"https:\/\/www.facebook.com\/plugins\/post.php?href=https%3A%2F%2Fwww.facebook.com%2Fnovostii.sandzakaa%2Fposts%2F286883158491073&amp;width=500\" width=\"500\" height=\"537\" frameborder=\"0\" scrolling=\"no\" data-mce-fragment=\"1\"><\/iframe><\/p>\n","protected":false},"excerpt":{"rendered":"<p>\u010celnik NVO Zambak iz Tutina i organizator protestnog skupa povodom ubistva Fahrudina Skarepa iz Tutina od strane tamo\u0161njeg policajca Beloice, Naser Baki\u0107, objavio je na svom facebook profilu da je ministar Policije Neboj\u0161a Stefanovi\u0107 posjetio porodicu Skarep i izvinio se zbog svojih izjava povodom ubistva Skarepa. Baki\u0107 navodi da je dana 28.10.2017. godine, ministar Neboj\u0161a [&hellip;]<\/p>\n","protected":false},"author":509,"featured_media":197830,"comment_status":"open","ping_status":"open","sticky":false,"template":"","format":"standard","meta":{"footnotes":""},"categories":[72,327,5,8957],"tags":[],"class_list":{"0":"post-197829","1":"post","2":"type-post","3":"status-publish","4":"format-standard","5":"has-post-thumbnail","7":"category-novi-pazar","8":"category-tutin","9":"category-drustvo","10":"category-vijesti-dana"},"yoast_head":"<!-- This site is optimized with the Yoast SEO Premium plugin v23.1 (Yoast SEO v24.9) - https:\/\/yoast.com\/wordpress\/plugins\/seo\/ -->\n<title>Baki\u0107: Ministar Stefanovi\u0107 posjetio je porodicu Skarep! Dobio je la\u017ene informacije iz PU Tutin i izvinio se za svoje izjave!<\/title>\n<meta name=\"robots\" content=\"index, follow, max-snippet:-1, max-image-preview:large, max-video-preview:-1\" \/>\n<link rel=\"canonical\" href=\"https:\/\/sandzakpress.net\/arhiva\/bakic-ministar-stefanovic-posetio-je-porodicu-skarep-dobio-je-lazne-informacije-iz-pu-tutin-i-izvinuo-se-za-svoje-izjave\/\" \/>\n<meta property=\"og:locale\" content=\"bs_BA\" \/>\n<meta property=\"og:type\" content=\"article\" \/>\n<meta property=\"og:title\" content=\"Baki\u0107: Ministar Stefanovi\u0107 posjetio je porodicu Skarep! Dobio je la\u017ene informacije iz PU Tutin i izvinio se za svoje izjave!\" \/>\n<meta property=\"og:description\" content=\"\u010celnik NVO Zambak iz Tutina i organizator protestnog skupa povodom ubistva Fahrudina Skarepa iz Tutina od strane tamo\u0161njeg policajca Beloice, Naser Baki\u0107, objavio je na svom facebook profilu da je ministar Policije Neboj\u0161a Stefanovi\u0107 posjetio porodicu Skarep i izvinio se zbog svojih izjava povodom ubistva Skarepa. Baki\u0107 navodi da je dana 28.10.2017. godine, ministar Neboj\u0161a [&hellip;]\" \/>\n<meta property=\"og:url\" content=\"https:\/\/sandzakpress.net\/arhiva\/bakic-ministar-stefanovic-posetio-je-porodicu-skarep-dobio-je-lazne-informacije-iz-pu-tutin-i-izvinuo-se-za-svoje-izjave\/\" \/>\n<meta property=\"og:site_name\" content=\"Sand\u017eak PRESS\" \/>\n<meta property=\"article:published_time\" content=\"2017-11-01T11:47:26+00:00\" \/>\n<meta property=\"article:modified_time\" content=\"2017-11-01T13:38:33+00:00\" \/>\n<meta property=\"og:image\" content=\"https:\/\/sandzakpress.net\/arhiva\/wp-content\/uploads\/2017\/11\/img_20171031_2021051102989549.png\" \/>\n\t<meta property=\"og:image:width\" content=\"1080\" \/>\n\t<meta property=\"og:image:height\" content=\"558\" \/>\n\t<meta property=\"og:image:type\" content=\"image\/png\" \/>\n<meta name=\"author\" content=\"Agencija\" \/>\n<meta name=\"twitter:card\" content=\"summary_large_image\" \/>\n<meta name=\"twitter:label1\" content=\"Written by\" \/>\n\t<meta name=\"twitter:data1\" content=\"Agencija\" \/>\n\t<meta name=\"twitter:label2\" content=\"Est. reading time\" \/>\n\t<meta name=\"twitter:data2\" content=\"1 minuta\" \/>\n<script type=\"application\/ld+json\" class=\"yoast-schema-graph\">{\"@context\":\"https:\/\/schema.org\",\"@graph\":[{\"@type\":\"Article\",\"@id\":\"https:\/\/sandzakpress.net\/arhiva\/bakic-ministar-stefanovic-posetio-je-porodicu-skarep-dobio-je-lazne-informacije-iz-pu-tutin-i-izvinuo-se-za-svoje-izjave\/#article\",\"isPartOf\":{\"@id\":\"https:\/\/sandzakpress.net\/arhiva\/bakic-ministar-stefanovic-posetio-je-porodicu-skarep-dobio-je-lazne-informacije-iz-pu-tutin-i-izvinuo-se-za-svoje-izjave\/\"},\"author\":{\"name\":\"Agencija\",\"@id\":\"https:\/\/sandzakpress.net\/arhiva\/#\/schema\/person\/cb59d7e3ab91ab90dd680ad0305a6185\"},\"headline\":\"Baki\u0107: Ministar Stefanovi\u0107 posjetio je porodicu Skarep! Dobio je la\u017ene informacije iz PU Tutin i izvinio se za svoje izjave!\",\"datePublished\":\"2017-11-01T11:47:26+00:00\",\"dateModified\":\"2017-11-01T13:38:33+00:00\",\"mainEntityOfPage\":{\"@id\":\"https:\/\/sandzakpress.net\/arhiva\/bakic-ministar-stefanovic-posetio-je-porodicu-skarep-dobio-je-lazne-informacije-iz-pu-tutin-i-izvinuo-se-za-svoje-izjave\/\"},\"wordCount\":207,\"commentCount\":17,\"publisher\":{\"@id\":\"https:\/\/sandzakpress.net\/arhiva\/#\/schema\/person\/6e72b67d6e51910a1117b3b483ba20bd\"},\"image\":{\"@id\":\"https:\/\/sandzakpress.net\/arhiva\/bakic-ministar-stefanovic-posetio-je-porodicu-skarep-dobio-je-lazne-informacije-iz-pu-tutin-i-izvinuo-se-za-svoje-izjave\/#primaryimage\"},\"thumbnailUrl\":\"https:\/\/sandzakpress.net\/arhiva\/wp-content\/uploads\/2017\/11\/img_20171031_2021051102989549.png\",\"articleSection\":[\"Novi Pazar\",\"Tutin\",\"Dru\u0161tvo\",\"VIJESTI DANA\"],\"inLanguage\":\"bs-BA\",\"potentialAction\":[{\"@type\":\"CommentAction\",\"name\":\"Comment\",\"target\":[\"https:\/\/sandzakpress.net\/arhiva\/bakic-ministar-stefanovic-posetio-je-porodicu-skarep-dobio-je-lazne-informacije-iz-pu-tutin-i-izvinuo-se-za-svoje-izjave\/#respond\"]}]},{\"@type\":\"WebPage\",\"@id\":\"https:\/\/sandzakpress.net\/arhiva\/bakic-ministar-stefanovic-posetio-je-porodicu-skarep-dobio-je-lazne-informacije-iz-pu-tutin-i-izvinuo-se-za-svoje-izjave\/\",\"url\":\"https:\/\/sandzakpress.net\/arhiva\/bakic-ministar-stefanovic-posetio-je-porodicu-skarep-dobio-je-lazne-informacije-iz-pu-tutin-i-izvinuo-se-za-svoje-izjave\/\",\"name\":\"Baki\u0107: Ministar Stefanovi\u0107 posjetio je porodicu Skarep! Dobio je la\u017ene informacije iz PU Tutin i izvinio se za svoje izjave!\",\"isPartOf\":{\"@id\":\"https:\/\/sandzakpress.net\/arhiva\/#website\"},\"primaryImageOfPage\":{\"@id\":\"https:\/\/sandzakpress.net\/arhiva\/bakic-ministar-stefanovic-posetio-je-porodicu-skarep-dobio-je-lazne-informacije-iz-pu-tutin-i-izvinuo-se-za-svoje-izjave\/#primaryimage\"},\"image\":{\"@id\":\"https:\/\/sandzakpress.net\/arhiva\/bakic-ministar-stefanovic-posetio-je-porodicu-skarep-dobio-je-lazne-informacije-iz-pu-tutin-i-izvinuo-se-za-svoje-izjave\/#primaryimage\"},\"thumbnailUrl\":\"https:\/\/sandzakpress.net\/arhiva\/wp-content\/uploads\/2017\/11\/img_20171031_2021051102989549.png\",\"datePublished\":\"2017-11-01T11:47:26+00:00\",\"dateModified\":\"2017-11-01T13:38:33+00:00\",\"breadcrumb\":{\"@id\":\"https:\/\/sandzakpress.net\/arhiva\/bakic-ministar-stefanovic-posetio-je-porodicu-skarep-dobio-je-lazne-informacije-iz-pu-tutin-i-izvinuo-se-za-svoje-izjave\/#breadcrumb\"},\"inLanguage\":\"bs-BA\",\"potentialAction\":[{\"@type\":\"ReadAction\",\"target\":[\"https:\/\/sandzakpress.net\/arhiva\/bakic-ministar-stefanovic-posetio-je-porodicu-skarep-dobio-je-lazne-informacije-iz-pu-tutin-i-izvinuo-se-za-svoje-izjave\/\"]}]},{\"@type\":\"ImageObject\",\"inLanguage\":\"bs-BA\",\"@id\":\"https:\/\/sandzakpress.net\/arhiva\/bakic-ministar-stefanovic-posetio-je-porodicu-skarep-dobio-je-lazne-informacije-iz-pu-tutin-i-izvinuo-se-za-svoje-izjave\/#primaryimage\",\"url\":\"https:\/\/sandzakpress.net\/arhiva\/wp-content\/uploads\/2017\/11\/img_20171031_2021051102989549.png\",\"contentUrl\":\"https:\/\/sandzakpress.net\/arhiva\/wp-content\/uploads\/2017\/11\/img_20171031_2021051102989549.png\",\"width\":1080,\"height\":558},{\"@type\":\"BreadcrumbList\",\"@id\":\"https:\/\/sandzakpress.net\/arhiva\/bakic-ministar-stefanovic-posetio-je-porodicu-skarep-dobio-je-lazne-informacije-iz-pu-tutin-i-izvinuo-se-za-svoje-izjave\/#breadcrumb\",\"itemListElement\":[{\"@type\":\"ListItem\",\"position\":1,\"name\":\"Home\",\"item\":\"https:\/\/sandzakpress.net\/arhiva\/\"},{\"@type\":\"ListItem\",\"position\":2,\"name\":\"Baki\u0107: Ministar Stefanovi\u0107 posjetio je porodicu Skarep! Dobio je la\u017ene informacije iz PU Tutin i izvinio se za svoje izjave!\"}]},{\"@type\":\"WebSite\",\"@id\":\"https:\/\/sandzakpress.net\/arhiva\/#website\",\"url\":\"https:\/\/sandzakpress.net\/arhiva\/\",\"name\":\"Sand\u017eak PRESS\",\"description\":\"Prve elektronske novine u Sand\u017eaku\",\"publisher\":{\"@id\":\"https:\/\/sandzakpress.net\/arhiva\/#\/schema\/person\/6e72b67d6e51910a1117b3b483ba20bd\"},\"potentialAction\":[{\"@type\":\"SearchAction\",\"target\":{\"@type\":\"EntryPoint\",\"urlTemplate\":\"https:\/\/sandzakpress.net\/arhiva\/?s={search_term_string}\"},\"query-input\":{\"@type\":\"PropertyValueSpecification\",\"valueRequired\":true,\"valueName\":\"search_term_string\"}}],\"inLanguage\":\"bs-BA\"},{\"@type\":[\"Person\",\"Organization\"],\"@id\":\"https:\/\/sandzakpress.net\/arhiva\/#\/schema\/person\/6e72b67d6e51910a1117b3b483ba20bd\",\"name\":\"Kul\",\"image\":{\"@type\":\"ImageObject\",\"inLanguage\":\"bs-BA\",\"@id\":\"https:\/\/sandzakpress.net\/arhiva\/#\/schema\/person\/image\/\",\"url\":\"https:\/\/secure.gravatar.com\/avatar\/42263f39aa27ac04c43cab85c280eb2e?s=96&d=mm&r=pg\",\"contentUrl\":\"https:\/\/secure.gravatar.com\/avatar\/42263f39aa27ac04c43cab85c280eb2e?s=96&d=mm&r=pg\",\"caption\":\"Kul\"},\"logo\":{\"@id\":\"https:\/\/sandzakpress.net\/arhiva\/#\/schema\/person\/image\/\"}},{\"@type\":\"Person\",\"@id\":\"https:\/\/sandzakpress.net\/arhiva\/#\/schema\/person\/cb59d7e3ab91ab90dd680ad0305a6185\",\"name\":\"Agencija\",\"image\":{\"@type\":\"ImageObject\",\"inLanguage\":\"bs-BA\",\"@id\":\"https:\/\/sandzakpress.net\/arhiva\/#\/schema\/person\/image\/\",\"url\":\"https:\/\/secure.gravatar.com\/avatar\/4b7fafa80a22f0c2afe23966b3961fe0?s=96&d=mm&r=pg\",\"contentUrl\":\"https:\/\/secure.gravatar.com\/avatar\/4b7fafa80a22f0c2afe23966b3961fe0?s=96&d=mm&r=pg\",\"caption\":\"Agencija\"},\"url\":\"https:\/\/sandzakpress.net\/arhiva\/author\/agencija\/\"}]}<\/script>\n<!-- \/ Yoast SEO Premium plugin. -->","yoast_head_json":{"title":"Baki\u0107: Ministar Stefanovi\u0107 posjetio je porodicu Skarep! Dobio je la\u017ene informacije iz PU Tutin i izvinio se za svoje izjave!","robots":{"index":"index","follow":"follow","max-snippet":"max-snippet:-1","max-image-preview":"max-image-preview:large","max-video-preview":"max-video-preview:-1"},"canonical":"https:\/\/sandzakpress.net\/arhiva\/bakic-ministar-stefanovic-posetio-je-porodicu-skarep-dobio-je-lazne-informacije-iz-pu-tutin-i-izvinuo-se-za-svoje-izjave\/","og_locale":"bs_BA","og_type":"article","og_title":"Baki\u0107: Ministar Stefanovi\u0107 posjetio je porodicu Skarep! Dobio je la\u017ene informacije iz PU Tutin i izvinio se za svoje izjave!","og_description":"\u010celnik NVO Zambak iz Tutina i organizator protestnog skupa povodom ubistva Fahrudina Skarepa iz Tutina od strane tamo\u0161njeg policajca Beloice, Naser Baki\u0107, objavio je na svom facebook profilu da je ministar Policije Neboj\u0161a Stefanovi\u0107 posjetio porodicu Skarep i izvinio se zbog svojih izjava povodom ubistva Skarepa. Baki\u0107 navodi da je dana 28.10.2017. godine, ministar Neboj\u0161a [&hellip;]","og_url":"https:\/\/sandzakpress.net\/arhiva\/bakic-ministar-stefanovic-posetio-je-porodicu-skarep-dobio-je-lazne-informacije-iz-pu-tutin-i-izvinuo-se-za-svoje-izjave\/","og_site_name":"Sand\u017eak PRESS","article_published_time":"2017-11-01T11:47:26+00:00","article_modified_time":"2017-11-01T13:38:33+00:00","og_image":[{"width":1080,"height":558,"url":"https:\/\/sandzakpress.net\/arhiva\/wp-content\/uploads\/2017\/11\/img_20171031_2021051102989549.png","type":"image\/png"}],"author":"Agencija","twitter_card":"summary_large_image","twitter_misc":{"Written by":"Agencija","Est. reading time":"1 minuta"},"schema":{"@context":"https:\/\/schema.org","@graph":[{"@type":"Article","@id":"https:\/\/sandzakpress.net\/arhiva\/bakic-ministar-stefanovic-posetio-je-porodicu-skarep-dobio-je-lazne-informacije-iz-pu-tutin-i-izvinuo-se-za-svoje-izjave\/#article","isPartOf":{"@id":"https:\/\/sandzakpress.net\/arhiva\/bakic-ministar-stefanovic-posetio-je-porodicu-skarep-dobio-je-lazne-informacije-iz-pu-tutin-i-izvinuo-se-za-svoje-izjave\/"},"author":{"name":"Agencija","@id":"https:\/\/sandzakpress.net\/arhiva\/#\/schema\/person\/cb59d7e3ab91ab90dd680ad0305a6185"},"headline":"Baki\u0107: Ministar Stefanovi\u0107 posjetio je porodicu Skarep! Dobio je la\u017ene informacije iz PU Tutin i izvinio se za svoje izjave!","datePublished":"2017-11-01T11:47:26+00:00","dateModified":"2017-11-01T13:38:33+00:00","mainEntityOfPage":{"@id":"https:\/\/sandzakpress.net\/arhiva\/bakic-ministar-stefanovic-posetio-je-porodicu-skarep-dobio-je-lazne-informacije-iz-pu-tutin-i-izvinuo-se-za-svoje-izjave\/"},"wordCount":207,"commentCount":17,"publisher":{"@id":"https:\/\/sandzakpress.net\/arhiva\/#\/schema\/person\/6e72b67d6e51910a1117b3b483ba20bd"},"image":{"@id":"https:\/\/sandzakpress.net\/arhiva\/bakic-ministar-stefanovic-posetio-je-porodicu-skarep-dobio-je-lazne-informacije-iz-pu-tutin-i-izvinuo-se-za-svoje-izjave\/#primaryimage"},"thumbnailUrl":"https:\/\/sandzakpress.net\/arhiva\/wp-content\/uploads\/2017\/11\/img_20171031_2021051102989549.png","articleSection":["Novi Pazar","Tutin","Dru\u0161tvo","VIJESTI DANA"],"inLanguage":"bs-BA","potentialAction":[{"@type":"CommentAction","name":"Comment","target":["https:\/\/sandzakpress.net\/arhiva\/bakic-ministar-stefanovic-posetio-je-porodicu-skarep-dobio-je-lazne-informacije-iz-pu-tutin-i-izvinuo-se-za-svoje-izjave\/#respond"]}]},{"@type":"WebPage","@id":"https:\/\/sandzakpress.net\/arhiva\/bakic-ministar-stefanovic-posetio-je-porodicu-skarep-dobio-je-lazne-informacije-iz-pu-tutin-i-izvinuo-se-za-svoje-izjave\/","url":"https:\/\/sandzakpress.net\/arhiva\/bakic-ministar-stefanovic-posetio-je-porodicu-skarep-dobio-je-lazne-informacije-iz-pu-tutin-i-izvinuo-se-za-svoje-izjave\/","name":"Baki\u0107: Ministar Stefanovi\u0107 posjetio je porodicu Skarep! Dobio je la\u017ene informacije iz PU Tutin i izvinio se za svoje izjave!","isPartOf":{"@id":"https:\/\/sandzakpress.net\/arhiva\/#website"},"primaryImageOfPage":{"@id":"https:\/\/sandzakpress.net\/arhiva\/bakic-ministar-stefanovic-posetio-je-porodicu-skarep-dobio-je-lazne-informacije-iz-pu-tutin-i-izvinuo-se-za-svoje-izjave\/#primaryimage"},"image":{"@id":"https:\/\/sandzakpress.net\/arhiva\/bakic-ministar-stefanovic-posetio-je-porodicu-skarep-dobio-je-lazne-informacije-iz-pu-tutin-i-izvinuo-se-za-svoje-izjave\/#primaryimage"},"thumbnailUrl":"https:\/\/sandzakpress.net\/arhiva\/wp-content\/uploads\/2017\/11\/img_20171031_2021051102989549.png","datePublished":"2017-11-01T11:47:26+00:00","dateModified":"2017-11-01T13:38:33+00:00","breadcrumb":{"@id":"https:\/\/sandzakpress.net\/arhiva\/bakic-ministar-stefanovic-posetio-je-porodicu-skarep-dobio-je-lazne-informacije-iz-pu-tutin-i-izvinuo-se-za-svoje-izjave\/#breadcrumb"},"inLanguage":"bs-BA","potentialAction":[{"@type":"ReadAction","target":["https:\/\/sandzakpress.net\/arhiva\/bakic-ministar-stefanovic-posetio-je-porodicu-skarep-dobio-je-lazne-informacije-iz-pu-tutin-i-izvinuo-se-za-svoje-izjave\/"]}]},{"@type":"ImageObject","inLanguage":"bs-BA","@id":"https:\/\/sandzakpress.net\/arhiva\/bakic-ministar-stefanovic-posetio-je-porodicu-skarep-dobio-je-lazne-informacije-iz-pu-tutin-i-izvinuo-se-za-svoje-izjave\/#primaryimage","url":"https:\/\/sandzakpress.net\/arhiva\/wp-content\/uploads\/2017\/11\/img_20171031_2021051102989549.png","contentUrl":"https:\/\/sandzakpress.net\/arhiva\/wp-content\/uploads\/2017\/11\/img_20171031_2021051102989549.png","width":1080,"height":558},{"@type":"BreadcrumbList","@id":"https:\/\/sandzakpress.net\/arhiva\/bakic-ministar-stefanovic-posetio-je-porodicu-skarep-dobio-je-lazne-informacije-iz-pu-tutin-i-izvinuo-se-za-svoje-izjave\/#breadcrumb","itemListElement":[{"@type":"ListItem","position":1,"name":"Home","item":"https:\/\/sandzakpress.net\/arhiva\/"},{"@type":"ListItem","position":2,"name":"Baki\u0107: Ministar Stefanovi\u0107 posjetio je porodicu Skarep! Dobio je la\u017ene informacije iz PU Tutin i izvinio se za svoje izjave!"}]},{"@type":"WebSite","@id":"https:\/\/sandzakpress.net\/arhiva\/#website","url":"https:\/\/sandzakpress.net\/arhiva\/","name":"Sand\u017eak PRESS","description":"Prve elektronske novine u Sand\u017eaku","publisher":{"@id":"https:\/\/sandzakpress.net\/arhiva\/#\/schema\/person\/6e72b67d6e51910a1117b3b483ba20bd"},"potentialAction":[{"@type":"SearchAction","target":{"@type":"EntryPoint","urlTemplate":"https:\/\/sandzakpress.net\/arhiva\/?s={search_term_string}"},"query-input":{"@type":"PropertyValueSpecification","valueRequired":true,"valueName":"search_term_string"}}],"inLanguage":"bs-BA"},{"@type":["Person","Organization"],"@id":"https:\/\/sandzakpress.net\/arhiva\/#\/schema\/person\/6e72b67d6e51910a1117b3b483ba20bd","name":"Kul","image":{"@type":"ImageObject","inLanguage":"bs-BA","@id":"https:\/\/sandzakpress.net\/arhiva\/#\/schema\/person\/image\/","url":"https:\/\/secure.gravatar.com\/avatar\/42263f39aa27ac04c43cab85c280eb2e?s=96&d=mm&r=pg","contentUrl":"https:\/\/secure.gravatar.com\/avatar\/42263f39aa27ac04c43cab85c280eb2e?s=96&d=mm&r=pg","caption":"Kul"},"logo":{"@id":"https:\/\/sandzakpress.net\/arhiva\/#\/schema\/person\/image\/"}},{"@type":"Person","@id":"https:\/\/sandzakpress.net\/arhiva\/#\/schema\/person\/cb59d7e3ab91ab90dd680ad0305a6185","name":"Agencija","image":{"@type":"ImageObject","inLanguage":"bs-BA","@id":"https:\/\/sandzakpress.net\/arhiva\/#\/schema\/person\/image\/","url":"https:\/\/secure.gravatar.com\/avatar\/4b7fafa80a22f0c2afe23966b3961fe0?s=96&d=mm&r=pg","contentUrl":"https:\/\/secure.gravatar.com\/avatar\/4b7fafa80a22f0c2afe23966b3961fe0?s=96&d=mm&r=pg","caption":"Agencija"},"url":"https:\/\/sandzakpress.net\/arhiva\/author\/agencija\/"}]}},"_links":{"self":[{"href":"https:\/\/sandzakpress.net\/arhiva\/wp-json\/wp\/v2\/posts\/197829"}],"collection":[{"href":"https:\/\/sandzakpress.net\/arhiva\/wp-json\/wp\/v2\/posts"}],"about":[{"href":"https:\/\/sandzakpress.net\/arhiva\/wp-json\/wp\/v2\/types\/post"}],"author":[{"embeddable":true,"href":"https:\/\/sandzakpress.net\/arhiva\/wp-json\/wp\/v2\/users\/509"}],"replies":[{"embeddable":true,"href":"https:\/\/sandzakpress.net\/arhiva\/wp-json\/wp\/v2\/comments?post=197829"}],"version-history":[{"count":0,"href":"https:\/\/sandzakpress.net\/arhiva\/wp-json\/wp\/v2\/posts\/197829\/revisions"}],"wp:featuredmedia":[{"embeddable":true,"href":"https:\/\/sandzakpress.net\/arhiva\/wp-json\/wp\/v2\/media\/197830"}],"wp:attachment":[{"href":"https:\/\/sandzakpress.net\/arhiva\/wp-json\/wp\/v2\/media?parent=197829"}],"wp:term":[{"taxonomy":"category","embeddable":true,"href":"https:\/\/sandzakpress.net\/arhiva\/wp-json\/wp\/v2\/categories?post=197829"},{"taxonomy":"post_tag","embeddable":true,"href":"https:\/\/sandzakpress.net\/arhiva\/wp-json\/wp\/v2\/tags?post=197829"}],"curies":[{"name":"wp","href":"https:\/\/api.w.org\/{rel}","templated":true}]}}