{"id":197742,"date":"2017-10-30T20:57:10","date_gmt":"2017-10-30T19:57:10","guid":{"rendered":"https:\/\/sandzakpress.net\/arhiva\/?p=197742"},"modified":"2017-10-31T12:45:08","modified_gmt":"2017-10-31T11:45:08","slug":"cetiri-dzamije-se-vratile-u-sistem-legitimne-iz-miris-jedinstva-se-osjeca","status":"publish","type":"post","link":"https:\/\/sandzakpress.net\/arhiva\/%3Fp%3D197742","title":{"rendered":"\u010cetiri d\u017eamije se vratile u sistem legitimne IZ &#8211; MIRIS JEDINSTVA SE OSJE\u0106A!"},"content":{"rendered":"<p><img loading=\"lazy\" decoding=\"async\" class=\"aligncenter size-large wp-image-197743\" src=\"https:\/\/sandzakpress.net\/arhiva\/wp-content\/uploads\/2017\/10\/dzamije-se-vracaju-616x347.jpg\" alt=\"\" width=\"616\" height=\"347\" srcset=\"https:\/\/sandzakpress.net\/arhiva\/wp-content\/uploads\/2017\/10\/dzamije-se-vracaju-616x347.jpg 616w, https:\/\/sandzakpress.net\/arhiva\/wp-content\/uploads\/2017\/10\/dzamije-se-vracaju-768x432.jpg 768w, https:\/\/sandzakpress.net\/arhiva\/wp-content\/uploads\/2017\/10\/dzamije-se-vracaju.jpg 1920w\" sizes=\"(max-width: 616px) 100vw, 616px\" \/> Godina 2017. je jako beri\u0107etna kada je u pitanju vra\u0107anje jedinstva Islamske zajednice u Srbiji. Samo ove godine su vra\u0107ene \u010detiri d\u017eamije. Tri u Novom Pazaru, d\u017eemati Varevo, Pobr\u0111e i Go\u0161evo i centralna d\u017eamija u Brodarevu.<\/p>\n<p>Kako ekskluzivno saznajemo, vode se razgovori sa jo\u0161 tri d\u017eemata koja se pripremaju da se vrate jedinoj legalnoj i legitimnoj Islamskoj zajednici, kako je to bilo prije 2007. godine. U nekim d\u017eamijama, d\u017eemati su se vratili, na \u010delu sa svojim imamima, dok je u nekim d\u017eamijama d\u017eemat smijenio imame, jer su osporavali \u017eelju d\u017eemata.<\/p>\n<p>Statistika o kontroli d\u017eamija u Novom Pazaru je 2007. godine bila na \u0161tetu Islamske zajednice. Tre\u0107ina d\u017eamija, od 30, 10 se ocijepilo od Islamske zajednice. Me\u0111utim, danas je statistika vi\u0161e nego pora\u017eavaju\u0107a za pu\u010diste. Legalna Islamska zajednica broji ta\u010dno 50 d\u017eamija (30 gradskih i 20 seoskih), dok paravjerska tvorevina na \u010delu sa Nasufovi\u0107em broji svega\u00a05\u00a0gradskih i 3\u00a0seoske d\u017eamije! Islamska zajednica, na \u010delu sa muftijom Mevlud ef. Dudi\u0107em i reisul ulemom Husein ef. Kavazovi\u0107em, je pozvala sve parad\u017eeamate u Sand\u017eaku da se vrate u legalne i legitimne tokove Islamske zajednice, na \u010delu sa svojim imamima i sva zlodjela u\u010dinjena 2007. godine \u0107e biti halaljena.<\/p>\n<p><strong>\u201eSvi se \u010dvrsto Allahova u\u017eeta dr\u017eite i nikako se ne razjedinjujte! I sjetite se Allahove milosti prema vama kada ste bili jedni drugima neprijatelji, pa je On slo\u017eio srca va\u0161a i vi ste postali, milo\u0161\u0107u Njegovom, prijatelji; i bili ste na ivici vatrene jame, pa vas je On nje spasio. Tako vam Allah obja\u0161njava Svoje dokaze, da biste na Pravom putu istrajali.&#8221; (Ali Imran, 103.)<\/strong> <img loading=\"lazy\" decoding=\"async\" class=\"aligncenter size-large wp-image-197745\" src=\"https:\/\/sandzakpress.net\/arhiva\/wp-content\/uploads\/2017\/10\/viber-image2-5-616x616.jpg\" alt=\"\" width=\"616\" height=\"616\" srcset=\"https:\/\/sandzakpress.net\/arhiva\/wp-content\/uploads\/2017\/10\/viber-image2-5-616x616.jpg 616w, https:\/\/sandzakpress.net\/arhiva\/wp-content\/uploads\/2017\/10\/viber-image2-5-150x150.jpg 150w, https:\/\/sandzakpress.net\/arhiva\/wp-content\/uploads\/2017\/10\/viber-image2-5-768x768.jpg 768w, https:\/\/sandzakpress.net\/arhiva\/wp-content\/uploads\/2017\/10\/viber-image2-5-64x64.jpg 64w, https:\/\/sandzakpress.net\/arhiva\/wp-content\/uploads\/2017\/10\/viber-image2-5-125x125.jpg 125w, https:\/\/sandzakpress.net\/arhiva\/wp-content\/uploads\/2017\/10\/viber-image2-5.jpg 960w\" sizes=\"(max-width: 616px) 100vw, 616px\" \/><\/p>\n<p style=\"text-align: center;\"><strong>Varevo &#8211; Novi Pazar<\/strong><\/p>\n<p style=\"text-align: center;\"><img loading=\"lazy\" decoding=\"async\" class=\"aligncenter size-large wp-image-197746\" src=\"https:\/\/sandzakpress.net\/arhiva\/wp-content\/uploads\/2017\/10\/viber-image3-1-616x882.jpg\" alt=\"\" width=\"616\" height=\"882\" srcset=\"https:\/\/sandzakpress.net\/arhiva\/wp-content\/uploads\/2017\/10\/viber-image3-1-616x882.jpg 616w, https:\/\/sandzakpress.net\/arhiva\/wp-content\/uploads\/2017\/10\/viber-image3-1-768x1100.jpg 768w, https:\/\/sandzakpress.net\/arhiva\/wp-content\/uploads\/2017\/10\/viber-image3-1.jpg 853w\" sizes=\"(max-width: 616px) 100vw, 616px\" \/><\/p>\n<p style=\"text-align: center;\"><strong>Brodarevo<\/strong> <img loading=\"lazy\" decoding=\"async\" class=\"aligncenter size-large wp-image-197747\" src=\"https:\/\/sandzakpress.net\/arhiva\/wp-content\/uploads\/2017\/10\/viber-image4-616x821.jpg\" alt=\"\" width=\"616\" height=\"821\" srcset=\"https:\/\/sandzakpress.net\/arhiva\/wp-content\/uploads\/2017\/10\/viber-image4-616x821.jpg 616w, https:\/\/sandzakpress.net\/arhiva\/wp-content\/uploads\/2017\/10\/viber-image4.jpg 720w\" sizes=\"(max-width: 616px) 100vw, 616px\" \/><\/p>\n<p style=\"text-align: center;\"><strong>Pobr\u0111e- Novi Pazar<\/strong><\/p>\n<p><img loading=\"lazy\" decoding=\"async\" class=\"aligncenter wp-image-197744 size-large\" src=\"https:\/\/sandzakpress.net\/arhiva\/wp-content\/uploads\/2017\/10\/viber-image-14-e1509392718373-616x685.jpg\" alt=\"\" width=\"616\" height=\"685\" srcset=\"https:\/\/sandzakpress.net\/arhiva\/wp-content\/uploads\/2017\/10\/viber-image-14-e1509392718373-616x685.jpg 616w, https:\/\/sandzakpress.net\/arhiva\/wp-content\/uploads\/2017\/10\/viber-image-14-e1509392718373-768x853.jpg 768w, https:\/\/sandzakpress.net\/arhiva\/wp-content\/uploads\/2017\/10\/viber-image-14-e1509392718373.jpg 953w\" sizes=\"(max-width: 616px) 100vw, 616px\" \/><\/p>\n<p style=\"text-align: center;\"><strong>Go\u0161evo &#8211; Novi Pazar<\/strong><\/p>\n","protected":false},"excerpt":{"rendered":"<p>Godina 2017. je jako beri\u0107etna kada je u pitanju vra\u0107anje jedinstva Islamske zajednice u Srbiji. Samo ove godine su vra\u0107ene \u010detiri d\u017eamije. Tri u Novom Pazaru, d\u017eemati Varevo, Pobr\u0111e i Go\u0161evo i centralna d\u017eamija u Brodarevu. Kako ekskluzivno saznajemo, vode se razgovori sa jo\u0161 tri d\u017eemata koja se pripremaju da se vrate jedinoj legalnoj i [&hellip;]<\/p>\n","protected":false},"author":83,"featured_media":197748,"comment_status":"open","ping_status":"open","sticky":false,"template":"","format":"standard","meta":{"footnotes":""},"categories":[800,72,52,327,392,393,394,8957],"tags":[],"class_list":{"0":"post-197742","1":"post","2":"type-post","3":"status-publish","4":"format-standard","5":"has-post-thumbnail","7":"category-nacija","8":"category-novi-pazar","9":"category-sjenica","10":"category-tutin","11":"category-prijepolje_","12":"category-priboj","13":"category-nova-varos","14":"category-vijesti-dana"},"yoast_head":"<!-- This site is optimized with the Yoast SEO Premium plugin v23.1 (Yoast SEO v24.9) - https:\/\/yoast.com\/wordpress\/plugins\/seo\/ -->\n<title>\u010cetiri d\u017eamije se vratile u sistem legitimne IZ - MIRIS JEDINSTVA SE OSJE\u0106A!<\/title>\n<meta name=\"robots\" content=\"index, follow, max-snippet:-1, max-image-preview:large, max-video-preview:-1\" \/>\n<link rel=\"canonical\" href=\"https:\/\/sandzakpress.net\/arhiva\/?p=197742\/\" \/>\n<meta property=\"og:locale\" content=\"bs_BA\" \/>\n<meta property=\"og:type\" content=\"article\" \/>\n<meta property=\"og:title\" content=\"\u010cetiri d\u017eamije se vratile u sistem legitimne IZ - MIRIS JEDINSTVA SE OSJE\u0106A!\" \/>\n<meta property=\"og:description\" content=\"Godina 2017. je jako beri\u0107etna kada je u pitanju vra\u0107anje jedinstva Islamske zajednice u Srbiji. Samo ove godine su vra\u0107ene \u010detiri d\u017eamije. Tri u Novom Pazaru, d\u017eemati Varevo, Pobr\u0111e i Go\u0161evo i centralna d\u017eamija u Brodarevu. Kako ekskluzivno saznajemo, vode se razgovori sa jo\u0161 tri d\u017eemata koja se pripremaju da se vrate jedinoj legalnoj i [&hellip;]\" \/>\n<meta property=\"og:url\" content=\"https:\/\/sandzakpress.net\/arhiva\/?p=197742\/\" \/>\n<meta property=\"og:site_name\" content=\"Sand\u017eak PRESS\" \/>\n<meta property=\"article:published_time\" content=\"2017-10-30T19:57:10+00:00\" \/>\n<meta property=\"article:modified_time\" content=\"2017-10-31T11:45:08+00:00\" \/>\n<meta property=\"og:image\" content=\"https:\/\/sandzakpress.net\/arhiva\/wp-content\/uploads\/2017\/10\/dzamije-se-vracaju-616x347-1.jpg\" \/>\n\t<meta property=\"og:image:width\" content=\"616\" \/>\n\t<meta property=\"og:image:height\" content=\"347\" \/>\n\t<meta property=\"og:image:type\" content=\"image\/jpeg\" \/>\n<meta name=\"author\" content=\"bosniak\" \/>\n<meta name=\"twitter:card\" content=\"summary_large_image\" \/>\n<meta name=\"twitter:label1\" content=\"Written by\" \/>\n\t<meta name=\"twitter:data1\" content=\"bosniak\" \/>\n\t<meta name=\"twitter:label2\" content=\"Est. reading time\" \/>\n\t<meta name=\"twitter:data2\" content=\"1 minuta\" \/>\n<script type=\"application\/ld+json\" class=\"yoast-schema-graph\">{\"@context\":\"https:\/\/schema.org\",\"@graph\":[{\"@type\":\"Article\",\"@id\":\"https:\/\/sandzakpress.net\/arhiva\/%3Fp%3D197742\/#article\",\"isPartOf\":{\"@id\":\"https:\/\/sandzakpress.net\/arhiva\/%3Fp%3D197742\/\"},\"author\":{\"name\":\"bosniak\",\"@id\":\"https:\/\/sandzakpress.net\/arhiva\/#\/schema\/person\/c8baee722073534b583ea7bdb2e36c02\"},\"headline\":\"\u010cetiri d\u017eamije se vratile u sistem legitimne IZ &#8211; MIRIS JEDINSTVA SE OSJE\u0106A!\",\"datePublished\":\"2017-10-30T19:57:10+00:00\",\"dateModified\":\"2017-10-31T11:45:08+00:00\",\"mainEntityOfPage\":{\"@id\":\"https:\/\/sandzakpress.net\/arhiva\/%3Fp%3D197742\/\"},\"wordCount\":315,\"commentCount\":20,\"publisher\":{\"@id\":\"https:\/\/sandzakpress.net\/arhiva\/#\/schema\/person\/6e72b67d6e51910a1117b3b483ba20bd\"},\"image\":{\"@id\":\"https:\/\/sandzakpress.net\/arhiva\/%3Fp%3D197742\/#primaryimage\"},\"thumbnailUrl\":\"https:\/\/sandzakpress.net\/arhiva\/wp-content\/uploads\/2017\/10\/dzamije-se-vracaju-616x347-1.jpg\",\"articleSection\":[\"Nacija\",\"Novi Pazar\",\"Sjenica\",\"Tutin\",\"Prijepolje\",\"Priboj\",\"Nova Varo\u0161\",\"VIJESTI DANA\"],\"inLanguage\":\"bs-BA\",\"potentialAction\":[{\"@type\":\"CommentAction\",\"name\":\"Comment\",\"target\":[\"https:\/\/sandzakpress.net\/arhiva\/%3Fp%3D197742\/#respond\"]}]},{\"@type\":\"WebPage\",\"@id\":\"https:\/\/sandzakpress.net\/arhiva\/%3Fp%3D197742\/\",\"url\":\"https:\/\/sandzakpress.net\/arhiva\/%3Fp%3D197742\/\",\"name\":\"\u010cetiri d\u017eamije se vratile u sistem legitimne IZ - MIRIS JEDINSTVA SE OSJE\u0106A!\",\"isPartOf\":{\"@id\":\"https:\/\/sandzakpress.net\/arhiva\/#website\"},\"primaryImageOfPage\":{\"@id\":\"https:\/\/sandzakpress.net\/arhiva\/%3Fp%3D197742\/#primaryimage\"},\"image\":{\"@id\":\"https:\/\/sandzakpress.net\/arhiva\/%3Fp%3D197742\/#primaryimage\"},\"thumbnailUrl\":\"https:\/\/sandzakpress.net\/arhiva\/wp-content\/uploads\/2017\/10\/dzamije-se-vracaju-616x347-1.jpg\",\"datePublished\":\"2017-10-30T19:57:10+00:00\",\"dateModified\":\"2017-10-31T11:45:08+00:00\",\"breadcrumb\":{\"@id\":\"https:\/\/sandzakpress.net\/arhiva\/%3Fp%3D197742\/#breadcrumb\"},\"inLanguage\":\"bs-BA\",\"potentialAction\":[{\"@type\":\"ReadAction\",\"target\":[\"https:\/\/sandzakpress.net\/arhiva\/%3Fp%3D197742\/\"]}]},{\"@type\":\"ImageObject\",\"inLanguage\":\"bs-BA\",\"@id\":\"https:\/\/sandzakpress.net\/arhiva\/%3Fp%3D197742\/#primaryimage\",\"url\":\"https:\/\/sandzakpress.net\/arhiva\/wp-content\/uploads\/2017\/10\/dzamije-se-vracaju-616x347-1.jpg\",\"contentUrl\":\"https:\/\/sandzakpress.net\/arhiva\/wp-content\/uploads\/2017\/10\/dzamije-se-vracaju-616x347-1.jpg\",\"width\":616,\"height\":347},{\"@type\":\"BreadcrumbList\",\"@id\":\"https:\/\/sandzakpress.net\/arhiva\/%3Fp%3D197742\/#breadcrumb\",\"itemListElement\":[{\"@type\":\"ListItem\",\"position\":1,\"name\":\"Home\",\"item\":\"https:\/\/sandzakpress.net\/arhiva\/\"},{\"@type\":\"ListItem\",\"position\":2,\"name\":\"\u010cetiri d\u017eamije se vratile u sistem legitimne IZ &#8211; MIRIS JEDINSTVA SE OSJE\u0106A!\"}]},{\"@type\":\"WebSite\",\"@id\":\"https:\/\/sandzakpress.net\/arhiva\/#website\",\"url\":\"https:\/\/sandzakpress.net\/arhiva\/\",\"name\":\"Sand\u017eak PRESS\",\"description\":\"Prve elektronske novine u Sand\u017eaku\",\"publisher\":{\"@id\":\"https:\/\/sandzakpress.net\/arhiva\/#\/schema\/person\/6e72b67d6e51910a1117b3b483ba20bd\"},\"potentialAction\":[{\"@type\":\"SearchAction\",\"target\":{\"@type\":\"EntryPoint\",\"urlTemplate\":\"https:\/\/sandzakpress.net\/arhiva\/?s={search_term_string}\"},\"query-input\":{\"@type\":\"PropertyValueSpecification\",\"valueRequired\":true,\"valueName\":\"search_term_string\"}}],\"inLanguage\":\"bs-BA\"},{\"@type\":[\"Person\",\"Organization\"],\"@id\":\"https:\/\/sandzakpress.net\/arhiva\/#\/schema\/person\/6e72b67d6e51910a1117b3b483ba20bd\",\"name\":\"Kul\",\"image\":{\"@type\":\"ImageObject\",\"inLanguage\":\"bs-BA\",\"@id\":\"https:\/\/sandzakpress.net\/arhiva\/#\/schema\/person\/image\/\",\"url\":\"https:\/\/secure.gravatar.com\/avatar\/42263f39aa27ac04c43cab85c280eb2e?s=96&d=mm&r=pg\",\"contentUrl\":\"https:\/\/secure.gravatar.com\/avatar\/42263f39aa27ac04c43cab85c280eb2e?s=96&d=mm&r=pg\",\"caption\":\"Kul\"},\"logo\":{\"@id\":\"https:\/\/sandzakpress.net\/arhiva\/#\/schema\/person\/image\/\"}},{\"@type\":\"Person\",\"@id\":\"https:\/\/sandzakpress.net\/arhiva\/#\/schema\/person\/c8baee722073534b583ea7bdb2e36c02\",\"name\":\"bosniak\",\"image\":{\"@type\":\"ImageObject\",\"inLanguage\":\"bs-BA\",\"@id\":\"https:\/\/sandzakpress.net\/arhiva\/#\/schema\/person\/image\/\",\"url\":\"https:\/\/secure.gravatar.com\/avatar\/a04fd330bfe3a36a72a0ad4a6d89fca7?s=96&d=mm&r=pg\",\"contentUrl\":\"https:\/\/secure.gravatar.com\/avatar\/a04fd330bfe3a36a72a0ad4a6d89fca7?s=96&d=mm&r=pg\",\"caption\":\"bosniak\"},\"url\":\"https:\/\/sandzakpress.net\/arhiva\/author\/bosniak\/\"}]}<\/script>\n<!-- \/ Yoast SEO Premium plugin. -->","yoast_head_json":{"title":"\u010cetiri d\u017eamije se vratile u sistem legitimne IZ - MIRIS JEDINSTVA SE OSJE\u0106A!","robots":{"index":"index","follow":"follow","max-snippet":"max-snippet:-1","max-image-preview":"max-image-preview:large","max-video-preview":"max-video-preview:-1"},"canonical":"https:\/\/sandzakpress.net\/arhiva\/?p=197742\/","og_locale":"bs_BA","og_type":"article","og_title":"\u010cetiri d\u017eamije se vratile u sistem legitimne IZ - MIRIS JEDINSTVA SE OSJE\u0106A!","og_description":"Godina 2017. je jako beri\u0107etna kada je u pitanju vra\u0107anje jedinstva Islamske zajednice u Srbiji. Samo ove godine su vra\u0107ene \u010detiri d\u017eamije. Tri u Novom Pazaru, d\u017eemati Varevo, Pobr\u0111e i Go\u0161evo i centralna d\u017eamija u Brodarevu. Kako ekskluzivno saznajemo, vode se razgovori sa jo\u0161 tri d\u017eemata koja se pripremaju da se vrate jedinoj legalnoj i [&hellip;]","og_url":"https:\/\/sandzakpress.net\/arhiva\/?p=197742\/","og_site_name":"Sand\u017eak PRESS","article_published_time":"2017-10-30T19:57:10+00:00","article_modified_time":"2017-10-31T11:45:08+00:00","og_image":[{"width":616,"height":347,"url":"https:\/\/sandzakpress.net\/arhiva\/wp-content\/uploads\/2017\/10\/dzamije-se-vracaju-616x347-1.jpg","type":"image\/jpeg"}],"author":"bosniak","twitter_card":"summary_large_image","twitter_misc":{"Written by":"bosniak","Est. reading time":"1 minuta"},"schema":{"@context":"https:\/\/schema.org","@graph":[{"@type":"Article","@id":"https:\/\/sandzakpress.net\/arhiva\/%3Fp%3D197742\/#article","isPartOf":{"@id":"https:\/\/sandzakpress.net\/arhiva\/%3Fp%3D197742\/"},"author":{"name":"bosniak","@id":"https:\/\/sandzakpress.net\/arhiva\/#\/schema\/person\/c8baee722073534b583ea7bdb2e36c02"},"headline":"\u010cetiri d\u017eamije se vratile u sistem legitimne IZ &#8211; MIRIS JEDINSTVA SE OSJE\u0106A!","datePublished":"2017-10-30T19:57:10+00:00","dateModified":"2017-10-31T11:45:08+00:00","mainEntityOfPage":{"@id":"https:\/\/sandzakpress.net\/arhiva\/%3Fp%3D197742\/"},"wordCount":315,"commentCount":20,"publisher":{"@id":"https:\/\/sandzakpress.net\/arhiva\/#\/schema\/person\/6e72b67d6e51910a1117b3b483ba20bd"},"image":{"@id":"https:\/\/sandzakpress.net\/arhiva\/%3Fp%3D197742\/#primaryimage"},"thumbnailUrl":"https:\/\/sandzakpress.net\/arhiva\/wp-content\/uploads\/2017\/10\/dzamije-se-vracaju-616x347-1.jpg","articleSection":["Nacija","Novi Pazar","Sjenica","Tutin","Prijepolje","Priboj","Nova Varo\u0161","VIJESTI DANA"],"inLanguage":"bs-BA","potentialAction":[{"@type":"CommentAction","name":"Comment","target":["https:\/\/sandzakpress.net\/arhiva\/%3Fp%3D197742\/#respond"]}]},{"@type":"WebPage","@id":"https:\/\/sandzakpress.net\/arhiva\/%3Fp%3D197742\/","url":"https:\/\/sandzakpress.net\/arhiva\/%3Fp%3D197742\/","name":"\u010cetiri d\u017eamije se vratile u sistem legitimne IZ - MIRIS JEDINSTVA SE OSJE\u0106A!","isPartOf":{"@id":"https:\/\/sandzakpress.net\/arhiva\/#website"},"primaryImageOfPage":{"@id":"https:\/\/sandzakpress.net\/arhiva\/%3Fp%3D197742\/#primaryimage"},"image":{"@id":"https:\/\/sandzakpress.net\/arhiva\/%3Fp%3D197742\/#primaryimage"},"thumbnailUrl":"https:\/\/sandzakpress.net\/arhiva\/wp-content\/uploads\/2017\/10\/dzamije-se-vracaju-616x347-1.jpg","datePublished":"2017-10-30T19:57:10+00:00","dateModified":"2017-10-31T11:45:08+00:00","breadcrumb":{"@id":"https:\/\/sandzakpress.net\/arhiva\/%3Fp%3D197742\/#breadcrumb"},"inLanguage":"bs-BA","potentialAction":[{"@type":"ReadAction","target":["https:\/\/sandzakpress.net\/arhiva\/%3Fp%3D197742\/"]}]},{"@type":"ImageObject","inLanguage":"bs-BA","@id":"https:\/\/sandzakpress.net\/arhiva\/%3Fp%3D197742\/#primaryimage","url":"https:\/\/sandzakpress.net\/arhiva\/wp-content\/uploads\/2017\/10\/dzamije-se-vracaju-616x347-1.jpg","contentUrl":"https:\/\/sandzakpress.net\/arhiva\/wp-content\/uploads\/2017\/10\/dzamije-se-vracaju-616x347-1.jpg","width":616,"height":347},{"@type":"BreadcrumbList","@id":"https:\/\/sandzakpress.net\/arhiva\/%3Fp%3D197742\/#breadcrumb","itemListElement":[{"@type":"ListItem","position":1,"name":"Home","item":"https:\/\/sandzakpress.net\/arhiva\/"},{"@type":"ListItem","position":2,"name":"\u010cetiri d\u017eamije se vratile u sistem legitimne IZ &#8211; MIRIS JEDINSTVA SE OSJE\u0106A!"}]},{"@type":"WebSite","@id":"https:\/\/sandzakpress.net\/arhiva\/#website","url":"https:\/\/sandzakpress.net\/arhiva\/","name":"Sand\u017eak PRESS","description":"Prve elektronske novine u Sand\u017eaku","publisher":{"@id":"https:\/\/sandzakpress.net\/arhiva\/#\/schema\/person\/6e72b67d6e51910a1117b3b483ba20bd"},"potentialAction":[{"@type":"SearchAction","target":{"@type":"EntryPoint","urlTemplate":"https:\/\/sandzakpress.net\/arhiva\/?s={search_term_string}"},"query-input":{"@type":"PropertyValueSpecification","valueRequired":true,"valueName":"search_term_string"}}],"inLanguage":"bs-BA"},{"@type":["Person","Organization"],"@id":"https:\/\/sandzakpress.net\/arhiva\/#\/schema\/person\/6e72b67d6e51910a1117b3b483ba20bd","name":"Kul","image":{"@type":"ImageObject","inLanguage":"bs-BA","@id":"https:\/\/sandzakpress.net\/arhiva\/#\/schema\/person\/image\/","url":"https:\/\/secure.gravatar.com\/avatar\/42263f39aa27ac04c43cab85c280eb2e?s=96&d=mm&r=pg","contentUrl":"https:\/\/secure.gravatar.com\/avatar\/42263f39aa27ac04c43cab85c280eb2e?s=96&d=mm&r=pg","caption":"Kul"},"logo":{"@id":"https:\/\/sandzakpress.net\/arhiva\/#\/schema\/person\/image\/"}},{"@type":"Person","@id":"https:\/\/sandzakpress.net\/arhiva\/#\/schema\/person\/c8baee722073534b583ea7bdb2e36c02","name":"bosniak","image":{"@type":"ImageObject","inLanguage":"bs-BA","@id":"https:\/\/sandzakpress.net\/arhiva\/#\/schema\/person\/image\/","url":"https:\/\/secure.gravatar.com\/avatar\/a04fd330bfe3a36a72a0ad4a6d89fca7?s=96&d=mm&r=pg","contentUrl":"https:\/\/secure.gravatar.com\/avatar\/a04fd330bfe3a36a72a0ad4a6d89fca7?s=96&d=mm&r=pg","caption":"bosniak"},"url":"https:\/\/sandzakpress.net\/arhiva\/author\/bosniak\/"}]}},"_links":{"self":[{"href":"https:\/\/sandzakpress.net\/arhiva\/wp-json\/wp\/v2\/posts\/197742"}],"collection":[{"href":"https:\/\/sandzakpress.net\/arhiva\/wp-json\/wp\/v2\/posts"}],"about":[{"href":"https:\/\/sandzakpress.net\/arhiva\/wp-json\/wp\/v2\/types\/post"}],"author":[{"embeddable":true,"href":"https:\/\/sandzakpress.net\/arhiva\/wp-json\/wp\/v2\/users\/83"}],"replies":[{"embeddable":true,"href":"https:\/\/sandzakpress.net\/arhiva\/wp-json\/wp\/v2\/comments?post=197742"}],"version-history":[{"count":0,"href":"https:\/\/sandzakpress.net\/arhiva\/wp-json\/wp\/v2\/posts\/197742\/revisions"}],"wp:featuredmedia":[{"embeddable":true,"href":"https:\/\/sandzakpress.net\/arhiva\/wp-json\/wp\/v2\/media\/197748"}],"wp:attachment":[{"href":"https:\/\/sandzakpress.net\/arhiva\/wp-json\/wp\/v2\/media?parent=197742"}],"wp:term":[{"taxonomy":"category","embeddable":true,"href":"https:\/\/sandzakpress.net\/arhiva\/wp-json\/wp\/v2\/categories?post=197742"},{"taxonomy":"post_tag","embeddable":true,"href":"https:\/\/sandzakpress.net\/arhiva\/wp-json\/wp\/v2\/tags?post=197742"}],"curies":[{"name":"wp","href":"https:\/\/api.w.org\/{rel}","templated":true}]}}